{"id":33965,"date":"2021-10-03T07:06:33","date_gmt":"2021-10-03T11:06:33","guid":{"rendered":"https:\/\/www.eldiario.net\/portal\/?p=33965"},"modified":"2021-10-03T07:06:33","modified_gmt":"2021-10-03T11:06:33","slug":"amplian-detencion-preventiva-de-anez","status":"publish","type":"post","link":"https:\/\/www.eldiario.net\/portal\/2021\/10\/03\/amplian-detencion-preventiva-de-anez\/","title":{"rendered":"Ampl\u00edan detenci\u00f3n  preventiva de A\u00f1ez"},"content":{"rendered":"<p>El Juzgado D\u00e9cimo de Instrucci\u00f3n en lo Penal de La Paz ampli\u00f3 por cinco meses m\u00e1s el tiempo de detenci\u00f3n preventiva de la expresidente Jeanine A\u00f1ez y dos exministros por el caso denominado \u201cgolpe de Estado I\u201d por los delitos de terrorismo, sedici\u00f3n y conspiraci\u00f3n.<br \/>\nLa medida judicial solicitada por el Ministerio P\u00fablico afecta tambi\u00e9n al exministro de Justicia \u00c1lvaro Coimbra y de Energ\u00edas Rodrigo Guzm\u00e1n, quienes deber\u00e1n permanecer detenidos en la c\u00e1rcel de San Pedro de La Paz.<br \/>\nEl abogado de la defensa Luis Guill\u00e9n explic\u00f3 que ante la solicitud de la Fiscal\u00eda de ampliar por seis meses m\u00e1s, la autoridad judicial deneg\u00f3 el pedido tanto al Ministerio P\u00fablico como las otras partes (Procuradur\u00eda General del Estado y Ministerio de Justicia) y se estableci\u00f3 cinco meses para las tres exautoridades.<br \/>\nEl juez Armando Zeballos determin\u00f3 que esta medida se cumpla en el penal de Miraflores en el caso de A\u00f1ez y en San Pedro para las otras dos exautoridades.<br \/>\nLa defensa de la exmandataria lament\u00f3 que el juez Zeballos no haya tomado en cuenta el delicado estado de salud, por el que atraviesa la exmandataria y se d\u00e9 curso a una negligencia por parte de la Fiscal\u00eda.<br \/>\n\u201cLamentablemente el juez determin\u00f3 ampliar la detenci\u00f3n preventiva de la expresidenta Jeanine A\u00f1ez por cinco meses m\u00e1s. La autoridad jurisdiccional cubre esta negligencia por parte del Ministerio P\u00fablico, socapa esta medida y es cuestionable que no se tome en cuenta el estado de salud de la exmandataria\u201d, manifest\u00f3.<br \/>\nPor su parte, el abogado Marcelo Valdez, quien representa a la exdiputada Lidia Patty, anunci\u00f3 que se apelar\u00e1 esta determinaci\u00f3n, porque la petici\u00f3n inicial fue por el lapso de seis meses. \u201cTenemos 72 horas porque consideramos que deber\u00edan ser seis meses m\u00e1s esta ampliaci\u00f3n\u201d, indic\u00f3.<br \/>\nLa audiencia que inicialmente fue convocada para el pasado viernes 01 de octubre tuvo que ser suspendida por una descompensaci\u00f3n en la salud de A\u00f1ez, por lo que tras su reinstalaci\u00f3n, el s\u00e1bado, se confirm\u00f3 esta ampliaci\u00f3n.<br \/>\nDesde redes sociales, Carolina Ribera, hija de A\u00f1ez, rechaz\u00f3 la determinaci\u00f3n de esta instancia y se\u00f1al\u00f3 que carece de fundamentos jur\u00eddicos y se ampl\u00eda la detenci\u00f3n de A\u00f1ez de forma ilegal.<br \/>\n\u201cEl juez Armando Zeballos emite una resoluci\u00f3n sin evidencias, sin normativas que la amparan, sin decir ning\u00fan tipo de criterio jur\u00eddico, sin pruebas y sin especificar qu\u00e9 tipos de actuados tienen que realizar el Ministerio P\u00fablico para as\u00ed seguir ampliando de forma ilegal la detenci\u00f3n preventiva de mi madre\u201d, indic\u00f3.<br \/>\nDe la misma forma, denunci\u00f3 que la salud de su madre empeora y que tras los recientes actos judiciales sufre de mayores afecciones, por lo que responsabiliz\u00f3 al Gobierno y al sistema judicial en caso de que ocurra alg\u00fan percance mayor.<br \/>\n\u201cEncontr\u00e9 a mi madre en posici\u00f3n fetal, temblando como una hoja, al borde de la inanici\u00f3n. Seis meses de una prisi\u00f3n pol\u00edtica injusta y el juez la sigue condenando (sobre la) base (de) suposiciones fiscales, sin ninguna prueba. Si muere Jeanine A\u00f1ez, hago responsable al Gobierno y la Justicia\u201d.<br \/>\nEl proceso por el supuesto golpe de Estado en 2019 ahora se extendi\u00f3 al gobernador del departamento de Santa Cruz, Fernando Camacho, y su padre, quienes junto a otros representantes de oposici\u00f3n, deber\u00e1n presentarse a declarar por este caso en la sede de Gobierno.<br \/>\nAun se espera que la Comisi\u00f3n Interamericana de Derechos Humanos emita un pronunciamiento concediendo o denegando medidas cautelares en favor de A\u00f1ez.<\/p>\n","protected":false},"excerpt":{"rendered":"<p>El Juzgado D\u00e9cimo de Instrucci\u00f3n en lo Penal de La Paz ampli\u00f3 por cinco meses m\u00e1s el tiempo de detenci\u00f3n preventiva de la expresidente Jeanine A\u00f1ez y dos exministros por el caso denominado \u201cgolpe de Estado I\u201d por los delitos de terrorismo, sedici\u00f3n y conspiraci\u00f3n. La medida judicial solicitada por el Ministerio P\u00fablico afecta tambi\u00e9n [&hellip;]<\/p>\n","protected":false},"author":1,"featured_media":33966,"comment_status":"closed","ping_status":"closed","sticky":false,"template":"","format":"standard","meta":{"_acf_changed":false,"footnotes":""},"categories":[39],"tags":[],"class_list":["post-33965","post","type-post","status-publish","format-standard","has-post-thumbnail","category-sociedad"],"acf":{"antetitulo":""},"yoast_head":"<!-- This site is optimized with the Yoast SEO plugin v28.4 - https:\/\/yoast.com\/product\/yoast-seo-wordpress\/ -->\n<title>Ampl\u00edan detenci\u00f3n preventiva de A\u00f1ez - El Diario - Bolivia<\/title>\n<meta name=\"robots\" content=\"index, follow, max-snippet:-1, max-image-preview:large, max-video-preview:-1\" \/>\n<link rel=\"canonical\" href=\"https:\/\/www.eldiario.net\/portal\/2021\/10\/03\/amplian-detencion-preventiva-de-anez\/\" \/>\n<meta property=\"og:locale\" content=\"es_ES\" \/>\n<meta property=\"og:type\" content=\"article\" \/>\n<meta property=\"og:title\" content=\"Ampl\u00edan detenci\u00f3n preventiva de A\u00f1ez - El Diario - Bolivia\" \/>\n<meta property=\"og:description\" content=\"El Juzgado D\u00e9cimo de Instrucci\u00f3n en lo Penal de La Paz ampli\u00f3 por cinco meses m\u00e1s el tiempo de detenci\u00f3n preventiva de la expresidente Jeanine A\u00f1ez y dos exministros por el caso denominado \u201cgolpe de Estado I\u201d por los delitos de terrorismo, sedici\u00f3n y conspiraci\u00f3n. La medida judicial solicitada por el Ministerio P\u00fablico afecta tambi\u00e9n [&hellip;]\" \/>\n<meta property=\"og:url\" content=\"https:\/\/www.eldiario.net\/portal\/2021\/10\/03\/amplian-detencion-preventiva-de-anez\/\" \/>\n<meta property=\"og:site_name\" content=\"El Diario - Bolivia\" \/>\n<meta property=\"article:publisher\" content=\"https:\/\/www.facebook.com\/eldiario.bolivia\/\" \/>\n<meta property=\"article:published_time\" content=\"2021-10-03T11:06:33+00:00\" \/>\n<meta name=\"author\" content=\"Jeanette\" \/>\n<meta name=\"twitter:card\" content=\"summary_large_image\" \/>\n<meta name=\"twitter:creator\" content=\"@eldiario_net\" \/>\n<meta name=\"twitter:site\" content=\"@eldiario_net\" \/>\n<meta name=\"twitter:label1\" content=\"Escrito por\" \/>\n\t<meta name=\"twitter:data1\" content=\"Jeanette\" \/>\n\t<meta name=\"twitter:label2\" content=\"Tiempo de lectura\" \/>\n\t<meta name=\"twitter:data2\" content=\"3 minutos\" \/>\n<script type=\"application\/ld+json\" class=\"yoast-schema-graph\">{\"@context\":\"https:\\\/\\\/schema.org\",\"@graph\":[{\"@type\":\"Article\",\"@id\":\"https:\\\/\\\/www.eldiario.net\\\/portal\\\/2021\\\/10\\\/03\\\/amplian-detencion-preventiva-de-anez\\\/#article\",\"isPartOf\":{\"@id\":\"https:\\\/\\\/www.eldiario.net\\\/portal\\\/2021\\\/10\\\/03\\\/amplian-detencion-preventiva-de-anez\\\/\"},\"author\":{\"name\":\"Jeanette\",\"@id\":\"https:\\\/\\\/www.eldiario.net\\\/portal\\\/#\\\/schema\\\/person\\\/2c57cf2b7a7ae032e449e4c9b1019eac\"},\"headline\":\"Ampl\u00edan detenci\u00f3n preventiva de A\u00f1ez\",\"datePublished\":\"2021-10-03T11:06:33+00:00\",\"mainEntityOfPage\":{\"@id\":\"https:\\\/\\\/www.eldiario.net\\\/portal\\\/2021\\\/10\\\/03\\\/amplian-detencion-preventiva-de-anez\\\/\"},\"wordCount\":626,\"publisher\":{\"@id\":\"https:\\\/\\\/www.eldiario.net\\\/portal\\\/#organization\"},\"image\":{\"@id\":\"https:\\\/\\\/www.eldiario.net\\\/portal\\\/2021\\\/10\\\/03\\\/amplian-detencion-preventiva-de-anez\\\/#primaryimage\"},\"thumbnailUrl\":\"\",\"articleSection\":[\"Sociedad - Seguridad\"],\"inLanguage\":\"es\"},{\"@type\":\"WebPage\",\"@id\":\"https:\\\/\\\/www.eldiario.net\\\/portal\\\/2021\\\/10\\\/03\\\/amplian-detencion-preventiva-de-anez\\\/\",\"url\":\"https:\\\/\\\/www.eldiario.net\\\/portal\\\/2021\\\/10\\\/03\\\/amplian-detencion-preventiva-de-anez\\\/\",\"name\":\"Ampl\u00edan detenci\u00f3n preventiva de A\u00f1ez - El Diario - Bolivia\",\"isPartOf\":{\"@id\":\"https:\\\/\\\/www.eldiario.net\\\/portal\\\/#website\"},\"primaryImageOfPage\":{\"@id\":\"https:\\\/\\\/www.eldiario.net\\\/portal\\\/2021\\\/10\\\/03\\\/amplian-detencion-preventiva-de-anez\\\/#primaryimage\"},\"image\":{\"@id\":\"https:\\\/\\\/www.eldiario.net\\\/portal\\\/2021\\\/10\\\/03\\\/amplian-detencion-preventiva-de-anez\\\/#primaryimage\"},\"thumbnailUrl\":\"\",\"datePublished\":\"2021-10-03T11:06:33+00:00\",\"breadcrumb\":{\"@id\":\"https:\\\/\\\/www.eldiario.net\\\/portal\\\/2021\\\/10\\\/03\\\/amplian-detencion-preventiva-de-anez\\\/#breadcrumb\"},\"inLanguage\":\"es\",\"potentialAction\":[{\"@type\":\"ReadAction\",\"target\":[\"https:\\\/\\\/www.eldiario.net\\\/portal\\\/2021\\\/10\\\/03\\\/amplian-detencion-preventiva-de-anez\\\/\"]}]},{\"@type\":\"ImageObject\",\"inLanguage\":\"es\",\"@id\":\"https:\\\/\\\/www.eldiario.net\\\/portal\\\/2021\\\/10\\\/03\\\/amplian-detencion-preventiva-de-anez\\\/#primaryimage\",\"url\":\"\",\"contentUrl\":\"\"},{\"@type\":\"BreadcrumbList\",\"@id\":\"https:\\\/\\\/www.eldiario.net\\\/portal\\\/2021\\\/10\\\/03\\\/amplian-detencion-preventiva-de-anez\\\/#breadcrumb\",\"itemListElement\":[{\"@type\":\"ListItem\",\"position\":1,\"name\":\"Portada\",\"item\":\"https:\\\/\\\/www.eldiario.net\\\/portal\\\/\"},{\"@type\":\"ListItem\",\"position\":2,\"name\":\"Ampl\u00edan detenci\u00f3n preventiva de A\u00f1ez\"}]},{\"@type\":\"WebSite\",\"@id\":\"https:\\\/\\\/www.eldiario.net\\\/portal\\\/#website\",\"url\":\"https:\\\/\\\/www.eldiario.net\\\/portal\\\/\",\"name\":\"El Diario - Decano de la prensa nacional\",\"description\":\"El Diario - Decano de la prensa nacional\",\"publisher\":{\"@id\":\"https:\\\/\\\/www.eldiario.net\\\/portal\\\/#organization\"},\"potentialAction\":[{\"@type\":\"SearchAction\",\"target\":{\"@type\":\"EntryPoint\",\"urlTemplate\":\"https:\\\/\\\/www.eldiario.net\\\/portal\\\/?s={search_term_string}\"},\"query-input\":{\"@type\":\"PropertyValueSpecification\",\"valueRequired\":true,\"valueName\":\"search_term_string\"}}],\"inLanguage\":\"es\"},{\"@type\":\"Organization\",\"@id\":\"https:\\\/\\\/www.eldiario.net\\\/portal\\\/#organization\",\"name\":\"El Diario - Decano de la prensa nacional\",\"url\":\"https:\\\/\\\/www.eldiario.net\\\/portal\\\/\",\"logo\":{\"@type\":\"ImageObject\",\"inLanguage\":\"es\",\"@id\":\"https:\\\/\\\/www.eldiario.net\\\/portal\\\/#\\\/schema\\\/logo\\\/image\\\/\",\"url\":\"https:\\\/\\\/www.eldiario.net\\\/portal\\\/wp-content\\\/uploads\\\/2023\\\/07\\\/logo_ED.jpg\",\"contentUrl\":\"https:\\\/\\\/www.eldiario.net\\\/portal\\\/wp-content\\\/uploads\\\/2023\\\/07\\\/logo_ED.jpg\",\"width\":272,\"height\":52,\"caption\":\"El Diario - Decano de la prensa nacional\"},\"image\":{\"@id\":\"https:\\\/\\\/www.eldiario.net\\\/portal\\\/#\\\/schema\\\/logo\\\/image\\\/\"},\"sameAs\":[\"https:\\\/\\\/www.facebook.com\\\/eldiario.bolivia\\\/\",\"https:\\\/\\\/x.com\\\/eldiario_net\"]},{\"@type\":\"Person\",\"@id\":\"https:\\\/\\\/www.eldiario.net\\\/portal\\\/#\\\/schema\\\/person\\\/2c57cf2b7a7ae032e449e4c9b1019eac\",\"name\":\"Jeanette\",\"image\":{\"@type\":\"ImageObject\",\"inLanguage\":\"es\",\"@id\":\"https:\\\/\\\/secure.gravatar.com\\\/avatar\\\/3ea2118a5f7dad2b7138b1187a6b7ee55f160b9968b66013c3a3ef39dd7e5798?s=96&d=mm&r=g\",\"url\":\"https:\\\/\\\/secure.gravatar.com\\\/avatar\\\/3ea2118a5f7dad2b7138b1187a6b7ee55f160b9968b66013c3a3ef39dd7e5798?s=96&d=mm&r=g\",\"contentUrl\":\"https:\\\/\\\/secure.gravatar.com\\\/avatar\\\/3ea2118a5f7dad2b7138b1187a6b7ee55f160b9968b66013c3a3ef39dd7e5798?s=96&d=mm&r=g\",\"caption\":\"Jeanette\"},\"sameAs\":[\"https:\\\/\\\/www.eldiario.net\\\/portal\"],\"url\":\"https:\\\/\\\/www.eldiario.net\\\/portal\\\/author\\\/jeanette\\\/\"}]}<\/script>\n<!-- \/ Yoast SEO plugin. -->","yoast_head_json":{"title":"Ampl\u00edan detenci\u00f3n preventiva de A\u00f1ez - El Diario - Bolivia","robots":{"index":"index","follow":"follow","max-snippet":"max-snippet:-1","max-image-preview":"max-image-preview:large","max-video-preview":"max-video-preview:-1"},"canonical":"https:\/\/www.eldiario.net\/portal\/2021\/10\/03\/amplian-detencion-preventiva-de-anez\/","og_locale":"es_ES","og_type":"article","og_title":"Ampl\u00edan detenci\u00f3n preventiva de A\u00f1ez - El Diario - Bolivia","og_description":"El Juzgado D\u00e9cimo de Instrucci\u00f3n en lo Penal de La Paz ampli\u00f3 por cinco meses m\u00e1s el tiempo de detenci\u00f3n preventiva de la expresidente Jeanine A\u00f1ez y dos exministros por el caso denominado \u201cgolpe de Estado I\u201d por los delitos de terrorismo, sedici\u00f3n y conspiraci\u00f3n. La medida judicial solicitada por el Ministerio P\u00fablico afecta tambi\u00e9n [&hellip;]","og_url":"https:\/\/www.eldiario.net\/portal\/2021\/10\/03\/amplian-detencion-preventiva-de-anez\/","og_site_name":"El Diario - Bolivia","article_publisher":"https:\/\/www.facebook.com\/eldiario.bolivia\/","article_published_time":"2021-10-03T11:06:33+00:00","author":"Jeanette","twitter_card":"summary_large_image","twitter_creator":"@eldiario_net","twitter_site":"@eldiario_net","twitter_misc":{"Escrito por":"Jeanette","Tiempo de lectura":"3 minutos"},"schema":{"@context":"https:\/\/schema.org","@graph":[{"@type":"Article","@id":"https:\/\/www.eldiario.net\/portal\/2021\/10\/03\/amplian-detencion-preventiva-de-anez\/#article","isPartOf":{"@id":"https:\/\/www.eldiario.net\/portal\/2021\/10\/03\/amplian-detencion-preventiva-de-anez\/"},"author":{"name":"Jeanette","@id":"https:\/\/www.eldiario.net\/portal\/#\/schema\/person\/2c57cf2b7a7ae032e449e4c9b1019eac"},"headline":"Ampl\u00edan detenci\u00f3n preventiva de A\u00f1ez","datePublished":"2021-10-03T11:06:33+00:00","mainEntityOfPage":{"@id":"https:\/\/www.eldiario.net\/portal\/2021\/10\/03\/amplian-detencion-preventiva-de-anez\/"},"wordCount":626,"publisher":{"@id":"https:\/\/www.eldiario.net\/portal\/#organization"},"image":{"@id":"https:\/\/www.eldiario.net\/portal\/2021\/10\/03\/amplian-detencion-preventiva-de-anez\/#primaryimage"},"thumbnailUrl":"","articleSection":["Sociedad - Seguridad"],"inLanguage":"es"},{"@type":"WebPage","@id":"https:\/\/www.eldiario.net\/portal\/2021\/10\/03\/amplian-detencion-preventiva-de-anez\/","url":"https:\/\/www.eldiario.net\/portal\/2021\/10\/03\/amplian-detencion-preventiva-de-anez\/","name":"Ampl\u00edan detenci\u00f3n preventiva de A\u00f1ez - El Diario - Bolivia","isPartOf":{"@id":"https:\/\/www.eldiario.net\/portal\/#website"},"primaryImageOfPage":{"@id":"https:\/\/www.eldiario.net\/portal\/2021\/10\/03\/amplian-detencion-preventiva-de-anez\/#primaryimage"},"image":{"@id":"https:\/\/www.eldiario.net\/portal\/2021\/10\/03\/amplian-detencion-preventiva-de-anez\/#primaryimage"},"thumbnailUrl":"","datePublished":"2021-10-03T11:06:33+00:00","breadcrumb":{"@id":"https:\/\/www.eldiario.net\/portal\/2021\/10\/03\/amplian-detencion-preventiva-de-anez\/#breadcrumb"},"inLanguage":"es","potentialAction":[{"@type":"ReadAction","target":["https:\/\/www.eldiario.net\/portal\/2021\/10\/03\/amplian-detencion-preventiva-de-anez\/"]}]},{"@type":"ImageObject","inLanguage":"es","@id":"https:\/\/www.eldiario.net\/portal\/2021\/10\/03\/amplian-detencion-preventiva-de-anez\/#primaryimage","url":"","contentUrl":""},{"@type":"BreadcrumbList","@id":"https:\/\/www.eldiario.net\/portal\/2021\/10\/03\/amplian-detencion-preventiva-de-anez\/#breadcrumb","itemListElement":[{"@type":"ListItem","position":1,"name":"Portada","item":"https:\/\/www.eldiario.net\/portal\/"},{"@type":"ListItem","position":2,"name":"Ampl\u00edan detenci\u00f3n preventiva de A\u00f1ez"}]},{"@type":"WebSite","@id":"https:\/\/www.eldiario.net\/portal\/#website","url":"https:\/\/www.eldiario.net\/portal\/","name":"El Diario - Decano de la prensa nacional","description":"El Diario - Decano de la prensa nacional","publisher":{"@id":"https:\/\/www.eldiario.net\/portal\/#organization"},"potentialAction":[{"@type":"SearchAction","target":{"@type":"EntryPoint","urlTemplate":"https:\/\/www.eldiario.net\/portal\/?s={search_term_string}"},"query-input":{"@type":"PropertyValueSpecification","valueRequired":true,"valueName":"search_term_string"}}],"inLanguage":"es"},{"@type":"Organization","@id":"https:\/\/www.eldiario.net\/portal\/#organization","name":"El Diario - Decano de la prensa nacional","url":"https:\/\/www.eldiario.net\/portal\/","logo":{"@type":"ImageObject","inLanguage":"es","@id":"https:\/\/www.eldiario.net\/portal\/#\/schema\/logo\/image\/","url":"https:\/\/www.eldiario.net\/portal\/wp-content\/uploads\/2023\/07\/logo_ED.jpg","contentUrl":"https:\/\/www.eldiario.net\/portal\/wp-content\/uploads\/2023\/07\/logo_ED.jpg","width":272,"height":52,"caption":"El Diario - Decano de la prensa nacional"},"image":{"@id":"https:\/\/www.eldiario.net\/portal\/#\/schema\/logo\/image\/"},"sameAs":["https:\/\/www.facebook.com\/eldiario.bolivia\/","https:\/\/x.com\/eldiario_net"]},{"@type":"Person","@id":"https:\/\/www.eldiario.net\/portal\/#\/schema\/person\/2c57cf2b7a7ae032e449e4c9b1019eac","name":"Jeanette","image":{"@type":"ImageObject","inLanguage":"es","@id":"https:\/\/secure.gravatar.com\/avatar\/3ea2118a5f7dad2b7138b1187a6b7ee55f160b9968b66013c3a3ef39dd7e5798?s=96&d=mm&r=g","url":"https:\/\/secure.gravatar.com\/avatar\/3ea2118a5f7dad2b7138b1187a6b7ee55f160b9968b66013c3a3ef39dd7e5798?s=96&d=mm&r=g","contentUrl":"https:\/\/secure.gravatar.com\/avatar\/3ea2118a5f7dad2b7138b1187a6b7ee55f160b9968b66013c3a3ef39dd7e5798?s=96&d=mm&r=g","caption":"Jeanette"},"sameAs":["https:\/\/www.eldiario.net\/portal"],"url":"https:\/\/www.eldiario.net\/portal\/author\/jeanette\/"}]}},"_links":{"self":[{"href":"https:\/\/www.eldiario.net\/portal\/wp-json\/wp\/v2\/posts\/33965","targetHints":{"allow":["GET"]}}],"collection":[{"href":"https:\/\/www.eldiario.net\/portal\/wp-json\/wp\/v2\/posts"}],"about":[{"href":"https:\/\/www.eldiario.net\/portal\/wp-json\/wp\/v2\/types\/post"}],"author":[{"embeddable":true,"href":"https:\/\/www.eldiario.net\/portal\/wp-json\/wp\/v2\/users\/1"}],"replies":[{"embeddable":true,"href":"https:\/\/www.eldiario.net\/portal\/wp-json\/wp\/v2\/comments?post=33965"}],"version-history":[{"count":0,"href":"https:\/\/www.eldiario.net\/portal\/wp-json\/wp\/v2\/posts\/33965\/revisions"}],"wp:attachment":[{"href":"https:\/\/www.eldiario.net\/portal\/wp-json\/wp\/v2\/media?parent=33965"}],"wp:term":[{"taxonomy":"category","embeddable":true,"href":"https:\/\/www.eldiario.net\/portal\/wp-json\/wp\/v2\/categories?post=33965"},{"taxonomy":"post_tag","embeddable":true,"href":"https:\/\/www.eldiario.net\/portal\/wp-json\/wp\/v2\/tags?post=33965"}],"curies":[{"name":"wp","href":"https:\/\/api.w.org\/{rel}","templated":true}]}}