{"id":33962,"date":"2021-10-03T07:05:29","date_gmt":"2021-10-03T11:05:29","guid":{"rendered":"https:\/\/www.eldiario.net\/portal\/?p=33962"},"modified":"2021-10-03T07:05:29","modified_gmt":"2021-10-03T11:05:29","slug":"gobierno-ofrece-garantias-al-gobernador-camacho","status":"publish","type":"post","link":"https:\/\/www.eldiario.net\/portal\/2021\/10\/03\/gobierno-ofrece-garantias-al-gobernador-camacho\/","title":{"rendered":"Gobierno ofrece garant\u00edas  al gobernador Camacho"},"content":{"rendered":"<p>Luego de la orden de citaci\u00f3n para que el gobernador cruce\u00f1o, Luis Fernando Camacho, declare en La Paz el 7 de octubre pr\u00f3ximo, en calidad de denunciado por el caso del supuesto \u201cgolpe de Estado\u201d, el Gobierno manifest\u00f3 que tiene todas las garant\u00edas para que se presente en la Fiscal\u00eda pace\u00f1a.<br \/>\n\u201cComo Ministerio de Gobierno tenemos la obligaci\u00f3n y las atribuciones que nos permiten reguardar la vida y la integridad f\u00edsica de todos y cada uno de los ciudadanos bolivianos, ya sea el se\u00f1or Luis Fernando Camacho, sea un pintor, artesano, todas las personas tienen el derecho de ser protegidas por el Estado\u201d, manifest\u00f3 el titular de Gobierno, Eduardo Del Castillo.<br \/>\nLa jornada pasada, se conoci\u00f3 que el Ministerio P\u00fablico emiti\u00f3 una orden de citaci\u00f3n para que la primera autoridad cruce\u00f1a comparezca en la sede de Gobierno por una denuncia instaurada por la exdiputada del Movimiento al Socialismo (MAS), Lidia Patty, donde se acusa a Camacho de los presuntos delitos de terrorismo, sedici\u00f3n, conspiraci\u00f3n y conspiraci\u00f3n en grado de complicidad en el marco del caso del supuesto \u201cgolpe de Estado\u201d de 2019.<br \/>\nLa defensa del Gobernador adelant\u00f3 que solicitar\u00e1n que su defendido declare en la ciudad de Santa Cruz.<br \/>\nLa Fiscal\u00eda emiti\u00f3 la citaci\u00f3n para el gobernador de Santa Cruz, Luis Fernando Camacho, el viernes pasado, con el objetivo de que se presente a declarar en la ciudad de La Paz en calidad de denunciado por el caso denominado \u201cgolpe de Estado\u201d.<br \/>\nLa informaci\u00f3n fue corroborada por el fiscal general Juan Lanchipa, quien indic\u00f3 que Camacho fue convocado para presentarse el jueves 7 de octubre en La Paz, report\u00f3 el periodista Iv\u00e1n Ramos.<br \/>\nCamacho debe presentarse a las nueve de la ma\u00f1ana del jueves en la Fiscal\u00eda de la calle Potos\u00ed en La Paz. En caso de incumplimiento, la citaci\u00f3n advierte que se expedir\u00e1 orden de aprehensi\u00f3n.<br \/>\nLa convocatoria a Camacho se da en el marco del proceso por los delitos de terrorismo, sedici\u00f3n y conspiraci\u00f3n, iniciado a denuncia de la exdiputada Lidia Patty por los hechos de 2019 que derivaron en la renuncia de Evo Morales y la asunci\u00f3n de Jeanine A\u00f1ez.<\/p>\n","protected":false},"excerpt":{"rendered":"<p>Luego de la orden de citaci\u00f3n para que el gobernador cruce\u00f1o, Luis Fernando Camacho, declare en La Paz el 7 de octubre pr\u00f3ximo, en calidad de denunciado por el caso del supuesto \u201cgolpe de Estado\u201d, el Gobierno manifest\u00f3 que tiene todas las garant\u00edas para que se presente en la Fiscal\u00eda pace\u00f1a. \u201cComo Ministerio de Gobierno [&hellip;]<\/p>\n","protected":false},"author":1,"featured_media":33963,"comment_status":"closed","ping_status":"closed","sticky":false,"template":"","format":"standard","meta":{"_acf_changed":false,"footnotes":""},"categories":[39],"tags":[],"class_list":["post-33962","post","type-post","status-publish","format-standard","has-post-thumbnail","category-sociedad"],"acf":{"antetitulo":""},"yoast_head":"<!-- This site is optimized with the Yoast SEO plugin v28.4 - https:\/\/yoast.com\/product\/yoast-seo-wordpress\/ -->\n<title>Gobierno ofrece garant\u00edas al gobernador Camacho - El Diario - Bolivia<\/title>\n<meta name=\"robots\" content=\"index, follow, max-snippet:-1, max-image-preview:large, max-video-preview:-1\" \/>\n<link rel=\"canonical\" href=\"https:\/\/www.eldiario.net\/portal\/2021\/10\/03\/gobierno-ofrece-garantias-al-gobernador-camacho\/\" \/>\n<meta property=\"og:locale\" content=\"es_ES\" \/>\n<meta property=\"og:type\" content=\"article\" \/>\n<meta property=\"og:title\" content=\"Gobierno ofrece garant\u00edas al gobernador Camacho - El Diario - Bolivia\" \/>\n<meta property=\"og:description\" content=\"Luego de la orden de citaci\u00f3n para que el gobernador cruce\u00f1o, Luis Fernando Camacho, declare en La Paz el 7 de octubre pr\u00f3ximo, en calidad de denunciado por el caso del supuesto \u201cgolpe de Estado\u201d, el Gobierno manifest\u00f3 que tiene todas las garant\u00edas para que se presente en la Fiscal\u00eda pace\u00f1a. \u201cComo Ministerio de Gobierno [&hellip;]\" \/>\n<meta property=\"og:url\" content=\"https:\/\/www.eldiario.net\/portal\/2021\/10\/03\/gobierno-ofrece-garantias-al-gobernador-camacho\/\" \/>\n<meta property=\"og:site_name\" content=\"El Diario - Bolivia\" \/>\n<meta property=\"article:publisher\" content=\"https:\/\/www.facebook.com\/eldiario.bolivia\/\" \/>\n<meta property=\"article:published_time\" content=\"2021-10-03T11:05:29+00:00\" \/>\n<meta property=\"og:image\" content=\"https:\/\/www.eldiario.net\/portal\/wp-content\/uploads\/2021\/10\/seg-61.jpg\" \/>\n\t<meta property=\"og:image:width\" content=\"992\" \/>\n\t<meta property=\"og:image:height\" content=\"558\" \/>\n\t<meta property=\"og:image:type\" content=\"image\/jpeg\" \/>\n<meta name=\"author\" content=\"Jeanette\" \/>\n<meta name=\"twitter:card\" content=\"summary_large_image\" \/>\n<meta name=\"twitter:creator\" content=\"@eldiario_net\" \/>\n<meta name=\"twitter:site\" content=\"@eldiario_net\" \/>\n<meta name=\"twitter:label1\" content=\"Escrito por\" \/>\n\t<meta name=\"twitter:data1\" content=\"Jeanette\" \/>\n\t<meta name=\"twitter:label2\" content=\"Tiempo de lectura\" \/>\n\t<meta name=\"twitter:data2\" content=\"2 minutos\" \/>\n<script type=\"application\/ld+json\" class=\"yoast-schema-graph\">{\"@context\":\"https:\\\/\\\/schema.org\",\"@graph\":[{\"@type\":\"Article\",\"@id\":\"https:\\\/\\\/www.eldiario.net\\\/portal\\\/2021\\\/10\\\/03\\\/gobierno-ofrece-garantias-al-gobernador-camacho\\\/#article\",\"isPartOf\":{\"@id\":\"https:\\\/\\\/www.eldiario.net\\\/portal\\\/2021\\\/10\\\/03\\\/gobierno-ofrece-garantias-al-gobernador-camacho\\\/\"},\"author\":{\"name\":\"Jeanette\",\"@id\":\"https:\\\/\\\/www.eldiario.net\\\/portal\\\/#\\\/schema\\\/person\\\/2c57cf2b7a7ae032e449e4c9b1019eac\"},\"headline\":\"Gobierno ofrece garant\u00edas al gobernador Camacho\",\"datePublished\":\"2021-10-03T11:05:29+00:00\",\"mainEntityOfPage\":{\"@id\":\"https:\\\/\\\/www.eldiario.net\\\/portal\\\/2021\\\/10\\\/03\\\/gobierno-ofrece-garantias-al-gobernador-camacho\\\/\"},\"wordCount\":384,\"publisher\":{\"@id\":\"https:\\\/\\\/www.eldiario.net\\\/portal\\\/#organization\"},\"image\":{\"@id\":\"https:\\\/\\\/www.eldiario.net\\\/portal\\\/2021\\\/10\\\/03\\\/gobierno-ofrece-garantias-al-gobernador-camacho\\\/#primaryimage\"},\"thumbnailUrl\":\"https:\\\/\\\/www.eldiario.net\\\/portal\\\/wp-content\\\/uploads\\\/2021\\\/10\\\/seg-61.jpg\",\"articleSection\":[\"Sociedad - Seguridad\"],\"inLanguage\":\"es\"},{\"@type\":\"WebPage\",\"@id\":\"https:\\\/\\\/www.eldiario.net\\\/portal\\\/2021\\\/10\\\/03\\\/gobierno-ofrece-garantias-al-gobernador-camacho\\\/\",\"url\":\"https:\\\/\\\/www.eldiario.net\\\/portal\\\/2021\\\/10\\\/03\\\/gobierno-ofrece-garantias-al-gobernador-camacho\\\/\",\"name\":\"Gobierno ofrece garant\u00edas al gobernador Camacho - El Diario - Bolivia\",\"isPartOf\":{\"@id\":\"https:\\\/\\\/www.eldiario.net\\\/portal\\\/#website\"},\"primaryImageOfPage\":{\"@id\":\"https:\\\/\\\/www.eldiario.net\\\/portal\\\/2021\\\/10\\\/03\\\/gobierno-ofrece-garantias-al-gobernador-camacho\\\/#primaryimage\"},\"image\":{\"@id\":\"https:\\\/\\\/www.eldiario.net\\\/portal\\\/2021\\\/10\\\/03\\\/gobierno-ofrece-garantias-al-gobernador-camacho\\\/#primaryimage\"},\"thumbnailUrl\":\"https:\\\/\\\/www.eldiario.net\\\/portal\\\/wp-content\\\/uploads\\\/2021\\\/10\\\/seg-61.jpg\",\"datePublished\":\"2021-10-03T11:05:29+00:00\",\"breadcrumb\":{\"@id\":\"https:\\\/\\\/www.eldiario.net\\\/portal\\\/2021\\\/10\\\/03\\\/gobierno-ofrece-garantias-al-gobernador-camacho\\\/#breadcrumb\"},\"inLanguage\":\"es\",\"potentialAction\":[{\"@type\":\"ReadAction\",\"target\":[\"https:\\\/\\\/www.eldiario.net\\\/portal\\\/2021\\\/10\\\/03\\\/gobierno-ofrece-garantias-al-gobernador-camacho\\\/\"]}]},{\"@type\":\"ImageObject\",\"inLanguage\":\"es\",\"@id\":\"https:\\\/\\\/www.eldiario.net\\\/portal\\\/2021\\\/10\\\/03\\\/gobierno-ofrece-garantias-al-gobernador-camacho\\\/#primaryimage\",\"url\":\"https:\\\/\\\/www.eldiario.net\\\/portal\\\/wp-content\\\/uploads\\\/2021\\\/10\\\/seg-61.jpg\",\"contentUrl\":\"https:\\\/\\\/www.eldiario.net\\\/portal\\\/wp-content\\\/uploads\\\/2021\\\/10\\\/seg-61.jpg\",\"width\":992,\"height\":558,\"caption\":\"El Gobernador Camacho debe presentarse el jueves 7 en la Fiscal\u00eda.\"},{\"@type\":\"BreadcrumbList\",\"@id\":\"https:\\\/\\\/www.eldiario.net\\\/portal\\\/2021\\\/10\\\/03\\\/gobierno-ofrece-garantias-al-gobernador-camacho\\\/#breadcrumb\",\"itemListElement\":[{\"@type\":\"ListItem\",\"position\":1,\"name\":\"Portada\",\"item\":\"https:\\\/\\\/www.eldiario.net\\\/portal\\\/\"},{\"@type\":\"ListItem\",\"position\":2,\"name\":\"Gobierno ofrece garant\u00edas al gobernador Camacho\"}]},{\"@type\":\"WebSite\",\"@id\":\"https:\\\/\\\/www.eldiario.net\\\/portal\\\/#website\",\"url\":\"https:\\\/\\\/www.eldiario.net\\\/portal\\\/\",\"name\":\"El Diario - Decano de la prensa nacional\",\"description\":\"El Diario - Decano de la prensa nacional\",\"publisher\":{\"@id\":\"https:\\\/\\\/www.eldiario.net\\\/portal\\\/#organization\"},\"potentialAction\":[{\"@type\":\"SearchAction\",\"target\":{\"@type\":\"EntryPoint\",\"urlTemplate\":\"https:\\\/\\\/www.eldiario.net\\\/portal\\\/?s={search_term_string}\"},\"query-input\":{\"@type\":\"PropertyValueSpecification\",\"valueRequired\":true,\"valueName\":\"search_term_string\"}}],\"inLanguage\":\"es\"},{\"@type\":\"Organization\",\"@id\":\"https:\\\/\\\/www.eldiario.net\\\/portal\\\/#organization\",\"name\":\"El Diario - Decano de la prensa nacional\",\"url\":\"https:\\\/\\\/www.eldiario.net\\\/portal\\\/\",\"logo\":{\"@type\":\"ImageObject\",\"inLanguage\":\"es\",\"@id\":\"https:\\\/\\\/www.eldiario.net\\\/portal\\\/#\\\/schema\\\/logo\\\/image\\\/\",\"url\":\"https:\\\/\\\/www.eldiario.net\\\/portal\\\/wp-content\\\/uploads\\\/2023\\\/07\\\/logo_ED.jpg\",\"contentUrl\":\"https:\\\/\\\/www.eldiario.net\\\/portal\\\/wp-content\\\/uploads\\\/2023\\\/07\\\/logo_ED.jpg\",\"width\":272,\"height\":52,\"caption\":\"El Diario - Decano de la prensa nacional\"},\"image\":{\"@id\":\"https:\\\/\\\/www.eldiario.net\\\/portal\\\/#\\\/schema\\\/logo\\\/image\\\/\"},\"sameAs\":[\"https:\\\/\\\/www.facebook.com\\\/eldiario.bolivia\\\/\",\"https:\\\/\\\/x.com\\\/eldiario_net\"]},{\"@type\":\"Person\",\"@id\":\"https:\\\/\\\/www.eldiario.net\\\/portal\\\/#\\\/schema\\\/person\\\/2c57cf2b7a7ae032e449e4c9b1019eac\",\"name\":\"Jeanette\",\"image\":{\"@type\":\"ImageObject\",\"inLanguage\":\"es\",\"@id\":\"https:\\\/\\\/secure.gravatar.com\\\/avatar\\\/3ea2118a5f7dad2b7138b1187a6b7ee55f160b9968b66013c3a3ef39dd7e5798?s=96&d=mm&r=g\",\"url\":\"https:\\\/\\\/secure.gravatar.com\\\/avatar\\\/3ea2118a5f7dad2b7138b1187a6b7ee55f160b9968b66013c3a3ef39dd7e5798?s=96&d=mm&r=g\",\"contentUrl\":\"https:\\\/\\\/secure.gravatar.com\\\/avatar\\\/3ea2118a5f7dad2b7138b1187a6b7ee55f160b9968b66013c3a3ef39dd7e5798?s=96&d=mm&r=g\",\"caption\":\"Jeanette\"},\"sameAs\":[\"https:\\\/\\\/www.eldiario.net\\\/portal\"],\"url\":\"https:\\\/\\\/www.eldiario.net\\\/portal\\\/author\\\/jeanette\\\/\"}]}<\/script>\n<!-- \/ Yoast SEO plugin. -->","yoast_head_json":{"title":"Gobierno ofrece garant\u00edas al gobernador Camacho - El Diario - Bolivia","robots":{"index":"index","follow":"follow","max-snippet":"max-snippet:-1","max-image-preview":"max-image-preview:large","max-video-preview":"max-video-preview:-1"},"canonical":"https:\/\/www.eldiario.net\/portal\/2021\/10\/03\/gobierno-ofrece-garantias-al-gobernador-camacho\/","og_locale":"es_ES","og_type":"article","og_title":"Gobierno ofrece garant\u00edas al gobernador Camacho - El Diario - Bolivia","og_description":"Luego de la orden de citaci\u00f3n para que el gobernador cruce\u00f1o, Luis Fernando Camacho, declare en La Paz el 7 de octubre pr\u00f3ximo, en calidad de denunciado por el caso del supuesto \u201cgolpe de Estado\u201d, el Gobierno manifest\u00f3 que tiene todas las garant\u00edas para que se presente en la Fiscal\u00eda pace\u00f1a. \u201cComo Ministerio de Gobierno [&hellip;]","og_url":"https:\/\/www.eldiario.net\/portal\/2021\/10\/03\/gobierno-ofrece-garantias-al-gobernador-camacho\/","og_site_name":"El Diario - Bolivia","article_publisher":"https:\/\/www.facebook.com\/eldiario.bolivia\/","article_published_time":"2021-10-03T11:05:29+00:00","og_image":[{"width":992,"height":558,"url":"https:\/\/www.eldiario.net\/portal\/wp-content\/uploads\/2021\/10\/seg-61.jpg","type":"image\/jpeg"}],"author":"Jeanette","twitter_card":"summary_large_image","twitter_creator":"@eldiario_net","twitter_site":"@eldiario_net","twitter_misc":{"Escrito por":"Jeanette","Tiempo de lectura":"2 minutos"},"schema":{"@context":"https:\/\/schema.org","@graph":[{"@type":"Article","@id":"https:\/\/www.eldiario.net\/portal\/2021\/10\/03\/gobierno-ofrece-garantias-al-gobernador-camacho\/#article","isPartOf":{"@id":"https:\/\/www.eldiario.net\/portal\/2021\/10\/03\/gobierno-ofrece-garantias-al-gobernador-camacho\/"},"author":{"name":"Jeanette","@id":"https:\/\/www.eldiario.net\/portal\/#\/schema\/person\/2c57cf2b7a7ae032e449e4c9b1019eac"},"headline":"Gobierno ofrece garant\u00edas al gobernador Camacho","datePublished":"2021-10-03T11:05:29+00:00","mainEntityOfPage":{"@id":"https:\/\/www.eldiario.net\/portal\/2021\/10\/03\/gobierno-ofrece-garantias-al-gobernador-camacho\/"},"wordCount":384,"publisher":{"@id":"https:\/\/www.eldiario.net\/portal\/#organization"},"image":{"@id":"https:\/\/www.eldiario.net\/portal\/2021\/10\/03\/gobierno-ofrece-garantias-al-gobernador-camacho\/#primaryimage"},"thumbnailUrl":"https:\/\/www.eldiario.net\/portal\/wp-content\/uploads\/2021\/10\/seg-61.jpg","articleSection":["Sociedad - Seguridad"],"inLanguage":"es"},{"@type":"WebPage","@id":"https:\/\/www.eldiario.net\/portal\/2021\/10\/03\/gobierno-ofrece-garantias-al-gobernador-camacho\/","url":"https:\/\/www.eldiario.net\/portal\/2021\/10\/03\/gobierno-ofrece-garantias-al-gobernador-camacho\/","name":"Gobierno ofrece garant\u00edas al gobernador Camacho - El Diario - Bolivia","isPartOf":{"@id":"https:\/\/www.eldiario.net\/portal\/#website"},"primaryImageOfPage":{"@id":"https:\/\/www.eldiario.net\/portal\/2021\/10\/03\/gobierno-ofrece-garantias-al-gobernador-camacho\/#primaryimage"},"image":{"@id":"https:\/\/www.eldiario.net\/portal\/2021\/10\/03\/gobierno-ofrece-garantias-al-gobernador-camacho\/#primaryimage"},"thumbnailUrl":"https:\/\/www.eldiario.net\/portal\/wp-content\/uploads\/2021\/10\/seg-61.jpg","datePublished":"2021-10-03T11:05:29+00:00","breadcrumb":{"@id":"https:\/\/www.eldiario.net\/portal\/2021\/10\/03\/gobierno-ofrece-garantias-al-gobernador-camacho\/#breadcrumb"},"inLanguage":"es","potentialAction":[{"@type":"ReadAction","target":["https:\/\/www.eldiario.net\/portal\/2021\/10\/03\/gobierno-ofrece-garantias-al-gobernador-camacho\/"]}]},{"@type":"ImageObject","inLanguage":"es","@id":"https:\/\/www.eldiario.net\/portal\/2021\/10\/03\/gobierno-ofrece-garantias-al-gobernador-camacho\/#primaryimage","url":"https:\/\/www.eldiario.net\/portal\/wp-content\/uploads\/2021\/10\/seg-61.jpg","contentUrl":"https:\/\/www.eldiario.net\/portal\/wp-content\/uploads\/2021\/10\/seg-61.jpg","width":992,"height":558,"caption":"El Gobernador Camacho debe presentarse el jueves 7 en la Fiscal\u00eda."},{"@type":"BreadcrumbList","@id":"https:\/\/www.eldiario.net\/portal\/2021\/10\/03\/gobierno-ofrece-garantias-al-gobernador-camacho\/#breadcrumb","itemListElement":[{"@type":"ListItem","position":1,"name":"Portada","item":"https:\/\/www.eldiario.net\/portal\/"},{"@type":"ListItem","position":2,"name":"Gobierno ofrece garant\u00edas al gobernador Camacho"}]},{"@type":"WebSite","@id":"https:\/\/www.eldiario.net\/portal\/#website","url":"https:\/\/www.eldiario.net\/portal\/","name":"El Diario - Decano de la prensa nacional","description":"El Diario - Decano de la prensa nacional","publisher":{"@id":"https:\/\/www.eldiario.net\/portal\/#organization"},"potentialAction":[{"@type":"SearchAction","target":{"@type":"EntryPoint","urlTemplate":"https:\/\/www.eldiario.net\/portal\/?s={search_term_string}"},"query-input":{"@type":"PropertyValueSpecification","valueRequired":true,"valueName":"search_term_string"}}],"inLanguage":"es"},{"@type":"Organization","@id":"https:\/\/www.eldiario.net\/portal\/#organization","name":"El Diario - Decano de la prensa nacional","url":"https:\/\/www.eldiario.net\/portal\/","logo":{"@type":"ImageObject","inLanguage":"es","@id":"https:\/\/www.eldiario.net\/portal\/#\/schema\/logo\/image\/","url":"https:\/\/www.eldiario.net\/portal\/wp-content\/uploads\/2023\/07\/logo_ED.jpg","contentUrl":"https:\/\/www.eldiario.net\/portal\/wp-content\/uploads\/2023\/07\/logo_ED.jpg","width":272,"height":52,"caption":"El Diario - Decano de la prensa nacional"},"image":{"@id":"https:\/\/www.eldiario.net\/portal\/#\/schema\/logo\/image\/"},"sameAs":["https:\/\/www.facebook.com\/eldiario.bolivia\/","https:\/\/x.com\/eldiario_net"]},{"@type":"Person","@id":"https:\/\/www.eldiario.net\/portal\/#\/schema\/person\/2c57cf2b7a7ae032e449e4c9b1019eac","name":"Jeanette","image":{"@type":"ImageObject","inLanguage":"es","@id":"https:\/\/secure.gravatar.com\/avatar\/3ea2118a5f7dad2b7138b1187a6b7ee55f160b9968b66013c3a3ef39dd7e5798?s=96&d=mm&r=g","url":"https:\/\/secure.gravatar.com\/avatar\/3ea2118a5f7dad2b7138b1187a6b7ee55f160b9968b66013c3a3ef39dd7e5798?s=96&d=mm&r=g","contentUrl":"https:\/\/secure.gravatar.com\/avatar\/3ea2118a5f7dad2b7138b1187a6b7ee55f160b9968b66013c3a3ef39dd7e5798?s=96&d=mm&r=g","caption":"Jeanette"},"sameAs":["https:\/\/www.eldiario.net\/portal"],"url":"https:\/\/www.eldiario.net\/portal\/author\/jeanette\/"}]}},"_links":{"self":[{"href":"https:\/\/www.eldiario.net\/portal\/wp-json\/wp\/v2\/posts\/33962","targetHints":{"allow":["GET"]}}],"collection":[{"href":"https:\/\/www.eldiario.net\/portal\/wp-json\/wp\/v2\/posts"}],"about":[{"href":"https:\/\/www.eldiario.net\/portal\/wp-json\/wp\/v2\/types\/post"}],"author":[{"embeddable":true,"href":"https:\/\/www.eldiario.net\/portal\/wp-json\/wp\/v2\/users\/1"}],"replies":[{"embeddable":true,"href":"https:\/\/www.eldiario.net\/portal\/wp-json\/wp\/v2\/comments?post=33962"}],"version-history":[{"count":0,"href":"https:\/\/www.eldiario.net\/portal\/wp-json\/wp\/v2\/posts\/33962\/revisions"}],"wp:featuredmedia":[{"embeddable":true,"href":"https:\/\/www.eldiario.net\/portal\/wp-json\/wp\/v2\/media\/33963"}],"wp:attachment":[{"href":"https:\/\/www.eldiario.net\/portal\/wp-json\/wp\/v2\/media?parent=33962"}],"wp:term":[{"taxonomy":"category","embeddable":true,"href":"https:\/\/www.eldiario.net\/portal\/wp-json\/wp\/v2\/categories?post=33962"},{"taxonomy":"post_tag","embeddable":true,"href":"https:\/\/www.eldiario.net\/portal\/wp-json\/wp\/v2\/tags?post=33962"}],"curies":[{"name":"wp","href":"https:\/\/api.w.org\/{rel}","templated":true}]}}