{"id":33959,"date":"2021-10-03T07:04:10","date_gmt":"2021-10-03T11:04:10","guid":{"rendered":"https:\/\/www.eldiario.net\/portal\/?p=33959"},"modified":"2021-10-03T07:04:10","modified_gmt":"2021-10-03T11:04:10","slug":"garantizamos-la-salud-de-toda-persona-recluida","status":"publish","type":"post","link":"https:\/\/www.eldiario.net\/portal\/2021\/10\/03\/garantizamos-la-salud-de-toda-persona-recluida\/","title":{"rendered":"\u201cGarantizamos la salud de toda persona recluida\u201d"},"content":{"rendered":"<p>El Gobierno nacional garantizar\u00e1 el derecho a la salud de la expresidenta Jeanine A\u00f1ez, quien se encuentra detenida por el caso del supuesto golpe de Estado, en el penal de Miraflores, seg\u00fan inform\u00f3 el ministro de Justicia, Iv\u00e1n Lima.<br \/>\nSe\u00f1al\u00f3 que el Gobierno est\u00e1 tomando todos los recaudos, a trav\u00e9s del Ministerio de Salud, para realizar los respectivos controles de la salud de la expresidenta A\u00f1ez, \u201cla salud de todo boliviano tiene que ser respetada y preservada\u201d, dijo.<br \/>\n\u201cEl Ministro de Salud est\u00e1 haciendo todos los esfuerzos para que tenga la mejor salud posible la se\u00f1ora A\u00f1ez y todos los privados de libertad del pa\u00eds que son m\u00e1s de 18.000\u201d, afirm\u00f3 la autoridad.<br \/>\nEs indudable que el Gobierno garantiza el derecho a la salud de toda persona recluida y lo hacemos, a trav\u00e9s del Ministerio de Gobierno, reiter\u00f3 Lima.<br \/>\nPor su parte, Carolina Ribera denunci\u00f3 que encontr\u00f3 a su madre \u201cen posici\u00f3n fetal y temblando como una hoja\u201d durante la audiencia virtual en la que la Justicia decidi\u00f3 ampliar su detenci\u00f3n preventiva por cinco meses m\u00e1s en el caso del supuesto golpe de Estado; en la oportunidad calific\u00f3 la decisi\u00f3n como una injusticia.<br \/>\n\u201cEncontr\u00e9 a mi madre en posici\u00f3n fetal, temblando como una hoja, al borde de la inanici\u00f3n. Seis meses de una prisi\u00f3n pol\u00edtica injusta y el juez la sigue condenando en base a suposiciones fiscales sin ninguna prueba. Si muere #JeanineA\u00f1ez, hago responsable al gobierno y la Justicia\u201d, escribi\u00f3 en su cuenta de twitter.<br \/>\nEl estado de salud de A\u00f1ez fue denunciado por las redes sociales ante la Comisi\u00f3n Interamericana de Derechos Humanos (CIDH) de la Organizaci\u00f3n de Estados Americanos, sin embargo, el organismo internacional a\u00fan no se pronunci\u00f3 sobre el pedido de la defensa de la expresidenta.<br \/>\nPor el mismo caso, el Juzgado D\u00e9cimo de Instrucci\u00f3n Penal de La Paz determin\u00f3 ampliar la detenci\u00f3n preventiva para los exministros \u00c1lvaro Coimbra y Rodrigo Guzm\u00e1n.<\/p>\n","protected":false},"excerpt":{"rendered":"<p>El Gobierno nacional garantizar\u00e1 el derecho a la salud de la expresidenta Jeanine A\u00f1ez, quien se encuentra detenida por el caso del supuesto golpe de Estado, en el penal de Miraflores, seg\u00fan inform\u00f3 el ministro de Justicia, Iv\u00e1n Lima. Se\u00f1al\u00f3 que el Gobierno est\u00e1 tomando todos los recaudos, a trav\u00e9s del Ministerio de Salud, para [&hellip;]<\/p>\n","protected":false},"author":1,"featured_media":33960,"comment_status":"closed","ping_status":"closed","sticky":false,"template":"","format":"standard","meta":{"_acf_changed":false,"footnotes":""},"categories":[39],"tags":[],"class_list":["post-33959","post","type-post","status-publish","format-standard","has-post-thumbnail","category-sociedad"],"acf":{"antetitulo":""},"yoast_head":"<!-- This site is optimized with the Yoast SEO plugin v28.4 - https:\/\/yoast.com\/product\/yoast-seo-wordpress\/ -->\n<title>\u201cGarantizamos la salud de toda persona recluida\u201d - El Diario - Bolivia<\/title>\n<meta name=\"robots\" content=\"index, follow, max-snippet:-1, max-image-preview:large, max-video-preview:-1\" \/>\n<link rel=\"canonical\" href=\"https:\/\/www.eldiario.net\/portal\/2021\/10\/03\/garantizamos-la-salud-de-toda-persona-recluida\/\" \/>\n<meta property=\"og:locale\" content=\"es_ES\" \/>\n<meta property=\"og:type\" content=\"article\" \/>\n<meta property=\"og:title\" content=\"\u201cGarantizamos la salud de toda persona recluida\u201d - El Diario - Bolivia\" \/>\n<meta property=\"og:description\" content=\"El Gobierno nacional garantizar\u00e1 el derecho a la salud de la expresidenta Jeanine A\u00f1ez, quien se encuentra detenida por el caso del supuesto golpe de Estado, en el penal de Miraflores, seg\u00fan inform\u00f3 el ministro de Justicia, Iv\u00e1n Lima. Se\u00f1al\u00f3 que el Gobierno est\u00e1 tomando todos los recaudos, a trav\u00e9s del Ministerio de Salud, para [&hellip;]\" \/>\n<meta property=\"og:url\" content=\"https:\/\/www.eldiario.net\/portal\/2021\/10\/03\/garantizamos-la-salud-de-toda-persona-recluida\/\" \/>\n<meta property=\"og:site_name\" content=\"El Diario - Bolivia\" \/>\n<meta property=\"article:publisher\" content=\"https:\/\/www.facebook.com\/eldiario.bolivia\/\" \/>\n<meta property=\"article:published_time\" content=\"2021-10-03T11:04:10+00:00\" \/>\n<meta name=\"author\" content=\"Jeanette\" \/>\n<meta name=\"twitter:card\" content=\"summary_large_image\" \/>\n<meta name=\"twitter:creator\" content=\"@eldiario_net\" \/>\n<meta name=\"twitter:site\" content=\"@eldiario_net\" \/>\n<meta name=\"twitter:label1\" content=\"Escrito por\" \/>\n\t<meta name=\"twitter:data1\" content=\"Jeanette\" \/>\n\t<meta name=\"twitter:label2\" content=\"Tiempo de lectura\" \/>\n\t<meta name=\"twitter:data2\" content=\"2 minutos\" \/>\n<script type=\"application\/ld+json\" class=\"yoast-schema-graph\">{\"@context\":\"https:\\\/\\\/schema.org\",\"@graph\":[{\"@type\":\"Article\",\"@id\":\"https:\\\/\\\/www.eldiario.net\\\/portal\\\/2021\\\/10\\\/03\\\/garantizamos-la-salud-de-toda-persona-recluida\\\/#article\",\"isPartOf\":{\"@id\":\"https:\\\/\\\/www.eldiario.net\\\/portal\\\/2021\\\/10\\\/03\\\/garantizamos-la-salud-de-toda-persona-recluida\\\/\"},\"author\":{\"name\":\"Jeanette\",\"@id\":\"https:\\\/\\\/www.eldiario.net\\\/portal\\\/#\\\/schema\\\/person\\\/2c57cf2b7a7ae032e449e4c9b1019eac\"},\"headline\":\"\u201cGarantizamos la salud de toda persona recluida\u201d\",\"datePublished\":\"2021-10-03T11:04:10+00:00\",\"mainEntityOfPage\":{\"@id\":\"https:\\\/\\\/www.eldiario.net\\\/portal\\\/2021\\\/10\\\/03\\\/garantizamos-la-salud-de-toda-persona-recluida\\\/\"},\"wordCount\":350,\"publisher\":{\"@id\":\"https:\\\/\\\/www.eldiario.net\\\/portal\\\/#organization\"},\"image\":{\"@id\":\"https:\\\/\\\/www.eldiario.net\\\/portal\\\/2021\\\/10\\\/03\\\/garantizamos-la-salud-de-toda-persona-recluida\\\/#primaryimage\"},\"thumbnailUrl\":\"\",\"articleSection\":[\"Sociedad - Seguridad\"],\"inLanguage\":\"es\"},{\"@type\":\"WebPage\",\"@id\":\"https:\\\/\\\/www.eldiario.net\\\/portal\\\/2021\\\/10\\\/03\\\/garantizamos-la-salud-de-toda-persona-recluida\\\/\",\"url\":\"https:\\\/\\\/www.eldiario.net\\\/portal\\\/2021\\\/10\\\/03\\\/garantizamos-la-salud-de-toda-persona-recluida\\\/\",\"name\":\"\u201cGarantizamos la salud de toda persona recluida\u201d - El Diario - Bolivia\",\"isPartOf\":{\"@id\":\"https:\\\/\\\/www.eldiario.net\\\/portal\\\/#website\"},\"primaryImageOfPage\":{\"@id\":\"https:\\\/\\\/www.eldiario.net\\\/portal\\\/2021\\\/10\\\/03\\\/garantizamos-la-salud-de-toda-persona-recluida\\\/#primaryimage\"},\"image\":{\"@id\":\"https:\\\/\\\/www.eldiario.net\\\/portal\\\/2021\\\/10\\\/03\\\/garantizamos-la-salud-de-toda-persona-recluida\\\/#primaryimage\"},\"thumbnailUrl\":\"\",\"datePublished\":\"2021-10-03T11:04:10+00:00\",\"breadcrumb\":{\"@id\":\"https:\\\/\\\/www.eldiario.net\\\/portal\\\/2021\\\/10\\\/03\\\/garantizamos-la-salud-de-toda-persona-recluida\\\/#breadcrumb\"},\"inLanguage\":\"es\",\"potentialAction\":[{\"@type\":\"ReadAction\",\"target\":[\"https:\\\/\\\/www.eldiario.net\\\/portal\\\/2021\\\/10\\\/03\\\/garantizamos-la-salud-de-toda-persona-recluida\\\/\"]}]},{\"@type\":\"ImageObject\",\"inLanguage\":\"es\",\"@id\":\"https:\\\/\\\/www.eldiario.net\\\/portal\\\/2021\\\/10\\\/03\\\/garantizamos-la-salud-de-toda-persona-recluida\\\/#primaryimage\",\"url\":\"\",\"contentUrl\":\"\"},{\"@type\":\"BreadcrumbList\",\"@id\":\"https:\\\/\\\/www.eldiario.net\\\/portal\\\/2021\\\/10\\\/03\\\/garantizamos-la-salud-de-toda-persona-recluida\\\/#breadcrumb\",\"itemListElement\":[{\"@type\":\"ListItem\",\"position\":1,\"name\":\"Portada\",\"item\":\"https:\\\/\\\/www.eldiario.net\\\/portal\\\/\"},{\"@type\":\"ListItem\",\"position\":2,\"name\":\"\u201cGarantizamos la salud de toda persona recluida\u201d\"}]},{\"@type\":\"WebSite\",\"@id\":\"https:\\\/\\\/www.eldiario.net\\\/portal\\\/#website\",\"url\":\"https:\\\/\\\/www.eldiario.net\\\/portal\\\/\",\"name\":\"El Diario - Decano de la prensa nacional\",\"description\":\"El Diario - Decano de la prensa nacional\",\"publisher\":{\"@id\":\"https:\\\/\\\/www.eldiario.net\\\/portal\\\/#organization\"},\"potentialAction\":[{\"@type\":\"SearchAction\",\"target\":{\"@type\":\"EntryPoint\",\"urlTemplate\":\"https:\\\/\\\/www.eldiario.net\\\/portal\\\/?s={search_term_string}\"},\"query-input\":{\"@type\":\"PropertyValueSpecification\",\"valueRequired\":true,\"valueName\":\"search_term_string\"}}],\"inLanguage\":\"es\"},{\"@type\":\"Organization\",\"@id\":\"https:\\\/\\\/www.eldiario.net\\\/portal\\\/#organization\",\"name\":\"El Diario - Decano de la prensa nacional\",\"url\":\"https:\\\/\\\/www.eldiario.net\\\/portal\\\/\",\"logo\":{\"@type\":\"ImageObject\",\"inLanguage\":\"es\",\"@id\":\"https:\\\/\\\/www.eldiario.net\\\/portal\\\/#\\\/schema\\\/logo\\\/image\\\/\",\"url\":\"https:\\\/\\\/www.eldiario.net\\\/portal\\\/wp-content\\\/uploads\\\/2023\\\/07\\\/logo_ED.jpg\",\"contentUrl\":\"https:\\\/\\\/www.eldiario.net\\\/portal\\\/wp-content\\\/uploads\\\/2023\\\/07\\\/logo_ED.jpg\",\"width\":272,\"height\":52,\"caption\":\"El Diario - Decano de la prensa nacional\"},\"image\":{\"@id\":\"https:\\\/\\\/www.eldiario.net\\\/portal\\\/#\\\/schema\\\/logo\\\/image\\\/\"},\"sameAs\":[\"https:\\\/\\\/www.facebook.com\\\/eldiario.bolivia\\\/\",\"https:\\\/\\\/x.com\\\/eldiario_net\"]},{\"@type\":\"Person\",\"@id\":\"https:\\\/\\\/www.eldiario.net\\\/portal\\\/#\\\/schema\\\/person\\\/2c57cf2b7a7ae032e449e4c9b1019eac\",\"name\":\"Jeanette\",\"image\":{\"@type\":\"ImageObject\",\"inLanguage\":\"es\",\"@id\":\"https:\\\/\\\/secure.gravatar.com\\\/avatar\\\/3ea2118a5f7dad2b7138b1187a6b7ee55f160b9968b66013c3a3ef39dd7e5798?s=96&d=mm&r=g\",\"url\":\"https:\\\/\\\/secure.gravatar.com\\\/avatar\\\/3ea2118a5f7dad2b7138b1187a6b7ee55f160b9968b66013c3a3ef39dd7e5798?s=96&d=mm&r=g\",\"contentUrl\":\"https:\\\/\\\/secure.gravatar.com\\\/avatar\\\/3ea2118a5f7dad2b7138b1187a6b7ee55f160b9968b66013c3a3ef39dd7e5798?s=96&d=mm&r=g\",\"caption\":\"Jeanette\"},\"sameAs\":[\"https:\\\/\\\/www.eldiario.net\\\/portal\"],\"url\":\"https:\\\/\\\/www.eldiario.net\\\/portal\\\/author\\\/jeanette\\\/\"}]}<\/script>\n<!-- \/ Yoast SEO plugin. -->","yoast_head_json":{"title":"\u201cGarantizamos la salud de toda persona recluida\u201d - El Diario - Bolivia","robots":{"index":"index","follow":"follow","max-snippet":"max-snippet:-1","max-image-preview":"max-image-preview:large","max-video-preview":"max-video-preview:-1"},"canonical":"https:\/\/www.eldiario.net\/portal\/2021\/10\/03\/garantizamos-la-salud-de-toda-persona-recluida\/","og_locale":"es_ES","og_type":"article","og_title":"\u201cGarantizamos la salud de toda persona recluida\u201d - El Diario - Bolivia","og_description":"El Gobierno nacional garantizar\u00e1 el derecho a la salud de la expresidenta Jeanine A\u00f1ez, quien se encuentra detenida por el caso del supuesto golpe de Estado, en el penal de Miraflores, seg\u00fan inform\u00f3 el ministro de Justicia, Iv\u00e1n Lima. Se\u00f1al\u00f3 que el Gobierno est\u00e1 tomando todos los recaudos, a trav\u00e9s del Ministerio de Salud, para [&hellip;]","og_url":"https:\/\/www.eldiario.net\/portal\/2021\/10\/03\/garantizamos-la-salud-de-toda-persona-recluida\/","og_site_name":"El Diario - Bolivia","article_publisher":"https:\/\/www.facebook.com\/eldiario.bolivia\/","article_published_time":"2021-10-03T11:04:10+00:00","author":"Jeanette","twitter_card":"summary_large_image","twitter_creator":"@eldiario_net","twitter_site":"@eldiario_net","twitter_misc":{"Escrito por":"Jeanette","Tiempo de lectura":"2 minutos"},"schema":{"@context":"https:\/\/schema.org","@graph":[{"@type":"Article","@id":"https:\/\/www.eldiario.net\/portal\/2021\/10\/03\/garantizamos-la-salud-de-toda-persona-recluida\/#article","isPartOf":{"@id":"https:\/\/www.eldiario.net\/portal\/2021\/10\/03\/garantizamos-la-salud-de-toda-persona-recluida\/"},"author":{"name":"Jeanette","@id":"https:\/\/www.eldiario.net\/portal\/#\/schema\/person\/2c57cf2b7a7ae032e449e4c9b1019eac"},"headline":"\u201cGarantizamos la salud de toda persona recluida\u201d","datePublished":"2021-10-03T11:04:10+00:00","mainEntityOfPage":{"@id":"https:\/\/www.eldiario.net\/portal\/2021\/10\/03\/garantizamos-la-salud-de-toda-persona-recluida\/"},"wordCount":350,"publisher":{"@id":"https:\/\/www.eldiario.net\/portal\/#organization"},"image":{"@id":"https:\/\/www.eldiario.net\/portal\/2021\/10\/03\/garantizamos-la-salud-de-toda-persona-recluida\/#primaryimage"},"thumbnailUrl":"","articleSection":["Sociedad - Seguridad"],"inLanguage":"es"},{"@type":"WebPage","@id":"https:\/\/www.eldiario.net\/portal\/2021\/10\/03\/garantizamos-la-salud-de-toda-persona-recluida\/","url":"https:\/\/www.eldiario.net\/portal\/2021\/10\/03\/garantizamos-la-salud-de-toda-persona-recluida\/","name":"\u201cGarantizamos la salud de toda persona recluida\u201d - El Diario - Bolivia","isPartOf":{"@id":"https:\/\/www.eldiario.net\/portal\/#website"},"primaryImageOfPage":{"@id":"https:\/\/www.eldiario.net\/portal\/2021\/10\/03\/garantizamos-la-salud-de-toda-persona-recluida\/#primaryimage"},"image":{"@id":"https:\/\/www.eldiario.net\/portal\/2021\/10\/03\/garantizamos-la-salud-de-toda-persona-recluida\/#primaryimage"},"thumbnailUrl":"","datePublished":"2021-10-03T11:04:10+00:00","breadcrumb":{"@id":"https:\/\/www.eldiario.net\/portal\/2021\/10\/03\/garantizamos-la-salud-de-toda-persona-recluida\/#breadcrumb"},"inLanguage":"es","potentialAction":[{"@type":"ReadAction","target":["https:\/\/www.eldiario.net\/portal\/2021\/10\/03\/garantizamos-la-salud-de-toda-persona-recluida\/"]}]},{"@type":"ImageObject","inLanguage":"es","@id":"https:\/\/www.eldiario.net\/portal\/2021\/10\/03\/garantizamos-la-salud-de-toda-persona-recluida\/#primaryimage","url":"","contentUrl":""},{"@type":"BreadcrumbList","@id":"https:\/\/www.eldiario.net\/portal\/2021\/10\/03\/garantizamos-la-salud-de-toda-persona-recluida\/#breadcrumb","itemListElement":[{"@type":"ListItem","position":1,"name":"Portada","item":"https:\/\/www.eldiario.net\/portal\/"},{"@type":"ListItem","position":2,"name":"\u201cGarantizamos la salud de toda persona recluida\u201d"}]},{"@type":"WebSite","@id":"https:\/\/www.eldiario.net\/portal\/#website","url":"https:\/\/www.eldiario.net\/portal\/","name":"El Diario - Decano de la prensa nacional","description":"El Diario - Decano de la prensa nacional","publisher":{"@id":"https:\/\/www.eldiario.net\/portal\/#organization"},"potentialAction":[{"@type":"SearchAction","target":{"@type":"EntryPoint","urlTemplate":"https:\/\/www.eldiario.net\/portal\/?s={search_term_string}"},"query-input":{"@type":"PropertyValueSpecification","valueRequired":true,"valueName":"search_term_string"}}],"inLanguage":"es"},{"@type":"Organization","@id":"https:\/\/www.eldiario.net\/portal\/#organization","name":"El Diario - Decano de la prensa nacional","url":"https:\/\/www.eldiario.net\/portal\/","logo":{"@type":"ImageObject","inLanguage":"es","@id":"https:\/\/www.eldiario.net\/portal\/#\/schema\/logo\/image\/","url":"https:\/\/www.eldiario.net\/portal\/wp-content\/uploads\/2023\/07\/logo_ED.jpg","contentUrl":"https:\/\/www.eldiario.net\/portal\/wp-content\/uploads\/2023\/07\/logo_ED.jpg","width":272,"height":52,"caption":"El Diario - Decano de la prensa nacional"},"image":{"@id":"https:\/\/www.eldiario.net\/portal\/#\/schema\/logo\/image\/"},"sameAs":["https:\/\/www.facebook.com\/eldiario.bolivia\/","https:\/\/x.com\/eldiario_net"]},{"@type":"Person","@id":"https:\/\/www.eldiario.net\/portal\/#\/schema\/person\/2c57cf2b7a7ae032e449e4c9b1019eac","name":"Jeanette","image":{"@type":"ImageObject","inLanguage":"es","@id":"https:\/\/secure.gravatar.com\/avatar\/3ea2118a5f7dad2b7138b1187a6b7ee55f160b9968b66013c3a3ef39dd7e5798?s=96&d=mm&r=g","url":"https:\/\/secure.gravatar.com\/avatar\/3ea2118a5f7dad2b7138b1187a6b7ee55f160b9968b66013c3a3ef39dd7e5798?s=96&d=mm&r=g","contentUrl":"https:\/\/secure.gravatar.com\/avatar\/3ea2118a5f7dad2b7138b1187a6b7ee55f160b9968b66013c3a3ef39dd7e5798?s=96&d=mm&r=g","caption":"Jeanette"},"sameAs":["https:\/\/www.eldiario.net\/portal"],"url":"https:\/\/www.eldiario.net\/portal\/author\/jeanette\/"}]}},"_links":{"self":[{"href":"https:\/\/www.eldiario.net\/portal\/wp-json\/wp\/v2\/posts\/33959","targetHints":{"allow":["GET"]}}],"collection":[{"href":"https:\/\/www.eldiario.net\/portal\/wp-json\/wp\/v2\/posts"}],"about":[{"href":"https:\/\/www.eldiario.net\/portal\/wp-json\/wp\/v2\/types\/post"}],"author":[{"embeddable":true,"href":"https:\/\/www.eldiario.net\/portal\/wp-json\/wp\/v2\/users\/1"}],"replies":[{"embeddable":true,"href":"https:\/\/www.eldiario.net\/portal\/wp-json\/wp\/v2\/comments?post=33959"}],"version-history":[{"count":0,"href":"https:\/\/www.eldiario.net\/portal\/wp-json\/wp\/v2\/posts\/33959\/revisions"}],"wp:attachment":[{"href":"https:\/\/www.eldiario.net\/portal\/wp-json\/wp\/v2\/media?parent=33959"}],"wp:term":[{"taxonomy":"category","embeddable":true,"href":"https:\/\/www.eldiario.net\/portal\/wp-json\/wp\/v2\/categories?post=33959"},{"taxonomy":"post_tag","embeddable":true,"href":"https:\/\/www.eldiario.net\/portal\/wp-json\/wp\/v2\/tags?post=33959"}],"curies":[{"name":"wp","href":"https:\/\/api.w.org\/{rel}","templated":true}]}}