{"id":339418,"date":"2025-10-20T00:53:37","date_gmt":"2025-10-20T04:53:37","guid":{"rendered":"https:\/\/www.eldiario.net\/portal\/?p=339418"},"modified":"2025-10-19T21:54:33","modified_gmt":"2025-10-20T01:54:33","slug":"microsoft-presenta-mai-image-1-su-primer-generador-de-imagenes-con-ia-desarrollado-internamente","status":"publish","type":"post","link":"https:\/\/www.eldiario.net\/portal\/2025\/10\/20\/microsoft-presenta-mai-image-1-su-primer-generador-de-imagenes-con-ia-desarrollado-internamente\/","title":{"rendered":"Microsoft presenta MAI-Image-1, su primer generador de im\u00e1genes con IA desarrollado internamente"},"content":{"rendered":"<p>Microsoft ha dado un paso importante en su estrategia de inteligencia artificial con el lanzamiento de MAI-Image-1, su primer modelo propio para generar im\u00e1genes. A diferencia de herramientas anteriores como Bing Image Creator, que usaban tecnolog\u00eda de terceros, este nuevo sistema ha sido creado completamente por Microsoft AI.<\/p>\n<p>La llegada de Mustafa Suleyman ha impulsado esta evoluci\u00f3n, que ahora se refleja en un modelo que ya figura entre los diez mejores en la plataforma LMArena, donde usuarios comparan modelos de IA mediante votaciones a ciegas. MAI-Image-1 destaca por su rapidez y capacidad para generar im\u00e1genes fotorrealistas, superando incluso a modelos m\u00e1s grandes y complejos, seg\u00fan afirma la compa\u00f1\u00eda.<\/p>\n<p>Microsoft asegura que ha trabajado con especial cuidado en la selecci\u00f3n de datos, la diversidad visual y la evaluaci\u00f3n con expertos creativos para evitar resultados repetitivos o gen\u00e9ricos. El modelo busca equilibrar calidad y velocidad, lo que beneficia a dise\u00f1adores y creadores al reducir los tiempos de trabajo.<\/p>\n<p>Este lanzamiento se enmarca en una estrategia m\u00e1s amplia: Microsoft est\u00e1 invirtiendo en el desarrollo de sus propios modelos, diversificando proveedores como Anthropic y reduciendo su dependencia de OpenAI. Esta independencia le permite adaptar mejor sus herramientas a productos como Windows, Copilot, Microsoft 365, LinkedIn y Xbox.<\/p>\n<p>La inclusi\u00f3n de MAI-Image-1 en el top-10 de LMArena es significativa, ya que refleja una buena recepci\u00f3n por parte de los usuarios frente a modelos ya consolidados. Es un debut prometedor que marca el inicio de una nueva etapa para Microsoft en el campo de la generaci\u00f3n visual por IA.<\/p>\n<p>Con este avance, Microsoft pasa de usar modelos externos a desarrollar tecnolog\u00eda propia, integrando MAI-Image-1 en sus servicios como Copilot y Bing Image Creator. La empresa promete mejoras en fotorealismo \u2014como iluminaci\u00f3n, texturas y reflejos\u2014 y una entrega m\u00e1s r\u00e1pida.<\/p>\n<p>Adem\u00e1s, Microsoft ha confirmado que el despliegue del modelo se har\u00e1 de forma responsable, recogiendo opiniones en LMArena antes de ampliar su disponibilidad. Esto demuestra su intenci\u00f3n de combinar innovaci\u00f3n con seguridad en un \u00e1rea donde la calidad visual debe ir acompa\u00f1ada de filtros adecuados.<\/p>\n","protected":false},"excerpt":{"rendered":"<p>Microsoft ha dado un paso importante en su estrategia de inteligencia artificial con el lanzamiento de MAI-Image-1, su primer modelo propio para generar im\u00e1genes. A diferencia de herramientas anteriores como Bing Image Creator, que usaban tecnolog\u00eda de terceros, este nuevo sistema ha sido creado completamente por Microsoft AI. La llegada de Mustafa Suleyman ha impulsado [&hellip;]<\/p>\n","protected":false},"author":1,"featured_media":339419,"comment_status":"closed","ping_status":"open","sticky":false,"template":"","format":"standard","meta":{"_acf_changed":false,"footnotes":""},"categories":[46],"tags":[],"class_list":["post-339418","post","type-post","status-publish","format-standard","has-post-thumbnail","category-ciencia-computacion"],"acf":{"antetitulo":""},"yoast_head":"<!-- This site is optimized with the Yoast SEO plugin v28.3 - https:\/\/yoast.com\/product\/yoast-seo-wordpress\/ -->\n<title>Microsoft presenta MAI-Image-1, su primer generador de im\u00e1genes con IA desarrollado internamente - El Diario - Bolivia<\/title>\n<meta name=\"robots\" content=\"index, follow, max-snippet:-1, max-image-preview:large, max-video-preview:-1\" \/>\n<link rel=\"canonical\" href=\"https:\/\/www.eldiario.net\/portal\/2025\/10\/20\/microsoft-presenta-mai-image-1-su-primer-generador-de-imagenes-con-ia-desarrollado-internamente\/\" \/>\n<meta property=\"og:locale\" content=\"es_ES\" \/>\n<meta property=\"og:type\" content=\"article\" \/>\n<meta property=\"og:title\" content=\"Microsoft presenta MAI-Image-1, su primer generador de im\u00e1genes con IA desarrollado internamente - El Diario - Bolivia\" \/>\n<meta property=\"og:description\" content=\"Microsoft ha dado un paso importante en su estrategia de inteligencia artificial con el lanzamiento de MAI-Image-1, su primer modelo propio para generar im\u00e1genes. A diferencia de herramientas anteriores como Bing Image Creator, que usaban tecnolog\u00eda de terceros, este nuevo sistema ha sido creado completamente por Microsoft AI. La llegada de Mustafa Suleyman ha impulsado [&hellip;]\" \/>\n<meta property=\"og:url\" content=\"https:\/\/www.eldiario.net\/portal\/2025\/10\/20\/microsoft-presenta-mai-image-1-su-primer-generador-de-imagenes-con-ia-desarrollado-internamente\/\" \/>\n<meta property=\"og:site_name\" content=\"El Diario - Bolivia\" \/>\n<meta property=\"article:publisher\" content=\"https:\/\/www.facebook.com\/eldiario.bolivia\/\" \/>\n<meta property=\"article:published_time\" content=\"2025-10-20T04:53:37+00:00\" \/>\n<meta property=\"og:image\" content=\"https:\/\/www.eldiario.net\/portal\/wp-content\/uploads\/2025\/10\/6-B-2.webp\" \/>\n\t<meta property=\"og:image:width\" content=\"549\" \/>\n\t<meta property=\"og:image:height\" content=\"309\" \/>\n\t<meta property=\"og:image:type\" content=\"image\/webp\" \/>\n<meta name=\"author\" content=\"Jeanette\" \/>\n<meta name=\"twitter:card\" content=\"summary_large_image\" \/>\n<meta name=\"twitter:creator\" content=\"@eldiario_net\" \/>\n<meta name=\"twitter:site\" content=\"@eldiario_net\" \/>\n<meta name=\"twitter:label1\" content=\"Escrito por\" \/>\n\t<meta name=\"twitter:data1\" content=\"Jeanette\" \/>\n\t<meta name=\"twitter:label2\" content=\"Tiempo de lectura\" \/>\n\t<meta name=\"twitter:data2\" content=\"2 minutos\" \/>\n<script type=\"application\/ld+json\" class=\"yoast-schema-graph\">{\"@context\":\"https:\\\/\\\/schema.org\",\"@graph\":[{\"@type\":\"Article\",\"@id\":\"https:\\\/\\\/www.eldiario.net\\\/portal\\\/2025\\\/10\\\/20\\\/microsoft-presenta-mai-image-1-su-primer-generador-de-imagenes-con-ia-desarrollado-internamente\\\/#article\",\"isPartOf\":{\"@id\":\"https:\\\/\\\/www.eldiario.net\\\/portal\\\/2025\\\/10\\\/20\\\/microsoft-presenta-mai-image-1-su-primer-generador-de-imagenes-con-ia-desarrollado-internamente\\\/\"},\"author\":{\"name\":\"Jeanette\",\"@id\":\"https:\\\/\\\/www.eldiario.net\\\/portal\\\/#\\\/schema\\\/person\\\/f46445640444750d7d753ccd04ae01b7\"},\"headline\":\"Microsoft presenta MAI-Image-1, su primer generador de im\u00e1genes con IA desarrollado internamente\",\"datePublished\":\"2025-10-20T04:53:37+00:00\",\"mainEntityOfPage\":{\"@id\":\"https:\\\/\\\/www.eldiario.net\\\/portal\\\/2025\\\/10\\\/20\\\/microsoft-presenta-mai-image-1-su-primer-generador-de-imagenes-con-ia-desarrollado-internamente\\\/\"},\"wordCount\":373,\"publisher\":{\"@id\":\"https:\\\/\\\/www.eldiario.net\\\/portal\\\/#organization\"},\"image\":{\"@id\":\"https:\\\/\\\/www.eldiario.net\\\/portal\\\/2025\\\/10\\\/20\\\/microsoft-presenta-mai-image-1-su-primer-generador-de-imagenes-con-ia-desarrollado-internamente\\\/#primaryimage\"},\"thumbnailUrl\":\"https:\\\/\\\/www.eldiario.net\\\/portal\\\/wp-content\\\/uploads\\\/2025\\\/10\\\/6-B-2.webp\",\"articleSection\":[\"Ciencia y Computaci\u00f3n\"],\"inLanguage\":\"es\"},{\"@type\":\"WebPage\",\"@id\":\"https:\\\/\\\/www.eldiario.net\\\/portal\\\/2025\\\/10\\\/20\\\/microsoft-presenta-mai-image-1-su-primer-generador-de-imagenes-con-ia-desarrollado-internamente\\\/\",\"url\":\"https:\\\/\\\/www.eldiario.net\\\/portal\\\/2025\\\/10\\\/20\\\/microsoft-presenta-mai-image-1-su-primer-generador-de-imagenes-con-ia-desarrollado-internamente\\\/\",\"name\":\"Microsoft presenta MAI-Image-1, su primer generador de im\u00e1genes con IA desarrollado internamente - El Diario - Bolivia\",\"isPartOf\":{\"@id\":\"https:\\\/\\\/www.eldiario.net\\\/portal\\\/#website\"},\"primaryImageOfPage\":{\"@id\":\"https:\\\/\\\/www.eldiario.net\\\/portal\\\/2025\\\/10\\\/20\\\/microsoft-presenta-mai-image-1-su-primer-generador-de-imagenes-con-ia-desarrollado-internamente\\\/#primaryimage\"},\"image\":{\"@id\":\"https:\\\/\\\/www.eldiario.net\\\/portal\\\/2025\\\/10\\\/20\\\/microsoft-presenta-mai-image-1-su-primer-generador-de-imagenes-con-ia-desarrollado-internamente\\\/#primaryimage\"},\"thumbnailUrl\":\"https:\\\/\\\/www.eldiario.net\\\/portal\\\/wp-content\\\/uploads\\\/2025\\\/10\\\/6-B-2.webp\",\"datePublished\":\"2025-10-20T04:53:37+00:00\",\"breadcrumb\":{\"@id\":\"https:\\\/\\\/www.eldiario.net\\\/portal\\\/2025\\\/10\\\/20\\\/microsoft-presenta-mai-image-1-su-primer-generador-de-imagenes-con-ia-desarrollado-internamente\\\/#breadcrumb\"},\"inLanguage\":\"es\",\"potentialAction\":[{\"@type\":\"ReadAction\",\"target\":[\"https:\\\/\\\/www.eldiario.net\\\/portal\\\/2025\\\/10\\\/20\\\/microsoft-presenta-mai-image-1-su-primer-generador-de-imagenes-con-ia-desarrollado-internamente\\\/\"]}]},{\"@type\":\"ImageObject\",\"inLanguage\":\"es\",\"@id\":\"https:\\\/\\\/www.eldiario.net\\\/portal\\\/2025\\\/10\\\/20\\\/microsoft-presenta-mai-image-1-su-primer-generador-de-imagenes-con-ia-desarrollado-internamente\\\/#primaryimage\",\"url\":\"https:\\\/\\\/www.eldiario.net\\\/portal\\\/wp-content\\\/uploads\\\/2025\\\/10\\\/6-B-2.webp\",\"contentUrl\":\"https:\\\/\\\/www.eldiario.net\\\/portal\\\/wp-content\\\/uploads\\\/2025\\\/10\\\/6-B-2.webp\",\"width\":549,\"height\":309},{\"@type\":\"BreadcrumbList\",\"@id\":\"https:\\\/\\\/www.eldiario.net\\\/portal\\\/2025\\\/10\\\/20\\\/microsoft-presenta-mai-image-1-su-primer-generador-de-imagenes-con-ia-desarrollado-internamente\\\/#breadcrumb\",\"itemListElement\":[{\"@type\":\"ListItem\",\"position\":1,\"name\":\"Portada\",\"item\":\"https:\\\/\\\/www.eldiario.net\\\/portal\\\/\"},{\"@type\":\"ListItem\",\"position\":2,\"name\":\"Microsoft presenta MAI-Image-1, su primer generador de im\u00e1genes con IA desarrollado internamente\"}]},{\"@type\":\"WebSite\",\"@id\":\"https:\\\/\\\/www.eldiario.net\\\/portal\\\/#website\",\"url\":\"https:\\\/\\\/www.eldiario.net\\\/portal\\\/\",\"name\":\"El Diario - Decano de la prensa nacional\",\"description\":\"El Diario - Decano de la prensa nacional\",\"publisher\":{\"@id\":\"https:\\\/\\\/www.eldiario.net\\\/portal\\\/#organization\"},\"potentialAction\":[{\"@type\":\"SearchAction\",\"target\":{\"@type\":\"EntryPoint\",\"urlTemplate\":\"https:\\\/\\\/www.eldiario.net\\\/portal\\\/?s={search_term_string}\"},\"query-input\":{\"@type\":\"PropertyValueSpecification\",\"valueRequired\":true,\"valueName\":\"search_term_string\"}}],\"inLanguage\":\"es\"},{\"@type\":\"Organization\",\"@id\":\"https:\\\/\\\/www.eldiario.net\\\/portal\\\/#organization\",\"name\":\"El Diario - Decano de la prensa nacional\",\"url\":\"https:\\\/\\\/www.eldiario.net\\\/portal\\\/\",\"logo\":{\"@type\":\"ImageObject\",\"inLanguage\":\"es\",\"@id\":\"https:\\\/\\\/www.eldiario.net\\\/portal\\\/#\\\/schema\\\/logo\\\/image\\\/\",\"url\":\"https:\\\/\\\/www.eldiario.net\\\/portal\\\/wp-content\\\/uploads\\\/2023\\\/07\\\/logo_ED.jpg\",\"contentUrl\":\"https:\\\/\\\/www.eldiario.net\\\/portal\\\/wp-content\\\/uploads\\\/2023\\\/07\\\/logo_ED.jpg\",\"width\":272,\"height\":52,\"caption\":\"El Diario - Decano de la prensa nacional\"},\"image\":{\"@id\":\"https:\\\/\\\/www.eldiario.net\\\/portal\\\/#\\\/schema\\\/logo\\\/image\\\/\"},\"sameAs\":[\"https:\\\/\\\/www.facebook.com\\\/eldiario.bolivia\\\/\",\"https:\\\/\\\/x.com\\\/eldiario_net\"]},{\"@type\":\"Person\",\"@id\":\"https:\\\/\\\/www.eldiario.net\\\/portal\\\/#\\\/schema\\\/person\\\/f46445640444750d7d753ccd04ae01b7\",\"name\":\"Jeanette\",\"image\":{\"@type\":\"ImageObject\",\"inLanguage\":\"es\",\"@id\":\"https:\\\/\\\/secure.gravatar.com\\\/avatar\\\/3ea2118a5f7dad2b7138b1187a6b7ee55f160b9968b66013c3a3ef39dd7e5798?s=96&d=mm&r=g\",\"url\":\"https:\\\/\\\/secure.gravatar.com\\\/avatar\\\/3ea2118a5f7dad2b7138b1187a6b7ee55f160b9968b66013c3a3ef39dd7e5798?s=96&d=mm&r=g\",\"contentUrl\":\"https:\\\/\\\/secure.gravatar.com\\\/avatar\\\/3ea2118a5f7dad2b7138b1187a6b7ee55f160b9968b66013c3a3ef39dd7e5798?s=96&d=mm&r=g\",\"caption\":\"Jeanette\"},\"sameAs\":[\"https:\\\/\\\/www.eldiario.net\\\/portal\"],\"url\":\"https:\\\/\\\/www.eldiario.net\\\/portal\\\/author\\\/jeanette\\\/\"}]}<\/script>\n<!-- \/ Yoast SEO plugin. -->","yoast_head_json":{"title":"Microsoft presenta MAI-Image-1, su primer generador de im\u00e1genes con IA desarrollado internamente - El Diario - Bolivia","robots":{"index":"index","follow":"follow","max-snippet":"max-snippet:-1","max-image-preview":"max-image-preview:large","max-video-preview":"max-video-preview:-1"},"canonical":"https:\/\/www.eldiario.net\/portal\/2025\/10\/20\/microsoft-presenta-mai-image-1-su-primer-generador-de-imagenes-con-ia-desarrollado-internamente\/","og_locale":"es_ES","og_type":"article","og_title":"Microsoft presenta MAI-Image-1, su primer generador de im\u00e1genes con IA desarrollado internamente - El Diario - Bolivia","og_description":"Microsoft ha dado un paso importante en su estrategia de inteligencia artificial con el lanzamiento de MAI-Image-1, su primer modelo propio para generar im\u00e1genes. A diferencia de herramientas anteriores como Bing Image Creator, que usaban tecnolog\u00eda de terceros, este nuevo sistema ha sido creado completamente por Microsoft AI. La llegada de Mustafa Suleyman ha impulsado [&hellip;]","og_url":"https:\/\/www.eldiario.net\/portal\/2025\/10\/20\/microsoft-presenta-mai-image-1-su-primer-generador-de-imagenes-con-ia-desarrollado-internamente\/","og_site_name":"El Diario - Bolivia","article_publisher":"https:\/\/www.facebook.com\/eldiario.bolivia\/","article_published_time":"2025-10-20T04:53:37+00:00","og_image":[{"width":549,"height":309,"url":"https:\/\/www.eldiario.net\/portal\/wp-content\/uploads\/2025\/10\/6-B-2.webp","type":"image\/webp"}],"author":"Jeanette","twitter_card":"summary_large_image","twitter_creator":"@eldiario_net","twitter_site":"@eldiario_net","twitter_misc":{"Escrito por":"Jeanette","Tiempo de lectura":"2 minutos"},"schema":{"@context":"https:\/\/schema.org","@graph":[{"@type":"Article","@id":"https:\/\/www.eldiario.net\/portal\/2025\/10\/20\/microsoft-presenta-mai-image-1-su-primer-generador-de-imagenes-con-ia-desarrollado-internamente\/#article","isPartOf":{"@id":"https:\/\/www.eldiario.net\/portal\/2025\/10\/20\/microsoft-presenta-mai-image-1-su-primer-generador-de-imagenes-con-ia-desarrollado-internamente\/"},"author":{"name":"Jeanette","@id":"https:\/\/www.eldiario.net\/portal\/#\/schema\/person\/f46445640444750d7d753ccd04ae01b7"},"headline":"Microsoft presenta MAI-Image-1, su primer generador de im\u00e1genes con IA desarrollado internamente","datePublished":"2025-10-20T04:53:37+00:00","mainEntityOfPage":{"@id":"https:\/\/www.eldiario.net\/portal\/2025\/10\/20\/microsoft-presenta-mai-image-1-su-primer-generador-de-imagenes-con-ia-desarrollado-internamente\/"},"wordCount":373,"publisher":{"@id":"https:\/\/www.eldiario.net\/portal\/#organization"},"image":{"@id":"https:\/\/www.eldiario.net\/portal\/2025\/10\/20\/microsoft-presenta-mai-image-1-su-primer-generador-de-imagenes-con-ia-desarrollado-internamente\/#primaryimage"},"thumbnailUrl":"https:\/\/www.eldiario.net\/portal\/wp-content\/uploads\/2025\/10\/6-B-2.webp","articleSection":["Ciencia y Computaci\u00f3n"],"inLanguage":"es"},{"@type":"WebPage","@id":"https:\/\/www.eldiario.net\/portal\/2025\/10\/20\/microsoft-presenta-mai-image-1-su-primer-generador-de-imagenes-con-ia-desarrollado-internamente\/","url":"https:\/\/www.eldiario.net\/portal\/2025\/10\/20\/microsoft-presenta-mai-image-1-su-primer-generador-de-imagenes-con-ia-desarrollado-internamente\/","name":"Microsoft presenta MAI-Image-1, su primer generador de im\u00e1genes con IA desarrollado internamente - El Diario - Bolivia","isPartOf":{"@id":"https:\/\/www.eldiario.net\/portal\/#website"},"primaryImageOfPage":{"@id":"https:\/\/www.eldiario.net\/portal\/2025\/10\/20\/microsoft-presenta-mai-image-1-su-primer-generador-de-imagenes-con-ia-desarrollado-internamente\/#primaryimage"},"image":{"@id":"https:\/\/www.eldiario.net\/portal\/2025\/10\/20\/microsoft-presenta-mai-image-1-su-primer-generador-de-imagenes-con-ia-desarrollado-internamente\/#primaryimage"},"thumbnailUrl":"https:\/\/www.eldiario.net\/portal\/wp-content\/uploads\/2025\/10\/6-B-2.webp","datePublished":"2025-10-20T04:53:37+00:00","breadcrumb":{"@id":"https:\/\/www.eldiario.net\/portal\/2025\/10\/20\/microsoft-presenta-mai-image-1-su-primer-generador-de-imagenes-con-ia-desarrollado-internamente\/#breadcrumb"},"inLanguage":"es","potentialAction":[{"@type":"ReadAction","target":["https:\/\/www.eldiario.net\/portal\/2025\/10\/20\/microsoft-presenta-mai-image-1-su-primer-generador-de-imagenes-con-ia-desarrollado-internamente\/"]}]},{"@type":"ImageObject","inLanguage":"es","@id":"https:\/\/www.eldiario.net\/portal\/2025\/10\/20\/microsoft-presenta-mai-image-1-su-primer-generador-de-imagenes-con-ia-desarrollado-internamente\/#primaryimage","url":"https:\/\/www.eldiario.net\/portal\/wp-content\/uploads\/2025\/10\/6-B-2.webp","contentUrl":"https:\/\/www.eldiario.net\/portal\/wp-content\/uploads\/2025\/10\/6-B-2.webp","width":549,"height":309},{"@type":"BreadcrumbList","@id":"https:\/\/www.eldiario.net\/portal\/2025\/10\/20\/microsoft-presenta-mai-image-1-su-primer-generador-de-imagenes-con-ia-desarrollado-internamente\/#breadcrumb","itemListElement":[{"@type":"ListItem","position":1,"name":"Portada","item":"https:\/\/www.eldiario.net\/portal\/"},{"@type":"ListItem","position":2,"name":"Microsoft presenta MAI-Image-1, su primer generador de im\u00e1genes con IA desarrollado internamente"}]},{"@type":"WebSite","@id":"https:\/\/www.eldiario.net\/portal\/#website","url":"https:\/\/www.eldiario.net\/portal\/","name":"El Diario - Decano de la prensa nacional","description":"El Diario - Decano de la prensa nacional","publisher":{"@id":"https:\/\/www.eldiario.net\/portal\/#organization"},"potentialAction":[{"@type":"SearchAction","target":{"@type":"EntryPoint","urlTemplate":"https:\/\/www.eldiario.net\/portal\/?s={search_term_string}"},"query-input":{"@type":"PropertyValueSpecification","valueRequired":true,"valueName":"search_term_string"}}],"inLanguage":"es"},{"@type":"Organization","@id":"https:\/\/www.eldiario.net\/portal\/#organization","name":"El Diario - Decano de la prensa nacional","url":"https:\/\/www.eldiario.net\/portal\/","logo":{"@type":"ImageObject","inLanguage":"es","@id":"https:\/\/www.eldiario.net\/portal\/#\/schema\/logo\/image\/","url":"https:\/\/www.eldiario.net\/portal\/wp-content\/uploads\/2023\/07\/logo_ED.jpg","contentUrl":"https:\/\/www.eldiario.net\/portal\/wp-content\/uploads\/2023\/07\/logo_ED.jpg","width":272,"height":52,"caption":"El Diario - Decano de la prensa nacional"},"image":{"@id":"https:\/\/www.eldiario.net\/portal\/#\/schema\/logo\/image\/"},"sameAs":["https:\/\/www.facebook.com\/eldiario.bolivia\/","https:\/\/x.com\/eldiario_net"]},{"@type":"Person","@id":"https:\/\/www.eldiario.net\/portal\/#\/schema\/person\/f46445640444750d7d753ccd04ae01b7","name":"Jeanette","image":{"@type":"ImageObject","inLanguage":"es","@id":"https:\/\/secure.gravatar.com\/avatar\/3ea2118a5f7dad2b7138b1187a6b7ee55f160b9968b66013c3a3ef39dd7e5798?s=96&d=mm&r=g","url":"https:\/\/secure.gravatar.com\/avatar\/3ea2118a5f7dad2b7138b1187a6b7ee55f160b9968b66013c3a3ef39dd7e5798?s=96&d=mm&r=g","contentUrl":"https:\/\/secure.gravatar.com\/avatar\/3ea2118a5f7dad2b7138b1187a6b7ee55f160b9968b66013c3a3ef39dd7e5798?s=96&d=mm&r=g","caption":"Jeanette"},"sameAs":["https:\/\/www.eldiario.net\/portal"],"url":"https:\/\/www.eldiario.net\/portal\/author\/jeanette\/"}]}},"_links":{"self":[{"href":"https:\/\/www.eldiario.net\/portal\/wp-json\/wp\/v2\/posts\/339418","targetHints":{"allow":["GET"]}}],"collection":[{"href":"https:\/\/www.eldiario.net\/portal\/wp-json\/wp\/v2\/posts"}],"about":[{"href":"https:\/\/www.eldiario.net\/portal\/wp-json\/wp\/v2\/types\/post"}],"author":[{"embeddable":true,"href":"https:\/\/www.eldiario.net\/portal\/wp-json\/wp\/v2\/users\/1"}],"replies":[{"embeddable":true,"href":"https:\/\/www.eldiario.net\/portal\/wp-json\/wp\/v2\/comments?post=339418"}],"version-history":[{"count":1,"href":"https:\/\/www.eldiario.net\/portal\/wp-json\/wp\/v2\/posts\/339418\/revisions"}],"predecessor-version":[{"id":339420,"href":"https:\/\/www.eldiario.net\/portal\/wp-json\/wp\/v2\/posts\/339418\/revisions\/339420"}],"wp:featuredmedia":[{"embeddable":true,"href":"https:\/\/www.eldiario.net\/portal\/wp-json\/wp\/v2\/media\/339419"}],"wp:attachment":[{"href":"https:\/\/www.eldiario.net\/portal\/wp-json\/wp\/v2\/media?parent=339418"}],"wp:term":[{"taxonomy":"category","embeddable":true,"href":"https:\/\/www.eldiario.net\/portal\/wp-json\/wp\/v2\/categories?post=339418"},{"taxonomy":"post_tag","embeddable":true,"href":"https:\/\/www.eldiario.net\/portal\/wp-json\/wp\/v2\/tags?post=339418"}],"curies":[{"name":"wp","href":"https:\/\/api.w.org\/{rel}","templated":true}]}}