{"id":339415,"date":"2025-10-20T00:52:52","date_gmt":"2025-10-20T04:52:52","guid":{"rendered":"https:\/\/www.eldiario.net\/portal\/?p=339415"},"modified":"2025-10-19T21:53:27","modified_gmt":"2025-10-20T01:53:27","slug":"apple-pierde-a-otro-lider-en-inteligencia-artificial","status":"publish","type":"post","link":"https:\/\/www.eldiario.net\/portal\/2025\/10\/20\/apple-pierde-a-otro-lider-en-inteligencia-artificial\/","title":{"rendered":"Apple pierde a otro l\u00edder en inteligencia artificial"},"content":{"rendered":"<p>Hace tan solo unas semanas, Apple design\u00f3 a Ke Yang como responsable de \u201cRespuestas\u201d, un ambicioso proyecto de inteligencia artificial destinado a integrarse en Siri y Safari como motor de b\u00fasqueda inteligente. Sin embargo, seg\u00fan inform\u00f3 Bloomberg, Yang ha sido contratado por Meta antes siquiera de consolidarse en su nuevo cargo dentro de la compa\u00f1\u00eda de Cupertino.<\/p>\n<p>Este movimiento se suma a una serie de salidas significativas en el equipo de IA de Apple. En julio, Meta ya hab\u00eda fichado a Ruoming Pang, quien lideraba los Apple Foundation Models, con un acuerdo valorado en 200 millones de d\u00f3lares distribuidos en varios a\u00f1os. Desde entonces, al menos una docena de ingenieros especializados en inteligencia artificial han abandonado Apple para unirse a la empresa de Mark Zuckerberg, que tambi\u00e9n ha estado atrayendo talento de otras compa\u00f1\u00edas clave del sector como OpenAI y xAI.<\/p>\n<p><strong>Una fuga que genera inquietud<\/strong><\/p>\n<p>La marcha de Ke Yang refuerza la percepci\u00f3n de una \u201ccrisis de confianza\u201d dentro de Apple, tal como lo describi\u00f3 el Financial Times. M\u00e1s all\u00e1 de los atractivos econ\u00f3micos que puedan ofrecer otras empresas, algunos empleados estar\u00edan cuestionando la direcci\u00f3n estrat\u00e9gica que Apple est\u00e1 tomando en el \u00e1mbito de la inteligencia artificial.<\/p>\n<p>La cohesi\u00f3n del equipo, la continuidad del conocimiento y la confianza en el liderazgo son elementos fundamentales para que Apple pueda competir en un entorno tan din\u00e1mico y exigente como el de la IA. La salida de figuras clave no solo representa una p\u00e9rdida de talento t\u00e9cnico, sino tambi\u00e9n de visi\u00f3n estrat\u00e9gica y experiencia acumulada, lo que podr\u00eda afectar la motivaci\u00f3n y estabilidad del resto del equipo.<\/p>\n<p><strong>Un futuro incierto para la IA en Apple<\/strong><\/p>\n<p>Hasta el momento, Apple no ha comunicado p\u00fablicamente qui\u00e9n asumir\u00e1 la direcci\u00f3n de los proyectos de inteligencia artificial que han quedado sin liderazgo. Aunque se ha especulado con una posible mayor colaboraci\u00f3n con actores externos como OpenAI, Claude o Perplexity, todo apunta a que la compa\u00f1\u00eda continuar\u00e1 apostando por el desarrollo interno de sus propios modelos, con el objetivo de integrarlos de forma nativa en Siri y en el resto de sus sistemas operativos.<\/p>\n<p>Este escenario pone de manifiesto la feroz competencia por el talento en el sector de la inteligencia artificial, y c\u00f3mo Meta est\u00e1 aprovechando el momento para fortalecer su posici\u00f3n en esta carrera tecnol\u00f3gica que definir\u00e1 el futuro de la industria.<\/p>\n","protected":false},"excerpt":{"rendered":"<p>Hace tan solo unas semanas, Apple design\u00f3 a Ke Yang como responsable de \u201cRespuestas\u201d, un ambicioso proyecto de inteligencia artificial destinado a integrarse en Siri y Safari como motor de b\u00fasqueda inteligente. Sin embargo, seg\u00fan inform\u00f3 Bloomberg, Yang ha sido contratado por Meta antes siquiera de consolidarse en su nuevo cargo dentro de la compa\u00f1\u00eda [&hellip;]<\/p>\n","protected":false},"author":1,"featured_media":339416,"comment_status":"closed","ping_status":"open","sticky":false,"template":"","format":"standard","meta":{"_acf_changed":false,"footnotes":""},"categories":[46],"tags":[],"class_list":["post-339415","post","type-post","status-publish","format-standard","has-post-thumbnail","category-ciencia-computacion"],"acf":{"antetitulo":""},"yoast_head":"<!-- This site is optimized with the Yoast SEO plugin v28.3 - https:\/\/yoast.com\/product\/yoast-seo-wordpress\/ -->\n<title>Apple pierde a otro l\u00edder en inteligencia artificial - El Diario - Bolivia<\/title>\n<meta name=\"robots\" content=\"index, follow, max-snippet:-1, max-image-preview:large, max-video-preview:-1\" \/>\n<link rel=\"canonical\" href=\"https:\/\/www.eldiario.net\/portal\/2025\/10\/20\/apple-pierde-a-otro-lider-en-inteligencia-artificial\/\" \/>\n<meta property=\"og:locale\" content=\"es_ES\" \/>\n<meta property=\"og:type\" content=\"article\" \/>\n<meta property=\"og:title\" content=\"Apple pierde a otro l\u00edder en inteligencia artificial - El Diario - Bolivia\" \/>\n<meta property=\"og:description\" content=\"Hace tan solo unas semanas, Apple design\u00f3 a Ke Yang como responsable de \u201cRespuestas\u201d, un ambicioso proyecto de inteligencia artificial destinado a integrarse en Siri y Safari como motor de b\u00fasqueda inteligente. Sin embargo, seg\u00fan inform\u00f3 Bloomberg, Yang ha sido contratado por Meta antes siquiera de consolidarse en su nuevo cargo dentro de la compa\u00f1\u00eda [&hellip;]\" \/>\n<meta property=\"og:url\" content=\"https:\/\/www.eldiario.net\/portal\/2025\/10\/20\/apple-pierde-a-otro-lider-en-inteligencia-artificial\/\" \/>\n<meta property=\"og:site_name\" content=\"El Diario - Bolivia\" \/>\n<meta property=\"article:publisher\" content=\"https:\/\/www.facebook.com\/eldiario.bolivia\/\" \/>\n<meta property=\"article:published_time\" content=\"2025-10-20T04:52:52+00:00\" \/>\n<meta property=\"og:image\" content=\"https:\/\/www.eldiario.net\/portal\/wp-content\/uploads\/2025\/10\/7-A-2.webp\" \/>\n\t<meta property=\"og:image:width\" content=\"1200\" \/>\n\t<meta property=\"og:image:height\" content=\"675\" \/>\n\t<meta property=\"og:image:type\" content=\"image\/webp\" \/>\n<meta name=\"author\" content=\"Jeanette\" \/>\n<meta name=\"twitter:card\" content=\"summary_large_image\" \/>\n<meta name=\"twitter:creator\" content=\"@eldiario_net\" \/>\n<meta name=\"twitter:site\" content=\"@eldiario_net\" \/>\n<meta name=\"twitter:label1\" content=\"Escrito por\" \/>\n\t<meta name=\"twitter:data1\" content=\"Jeanette\" \/>\n\t<meta name=\"twitter:label2\" content=\"Tiempo de lectura\" \/>\n\t<meta name=\"twitter:data2\" content=\"2 minutos\" \/>\n<script type=\"application\/ld+json\" class=\"yoast-schema-graph\">{\"@context\":\"https:\\\/\\\/schema.org\",\"@graph\":[{\"@type\":\"Article\",\"@id\":\"https:\\\/\\\/www.eldiario.net\\\/portal\\\/2025\\\/10\\\/20\\\/apple-pierde-a-otro-lider-en-inteligencia-artificial\\\/#article\",\"isPartOf\":{\"@id\":\"https:\\\/\\\/www.eldiario.net\\\/portal\\\/2025\\\/10\\\/20\\\/apple-pierde-a-otro-lider-en-inteligencia-artificial\\\/\"},\"author\":{\"name\":\"Jeanette\",\"@id\":\"https:\\\/\\\/www.eldiario.net\\\/portal\\\/#\\\/schema\\\/person\\\/f46445640444750d7d753ccd04ae01b7\"},\"headline\":\"Apple pierde a otro l\u00edder en inteligencia artificial\",\"datePublished\":\"2025-10-20T04:52:52+00:00\",\"mainEntityOfPage\":{\"@id\":\"https:\\\/\\\/www.eldiario.net\\\/portal\\\/2025\\\/10\\\/20\\\/apple-pierde-a-otro-lider-en-inteligencia-artificial\\\/\"},\"wordCount\":426,\"publisher\":{\"@id\":\"https:\\\/\\\/www.eldiario.net\\\/portal\\\/#organization\"},\"image\":{\"@id\":\"https:\\\/\\\/www.eldiario.net\\\/portal\\\/2025\\\/10\\\/20\\\/apple-pierde-a-otro-lider-en-inteligencia-artificial\\\/#primaryimage\"},\"thumbnailUrl\":\"https:\\\/\\\/www.eldiario.net\\\/portal\\\/wp-content\\\/uploads\\\/2025\\\/10\\\/7-A-2.webp\",\"articleSection\":[\"Ciencia y Computaci\u00f3n\"],\"inLanguage\":\"es\"},{\"@type\":\"WebPage\",\"@id\":\"https:\\\/\\\/www.eldiario.net\\\/portal\\\/2025\\\/10\\\/20\\\/apple-pierde-a-otro-lider-en-inteligencia-artificial\\\/\",\"url\":\"https:\\\/\\\/www.eldiario.net\\\/portal\\\/2025\\\/10\\\/20\\\/apple-pierde-a-otro-lider-en-inteligencia-artificial\\\/\",\"name\":\"Apple pierde a otro l\u00edder en inteligencia artificial - El Diario - Bolivia\",\"isPartOf\":{\"@id\":\"https:\\\/\\\/www.eldiario.net\\\/portal\\\/#website\"},\"primaryImageOfPage\":{\"@id\":\"https:\\\/\\\/www.eldiario.net\\\/portal\\\/2025\\\/10\\\/20\\\/apple-pierde-a-otro-lider-en-inteligencia-artificial\\\/#primaryimage\"},\"image\":{\"@id\":\"https:\\\/\\\/www.eldiario.net\\\/portal\\\/2025\\\/10\\\/20\\\/apple-pierde-a-otro-lider-en-inteligencia-artificial\\\/#primaryimage\"},\"thumbnailUrl\":\"https:\\\/\\\/www.eldiario.net\\\/portal\\\/wp-content\\\/uploads\\\/2025\\\/10\\\/7-A-2.webp\",\"datePublished\":\"2025-10-20T04:52:52+00:00\",\"breadcrumb\":{\"@id\":\"https:\\\/\\\/www.eldiario.net\\\/portal\\\/2025\\\/10\\\/20\\\/apple-pierde-a-otro-lider-en-inteligencia-artificial\\\/#breadcrumb\"},\"inLanguage\":\"es\",\"potentialAction\":[{\"@type\":\"ReadAction\",\"target\":[\"https:\\\/\\\/www.eldiario.net\\\/portal\\\/2025\\\/10\\\/20\\\/apple-pierde-a-otro-lider-en-inteligencia-artificial\\\/\"]}]},{\"@type\":\"ImageObject\",\"inLanguage\":\"es\",\"@id\":\"https:\\\/\\\/www.eldiario.net\\\/portal\\\/2025\\\/10\\\/20\\\/apple-pierde-a-otro-lider-en-inteligencia-artificial\\\/#primaryimage\",\"url\":\"https:\\\/\\\/www.eldiario.net\\\/portal\\\/wp-content\\\/uploads\\\/2025\\\/10\\\/7-A-2.webp\",\"contentUrl\":\"https:\\\/\\\/www.eldiario.net\\\/portal\\\/wp-content\\\/uploads\\\/2025\\\/10\\\/7-A-2.webp\",\"width\":1200,\"height\":675},{\"@type\":\"BreadcrumbList\",\"@id\":\"https:\\\/\\\/www.eldiario.net\\\/portal\\\/2025\\\/10\\\/20\\\/apple-pierde-a-otro-lider-en-inteligencia-artificial\\\/#breadcrumb\",\"itemListElement\":[{\"@type\":\"ListItem\",\"position\":1,\"name\":\"Portada\",\"item\":\"https:\\\/\\\/www.eldiario.net\\\/portal\\\/\"},{\"@type\":\"ListItem\",\"position\":2,\"name\":\"Apple pierde a otro l\u00edder en inteligencia artificial\"}]},{\"@type\":\"WebSite\",\"@id\":\"https:\\\/\\\/www.eldiario.net\\\/portal\\\/#website\",\"url\":\"https:\\\/\\\/www.eldiario.net\\\/portal\\\/\",\"name\":\"El Diario - Decano de la prensa nacional\",\"description\":\"El Diario - Decano de la prensa nacional\",\"publisher\":{\"@id\":\"https:\\\/\\\/www.eldiario.net\\\/portal\\\/#organization\"},\"potentialAction\":[{\"@type\":\"SearchAction\",\"target\":{\"@type\":\"EntryPoint\",\"urlTemplate\":\"https:\\\/\\\/www.eldiario.net\\\/portal\\\/?s={search_term_string}\"},\"query-input\":{\"@type\":\"PropertyValueSpecification\",\"valueRequired\":true,\"valueName\":\"search_term_string\"}}],\"inLanguage\":\"es\"},{\"@type\":\"Organization\",\"@id\":\"https:\\\/\\\/www.eldiario.net\\\/portal\\\/#organization\",\"name\":\"El Diario - Decano de la prensa nacional\",\"url\":\"https:\\\/\\\/www.eldiario.net\\\/portal\\\/\",\"logo\":{\"@type\":\"ImageObject\",\"inLanguage\":\"es\",\"@id\":\"https:\\\/\\\/www.eldiario.net\\\/portal\\\/#\\\/schema\\\/logo\\\/image\\\/\",\"url\":\"https:\\\/\\\/www.eldiario.net\\\/portal\\\/wp-content\\\/uploads\\\/2023\\\/07\\\/logo_ED.jpg\",\"contentUrl\":\"https:\\\/\\\/www.eldiario.net\\\/portal\\\/wp-content\\\/uploads\\\/2023\\\/07\\\/logo_ED.jpg\",\"width\":272,\"height\":52,\"caption\":\"El Diario - Decano de la prensa nacional\"},\"image\":{\"@id\":\"https:\\\/\\\/www.eldiario.net\\\/portal\\\/#\\\/schema\\\/logo\\\/image\\\/\"},\"sameAs\":[\"https:\\\/\\\/www.facebook.com\\\/eldiario.bolivia\\\/\",\"https:\\\/\\\/x.com\\\/eldiario_net\"]},{\"@type\":\"Person\",\"@id\":\"https:\\\/\\\/www.eldiario.net\\\/portal\\\/#\\\/schema\\\/person\\\/f46445640444750d7d753ccd04ae01b7\",\"name\":\"Jeanette\",\"image\":{\"@type\":\"ImageObject\",\"inLanguage\":\"es\",\"@id\":\"https:\\\/\\\/secure.gravatar.com\\\/avatar\\\/3ea2118a5f7dad2b7138b1187a6b7ee55f160b9968b66013c3a3ef39dd7e5798?s=96&d=mm&r=g\",\"url\":\"https:\\\/\\\/secure.gravatar.com\\\/avatar\\\/3ea2118a5f7dad2b7138b1187a6b7ee55f160b9968b66013c3a3ef39dd7e5798?s=96&d=mm&r=g\",\"contentUrl\":\"https:\\\/\\\/secure.gravatar.com\\\/avatar\\\/3ea2118a5f7dad2b7138b1187a6b7ee55f160b9968b66013c3a3ef39dd7e5798?s=96&d=mm&r=g\",\"caption\":\"Jeanette\"},\"sameAs\":[\"https:\\\/\\\/www.eldiario.net\\\/portal\"],\"url\":\"https:\\\/\\\/www.eldiario.net\\\/portal\\\/author\\\/jeanette\\\/\"}]}<\/script>\n<!-- \/ Yoast SEO plugin. -->","yoast_head_json":{"title":"Apple pierde a otro l\u00edder en inteligencia artificial - El Diario - Bolivia","robots":{"index":"index","follow":"follow","max-snippet":"max-snippet:-1","max-image-preview":"max-image-preview:large","max-video-preview":"max-video-preview:-1"},"canonical":"https:\/\/www.eldiario.net\/portal\/2025\/10\/20\/apple-pierde-a-otro-lider-en-inteligencia-artificial\/","og_locale":"es_ES","og_type":"article","og_title":"Apple pierde a otro l\u00edder en inteligencia artificial - El Diario - Bolivia","og_description":"Hace tan solo unas semanas, Apple design\u00f3 a Ke Yang como responsable de \u201cRespuestas\u201d, un ambicioso proyecto de inteligencia artificial destinado a integrarse en Siri y Safari como motor de b\u00fasqueda inteligente. Sin embargo, seg\u00fan inform\u00f3 Bloomberg, Yang ha sido contratado por Meta antes siquiera de consolidarse en su nuevo cargo dentro de la compa\u00f1\u00eda [&hellip;]","og_url":"https:\/\/www.eldiario.net\/portal\/2025\/10\/20\/apple-pierde-a-otro-lider-en-inteligencia-artificial\/","og_site_name":"El Diario - Bolivia","article_publisher":"https:\/\/www.facebook.com\/eldiario.bolivia\/","article_published_time":"2025-10-20T04:52:52+00:00","og_image":[{"width":1200,"height":675,"url":"https:\/\/www.eldiario.net\/portal\/wp-content\/uploads\/2025\/10\/7-A-2.webp","type":"image\/webp"}],"author":"Jeanette","twitter_card":"summary_large_image","twitter_creator":"@eldiario_net","twitter_site":"@eldiario_net","twitter_misc":{"Escrito por":"Jeanette","Tiempo de lectura":"2 minutos"},"schema":{"@context":"https:\/\/schema.org","@graph":[{"@type":"Article","@id":"https:\/\/www.eldiario.net\/portal\/2025\/10\/20\/apple-pierde-a-otro-lider-en-inteligencia-artificial\/#article","isPartOf":{"@id":"https:\/\/www.eldiario.net\/portal\/2025\/10\/20\/apple-pierde-a-otro-lider-en-inteligencia-artificial\/"},"author":{"name":"Jeanette","@id":"https:\/\/www.eldiario.net\/portal\/#\/schema\/person\/f46445640444750d7d753ccd04ae01b7"},"headline":"Apple pierde a otro l\u00edder en inteligencia artificial","datePublished":"2025-10-20T04:52:52+00:00","mainEntityOfPage":{"@id":"https:\/\/www.eldiario.net\/portal\/2025\/10\/20\/apple-pierde-a-otro-lider-en-inteligencia-artificial\/"},"wordCount":426,"publisher":{"@id":"https:\/\/www.eldiario.net\/portal\/#organization"},"image":{"@id":"https:\/\/www.eldiario.net\/portal\/2025\/10\/20\/apple-pierde-a-otro-lider-en-inteligencia-artificial\/#primaryimage"},"thumbnailUrl":"https:\/\/www.eldiario.net\/portal\/wp-content\/uploads\/2025\/10\/7-A-2.webp","articleSection":["Ciencia y Computaci\u00f3n"],"inLanguage":"es"},{"@type":"WebPage","@id":"https:\/\/www.eldiario.net\/portal\/2025\/10\/20\/apple-pierde-a-otro-lider-en-inteligencia-artificial\/","url":"https:\/\/www.eldiario.net\/portal\/2025\/10\/20\/apple-pierde-a-otro-lider-en-inteligencia-artificial\/","name":"Apple pierde a otro l\u00edder en inteligencia artificial - El Diario - Bolivia","isPartOf":{"@id":"https:\/\/www.eldiario.net\/portal\/#website"},"primaryImageOfPage":{"@id":"https:\/\/www.eldiario.net\/portal\/2025\/10\/20\/apple-pierde-a-otro-lider-en-inteligencia-artificial\/#primaryimage"},"image":{"@id":"https:\/\/www.eldiario.net\/portal\/2025\/10\/20\/apple-pierde-a-otro-lider-en-inteligencia-artificial\/#primaryimage"},"thumbnailUrl":"https:\/\/www.eldiario.net\/portal\/wp-content\/uploads\/2025\/10\/7-A-2.webp","datePublished":"2025-10-20T04:52:52+00:00","breadcrumb":{"@id":"https:\/\/www.eldiario.net\/portal\/2025\/10\/20\/apple-pierde-a-otro-lider-en-inteligencia-artificial\/#breadcrumb"},"inLanguage":"es","potentialAction":[{"@type":"ReadAction","target":["https:\/\/www.eldiario.net\/portal\/2025\/10\/20\/apple-pierde-a-otro-lider-en-inteligencia-artificial\/"]}]},{"@type":"ImageObject","inLanguage":"es","@id":"https:\/\/www.eldiario.net\/portal\/2025\/10\/20\/apple-pierde-a-otro-lider-en-inteligencia-artificial\/#primaryimage","url":"https:\/\/www.eldiario.net\/portal\/wp-content\/uploads\/2025\/10\/7-A-2.webp","contentUrl":"https:\/\/www.eldiario.net\/portal\/wp-content\/uploads\/2025\/10\/7-A-2.webp","width":1200,"height":675},{"@type":"BreadcrumbList","@id":"https:\/\/www.eldiario.net\/portal\/2025\/10\/20\/apple-pierde-a-otro-lider-en-inteligencia-artificial\/#breadcrumb","itemListElement":[{"@type":"ListItem","position":1,"name":"Portada","item":"https:\/\/www.eldiario.net\/portal\/"},{"@type":"ListItem","position":2,"name":"Apple pierde a otro l\u00edder en inteligencia artificial"}]},{"@type":"WebSite","@id":"https:\/\/www.eldiario.net\/portal\/#website","url":"https:\/\/www.eldiario.net\/portal\/","name":"El Diario - Decano de la prensa nacional","description":"El Diario - Decano de la prensa nacional","publisher":{"@id":"https:\/\/www.eldiario.net\/portal\/#organization"},"potentialAction":[{"@type":"SearchAction","target":{"@type":"EntryPoint","urlTemplate":"https:\/\/www.eldiario.net\/portal\/?s={search_term_string}"},"query-input":{"@type":"PropertyValueSpecification","valueRequired":true,"valueName":"search_term_string"}}],"inLanguage":"es"},{"@type":"Organization","@id":"https:\/\/www.eldiario.net\/portal\/#organization","name":"El Diario - Decano de la prensa nacional","url":"https:\/\/www.eldiario.net\/portal\/","logo":{"@type":"ImageObject","inLanguage":"es","@id":"https:\/\/www.eldiario.net\/portal\/#\/schema\/logo\/image\/","url":"https:\/\/www.eldiario.net\/portal\/wp-content\/uploads\/2023\/07\/logo_ED.jpg","contentUrl":"https:\/\/www.eldiario.net\/portal\/wp-content\/uploads\/2023\/07\/logo_ED.jpg","width":272,"height":52,"caption":"El Diario - Decano de la prensa nacional"},"image":{"@id":"https:\/\/www.eldiario.net\/portal\/#\/schema\/logo\/image\/"},"sameAs":["https:\/\/www.facebook.com\/eldiario.bolivia\/","https:\/\/x.com\/eldiario_net"]},{"@type":"Person","@id":"https:\/\/www.eldiario.net\/portal\/#\/schema\/person\/f46445640444750d7d753ccd04ae01b7","name":"Jeanette","image":{"@type":"ImageObject","inLanguage":"es","@id":"https:\/\/secure.gravatar.com\/avatar\/3ea2118a5f7dad2b7138b1187a6b7ee55f160b9968b66013c3a3ef39dd7e5798?s=96&d=mm&r=g","url":"https:\/\/secure.gravatar.com\/avatar\/3ea2118a5f7dad2b7138b1187a6b7ee55f160b9968b66013c3a3ef39dd7e5798?s=96&d=mm&r=g","contentUrl":"https:\/\/secure.gravatar.com\/avatar\/3ea2118a5f7dad2b7138b1187a6b7ee55f160b9968b66013c3a3ef39dd7e5798?s=96&d=mm&r=g","caption":"Jeanette"},"sameAs":["https:\/\/www.eldiario.net\/portal"],"url":"https:\/\/www.eldiario.net\/portal\/author\/jeanette\/"}]}},"_links":{"self":[{"href":"https:\/\/www.eldiario.net\/portal\/wp-json\/wp\/v2\/posts\/339415","targetHints":{"allow":["GET"]}}],"collection":[{"href":"https:\/\/www.eldiario.net\/portal\/wp-json\/wp\/v2\/posts"}],"about":[{"href":"https:\/\/www.eldiario.net\/portal\/wp-json\/wp\/v2\/types\/post"}],"author":[{"embeddable":true,"href":"https:\/\/www.eldiario.net\/portal\/wp-json\/wp\/v2\/users\/1"}],"replies":[{"embeddable":true,"href":"https:\/\/www.eldiario.net\/portal\/wp-json\/wp\/v2\/comments?post=339415"}],"version-history":[{"count":1,"href":"https:\/\/www.eldiario.net\/portal\/wp-json\/wp\/v2\/posts\/339415\/revisions"}],"predecessor-version":[{"id":339417,"href":"https:\/\/www.eldiario.net\/portal\/wp-json\/wp\/v2\/posts\/339415\/revisions\/339417"}],"wp:featuredmedia":[{"embeddable":true,"href":"https:\/\/www.eldiario.net\/portal\/wp-json\/wp\/v2\/media\/339416"}],"wp:attachment":[{"href":"https:\/\/www.eldiario.net\/portal\/wp-json\/wp\/v2\/media?parent=339415"}],"wp:term":[{"taxonomy":"category","embeddable":true,"href":"https:\/\/www.eldiario.net\/portal\/wp-json\/wp\/v2\/categories?post=339415"},{"taxonomy":"post_tag","embeddable":true,"href":"https:\/\/www.eldiario.net\/portal\/wp-json\/wp\/v2\/tags?post=339415"}],"curies":[{"name":"wp","href":"https:\/\/api.w.org\/{rel}","templated":true}]}}