{"id":339412,"date":"2025-10-20T00:51:44","date_gmt":"2025-10-20T04:51:44","guid":{"rendered":"https:\/\/www.eldiario.net\/portal\/?p=339412"},"modified":"2025-10-19T21:52:24","modified_gmt":"2025-10-20T01:52:24","slug":"chips-de-memoria-innovadores-para-enfrentar-el-crecimiento-exponencial-de-la-informacion-digital","status":"publish","type":"post","link":"https:\/\/www.eldiario.net\/portal\/2025\/10\/20\/chips-de-memoria-innovadores-para-enfrentar-el-crecimiento-exponencial-de-la-informacion-digital\/","title":{"rendered":"Chips de memoria innovadores para enfrentar el crecimiento exponencial de la informaci\u00f3n digital"},"content":{"rendered":"<p>Diversos estudios advierten que, en las pr\u00f3ximas d\u00e9cadas, el volumen de datos digitales almacenados podr\u00eda convertirse en uno de los principales consumidores de energ\u00eda a nivel global. Reducir ese impacto energ\u00e9tico representa un desaf\u00edo urgente para la ciencia y la tecnolog\u00eda.<\/p>\n<p>En este contexto, un equipo de investigadores liderado por Saroj P. Dash y Bing Zhao, de la Universidad Chalmers de Tecnolog\u00eda en Suecia, ha realizado un descubrimiento que podr\u00eda marcar un punto de inflexi\u00f3n. Han desarrollado una soluci\u00f3n que integra propiedades magn\u00e9ticas clave en una estructura cristalina bidimensional, lo que podr\u00eda transformar el dise\u00f1o de chips de memoria.<\/p>\n<p>En f\u00edsica e ingenier\u00eda, se distinguen dos estados magn\u00e9ticos esenciales: el ferromagnetismo y el antiferromagnetismo. El primero, com\u00fan en materiales como el hierro, el n\u00edquel y el cobalto, se caracteriza por la alineaci\u00f3n uniforme de los electrones, generando un campo magn\u00e9tico perceptible. El segundo, en cambio, implica espines opuestos que se anulan mutuamente, lo que impide la formaci\u00f3n de un campo magn\u00e9tico externo. La combinaci\u00f3n de ambos estados ofrece ventajas significativas para el almacenamiento de datos, aunque hasta ahora solo se hab\u00eda logrado mediante estructuras multicapa que combinan distintos materiales.<\/p>\n<p>El avance del equipo sueco consiste en lograr esa combinaci\u00f3n dentro de un \u00fanico material bidimensional, con un grosor cercano al de un solo \u00e1tomo. Esta integraci\u00f3n permite la coexistencia de \u00f3rdenes magn\u00e9ticos ferromagn\u00e9ticos y antiferromagn\u00e9ticos en una sola estructura, lo que reduce el consumo energ\u00e9tico en dispositivos de memoria hasta diez veces.<\/p>\n<p>Este hallazgo abre nuevas posibilidades para el desarrollo de sistemas de almacenamiento m\u00e1s eficientes y sostenibles, especialmente en campos como la inteligencia artificial, la telefon\u00eda m\u00f3vil y el procesamiento intensivo de datos. Los detalles t\u00e9cnicos de la investigaci\u00f3n han sido publicados en la revista <em>Advanced Materials<\/em>, bajo el t\u00edtulo \u201cCoexisting Non-Trivial Van der Waals Magnetic Orders Enable Field-Free Spin-Orbit Torque Magnetization Dynamics\u201d.<\/p>\n<p>Una innovaci\u00f3n que podr\u00eda redefinir el futuro de la memoria digital.<\/p>\n","protected":false},"excerpt":{"rendered":"<p>Diversos estudios advierten que, en las pr\u00f3ximas d\u00e9cadas, el volumen de datos digitales almacenados podr\u00eda convertirse en uno de los principales consumidores de energ\u00eda a nivel global. Reducir ese impacto energ\u00e9tico representa un desaf\u00edo urgente para la ciencia y la tecnolog\u00eda. En este contexto, un equipo de investigadores liderado por Saroj P. Dash y Bing [&hellip;]<\/p>\n","protected":false},"author":1,"featured_media":339413,"comment_status":"closed","ping_status":"open","sticky":false,"template":"","format":"standard","meta":{"_acf_changed":false,"footnotes":""},"categories":[46],"tags":[],"class_list":["post-339412","post","type-post","status-publish","format-standard","has-post-thumbnail","category-ciencia-computacion"],"acf":{"antetitulo":""},"yoast_head":"<!-- This site is optimized with the Yoast SEO plugin v28.3 - https:\/\/yoast.com\/product\/yoast-seo-wordpress\/ -->\n<title>Chips de memoria innovadores para enfrentar el crecimiento exponencial de la informaci\u00f3n digital - El Diario - Bolivia<\/title>\n<meta name=\"robots\" content=\"index, follow, max-snippet:-1, max-image-preview:large, max-video-preview:-1\" \/>\n<link rel=\"canonical\" href=\"https:\/\/www.eldiario.net\/portal\/2025\/10\/20\/chips-de-memoria-innovadores-para-enfrentar-el-crecimiento-exponencial-de-la-informacion-digital\/\" \/>\n<meta property=\"og:locale\" content=\"es_ES\" \/>\n<meta property=\"og:type\" content=\"article\" \/>\n<meta property=\"og:title\" content=\"Chips de memoria innovadores para enfrentar el crecimiento exponencial de la informaci\u00f3n digital - El Diario - Bolivia\" \/>\n<meta property=\"og:description\" content=\"Diversos estudios advierten que, en las pr\u00f3ximas d\u00e9cadas, el volumen de datos digitales almacenados podr\u00eda convertirse en uno de los principales consumidores de energ\u00eda a nivel global. Reducir ese impacto energ\u00e9tico representa un desaf\u00edo urgente para la ciencia y la tecnolog\u00eda. En este contexto, un equipo de investigadores liderado por Saroj P. Dash y Bing [&hellip;]\" \/>\n<meta property=\"og:url\" content=\"https:\/\/www.eldiario.net\/portal\/2025\/10\/20\/chips-de-memoria-innovadores-para-enfrentar-el-crecimiento-exponencial-de-la-informacion-digital\/\" \/>\n<meta property=\"og:site_name\" content=\"El Diario - Bolivia\" \/>\n<meta property=\"article:publisher\" content=\"https:\/\/www.facebook.com\/eldiario.bolivia\/\" \/>\n<meta property=\"article:published_time\" content=\"2025-10-20T04:51:44+00:00\" \/>\n<meta property=\"og:image\" content=\"https:\/\/www.eldiario.net\/portal\/wp-content\/uploads\/2025\/10\/7-B-2.webp\" \/>\n\t<meta property=\"og:image:width\" content=\"626\" \/>\n\t<meta property=\"og:image:height\" content=\"362\" \/>\n\t<meta property=\"og:image:type\" content=\"image\/webp\" \/>\n<meta name=\"author\" content=\"Jeanette\" \/>\n<meta name=\"twitter:card\" content=\"summary_large_image\" \/>\n<meta name=\"twitter:creator\" content=\"@eldiario_net\" \/>\n<meta name=\"twitter:site\" content=\"@eldiario_net\" \/>\n<meta name=\"twitter:label1\" content=\"Escrito por\" \/>\n\t<meta name=\"twitter:data1\" content=\"Jeanette\" \/>\n\t<meta name=\"twitter:label2\" content=\"Tiempo de lectura\" \/>\n\t<meta name=\"twitter:data2\" content=\"2 minutos\" \/>\n<script type=\"application\/ld+json\" class=\"yoast-schema-graph\">{\"@context\":\"https:\\\/\\\/schema.org\",\"@graph\":[{\"@type\":\"Article\",\"@id\":\"https:\\\/\\\/www.eldiario.net\\\/portal\\\/2025\\\/10\\\/20\\\/chips-de-memoria-innovadores-para-enfrentar-el-crecimiento-exponencial-de-la-informacion-digital\\\/#article\",\"isPartOf\":{\"@id\":\"https:\\\/\\\/www.eldiario.net\\\/portal\\\/2025\\\/10\\\/20\\\/chips-de-memoria-innovadores-para-enfrentar-el-crecimiento-exponencial-de-la-informacion-digital\\\/\"},\"author\":{\"name\":\"Jeanette\",\"@id\":\"https:\\\/\\\/www.eldiario.net\\\/portal\\\/#\\\/schema\\\/person\\\/f46445640444750d7d753ccd04ae01b7\"},\"headline\":\"Chips de memoria innovadores para enfrentar el crecimiento exponencial de la informaci\u00f3n digital\",\"datePublished\":\"2025-10-20T04:51:44+00:00\",\"mainEntityOfPage\":{\"@id\":\"https:\\\/\\\/www.eldiario.net\\\/portal\\\/2025\\\/10\\\/20\\\/chips-de-memoria-innovadores-para-enfrentar-el-crecimiento-exponencial-de-la-informacion-digital\\\/\"},\"wordCount\":368,\"publisher\":{\"@id\":\"https:\\\/\\\/www.eldiario.net\\\/portal\\\/#organization\"},\"image\":{\"@id\":\"https:\\\/\\\/www.eldiario.net\\\/portal\\\/2025\\\/10\\\/20\\\/chips-de-memoria-innovadores-para-enfrentar-el-crecimiento-exponencial-de-la-informacion-digital\\\/#primaryimage\"},\"thumbnailUrl\":\"https:\\\/\\\/www.eldiario.net\\\/portal\\\/wp-content\\\/uploads\\\/2025\\\/10\\\/7-B-2.webp\",\"articleSection\":[\"Ciencia y Computaci\u00f3n\"],\"inLanguage\":\"es\"},{\"@type\":\"WebPage\",\"@id\":\"https:\\\/\\\/www.eldiario.net\\\/portal\\\/2025\\\/10\\\/20\\\/chips-de-memoria-innovadores-para-enfrentar-el-crecimiento-exponencial-de-la-informacion-digital\\\/\",\"url\":\"https:\\\/\\\/www.eldiario.net\\\/portal\\\/2025\\\/10\\\/20\\\/chips-de-memoria-innovadores-para-enfrentar-el-crecimiento-exponencial-de-la-informacion-digital\\\/\",\"name\":\"Chips de memoria innovadores para enfrentar el crecimiento exponencial de la informaci\u00f3n digital - El Diario - Bolivia\",\"isPartOf\":{\"@id\":\"https:\\\/\\\/www.eldiario.net\\\/portal\\\/#website\"},\"primaryImageOfPage\":{\"@id\":\"https:\\\/\\\/www.eldiario.net\\\/portal\\\/2025\\\/10\\\/20\\\/chips-de-memoria-innovadores-para-enfrentar-el-crecimiento-exponencial-de-la-informacion-digital\\\/#primaryimage\"},\"image\":{\"@id\":\"https:\\\/\\\/www.eldiario.net\\\/portal\\\/2025\\\/10\\\/20\\\/chips-de-memoria-innovadores-para-enfrentar-el-crecimiento-exponencial-de-la-informacion-digital\\\/#primaryimage\"},\"thumbnailUrl\":\"https:\\\/\\\/www.eldiario.net\\\/portal\\\/wp-content\\\/uploads\\\/2025\\\/10\\\/7-B-2.webp\",\"datePublished\":\"2025-10-20T04:51:44+00:00\",\"breadcrumb\":{\"@id\":\"https:\\\/\\\/www.eldiario.net\\\/portal\\\/2025\\\/10\\\/20\\\/chips-de-memoria-innovadores-para-enfrentar-el-crecimiento-exponencial-de-la-informacion-digital\\\/#breadcrumb\"},\"inLanguage\":\"es\",\"potentialAction\":[{\"@type\":\"ReadAction\",\"target\":[\"https:\\\/\\\/www.eldiario.net\\\/portal\\\/2025\\\/10\\\/20\\\/chips-de-memoria-innovadores-para-enfrentar-el-crecimiento-exponencial-de-la-informacion-digital\\\/\"]}]},{\"@type\":\"ImageObject\",\"inLanguage\":\"es\",\"@id\":\"https:\\\/\\\/www.eldiario.net\\\/portal\\\/2025\\\/10\\\/20\\\/chips-de-memoria-innovadores-para-enfrentar-el-crecimiento-exponencial-de-la-informacion-digital\\\/#primaryimage\",\"url\":\"https:\\\/\\\/www.eldiario.net\\\/portal\\\/wp-content\\\/uploads\\\/2025\\\/10\\\/7-B-2.webp\",\"contentUrl\":\"https:\\\/\\\/www.eldiario.net\\\/portal\\\/wp-content\\\/uploads\\\/2025\\\/10\\\/7-B-2.webp\",\"width\":626,\"height\":362},{\"@type\":\"BreadcrumbList\",\"@id\":\"https:\\\/\\\/www.eldiario.net\\\/portal\\\/2025\\\/10\\\/20\\\/chips-de-memoria-innovadores-para-enfrentar-el-crecimiento-exponencial-de-la-informacion-digital\\\/#breadcrumb\",\"itemListElement\":[{\"@type\":\"ListItem\",\"position\":1,\"name\":\"Portada\",\"item\":\"https:\\\/\\\/www.eldiario.net\\\/portal\\\/\"},{\"@type\":\"ListItem\",\"position\":2,\"name\":\"Chips de memoria innovadores para enfrentar el crecimiento exponencial de la informaci\u00f3n digital\"}]},{\"@type\":\"WebSite\",\"@id\":\"https:\\\/\\\/www.eldiario.net\\\/portal\\\/#website\",\"url\":\"https:\\\/\\\/www.eldiario.net\\\/portal\\\/\",\"name\":\"El Diario - Decano de la prensa nacional\",\"description\":\"El Diario - Decano de la prensa nacional\",\"publisher\":{\"@id\":\"https:\\\/\\\/www.eldiario.net\\\/portal\\\/#organization\"},\"potentialAction\":[{\"@type\":\"SearchAction\",\"target\":{\"@type\":\"EntryPoint\",\"urlTemplate\":\"https:\\\/\\\/www.eldiario.net\\\/portal\\\/?s={search_term_string}\"},\"query-input\":{\"@type\":\"PropertyValueSpecification\",\"valueRequired\":true,\"valueName\":\"search_term_string\"}}],\"inLanguage\":\"es\"},{\"@type\":\"Organization\",\"@id\":\"https:\\\/\\\/www.eldiario.net\\\/portal\\\/#organization\",\"name\":\"El Diario - Decano de la prensa nacional\",\"url\":\"https:\\\/\\\/www.eldiario.net\\\/portal\\\/\",\"logo\":{\"@type\":\"ImageObject\",\"inLanguage\":\"es\",\"@id\":\"https:\\\/\\\/www.eldiario.net\\\/portal\\\/#\\\/schema\\\/logo\\\/image\\\/\",\"url\":\"https:\\\/\\\/www.eldiario.net\\\/portal\\\/wp-content\\\/uploads\\\/2023\\\/07\\\/logo_ED.jpg\",\"contentUrl\":\"https:\\\/\\\/www.eldiario.net\\\/portal\\\/wp-content\\\/uploads\\\/2023\\\/07\\\/logo_ED.jpg\",\"width\":272,\"height\":52,\"caption\":\"El Diario - Decano de la prensa nacional\"},\"image\":{\"@id\":\"https:\\\/\\\/www.eldiario.net\\\/portal\\\/#\\\/schema\\\/logo\\\/image\\\/\"},\"sameAs\":[\"https:\\\/\\\/www.facebook.com\\\/eldiario.bolivia\\\/\",\"https:\\\/\\\/x.com\\\/eldiario_net\"]},{\"@type\":\"Person\",\"@id\":\"https:\\\/\\\/www.eldiario.net\\\/portal\\\/#\\\/schema\\\/person\\\/f46445640444750d7d753ccd04ae01b7\",\"name\":\"Jeanette\",\"image\":{\"@type\":\"ImageObject\",\"inLanguage\":\"es\",\"@id\":\"https:\\\/\\\/secure.gravatar.com\\\/avatar\\\/3ea2118a5f7dad2b7138b1187a6b7ee55f160b9968b66013c3a3ef39dd7e5798?s=96&d=mm&r=g\",\"url\":\"https:\\\/\\\/secure.gravatar.com\\\/avatar\\\/3ea2118a5f7dad2b7138b1187a6b7ee55f160b9968b66013c3a3ef39dd7e5798?s=96&d=mm&r=g\",\"contentUrl\":\"https:\\\/\\\/secure.gravatar.com\\\/avatar\\\/3ea2118a5f7dad2b7138b1187a6b7ee55f160b9968b66013c3a3ef39dd7e5798?s=96&d=mm&r=g\",\"caption\":\"Jeanette\"},\"sameAs\":[\"https:\\\/\\\/www.eldiario.net\\\/portal\"],\"url\":\"https:\\\/\\\/www.eldiario.net\\\/portal\\\/author\\\/jeanette\\\/\"}]}<\/script>\n<!-- \/ Yoast SEO plugin. -->","yoast_head_json":{"title":"Chips de memoria innovadores para enfrentar el crecimiento exponencial de la informaci\u00f3n digital - El Diario - Bolivia","robots":{"index":"index","follow":"follow","max-snippet":"max-snippet:-1","max-image-preview":"max-image-preview:large","max-video-preview":"max-video-preview:-1"},"canonical":"https:\/\/www.eldiario.net\/portal\/2025\/10\/20\/chips-de-memoria-innovadores-para-enfrentar-el-crecimiento-exponencial-de-la-informacion-digital\/","og_locale":"es_ES","og_type":"article","og_title":"Chips de memoria innovadores para enfrentar el crecimiento exponencial de la informaci\u00f3n digital - El Diario - Bolivia","og_description":"Diversos estudios advierten que, en las pr\u00f3ximas d\u00e9cadas, el volumen de datos digitales almacenados podr\u00eda convertirse en uno de los principales consumidores de energ\u00eda a nivel global. Reducir ese impacto energ\u00e9tico representa un desaf\u00edo urgente para la ciencia y la tecnolog\u00eda. En este contexto, un equipo de investigadores liderado por Saroj P. Dash y Bing [&hellip;]","og_url":"https:\/\/www.eldiario.net\/portal\/2025\/10\/20\/chips-de-memoria-innovadores-para-enfrentar-el-crecimiento-exponencial-de-la-informacion-digital\/","og_site_name":"El Diario - Bolivia","article_publisher":"https:\/\/www.facebook.com\/eldiario.bolivia\/","article_published_time":"2025-10-20T04:51:44+00:00","og_image":[{"width":626,"height":362,"url":"https:\/\/www.eldiario.net\/portal\/wp-content\/uploads\/2025\/10\/7-B-2.webp","type":"image\/webp"}],"author":"Jeanette","twitter_card":"summary_large_image","twitter_creator":"@eldiario_net","twitter_site":"@eldiario_net","twitter_misc":{"Escrito por":"Jeanette","Tiempo de lectura":"2 minutos"},"schema":{"@context":"https:\/\/schema.org","@graph":[{"@type":"Article","@id":"https:\/\/www.eldiario.net\/portal\/2025\/10\/20\/chips-de-memoria-innovadores-para-enfrentar-el-crecimiento-exponencial-de-la-informacion-digital\/#article","isPartOf":{"@id":"https:\/\/www.eldiario.net\/portal\/2025\/10\/20\/chips-de-memoria-innovadores-para-enfrentar-el-crecimiento-exponencial-de-la-informacion-digital\/"},"author":{"name":"Jeanette","@id":"https:\/\/www.eldiario.net\/portal\/#\/schema\/person\/f46445640444750d7d753ccd04ae01b7"},"headline":"Chips de memoria innovadores para enfrentar el crecimiento exponencial de la informaci\u00f3n digital","datePublished":"2025-10-20T04:51:44+00:00","mainEntityOfPage":{"@id":"https:\/\/www.eldiario.net\/portal\/2025\/10\/20\/chips-de-memoria-innovadores-para-enfrentar-el-crecimiento-exponencial-de-la-informacion-digital\/"},"wordCount":368,"publisher":{"@id":"https:\/\/www.eldiario.net\/portal\/#organization"},"image":{"@id":"https:\/\/www.eldiario.net\/portal\/2025\/10\/20\/chips-de-memoria-innovadores-para-enfrentar-el-crecimiento-exponencial-de-la-informacion-digital\/#primaryimage"},"thumbnailUrl":"https:\/\/www.eldiario.net\/portal\/wp-content\/uploads\/2025\/10\/7-B-2.webp","articleSection":["Ciencia y Computaci\u00f3n"],"inLanguage":"es"},{"@type":"WebPage","@id":"https:\/\/www.eldiario.net\/portal\/2025\/10\/20\/chips-de-memoria-innovadores-para-enfrentar-el-crecimiento-exponencial-de-la-informacion-digital\/","url":"https:\/\/www.eldiario.net\/portal\/2025\/10\/20\/chips-de-memoria-innovadores-para-enfrentar-el-crecimiento-exponencial-de-la-informacion-digital\/","name":"Chips de memoria innovadores para enfrentar el crecimiento exponencial de la informaci\u00f3n digital - El Diario - Bolivia","isPartOf":{"@id":"https:\/\/www.eldiario.net\/portal\/#website"},"primaryImageOfPage":{"@id":"https:\/\/www.eldiario.net\/portal\/2025\/10\/20\/chips-de-memoria-innovadores-para-enfrentar-el-crecimiento-exponencial-de-la-informacion-digital\/#primaryimage"},"image":{"@id":"https:\/\/www.eldiario.net\/portal\/2025\/10\/20\/chips-de-memoria-innovadores-para-enfrentar-el-crecimiento-exponencial-de-la-informacion-digital\/#primaryimage"},"thumbnailUrl":"https:\/\/www.eldiario.net\/portal\/wp-content\/uploads\/2025\/10\/7-B-2.webp","datePublished":"2025-10-20T04:51:44+00:00","breadcrumb":{"@id":"https:\/\/www.eldiario.net\/portal\/2025\/10\/20\/chips-de-memoria-innovadores-para-enfrentar-el-crecimiento-exponencial-de-la-informacion-digital\/#breadcrumb"},"inLanguage":"es","potentialAction":[{"@type":"ReadAction","target":["https:\/\/www.eldiario.net\/portal\/2025\/10\/20\/chips-de-memoria-innovadores-para-enfrentar-el-crecimiento-exponencial-de-la-informacion-digital\/"]}]},{"@type":"ImageObject","inLanguage":"es","@id":"https:\/\/www.eldiario.net\/portal\/2025\/10\/20\/chips-de-memoria-innovadores-para-enfrentar-el-crecimiento-exponencial-de-la-informacion-digital\/#primaryimage","url":"https:\/\/www.eldiario.net\/portal\/wp-content\/uploads\/2025\/10\/7-B-2.webp","contentUrl":"https:\/\/www.eldiario.net\/portal\/wp-content\/uploads\/2025\/10\/7-B-2.webp","width":626,"height":362},{"@type":"BreadcrumbList","@id":"https:\/\/www.eldiario.net\/portal\/2025\/10\/20\/chips-de-memoria-innovadores-para-enfrentar-el-crecimiento-exponencial-de-la-informacion-digital\/#breadcrumb","itemListElement":[{"@type":"ListItem","position":1,"name":"Portada","item":"https:\/\/www.eldiario.net\/portal\/"},{"@type":"ListItem","position":2,"name":"Chips de memoria innovadores para enfrentar el crecimiento exponencial de la informaci\u00f3n digital"}]},{"@type":"WebSite","@id":"https:\/\/www.eldiario.net\/portal\/#website","url":"https:\/\/www.eldiario.net\/portal\/","name":"El Diario - Decano de la prensa nacional","description":"El Diario - Decano de la prensa nacional","publisher":{"@id":"https:\/\/www.eldiario.net\/portal\/#organization"},"potentialAction":[{"@type":"SearchAction","target":{"@type":"EntryPoint","urlTemplate":"https:\/\/www.eldiario.net\/portal\/?s={search_term_string}"},"query-input":{"@type":"PropertyValueSpecification","valueRequired":true,"valueName":"search_term_string"}}],"inLanguage":"es"},{"@type":"Organization","@id":"https:\/\/www.eldiario.net\/portal\/#organization","name":"El Diario - Decano de la prensa nacional","url":"https:\/\/www.eldiario.net\/portal\/","logo":{"@type":"ImageObject","inLanguage":"es","@id":"https:\/\/www.eldiario.net\/portal\/#\/schema\/logo\/image\/","url":"https:\/\/www.eldiario.net\/portal\/wp-content\/uploads\/2023\/07\/logo_ED.jpg","contentUrl":"https:\/\/www.eldiario.net\/portal\/wp-content\/uploads\/2023\/07\/logo_ED.jpg","width":272,"height":52,"caption":"El Diario - Decano de la prensa nacional"},"image":{"@id":"https:\/\/www.eldiario.net\/portal\/#\/schema\/logo\/image\/"},"sameAs":["https:\/\/www.facebook.com\/eldiario.bolivia\/","https:\/\/x.com\/eldiario_net"]},{"@type":"Person","@id":"https:\/\/www.eldiario.net\/portal\/#\/schema\/person\/f46445640444750d7d753ccd04ae01b7","name":"Jeanette","image":{"@type":"ImageObject","inLanguage":"es","@id":"https:\/\/secure.gravatar.com\/avatar\/3ea2118a5f7dad2b7138b1187a6b7ee55f160b9968b66013c3a3ef39dd7e5798?s=96&d=mm&r=g","url":"https:\/\/secure.gravatar.com\/avatar\/3ea2118a5f7dad2b7138b1187a6b7ee55f160b9968b66013c3a3ef39dd7e5798?s=96&d=mm&r=g","contentUrl":"https:\/\/secure.gravatar.com\/avatar\/3ea2118a5f7dad2b7138b1187a6b7ee55f160b9968b66013c3a3ef39dd7e5798?s=96&d=mm&r=g","caption":"Jeanette"},"sameAs":["https:\/\/www.eldiario.net\/portal"],"url":"https:\/\/www.eldiario.net\/portal\/author\/jeanette\/"}]}},"_links":{"self":[{"href":"https:\/\/www.eldiario.net\/portal\/wp-json\/wp\/v2\/posts\/339412","targetHints":{"allow":["GET"]}}],"collection":[{"href":"https:\/\/www.eldiario.net\/portal\/wp-json\/wp\/v2\/posts"}],"about":[{"href":"https:\/\/www.eldiario.net\/portal\/wp-json\/wp\/v2\/types\/post"}],"author":[{"embeddable":true,"href":"https:\/\/www.eldiario.net\/portal\/wp-json\/wp\/v2\/users\/1"}],"replies":[{"embeddable":true,"href":"https:\/\/www.eldiario.net\/portal\/wp-json\/wp\/v2\/comments?post=339412"}],"version-history":[{"count":1,"href":"https:\/\/www.eldiario.net\/portal\/wp-json\/wp\/v2\/posts\/339412\/revisions"}],"predecessor-version":[{"id":339414,"href":"https:\/\/www.eldiario.net\/portal\/wp-json\/wp\/v2\/posts\/339412\/revisions\/339414"}],"wp:featuredmedia":[{"embeddable":true,"href":"https:\/\/www.eldiario.net\/portal\/wp-json\/wp\/v2\/media\/339413"}],"wp:attachment":[{"href":"https:\/\/www.eldiario.net\/portal\/wp-json\/wp\/v2\/media?parent=339412"}],"wp:term":[{"taxonomy":"category","embeddable":true,"href":"https:\/\/www.eldiario.net\/portal\/wp-json\/wp\/v2\/categories?post=339412"},{"taxonomy":"post_tag","embeddable":true,"href":"https:\/\/www.eldiario.net\/portal\/wp-json\/wp\/v2\/tags?post=339412"}],"curies":[{"name":"wp","href":"https:\/\/api.w.org\/{rel}","templated":true}]}}