{"id":3393,"date":"2021-05-12T06:24:10","date_gmt":"2021-05-12T10:24:10","guid":{"rendered":"https:\/\/www.eldiario.net\/portal\/?p=3393"},"modified":"2021-05-12T06:24:10","modified_gmt":"2021-05-12T10:24:10","slug":"preven-ampliar-contratos-con-mas-de-3-mil-medicos","status":"publish","type":"post","link":"https:\/\/www.eldiario.net\/portal\/2021\/05\/12\/preven-ampliar-contratos-con-mas-de-3-mil-medicos\/","title":{"rendered":"Prev\u00e9n ampliar contratos con m\u00e1s de 3 mil m\u00e9dicos"},"content":{"rendered":"<p>El Gobierno nacional ampliar\u00e1 los contratos de 3.025 m\u00e9dicos que trabajan en los servicios departamentales de salud (Sedes) del pa\u00eds con el objetivo de garantizar que no se interrumpa la atenci\u00f3n a la poblaci\u00f3n boliviana que se encuentra afectada por el covid-19, inform\u00f3 el ministro de Salud y Deportes, Jeyson Auza.<br \/>\n\u201cAnte la preocupaci\u00f3n de los 3.025 contratos de la Aisem que tienen competencia directa del Gobierno nacional que habr\u00edan concluido o est\u00e1n por concluir su fecha de contrataci\u00f3n, estamos enviando notas a cada uno de los directores de los Sedes para informar que vamos a ampliar este proceso de contrataci\u00f3n, queremos garantizar que el personal en salud que est\u00e1 en terapias intensivas pueda tener tranquilidad sobre su continuidad de su contrataci\u00f3n\u201d, explic\u00f3 el lunes la autoridad en salud.<br \/>\nDe acuerdo con las normas vigentes en el pa\u00eds, la contrataci\u00f3n de personal m\u00e9dico es de entera competencia de gobernaciones y municipios, sin embargo, el Gobierno nacional en su pol\u00edtica de lucha frontal contra el covid-19 facilita esa labor a fin de evitar cualquier dificultad en la atenci\u00f3n de pacientes que se encuentran internos en diferentes nosocomios del pa\u00eds, publica un informe institucional.<br \/>\nAuza enfatiz\u00f3 que ese personal debe tener tranquilidad en el trabajo que realiza, por tanto, remarc\u00f3 que el Gobierno por instrucciones del presidente Luis Arce Catacora realiza un esfuerzo para que los contratos se ampl\u00eden en todos los departamentos de Bolivia.<br \/>\n\u201cVamos a ampliarlo por dos meses y de ah\u00ed veremos y evaluaremos s\u00ed corresponde tener una ampliaci\u00f3n mayor, pero eran contratos que deb\u00edan fenecer estos d\u00edas, sin embargo, nosotros estamos garantizando la continuidad de servicios en esta situaci\u00f3n de emergencia\u201d, complement\u00f3.<\/p>\n","protected":false},"excerpt":{"rendered":"<p>El Gobierno nacional ampliar\u00e1 los contratos de 3.025 m\u00e9dicos que trabajan en los servicios departamentales de salud (Sedes) del pa\u00eds con el objetivo de garantizar que no se interrumpa la atenci\u00f3n a la poblaci\u00f3n boliviana que se encuentra afectada por el covid-19, inform\u00f3 el ministro de Salud y Deportes, Jeyson Auza. \u201cAnte la preocupaci\u00f3n de [&hellip;]<\/p>\n","protected":false},"author":1,"featured_media":3394,"comment_status":"closed","ping_status":"closed","sticky":false,"template":"","format":"standard","meta":{"_acf_changed":false,"footnotes":""},"categories":[12],"tags":[],"class_list":["post-3393","post","type-post","status-publish","format-standard","has-post-thumbnail","category-nacional"],"acf":{"antetitulo":""},"yoast_head":"<!-- This site is optimized with the Yoast SEO plugin v28.3 - https:\/\/yoast.com\/product\/yoast-seo-wordpress\/ -->\n<title>Prev\u00e9n ampliar contratos con m\u00e1s de 3 mil m\u00e9dicos - El Diario - Bolivia<\/title>\n<meta name=\"robots\" content=\"index, follow, max-snippet:-1, max-image-preview:large, max-video-preview:-1\" \/>\n<link rel=\"canonical\" href=\"https:\/\/www.eldiario.net\/portal\/2021\/05\/12\/preven-ampliar-contratos-con-mas-de-3-mil-medicos\/\" \/>\n<meta property=\"og:locale\" content=\"es_ES\" \/>\n<meta property=\"og:type\" content=\"article\" \/>\n<meta property=\"og:title\" content=\"Prev\u00e9n ampliar contratos con m\u00e1s de 3 mil m\u00e9dicos - El Diario - Bolivia\" \/>\n<meta property=\"og:description\" content=\"El Gobierno nacional ampliar\u00e1 los contratos de 3.025 m\u00e9dicos que trabajan en los servicios departamentales de salud (Sedes) del pa\u00eds con el objetivo de garantizar que no se interrumpa la atenci\u00f3n a la poblaci\u00f3n boliviana que se encuentra afectada por el covid-19, inform\u00f3 el ministro de Salud y Deportes, Jeyson Auza. \u201cAnte la preocupaci\u00f3n de [&hellip;]\" \/>\n<meta property=\"og:url\" content=\"https:\/\/www.eldiario.net\/portal\/2021\/05\/12\/preven-ampliar-contratos-con-mas-de-3-mil-medicos\/\" \/>\n<meta property=\"og:site_name\" content=\"El Diario - Bolivia\" \/>\n<meta property=\"article:publisher\" content=\"https:\/\/www.facebook.com\/eldiario.bolivia\/\" \/>\n<meta property=\"article:published_time\" content=\"2021-05-12T10:24:10+00:00\" \/>\n<meta name=\"author\" content=\"Jeanette\" \/>\n<meta name=\"twitter:card\" content=\"summary_large_image\" \/>\n<meta name=\"twitter:creator\" content=\"@eldiario_net\" \/>\n<meta name=\"twitter:site\" content=\"@eldiario_net\" \/>\n<meta name=\"twitter:label1\" content=\"Escrito por\" \/>\n\t<meta name=\"twitter:data1\" content=\"Jeanette\" \/>\n\t<meta name=\"twitter:label2\" content=\"Tiempo de lectura\" \/>\n\t<meta name=\"twitter:data2\" content=\"2 minutos\" \/>\n<script type=\"application\/ld+json\" class=\"yoast-schema-graph\">{\"@context\":\"https:\\\/\\\/schema.org\",\"@graph\":[{\"@type\":\"Article\",\"@id\":\"https:\\\/\\\/www.eldiario.net\\\/portal\\\/2021\\\/05\\\/12\\\/preven-ampliar-contratos-con-mas-de-3-mil-medicos\\\/#article\",\"isPartOf\":{\"@id\":\"https:\\\/\\\/www.eldiario.net\\\/portal\\\/2021\\\/05\\\/12\\\/preven-ampliar-contratos-con-mas-de-3-mil-medicos\\\/\"},\"author\":{\"name\":\"Jeanette\",\"@id\":\"https:\\\/\\\/www.eldiario.net\\\/portal\\\/#\\\/schema\\\/person\\\/f46445640444750d7d753ccd04ae01b7\"},\"headline\":\"Prev\u00e9n ampliar contratos con m\u00e1s de 3 mil m\u00e9dicos\",\"datePublished\":\"2021-05-12T10:24:10+00:00\",\"mainEntityOfPage\":{\"@id\":\"https:\\\/\\\/www.eldiario.net\\\/portal\\\/2021\\\/05\\\/12\\\/preven-ampliar-contratos-con-mas-de-3-mil-medicos\\\/\"},\"wordCount\":304,\"publisher\":{\"@id\":\"https:\\\/\\\/www.eldiario.net\\\/portal\\\/#organization\"},\"image\":{\"@id\":\"https:\\\/\\\/www.eldiario.net\\\/portal\\\/2021\\\/05\\\/12\\\/preven-ampliar-contratos-con-mas-de-3-mil-medicos\\\/#primaryimage\"},\"thumbnailUrl\":\"\",\"articleSection\":[\"Nacional\"],\"inLanguage\":\"es\"},{\"@type\":\"WebPage\",\"@id\":\"https:\\\/\\\/www.eldiario.net\\\/portal\\\/2021\\\/05\\\/12\\\/preven-ampliar-contratos-con-mas-de-3-mil-medicos\\\/\",\"url\":\"https:\\\/\\\/www.eldiario.net\\\/portal\\\/2021\\\/05\\\/12\\\/preven-ampliar-contratos-con-mas-de-3-mil-medicos\\\/\",\"name\":\"Prev\u00e9n ampliar contratos con m\u00e1s de 3 mil m\u00e9dicos - El Diario - Bolivia\",\"isPartOf\":{\"@id\":\"https:\\\/\\\/www.eldiario.net\\\/portal\\\/#website\"},\"primaryImageOfPage\":{\"@id\":\"https:\\\/\\\/www.eldiario.net\\\/portal\\\/2021\\\/05\\\/12\\\/preven-ampliar-contratos-con-mas-de-3-mil-medicos\\\/#primaryimage\"},\"image\":{\"@id\":\"https:\\\/\\\/www.eldiario.net\\\/portal\\\/2021\\\/05\\\/12\\\/preven-ampliar-contratos-con-mas-de-3-mil-medicos\\\/#primaryimage\"},\"thumbnailUrl\":\"\",\"datePublished\":\"2021-05-12T10:24:10+00:00\",\"breadcrumb\":{\"@id\":\"https:\\\/\\\/www.eldiario.net\\\/portal\\\/2021\\\/05\\\/12\\\/preven-ampliar-contratos-con-mas-de-3-mil-medicos\\\/#breadcrumb\"},\"inLanguage\":\"es\",\"potentialAction\":[{\"@type\":\"ReadAction\",\"target\":[\"https:\\\/\\\/www.eldiario.net\\\/portal\\\/2021\\\/05\\\/12\\\/preven-ampliar-contratos-con-mas-de-3-mil-medicos\\\/\"]}]},{\"@type\":\"ImageObject\",\"inLanguage\":\"es\",\"@id\":\"https:\\\/\\\/www.eldiario.net\\\/portal\\\/2021\\\/05\\\/12\\\/preven-ampliar-contratos-con-mas-de-3-mil-medicos\\\/#primaryimage\",\"url\":\"\",\"contentUrl\":\"\"},{\"@type\":\"BreadcrumbList\",\"@id\":\"https:\\\/\\\/www.eldiario.net\\\/portal\\\/2021\\\/05\\\/12\\\/preven-ampliar-contratos-con-mas-de-3-mil-medicos\\\/#breadcrumb\",\"itemListElement\":[{\"@type\":\"ListItem\",\"position\":1,\"name\":\"Portada\",\"item\":\"https:\\\/\\\/www.eldiario.net\\\/portal\\\/\"},{\"@type\":\"ListItem\",\"position\":2,\"name\":\"Prev\u00e9n ampliar contratos con m\u00e1s de 3 mil m\u00e9dicos\"}]},{\"@type\":\"WebSite\",\"@id\":\"https:\\\/\\\/www.eldiario.net\\\/portal\\\/#website\",\"url\":\"https:\\\/\\\/www.eldiario.net\\\/portal\\\/\",\"name\":\"El Diario - Decano de la prensa nacional\",\"description\":\"El Diario - Decano de la prensa nacional\",\"publisher\":{\"@id\":\"https:\\\/\\\/www.eldiario.net\\\/portal\\\/#organization\"},\"potentialAction\":[{\"@type\":\"SearchAction\",\"target\":{\"@type\":\"EntryPoint\",\"urlTemplate\":\"https:\\\/\\\/www.eldiario.net\\\/portal\\\/?s={search_term_string}\"},\"query-input\":{\"@type\":\"PropertyValueSpecification\",\"valueRequired\":true,\"valueName\":\"search_term_string\"}}],\"inLanguage\":\"es\"},{\"@type\":\"Organization\",\"@id\":\"https:\\\/\\\/www.eldiario.net\\\/portal\\\/#organization\",\"name\":\"El Diario - Decano de la prensa nacional\",\"url\":\"https:\\\/\\\/www.eldiario.net\\\/portal\\\/\",\"logo\":{\"@type\":\"ImageObject\",\"inLanguage\":\"es\",\"@id\":\"https:\\\/\\\/www.eldiario.net\\\/portal\\\/#\\\/schema\\\/logo\\\/image\\\/\",\"url\":\"https:\\\/\\\/www.eldiario.net\\\/portal\\\/wp-content\\\/uploads\\\/2023\\\/07\\\/logo_ED.jpg\",\"contentUrl\":\"https:\\\/\\\/www.eldiario.net\\\/portal\\\/wp-content\\\/uploads\\\/2023\\\/07\\\/logo_ED.jpg\",\"width\":272,\"height\":52,\"caption\":\"El Diario - Decano de la prensa nacional\"},\"image\":{\"@id\":\"https:\\\/\\\/www.eldiario.net\\\/portal\\\/#\\\/schema\\\/logo\\\/image\\\/\"},\"sameAs\":[\"https:\\\/\\\/www.facebook.com\\\/eldiario.bolivia\\\/\",\"https:\\\/\\\/x.com\\\/eldiario_net\"]},{\"@type\":\"Person\",\"@id\":\"https:\\\/\\\/www.eldiario.net\\\/portal\\\/#\\\/schema\\\/person\\\/f46445640444750d7d753ccd04ae01b7\",\"name\":\"Jeanette\",\"image\":{\"@type\":\"ImageObject\",\"inLanguage\":\"es\",\"@id\":\"https:\\\/\\\/secure.gravatar.com\\\/avatar\\\/3ea2118a5f7dad2b7138b1187a6b7ee55f160b9968b66013c3a3ef39dd7e5798?s=96&d=mm&r=g\",\"url\":\"https:\\\/\\\/secure.gravatar.com\\\/avatar\\\/3ea2118a5f7dad2b7138b1187a6b7ee55f160b9968b66013c3a3ef39dd7e5798?s=96&d=mm&r=g\",\"contentUrl\":\"https:\\\/\\\/secure.gravatar.com\\\/avatar\\\/3ea2118a5f7dad2b7138b1187a6b7ee55f160b9968b66013c3a3ef39dd7e5798?s=96&d=mm&r=g\",\"caption\":\"Jeanette\"},\"sameAs\":[\"https:\\\/\\\/www.eldiario.net\\\/portal\"],\"url\":\"https:\\\/\\\/www.eldiario.net\\\/portal\\\/author\\\/jeanette\\\/\"}]}<\/script>\n<!-- \/ Yoast SEO plugin. -->","yoast_head_json":{"title":"Prev\u00e9n ampliar contratos con m\u00e1s de 3 mil m\u00e9dicos - El Diario - Bolivia","robots":{"index":"index","follow":"follow","max-snippet":"max-snippet:-1","max-image-preview":"max-image-preview:large","max-video-preview":"max-video-preview:-1"},"canonical":"https:\/\/www.eldiario.net\/portal\/2021\/05\/12\/preven-ampliar-contratos-con-mas-de-3-mil-medicos\/","og_locale":"es_ES","og_type":"article","og_title":"Prev\u00e9n ampliar contratos con m\u00e1s de 3 mil m\u00e9dicos - El Diario - Bolivia","og_description":"El Gobierno nacional ampliar\u00e1 los contratos de 3.025 m\u00e9dicos que trabajan en los servicios departamentales de salud (Sedes) del pa\u00eds con el objetivo de garantizar que no se interrumpa la atenci\u00f3n a la poblaci\u00f3n boliviana que se encuentra afectada por el covid-19, inform\u00f3 el ministro de Salud y Deportes, Jeyson Auza. \u201cAnte la preocupaci\u00f3n de [&hellip;]","og_url":"https:\/\/www.eldiario.net\/portal\/2021\/05\/12\/preven-ampliar-contratos-con-mas-de-3-mil-medicos\/","og_site_name":"El Diario - Bolivia","article_publisher":"https:\/\/www.facebook.com\/eldiario.bolivia\/","article_published_time":"2021-05-12T10:24:10+00:00","author":"Jeanette","twitter_card":"summary_large_image","twitter_creator":"@eldiario_net","twitter_site":"@eldiario_net","twitter_misc":{"Escrito por":"Jeanette","Tiempo de lectura":"2 minutos"},"schema":{"@context":"https:\/\/schema.org","@graph":[{"@type":"Article","@id":"https:\/\/www.eldiario.net\/portal\/2021\/05\/12\/preven-ampliar-contratos-con-mas-de-3-mil-medicos\/#article","isPartOf":{"@id":"https:\/\/www.eldiario.net\/portal\/2021\/05\/12\/preven-ampliar-contratos-con-mas-de-3-mil-medicos\/"},"author":{"name":"Jeanette","@id":"https:\/\/www.eldiario.net\/portal\/#\/schema\/person\/f46445640444750d7d753ccd04ae01b7"},"headline":"Prev\u00e9n ampliar contratos con m\u00e1s de 3 mil m\u00e9dicos","datePublished":"2021-05-12T10:24:10+00:00","mainEntityOfPage":{"@id":"https:\/\/www.eldiario.net\/portal\/2021\/05\/12\/preven-ampliar-contratos-con-mas-de-3-mil-medicos\/"},"wordCount":304,"publisher":{"@id":"https:\/\/www.eldiario.net\/portal\/#organization"},"image":{"@id":"https:\/\/www.eldiario.net\/portal\/2021\/05\/12\/preven-ampliar-contratos-con-mas-de-3-mil-medicos\/#primaryimage"},"thumbnailUrl":"","articleSection":["Nacional"],"inLanguage":"es"},{"@type":"WebPage","@id":"https:\/\/www.eldiario.net\/portal\/2021\/05\/12\/preven-ampliar-contratos-con-mas-de-3-mil-medicos\/","url":"https:\/\/www.eldiario.net\/portal\/2021\/05\/12\/preven-ampliar-contratos-con-mas-de-3-mil-medicos\/","name":"Prev\u00e9n ampliar contratos con m\u00e1s de 3 mil m\u00e9dicos - El Diario - Bolivia","isPartOf":{"@id":"https:\/\/www.eldiario.net\/portal\/#website"},"primaryImageOfPage":{"@id":"https:\/\/www.eldiario.net\/portal\/2021\/05\/12\/preven-ampliar-contratos-con-mas-de-3-mil-medicos\/#primaryimage"},"image":{"@id":"https:\/\/www.eldiario.net\/portal\/2021\/05\/12\/preven-ampliar-contratos-con-mas-de-3-mil-medicos\/#primaryimage"},"thumbnailUrl":"","datePublished":"2021-05-12T10:24:10+00:00","breadcrumb":{"@id":"https:\/\/www.eldiario.net\/portal\/2021\/05\/12\/preven-ampliar-contratos-con-mas-de-3-mil-medicos\/#breadcrumb"},"inLanguage":"es","potentialAction":[{"@type":"ReadAction","target":["https:\/\/www.eldiario.net\/portal\/2021\/05\/12\/preven-ampliar-contratos-con-mas-de-3-mil-medicos\/"]}]},{"@type":"ImageObject","inLanguage":"es","@id":"https:\/\/www.eldiario.net\/portal\/2021\/05\/12\/preven-ampliar-contratos-con-mas-de-3-mil-medicos\/#primaryimage","url":"","contentUrl":""},{"@type":"BreadcrumbList","@id":"https:\/\/www.eldiario.net\/portal\/2021\/05\/12\/preven-ampliar-contratos-con-mas-de-3-mil-medicos\/#breadcrumb","itemListElement":[{"@type":"ListItem","position":1,"name":"Portada","item":"https:\/\/www.eldiario.net\/portal\/"},{"@type":"ListItem","position":2,"name":"Prev\u00e9n ampliar contratos con m\u00e1s de 3 mil m\u00e9dicos"}]},{"@type":"WebSite","@id":"https:\/\/www.eldiario.net\/portal\/#website","url":"https:\/\/www.eldiario.net\/portal\/","name":"El Diario - Decano de la prensa nacional","description":"El Diario - Decano de la prensa nacional","publisher":{"@id":"https:\/\/www.eldiario.net\/portal\/#organization"},"potentialAction":[{"@type":"SearchAction","target":{"@type":"EntryPoint","urlTemplate":"https:\/\/www.eldiario.net\/portal\/?s={search_term_string}"},"query-input":{"@type":"PropertyValueSpecification","valueRequired":true,"valueName":"search_term_string"}}],"inLanguage":"es"},{"@type":"Organization","@id":"https:\/\/www.eldiario.net\/portal\/#organization","name":"El Diario - Decano de la prensa nacional","url":"https:\/\/www.eldiario.net\/portal\/","logo":{"@type":"ImageObject","inLanguage":"es","@id":"https:\/\/www.eldiario.net\/portal\/#\/schema\/logo\/image\/","url":"https:\/\/www.eldiario.net\/portal\/wp-content\/uploads\/2023\/07\/logo_ED.jpg","contentUrl":"https:\/\/www.eldiario.net\/portal\/wp-content\/uploads\/2023\/07\/logo_ED.jpg","width":272,"height":52,"caption":"El Diario - Decano de la prensa nacional"},"image":{"@id":"https:\/\/www.eldiario.net\/portal\/#\/schema\/logo\/image\/"},"sameAs":["https:\/\/www.facebook.com\/eldiario.bolivia\/","https:\/\/x.com\/eldiario_net"]},{"@type":"Person","@id":"https:\/\/www.eldiario.net\/portal\/#\/schema\/person\/f46445640444750d7d753ccd04ae01b7","name":"Jeanette","image":{"@type":"ImageObject","inLanguage":"es","@id":"https:\/\/secure.gravatar.com\/avatar\/3ea2118a5f7dad2b7138b1187a6b7ee55f160b9968b66013c3a3ef39dd7e5798?s=96&d=mm&r=g","url":"https:\/\/secure.gravatar.com\/avatar\/3ea2118a5f7dad2b7138b1187a6b7ee55f160b9968b66013c3a3ef39dd7e5798?s=96&d=mm&r=g","contentUrl":"https:\/\/secure.gravatar.com\/avatar\/3ea2118a5f7dad2b7138b1187a6b7ee55f160b9968b66013c3a3ef39dd7e5798?s=96&d=mm&r=g","caption":"Jeanette"},"sameAs":["https:\/\/www.eldiario.net\/portal"],"url":"https:\/\/www.eldiario.net\/portal\/author\/jeanette\/"}]}},"_links":{"self":[{"href":"https:\/\/www.eldiario.net\/portal\/wp-json\/wp\/v2\/posts\/3393","targetHints":{"allow":["GET"]}}],"collection":[{"href":"https:\/\/www.eldiario.net\/portal\/wp-json\/wp\/v2\/posts"}],"about":[{"href":"https:\/\/www.eldiario.net\/portal\/wp-json\/wp\/v2\/types\/post"}],"author":[{"embeddable":true,"href":"https:\/\/www.eldiario.net\/portal\/wp-json\/wp\/v2\/users\/1"}],"replies":[{"embeddable":true,"href":"https:\/\/www.eldiario.net\/portal\/wp-json\/wp\/v2\/comments?post=3393"}],"version-history":[{"count":0,"href":"https:\/\/www.eldiario.net\/portal\/wp-json\/wp\/v2\/posts\/3393\/revisions"}],"wp:attachment":[{"href":"https:\/\/www.eldiario.net\/portal\/wp-json\/wp\/v2\/media?parent=3393"}],"wp:term":[{"taxonomy":"category","embeddable":true,"href":"https:\/\/www.eldiario.net\/portal\/wp-json\/wp\/v2\/categories?post=3393"},{"taxonomy":"post_tag","embeddable":true,"href":"https:\/\/www.eldiario.net\/portal\/wp-json\/wp\/v2\/tags?post=3393"}],"curies":[{"name":"wp","href":"https:\/\/api.w.org\/{rel}","templated":true}]}}