{"id":338905,"date":"2025-10-17T06:13:20","date_gmt":"2025-10-17T10:13:20","guid":{"rendered":"https:\/\/www.eldiario.net\/portal\/?p=338905"},"modified":"2025-10-17T06:13:20","modified_gmt":"2025-10-17T10:13:20","slug":"intensa-lluvia-y-granizo-causan-estragos-en-zonas-de-tarija","status":"publish","type":"post","link":"https:\/\/www.eldiario.net\/portal\/2025\/10\/17\/intensa-lluvia-y-granizo-causan-estragos-en-zonas-de-tarija\/","title":{"rendered":"Intensa lluvia y granizo causan  estragos en zonas de Tarija"},"content":{"rendered":"<p class=\"v1MsoNormal\"><span lang=\"ES-MX\">Una intensa lluvia y granizada sorprendi\u00f3 ayer a los tarije\u00f1os, causando una serie de da\u00f1os en diferentes zonas de la capital chapaca. Calles anegadas, viviendas inundadas, tinglados ca\u00eddos y riesgo en varias infraestructuras, son algunos de los reportes que recibi\u00f3 la Unidad de Gesti\u00f3n de Riesgo de la Alcald\u00eda.<\/span><\/p>\n<p class=\"v1MsoNormal\"><span lang=\"ES-MX\">Una de las zonas afectadas fue la V\u00edbora Negra, donde el Municipio tuvo que acudir con tractores para mover los grandes bloques de granizo que se formaron en las calles, tapando las bocas de tormenta, lo que impidi\u00f3 el paso del agua y provoc\u00f3 inundaci\u00f3n.<\/span><\/p>\n<p class=\"v1MsoNormal\"><span lang=\"ES-MX\">El alcalde Johnny Torres Terzo confirm\u00f3 que algunas unidades educativas sufrieron da\u00f1os y hay varias viviendas con techos da\u00f1ados, por lo que\u00a0 manifest\u00f3 que ya desplaz\u00f3 a m\u00e1s de 200 personas para la atenci\u00f3n de emergencias. (Ecos de Tarija)<\/span><\/p>\n<p class=\"v1MsoNormal\"><span lang=\"ES-MX\">Por otro lado, el Servicio Nacional de Meteorolog\u00eda e Hidrolog\u00eda (Senamhi) emiti\u00f3 una alerta naranja por vientos moderados a fuertes y anunci\u00f3 el ingreso de un frente fr\u00edo que afectar\u00e1 gran parte del territorio nacional desde este s\u00e1bado, inform\u00f3 el pronosticador Diego Perales.<\/span><\/p>\n<p class=\"v1MsoNormal\"><span lang=\"ES-MX\">Seg\u00fan el reporte, Santa Cruz, Chuquisaca y Tarija ser\u00e1n los departamentos m\u00e1s afectados por los vientos, con velocidades entre 60 y 90 kil\u00f3metros por hora en el norte integrado y el Chaco, y r\u00e1fagas de hasta 70 kil\u00f3metros por hora en los valles chuquisaque\u00f1os y tarije\u00f1os.<\/span><\/p>\n<p class=\"v1MsoNormal\"><span lang=\"ES-MX\">\u00abEl comportamiento del clima para los siguientes d\u00edas, especialmente en la Cordillera Oriental, estar\u00e1 marcado por nubosidad y precipitaciones en horas de la tarde\u00bb, explic\u00f3 Perales, quien detall\u00f3 que las lluvias podr\u00edan venir acompa\u00f1adas de tormentas el\u00e9ctricas y ca\u00edda de granizo, principalmente en Potos\u00ed, Chuquisaca y Tarija.<\/span><\/p>\n<p class=\"v1MsoNormal\"><span lang=\"ES-MX\">El frente fr\u00edo, que se desplaza desde el sur del continente -entre Paraguay y Brasil-, provocar\u00e1 un descenso de temperaturas en el Chaco, el norte integrado de Santa Cruz y la Amazonia boliviana.<\/span><\/p>\n<p class=\"v1MsoNormal\"><span lang=\"ES-MX\">Asimismo, el Senamhi prev\u00e9 precipitaciones en el norte del pa\u00eds durante la semana, especialmente en Pando, el norte de La Paz y Beni, adem\u00e1s de lluvias con tormentas el\u00e9ctricas en la Cordillera Oriental, que abarca La Paz, Oruro, Cochabamba, Potos\u00ed y Chuquisaca.<\/span><\/p>\n<p class=\"v1MsoNormal\"><span lang=\"ES-MX\">El Senamhi recomend\u00f3 a la poblaci\u00f3n y a las autoridades locales tomar previsiones ante posibles descargas el\u00e9ctricas, ca\u00edda de granizo y r\u00e1fagas de viento, adem\u00e1s de precauci\u00f3n en carreteras y zonas rurales por la posible afectaci\u00f3n a cultivos y tr\u00e1nsito vehicular. (El Pa\u00eds\/Br\u00fajula Digital)<\/span><\/p>\n","protected":false},"excerpt":{"rendered":"<p>Una intensa lluvia y granizada sorprendi\u00f3 ayer a los tarije\u00f1os, causando una serie de da\u00f1os en diferentes zonas de la capital chapaca. Calles anegadas, viviendas inundadas, tinglados ca\u00eddos y riesgo en varias infraestructuras, son algunos de los reportes que recibi\u00f3 la Unidad de Gesti\u00f3n de Riesgo de la Alcald\u00eda. Una de las zonas afectadas fue [&hellip;]<\/p>\n","protected":false},"author":1,"featured_media":338906,"comment_status":"closed","ping_status":"open","sticky":false,"template":"","format":"standard","meta":{"_acf_changed":false,"footnotes":""},"categories":[12],"tags":[],"class_list":["post-338905","post","type-post","status-publish","format-standard","has-post-thumbnail","category-nacional"],"acf":{"antetitulo":"Seg\u00fan el alcalde Johnny Torres"},"yoast_head":"<!-- This site is optimized with the Yoast SEO plugin v28.4 - https:\/\/yoast.com\/product\/yoast-seo-wordpress\/ -->\n<title>Intensa lluvia y granizo causan estragos en zonas de Tarija - El Diario - Bolivia<\/title>\n<meta name=\"robots\" content=\"index, follow, max-snippet:-1, max-image-preview:large, max-video-preview:-1\" \/>\n<link rel=\"canonical\" href=\"https:\/\/www.eldiario.net\/portal\/2025\/10\/17\/intensa-lluvia-y-granizo-causan-estragos-en-zonas-de-tarija\/\" \/>\n<meta property=\"og:locale\" content=\"es_ES\" \/>\n<meta property=\"og:type\" content=\"article\" \/>\n<meta property=\"og:title\" content=\"Intensa lluvia y granizo causan estragos en zonas de Tarija - El Diario - Bolivia\" \/>\n<meta property=\"og:description\" content=\"Una intensa lluvia y granizada sorprendi\u00f3 ayer a los tarije\u00f1os, causando una serie de da\u00f1os en diferentes zonas de la capital chapaca. Calles anegadas, viviendas inundadas, tinglados ca\u00eddos y riesgo en varias infraestructuras, son algunos de los reportes que recibi\u00f3 la Unidad de Gesti\u00f3n de Riesgo de la Alcald\u00eda. Una de las zonas afectadas fue [&hellip;]\" \/>\n<meta property=\"og:url\" content=\"https:\/\/www.eldiario.net\/portal\/2025\/10\/17\/intensa-lluvia-y-granizo-causan-estragos-en-zonas-de-tarija\/\" \/>\n<meta property=\"og:site_name\" content=\"El Diario - Bolivia\" \/>\n<meta property=\"article:publisher\" content=\"https:\/\/www.facebook.com\/eldiario.bolivia\/\" \/>\n<meta property=\"article:published_time\" content=\"2025-10-17T10:13:20+00:00\" \/>\n<meta property=\"og:image\" content=\"https:\/\/www.eldiario.net\/portal\/wp-content\/uploads\/2025\/10\/Granizo-El-Pais.webp\" \/>\n\t<meta property=\"og:image:width\" content=\"1200\" \/>\n\t<meta property=\"og:image:height\" content=\"635\" \/>\n\t<meta property=\"og:image:type\" content=\"image\/webp\" \/>\n<meta name=\"author\" content=\"Jeanette\" \/>\n<meta name=\"twitter:card\" content=\"summary_large_image\" \/>\n<meta name=\"twitter:creator\" content=\"@eldiario_net\" \/>\n<meta name=\"twitter:site\" content=\"@eldiario_net\" \/>\n<meta name=\"twitter:label1\" content=\"Escrito por\" \/>\n\t<meta name=\"twitter:data1\" content=\"Jeanette\" \/>\n\t<meta name=\"twitter:label2\" content=\"Tiempo de lectura\" \/>\n\t<meta name=\"twitter:data2\" content=\"2 minutos\" \/>\n<script type=\"application\/ld+json\" class=\"yoast-schema-graph\">{\"@context\":\"https:\\\/\\\/schema.org\",\"@graph\":[{\"@type\":\"Article\",\"@id\":\"https:\\\/\\\/www.eldiario.net\\\/portal\\\/2025\\\/10\\\/17\\\/intensa-lluvia-y-granizo-causan-estragos-en-zonas-de-tarija\\\/#article\",\"isPartOf\":{\"@id\":\"https:\\\/\\\/www.eldiario.net\\\/portal\\\/2025\\\/10\\\/17\\\/intensa-lluvia-y-granizo-causan-estragos-en-zonas-de-tarija\\\/\"},\"author\":{\"name\":\"Jeanette\",\"@id\":\"https:\\\/\\\/www.eldiario.net\\\/portal\\\/#\\\/schema\\\/person\\\/2c57cf2b7a7ae032e449e4c9b1019eac\"},\"headline\":\"Intensa lluvia y granizo causan estragos en zonas de Tarija\",\"datePublished\":\"2025-10-17T10:13:20+00:00\",\"mainEntityOfPage\":{\"@id\":\"https:\\\/\\\/www.eldiario.net\\\/portal\\\/2025\\\/10\\\/17\\\/intensa-lluvia-y-granizo-causan-estragos-en-zonas-de-tarija\\\/\"},\"wordCount\":437,\"publisher\":{\"@id\":\"https:\\\/\\\/www.eldiario.net\\\/portal\\\/#organization\"},\"image\":{\"@id\":\"https:\\\/\\\/www.eldiario.net\\\/portal\\\/2025\\\/10\\\/17\\\/intensa-lluvia-y-granizo-causan-estragos-en-zonas-de-tarija\\\/#primaryimage\"},\"thumbnailUrl\":\"https:\\\/\\\/www.eldiario.net\\\/portal\\\/wp-content\\\/uploads\\\/2025\\\/10\\\/Granizo-El-Pais.webp\",\"articleSection\":[\"Nacional\"],\"inLanguage\":\"es\"},{\"@type\":\"WebPage\",\"@id\":\"https:\\\/\\\/www.eldiario.net\\\/portal\\\/2025\\\/10\\\/17\\\/intensa-lluvia-y-granizo-causan-estragos-en-zonas-de-tarija\\\/\",\"url\":\"https:\\\/\\\/www.eldiario.net\\\/portal\\\/2025\\\/10\\\/17\\\/intensa-lluvia-y-granizo-causan-estragos-en-zonas-de-tarija\\\/\",\"name\":\"Intensa lluvia y granizo causan estragos en zonas de Tarija - El Diario - Bolivia\",\"isPartOf\":{\"@id\":\"https:\\\/\\\/www.eldiario.net\\\/portal\\\/#website\"},\"primaryImageOfPage\":{\"@id\":\"https:\\\/\\\/www.eldiario.net\\\/portal\\\/2025\\\/10\\\/17\\\/intensa-lluvia-y-granizo-causan-estragos-en-zonas-de-tarija\\\/#primaryimage\"},\"image\":{\"@id\":\"https:\\\/\\\/www.eldiario.net\\\/portal\\\/2025\\\/10\\\/17\\\/intensa-lluvia-y-granizo-causan-estragos-en-zonas-de-tarija\\\/#primaryimage\"},\"thumbnailUrl\":\"https:\\\/\\\/www.eldiario.net\\\/portal\\\/wp-content\\\/uploads\\\/2025\\\/10\\\/Granizo-El-Pais.webp\",\"datePublished\":\"2025-10-17T10:13:20+00:00\",\"breadcrumb\":{\"@id\":\"https:\\\/\\\/www.eldiario.net\\\/portal\\\/2025\\\/10\\\/17\\\/intensa-lluvia-y-granizo-causan-estragos-en-zonas-de-tarija\\\/#breadcrumb\"},\"inLanguage\":\"es\",\"potentialAction\":[{\"@type\":\"ReadAction\",\"target\":[\"https:\\\/\\\/www.eldiario.net\\\/portal\\\/2025\\\/10\\\/17\\\/intensa-lluvia-y-granizo-causan-estragos-en-zonas-de-tarija\\\/\"]}]},{\"@type\":\"ImageObject\",\"inLanguage\":\"es\",\"@id\":\"https:\\\/\\\/www.eldiario.net\\\/portal\\\/2025\\\/10\\\/17\\\/intensa-lluvia-y-granizo-causan-estragos-en-zonas-de-tarija\\\/#primaryimage\",\"url\":\"https:\\\/\\\/www.eldiario.net\\\/portal\\\/wp-content\\\/uploads\\\/2025\\\/10\\\/Granizo-El-Pais.webp\",\"contentUrl\":\"https:\\\/\\\/www.eldiario.net\\\/portal\\\/wp-content\\\/uploads\\\/2025\\\/10\\\/Granizo-El-Pais.webp\",\"width\":1200,\"height\":635,\"caption\":\"El granizo tuvo que ser retirado con maquinaria pesada. CR\u00c9DITO: El Pa\u00eds\"},{\"@type\":\"BreadcrumbList\",\"@id\":\"https:\\\/\\\/www.eldiario.net\\\/portal\\\/2025\\\/10\\\/17\\\/intensa-lluvia-y-granizo-causan-estragos-en-zonas-de-tarija\\\/#breadcrumb\",\"itemListElement\":[{\"@type\":\"ListItem\",\"position\":1,\"name\":\"Portada\",\"item\":\"https:\\\/\\\/www.eldiario.net\\\/portal\\\/\"},{\"@type\":\"ListItem\",\"position\":2,\"name\":\"Intensa lluvia y granizo causan estragos en zonas de Tarija\"}]},{\"@type\":\"WebSite\",\"@id\":\"https:\\\/\\\/www.eldiario.net\\\/portal\\\/#website\",\"url\":\"https:\\\/\\\/www.eldiario.net\\\/portal\\\/\",\"name\":\"El Diario - Decano de la prensa nacional\",\"description\":\"El Diario - Decano de la prensa nacional\",\"publisher\":{\"@id\":\"https:\\\/\\\/www.eldiario.net\\\/portal\\\/#organization\"},\"potentialAction\":[{\"@type\":\"SearchAction\",\"target\":{\"@type\":\"EntryPoint\",\"urlTemplate\":\"https:\\\/\\\/www.eldiario.net\\\/portal\\\/?s={search_term_string}\"},\"query-input\":{\"@type\":\"PropertyValueSpecification\",\"valueRequired\":true,\"valueName\":\"search_term_string\"}}],\"inLanguage\":\"es\"},{\"@type\":\"Organization\",\"@id\":\"https:\\\/\\\/www.eldiario.net\\\/portal\\\/#organization\",\"name\":\"El Diario - Decano de la prensa nacional\",\"url\":\"https:\\\/\\\/www.eldiario.net\\\/portal\\\/\",\"logo\":{\"@type\":\"ImageObject\",\"inLanguage\":\"es\",\"@id\":\"https:\\\/\\\/www.eldiario.net\\\/portal\\\/#\\\/schema\\\/logo\\\/image\\\/\",\"url\":\"https:\\\/\\\/www.eldiario.net\\\/portal\\\/wp-content\\\/uploads\\\/2023\\\/07\\\/logo_ED.jpg\",\"contentUrl\":\"https:\\\/\\\/www.eldiario.net\\\/portal\\\/wp-content\\\/uploads\\\/2023\\\/07\\\/logo_ED.jpg\",\"width\":272,\"height\":52,\"caption\":\"El Diario - Decano de la prensa nacional\"},\"image\":{\"@id\":\"https:\\\/\\\/www.eldiario.net\\\/portal\\\/#\\\/schema\\\/logo\\\/image\\\/\"},\"sameAs\":[\"https:\\\/\\\/www.facebook.com\\\/eldiario.bolivia\\\/\",\"https:\\\/\\\/x.com\\\/eldiario_net\"]},{\"@type\":\"Person\",\"@id\":\"https:\\\/\\\/www.eldiario.net\\\/portal\\\/#\\\/schema\\\/person\\\/2c57cf2b7a7ae032e449e4c9b1019eac\",\"name\":\"Jeanette\",\"image\":{\"@type\":\"ImageObject\",\"inLanguage\":\"es\",\"@id\":\"https:\\\/\\\/secure.gravatar.com\\\/avatar\\\/3ea2118a5f7dad2b7138b1187a6b7ee55f160b9968b66013c3a3ef39dd7e5798?s=96&d=mm&r=g\",\"url\":\"https:\\\/\\\/secure.gravatar.com\\\/avatar\\\/3ea2118a5f7dad2b7138b1187a6b7ee55f160b9968b66013c3a3ef39dd7e5798?s=96&d=mm&r=g\",\"contentUrl\":\"https:\\\/\\\/secure.gravatar.com\\\/avatar\\\/3ea2118a5f7dad2b7138b1187a6b7ee55f160b9968b66013c3a3ef39dd7e5798?s=96&d=mm&r=g\",\"caption\":\"Jeanette\"},\"sameAs\":[\"https:\\\/\\\/www.eldiario.net\\\/portal\"],\"url\":\"https:\\\/\\\/www.eldiario.net\\\/portal\\\/author\\\/jeanette\\\/\"}]}<\/script>\n<!-- \/ Yoast SEO plugin. -->","yoast_head_json":{"title":"Intensa lluvia y granizo causan estragos en zonas de Tarija - El Diario - Bolivia","robots":{"index":"index","follow":"follow","max-snippet":"max-snippet:-1","max-image-preview":"max-image-preview:large","max-video-preview":"max-video-preview:-1"},"canonical":"https:\/\/www.eldiario.net\/portal\/2025\/10\/17\/intensa-lluvia-y-granizo-causan-estragos-en-zonas-de-tarija\/","og_locale":"es_ES","og_type":"article","og_title":"Intensa lluvia y granizo causan estragos en zonas de Tarija - El Diario - Bolivia","og_description":"Una intensa lluvia y granizada sorprendi\u00f3 ayer a los tarije\u00f1os, causando una serie de da\u00f1os en diferentes zonas de la capital chapaca. Calles anegadas, viviendas inundadas, tinglados ca\u00eddos y riesgo en varias infraestructuras, son algunos de los reportes que recibi\u00f3 la Unidad de Gesti\u00f3n de Riesgo de la Alcald\u00eda. Una de las zonas afectadas fue [&hellip;]","og_url":"https:\/\/www.eldiario.net\/portal\/2025\/10\/17\/intensa-lluvia-y-granizo-causan-estragos-en-zonas-de-tarija\/","og_site_name":"El Diario - Bolivia","article_publisher":"https:\/\/www.facebook.com\/eldiario.bolivia\/","article_published_time":"2025-10-17T10:13:20+00:00","og_image":[{"width":1200,"height":635,"url":"https:\/\/www.eldiario.net\/portal\/wp-content\/uploads\/2025\/10\/Granizo-El-Pais.webp","type":"image\/webp"}],"author":"Jeanette","twitter_card":"summary_large_image","twitter_creator":"@eldiario_net","twitter_site":"@eldiario_net","twitter_misc":{"Escrito por":"Jeanette","Tiempo de lectura":"2 minutos"},"schema":{"@context":"https:\/\/schema.org","@graph":[{"@type":"Article","@id":"https:\/\/www.eldiario.net\/portal\/2025\/10\/17\/intensa-lluvia-y-granizo-causan-estragos-en-zonas-de-tarija\/#article","isPartOf":{"@id":"https:\/\/www.eldiario.net\/portal\/2025\/10\/17\/intensa-lluvia-y-granizo-causan-estragos-en-zonas-de-tarija\/"},"author":{"name":"Jeanette","@id":"https:\/\/www.eldiario.net\/portal\/#\/schema\/person\/2c57cf2b7a7ae032e449e4c9b1019eac"},"headline":"Intensa lluvia y granizo causan estragos en zonas de Tarija","datePublished":"2025-10-17T10:13:20+00:00","mainEntityOfPage":{"@id":"https:\/\/www.eldiario.net\/portal\/2025\/10\/17\/intensa-lluvia-y-granizo-causan-estragos-en-zonas-de-tarija\/"},"wordCount":437,"publisher":{"@id":"https:\/\/www.eldiario.net\/portal\/#organization"},"image":{"@id":"https:\/\/www.eldiario.net\/portal\/2025\/10\/17\/intensa-lluvia-y-granizo-causan-estragos-en-zonas-de-tarija\/#primaryimage"},"thumbnailUrl":"https:\/\/www.eldiario.net\/portal\/wp-content\/uploads\/2025\/10\/Granizo-El-Pais.webp","articleSection":["Nacional"],"inLanguage":"es"},{"@type":"WebPage","@id":"https:\/\/www.eldiario.net\/portal\/2025\/10\/17\/intensa-lluvia-y-granizo-causan-estragos-en-zonas-de-tarija\/","url":"https:\/\/www.eldiario.net\/portal\/2025\/10\/17\/intensa-lluvia-y-granizo-causan-estragos-en-zonas-de-tarija\/","name":"Intensa lluvia y granizo causan estragos en zonas de Tarija - El Diario - Bolivia","isPartOf":{"@id":"https:\/\/www.eldiario.net\/portal\/#website"},"primaryImageOfPage":{"@id":"https:\/\/www.eldiario.net\/portal\/2025\/10\/17\/intensa-lluvia-y-granizo-causan-estragos-en-zonas-de-tarija\/#primaryimage"},"image":{"@id":"https:\/\/www.eldiario.net\/portal\/2025\/10\/17\/intensa-lluvia-y-granizo-causan-estragos-en-zonas-de-tarija\/#primaryimage"},"thumbnailUrl":"https:\/\/www.eldiario.net\/portal\/wp-content\/uploads\/2025\/10\/Granizo-El-Pais.webp","datePublished":"2025-10-17T10:13:20+00:00","breadcrumb":{"@id":"https:\/\/www.eldiario.net\/portal\/2025\/10\/17\/intensa-lluvia-y-granizo-causan-estragos-en-zonas-de-tarija\/#breadcrumb"},"inLanguage":"es","potentialAction":[{"@type":"ReadAction","target":["https:\/\/www.eldiario.net\/portal\/2025\/10\/17\/intensa-lluvia-y-granizo-causan-estragos-en-zonas-de-tarija\/"]}]},{"@type":"ImageObject","inLanguage":"es","@id":"https:\/\/www.eldiario.net\/portal\/2025\/10\/17\/intensa-lluvia-y-granizo-causan-estragos-en-zonas-de-tarija\/#primaryimage","url":"https:\/\/www.eldiario.net\/portal\/wp-content\/uploads\/2025\/10\/Granizo-El-Pais.webp","contentUrl":"https:\/\/www.eldiario.net\/portal\/wp-content\/uploads\/2025\/10\/Granizo-El-Pais.webp","width":1200,"height":635,"caption":"El granizo tuvo que ser retirado con maquinaria pesada. CR\u00c9DITO: El Pa\u00eds"},{"@type":"BreadcrumbList","@id":"https:\/\/www.eldiario.net\/portal\/2025\/10\/17\/intensa-lluvia-y-granizo-causan-estragos-en-zonas-de-tarija\/#breadcrumb","itemListElement":[{"@type":"ListItem","position":1,"name":"Portada","item":"https:\/\/www.eldiario.net\/portal\/"},{"@type":"ListItem","position":2,"name":"Intensa lluvia y granizo causan estragos en zonas de Tarija"}]},{"@type":"WebSite","@id":"https:\/\/www.eldiario.net\/portal\/#website","url":"https:\/\/www.eldiario.net\/portal\/","name":"El Diario - Decano de la prensa nacional","description":"El Diario - Decano de la prensa nacional","publisher":{"@id":"https:\/\/www.eldiario.net\/portal\/#organization"},"potentialAction":[{"@type":"SearchAction","target":{"@type":"EntryPoint","urlTemplate":"https:\/\/www.eldiario.net\/portal\/?s={search_term_string}"},"query-input":{"@type":"PropertyValueSpecification","valueRequired":true,"valueName":"search_term_string"}}],"inLanguage":"es"},{"@type":"Organization","@id":"https:\/\/www.eldiario.net\/portal\/#organization","name":"El Diario - Decano de la prensa nacional","url":"https:\/\/www.eldiario.net\/portal\/","logo":{"@type":"ImageObject","inLanguage":"es","@id":"https:\/\/www.eldiario.net\/portal\/#\/schema\/logo\/image\/","url":"https:\/\/www.eldiario.net\/portal\/wp-content\/uploads\/2023\/07\/logo_ED.jpg","contentUrl":"https:\/\/www.eldiario.net\/portal\/wp-content\/uploads\/2023\/07\/logo_ED.jpg","width":272,"height":52,"caption":"El Diario - Decano de la prensa nacional"},"image":{"@id":"https:\/\/www.eldiario.net\/portal\/#\/schema\/logo\/image\/"},"sameAs":["https:\/\/www.facebook.com\/eldiario.bolivia\/","https:\/\/x.com\/eldiario_net"]},{"@type":"Person","@id":"https:\/\/www.eldiario.net\/portal\/#\/schema\/person\/2c57cf2b7a7ae032e449e4c9b1019eac","name":"Jeanette","image":{"@type":"ImageObject","inLanguage":"es","@id":"https:\/\/secure.gravatar.com\/avatar\/3ea2118a5f7dad2b7138b1187a6b7ee55f160b9968b66013c3a3ef39dd7e5798?s=96&d=mm&r=g","url":"https:\/\/secure.gravatar.com\/avatar\/3ea2118a5f7dad2b7138b1187a6b7ee55f160b9968b66013c3a3ef39dd7e5798?s=96&d=mm&r=g","contentUrl":"https:\/\/secure.gravatar.com\/avatar\/3ea2118a5f7dad2b7138b1187a6b7ee55f160b9968b66013c3a3ef39dd7e5798?s=96&d=mm&r=g","caption":"Jeanette"},"sameAs":["https:\/\/www.eldiario.net\/portal"],"url":"https:\/\/www.eldiario.net\/portal\/author\/jeanette\/"}]}},"_links":{"self":[{"href":"https:\/\/www.eldiario.net\/portal\/wp-json\/wp\/v2\/posts\/338905","targetHints":{"allow":["GET"]}}],"collection":[{"href":"https:\/\/www.eldiario.net\/portal\/wp-json\/wp\/v2\/posts"}],"about":[{"href":"https:\/\/www.eldiario.net\/portal\/wp-json\/wp\/v2\/types\/post"}],"author":[{"embeddable":true,"href":"https:\/\/www.eldiario.net\/portal\/wp-json\/wp\/v2\/users\/1"}],"replies":[{"embeddable":true,"href":"https:\/\/www.eldiario.net\/portal\/wp-json\/wp\/v2\/comments?post=338905"}],"version-history":[{"count":1,"href":"https:\/\/www.eldiario.net\/portal\/wp-json\/wp\/v2\/posts\/338905\/revisions"}],"predecessor-version":[{"id":338907,"href":"https:\/\/www.eldiario.net\/portal\/wp-json\/wp\/v2\/posts\/338905\/revisions\/338907"}],"wp:featuredmedia":[{"embeddable":true,"href":"https:\/\/www.eldiario.net\/portal\/wp-json\/wp\/v2\/media\/338906"}],"wp:attachment":[{"href":"https:\/\/www.eldiario.net\/portal\/wp-json\/wp\/v2\/media?parent=338905"}],"wp:term":[{"taxonomy":"category","embeddable":true,"href":"https:\/\/www.eldiario.net\/portal\/wp-json\/wp\/v2\/categories?post=338905"},{"taxonomy":"post_tag","embeddable":true,"href":"https:\/\/www.eldiario.net\/portal\/wp-json\/wp\/v2\/tags?post=338905"}],"curies":[{"name":"wp","href":"https:\/\/api.w.org\/{rel}","templated":true}]}}