{"id":338867,"date":"2025-10-17T06:03:53","date_gmt":"2025-10-17T10:03:53","guid":{"rendered":"https:\/\/www.eldiario.net\/portal\/?p=338867"},"modified":"2025-10-17T06:03:53","modified_gmt":"2025-10-17T10:03:53","slug":"depositos-y-creditos-suben-en-2-y-33-a-septiembre","status":"publish","type":"post","link":"https:\/\/www.eldiario.net\/portal\/2025\/10\/17\/depositos-y-creditos-suben-en-2-y-33-a-septiembre\/","title":{"rendered":"Dep\u00f3sitos y cr\u00e9ditos suben  en 2% y 3,3% a septiembre"},"content":{"rendered":"<p>A septiembre de 2025, los dep\u00f3sitos alcanzaron a 229.407 millones de bolivianos y la cartera de cr\u00e9ditos lleg\u00f3 a 226.901 millones, con un crecimiento del 2% el primero y 3,3% el segundo, lo que refleja la \u201csolidez, solvencia y niveles de inclusi\u00f3n financiera cada vez mayores en el sistema financiero del pa\u00eds\u201d, inform\u00f3 la Autoridad de Supervisi\u00f3n del Sistema Financiero (ASFI).<br \/>\nLa ASFI indic\u00f3 que, a septiembre de 2025, los cr\u00e9ditos y dep\u00f3sitos del Sistema Financiero Nacional mantienen una tendencia de crecimiento, al igual que el n\u00famero de cuentas de dep\u00f3sito, lo que refleja la solidez, solvencia y niveles de inclusi\u00f3n financiera cada vez mayores.<br \/>\nDetall\u00f3 que, a septiembre de 2025, los dep\u00f3sitos alcanzaron 229.407 millones de bolivianos, monto mayor en 2,0% respecto al registrado en similar per\u00edodo de 2024, equivalente a 4.503 millones, destacando el departamento de La Paz que concentra 53% de los mismos. Los dep\u00f3sitos a plazo fijo representan 47% del total de los dep\u00f3sitos (Bs 107.994 millones), seguidos por las cajas de ahorro con 33% (Bs 74.671 millones), los dep\u00f3sitos a la vista con 18% (Bs 42.095 millones) y otros dep\u00f3sitos con 2% (Bs 4.647 millones).<br \/>\nEn el per\u00edodo de an\u00e1lisis, se abrieron 1,7 millones de nuevas cuentas de dep\u00f3sito, con lo que, se registran 17,6 millones de cuentas, la cifra m\u00e1s alta hist\u00f3ricamente alcanzada, destacando as\u00ed la confianza de la poblaci\u00f3n en el Sistema Financiero Nacional.<br \/>\nDe la misma manera, la cartera de cr\u00e9ditos alcanz\u00f3 226.901 millones de bolivianos, con un crecimiento de 3,3%, equivalente a 7.316 millones. De este total, 31% (Bs 70.157 millones) corresponde al microcr\u00e9dito, 24% (Bs 55.149 millones) a la cartera de vivienda, 24% (Bs 54.972 millones) al cr\u00e9dito empresarial, 11% (Bs 24.402 millones) al cr\u00e9dito pyme y 10% (Bs 22.222 millones) al cr\u00e9dito de consumo. Santa Cruz es el departamento con la mayor cartera de cr\u00e9ditos, con Bs 94.024 millones (41%), seguido de La Paz con 56.844 millones (25%) y Cochabamba con 38.941 millones (17%), entre los m\u00e1s importantes.<br \/>\nEn el \u00e1mbito del riesgo de cr\u00e9dito, el \u00edndice de mora de la cartera de cr\u00e9ditos se sit\u00faa en 3,2%, nivel inferior al promedio regional de 3,3%, lo que refleja que, a\u00fan en un contexto desafiante, los prestatarios bolivianos contin\u00faan cumpliendo sus obligaciones con regularidad. Este desempe\u00f1o denota una cultura de pago s\u00f3lida y arraigada, sostenida por la normativa prudencial emitida por ASFI y una adecuada gesti\u00f3n del riesgo por parte de las entidades financieras.<br \/>\nSin embargo, economistas se\u00f1alan que las reprogramaciones implementadas por el Gobierno a trav\u00e9s de la entidad reguladora, disminuyeron o contuvieron la mora, a\u00fan as\u00ed la cifra est\u00e1 cercana al promedio regional.<br \/>\nDe igual manera, el nivel de previsiones por incobrabilidad alcanza los 9.835 millones de bolivianos, cubriendo aproximadamente 1,4 veces los niveles de morosidad existentes. Esta relaci\u00f3n evidencia la fortaleza del Sistema Financiero Nacional frente al riesgo crediticio y la capacidad del sector para absorber eventuales p\u00e9rdidas sin comprometer su estabilidad.<br \/>\nEn materia de liquidez, en el per\u00edodo de an\u00e1lisis, los activos l\u00edquidos del Sistema Financiero Nacional superan los 77.256 millones de bolivianos, constituyendo la cifra m\u00e1s alta registrada en los \u00faltimos veinte a\u00f1os. Este nivel hist\u00f3rico demuestra que la liquidez disponible es suficiente para atender adecuadamente las necesidades de los consumidores financieros, tanto en lo referente a la colocaci\u00f3n de cr\u00e9ditos como a la devoluci\u00f3n oportuna de los dep\u00f3sitos del p\u00fablico.<br \/>\nUn aspecto especialmente positivo es que cerca de 50% de los dep\u00f3sitos se constituyeron en la modalidad a plazo fijo y de este porcentaje, m\u00e1s de 90% corresponde a plazos superiores a un a\u00f1o. Esta composici\u00f3n del pasivo revela que las entidades financieras nacionales cuentan con fuentes de fondeo estables y de largo plazo, lo que contribuye a mantener una estructura de financiamiento s\u00f3lida y sostenible, incluso en escenarios de incertidumbre.<br \/>\nEn cuanto al patrimonio de las entidades financieras, entre septiembre de 2024 y septiembre de 2025, el monto pas\u00f3 de 25.337 millones a 27.854 millones de bolivianos, registrando un incremento de 9,9%. En consecuencia, el coeficiente de adecuaci\u00f3n patrimonial (CAP) \u2014principal indicador de solvencia\u2014 se ubic\u00f3 en 14,6%, muy por encima del m\u00ednimo legal de 10% establecido por ley. Este desempe\u00f1o obedece, en gran medida, a la capitalizaci\u00f3n obligatoria de al menos 50% de las utilidades, instruida por ASFI en los \u00faltimos a\u00f1os, lo que ha contribuido significativamente al fortalecimiento patrimonial del sistema.<br \/>\nCabe destacar que aproximadamente 85% del capital regulatorio de las entidades corresponde a capital primario, es decir, aportes directos de los propietarios, lo que refleja una estructura de capital de alta calidad.<br \/>\nPor otra parte, las utilidades del Sistema Financiero Nacional, a septiembre de 2025, ascendieron a 2.109 millones bolivianos, monto superior en 636 millones al nivel alcanzado en el mismo per\u00edodo de la gesti\u00f3n anterior.<\/p>\n","protected":false},"excerpt":{"rendered":"<p>A septiembre de 2025, los dep\u00f3sitos alcanzaron a 229.407 millones de bolivianos y la cartera de cr\u00e9ditos lleg\u00f3 a 226.901 millones, con un crecimiento del 2% el primero y 3,3% el segundo, lo que refleja la \u201csolidez, solvencia y niveles de inclusi\u00f3n financiera cada vez mayores en el sistema financiero del pa\u00eds\u201d, inform\u00f3 la Autoridad [&hellip;]<\/p>\n","protected":false},"author":1,"featured_media":338868,"comment_status":"closed","ping_status":"open","sticky":false,"template":"","format":"standard","meta":{"_acf_changed":false,"footnotes":""},"categories":[7],"tags":[],"class_list":["post-338867","post","type-post","status-publish","format-standard","has-post-thumbnail","category-economia"],"acf":{"antetitulo":""},"yoast_head":"<!-- This site is optimized with the Yoast SEO plugin v28.4 - https:\/\/yoast.com\/product\/yoast-seo-wordpress\/ -->\n<title>Dep\u00f3sitos y cr\u00e9ditos suben en 2% y 3,3% a septiembre - El Diario - Bolivia<\/title>\n<meta name=\"robots\" content=\"index, follow, max-snippet:-1, max-image-preview:large, max-video-preview:-1\" \/>\n<link rel=\"canonical\" href=\"https:\/\/www.eldiario.net\/portal\/2025\/10\/17\/depositos-y-creditos-suben-en-2-y-33-a-septiembre\/\" \/>\n<meta property=\"og:locale\" content=\"es_ES\" \/>\n<meta property=\"og:type\" content=\"article\" \/>\n<meta property=\"og:title\" content=\"Dep\u00f3sitos y cr\u00e9ditos suben en 2% y 3,3% a septiembre - El Diario - Bolivia\" \/>\n<meta property=\"og:description\" content=\"A septiembre de 2025, los dep\u00f3sitos alcanzaron a 229.407 millones de bolivianos y la cartera de cr\u00e9ditos lleg\u00f3 a 226.901 millones, con un crecimiento del 2% el primero y 3,3% el segundo, lo que refleja la \u201csolidez, solvencia y niveles de inclusi\u00f3n financiera cada vez mayores en el sistema financiero del pa\u00eds\u201d, inform\u00f3 la Autoridad [&hellip;]\" \/>\n<meta property=\"og:url\" content=\"https:\/\/www.eldiario.net\/portal\/2025\/10\/17\/depositos-y-creditos-suben-en-2-y-33-a-septiembre\/\" \/>\n<meta property=\"og:site_name\" content=\"El Diario - Bolivia\" \/>\n<meta property=\"article:publisher\" content=\"https:\/\/www.facebook.com\/eldiario.bolivia\/\" \/>\n<meta property=\"article:published_time\" content=\"2025-10-17T10:03:53+00:00\" \/>\n<meta property=\"og:image\" content=\"https:\/\/www.eldiario.net\/portal\/wp-content\/uploads\/2025\/10\/creditos.webp\" \/>\n\t<meta property=\"og:image:width\" content=\"1200\" \/>\n\t<meta property=\"og:image:height\" content=\"675\" \/>\n\t<meta property=\"og:image:type\" content=\"image\/webp\" \/>\n<meta name=\"author\" content=\"Jeanette\" \/>\n<meta name=\"twitter:card\" content=\"summary_large_image\" \/>\n<meta name=\"twitter:creator\" content=\"@eldiario_net\" \/>\n<meta name=\"twitter:site\" content=\"@eldiario_net\" \/>\n<meta name=\"twitter:label1\" content=\"Escrito por\" \/>\n\t<meta name=\"twitter:data1\" content=\"Jeanette\" \/>\n\t<meta name=\"twitter:label2\" content=\"Tiempo de lectura\" \/>\n\t<meta name=\"twitter:data2\" content=\"4 minutos\" \/>\n<script type=\"application\/ld+json\" class=\"yoast-schema-graph\">{\"@context\":\"https:\\\/\\\/schema.org\",\"@graph\":[{\"@type\":\"Article\",\"@id\":\"https:\\\/\\\/www.eldiario.net\\\/portal\\\/2025\\\/10\\\/17\\\/depositos-y-creditos-suben-en-2-y-33-a-septiembre\\\/#article\",\"isPartOf\":{\"@id\":\"https:\\\/\\\/www.eldiario.net\\\/portal\\\/2025\\\/10\\\/17\\\/depositos-y-creditos-suben-en-2-y-33-a-septiembre\\\/\"},\"author\":{\"name\":\"Jeanette\",\"@id\":\"https:\\\/\\\/www.eldiario.net\\\/portal\\\/#\\\/schema\\\/person\\\/2c57cf2b7a7ae032e449e4c9b1019eac\"},\"headline\":\"Dep\u00f3sitos y cr\u00e9ditos suben en 2% y 3,3% a septiembre\",\"datePublished\":\"2025-10-17T10:03:53+00:00\",\"mainEntityOfPage\":{\"@id\":\"https:\\\/\\\/www.eldiario.net\\\/portal\\\/2025\\\/10\\\/17\\\/depositos-y-creditos-suben-en-2-y-33-a-septiembre\\\/\"},\"wordCount\":801,\"publisher\":{\"@id\":\"https:\\\/\\\/www.eldiario.net\\\/portal\\\/#organization\"},\"image\":{\"@id\":\"https:\\\/\\\/www.eldiario.net\\\/portal\\\/2025\\\/10\\\/17\\\/depositos-y-creditos-suben-en-2-y-33-a-septiembre\\\/#primaryimage\"},\"thumbnailUrl\":\"https:\\\/\\\/www.eldiario.net\\\/portal\\\/wp-content\\\/uploads\\\/2025\\\/10\\\/creditos.webp\",\"articleSection\":[\"Econom\u00eda\"],\"inLanguage\":\"es\"},{\"@type\":\"WebPage\",\"@id\":\"https:\\\/\\\/www.eldiario.net\\\/portal\\\/2025\\\/10\\\/17\\\/depositos-y-creditos-suben-en-2-y-33-a-septiembre\\\/\",\"url\":\"https:\\\/\\\/www.eldiario.net\\\/portal\\\/2025\\\/10\\\/17\\\/depositos-y-creditos-suben-en-2-y-33-a-septiembre\\\/\",\"name\":\"Dep\u00f3sitos y cr\u00e9ditos suben en 2% y 3,3% a septiembre - El Diario - Bolivia\",\"isPartOf\":{\"@id\":\"https:\\\/\\\/www.eldiario.net\\\/portal\\\/#website\"},\"primaryImageOfPage\":{\"@id\":\"https:\\\/\\\/www.eldiario.net\\\/portal\\\/2025\\\/10\\\/17\\\/depositos-y-creditos-suben-en-2-y-33-a-septiembre\\\/#primaryimage\"},\"image\":{\"@id\":\"https:\\\/\\\/www.eldiario.net\\\/portal\\\/2025\\\/10\\\/17\\\/depositos-y-creditos-suben-en-2-y-33-a-septiembre\\\/#primaryimage\"},\"thumbnailUrl\":\"https:\\\/\\\/www.eldiario.net\\\/portal\\\/wp-content\\\/uploads\\\/2025\\\/10\\\/creditos.webp\",\"datePublished\":\"2025-10-17T10:03:53+00:00\",\"breadcrumb\":{\"@id\":\"https:\\\/\\\/www.eldiario.net\\\/portal\\\/2025\\\/10\\\/17\\\/depositos-y-creditos-suben-en-2-y-33-a-septiembre\\\/#breadcrumb\"},\"inLanguage\":\"es\",\"potentialAction\":[{\"@type\":\"ReadAction\",\"target\":[\"https:\\\/\\\/www.eldiario.net\\\/portal\\\/2025\\\/10\\\/17\\\/depositos-y-creditos-suben-en-2-y-33-a-septiembre\\\/\"]}]},{\"@type\":\"ImageObject\",\"inLanguage\":\"es\",\"@id\":\"https:\\\/\\\/www.eldiario.net\\\/portal\\\/2025\\\/10\\\/17\\\/depositos-y-creditos-suben-en-2-y-33-a-septiembre\\\/#primaryimage\",\"url\":\"https:\\\/\\\/www.eldiario.net\\\/portal\\\/wp-content\\\/uploads\\\/2025\\\/10\\\/creditos.webp\",\"contentUrl\":\"https:\\\/\\\/www.eldiario.net\\\/portal\\\/wp-content\\\/uploads\\\/2025\\\/10\\\/creditos.webp\",\"width\":1200,\"height\":675,\"caption\":\"instalaciones de la Asfi.\"},{\"@type\":\"BreadcrumbList\",\"@id\":\"https:\\\/\\\/www.eldiario.net\\\/portal\\\/2025\\\/10\\\/17\\\/depositos-y-creditos-suben-en-2-y-33-a-septiembre\\\/#breadcrumb\",\"itemListElement\":[{\"@type\":\"ListItem\",\"position\":1,\"name\":\"Portada\",\"item\":\"https:\\\/\\\/www.eldiario.net\\\/portal\\\/\"},{\"@type\":\"ListItem\",\"position\":2,\"name\":\"Dep\u00f3sitos y cr\u00e9ditos suben en 2% y 3,3% a septiembre\"}]},{\"@type\":\"WebSite\",\"@id\":\"https:\\\/\\\/www.eldiario.net\\\/portal\\\/#website\",\"url\":\"https:\\\/\\\/www.eldiario.net\\\/portal\\\/\",\"name\":\"El Diario - Decano de la prensa nacional\",\"description\":\"El Diario - Decano de la prensa nacional\",\"publisher\":{\"@id\":\"https:\\\/\\\/www.eldiario.net\\\/portal\\\/#organization\"},\"potentialAction\":[{\"@type\":\"SearchAction\",\"target\":{\"@type\":\"EntryPoint\",\"urlTemplate\":\"https:\\\/\\\/www.eldiario.net\\\/portal\\\/?s={search_term_string}\"},\"query-input\":{\"@type\":\"PropertyValueSpecification\",\"valueRequired\":true,\"valueName\":\"search_term_string\"}}],\"inLanguage\":\"es\"},{\"@type\":\"Organization\",\"@id\":\"https:\\\/\\\/www.eldiario.net\\\/portal\\\/#organization\",\"name\":\"El Diario - Decano de la prensa nacional\",\"url\":\"https:\\\/\\\/www.eldiario.net\\\/portal\\\/\",\"logo\":{\"@type\":\"ImageObject\",\"inLanguage\":\"es\",\"@id\":\"https:\\\/\\\/www.eldiario.net\\\/portal\\\/#\\\/schema\\\/logo\\\/image\\\/\",\"url\":\"https:\\\/\\\/www.eldiario.net\\\/portal\\\/wp-content\\\/uploads\\\/2023\\\/07\\\/logo_ED.jpg\",\"contentUrl\":\"https:\\\/\\\/www.eldiario.net\\\/portal\\\/wp-content\\\/uploads\\\/2023\\\/07\\\/logo_ED.jpg\",\"width\":272,\"height\":52,\"caption\":\"El Diario - Decano de la prensa nacional\"},\"image\":{\"@id\":\"https:\\\/\\\/www.eldiario.net\\\/portal\\\/#\\\/schema\\\/logo\\\/image\\\/\"},\"sameAs\":[\"https:\\\/\\\/www.facebook.com\\\/eldiario.bolivia\\\/\",\"https:\\\/\\\/x.com\\\/eldiario_net\"]},{\"@type\":\"Person\",\"@id\":\"https:\\\/\\\/www.eldiario.net\\\/portal\\\/#\\\/schema\\\/person\\\/2c57cf2b7a7ae032e449e4c9b1019eac\",\"name\":\"Jeanette\",\"image\":{\"@type\":\"ImageObject\",\"inLanguage\":\"es\",\"@id\":\"https:\\\/\\\/secure.gravatar.com\\\/avatar\\\/3ea2118a5f7dad2b7138b1187a6b7ee55f160b9968b66013c3a3ef39dd7e5798?s=96&d=mm&r=g\",\"url\":\"https:\\\/\\\/secure.gravatar.com\\\/avatar\\\/3ea2118a5f7dad2b7138b1187a6b7ee55f160b9968b66013c3a3ef39dd7e5798?s=96&d=mm&r=g\",\"contentUrl\":\"https:\\\/\\\/secure.gravatar.com\\\/avatar\\\/3ea2118a5f7dad2b7138b1187a6b7ee55f160b9968b66013c3a3ef39dd7e5798?s=96&d=mm&r=g\",\"caption\":\"Jeanette\"},\"sameAs\":[\"https:\\\/\\\/www.eldiario.net\\\/portal\"],\"url\":\"https:\\\/\\\/www.eldiario.net\\\/portal\\\/author\\\/jeanette\\\/\"}]}<\/script>\n<!-- \/ Yoast SEO plugin. -->","yoast_head_json":{"title":"Dep\u00f3sitos y cr\u00e9ditos suben en 2% y 3,3% a septiembre - El Diario - Bolivia","robots":{"index":"index","follow":"follow","max-snippet":"max-snippet:-1","max-image-preview":"max-image-preview:large","max-video-preview":"max-video-preview:-1"},"canonical":"https:\/\/www.eldiario.net\/portal\/2025\/10\/17\/depositos-y-creditos-suben-en-2-y-33-a-septiembre\/","og_locale":"es_ES","og_type":"article","og_title":"Dep\u00f3sitos y cr\u00e9ditos suben en 2% y 3,3% a septiembre - El Diario - Bolivia","og_description":"A septiembre de 2025, los dep\u00f3sitos alcanzaron a 229.407 millones de bolivianos y la cartera de cr\u00e9ditos lleg\u00f3 a 226.901 millones, con un crecimiento del 2% el primero y 3,3% el segundo, lo que refleja la \u201csolidez, solvencia y niveles de inclusi\u00f3n financiera cada vez mayores en el sistema financiero del pa\u00eds\u201d, inform\u00f3 la Autoridad [&hellip;]","og_url":"https:\/\/www.eldiario.net\/portal\/2025\/10\/17\/depositos-y-creditos-suben-en-2-y-33-a-septiembre\/","og_site_name":"El Diario - Bolivia","article_publisher":"https:\/\/www.facebook.com\/eldiario.bolivia\/","article_published_time":"2025-10-17T10:03:53+00:00","og_image":[{"width":1200,"height":675,"url":"https:\/\/www.eldiario.net\/portal\/wp-content\/uploads\/2025\/10\/creditos.webp","type":"image\/webp"}],"author":"Jeanette","twitter_card":"summary_large_image","twitter_creator":"@eldiario_net","twitter_site":"@eldiario_net","twitter_misc":{"Escrito por":"Jeanette","Tiempo de lectura":"4 minutos"},"schema":{"@context":"https:\/\/schema.org","@graph":[{"@type":"Article","@id":"https:\/\/www.eldiario.net\/portal\/2025\/10\/17\/depositos-y-creditos-suben-en-2-y-33-a-septiembre\/#article","isPartOf":{"@id":"https:\/\/www.eldiario.net\/portal\/2025\/10\/17\/depositos-y-creditos-suben-en-2-y-33-a-septiembre\/"},"author":{"name":"Jeanette","@id":"https:\/\/www.eldiario.net\/portal\/#\/schema\/person\/2c57cf2b7a7ae032e449e4c9b1019eac"},"headline":"Dep\u00f3sitos y cr\u00e9ditos suben en 2% y 3,3% a septiembre","datePublished":"2025-10-17T10:03:53+00:00","mainEntityOfPage":{"@id":"https:\/\/www.eldiario.net\/portal\/2025\/10\/17\/depositos-y-creditos-suben-en-2-y-33-a-septiembre\/"},"wordCount":801,"publisher":{"@id":"https:\/\/www.eldiario.net\/portal\/#organization"},"image":{"@id":"https:\/\/www.eldiario.net\/portal\/2025\/10\/17\/depositos-y-creditos-suben-en-2-y-33-a-septiembre\/#primaryimage"},"thumbnailUrl":"https:\/\/www.eldiario.net\/portal\/wp-content\/uploads\/2025\/10\/creditos.webp","articleSection":["Econom\u00eda"],"inLanguage":"es"},{"@type":"WebPage","@id":"https:\/\/www.eldiario.net\/portal\/2025\/10\/17\/depositos-y-creditos-suben-en-2-y-33-a-septiembre\/","url":"https:\/\/www.eldiario.net\/portal\/2025\/10\/17\/depositos-y-creditos-suben-en-2-y-33-a-septiembre\/","name":"Dep\u00f3sitos y cr\u00e9ditos suben en 2% y 3,3% a septiembre - El Diario - Bolivia","isPartOf":{"@id":"https:\/\/www.eldiario.net\/portal\/#website"},"primaryImageOfPage":{"@id":"https:\/\/www.eldiario.net\/portal\/2025\/10\/17\/depositos-y-creditos-suben-en-2-y-33-a-septiembre\/#primaryimage"},"image":{"@id":"https:\/\/www.eldiario.net\/portal\/2025\/10\/17\/depositos-y-creditos-suben-en-2-y-33-a-septiembre\/#primaryimage"},"thumbnailUrl":"https:\/\/www.eldiario.net\/portal\/wp-content\/uploads\/2025\/10\/creditos.webp","datePublished":"2025-10-17T10:03:53+00:00","breadcrumb":{"@id":"https:\/\/www.eldiario.net\/portal\/2025\/10\/17\/depositos-y-creditos-suben-en-2-y-33-a-septiembre\/#breadcrumb"},"inLanguage":"es","potentialAction":[{"@type":"ReadAction","target":["https:\/\/www.eldiario.net\/portal\/2025\/10\/17\/depositos-y-creditos-suben-en-2-y-33-a-septiembre\/"]}]},{"@type":"ImageObject","inLanguage":"es","@id":"https:\/\/www.eldiario.net\/portal\/2025\/10\/17\/depositos-y-creditos-suben-en-2-y-33-a-septiembre\/#primaryimage","url":"https:\/\/www.eldiario.net\/portal\/wp-content\/uploads\/2025\/10\/creditos.webp","contentUrl":"https:\/\/www.eldiario.net\/portal\/wp-content\/uploads\/2025\/10\/creditos.webp","width":1200,"height":675,"caption":"instalaciones de la Asfi."},{"@type":"BreadcrumbList","@id":"https:\/\/www.eldiario.net\/portal\/2025\/10\/17\/depositos-y-creditos-suben-en-2-y-33-a-septiembre\/#breadcrumb","itemListElement":[{"@type":"ListItem","position":1,"name":"Portada","item":"https:\/\/www.eldiario.net\/portal\/"},{"@type":"ListItem","position":2,"name":"Dep\u00f3sitos y cr\u00e9ditos suben en 2% y 3,3% a septiembre"}]},{"@type":"WebSite","@id":"https:\/\/www.eldiario.net\/portal\/#website","url":"https:\/\/www.eldiario.net\/portal\/","name":"El Diario - Decano de la prensa nacional","description":"El Diario - Decano de la prensa nacional","publisher":{"@id":"https:\/\/www.eldiario.net\/portal\/#organization"},"potentialAction":[{"@type":"SearchAction","target":{"@type":"EntryPoint","urlTemplate":"https:\/\/www.eldiario.net\/portal\/?s={search_term_string}"},"query-input":{"@type":"PropertyValueSpecification","valueRequired":true,"valueName":"search_term_string"}}],"inLanguage":"es"},{"@type":"Organization","@id":"https:\/\/www.eldiario.net\/portal\/#organization","name":"El Diario - Decano de la prensa nacional","url":"https:\/\/www.eldiario.net\/portal\/","logo":{"@type":"ImageObject","inLanguage":"es","@id":"https:\/\/www.eldiario.net\/portal\/#\/schema\/logo\/image\/","url":"https:\/\/www.eldiario.net\/portal\/wp-content\/uploads\/2023\/07\/logo_ED.jpg","contentUrl":"https:\/\/www.eldiario.net\/portal\/wp-content\/uploads\/2023\/07\/logo_ED.jpg","width":272,"height":52,"caption":"El Diario - Decano de la prensa nacional"},"image":{"@id":"https:\/\/www.eldiario.net\/portal\/#\/schema\/logo\/image\/"},"sameAs":["https:\/\/www.facebook.com\/eldiario.bolivia\/","https:\/\/x.com\/eldiario_net"]},{"@type":"Person","@id":"https:\/\/www.eldiario.net\/portal\/#\/schema\/person\/2c57cf2b7a7ae032e449e4c9b1019eac","name":"Jeanette","image":{"@type":"ImageObject","inLanguage":"es","@id":"https:\/\/secure.gravatar.com\/avatar\/3ea2118a5f7dad2b7138b1187a6b7ee55f160b9968b66013c3a3ef39dd7e5798?s=96&d=mm&r=g","url":"https:\/\/secure.gravatar.com\/avatar\/3ea2118a5f7dad2b7138b1187a6b7ee55f160b9968b66013c3a3ef39dd7e5798?s=96&d=mm&r=g","contentUrl":"https:\/\/secure.gravatar.com\/avatar\/3ea2118a5f7dad2b7138b1187a6b7ee55f160b9968b66013c3a3ef39dd7e5798?s=96&d=mm&r=g","caption":"Jeanette"},"sameAs":["https:\/\/www.eldiario.net\/portal"],"url":"https:\/\/www.eldiario.net\/portal\/author\/jeanette\/"}]}},"_links":{"self":[{"href":"https:\/\/www.eldiario.net\/portal\/wp-json\/wp\/v2\/posts\/338867","targetHints":{"allow":["GET"]}}],"collection":[{"href":"https:\/\/www.eldiario.net\/portal\/wp-json\/wp\/v2\/posts"}],"about":[{"href":"https:\/\/www.eldiario.net\/portal\/wp-json\/wp\/v2\/types\/post"}],"author":[{"embeddable":true,"href":"https:\/\/www.eldiario.net\/portal\/wp-json\/wp\/v2\/users\/1"}],"replies":[{"embeddable":true,"href":"https:\/\/www.eldiario.net\/portal\/wp-json\/wp\/v2\/comments?post=338867"}],"version-history":[{"count":1,"href":"https:\/\/www.eldiario.net\/portal\/wp-json\/wp\/v2\/posts\/338867\/revisions"}],"predecessor-version":[{"id":338869,"href":"https:\/\/www.eldiario.net\/portal\/wp-json\/wp\/v2\/posts\/338867\/revisions\/338869"}],"wp:featuredmedia":[{"embeddable":true,"href":"https:\/\/www.eldiario.net\/portal\/wp-json\/wp\/v2\/media\/338868"}],"wp:attachment":[{"href":"https:\/\/www.eldiario.net\/portal\/wp-json\/wp\/v2\/media?parent=338867"}],"wp:term":[{"taxonomy":"category","embeddable":true,"href":"https:\/\/www.eldiario.net\/portal\/wp-json\/wp\/v2\/categories?post=338867"},{"taxonomy":"post_tag","embeddable":true,"href":"https:\/\/www.eldiario.net\/portal\/wp-json\/wp\/v2\/tags?post=338867"}],"curies":[{"name":"wp","href":"https:\/\/api.w.org\/{rel}","templated":true}]}}