{"id":338864,"date":"2025-10-17T06:03:03","date_gmt":"2025-10-17T10:03:03","guid":{"rendered":"https:\/\/www.eldiario.net\/portal\/?p=338864"},"modified":"2025-10-17T06:03:03","modified_gmt":"2025-10-17T10:03:03","slug":"actualizan-el-protocolo-de-exportacion-de-carne-a-china","status":"publish","type":"post","link":"https:\/\/www.eldiario.net\/portal\/2025\/10\/17\/actualizan-el-protocolo-de-exportacion-de-carne-a-china\/","title":{"rendered":"Actualizan el protocolo de  exportaci\u00f3n de carne a China"},"content":{"rendered":"<p>La Confederaci\u00f3n de Ganaderos de Bolivia (Congabol) anuncia un logro muy importante para el sector: la firma del nuevo Protocolo de Requisitos para la Exportaci\u00f3n de Carne y V\u00edsceras Bovinas a la Rep\u00fablica Popular China, que se lleva a cabo en Shangh\u00e1i.<br \/>\n\u201cEse logro es el resultado de una gesti\u00f3n coordinada y del trabajo incansable de nuestras autoridades, del sector ganadero en su conjunto y de las industrias c\u00e1rnicas (Frigor\u00edficos de 1ra Categor\u00eda) que tambi\u00e9n acompa\u00f1an este importante evento\u201d, se\u00f1alan los ganaderos.<br \/>\nPor primera vez, el protocolo incluye las v\u00edsceras comestibles, un producto de alta demanda en el mercado chino. Esto no solo diversifica nuestra oferta exportable, sino que maximiza el valor de cada animal faenado, generando mayores ingresos para toda la cadena productiva. Este acuerdo consolida a Bolivia como un proveedor confiable y abre las puertas de uno de los mercados de carne m\u00e1s grandes y din\u00e1micos del mundo, apuntan.<br \/>\nEsa firma se realiza en el marco de la Segunda Conferencia sobre Importaci\u00f3n y Exportaci\u00f3n y Seguridad Alimentaria de la Iniciativa de la Franja y la Ruta, destacando el posicionamiento internacional del pa\u00eds.<br \/>\nEse paso crucial refuerza el compromiso con la calidad, la inocuidad y el desarrollo sostenible de la ganader\u00eda boliviana. \u201cSeguiremos trabajando junto a las instituciones para consolidar y expandir las oportunidades de crecimiento para todos nuestros asociados\u201d, sostiene la organizaci\u00f3n.<br \/>\nEl presidente de Fegasacruz representando a Congabol, acompa\u00f1\u00f3 al ministro de Desarrollo Rural y Tierras, al director General Ejecutivo del Senasag y a la industria frigor\u00edfica Boliviana, para representar los intereses de todos los ganaderos bolivianos en ese importante evento.<br \/>\nLos protocolos suscritos incluyen la autorizaci\u00f3n para exportar grasa corporal sin refinar, mondongo (rumen, omaso, abomaso y ret\u00edculo), coraz\u00f3n, ri\u00f1\u00f3n, h\u00edgado, diafragma, cart\u00edlagos, test\u00edculos, aorta y tendones, marcando un hito en la diversificaci\u00f3n de la oferta exportable boliviana.<\/p>\n<p>Proceso<br \/>\nEn su intervenci\u00f3n, el ministro de Desarrollo Rural y Tierras, Yamil Flores, asegur\u00f3 que ese logro es resultado de un proceso t\u00e9cnico iniciado en 2018 con la misi\u00f3n sanitaria china y consolidado durante la gesti\u00f3n del presidente Luis Arce, tras el reconocimiento internacional de Bolivia como pa\u00eds libre de fiebre aftosa sin vacunaci\u00f3n por la OMSA. Asimismo, subray\u00f3 la coordinaci\u00f3n entre el Senasag y los productores nacionales, que permiti\u00f3 garantizar los m\u00e1s altos est\u00e1ndares de inocuidad y trazabilidad exigidos por el mercado asi\u00e1tico.<br \/>\nLa ministra Sun Meijun calific\u00f3 a Bolivia como un socio confiable y estrat\u00e9gico, destacando los avances logrados en la habilitaci\u00f3n para exportaciones de carne de res, ch\u00eda y otros productos agr\u00edcolas. A su vez, el embajador de Bolivia en China, Hugo Siles, afirm\u00f3 que China se ha consolidado como uno de los principales destinos comerciales de Bolivia, con un intercambio bilateral superior a los 3.500 millones de d\u00f3lares en 2024, reflejo de una relaci\u00f3n econ\u00f3mica s\u00f3lida y en expansi\u00f3n.<\/p>\n<p>Frenar la venta<br \/>\nPor otro lado, los comercializadores de carne marcharon por el centro de La Paz y exigieron frenar la exportaci\u00f3n de carne por el permanente aumento del precio en kilo gancho, que oscila entre 7 a 8 bolivianos, cuyo aumento se lo pasa al consumidor.<br \/>\nLos dirigentes del sector indicaron que una vez que pase el balotaje, inmediatamente solicitar\u00e1n una reuni\u00f3n con el nuevo presidente para tratar el tema. En caso de que no se logre el objetivo, anuncian un ampliado nacional para asumir medidas de presi\u00f3n.<br \/>\nPero no s\u00f3lo la carne subi\u00f3, sino que tambi\u00e9n el pollo y la de cerdo.<\/p>\n","protected":false},"excerpt":{"rendered":"<p>La Confederaci\u00f3n de Ganaderos de Bolivia (Congabol) anuncia un logro muy importante para el sector: la firma del nuevo Protocolo de Requisitos para la Exportaci\u00f3n de Carne y V\u00edsceras Bovinas a la Rep\u00fablica Popular China, que se lleva a cabo en Shangh\u00e1i. \u201cEse logro es el resultado de una gesti\u00f3n coordinada y del trabajo incansable [&hellip;]<\/p>\n","protected":false},"author":1,"featured_media":338865,"comment_status":"closed","ping_status":"open","sticky":false,"template":"","format":"standard","meta":{"_acf_changed":false,"footnotes":""},"categories":[7],"tags":[],"class_list":["post-338864","post","type-post","status-publish","format-standard","has-post-thumbnail","category-economia"],"acf":{"antetitulo":""},"yoast_head":"<!-- This site is optimized with the Yoast SEO plugin v28.4 - https:\/\/yoast.com\/product\/yoast-seo-wordpress\/ -->\n<title>Actualizan el protocolo de exportaci\u00f3n de carne a China - El Diario - Bolivia<\/title>\n<meta name=\"robots\" content=\"index, follow, max-snippet:-1, max-image-preview:large, max-video-preview:-1\" \/>\n<link rel=\"canonical\" href=\"https:\/\/www.eldiario.net\/portal\/2025\/10\/17\/actualizan-el-protocolo-de-exportacion-de-carne-a-china\/\" \/>\n<meta property=\"og:locale\" content=\"es_ES\" \/>\n<meta property=\"og:type\" content=\"article\" \/>\n<meta property=\"og:title\" content=\"Actualizan el protocolo de exportaci\u00f3n de carne a China - El Diario - Bolivia\" \/>\n<meta property=\"og:description\" content=\"La Confederaci\u00f3n de Ganaderos de Bolivia (Congabol) anuncia un logro muy importante para el sector: la firma del nuevo Protocolo de Requisitos para la Exportaci\u00f3n de Carne y V\u00edsceras Bovinas a la Rep\u00fablica Popular China, que se lleva a cabo en Shangh\u00e1i. \u201cEse logro es el resultado de una gesti\u00f3n coordinada y del trabajo incansable [&hellip;]\" \/>\n<meta property=\"og:url\" content=\"https:\/\/www.eldiario.net\/portal\/2025\/10\/17\/actualizan-el-protocolo-de-exportacion-de-carne-a-china\/\" \/>\n<meta property=\"og:site_name\" content=\"El Diario - Bolivia\" \/>\n<meta property=\"article:publisher\" content=\"https:\/\/www.facebook.com\/eldiario.bolivia\/\" \/>\n<meta property=\"article:published_time\" content=\"2025-10-17T10:03:03+00:00\" \/>\n<meta property=\"og:image\" content=\"https:\/\/www.eldiario.net\/portal\/wp-content\/uploads\/2025\/10\/carne.webp\" \/>\n\t<meta property=\"og:image:width\" content=\"1024\" \/>\n\t<meta property=\"og:image:height\" content=\"682\" \/>\n\t<meta property=\"og:image:type\" content=\"image\/webp\" \/>\n<meta name=\"author\" content=\"Jeanette\" \/>\n<meta name=\"twitter:card\" content=\"summary_large_image\" \/>\n<meta name=\"twitter:creator\" content=\"@eldiario_net\" \/>\n<meta name=\"twitter:site\" content=\"@eldiario_net\" \/>\n<meta name=\"twitter:label1\" content=\"Escrito por\" \/>\n\t<meta name=\"twitter:data1\" content=\"Jeanette\" \/>\n\t<meta name=\"twitter:label2\" content=\"Tiempo de lectura\" \/>\n\t<meta name=\"twitter:data2\" content=\"3 minutos\" \/>\n<script type=\"application\/ld+json\" class=\"yoast-schema-graph\">{\"@context\":\"https:\\\/\\\/schema.org\",\"@graph\":[{\"@type\":\"Article\",\"@id\":\"https:\\\/\\\/www.eldiario.net\\\/portal\\\/2025\\\/10\\\/17\\\/actualizan-el-protocolo-de-exportacion-de-carne-a-china\\\/#article\",\"isPartOf\":{\"@id\":\"https:\\\/\\\/www.eldiario.net\\\/portal\\\/2025\\\/10\\\/17\\\/actualizan-el-protocolo-de-exportacion-de-carne-a-china\\\/\"},\"author\":{\"name\":\"Jeanette\",\"@id\":\"https:\\\/\\\/www.eldiario.net\\\/portal\\\/#\\\/schema\\\/person\\\/2c57cf2b7a7ae032e449e4c9b1019eac\"},\"headline\":\"Actualizan el protocolo de exportaci\u00f3n de carne a China\",\"datePublished\":\"2025-10-17T10:03:03+00:00\",\"mainEntityOfPage\":{\"@id\":\"https:\\\/\\\/www.eldiario.net\\\/portal\\\/2025\\\/10\\\/17\\\/actualizan-el-protocolo-de-exportacion-de-carne-a-china\\\/\"},\"wordCount\":628,\"publisher\":{\"@id\":\"https:\\\/\\\/www.eldiario.net\\\/portal\\\/#organization\"},\"image\":{\"@id\":\"https:\\\/\\\/www.eldiario.net\\\/portal\\\/2025\\\/10\\\/17\\\/actualizan-el-protocolo-de-exportacion-de-carne-a-china\\\/#primaryimage\"},\"thumbnailUrl\":\"https:\\\/\\\/www.eldiario.net\\\/portal\\\/wp-content\\\/uploads\\\/2025\\\/10\\\/carne.webp\",\"articleSection\":[\"Econom\u00eda\"],\"inLanguage\":\"es\"},{\"@type\":\"WebPage\",\"@id\":\"https:\\\/\\\/www.eldiario.net\\\/portal\\\/2025\\\/10\\\/17\\\/actualizan-el-protocolo-de-exportacion-de-carne-a-china\\\/\",\"url\":\"https:\\\/\\\/www.eldiario.net\\\/portal\\\/2025\\\/10\\\/17\\\/actualizan-el-protocolo-de-exportacion-de-carne-a-china\\\/\",\"name\":\"Actualizan el protocolo de exportaci\u00f3n de carne a China - El Diario - Bolivia\",\"isPartOf\":{\"@id\":\"https:\\\/\\\/www.eldiario.net\\\/portal\\\/#website\"},\"primaryImageOfPage\":{\"@id\":\"https:\\\/\\\/www.eldiario.net\\\/portal\\\/2025\\\/10\\\/17\\\/actualizan-el-protocolo-de-exportacion-de-carne-a-china\\\/#primaryimage\"},\"image\":{\"@id\":\"https:\\\/\\\/www.eldiario.net\\\/portal\\\/2025\\\/10\\\/17\\\/actualizan-el-protocolo-de-exportacion-de-carne-a-china\\\/#primaryimage\"},\"thumbnailUrl\":\"https:\\\/\\\/www.eldiario.net\\\/portal\\\/wp-content\\\/uploads\\\/2025\\\/10\\\/carne.webp\",\"datePublished\":\"2025-10-17T10:03:03+00:00\",\"breadcrumb\":{\"@id\":\"https:\\\/\\\/www.eldiario.net\\\/portal\\\/2025\\\/10\\\/17\\\/actualizan-el-protocolo-de-exportacion-de-carne-a-china\\\/#breadcrumb\"},\"inLanguage\":\"es\",\"potentialAction\":[{\"@type\":\"ReadAction\",\"target\":[\"https:\\\/\\\/www.eldiario.net\\\/portal\\\/2025\\\/10\\\/17\\\/actualizan-el-protocolo-de-exportacion-de-carne-a-china\\\/\"]}]},{\"@type\":\"ImageObject\",\"inLanguage\":\"es\",\"@id\":\"https:\\\/\\\/www.eldiario.net\\\/portal\\\/2025\\\/10\\\/17\\\/actualizan-el-protocolo-de-exportacion-de-carne-a-china\\\/#primaryimage\",\"url\":\"https:\\\/\\\/www.eldiario.net\\\/portal\\\/wp-content\\\/uploads\\\/2025\\\/10\\\/carne.webp\",\"contentUrl\":\"https:\\\/\\\/www.eldiario.net\\\/portal\\\/wp-content\\\/uploads\\\/2025\\\/10\\\/carne.webp\",\"width\":1024,\"height\":682,\"caption\":\"encuentro internacional en China.\"},{\"@type\":\"BreadcrumbList\",\"@id\":\"https:\\\/\\\/www.eldiario.net\\\/portal\\\/2025\\\/10\\\/17\\\/actualizan-el-protocolo-de-exportacion-de-carne-a-china\\\/#breadcrumb\",\"itemListElement\":[{\"@type\":\"ListItem\",\"position\":1,\"name\":\"Portada\",\"item\":\"https:\\\/\\\/www.eldiario.net\\\/portal\\\/\"},{\"@type\":\"ListItem\",\"position\":2,\"name\":\"Actualizan el protocolo de exportaci\u00f3n de carne a China\"}]},{\"@type\":\"WebSite\",\"@id\":\"https:\\\/\\\/www.eldiario.net\\\/portal\\\/#website\",\"url\":\"https:\\\/\\\/www.eldiario.net\\\/portal\\\/\",\"name\":\"El Diario - Decano de la prensa nacional\",\"description\":\"El Diario - Decano de la prensa nacional\",\"publisher\":{\"@id\":\"https:\\\/\\\/www.eldiario.net\\\/portal\\\/#organization\"},\"potentialAction\":[{\"@type\":\"SearchAction\",\"target\":{\"@type\":\"EntryPoint\",\"urlTemplate\":\"https:\\\/\\\/www.eldiario.net\\\/portal\\\/?s={search_term_string}\"},\"query-input\":{\"@type\":\"PropertyValueSpecification\",\"valueRequired\":true,\"valueName\":\"search_term_string\"}}],\"inLanguage\":\"es\"},{\"@type\":\"Organization\",\"@id\":\"https:\\\/\\\/www.eldiario.net\\\/portal\\\/#organization\",\"name\":\"El Diario - Decano de la prensa nacional\",\"url\":\"https:\\\/\\\/www.eldiario.net\\\/portal\\\/\",\"logo\":{\"@type\":\"ImageObject\",\"inLanguage\":\"es\",\"@id\":\"https:\\\/\\\/www.eldiario.net\\\/portal\\\/#\\\/schema\\\/logo\\\/image\\\/\",\"url\":\"https:\\\/\\\/www.eldiario.net\\\/portal\\\/wp-content\\\/uploads\\\/2023\\\/07\\\/logo_ED.jpg\",\"contentUrl\":\"https:\\\/\\\/www.eldiario.net\\\/portal\\\/wp-content\\\/uploads\\\/2023\\\/07\\\/logo_ED.jpg\",\"width\":272,\"height\":52,\"caption\":\"El Diario - Decano de la prensa nacional\"},\"image\":{\"@id\":\"https:\\\/\\\/www.eldiario.net\\\/portal\\\/#\\\/schema\\\/logo\\\/image\\\/\"},\"sameAs\":[\"https:\\\/\\\/www.facebook.com\\\/eldiario.bolivia\\\/\",\"https:\\\/\\\/x.com\\\/eldiario_net\"]},{\"@type\":\"Person\",\"@id\":\"https:\\\/\\\/www.eldiario.net\\\/portal\\\/#\\\/schema\\\/person\\\/2c57cf2b7a7ae032e449e4c9b1019eac\",\"name\":\"Jeanette\",\"image\":{\"@type\":\"ImageObject\",\"inLanguage\":\"es\",\"@id\":\"https:\\\/\\\/secure.gravatar.com\\\/avatar\\\/3ea2118a5f7dad2b7138b1187a6b7ee55f160b9968b66013c3a3ef39dd7e5798?s=96&d=mm&r=g\",\"url\":\"https:\\\/\\\/secure.gravatar.com\\\/avatar\\\/3ea2118a5f7dad2b7138b1187a6b7ee55f160b9968b66013c3a3ef39dd7e5798?s=96&d=mm&r=g\",\"contentUrl\":\"https:\\\/\\\/secure.gravatar.com\\\/avatar\\\/3ea2118a5f7dad2b7138b1187a6b7ee55f160b9968b66013c3a3ef39dd7e5798?s=96&d=mm&r=g\",\"caption\":\"Jeanette\"},\"sameAs\":[\"https:\\\/\\\/www.eldiario.net\\\/portal\"],\"url\":\"https:\\\/\\\/www.eldiario.net\\\/portal\\\/author\\\/jeanette\\\/\"}]}<\/script>\n<!-- \/ Yoast SEO plugin. -->","yoast_head_json":{"title":"Actualizan el protocolo de exportaci\u00f3n de carne a China - El Diario - Bolivia","robots":{"index":"index","follow":"follow","max-snippet":"max-snippet:-1","max-image-preview":"max-image-preview:large","max-video-preview":"max-video-preview:-1"},"canonical":"https:\/\/www.eldiario.net\/portal\/2025\/10\/17\/actualizan-el-protocolo-de-exportacion-de-carne-a-china\/","og_locale":"es_ES","og_type":"article","og_title":"Actualizan el protocolo de exportaci\u00f3n de carne a China - El Diario - Bolivia","og_description":"La Confederaci\u00f3n de Ganaderos de Bolivia (Congabol) anuncia un logro muy importante para el sector: la firma del nuevo Protocolo de Requisitos para la Exportaci\u00f3n de Carne y V\u00edsceras Bovinas a la Rep\u00fablica Popular China, que se lleva a cabo en Shangh\u00e1i. \u201cEse logro es el resultado de una gesti\u00f3n coordinada y del trabajo incansable [&hellip;]","og_url":"https:\/\/www.eldiario.net\/portal\/2025\/10\/17\/actualizan-el-protocolo-de-exportacion-de-carne-a-china\/","og_site_name":"El Diario - Bolivia","article_publisher":"https:\/\/www.facebook.com\/eldiario.bolivia\/","article_published_time":"2025-10-17T10:03:03+00:00","og_image":[{"width":1024,"height":682,"url":"https:\/\/www.eldiario.net\/portal\/wp-content\/uploads\/2025\/10\/carne.webp","type":"image\/webp"}],"author":"Jeanette","twitter_card":"summary_large_image","twitter_creator":"@eldiario_net","twitter_site":"@eldiario_net","twitter_misc":{"Escrito por":"Jeanette","Tiempo de lectura":"3 minutos"},"schema":{"@context":"https:\/\/schema.org","@graph":[{"@type":"Article","@id":"https:\/\/www.eldiario.net\/portal\/2025\/10\/17\/actualizan-el-protocolo-de-exportacion-de-carne-a-china\/#article","isPartOf":{"@id":"https:\/\/www.eldiario.net\/portal\/2025\/10\/17\/actualizan-el-protocolo-de-exportacion-de-carne-a-china\/"},"author":{"name":"Jeanette","@id":"https:\/\/www.eldiario.net\/portal\/#\/schema\/person\/2c57cf2b7a7ae032e449e4c9b1019eac"},"headline":"Actualizan el protocolo de exportaci\u00f3n de carne a China","datePublished":"2025-10-17T10:03:03+00:00","mainEntityOfPage":{"@id":"https:\/\/www.eldiario.net\/portal\/2025\/10\/17\/actualizan-el-protocolo-de-exportacion-de-carne-a-china\/"},"wordCount":628,"publisher":{"@id":"https:\/\/www.eldiario.net\/portal\/#organization"},"image":{"@id":"https:\/\/www.eldiario.net\/portal\/2025\/10\/17\/actualizan-el-protocolo-de-exportacion-de-carne-a-china\/#primaryimage"},"thumbnailUrl":"https:\/\/www.eldiario.net\/portal\/wp-content\/uploads\/2025\/10\/carne.webp","articleSection":["Econom\u00eda"],"inLanguage":"es"},{"@type":"WebPage","@id":"https:\/\/www.eldiario.net\/portal\/2025\/10\/17\/actualizan-el-protocolo-de-exportacion-de-carne-a-china\/","url":"https:\/\/www.eldiario.net\/portal\/2025\/10\/17\/actualizan-el-protocolo-de-exportacion-de-carne-a-china\/","name":"Actualizan el protocolo de exportaci\u00f3n de carne a China - El Diario - Bolivia","isPartOf":{"@id":"https:\/\/www.eldiario.net\/portal\/#website"},"primaryImageOfPage":{"@id":"https:\/\/www.eldiario.net\/portal\/2025\/10\/17\/actualizan-el-protocolo-de-exportacion-de-carne-a-china\/#primaryimage"},"image":{"@id":"https:\/\/www.eldiario.net\/portal\/2025\/10\/17\/actualizan-el-protocolo-de-exportacion-de-carne-a-china\/#primaryimage"},"thumbnailUrl":"https:\/\/www.eldiario.net\/portal\/wp-content\/uploads\/2025\/10\/carne.webp","datePublished":"2025-10-17T10:03:03+00:00","breadcrumb":{"@id":"https:\/\/www.eldiario.net\/portal\/2025\/10\/17\/actualizan-el-protocolo-de-exportacion-de-carne-a-china\/#breadcrumb"},"inLanguage":"es","potentialAction":[{"@type":"ReadAction","target":["https:\/\/www.eldiario.net\/portal\/2025\/10\/17\/actualizan-el-protocolo-de-exportacion-de-carne-a-china\/"]}]},{"@type":"ImageObject","inLanguage":"es","@id":"https:\/\/www.eldiario.net\/portal\/2025\/10\/17\/actualizan-el-protocolo-de-exportacion-de-carne-a-china\/#primaryimage","url":"https:\/\/www.eldiario.net\/portal\/wp-content\/uploads\/2025\/10\/carne.webp","contentUrl":"https:\/\/www.eldiario.net\/portal\/wp-content\/uploads\/2025\/10\/carne.webp","width":1024,"height":682,"caption":"encuentro internacional en China."},{"@type":"BreadcrumbList","@id":"https:\/\/www.eldiario.net\/portal\/2025\/10\/17\/actualizan-el-protocolo-de-exportacion-de-carne-a-china\/#breadcrumb","itemListElement":[{"@type":"ListItem","position":1,"name":"Portada","item":"https:\/\/www.eldiario.net\/portal\/"},{"@type":"ListItem","position":2,"name":"Actualizan el protocolo de exportaci\u00f3n de carne a China"}]},{"@type":"WebSite","@id":"https:\/\/www.eldiario.net\/portal\/#website","url":"https:\/\/www.eldiario.net\/portal\/","name":"El Diario - Decano de la prensa nacional","description":"El Diario - Decano de la prensa nacional","publisher":{"@id":"https:\/\/www.eldiario.net\/portal\/#organization"},"potentialAction":[{"@type":"SearchAction","target":{"@type":"EntryPoint","urlTemplate":"https:\/\/www.eldiario.net\/portal\/?s={search_term_string}"},"query-input":{"@type":"PropertyValueSpecification","valueRequired":true,"valueName":"search_term_string"}}],"inLanguage":"es"},{"@type":"Organization","@id":"https:\/\/www.eldiario.net\/portal\/#organization","name":"El Diario - Decano de la prensa nacional","url":"https:\/\/www.eldiario.net\/portal\/","logo":{"@type":"ImageObject","inLanguage":"es","@id":"https:\/\/www.eldiario.net\/portal\/#\/schema\/logo\/image\/","url":"https:\/\/www.eldiario.net\/portal\/wp-content\/uploads\/2023\/07\/logo_ED.jpg","contentUrl":"https:\/\/www.eldiario.net\/portal\/wp-content\/uploads\/2023\/07\/logo_ED.jpg","width":272,"height":52,"caption":"El Diario - Decano de la prensa nacional"},"image":{"@id":"https:\/\/www.eldiario.net\/portal\/#\/schema\/logo\/image\/"},"sameAs":["https:\/\/www.facebook.com\/eldiario.bolivia\/","https:\/\/x.com\/eldiario_net"]},{"@type":"Person","@id":"https:\/\/www.eldiario.net\/portal\/#\/schema\/person\/2c57cf2b7a7ae032e449e4c9b1019eac","name":"Jeanette","image":{"@type":"ImageObject","inLanguage":"es","@id":"https:\/\/secure.gravatar.com\/avatar\/3ea2118a5f7dad2b7138b1187a6b7ee55f160b9968b66013c3a3ef39dd7e5798?s=96&d=mm&r=g","url":"https:\/\/secure.gravatar.com\/avatar\/3ea2118a5f7dad2b7138b1187a6b7ee55f160b9968b66013c3a3ef39dd7e5798?s=96&d=mm&r=g","contentUrl":"https:\/\/secure.gravatar.com\/avatar\/3ea2118a5f7dad2b7138b1187a6b7ee55f160b9968b66013c3a3ef39dd7e5798?s=96&d=mm&r=g","caption":"Jeanette"},"sameAs":["https:\/\/www.eldiario.net\/portal"],"url":"https:\/\/www.eldiario.net\/portal\/author\/jeanette\/"}]}},"_links":{"self":[{"href":"https:\/\/www.eldiario.net\/portal\/wp-json\/wp\/v2\/posts\/338864","targetHints":{"allow":["GET"]}}],"collection":[{"href":"https:\/\/www.eldiario.net\/portal\/wp-json\/wp\/v2\/posts"}],"about":[{"href":"https:\/\/www.eldiario.net\/portal\/wp-json\/wp\/v2\/types\/post"}],"author":[{"embeddable":true,"href":"https:\/\/www.eldiario.net\/portal\/wp-json\/wp\/v2\/users\/1"}],"replies":[{"embeddable":true,"href":"https:\/\/www.eldiario.net\/portal\/wp-json\/wp\/v2\/comments?post=338864"}],"version-history":[{"count":1,"href":"https:\/\/www.eldiario.net\/portal\/wp-json\/wp\/v2\/posts\/338864\/revisions"}],"predecessor-version":[{"id":338866,"href":"https:\/\/www.eldiario.net\/portal\/wp-json\/wp\/v2\/posts\/338864\/revisions\/338866"}],"wp:featuredmedia":[{"embeddable":true,"href":"https:\/\/www.eldiario.net\/portal\/wp-json\/wp\/v2\/media\/338865"}],"wp:attachment":[{"href":"https:\/\/www.eldiario.net\/portal\/wp-json\/wp\/v2\/media?parent=338864"}],"wp:term":[{"taxonomy":"category","embeddable":true,"href":"https:\/\/www.eldiario.net\/portal\/wp-json\/wp\/v2\/categories?post=338864"},{"taxonomy":"post_tag","embeddable":true,"href":"https:\/\/www.eldiario.net\/portal\/wp-json\/wp\/v2\/tags?post=338864"}],"curies":[{"name":"wp","href":"https:\/\/api.w.org\/{rel}","templated":true}]}}