{"id":338859,"date":"2025-10-17T06:01:45","date_gmt":"2025-10-17T10:01:45","guid":{"rendered":"https:\/\/www.eldiario.net\/portal\/?p=338859"},"modified":"2025-10-17T06:01:45","modified_gmt":"2025-10-17T10:01:45","slug":"el-peor-alcalde-de-sudamerica","status":"publish","type":"post","link":"https:\/\/www.eldiario.net\/portal\/2025\/10\/17\/el-peor-alcalde-de-sudamerica\/","title":{"rendered":"El peor alcalde de Sudam\u00e9rica"},"content":{"rendered":"<p>Puede que las autoridades del municipio pace\u00f1o, en sus \u00faltimas semanas en el cargo, todav\u00eda traten de averiguar para qu\u00e9 sirven sus funciones o c\u00f3mo debe llevarse a cabo la gesti\u00f3n municipal. Quiz\u00e1 con las energ\u00edas que les quedan intenten lograr la reelecci\u00f3n o, en el mejor de los casos, justifiquen una \u00faltima verbena en nombre del bien com\u00fan, con la excusa de que es un festival internacional. No parece que haya que ser muy optimista ni esperar que se termine de entregar la calle Abd\u00f3n Saavedra en Sopocachi o se rehabilite la avenida del Poeta, v\u00eda troncal para llegar de la zona sur al centro y viceversa. Los pace\u00f1os estamos ya resignados al abandono de la ciudad y a que, en temporada de lluvias, no se nos caiga la ladera encima.<br \/>\nLa gesti\u00f3n municipal de Iv\u00e1n Arias es muestra de la improvisaci\u00f3n constante y de la incapacidad para comprender la administraci\u00f3n del poder. El alcalde olvida que es la m\u00e1xima autoridad ejecutiva de la ciudad y asume con facilidad el papel de reportero de exteriores, vecino y v\u00edctima de las circunstancias. Las calamidades \u2014modesta manera de llamar a los desastres de su gesti\u00f3n\u2014 se van sumando a\u00f1o tras a\u00f1o. El abandono de la sede de gobierno se ve d\u00eda tras d\u00eda. La impericia e inoperancia de Arias se manifiesta en la pelea constante con el Concejo. La nula gobernabilidad, a pesar de tener la mayor\u00eda, demuestra la p\u00e9sima coordinaci\u00f3n con sus concejales. El desfile de secretarios o directores revela la capacidad de su entorno para reinventar el agua tibia; la Direcci\u00f3n de Comunicaci\u00f3n y las agencias municipales de Cooperaci\u00f3n y del Bicentenario son una peque\u00f1a muestra de sue\u00f1os imposibles.<br \/>\nIndependientemente de la incapacidad para gobernar, la corrupci\u00f3n se ha convertido en el habitual accionar municipal. Las Loritas y sus diversos edificios fuera de norma son el sello de los intereses de las autoridades municipales, una devoluci\u00f3n de favores que no logr\u00f3 concretarse gracias a los colegios de profesionales y a los defensores de la normativa. Cinco intentos de proyectos de ley y una ordenanza municipal no llegaron a buen puerto; en cambio, los nexos del alcalde con Lora y su entorno fueron titulares en los medios de comunicaci\u00f3n. Incluso Arias y Miranda (secretario de Culturas) eludieron las preguntas de la prensa que consideraron inc\u00f3modas, incluso saliendo al trote, ocult\u00e1ndose en alg\u00fan restaurante cercano al edificio 10. Publicidad Urbana es otra de las joyas de la corrupci\u00f3n de esta gesti\u00f3n: premi\u00f3 a su director con cargos de alta responsabilidad y, ahora, esa misma persona gestiona los recursos humanos del municipio.<br \/>\nM\u00e1s all\u00e1 de armar prestes, hacer acto de presencia en la mayor\u00eda de las fiestas de las fraternidades folcl\u00f3ricas o bailar en cada fiesta patronal que tiene la ciudad, con la banda que lo identifica como autoridad, todo lo que realiza el alcalde es un esfuerzo in\u00fatil: la ciclov\u00eda es una muestra del esnobismo municipal y del nulo criterio propio, donde los errores pasan por haber olvidado la topograf\u00eda de la ciudad, tal como lo se\u00f1al\u00f3 el asesor del alcalde; el nuevo fracaso, el parqueo tarifado, demuestra la nula transparencia y la falta de informaci\u00f3n. No conocemos a las empresas que se hacen cargo del servicio por un a\u00f1o mediante resoluci\u00f3n municipal que les entrega las calles, el espacio p\u00fablico. Hasta hoy se desconoce el estudio t\u00e9cnico de vialidad de la Secretar\u00eda Municipal de Movilidad o si dicho estudio depende de las empresas.<br \/>\nCon todo lo expuesto, no es secreto para nadie que Arias es el peor alcalde de Sudam\u00e9rica, con un 78,5% de desaprobaci\u00f3n. El espect\u00e1culo sin sentido, como el s\u00e1ndwich de huevo m\u00e1s largo del mundo, demuestra el intento de mostrar que trabajan por la ciudad. La Paz est\u00e1 destruida, la institucionalidad municipal reducida a cenizas y lo que alguna vez fue la ciudad maravilla, aguarda nuevas autoridades y mejores d\u00edas.<\/p>\n<p>El autor es polit\u00f3logo.<\/p>\n","protected":false},"excerpt":{"rendered":"<p>Puede que las autoridades del municipio pace\u00f1o, en sus \u00faltimas semanas en el cargo, todav\u00eda traten de averiguar para qu\u00e9 sirven sus funciones o c\u00f3mo debe llevarse a cabo la gesti\u00f3n municipal. Quiz\u00e1 con las energ\u00edas que les quedan intenten lograr la reelecci\u00f3n o, en el mejor de los casos, justifiquen una \u00faltima verbena en [&hellip;]<\/p>\n","protected":false},"author":1,"featured_media":160620,"comment_status":"closed","ping_status":"open","sticky":false,"template":"","format":"standard","meta":{"_acf_changed":false,"footnotes":""},"categories":[9],"tags":[],"class_list":["post-338859","post","type-post","status-publish","format-standard","has-post-thumbnail","category-opinion"],"acf":{"antetitulo":""},"yoast_head":"<!-- This site is optimized with the Yoast SEO plugin v28.4 - https:\/\/yoast.com\/product\/yoast-seo-wordpress\/ -->\n<title>El peor alcalde de Sudam\u00e9rica - El Diario - Bolivia<\/title>\n<meta name=\"robots\" content=\"index, follow, max-snippet:-1, max-image-preview:large, max-video-preview:-1\" \/>\n<link rel=\"canonical\" href=\"https:\/\/www.eldiario.net\/portal\/2025\/10\/17\/el-peor-alcalde-de-sudamerica\/\" \/>\n<meta property=\"og:locale\" content=\"es_ES\" \/>\n<meta property=\"og:type\" content=\"article\" \/>\n<meta property=\"og:title\" content=\"El peor alcalde de Sudam\u00e9rica - El Diario - Bolivia\" \/>\n<meta property=\"og:description\" content=\"Puede que las autoridades del municipio pace\u00f1o, en sus \u00faltimas semanas en el cargo, todav\u00eda traten de averiguar para qu\u00e9 sirven sus funciones o c\u00f3mo debe llevarse a cabo la gesti\u00f3n municipal. Quiz\u00e1 con las energ\u00edas que les quedan intenten lograr la reelecci\u00f3n o, en el mejor de los casos, justifiquen una \u00faltima verbena en [&hellip;]\" \/>\n<meta property=\"og:url\" content=\"https:\/\/www.eldiario.net\/portal\/2025\/10\/17\/el-peor-alcalde-de-sudamerica\/\" \/>\n<meta property=\"og:site_name\" content=\"El Diario - Bolivia\" \/>\n<meta property=\"article:publisher\" content=\"https:\/\/www.facebook.com\/eldiario.bolivia\/\" \/>\n<meta property=\"article:published_time\" content=\"2025-10-17T10:01:45+00:00\" \/>\n<meta property=\"og:image\" content=\"https:\/\/www.eldiario.net\/portal\/wp-content\/uploads\/2023\/06\/Jorge-Roberto-Marquez-Meruvia.jpg\" \/>\n\t<meta property=\"og:image:width\" content=\"1200\" \/>\n\t<meta property=\"og:image:height\" content=\"628\" \/>\n\t<meta property=\"og:image:type\" content=\"image\/jpeg\" \/>\n<meta name=\"author\" content=\"Jeanette\" \/>\n<meta name=\"twitter:card\" content=\"summary_large_image\" \/>\n<meta name=\"twitter:creator\" content=\"@eldiario_net\" \/>\n<meta name=\"twitter:site\" content=\"@eldiario_net\" \/>\n<meta name=\"twitter:label1\" content=\"Escrito por\" \/>\n\t<meta name=\"twitter:data1\" content=\"Jeanette\" \/>\n\t<meta name=\"twitter:label2\" content=\"Tiempo de lectura\" \/>\n\t<meta name=\"twitter:data2\" content=\"3 minutos\" \/>\n<script type=\"application\/ld+json\" class=\"yoast-schema-graph\">{\"@context\":\"https:\\\/\\\/schema.org\",\"@graph\":[{\"@type\":\"Article\",\"@id\":\"https:\\\/\\\/www.eldiario.net\\\/portal\\\/2025\\\/10\\\/17\\\/el-peor-alcalde-de-sudamerica\\\/#article\",\"isPartOf\":{\"@id\":\"https:\\\/\\\/www.eldiario.net\\\/portal\\\/2025\\\/10\\\/17\\\/el-peor-alcalde-de-sudamerica\\\/\"},\"author\":{\"name\":\"Jeanette\",\"@id\":\"https:\\\/\\\/www.eldiario.net\\\/portal\\\/#\\\/schema\\\/person\\\/2c57cf2b7a7ae032e449e4c9b1019eac\"},\"headline\":\"El peor alcalde de Sudam\u00e9rica\",\"datePublished\":\"2025-10-17T10:01:45+00:00\",\"mainEntityOfPage\":{\"@id\":\"https:\\\/\\\/www.eldiario.net\\\/portal\\\/2025\\\/10\\\/17\\\/el-peor-alcalde-de-sudamerica\\\/\"},\"wordCount\":708,\"publisher\":{\"@id\":\"https:\\\/\\\/www.eldiario.net\\\/portal\\\/#organization\"},\"image\":{\"@id\":\"https:\\\/\\\/www.eldiario.net\\\/portal\\\/2025\\\/10\\\/17\\\/el-peor-alcalde-de-sudamerica\\\/#primaryimage\"},\"thumbnailUrl\":\"https:\\\/\\\/www.eldiario.net\\\/portal\\\/wp-content\\\/uploads\\\/2023\\\/06\\\/Jorge-Roberto-Marquez-Meruvia.jpg\",\"articleSection\":[\"Opini\u00f3n\"],\"inLanguage\":\"es\"},{\"@type\":\"WebPage\",\"@id\":\"https:\\\/\\\/www.eldiario.net\\\/portal\\\/2025\\\/10\\\/17\\\/el-peor-alcalde-de-sudamerica\\\/\",\"url\":\"https:\\\/\\\/www.eldiario.net\\\/portal\\\/2025\\\/10\\\/17\\\/el-peor-alcalde-de-sudamerica\\\/\",\"name\":\"El peor alcalde de Sudam\u00e9rica - El Diario - Bolivia\",\"isPartOf\":{\"@id\":\"https:\\\/\\\/www.eldiario.net\\\/portal\\\/#website\"},\"primaryImageOfPage\":{\"@id\":\"https:\\\/\\\/www.eldiario.net\\\/portal\\\/2025\\\/10\\\/17\\\/el-peor-alcalde-de-sudamerica\\\/#primaryimage\"},\"image\":{\"@id\":\"https:\\\/\\\/www.eldiario.net\\\/portal\\\/2025\\\/10\\\/17\\\/el-peor-alcalde-de-sudamerica\\\/#primaryimage\"},\"thumbnailUrl\":\"https:\\\/\\\/www.eldiario.net\\\/portal\\\/wp-content\\\/uploads\\\/2023\\\/06\\\/Jorge-Roberto-Marquez-Meruvia.jpg\",\"datePublished\":\"2025-10-17T10:01:45+00:00\",\"breadcrumb\":{\"@id\":\"https:\\\/\\\/www.eldiario.net\\\/portal\\\/2025\\\/10\\\/17\\\/el-peor-alcalde-de-sudamerica\\\/#breadcrumb\"},\"inLanguage\":\"es\",\"potentialAction\":[{\"@type\":\"ReadAction\",\"target\":[\"https:\\\/\\\/www.eldiario.net\\\/portal\\\/2025\\\/10\\\/17\\\/el-peor-alcalde-de-sudamerica\\\/\"]}]},{\"@type\":\"ImageObject\",\"inLanguage\":\"es\",\"@id\":\"https:\\\/\\\/www.eldiario.net\\\/portal\\\/2025\\\/10\\\/17\\\/el-peor-alcalde-de-sudamerica\\\/#primaryimage\",\"url\":\"https:\\\/\\\/www.eldiario.net\\\/portal\\\/wp-content\\\/uploads\\\/2023\\\/06\\\/Jorge-Roberto-Marquez-Meruvia.jpg\",\"contentUrl\":\"https:\\\/\\\/www.eldiario.net\\\/portal\\\/wp-content\\\/uploads\\\/2023\\\/06\\\/Jorge-Roberto-Marquez-Meruvia.jpg\",\"width\":1200,\"height\":628,\"caption\":\"Jorge Roberto Marquez Meruvia\"},{\"@type\":\"BreadcrumbList\",\"@id\":\"https:\\\/\\\/www.eldiario.net\\\/portal\\\/2025\\\/10\\\/17\\\/el-peor-alcalde-de-sudamerica\\\/#breadcrumb\",\"itemListElement\":[{\"@type\":\"ListItem\",\"position\":1,\"name\":\"Portada\",\"item\":\"https:\\\/\\\/www.eldiario.net\\\/portal\\\/\"},{\"@type\":\"ListItem\",\"position\":2,\"name\":\"El peor alcalde de Sudam\u00e9rica\"}]},{\"@type\":\"WebSite\",\"@id\":\"https:\\\/\\\/www.eldiario.net\\\/portal\\\/#website\",\"url\":\"https:\\\/\\\/www.eldiario.net\\\/portal\\\/\",\"name\":\"El Diario - Decano de la prensa nacional\",\"description\":\"El Diario - Decano de la prensa nacional\",\"publisher\":{\"@id\":\"https:\\\/\\\/www.eldiario.net\\\/portal\\\/#organization\"},\"potentialAction\":[{\"@type\":\"SearchAction\",\"target\":{\"@type\":\"EntryPoint\",\"urlTemplate\":\"https:\\\/\\\/www.eldiario.net\\\/portal\\\/?s={search_term_string}\"},\"query-input\":{\"@type\":\"PropertyValueSpecification\",\"valueRequired\":true,\"valueName\":\"search_term_string\"}}],\"inLanguage\":\"es\"},{\"@type\":\"Organization\",\"@id\":\"https:\\\/\\\/www.eldiario.net\\\/portal\\\/#organization\",\"name\":\"El Diario - Decano de la prensa nacional\",\"url\":\"https:\\\/\\\/www.eldiario.net\\\/portal\\\/\",\"logo\":{\"@type\":\"ImageObject\",\"inLanguage\":\"es\",\"@id\":\"https:\\\/\\\/www.eldiario.net\\\/portal\\\/#\\\/schema\\\/logo\\\/image\\\/\",\"url\":\"https:\\\/\\\/www.eldiario.net\\\/portal\\\/wp-content\\\/uploads\\\/2023\\\/07\\\/logo_ED.jpg\",\"contentUrl\":\"https:\\\/\\\/www.eldiario.net\\\/portal\\\/wp-content\\\/uploads\\\/2023\\\/07\\\/logo_ED.jpg\",\"width\":272,\"height\":52,\"caption\":\"El Diario - Decano de la prensa nacional\"},\"image\":{\"@id\":\"https:\\\/\\\/www.eldiario.net\\\/portal\\\/#\\\/schema\\\/logo\\\/image\\\/\"},\"sameAs\":[\"https:\\\/\\\/www.facebook.com\\\/eldiario.bolivia\\\/\",\"https:\\\/\\\/x.com\\\/eldiario_net\"]},{\"@type\":\"Person\",\"@id\":\"https:\\\/\\\/www.eldiario.net\\\/portal\\\/#\\\/schema\\\/person\\\/2c57cf2b7a7ae032e449e4c9b1019eac\",\"name\":\"Jeanette\",\"image\":{\"@type\":\"ImageObject\",\"inLanguage\":\"es\",\"@id\":\"https:\\\/\\\/secure.gravatar.com\\\/avatar\\\/3ea2118a5f7dad2b7138b1187a6b7ee55f160b9968b66013c3a3ef39dd7e5798?s=96&d=mm&r=g\",\"url\":\"https:\\\/\\\/secure.gravatar.com\\\/avatar\\\/3ea2118a5f7dad2b7138b1187a6b7ee55f160b9968b66013c3a3ef39dd7e5798?s=96&d=mm&r=g\",\"contentUrl\":\"https:\\\/\\\/secure.gravatar.com\\\/avatar\\\/3ea2118a5f7dad2b7138b1187a6b7ee55f160b9968b66013c3a3ef39dd7e5798?s=96&d=mm&r=g\",\"caption\":\"Jeanette\"},\"sameAs\":[\"https:\\\/\\\/www.eldiario.net\\\/portal\"],\"url\":\"https:\\\/\\\/www.eldiario.net\\\/portal\\\/author\\\/jeanette\\\/\"}]}<\/script>\n<!-- \/ Yoast SEO plugin. -->","yoast_head_json":{"title":"El peor alcalde de Sudam\u00e9rica - El Diario - Bolivia","robots":{"index":"index","follow":"follow","max-snippet":"max-snippet:-1","max-image-preview":"max-image-preview:large","max-video-preview":"max-video-preview:-1"},"canonical":"https:\/\/www.eldiario.net\/portal\/2025\/10\/17\/el-peor-alcalde-de-sudamerica\/","og_locale":"es_ES","og_type":"article","og_title":"El peor alcalde de Sudam\u00e9rica - El Diario - Bolivia","og_description":"Puede que las autoridades del municipio pace\u00f1o, en sus \u00faltimas semanas en el cargo, todav\u00eda traten de averiguar para qu\u00e9 sirven sus funciones o c\u00f3mo debe llevarse a cabo la gesti\u00f3n municipal. Quiz\u00e1 con las energ\u00edas que les quedan intenten lograr la reelecci\u00f3n o, en el mejor de los casos, justifiquen una \u00faltima verbena en [&hellip;]","og_url":"https:\/\/www.eldiario.net\/portal\/2025\/10\/17\/el-peor-alcalde-de-sudamerica\/","og_site_name":"El Diario - Bolivia","article_publisher":"https:\/\/www.facebook.com\/eldiario.bolivia\/","article_published_time":"2025-10-17T10:01:45+00:00","og_image":[{"width":1200,"height":628,"url":"https:\/\/www.eldiario.net\/portal\/wp-content\/uploads\/2023\/06\/Jorge-Roberto-Marquez-Meruvia.jpg","type":"image\/jpeg"}],"author":"Jeanette","twitter_card":"summary_large_image","twitter_creator":"@eldiario_net","twitter_site":"@eldiario_net","twitter_misc":{"Escrito por":"Jeanette","Tiempo de lectura":"3 minutos"},"schema":{"@context":"https:\/\/schema.org","@graph":[{"@type":"Article","@id":"https:\/\/www.eldiario.net\/portal\/2025\/10\/17\/el-peor-alcalde-de-sudamerica\/#article","isPartOf":{"@id":"https:\/\/www.eldiario.net\/portal\/2025\/10\/17\/el-peor-alcalde-de-sudamerica\/"},"author":{"name":"Jeanette","@id":"https:\/\/www.eldiario.net\/portal\/#\/schema\/person\/2c57cf2b7a7ae032e449e4c9b1019eac"},"headline":"El peor alcalde de Sudam\u00e9rica","datePublished":"2025-10-17T10:01:45+00:00","mainEntityOfPage":{"@id":"https:\/\/www.eldiario.net\/portal\/2025\/10\/17\/el-peor-alcalde-de-sudamerica\/"},"wordCount":708,"publisher":{"@id":"https:\/\/www.eldiario.net\/portal\/#organization"},"image":{"@id":"https:\/\/www.eldiario.net\/portal\/2025\/10\/17\/el-peor-alcalde-de-sudamerica\/#primaryimage"},"thumbnailUrl":"https:\/\/www.eldiario.net\/portal\/wp-content\/uploads\/2023\/06\/Jorge-Roberto-Marquez-Meruvia.jpg","articleSection":["Opini\u00f3n"],"inLanguage":"es"},{"@type":"WebPage","@id":"https:\/\/www.eldiario.net\/portal\/2025\/10\/17\/el-peor-alcalde-de-sudamerica\/","url":"https:\/\/www.eldiario.net\/portal\/2025\/10\/17\/el-peor-alcalde-de-sudamerica\/","name":"El peor alcalde de Sudam\u00e9rica - El Diario - Bolivia","isPartOf":{"@id":"https:\/\/www.eldiario.net\/portal\/#website"},"primaryImageOfPage":{"@id":"https:\/\/www.eldiario.net\/portal\/2025\/10\/17\/el-peor-alcalde-de-sudamerica\/#primaryimage"},"image":{"@id":"https:\/\/www.eldiario.net\/portal\/2025\/10\/17\/el-peor-alcalde-de-sudamerica\/#primaryimage"},"thumbnailUrl":"https:\/\/www.eldiario.net\/portal\/wp-content\/uploads\/2023\/06\/Jorge-Roberto-Marquez-Meruvia.jpg","datePublished":"2025-10-17T10:01:45+00:00","breadcrumb":{"@id":"https:\/\/www.eldiario.net\/portal\/2025\/10\/17\/el-peor-alcalde-de-sudamerica\/#breadcrumb"},"inLanguage":"es","potentialAction":[{"@type":"ReadAction","target":["https:\/\/www.eldiario.net\/portal\/2025\/10\/17\/el-peor-alcalde-de-sudamerica\/"]}]},{"@type":"ImageObject","inLanguage":"es","@id":"https:\/\/www.eldiario.net\/portal\/2025\/10\/17\/el-peor-alcalde-de-sudamerica\/#primaryimage","url":"https:\/\/www.eldiario.net\/portal\/wp-content\/uploads\/2023\/06\/Jorge-Roberto-Marquez-Meruvia.jpg","contentUrl":"https:\/\/www.eldiario.net\/portal\/wp-content\/uploads\/2023\/06\/Jorge-Roberto-Marquez-Meruvia.jpg","width":1200,"height":628,"caption":"Jorge Roberto Marquez Meruvia"},{"@type":"BreadcrumbList","@id":"https:\/\/www.eldiario.net\/portal\/2025\/10\/17\/el-peor-alcalde-de-sudamerica\/#breadcrumb","itemListElement":[{"@type":"ListItem","position":1,"name":"Portada","item":"https:\/\/www.eldiario.net\/portal\/"},{"@type":"ListItem","position":2,"name":"El peor alcalde de Sudam\u00e9rica"}]},{"@type":"WebSite","@id":"https:\/\/www.eldiario.net\/portal\/#website","url":"https:\/\/www.eldiario.net\/portal\/","name":"El Diario - Decano de la prensa nacional","description":"El Diario - Decano de la prensa nacional","publisher":{"@id":"https:\/\/www.eldiario.net\/portal\/#organization"},"potentialAction":[{"@type":"SearchAction","target":{"@type":"EntryPoint","urlTemplate":"https:\/\/www.eldiario.net\/portal\/?s={search_term_string}"},"query-input":{"@type":"PropertyValueSpecification","valueRequired":true,"valueName":"search_term_string"}}],"inLanguage":"es"},{"@type":"Organization","@id":"https:\/\/www.eldiario.net\/portal\/#organization","name":"El Diario - Decano de la prensa nacional","url":"https:\/\/www.eldiario.net\/portal\/","logo":{"@type":"ImageObject","inLanguage":"es","@id":"https:\/\/www.eldiario.net\/portal\/#\/schema\/logo\/image\/","url":"https:\/\/www.eldiario.net\/portal\/wp-content\/uploads\/2023\/07\/logo_ED.jpg","contentUrl":"https:\/\/www.eldiario.net\/portal\/wp-content\/uploads\/2023\/07\/logo_ED.jpg","width":272,"height":52,"caption":"El Diario - Decano de la prensa nacional"},"image":{"@id":"https:\/\/www.eldiario.net\/portal\/#\/schema\/logo\/image\/"},"sameAs":["https:\/\/www.facebook.com\/eldiario.bolivia\/","https:\/\/x.com\/eldiario_net"]},{"@type":"Person","@id":"https:\/\/www.eldiario.net\/portal\/#\/schema\/person\/2c57cf2b7a7ae032e449e4c9b1019eac","name":"Jeanette","image":{"@type":"ImageObject","inLanguage":"es","@id":"https:\/\/secure.gravatar.com\/avatar\/3ea2118a5f7dad2b7138b1187a6b7ee55f160b9968b66013c3a3ef39dd7e5798?s=96&d=mm&r=g","url":"https:\/\/secure.gravatar.com\/avatar\/3ea2118a5f7dad2b7138b1187a6b7ee55f160b9968b66013c3a3ef39dd7e5798?s=96&d=mm&r=g","contentUrl":"https:\/\/secure.gravatar.com\/avatar\/3ea2118a5f7dad2b7138b1187a6b7ee55f160b9968b66013c3a3ef39dd7e5798?s=96&d=mm&r=g","caption":"Jeanette"},"sameAs":["https:\/\/www.eldiario.net\/portal"],"url":"https:\/\/www.eldiario.net\/portal\/author\/jeanette\/"}]}},"_links":{"self":[{"href":"https:\/\/www.eldiario.net\/portal\/wp-json\/wp\/v2\/posts\/338859","targetHints":{"allow":["GET"]}}],"collection":[{"href":"https:\/\/www.eldiario.net\/portal\/wp-json\/wp\/v2\/posts"}],"about":[{"href":"https:\/\/www.eldiario.net\/portal\/wp-json\/wp\/v2\/types\/post"}],"author":[{"embeddable":true,"href":"https:\/\/www.eldiario.net\/portal\/wp-json\/wp\/v2\/users\/1"}],"replies":[{"embeddable":true,"href":"https:\/\/www.eldiario.net\/portal\/wp-json\/wp\/v2\/comments?post=338859"}],"version-history":[{"count":1,"href":"https:\/\/www.eldiario.net\/portal\/wp-json\/wp\/v2\/posts\/338859\/revisions"}],"predecessor-version":[{"id":338860,"href":"https:\/\/www.eldiario.net\/portal\/wp-json\/wp\/v2\/posts\/338859\/revisions\/338860"}],"wp:featuredmedia":[{"embeddable":true,"href":"https:\/\/www.eldiario.net\/portal\/wp-json\/wp\/v2\/media\/160620"}],"wp:attachment":[{"href":"https:\/\/www.eldiario.net\/portal\/wp-json\/wp\/v2\/media?parent=338859"}],"wp:term":[{"taxonomy":"category","embeddable":true,"href":"https:\/\/www.eldiario.net\/portal\/wp-json\/wp\/v2\/categories?post=338859"},{"taxonomy":"post_tag","embeddable":true,"href":"https:\/\/www.eldiario.net\/portal\/wp-json\/wp\/v2\/tags?post=338859"}],"curies":[{"name":"wp","href":"https:\/\/api.w.org\/{rel}","templated":true}]}}