{"id":338855,"date":"2025-10-17T06:00:37","date_gmt":"2025-10-17T10:00:37","guid":{"rendered":"https:\/\/www.eldiario.net\/portal\/?p=338855"},"modified":"2025-10-17T06:00:37","modified_gmt":"2025-10-17T10:00:37","slug":"bloqueos-toxicos","status":"publish","type":"post","link":"https:\/\/www.eldiario.net\/portal\/2025\/10\/17\/bloqueos-toxicos\/","title":{"rendered":"Bloqueos t\u00f3xicos"},"content":{"rendered":"<p>Los bloqueos suman motivos para considerarlos la medida de presi\u00f3n m\u00e1s usada en el pa\u00eds. Esta semana comenz\u00f3 con el que los pobladores de Cruce Culta, o Ventilla, instalaron en el camino entre Potos\u00ed y Oruro y el que transportistas impusieron en la ruta Cochabamba-Santa Cruz en protesta por la falta de carburantes.<br \/>\nNo importa cu\u00e1n justiciero o justificado sea un bloqueo de caminos, o de calles, los hechos han demostrado, a lo largo de los a\u00f1os, que esa medida tiene muchos efectos negativos frente a los resultados que pueda o no obtener.<br \/>\nLo primero que deber\u00edan tomar en cuenta los dirigentes que los propician es que los bloqueos son medidas discriminatorias, puesto que afectan a las personas con menores posibilidades econ\u00f3micas. Las que los sufren son aquellas que necesitan viajar y no pueden pagar los costos del transporte a\u00e9reo. Las autoridades, cuya atenci\u00f3n se busca con esas medidas de presi\u00f3n, no son afectadas por \u00e9stas, mientras que los perjudicados son miles de personas que, generalmente, nada tienen que ver con las causas de los bloqueos, lo que los convierte en acciones altamente injustas.<br \/>\nSon ilegales, puesto que atentan contra la libertad de circulaci\u00f3n garantizada por el art\u00edculo 21.7 de la Constituci\u00f3n Pol\u00edtica del Estado y son criminales cuando impiden el paso de ambulancias, medicinas o personas en estado extremo de salud que, en ocasiones, llegaron a fallecer por eso. Antes se hac\u00eda excepciones, y se dejaba pasar a los \u201ccasos especiales\u201d, pero los bloqueadores de hoy han perdido todo rasgo de humanidad.<br \/>\nDesde que se convirtieron en habituales, los bloqueos han causado da\u00f1os econ\u00f3micos que ya pueden ser medidos en miles de millones de d\u00f3lares. Debido a ello, se han convertido en una de las causas de la recesi\u00f3n econ\u00f3mica. Multiplicaron nuestra pobreza y, para peor, no permiten que nos recuperemos, porque ahuyentan al turismo que es una actividad econ\u00f3mica que, bien fomentada y manejada, podr\u00eda convertirse en uno de los motores del pa\u00eds, como ha ocurrido en otras naciones, incluso con menos atractivos para los visitantes.<br \/>\nNo hay d\u00f3lares y una de las maneras de conseguirlos es con los pagos que har\u00edan los turistas que lleguen a Bolivia, pero\u2026 \u00bfqui\u00e9n se anima a ir a visitar un pa\u00eds en el que te bloquean en el rato menos pensado? Transitar por los caminos es peligroso y, en ocasiones, incluso se bloquea el acceso a los aeropuertos. Las agencias de viajes del resto del mundo hacen paquetes quinquenales; es decir, se programa viajes a pa\u00edses durante cinco a\u00f1os, y con esa anticipaci\u00f3n. Bolivia ha sido retirada de esos paquetes hace mucho, por el riesgo latente de los bloqueos.<br \/>\nTodo lo que hemos visto y vivido, no en los \u00faltimos cinco a\u00f1os sino en por lo menos 30, demuestra que una de las causas de nuestra pobreza y estancamiento son los bloqueos. Los dirigentes, especialmente aquellos que me han dicho que la \u00fanica manera de hacerse escuchar es con los bloqueos, deben entender que esa medida de presi\u00f3n no solo es perjudicial, sino anacr\u00f3nica. Deben soltarla, renunciar a ella, y los nuevos gobernantes tienen que incluirla entre los delitos que figuran en el C\u00f3digo Penal y sancionarla con c\u00e1rcel.<\/p>\n<p>Juan Jos\u00e9 Toro es Premio Nacional en Historia del Periodismo.<\/p>\n","protected":false},"excerpt":{"rendered":"<p>Los bloqueos suman motivos para considerarlos la medida de presi\u00f3n m\u00e1s usada en el pa\u00eds. Esta semana comenz\u00f3 con el que los pobladores de Cruce Culta, o Ventilla, instalaron en el camino entre Potos\u00ed y Oruro y el que transportistas impusieron en la ruta Cochabamba-Santa Cruz en protesta por la falta de carburantes. No importa [&hellip;]<\/p>\n","protected":false},"author":1,"featured_media":163829,"comment_status":"closed","ping_status":"open","sticky":false,"template":"","format":"standard","meta":{"_acf_changed":false,"footnotes":""},"categories":[9],"tags":[],"class_list":["post-338855","post","type-post","status-publish","format-standard","has-post-thumbnail","category-opinion"],"acf":{"antetitulo":"Surazo"},"yoast_head":"<!-- This site is optimized with the Yoast SEO plugin v28.4 - https:\/\/yoast.com\/product\/yoast-seo-wordpress\/ -->\n<title>Bloqueos t\u00f3xicos - El Diario - Bolivia<\/title>\n<meta name=\"robots\" content=\"index, follow, max-snippet:-1, max-image-preview:large, max-video-preview:-1\" \/>\n<link rel=\"canonical\" href=\"https:\/\/www.eldiario.net\/portal\/2025\/10\/17\/bloqueos-toxicos\/\" \/>\n<meta property=\"og:locale\" content=\"es_ES\" \/>\n<meta property=\"og:type\" content=\"article\" \/>\n<meta property=\"og:title\" content=\"Bloqueos t\u00f3xicos - El Diario - Bolivia\" \/>\n<meta property=\"og:description\" content=\"Los bloqueos suman motivos para considerarlos la medida de presi\u00f3n m\u00e1s usada en el pa\u00eds. Esta semana comenz\u00f3 con el que los pobladores de Cruce Culta, o Ventilla, instalaron en el camino entre Potos\u00ed y Oruro y el que transportistas impusieron en la ruta Cochabamba-Santa Cruz en protesta por la falta de carburantes. No importa [&hellip;]\" \/>\n<meta property=\"og:url\" content=\"https:\/\/www.eldiario.net\/portal\/2025\/10\/17\/bloqueos-toxicos\/\" \/>\n<meta property=\"og:site_name\" content=\"El Diario - Bolivia\" \/>\n<meta property=\"article:publisher\" content=\"https:\/\/www.facebook.com\/eldiario.bolivia\/\" \/>\n<meta property=\"article:published_time\" content=\"2025-10-17T10:00:37+00:00\" \/>\n<meta property=\"og:image\" content=\"https:\/\/www.eldiario.net\/portal\/wp-content\/uploads\/2023\/07\/Juan-Jose-Toro-Montoya.jpg\" \/>\n\t<meta property=\"og:image:width\" content=\"1200\" \/>\n\t<meta property=\"og:image:height\" content=\"628\" \/>\n\t<meta property=\"og:image:type\" content=\"image\/jpeg\" \/>\n<meta name=\"author\" content=\"Jeanette\" \/>\n<meta name=\"twitter:card\" content=\"summary_large_image\" \/>\n<meta name=\"twitter:creator\" content=\"@eldiario_net\" \/>\n<meta name=\"twitter:site\" content=\"@eldiario_net\" \/>\n<meta name=\"twitter:label1\" content=\"Escrito por\" \/>\n\t<meta name=\"twitter:data1\" content=\"Jeanette\" \/>\n\t<meta name=\"twitter:label2\" content=\"Tiempo de lectura\" \/>\n\t<meta name=\"twitter:data2\" content=\"3 minutos\" \/>\n<script type=\"application\/ld+json\" class=\"yoast-schema-graph\">{\"@context\":\"https:\\\/\\\/schema.org\",\"@graph\":[{\"@type\":\"Article\",\"@id\":\"https:\\\/\\\/www.eldiario.net\\\/portal\\\/2025\\\/10\\\/17\\\/bloqueos-toxicos\\\/#article\",\"isPartOf\":{\"@id\":\"https:\\\/\\\/www.eldiario.net\\\/portal\\\/2025\\\/10\\\/17\\\/bloqueos-toxicos\\\/\"},\"author\":{\"name\":\"Jeanette\",\"@id\":\"https:\\\/\\\/www.eldiario.net\\\/portal\\\/#\\\/schema\\\/person\\\/2c57cf2b7a7ae032e449e4c9b1019eac\"},\"headline\":\"Bloqueos t\u00f3xicos\",\"datePublished\":\"2025-10-17T10:00:37+00:00\",\"mainEntityOfPage\":{\"@id\":\"https:\\\/\\\/www.eldiario.net\\\/portal\\\/2025\\\/10\\\/17\\\/bloqueos-toxicos\\\/\"},\"wordCount\":574,\"publisher\":{\"@id\":\"https:\\\/\\\/www.eldiario.net\\\/portal\\\/#organization\"},\"image\":{\"@id\":\"https:\\\/\\\/www.eldiario.net\\\/portal\\\/2025\\\/10\\\/17\\\/bloqueos-toxicos\\\/#primaryimage\"},\"thumbnailUrl\":\"https:\\\/\\\/www.eldiario.net\\\/portal\\\/wp-content\\\/uploads\\\/2023\\\/07\\\/Juan-Jose-Toro-Montoya.jpg\",\"articleSection\":[\"Opini\u00f3n\"],\"inLanguage\":\"es\"},{\"@type\":\"WebPage\",\"@id\":\"https:\\\/\\\/www.eldiario.net\\\/portal\\\/2025\\\/10\\\/17\\\/bloqueos-toxicos\\\/\",\"url\":\"https:\\\/\\\/www.eldiario.net\\\/portal\\\/2025\\\/10\\\/17\\\/bloqueos-toxicos\\\/\",\"name\":\"Bloqueos t\u00f3xicos - El Diario - Bolivia\",\"isPartOf\":{\"@id\":\"https:\\\/\\\/www.eldiario.net\\\/portal\\\/#website\"},\"primaryImageOfPage\":{\"@id\":\"https:\\\/\\\/www.eldiario.net\\\/portal\\\/2025\\\/10\\\/17\\\/bloqueos-toxicos\\\/#primaryimage\"},\"image\":{\"@id\":\"https:\\\/\\\/www.eldiario.net\\\/portal\\\/2025\\\/10\\\/17\\\/bloqueos-toxicos\\\/#primaryimage\"},\"thumbnailUrl\":\"https:\\\/\\\/www.eldiario.net\\\/portal\\\/wp-content\\\/uploads\\\/2023\\\/07\\\/Juan-Jose-Toro-Montoya.jpg\",\"datePublished\":\"2025-10-17T10:00:37+00:00\",\"breadcrumb\":{\"@id\":\"https:\\\/\\\/www.eldiario.net\\\/portal\\\/2025\\\/10\\\/17\\\/bloqueos-toxicos\\\/#breadcrumb\"},\"inLanguage\":\"es\",\"potentialAction\":[{\"@type\":\"ReadAction\",\"target\":[\"https:\\\/\\\/www.eldiario.net\\\/portal\\\/2025\\\/10\\\/17\\\/bloqueos-toxicos\\\/\"]}]},{\"@type\":\"ImageObject\",\"inLanguage\":\"es\",\"@id\":\"https:\\\/\\\/www.eldiario.net\\\/portal\\\/2025\\\/10\\\/17\\\/bloqueos-toxicos\\\/#primaryimage\",\"url\":\"https:\\\/\\\/www.eldiario.net\\\/portal\\\/wp-content\\\/uploads\\\/2023\\\/07\\\/Juan-Jose-Toro-Montoya.jpg\",\"contentUrl\":\"https:\\\/\\\/www.eldiario.net\\\/portal\\\/wp-content\\\/uploads\\\/2023\\\/07\\\/Juan-Jose-Toro-Montoya.jpg\",\"width\":1200,\"height\":628,\"caption\":\"Juan Jos\u00e9 Toro Montoya\"},{\"@type\":\"BreadcrumbList\",\"@id\":\"https:\\\/\\\/www.eldiario.net\\\/portal\\\/2025\\\/10\\\/17\\\/bloqueos-toxicos\\\/#breadcrumb\",\"itemListElement\":[{\"@type\":\"ListItem\",\"position\":1,\"name\":\"Portada\",\"item\":\"https:\\\/\\\/www.eldiario.net\\\/portal\\\/\"},{\"@type\":\"ListItem\",\"position\":2,\"name\":\"Bloqueos t\u00f3xicos\"}]},{\"@type\":\"WebSite\",\"@id\":\"https:\\\/\\\/www.eldiario.net\\\/portal\\\/#website\",\"url\":\"https:\\\/\\\/www.eldiario.net\\\/portal\\\/\",\"name\":\"El Diario - Decano de la prensa nacional\",\"description\":\"El Diario - Decano de la prensa nacional\",\"publisher\":{\"@id\":\"https:\\\/\\\/www.eldiario.net\\\/portal\\\/#organization\"},\"potentialAction\":[{\"@type\":\"SearchAction\",\"target\":{\"@type\":\"EntryPoint\",\"urlTemplate\":\"https:\\\/\\\/www.eldiario.net\\\/portal\\\/?s={search_term_string}\"},\"query-input\":{\"@type\":\"PropertyValueSpecification\",\"valueRequired\":true,\"valueName\":\"search_term_string\"}}],\"inLanguage\":\"es\"},{\"@type\":\"Organization\",\"@id\":\"https:\\\/\\\/www.eldiario.net\\\/portal\\\/#organization\",\"name\":\"El Diario - Decano de la prensa nacional\",\"url\":\"https:\\\/\\\/www.eldiario.net\\\/portal\\\/\",\"logo\":{\"@type\":\"ImageObject\",\"inLanguage\":\"es\",\"@id\":\"https:\\\/\\\/www.eldiario.net\\\/portal\\\/#\\\/schema\\\/logo\\\/image\\\/\",\"url\":\"https:\\\/\\\/www.eldiario.net\\\/portal\\\/wp-content\\\/uploads\\\/2023\\\/07\\\/logo_ED.jpg\",\"contentUrl\":\"https:\\\/\\\/www.eldiario.net\\\/portal\\\/wp-content\\\/uploads\\\/2023\\\/07\\\/logo_ED.jpg\",\"width\":272,\"height\":52,\"caption\":\"El Diario - Decano de la prensa nacional\"},\"image\":{\"@id\":\"https:\\\/\\\/www.eldiario.net\\\/portal\\\/#\\\/schema\\\/logo\\\/image\\\/\"},\"sameAs\":[\"https:\\\/\\\/www.facebook.com\\\/eldiario.bolivia\\\/\",\"https:\\\/\\\/x.com\\\/eldiario_net\"]},{\"@type\":\"Person\",\"@id\":\"https:\\\/\\\/www.eldiario.net\\\/portal\\\/#\\\/schema\\\/person\\\/2c57cf2b7a7ae032e449e4c9b1019eac\",\"name\":\"Jeanette\",\"image\":{\"@type\":\"ImageObject\",\"inLanguage\":\"es\",\"@id\":\"https:\\\/\\\/secure.gravatar.com\\\/avatar\\\/3ea2118a5f7dad2b7138b1187a6b7ee55f160b9968b66013c3a3ef39dd7e5798?s=96&d=mm&r=g\",\"url\":\"https:\\\/\\\/secure.gravatar.com\\\/avatar\\\/3ea2118a5f7dad2b7138b1187a6b7ee55f160b9968b66013c3a3ef39dd7e5798?s=96&d=mm&r=g\",\"contentUrl\":\"https:\\\/\\\/secure.gravatar.com\\\/avatar\\\/3ea2118a5f7dad2b7138b1187a6b7ee55f160b9968b66013c3a3ef39dd7e5798?s=96&d=mm&r=g\",\"caption\":\"Jeanette\"},\"sameAs\":[\"https:\\\/\\\/www.eldiario.net\\\/portal\"],\"url\":\"https:\\\/\\\/www.eldiario.net\\\/portal\\\/author\\\/jeanette\\\/\"}]}<\/script>\n<!-- \/ Yoast SEO plugin. -->","yoast_head_json":{"title":"Bloqueos t\u00f3xicos - El Diario - Bolivia","robots":{"index":"index","follow":"follow","max-snippet":"max-snippet:-1","max-image-preview":"max-image-preview:large","max-video-preview":"max-video-preview:-1"},"canonical":"https:\/\/www.eldiario.net\/portal\/2025\/10\/17\/bloqueos-toxicos\/","og_locale":"es_ES","og_type":"article","og_title":"Bloqueos t\u00f3xicos - El Diario - Bolivia","og_description":"Los bloqueos suman motivos para considerarlos la medida de presi\u00f3n m\u00e1s usada en el pa\u00eds. Esta semana comenz\u00f3 con el que los pobladores de Cruce Culta, o Ventilla, instalaron en el camino entre Potos\u00ed y Oruro y el que transportistas impusieron en la ruta Cochabamba-Santa Cruz en protesta por la falta de carburantes. No importa [&hellip;]","og_url":"https:\/\/www.eldiario.net\/portal\/2025\/10\/17\/bloqueos-toxicos\/","og_site_name":"El Diario - Bolivia","article_publisher":"https:\/\/www.facebook.com\/eldiario.bolivia\/","article_published_time":"2025-10-17T10:00:37+00:00","og_image":[{"width":1200,"height":628,"url":"https:\/\/www.eldiario.net\/portal\/wp-content\/uploads\/2023\/07\/Juan-Jose-Toro-Montoya.jpg","type":"image\/jpeg"}],"author":"Jeanette","twitter_card":"summary_large_image","twitter_creator":"@eldiario_net","twitter_site":"@eldiario_net","twitter_misc":{"Escrito por":"Jeanette","Tiempo de lectura":"3 minutos"},"schema":{"@context":"https:\/\/schema.org","@graph":[{"@type":"Article","@id":"https:\/\/www.eldiario.net\/portal\/2025\/10\/17\/bloqueos-toxicos\/#article","isPartOf":{"@id":"https:\/\/www.eldiario.net\/portal\/2025\/10\/17\/bloqueos-toxicos\/"},"author":{"name":"Jeanette","@id":"https:\/\/www.eldiario.net\/portal\/#\/schema\/person\/2c57cf2b7a7ae032e449e4c9b1019eac"},"headline":"Bloqueos t\u00f3xicos","datePublished":"2025-10-17T10:00:37+00:00","mainEntityOfPage":{"@id":"https:\/\/www.eldiario.net\/portal\/2025\/10\/17\/bloqueos-toxicos\/"},"wordCount":574,"publisher":{"@id":"https:\/\/www.eldiario.net\/portal\/#organization"},"image":{"@id":"https:\/\/www.eldiario.net\/portal\/2025\/10\/17\/bloqueos-toxicos\/#primaryimage"},"thumbnailUrl":"https:\/\/www.eldiario.net\/portal\/wp-content\/uploads\/2023\/07\/Juan-Jose-Toro-Montoya.jpg","articleSection":["Opini\u00f3n"],"inLanguage":"es"},{"@type":"WebPage","@id":"https:\/\/www.eldiario.net\/portal\/2025\/10\/17\/bloqueos-toxicos\/","url":"https:\/\/www.eldiario.net\/portal\/2025\/10\/17\/bloqueos-toxicos\/","name":"Bloqueos t\u00f3xicos - El Diario - Bolivia","isPartOf":{"@id":"https:\/\/www.eldiario.net\/portal\/#website"},"primaryImageOfPage":{"@id":"https:\/\/www.eldiario.net\/portal\/2025\/10\/17\/bloqueos-toxicos\/#primaryimage"},"image":{"@id":"https:\/\/www.eldiario.net\/portal\/2025\/10\/17\/bloqueos-toxicos\/#primaryimage"},"thumbnailUrl":"https:\/\/www.eldiario.net\/portal\/wp-content\/uploads\/2023\/07\/Juan-Jose-Toro-Montoya.jpg","datePublished":"2025-10-17T10:00:37+00:00","breadcrumb":{"@id":"https:\/\/www.eldiario.net\/portal\/2025\/10\/17\/bloqueos-toxicos\/#breadcrumb"},"inLanguage":"es","potentialAction":[{"@type":"ReadAction","target":["https:\/\/www.eldiario.net\/portal\/2025\/10\/17\/bloqueos-toxicos\/"]}]},{"@type":"ImageObject","inLanguage":"es","@id":"https:\/\/www.eldiario.net\/portal\/2025\/10\/17\/bloqueos-toxicos\/#primaryimage","url":"https:\/\/www.eldiario.net\/portal\/wp-content\/uploads\/2023\/07\/Juan-Jose-Toro-Montoya.jpg","contentUrl":"https:\/\/www.eldiario.net\/portal\/wp-content\/uploads\/2023\/07\/Juan-Jose-Toro-Montoya.jpg","width":1200,"height":628,"caption":"Juan Jos\u00e9 Toro Montoya"},{"@type":"BreadcrumbList","@id":"https:\/\/www.eldiario.net\/portal\/2025\/10\/17\/bloqueos-toxicos\/#breadcrumb","itemListElement":[{"@type":"ListItem","position":1,"name":"Portada","item":"https:\/\/www.eldiario.net\/portal\/"},{"@type":"ListItem","position":2,"name":"Bloqueos t\u00f3xicos"}]},{"@type":"WebSite","@id":"https:\/\/www.eldiario.net\/portal\/#website","url":"https:\/\/www.eldiario.net\/portal\/","name":"El Diario - Decano de la prensa nacional","description":"El Diario - Decano de la prensa nacional","publisher":{"@id":"https:\/\/www.eldiario.net\/portal\/#organization"},"potentialAction":[{"@type":"SearchAction","target":{"@type":"EntryPoint","urlTemplate":"https:\/\/www.eldiario.net\/portal\/?s={search_term_string}"},"query-input":{"@type":"PropertyValueSpecification","valueRequired":true,"valueName":"search_term_string"}}],"inLanguage":"es"},{"@type":"Organization","@id":"https:\/\/www.eldiario.net\/portal\/#organization","name":"El Diario - Decano de la prensa nacional","url":"https:\/\/www.eldiario.net\/portal\/","logo":{"@type":"ImageObject","inLanguage":"es","@id":"https:\/\/www.eldiario.net\/portal\/#\/schema\/logo\/image\/","url":"https:\/\/www.eldiario.net\/portal\/wp-content\/uploads\/2023\/07\/logo_ED.jpg","contentUrl":"https:\/\/www.eldiario.net\/portal\/wp-content\/uploads\/2023\/07\/logo_ED.jpg","width":272,"height":52,"caption":"El Diario - Decano de la prensa nacional"},"image":{"@id":"https:\/\/www.eldiario.net\/portal\/#\/schema\/logo\/image\/"},"sameAs":["https:\/\/www.facebook.com\/eldiario.bolivia\/","https:\/\/x.com\/eldiario_net"]},{"@type":"Person","@id":"https:\/\/www.eldiario.net\/portal\/#\/schema\/person\/2c57cf2b7a7ae032e449e4c9b1019eac","name":"Jeanette","image":{"@type":"ImageObject","inLanguage":"es","@id":"https:\/\/secure.gravatar.com\/avatar\/3ea2118a5f7dad2b7138b1187a6b7ee55f160b9968b66013c3a3ef39dd7e5798?s=96&d=mm&r=g","url":"https:\/\/secure.gravatar.com\/avatar\/3ea2118a5f7dad2b7138b1187a6b7ee55f160b9968b66013c3a3ef39dd7e5798?s=96&d=mm&r=g","contentUrl":"https:\/\/secure.gravatar.com\/avatar\/3ea2118a5f7dad2b7138b1187a6b7ee55f160b9968b66013c3a3ef39dd7e5798?s=96&d=mm&r=g","caption":"Jeanette"},"sameAs":["https:\/\/www.eldiario.net\/portal"],"url":"https:\/\/www.eldiario.net\/portal\/author\/jeanette\/"}]}},"_links":{"self":[{"href":"https:\/\/www.eldiario.net\/portal\/wp-json\/wp\/v2\/posts\/338855","targetHints":{"allow":["GET"]}}],"collection":[{"href":"https:\/\/www.eldiario.net\/portal\/wp-json\/wp\/v2\/posts"}],"about":[{"href":"https:\/\/www.eldiario.net\/portal\/wp-json\/wp\/v2\/types\/post"}],"author":[{"embeddable":true,"href":"https:\/\/www.eldiario.net\/portal\/wp-json\/wp\/v2\/users\/1"}],"replies":[{"embeddable":true,"href":"https:\/\/www.eldiario.net\/portal\/wp-json\/wp\/v2\/comments?post=338855"}],"version-history":[{"count":1,"href":"https:\/\/www.eldiario.net\/portal\/wp-json\/wp\/v2\/posts\/338855\/revisions"}],"predecessor-version":[{"id":338856,"href":"https:\/\/www.eldiario.net\/portal\/wp-json\/wp\/v2\/posts\/338855\/revisions\/338856"}],"wp:featuredmedia":[{"embeddable":true,"href":"https:\/\/www.eldiario.net\/portal\/wp-json\/wp\/v2\/media\/163829"}],"wp:attachment":[{"href":"https:\/\/www.eldiario.net\/portal\/wp-json\/wp\/v2\/media?parent=338855"}],"wp:term":[{"taxonomy":"category","embeddable":true,"href":"https:\/\/www.eldiario.net\/portal\/wp-json\/wp\/v2\/categories?post=338855"},{"taxonomy":"post_tag","embeddable":true,"href":"https:\/\/www.eldiario.net\/portal\/wp-json\/wp\/v2\/tags?post=338855"}],"curies":[{"name":"wp","href":"https:\/\/api.w.org\/{rel}","templated":true}]}}