{"id":338850,"date":"2025-10-17T05:59:38","date_gmt":"2025-10-17T09:59:38","guid":{"rendered":"https:\/\/www.eldiario.net\/portal\/?p=338850"},"modified":"2025-10-17T05:59:38","modified_gmt":"2025-10-17T09:59:38","slug":"basta-de-elefantes-blancos","status":"publish","type":"post","link":"https:\/\/www.eldiario.net\/portal\/2025\/10\/17\/basta-de-elefantes-blancos\/","title":{"rendered":"\u00a1Basta de elefantes blancos!"},"content":{"rendered":"<p><em>Los proyectos \u201crevolucionarios\u201d y populistas, por el af\u00e1n de planificar la econom\u00eda, hacen del Estado un empresario, generan miles de empleos p\u00fablicos para quienes estuvieron en sus campa\u00f1as proselitistas; suelen agrandar el Estado creando instituciones, corporaciones y empresas y agrandan el entramado burocr\u00e1tico. Lo hizo entre 1952 y 1964 el MNR, lo hicieron algunos gobiernos dictatoriales en los 60, 70 y 80 y lo hizo el MAS entre 2006 y 2025. Al final, tales creaciones terminan en un rotundo fiasco, no solo econ\u00f3mico, pues nada aportan al crecimiento de la econom\u00eda nacional, sino tambi\u00e9n moral, pues se convierten en nidos de corruptos o en agencias de empleo, a donde acude la gente mediocre que no puede ni hacer empresa privada, ni ingresar en una instituci\u00f3n por m\u00e9ritos o capacidades personales ni elevar su nivel cultural o moral debido a su desidia.<\/em><br \/>\n<em>Durante las dos largas y mediocres d\u00e9cadas del MAS en Bolivia fueron creadas muchas de estas instituciones (o reparticiones dentro de instituciones que ya hab\u00eda) y empresas, proyectando aquel partido la imagen de un pa\u00eds que se desarrollaba y daba el salto hacia la tan necesaria industrializaci\u00f3n. No obstante, los reg\u00edmenes y pol\u00edticos populistas son h\u00e1biles para vender gato por liebre. Dan la idea de que el pa\u00eds ser\u00eda pr\u00f3spero y rico si no fuera por la oscura mano de los empresarios privados, y que por eso el pa\u00eds, ya libre de \u00e9stos, puede crear empresas por aqu\u00ed y all\u00e1. Sin embargo, lo que en verdad ocurre es que malgastan el dinero creando empresas que ser\u00e1n mal gestionadas y, peor, que ser\u00e1n nidos de corruptos y nepotistas. Y las masas ingenuas creen a pie juntillas aquellas ideas populistas.<\/em><br \/>\n<em>Los bolivianos no deber\u00edan olvidar aquellas terribles empresas que solamente empobrecen a Bolivia, que pierden mucho m\u00e1s que lo que ganan. La Empresa Azucarera San Buenaventura, la Empresa Boliviana de Alimentos y Derivados, Quipus, la Empresa de Apoyo a la Producci\u00f3n de Alimentos y la Empresa P\u00fablica Productiva de Cementos de Bolivia, entre otras, han presentado n\u00fameros rojos (es decir, d\u00e9ficit), adem\u00e1s de competir con sus productos con empresas privadas que ofrecen mucho mejores productos en calidad y eficiencia (\u00bfse podr\u00eda dudar de esto \u00faltimo teniendo en cuenta el solo ejemplo de Quipus?), todo esto para no mencionar los casos de corrupci\u00f3n en que sus mediocres funcionarios se han visto envueltos en todos estos a\u00f1os.<\/em><br \/>\n<em>La falta de una gerencia que posibilite sostenibilidad, la competencia desleal, la falta de inversi\u00f3n estrat\u00e9gica (la planta de urea y amoniaco de YPFB sufri\u00f3 p\u00e9rdidas debido a la paralizaci\u00f3n de operaciones) y un modelo de desarrollo fallido, son algunas de las causas por las cuales estas empresas simplemente no funcionan bien y deben ser cerradas por el siguiente gobierno, si es que \u00e9ste pretende ser \u00e9tico y moral. Es hora de que el Estado se reduzca, d\u00e1ndose paso a la empresa y los capitales privados, que siempre son m\u00e1s eficientes y trabajadores que el Estado-empresario.<\/em><\/p>\n","protected":false},"excerpt":{"rendered":"<p>Los proyectos \u201crevolucionarios\u201d y populistas, por el af\u00e1n de planificar la econom\u00eda, hacen del Estado un empresario, generan miles de empleos p\u00fablicos para quienes estuvieron en sus campa\u00f1as proselitistas; suelen agrandar el Estado creando instituciones, corporaciones y empresas y agrandan el entramado burocr\u00e1tico. Lo hizo entre 1952 y 1964 el MNR, lo hicieron algunos gobiernos [&hellip;]<\/p>\n","protected":false},"author":1,"featured_media":194776,"comment_status":"closed","ping_status":"open","sticky":false,"template":"","format":"standard","meta":{"_acf_changed":false,"footnotes":""},"categories":[4],"tags":[],"class_list":["post-338850","post","type-post","status-publish","format-standard","has-post-thumbnail","category-editorial"],"acf":{"antetitulo":""},"yoast_head":"<!-- This site is optimized with the Yoast SEO plugin v28.4 - https:\/\/yoast.com\/product\/yoast-seo-wordpress\/ -->\n<title>\u00a1Basta de elefantes blancos! - El Diario - Bolivia<\/title>\n<meta name=\"robots\" content=\"index, follow, max-snippet:-1, max-image-preview:large, max-video-preview:-1\" \/>\n<link rel=\"canonical\" href=\"https:\/\/www.eldiario.net\/portal\/2025\/10\/17\/basta-de-elefantes-blancos\/\" \/>\n<meta property=\"og:locale\" content=\"es_ES\" \/>\n<meta property=\"og:type\" content=\"article\" \/>\n<meta property=\"og:title\" content=\"\u00a1Basta de elefantes blancos! - El Diario - Bolivia\" \/>\n<meta property=\"og:description\" content=\"Los proyectos \u201crevolucionarios\u201d y populistas, por el af\u00e1n de planificar la econom\u00eda, hacen del Estado un empresario, generan miles de empleos p\u00fablicos para quienes estuvieron en sus campa\u00f1as proselitistas; suelen agrandar el Estado creando instituciones, corporaciones y empresas y agrandan el entramado burocr\u00e1tico. Lo hizo entre 1952 y 1964 el MNR, lo hicieron algunos gobiernos [&hellip;]\" \/>\n<meta property=\"og:url\" content=\"https:\/\/www.eldiario.net\/portal\/2025\/10\/17\/basta-de-elefantes-blancos\/\" \/>\n<meta property=\"og:site_name\" content=\"El Diario - Bolivia\" \/>\n<meta property=\"article:publisher\" content=\"https:\/\/www.facebook.com\/eldiario.bolivia\/\" \/>\n<meta property=\"article:published_time\" content=\"2025-10-17T09:59:38+00:00\" \/>\n<meta property=\"og:image\" content=\"https:\/\/www.eldiario.net\/portal\/wp-content\/uploads\/2023\/12\/Editorial.jpg\" \/>\n\t<meta property=\"og:image:width\" content=\"800\" \/>\n\t<meta property=\"og:image:height\" content=\"500\" \/>\n\t<meta property=\"og:image:type\" content=\"image\/jpeg\" \/>\n<meta name=\"author\" content=\"Jeanette\" \/>\n<meta name=\"twitter:card\" content=\"summary_large_image\" \/>\n<meta name=\"twitter:creator\" content=\"@eldiario_net\" \/>\n<meta name=\"twitter:site\" content=\"@eldiario_net\" \/>\n<meta name=\"twitter:label1\" content=\"Escrito por\" \/>\n\t<meta name=\"twitter:data1\" content=\"Jeanette\" \/>\n\t<meta name=\"twitter:label2\" content=\"Tiempo de lectura\" \/>\n\t<meta name=\"twitter:data2\" content=\"3 minutos\" \/>\n<script type=\"application\/ld+json\" class=\"yoast-schema-graph\">{\"@context\":\"https:\\\/\\\/schema.org\",\"@graph\":[{\"@type\":\"Article\",\"@id\":\"https:\\\/\\\/www.eldiario.net\\\/portal\\\/2025\\\/10\\\/17\\\/basta-de-elefantes-blancos\\\/#article\",\"isPartOf\":{\"@id\":\"https:\\\/\\\/www.eldiario.net\\\/portal\\\/2025\\\/10\\\/17\\\/basta-de-elefantes-blancos\\\/\"},\"author\":{\"name\":\"Jeanette\",\"@id\":\"https:\\\/\\\/www.eldiario.net\\\/portal\\\/#\\\/schema\\\/person\\\/2c57cf2b7a7ae032e449e4c9b1019eac\"},\"headline\":\"\u00a1Basta de elefantes blancos!\",\"datePublished\":\"2025-10-17T09:59:38+00:00\",\"mainEntityOfPage\":{\"@id\":\"https:\\\/\\\/www.eldiario.net\\\/portal\\\/2025\\\/10\\\/17\\\/basta-de-elefantes-blancos\\\/\"},\"wordCount\":526,\"publisher\":{\"@id\":\"https:\\\/\\\/www.eldiario.net\\\/portal\\\/#organization\"},\"image\":{\"@id\":\"https:\\\/\\\/www.eldiario.net\\\/portal\\\/2025\\\/10\\\/17\\\/basta-de-elefantes-blancos\\\/#primaryimage\"},\"thumbnailUrl\":\"https:\\\/\\\/www.eldiario.net\\\/portal\\\/wp-content\\\/uploads\\\/2023\\\/12\\\/Editorial.jpg\",\"articleSection\":[\"Editorial\"],\"inLanguage\":\"es\"},{\"@type\":\"WebPage\",\"@id\":\"https:\\\/\\\/www.eldiario.net\\\/portal\\\/2025\\\/10\\\/17\\\/basta-de-elefantes-blancos\\\/\",\"url\":\"https:\\\/\\\/www.eldiario.net\\\/portal\\\/2025\\\/10\\\/17\\\/basta-de-elefantes-blancos\\\/\",\"name\":\"\u00a1Basta de elefantes blancos! - El Diario - Bolivia\",\"isPartOf\":{\"@id\":\"https:\\\/\\\/www.eldiario.net\\\/portal\\\/#website\"},\"primaryImageOfPage\":{\"@id\":\"https:\\\/\\\/www.eldiario.net\\\/portal\\\/2025\\\/10\\\/17\\\/basta-de-elefantes-blancos\\\/#primaryimage\"},\"image\":{\"@id\":\"https:\\\/\\\/www.eldiario.net\\\/portal\\\/2025\\\/10\\\/17\\\/basta-de-elefantes-blancos\\\/#primaryimage\"},\"thumbnailUrl\":\"https:\\\/\\\/www.eldiario.net\\\/portal\\\/wp-content\\\/uploads\\\/2023\\\/12\\\/Editorial.jpg\",\"datePublished\":\"2025-10-17T09:59:38+00:00\",\"breadcrumb\":{\"@id\":\"https:\\\/\\\/www.eldiario.net\\\/portal\\\/2025\\\/10\\\/17\\\/basta-de-elefantes-blancos\\\/#breadcrumb\"},\"inLanguage\":\"es\",\"potentialAction\":[{\"@type\":\"ReadAction\",\"target\":[\"https:\\\/\\\/www.eldiario.net\\\/portal\\\/2025\\\/10\\\/17\\\/basta-de-elefantes-blancos\\\/\"]}]},{\"@type\":\"ImageObject\",\"inLanguage\":\"es\",\"@id\":\"https:\\\/\\\/www.eldiario.net\\\/portal\\\/2025\\\/10\\\/17\\\/basta-de-elefantes-blancos\\\/#primaryimage\",\"url\":\"https:\\\/\\\/www.eldiario.net\\\/portal\\\/wp-content\\\/uploads\\\/2023\\\/12\\\/Editorial.jpg\",\"contentUrl\":\"https:\\\/\\\/www.eldiario.net\\\/portal\\\/wp-content\\\/uploads\\\/2023\\\/12\\\/Editorial.jpg\",\"width\":800,\"height\":500},{\"@type\":\"BreadcrumbList\",\"@id\":\"https:\\\/\\\/www.eldiario.net\\\/portal\\\/2025\\\/10\\\/17\\\/basta-de-elefantes-blancos\\\/#breadcrumb\",\"itemListElement\":[{\"@type\":\"ListItem\",\"position\":1,\"name\":\"Portada\",\"item\":\"https:\\\/\\\/www.eldiario.net\\\/portal\\\/\"},{\"@type\":\"ListItem\",\"position\":2,\"name\":\"\u00a1Basta de elefantes blancos!\"}]},{\"@type\":\"WebSite\",\"@id\":\"https:\\\/\\\/www.eldiario.net\\\/portal\\\/#website\",\"url\":\"https:\\\/\\\/www.eldiario.net\\\/portal\\\/\",\"name\":\"El Diario - Decano de la prensa nacional\",\"description\":\"El Diario - Decano de la prensa nacional\",\"publisher\":{\"@id\":\"https:\\\/\\\/www.eldiario.net\\\/portal\\\/#organization\"},\"potentialAction\":[{\"@type\":\"SearchAction\",\"target\":{\"@type\":\"EntryPoint\",\"urlTemplate\":\"https:\\\/\\\/www.eldiario.net\\\/portal\\\/?s={search_term_string}\"},\"query-input\":{\"@type\":\"PropertyValueSpecification\",\"valueRequired\":true,\"valueName\":\"search_term_string\"}}],\"inLanguage\":\"es\"},{\"@type\":\"Organization\",\"@id\":\"https:\\\/\\\/www.eldiario.net\\\/portal\\\/#organization\",\"name\":\"El Diario - Decano de la prensa nacional\",\"url\":\"https:\\\/\\\/www.eldiario.net\\\/portal\\\/\",\"logo\":{\"@type\":\"ImageObject\",\"inLanguage\":\"es\",\"@id\":\"https:\\\/\\\/www.eldiario.net\\\/portal\\\/#\\\/schema\\\/logo\\\/image\\\/\",\"url\":\"https:\\\/\\\/www.eldiario.net\\\/portal\\\/wp-content\\\/uploads\\\/2023\\\/07\\\/logo_ED.jpg\",\"contentUrl\":\"https:\\\/\\\/www.eldiario.net\\\/portal\\\/wp-content\\\/uploads\\\/2023\\\/07\\\/logo_ED.jpg\",\"width\":272,\"height\":52,\"caption\":\"El Diario - Decano de la prensa nacional\"},\"image\":{\"@id\":\"https:\\\/\\\/www.eldiario.net\\\/portal\\\/#\\\/schema\\\/logo\\\/image\\\/\"},\"sameAs\":[\"https:\\\/\\\/www.facebook.com\\\/eldiario.bolivia\\\/\",\"https:\\\/\\\/x.com\\\/eldiario_net\"]},{\"@type\":\"Person\",\"@id\":\"https:\\\/\\\/www.eldiario.net\\\/portal\\\/#\\\/schema\\\/person\\\/2c57cf2b7a7ae032e449e4c9b1019eac\",\"name\":\"Jeanette\",\"image\":{\"@type\":\"ImageObject\",\"inLanguage\":\"es\",\"@id\":\"https:\\\/\\\/secure.gravatar.com\\\/avatar\\\/3ea2118a5f7dad2b7138b1187a6b7ee55f160b9968b66013c3a3ef39dd7e5798?s=96&d=mm&r=g\",\"url\":\"https:\\\/\\\/secure.gravatar.com\\\/avatar\\\/3ea2118a5f7dad2b7138b1187a6b7ee55f160b9968b66013c3a3ef39dd7e5798?s=96&d=mm&r=g\",\"contentUrl\":\"https:\\\/\\\/secure.gravatar.com\\\/avatar\\\/3ea2118a5f7dad2b7138b1187a6b7ee55f160b9968b66013c3a3ef39dd7e5798?s=96&d=mm&r=g\",\"caption\":\"Jeanette\"},\"sameAs\":[\"https:\\\/\\\/www.eldiario.net\\\/portal\"],\"url\":\"https:\\\/\\\/www.eldiario.net\\\/portal\\\/author\\\/jeanette\\\/\"}]}<\/script>\n<!-- \/ Yoast SEO plugin. -->","yoast_head_json":{"title":"\u00a1Basta de elefantes blancos! - El Diario - Bolivia","robots":{"index":"index","follow":"follow","max-snippet":"max-snippet:-1","max-image-preview":"max-image-preview:large","max-video-preview":"max-video-preview:-1"},"canonical":"https:\/\/www.eldiario.net\/portal\/2025\/10\/17\/basta-de-elefantes-blancos\/","og_locale":"es_ES","og_type":"article","og_title":"\u00a1Basta de elefantes blancos! - El Diario - Bolivia","og_description":"Los proyectos \u201crevolucionarios\u201d y populistas, por el af\u00e1n de planificar la econom\u00eda, hacen del Estado un empresario, generan miles de empleos p\u00fablicos para quienes estuvieron en sus campa\u00f1as proselitistas; suelen agrandar el Estado creando instituciones, corporaciones y empresas y agrandan el entramado burocr\u00e1tico. Lo hizo entre 1952 y 1964 el MNR, lo hicieron algunos gobiernos [&hellip;]","og_url":"https:\/\/www.eldiario.net\/portal\/2025\/10\/17\/basta-de-elefantes-blancos\/","og_site_name":"El Diario - Bolivia","article_publisher":"https:\/\/www.facebook.com\/eldiario.bolivia\/","article_published_time":"2025-10-17T09:59:38+00:00","og_image":[{"width":800,"height":500,"url":"https:\/\/www.eldiario.net\/portal\/wp-content\/uploads\/2023\/12\/Editorial.jpg","type":"image\/jpeg"}],"author":"Jeanette","twitter_card":"summary_large_image","twitter_creator":"@eldiario_net","twitter_site":"@eldiario_net","twitter_misc":{"Escrito por":"Jeanette","Tiempo de lectura":"3 minutos"},"schema":{"@context":"https:\/\/schema.org","@graph":[{"@type":"Article","@id":"https:\/\/www.eldiario.net\/portal\/2025\/10\/17\/basta-de-elefantes-blancos\/#article","isPartOf":{"@id":"https:\/\/www.eldiario.net\/portal\/2025\/10\/17\/basta-de-elefantes-blancos\/"},"author":{"name":"Jeanette","@id":"https:\/\/www.eldiario.net\/portal\/#\/schema\/person\/2c57cf2b7a7ae032e449e4c9b1019eac"},"headline":"\u00a1Basta de elefantes blancos!","datePublished":"2025-10-17T09:59:38+00:00","mainEntityOfPage":{"@id":"https:\/\/www.eldiario.net\/portal\/2025\/10\/17\/basta-de-elefantes-blancos\/"},"wordCount":526,"publisher":{"@id":"https:\/\/www.eldiario.net\/portal\/#organization"},"image":{"@id":"https:\/\/www.eldiario.net\/portal\/2025\/10\/17\/basta-de-elefantes-blancos\/#primaryimage"},"thumbnailUrl":"https:\/\/www.eldiario.net\/portal\/wp-content\/uploads\/2023\/12\/Editorial.jpg","articleSection":["Editorial"],"inLanguage":"es"},{"@type":"WebPage","@id":"https:\/\/www.eldiario.net\/portal\/2025\/10\/17\/basta-de-elefantes-blancos\/","url":"https:\/\/www.eldiario.net\/portal\/2025\/10\/17\/basta-de-elefantes-blancos\/","name":"\u00a1Basta de elefantes blancos! - El Diario - Bolivia","isPartOf":{"@id":"https:\/\/www.eldiario.net\/portal\/#website"},"primaryImageOfPage":{"@id":"https:\/\/www.eldiario.net\/portal\/2025\/10\/17\/basta-de-elefantes-blancos\/#primaryimage"},"image":{"@id":"https:\/\/www.eldiario.net\/portal\/2025\/10\/17\/basta-de-elefantes-blancos\/#primaryimage"},"thumbnailUrl":"https:\/\/www.eldiario.net\/portal\/wp-content\/uploads\/2023\/12\/Editorial.jpg","datePublished":"2025-10-17T09:59:38+00:00","breadcrumb":{"@id":"https:\/\/www.eldiario.net\/portal\/2025\/10\/17\/basta-de-elefantes-blancos\/#breadcrumb"},"inLanguage":"es","potentialAction":[{"@type":"ReadAction","target":["https:\/\/www.eldiario.net\/portal\/2025\/10\/17\/basta-de-elefantes-blancos\/"]}]},{"@type":"ImageObject","inLanguage":"es","@id":"https:\/\/www.eldiario.net\/portal\/2025\/10\/17\/basta-de-elefantes-blancos\/#primaryimage","url":"https:\/\/www.eldiario.net\/portal\/wp-content\/uploads\/2023\/12\/Editorial.jpg","contentUrl":"https:\/\/www.eldiario.net\/portal\/wp-content\/uploads\/2023\/12\/Editorial.jpg","width":800,"height":500},{"@type":"BreadcrumbList","@id":"https:\/\/www.eldiario.net\/portal\/2025\/10\/17\/basta-de-elefantes-blancos\/#breadcrumb","itemListElement":[{"@type":"ListItem","position":1,"name":"Portada","item":"https:\/\/www.eldiario.net\/portal\/"},{"@type":"ListItem","position":2,"name":"\u00a1Basta de elefantes blancos!"}]},{"@type":"WebSite","@id":"https:\/\/www.eldiario.net\/portal\/#website","url":"https:\/\/www.eldiario.net\/portal\/","name":"El Diario - Decano de la prensa nacional","description":"El Diario - Decano de la prensa nacional","publisher":{"@id":"https:\/\/www.eldiario.net\/portal\/#organization"},"potentialAction":[{"@type":"SearchAction","target":{"@type":"EntryPoint","urlTemplate":"https:\/\/www.eldiario.net\/portal\/?s={search_term_string}"},"query-input":{"@type":"PropertyValueSpecification","valueRequired":true,"valueName":"search_term_string"}}],"inLanguage":"es"},{"@type":"Organization","@id":"https:\/\/www.eldiario.net\/portal\/#organization","name":"El Diario - Decano de la prensa nacional","url":"https:\/\/www.eldiario.net\/portal\/","logo":{"@type":"ImageObject","inLanguage":"es","@id":"https:\/\/www.eldiario.net\/portal\/#\/schema\/logo\/image\/","url":"https:\/\/www.eldiario.net\/portal\/wp-content\/uploads\/2023\/07\/logo_ED.jpg","contentUrl":"https:\/\/www.eldiario.net\/portal\/wp-content\/uploads\/2023\/07\/logo_ED.jpg","width":272,"height":52,"caption":"El Diario - Decano de la prensa nacional"},"image":{"@id":"https:\/\/www.eldiario.net\/portal\/#\/schema\/logo\/image\/"},"sameAs":["https:\/\/www.facebook.com\/eldiario.bolivia\/","https:\/\/x.com\/eldiario_net"]},{"@type":"Person","@id":"https:\/\/www.eldiario.net\/portal\/#\/schema\/person\/2c57cf2b7a7ae032e449e4c9b1019eac","name":"Jeanette","image":{"@type":"ImageObject","inLanguage":"es","@id":"https:\/\/secure.gravatar.com\/avatar\/3ea2118a5f7dad2b7138b1187a6b7ee55f160b9968b66013c3a3ef39dd7e5798?s=96&d=mm&r=g","url":"https:\/\/secure.gravatar.com\/avatar\/3ea2118a5f7dad2b7138b1187a6b7ee55f160b9968b66013c3a3ef39dd7e5798?s=96&d=mm&r=g","contentUrl":"https:\/\/secure.gravatar.com\/avatar\/3ea2118a5f7dad2b7138b1187a6b7ee55f160b9968b66013c3a3ef39dd7e5798?s=96&d=mm&r=g","caption":"Jeanette"},"sameAs":["https:\/\/www.eldiario.net\/portal"],"url":"https:\/\/www.eldiario.net\/portal\/author\/jeanette\/"}]}},"_links":{"self":[{"href":"https:\/\/www.eldiario.net\/portal\/wp-json\/wp\/v2\/posts\/338850","targetHints":{"allow":["GET"]}}],"collection":[{"href":"https:\/\/www.eldiario.net\/portal\/wp-json\/wp\/v2\/posts"}],"about":[{"href":"https:\/\/www.eldiario.net\/portal\/wp-json\/wp\/v2\/types\/post"}],"author":[{"embeddable":true,"href":"https:\/\/www.eldiario.net\/portal\/wp-json\/wp\/v2\/users\/1"}],"replies":[{"embeddable":true,"href":"https:\/\/www.eldiario.net\/portal\/wp-json\/wp\/v2\/comments?post=338850"}],"version-history":[{"count":1,"href":"https:\/\/www.eldiario.net\/portal\/wp-json\/wp\/v2\/posts\/338850\/revisions"}],"predecessor-version":[{"id":338851,"href":"https:\/\/www.eldiario.net\/portal\/wp-json\/wp\/v2\/posts\/338850\/revisions\/338851"}],"wp:featuredmedia":[{"embeddable":true,"href":"https:\/\/www.eldiario.net\/portal\/wp-json\/wp\/v2\/media\/194776"}],"wp:attachment":[{"href":"https:\/\/www.eldiario.net\/portal\/wp-json\/wp\/v2\/media?parent=338850"}],"wp:term":[{"taxonomy":"category","embeddable":true,"href":"https:\/\/www.eldiario.net\/portal\/wp-json\/wp\/v2\/categories?post=338850"},{"taxonomy":"post_tag","embeddable":true,"href":"https:\/\/www.eldiario.net\/portal\/wp-json\/wp\/v2\/tags?post=338850"}],"curies":[{"name":"wp","href":"https:\/\/api.w.org\/{rel}","templated":true}]}}