{"id":338847,"date":"2025-10-17T05:58:18","date_gmt":"2025-10-17T09:58:18","guid":{"rendered":"https:\/\/www.eldiario.net\/portal\/?p=338847"},"modified":"2025-10-17T05:58:18","modified_gmt":"2025-10-17T09:58:18","slug":"geronimo-sims-sorprende-con-su-nuevo-lanzamiento-baii","status":"publish","type":"post","link":"https:\/\/www.eldiario.net\/portal\/2025\/10\/17\/geronimo-sims-sorprende-con-su-nuevo-lanzamiento-baii\/","title":{"rendered":"Ger\u00f3nimo Sims sorprende con su nuevo lanzamiento \u201cBaii\u201d"},"content":{"rendered":"<p>El cantante Ger\u00f3nimo Sims estrena \u201cBaii\u201d el nuevo sencillo de la actual figura de origen boliviano y que tuvo un reciente paso por la competencia en el \u00faltimo Festival de Vi\u00f1a del Mar, defendiendo la canci\u00f3n \u201cSeptiembre\u201d.<br \/>\nEn este caso Ger\u00f3nimo regresa a los estrenos de la mano de Sony Music, disquera con la cual ha iniciado un intenso trabajo de promoci\u00f3n y visibilizaci\u00f3n de su m\u00fasica con la cual espera conquistar miles de oyentes alrededor del mundo.<br \/>\n\u201cBaii\u201d es un juego con la palabra \u201cbye\u201d que quiere decir adi\u00f3s y hace referencia a despedirse tras un per\u00edodo de vacaciones. \u201cEsta canci\u00f3n trata de la nostalgia que se siente cuando un viaje est\u00e1 por terminar, \u2018Baii\u2019 habla de esa sensaci\u00f3n de no querer irse, pero a la vez no poder quedarse. Creo que son pocas las canciones que tocan este tema directamente\u201d, se\u00f1ala Ger\u00f3nimo Sims y agrega que la producci\u00f3n de este single fue sencillamente de ensue\u00f1o.<br \/>\n\u201cFue en un campo en Los \u00c1ngeles con un grupo de grandes compositores de diferentes pa\u00edses, Ali Stone de Colombia, Bella Rabbit de M\u00e9xico, Josefina Arenas de Argentina, Alil de Puerto Rico, Sonnemm de Per\u00fa, Turra Medina de Chile en la producci\u00f3n, y por supuesto yo de Bolivia, tuvimos el honor de escribir \u201cBaii\u201d en un estudio en el que Michael Jackson grab\u00f3 en la d\u00e9cada de 1980, una experiencia realmente \u00fanica y maravillosa\u201d, asevera el artista.<br \/>\nEn el mes de marzo, Ger\u00f3nimo estren\u00f3 \u201cSu\u00e9ltame\u201d y en julio el artista sorprendi\u00f3 con el lanzamiento de \u201cTercero\u201d, canci\u00f3n que ya ha logrado meterse entre los favoritos del p\u00fablico del cantante tarije\u00f1o. Las canciones ya cuentan con miles de visualizaciones en las plataformas y pavimentaron el camino de este nuevo trabajo que tambi\u00e9n da a conocer en Chile.<br \/>\n\u201cBaii\u201d es lo nuevo de Ger\u00f3nimo Sims, que ya est\u00e1 disponible en plataformas y en el canal oficial del artista en YouTube.<br \/>\nSOBRE GER\u00d3NIMO SIMS<br \/>\nA los 15 a\u00f1os dej\u00f3 su hogar en Tarija en busca del sue\u00f1o de ser cantante. Actualmente, tiene 19 a\u00f1os. Se trata del \u00fanico artista boliviano firmado en Sony Music, el sello discogr\u00e1fico m\u00e1s importante del Mundo.<br \/>\nEn 2023 comparti\u00f3 escenario con Manuel Turizo (febrero), Carlos Baute (abril) y Mar\u00eda Becerra (sept). Hace unos meses estuvo en Los \u00c1ngeles \u2013 Estados Unidos componiendo nuevas canciones, junto a productores y compositores ganadores de Grammys, la primera canci\u00f3n de este nuevo giro en su estilo \u201cSeptiembre\u201d ha sido nominada a competir en Vi\u00f1a del Mar.<\/p>\n","protected":false},"excerpt":{"rendered":"<p>El cantante Ger\u00f3nimo Sims estrena \u201cBaii\u201d el nuevo sencillo de la actual figura de origen boliviano y que tuvo un reciente paso por la competencia en el \u00faltimo Festival de Vi\u00f1a del Mar, defendiendo la canci\u00f3n \u201cSeptiembre\u201d. En este caso Ger\u00f3nimo regresa a los estrenos de la mano de Sony Music, disquera con la cual [&hellip;]<\/p>\n","protected":false},"author":1,"featured_media":338848,"comment_status":"closed","ping_status":"open","sticky":false,"template":"","format":"standard","meta":{"_acf_changed":false,"footnotes":""},"categories":[8],"tags":[],"class_list":["post-338847","post","type-post","status-publish","format-standard","has-post-thumbnail","category-cultural"],"acf":{"antetitulo":"Estreno"},"yoast_head":"<!-- This site is optimized with the Yoast SEO plugin v28.4 - https:\/\/yoast.com\/product\/yoast-seo-wordpress\/ -->\n<title>Ger\u00f3nimo Sims sorprende con su nuevo lanzamiento \u201cBaii\u201d - El Diario - Bolivia<\/title>\n<meta name=\"robots\" content=\"index, follow, max-snippet:-1, max-image-preview:large, max-video-preview:-1\" \/>\n<link rel=\"canonical\" href=\"https:\/\/www.eldiario.net\/portal\/2025\/10\/17\/geronimo-sims-sorprende-con-su-nuevo-lanzamiento-baii\/\" \/>\n<meta property=\"og:locale\" content=\"es_ES\" \/>\n<meta property=\"og:type\" content=\"article\" \/>\n<meta property=\"og:title\" content=\"Ger\u00f3nimo Sims sorprende con su nuevo lanzamiento \u201cBaii\u201d - El Diario - Bolivia\" \/>\n<meta property=\"og:description\" content=\"El cantante Ger\u00f3nimo Sims estrena \u201cBaii\u201d el nuevo sencillo de la actual figura de origen boliviano y que tuvo un reciente paso por la competencia en el \u00faltimo Festival de Vi\u00f1a del Mar, defendiendo la canci\u00f3n \u201cSeptiembre\u201d. En este caso Ger\u00f3nimo regresa a los estrenos de la mano de Sony Music, disquera con la cual [&hellip;]\" \/>\n<meta property=\"og:url\" content=\"https:\/\/www.eldiario.net\/portal\/2025\/10\/17\/geronimo-sims-sorprende-con-su-nuevo-lanzamiento-baii\/\" \/>\n<meta property=\"og:site_name\" content=\"El Diario - Bolivia\" \/>\n<meta property=\"article:publisher\" content=\"https:\/\/www.facebook.com\/eldiario.bolivia\/\" \/>\n<meta property=\"article:published_time\" content=\"2025-10-17T09:58:18+00:00\" \/>\n<meta property=\"og:image\" content=\"https:\/\/www.eldiario.net\/portal\/wp-content\/uploads\/2025\/10\/GERO.webp\" \/>\n\t<meta property=\"og:image:width\" content=\"599\" \/>\n\t<meta property=\"og:image:height\" content=\"599\" \/>\n\t<meta property=\"og:image:type\" content=\"image\/webp\" \/>\n<meta name=\"author\" content=\"Jeanette\" \/>\n<meta name=\"twitter:card\" content=\"summary_large_image\" \/>\n<meta name=\"twitter:creator\" content=\"@eldiario_net\" \/>\n<meta name=\"twitter:site\" content=\"@eldiario_net\" \/>\n<meta name=\"twitter:label1\" content=\"Escrito por\" \/>\n\t<meta name=\"twitter:data1\" content=\"Jeanette\" \/>\n\t<meta name=\"twitter:label2\" content=\"Tiempo de lectura\" \/>\n\t<meta name=\"twitter:data2\" content=\"3 minutos\" \/>\n<script type=\"application\/ld+json\" class=\"yoast-schema-graph\">{\"@context\":\"https:\\\/\\\/schema.org\",\"@graph\":[{\"@type\":\"Article\",\"@id\":\"https:\\\/\\\/www.eldiario.net\\\/portal\\\/2025\\\/10\\\/17\\\/geronimo-sims-sorprende-con-su-nuevo-lanzamiento-baii\\\/#article\",\"isPartOf\":{\"@id\":\"https:\\\/\\\/www.eldiario.net\\\/portal\\\/2025\\\/10\\\/17\\\/geronimo-sims-sorprende-con-su-nuevo-lanzamiento-baii\\\/\"},\"author\":{\"name\":\"Jeanette\",\"@id\":\"https:\\\/\\\/www.eldiario.net\\\/portal\\\/#\\\/schema\\\/person\\\/2c57cf2b7a7ae032e449e4c9b1019eac\"},\"headline\":\"Ger\u00f3nimo Sims sorprende con su nuevo lanzamiento \u201cBaii\u201d\",\"datePublished\":\"2025-10-17T09:58:18+00:00\",\"mainEntityOfPage\":{\"@id\":\"https:\\\/\\\/www.eldiario.net\\\/portal\\\/2025\\\/10\\\/17\\\/geronimo-sims-sorprende-con-su-nuevo-lanzamiento-baii\\\/\"},\"wordCount\":450,\"publisher\":{\"@id\":\"https:\\\/\\\/www.eldiario.net\\\/portal\\\/#organization\"},\"image\":{\"@id\":\"https:\\\/\\\/www.eldiario.net\\\/portal\\\/2025\\\/10\\\/17\\\/geronimo-sims-sorprende-con-su-nuevo-lanzamiento-baii\\\/#primaryimage\"},\"thumbnailUrl\":\"https:\\\/\\\/www.eldiario.net\\\/portal\\\/wp-content\\\/uploads\\\/2025\\\/10\\\/GERO.webp\",\"articleSection\":[\"Cultural\"],\"inLanguage\":\"es\"},{\"@type\":\"WebPage\",\"@id\":\"https:\\\/\\\/www.eldiario.net\\\/portal\\\/2025\\\/10\\\/17\\\/geronimo-sims-sorprende-con-su-nuevo-lanzamiento-baii\\\/\",\"url\":\"https:\\\/\\\/www.eldiario.net\\\/portal\\\/2025\\\/10\\\/17\\\/geronimo-sims-sorprende-con-su-nuevo-lanzamiento-baii\\\/\",\"name\":\"Ger\u00f3nimo Sims sorprende con su nuevo lanzamiento \u201cBaii\u201d - El Diario - Bolivia\",\"isPartOf\":{\"@id\":\"https:\\\/\\\/www.eldiario.net\\\/portal\\\/#website\"},\"primaryImageOfPage\":{\"@id\":\"https:\\\/\\\/www.eldiario.net\\\/portal\\\/2025\\\/10\\\/17\\\/geronimo-sims-sorprende-con-su-nuevo-lanzamiento-baii\\\/#primaryimage\"},\"image\":{\"@id\":\"https:\\\/\\\/www.eldiario.net\\\/portal\\\/2025\\\/10\\\/17\\\/geronimo-sims-sorprende-con-su-nuevo-lanzamiento-baii\\\/#primaryimage\"},\"thumbnailUrl\":\"https:\\\/\\\/www.eldiario.net\\\/portal\\\/wp-content\\\/uploads\\\/2025\\\/10\\\/GERO.webp\",\"datePublished\":\"2025-10-17T09:58:18+00:00\",\"breadcrumb\":{\"@id\":\"https:\\\/\\\/www.eldiario.net\\\/portal\\\/2025\\\/10\\\/17\\\/geronimo-sims-sorprende-con-su-nuevo-lanzamiento-baii\\\/#breadcrumb\"},\"inLanguage\":\"es\",\"potentialAction\":[{\"@type\":\"ReadAction\",\"target\":[\"https:\\\/\\\/www.eldiario.net\\\/portal\\\/2025\\\/10\\\/17\\\/geronimo-sims-sorprende-con-su-nuevo-lanzamiento-baii\\\/\"]}]},{\"@type\":\"ImageObject\",\"inLanguage\":\"es\",\"@id\":\"https:\\\/\\\/www.eldiario.net\\\/portal\\\/2025\\\/10\\\/17\\\/geronimo-sims-sorprende-con-su-nuevo-lanzamiento-baii\\\/#primaryimage\",\"url\":\"https:\\\/\\\/www.eldiario.net\\\/portal\\\/wp-content\\\/uploads\\\/2025\\\/10\\\/GERO.webp\",\"contentUrl\":\"https:\\\/\\\/www.eldiario.net\\\/portal\\\/wp-content\\\/uploads\\\/2025\\\/10\\\/GERO.webp\",\"width\":599,\"height\":599,\"caption\":\"EL INT\u00c9RPRETE BOLIVIANO GER\u00d3NIMO SIMS.\"},{\"@type\":\"BreadcrumbList\",\"@id\":\"https:\\\/\\\/www.eldiario.net\\\/portal\\\/2025\\\/10\\\/17\\\/geronimo-sims-sorprende-con-su-nuevo-lanzamiento-baii\\\/#breadcrumb\",\"itemListElement\":[{\"@type\":\"ListItem\",\"position\":1,\"name\":\"Portada\",\"item\":\"https:\\\/\\\/www.eldiario.net\\\/portal\\\/\"},{\"@type\":\"ListItem\",\"position\":2,\"name\":\"Ger\u00f3nimo Sims sorprende con su nuevo lanzamiento \u201cBaii\u201d\"}]},{\"@type\":\"WebSite\",\"@id\":\"https:\\\/\\\/www.eldiario.net\\\/portal\\\/#website\",\"url\":\"https:\\\/\\\/www.eldiario.net\\\/portal\\\/\",\"name\":\"El Diario - Decano de la prensa nacional\",\"description\":\"El Diario - Decano de la prensa nacional\",\"publisher\":{\"@id\":\"https:\\\/\\\/www.eldiario.net\\\/portal\\\/#organization\"},\"potentialAction\":[{\"@type\":\"SearchAction\",\"target\":{\"@type\":\"EntryPoint\",\"urlTemplate\":\"https:\\\/\\\/www.eldiario.net\\\/portal\\\/?s={search_term_string}\"},\"query-input\":{\"@type\":\"PropertyValueSpecification\",\"valueRequired\":true,\"valueName\":\"search_term_string\"}}],\"inLanguage\":\"es\"},{\"@type\":\"Organization\",\"@id\":\"https:\\\/\\\/www.eldiario.net\\\/portal\\\/#organization\",\"name\":\"El Diario - Decano de la prensa nacional\",\"url\":\"https:\\\/\\\/www.eldiario.net\\\/portal\\\/\",\"logo\":{\"@type\":\"ImageObject\",\"inLanguage\":\"es\",\"@id\":\"https:\\\/\\\/www.eldiario.net\\\/portal\\\/#\\\/schema\\\/logo\\\/image\\\/\",\"url\":\"https:\\\/\\\/www.eldiario.net\\\/portal\\\/wp-content\\\/uploads\\\/2023\\\/07\\\/logo_ED.jpg\",\"contentUrl\":\"https:\\\/\\\/www.eldiario.net\\\/portal\\\/wp-content\\\/uploads\\\/2023\\\/07\\\/logo_ED.jpg\",\"width\":272,\"height\":52,\"caption\":\"El Diario - Decano de la prensa nacional\"},\"image\":{\"@id\":\"https:\\\/\\\/www.eldiario.net\\\/portal\\\/#\\\/schema\\\/logo\\\/image\\\/\"},\"sameAs\":[\"https:\\\/\\\/www.facebook.com\\\/eldiario.bolivia\\\/\",\"https:\\\/\\\/x.com\\\/eldiario_net\"]},{\"@type\":\"Person\",\"@id\":\"https:\\\/\\\/www.eldiario.net\\\/portal\\\/#\\\/schema\\\/person\\\/2c57cf2b7a7ae032e449e4c9b1019eac\",\"name\":\"Jeanette\",\"image\":{\"@type\":\"ImageObject\",\"inLanguage\":\"es\",\"@id\":\"https:\\\/\\\/secure.gravatar.com\\\/avatar\\\/3ea2118a5f7dad2b7138b1187a6b7ee55f160b9968b66013c3a3ef39dd7e5798?s=96&d=mm&r=g\",\"url\":\"https:\\\/\\\/secure.gravatar.com\\\/avatar\\\/3ea2118a5f7dad2b7138b1187a6b7ee55f160b9968b66013c3a3ef39dd7e5798?s=96&d=mm&r=g\",\"contentUrl\":\"https:\\\/\\\/secure.gravatar.com\\\/avatar\\\/3ea2118a5f7dad2b7138b1187a6b7ee55f160b9968b66013c3a3ef39dd7e5798?s=96&d=mm&r=g\",\"caption\":\"Jeanette\"},\"sameAs\":[\"https:\\\/\\\/www.eldiario.net\\\/portal\"],\"url\":\"https:\\\/\\\/www.eldiario.net\\\/portal\\\/author\\\/jeanette\\\/\"}]}<\/script>\n<!-- \/ Yoast SEO plugin. -->","yoast_head_json":{"title":"Ger\u00f3nimo Sims sorprende con su nuevo lanzamiento \u201cBaii\u201d - El Diario - Bolivia","robots":{"index":"index","follow":"follow","max-snippet":"max-snippet:-1","max-image-preview":"max-image-preview:large","max-video-preview":"max-video-preview:-1"},"canonical":"https:\/\/www.eldiario.net\/portal\/2025\/10\/17\/geronimo-sims-sorprende-con-su-nuevo-lanzamiento-baii\/","og_locale":"es_ES","og_type":"article","og_title":"Ger\u00f3nimo Sims sorprende con su nuevo lanzamiento \u201cBaii\u201d - El Diario - Bolivia","og_description":"El cantante Ger\u00f3nimo Sims estrena \u201cBaii\u201d el nuevo sencillo de la actual figura de origen boliviano y que tuvo un reciente paso por la competencia en el \u00faltimo Festival de Vi\u00f1a del Mar, defendiendo la canci\u00f3n \u201cSeptiembre\u201d. En este caso Ger\u00f3nimo regresa a los estrenos de la mano de Sony Music, disquera con la cual [&hellip;]","og_url":"https:\/\/www.eldiario.net\/portal\/2025\/10\/17\/geronimo-sims-sorprende-con-su-nuevo-lanzamiento-baii\/","og_site_name":"El Diario - Bolivia","article_publisher":"https:\/\/www.facebook.com\/eldiario.bolivia\/","article_published_time":"2025-10-17T09:58:18+00:00","og_image":[{"width":599,"height":599,"url":"https:\/\/www.eldiario.net\/portal\/wp-content\/uploads\/2025\/10\/GERO.webp","type":"image\/webp"}],"author":"Jeanette","twitter_card":"summary_large_image","twitter_creator":"@eldiario_net","twitter_site":"@eldiario_net","twitter_misc":{"Escrito por":"Jeanette","Tiempo de lectura":"3 minutos"},"schema":{"@context":"https:\/\/schema.org","@graph":[{"@type":"Article","@id":"https:\/\/www.eldiario.net\/portal\/2025\/10\/17\/geronimo-sims-sorprende-con-su-nuevo-lanzamiento-baii\/#article","isPartOf":{"@id":"https:\/\/www.eldiario.net\/portal\/2025\/10\/17\/geronimo-sims-sorprende-con-su-nuevo-lanzamiento-baii\/"},"author":{"name":"Jeanette","@id":"https:\/\/www.eldiario.net\/portal\/#\/schema\/person\/2c57cf2b7a7ae032e449e4c9b1019eac"},"headline":"Ger\u00f3nimo Sims sorprende con su nuevo lanzamiento \u201cBaii\u201d","datePublished":"2025-10-17T09:58:18+00:00","mainEntityOfPage":{"@id":"https:\/\/www.eldiario.net\/portal\/2025\/10\/17\/geronimo-sims-sorprende-con-su-nuevo-lanzamiento-baii\/"},"wordCount":450,"publisher":{"@id":"https:\/\/www.eldiario.net\/portal\/#organization"},"image":{"@id":"https:\/\/www.eldiario.net\/portal\/2025\/10\/17\/geronimo-sims-sorprende-con-su-nuevo-lanzamiento-baii\/#primaryimage"},"thumbnailUrl":"https:\/\/www.eldiario.net\/portal\/wp-content\/uploads\/2025\/10\/GERO.webp","articleSection":["Cultural"],"inLanguage":"es"},{"@type":"WebPage","@id":"https:\/\/www.eldiario.net\/portal\/2025\/10\/17\/geronimo-sims-sorprende-con-su-nuevo-lanzamiento-baii\/","url":"https:\/\/www.eldiario.net\/portal\/2025\/10\/17\/geronimo-sims-sorprende-con-su-nuevo-lanzamiento-baii\/","name":"Ger\u00f3nimo Sims sorprende con su nuevo lanzamiento \u201cBaii\u201d - El Diario - Bolivia","isPartOf":{"@id":"https:\/\/www.eldiario.net\/portal\/#website"},"primaryImageOfPage":{"@id":"https:\/\/www.eldiario.net\/portal\/2025\/10\/17\/geronimo-sims-sorprende-con-su-nuevo-lanzamiento-baii\/#primaryimage"},"image":{"@id":"https:\/\/www.eldiario.net\/portal\/2025\/10\/17\/geronimo-sims-sorprende-con-su-nuevo-lanzamiento-baii\/#primaryimage"},"thumbnailUrl":"https:\/\/www.eldiario.net\/portal\/wp-content\/uploads\/2025\/10\/GERO.webp","datePublished":"2025-10-17T09:58:18+00:00","breadcrumb":{"@id":"https:\/\/www.eldiario.net\/portal\/2025\/10\/17\/geronimo-sims-sorprende-con-su-nuevo-lanzamiento-baii\/#breadcrumb"},"inLanguage":"es","potentialAction":[{"@type":"ReadAction","target":["https:\/\/www.eldiario.net\/portal\/2025\/10\/17\/geronimo-sims-sorprende-con-su-nuevo-lanzamiento-baii\/"]}]},{"@type":"ImageObject","inLanguage":"es","@id":"https:\/\/www.eldiario.net\/portal\/2025\/10\/17\/geronimo-sims-sorprende-con-su-nuevo-lanzamiento-baii\/#primaryimage","url":"https:\/\/www.eldiario.net\/portal\/wp-content\/uploads\/2025\/10\/GERO.webp","contentUrl":"https:\/\/www.eldiario.net\/portal\/wp-content\/uploads\/2025\/10\/GERO.webp","width":599,"height":599,"caption":"EL INT\u00c9RPRETE BOLIVIANO GER\u00d3NIMO SIMS."},{"@type":"BreadcrumbList","@id":"https:\/\/www.eldiario.net\/portal\/2025\/10\/17\/geronimo-sims-sorprende-con-su-nuevo-lanzamiento-baii\/#breadcrumb","itemListElement":[{"@type":"ListItem","position":1,"name":"Portada","item":"https:\/\/www.eldiario.net\/portal\/"},{"@type":"ListItem","position":2,"name":"Ger\u00f3nimo Sims sorprende con su nuevo lanzamiento \u201cBaii\u201d"}]},{"@type":"WebSite","@id":"https:\/\/www.eldiario.net\/portal\/#website","url":"https:\/\/www.eldiario.net\/portal\/","name":"El Diario - Decano de la prensa nacional","description":"El Diario - Decano de la prensa nacional","publisher":{"@id":"https:\/\/www.eldiario.net\/portal\/#organization"},"potentialAction":[{"@type":"SearchAction","target":{"@type":"EntryPoint","urlTemplate":"https:\/\/www.eldiario.net\/portal\/?s={search_term_string}"},"query-input":{"@type":"PropertyValueSpecification","valueRequired":true,"valueName":"search_term_string"}}],"inLanguage":"es"},{"@type":"Organization","@id":"https:\/\/www.eldiario.net\/portal\/#organization","name":"El Diario - Decano de la prensa nacional","url":"https:\/\/www.eldiario.net\/portal\/","logo":{"@type":"ImageObject","inLanguage":"es","@id":"https:\/\/www.eldiario.net\/portal\/#\/schema\/logo\/image\/","url":"https:\/\/www.eldiario.net\/portal\/wp-content\/uploads\/2023\/07\/logo_ED.jpg","contentUrl":"https:\/\/www.eldiario.net\/portal\/wp-content\/uploads\/2023\/07\/logo_ED.jpg","width":272,"height":52,"caption":"El Diario - Decano de la prensa nacional"},"image":{"@id":"https:\/\/www.eldiario.net\/portal\/#\/schema\/logo\/image\/"},"sameAs":["https:\/\/www.facebook.com\/eldiario.bolivia\/","https:\/\/x.com\/eldiario_net"]},{"@type":"Person","@id":"https:\/\/www.eldiario.net\/portal\/#\/schema\/person\/2c57cf2b7a7ae032e449e4c9b1019eac","name":"Jeanette","image":{"@type":"ImageObject","inLanguage":"es","@id":"https:\/\/secure.gravatar.com\/avatar\/3ea2118a5f7dad2b7138b1187a6b7ee55f160b9968b66013c3a3ef39dd7e5798?s=96&d=mm&r=g","url":"https:\/\/secure.gravatar.com\/avatar\/3ea2118a5f7dad2b7138b1187a6b7ee55f160b9968b66013c3a3ef39dd7e5798?s=96&d=mm&r=g","contentUrl":"https:\/\/secure.gravatar.com\/avatar\/3ea2118a5f7dad2b7138b1187a6b7ee55f160b9968b66013c3a3ef39dd7e5798?s=96&d=mm&r=g","caption":"Jeanette"},"sameAs":["https:\/\/www.eldiario.net\/portal"],"url":"https:\/\/www.eldiario.net\/portal\/author\/jeanette\/"}]}},"_links":{"self":[{"href":"https:\/\/www.eldiario.net\/portal\/wp-json\/wp\/v2\/posts\/338847","targetHints":{"allow":["GET"]}}],"collection":[{"href":"https:\/\/www.eldiario.net\/portal\/wp-json\/wp\/v2\/posts"}],"about":[{"href":"https:\/\/www.eldiario.net\/portal\/wp-json\/wp\/v2\/types\/post"}],"author":[{"embeddable":true,"href":"https:\/\/www.eldiario.net\/portal\/wp-json\/wp\/v2\/users\/1"}],"replies":[{"embeddable":true,"href":"https:\/\/www.eldiario.net\/portal\/wp-json\/wp\/v2\/comments?post=338847"}],"version-history":[{"count":1,"href":"https:\/\/www.eldiario.net\/portal\/wp-json\/wp\/v2\/posts\/338847\/revisions"}],"predecessor-version":[{"id":338849,"href":"https:\/\/www.eldiario.net\/portal\/wp-json\/wp\/v2\/posts\/338847\/revisions\/338849"}],"wp:featuredmedia":[{"embeddable":true,"href":"https:\/\/www.eldiario.net\/portal\/wp-json\/wp\/v2\/media\/338848"}],"wp:attachment":[{"href":"https:\/\/www.eldiario.net\/portal\/wp-json\/wp\/v2\/media?parent=338847"}],"wp:term":[{"taxonomy":"category","embeddable":true,"href":"https:\/\/www.eldiario.net\/portal\/wp-json\/wp\/v2\/categories?post=338847"},{"taxonomy":"post_tag","embeddable":true,"href":"https:\/\/www.eldiario.net\/portal\/wp-json\/wp\/v2\/tags?post=338847"}],"curies":[{"name":"wp","href":"https:\/\/api.w.org\/{rel}","templated":true}]}}