{"id":3383,"date":"2021-05-12T06:20:58","date_gmt":"2021-05-12T10:20:58","guid":{"rendered":"https:\/\/www.eldiario.net\/portal\/?p=3383"},"modified":"2021-05-12T06:20:58","modified_gmt":"2021-05-12T10:20:58","slug":"designacion-de-coca-como-presidente-del-tam-es-otra-afrenta-a-ffaa","status":"publish","type":"post","link":"https:\/\/www.eldiario.net\/portal\/2021\/05\/12\/designacion-de-coca-como-presidente-del-tam-es-otra-afrenta-a-ffaa\/","title":{"rendered":"Designaci\u00f3n de Coca como presidente  del TAM es otra afrenta a FFAA"},"content":{"rendered":"<p>La designaci\u00f3n del exgerente de la Empresa Nacional de Telecomunicaciones \u00d3scar Coca, como presidente del directorio de la Empresa P\u00fablica de Transporte A\u00e9reo Militar (TAM), fue calificada como una \u201cnueva afrenta contra las Fuerzas Armadas (FFAA)\u201d por el general en servicio pasivo del Ej\u00e9rcito, Tom\u00e1s Pe\u00f1a y Lillo.<br \/>\nMediante Resoluci\u00f3n Ministerial 0205\/21 del 22 de abril de este a\u00f1o, Edmundo Novillo, ministro de Defensa, resolvi\u00f3 designar a \u00d3scar Coca Antezana (hasta ayer coordinador del Despacho del Ministerio de Defensa) como presidente del TAM, seg\u00fan report\u00f3 El Deber.<br \/>\n\u201cCoca qued\u00f3 encargado del estricto cumplimiento de la resoluci\u00f3n, debiendo ejercer sus atribuciones conforme establece el Decreto Supremo 3025\u201d, se lee en parte de la nota de El Deber.<br \/>\nPe\u00f1a y Lillo apunt\u00f3 que al ser un cargo t\u00e9cnico, la presidencia del TAM debiera recaer en una persona que m\u00ednimamente conozca temas de seguridad y defensa adem\u00e1s de aeron\u00e1utica, como un coronel o general de la Fuerza A\u00e9rea Boliviana (FAB).<br \/>\n\u201cDesignan en el cargo a una persona que no solamente no tiene conocimiento en temas de seguridad y defensa, sino que tiene antecedentes de corrupci\u00f3n y haber causado da\u00f1o econ\u00f3mico al Estado. Estos hechos son un muy mal antecedente para las FFAA, es una nueva acci\u00f3n en contra de la instituci\u00f3n castrense\u201d, apunt\u00f3 Pe\u00f1a y Lillo en contacto con EL DIARIO.<br \/>\nEl general manifest\u00f3 que el perfil profesional para ocupar el cargo en el TAM debe ser un coronel o general que haya estado destinado en esa instituci\u00f3n y que tenga los conocimientos de seguridad y defensa, aeron\u00e1utica, adem\u00e1s que de conocer el transporte a\u00e9reo estrat\u00e9gico.<br \/>\nEl militar record\u00f3 que el TAM cumpl\u00eda el servicio de complemento a la l\u00ednea a\u00e9rea nacional. Al inicio se encargaba de transportar pasajeros y carga a lugares donde no llegaba la l\u00ednea a\u00e9rea nacional y que por diferentes factores no era una ruta comercial definida.<br \/>\nAdem\u00e1s \u2013dijo\u2013 se encargaba de presentar un estudio de transporte a\u00e9reo a todas las operaciones militares que lo requer\u00edan ya sea por operaciones de combate o de seguridad, tambi\u00e9n proporcionar apoyo a los lugares donde hab\u00edan ocurrido tragedias.<br \/>\nPosteriormente, debido a diferentes factores, fue transformada en entidad p\u00fablica porque constitu\u00eda una competencia para la l\u00ednea a\u00e9rea nacional porque transportaba pasajeros dentro de la red troncal y algunos lugares donde ya exist\u00eda el servicio.<\/p>\n<p>COCA<br \/>\nEl 19 de diciembre de 2019, el entonces ministro de Obras P\u00fablicas, Iv\u00e1n Arias, denunci\u00f3 la p\u00e9rdida de Bs 1.700 millones en la Empresa Nacional de Telecomunicaciones (Entel S. A.), durante la gesti\u00f3n del exgerente general de esta empresa estatal, \u00d3scar Coca.<br \/>\nEn la oportunidad, Arias dijo que Coca y el Movimiento al Socialismo utilizaron a Entel como su \u201ccaja chica\u201d para la adquisici\u00f3n de \u201clujos\u201d en Bolivia y en Per\u00fa.<br \/>\nArias, en esa oportunidad, denunci\u00f3 da\u00f1o econ\u00f3mico por parte de la estatal en la instalaci\u00f3n de \u201ctelecentros\u201d, de los cuales no funcionan el 65 %, adem\u00e1s de la compra de equipos valorados en Bs 12,5 millones, los cuales no exist\u00edan.<br \/>\nEn diciembre de 2019, el Ministerio P\u00fablico admiti\u00f3 una demanda contra Coca por el delito de uso indebido de influencias, entre otros tipos penales, da\u00f1o econ\u00f3mico al Estado por Bs 1.700 millones de bolivianos ocasionados a Entel.<br \/>\nTambi\u00e9n es preciso se\u00f1alar que luego de dejar su cargo en Entel, Coca fue Ministro de Obras P\u00fablicas en el gobierno del expresidente Evo Morales, hasta los primeros d\u00edas de noviembre de 2019.<br \/>\nAntes que el Ministerio P\u00fablico admitiera una demanda contra Coca en 2019, el empresario franc\u00e9s David Cabessa lo denunci\u00f3 en 2016 por anular una licitaci\u00f3n que su empresa hab\u00eda ganado para la provisi\u00f3n de m\u00f3dems a Entel, a fin de favorecer a una empresa china.<br \/>\nUn a\u00f1o m\u00e1s tarde, el exdirigente sindical de Entel, Franz Siles, culp\u00f3 a Coca de desatar persecuci\u00f3n y acoso laboral contra los representantes laborales, despu\u00e9s que se denunciara tr\u00e1fico de influencias y ganancias il\u00edcitas de funcionarios de la estatal de telecomunicaciones.<br \/>\nLa informaci\u00f3n de la Contralor\u00eda General del Estado indica que Coca present\u00f3 su declaraci\u00f3n jurada de bienes y rentas como servidor p\u00fablico el 23 de diciembre, reportando 10.914,60 bolivianos en bienes (activos), 462.265,21 en deudas (pasivos) y cero en rentas.<\/p>\n<p>VIDA LUJOSA EN EEUU<br \/>\nEn julio del a\u00f1o pasado, trabajadores de Entel indicaron que Coca se encontraba en Estados Unidos \u201cdisfrutando\u201d de los ingresos irregulares obtenidos como gerente de la empresa.<br \/>\nEn aquella ocasi\u00f3n, los trabajadores pidieron al Ministerio P\u00fablico exija se lo declare rebelde y contumaz a la Ley y por ende se aplique el sello rojo para que la Interpol lo aprehenda y lo ponga a disposici\u00f3n de un juez del pa\u00eds. (El Diario y El Deber)<\/p>\n","protected":false},"excerpt":{"rendered":"<p>La designaci\u00f3n del exgerente de la Empresa Nacional de Telecomunicaciones \u00d3scar Coca, como presidente del directorio de la Empresa P\u00fablica de Transporte A\u00e9reo Militar (TAM), fue calificada como una \u201cnueva afrenta contra las Fuerzas Armadas (FFAA)\u201d por el general en servicio pasivo del Ej\u00e9rcito, Tom\u00e1s Pe\u00f1a y Lillo. Mediante Resoluci\u00f3n Ministerial 0205\/21 del 22 de [&hellip;]<\/p>\n","protected":false},"author":1,"featured_media":3384,"comment_status":"closed","ping_status":"closed","sticky":false,"template":"","format":"standard","meta":{"_acf_changed":false,"footnotes":""},"categories":[39],"tags":[],"class_list":["post-3383","post","type-post","status-publish","format-standard","has-post-thumbnail","category-sociedad"],"acf":{"antetitulo":""},"yoast_head":"<!-- This site is optimized with the Yoast SEO plugin v28.3 - https:\/\/yoast.com\/product\/yoast-seo-wordpress\/ -->\n<title>Designaci\u00f3n de Coca como presidente del TAM es otra afrenta a FFAA - El Diario - Bolivia<\/title>\n<meta name=\"robots\" content=\"index, follow, max-snippet:-1, max-image-preview:large, max-video-preview:-1\" \/>\n<link rel=\"canonical\" href=\"https:\/\/www.eldiario.net\/portal\/2021\/05\/12\/designacion-de-coca-como-presidente-del-tam-es-otra-afrenta-a-ffaa\/\" \/>\n<meta property=\"og:locale\" content=\"es_ES\" \/>\n<meta property=\"og:type\" content=\"article\" \/>\n<meta property=\"og:title\" content=\"Designaci\u00f3n de Coca como presidente del TAM es otra afrenta a FFAA - El Diario - Bolivia\" \/>\n<meta property=\"og:description\" content=\"La designaci\u00f3n del exgerente de la Empresa Nacional de Telecomunicaciones \u00d3scar Coca, como presidente del directorio de la Empresa P\u00fablica de Transporte A\u00e9reo Militar (TAM), fue calificada como una \u201cnueva afrenta contra las Fuerzas Armadas (FFAA)\u201d por el general en servicio pasivo del Ej\u00e9rcito, Tom\u00e1s Pe\u00f1a y Lillo. Mediante Resoluci\u00f3n Ministerial 0205\/21 del 22 de [&hellip;]\" \/>\n<meta property=\"og:url\" content=\"https:\/\/www.eldiario.net\/portal\/2021\/05\/12\/designacion-de-coca-como-presidente-del-tam-es-otra-afrenta-a-ffaa\/\" \/>\n<meta property=\"og:site_name\" content=\"El Diario - Bolivia\" \/>\n<meta property=\"article:publisher\" content=\"https:\/\/www.facebook.com\/eldiario.bolivia\/\" \/>\n<meta property=\"article:published_time\" content=\"2021-05-12T10:20:58+00:00\" \/>\n<meta property=\"og:image\" content=\"https:\/\/www.eldiario.net\/portal\/wp-content\/uploads\/2021\/05\/TAM.jpg\" \/>\n\t<meta property=\"og:image:width\" content=\"800\" \/>\n\t<meta property=\"og:image:height\" content=\"450\" \/>\n\t<meta property=\"og:image:type\" content=\"image\/jpeg\" \/>\n<meta name=\"author\" content=\"Jeanette\" \/>\n<meta name=\"twitter:card\" content=\"summary_large_image\" \/>\n<meta name=\"twitter:creator\" content=\"@eldiario_net\" \/>\n<meta name=\"twitter:site\" content=\"@eldiario_net\" \/>\n<meta name=\"twitter:label1\" content=\"Escrito por\" \/>\n\t<meta name=\"twitter:data1\" content=\"Jeanette\" \/>\n\t<meta name=\"twitter:label2\" content=\"Tiempo de lectura\" \/>\n\t<meta name=\"twitter:data2\" content=\"4 minutos\" \/>\n<script type=\"application\/ld+json\" class=\"yoast-schema-graph\">{\"@context\":\"https:\\\/\\\/schema.org\",\"@graph\":[{\"@type\":\"Article\",\"@id\":\"https:\\\/\\\/www.eldiario.net\\\/portal\\\/2021\\\/05\\\/12\\\/designacion-de-coca-como-presidente-del-tam-es-otra-afrenta-a-ffaa\\\/#article\",\"isPartOf\":{\"@id\":\"https:\\\/\\\/www.eldiario.net\\\/portal\\\/2021\\\/05\\\/12\\\/designacion-de-coca-como-presidente-del-tam-es-otra-afrenta-a-ffaa\\\/\"},\"author\":{\"name\":\"Jeanette\",\"@id\":\"https:\\\/\\\/www.eldiario.net\\\/portal\\\/#\\\/schema\\\/person\\\/f46445640444750d7d753ccd04ae01b7\"},\"headline\":\"Designaci\u00f3n de Coca como presidente del TAM es otra afrenta a FFAA\",\"datePublished\":\"2021-05-12T10:20:58+00:00\",\"mainEntityOfPage\":{\"@id\":\"https:\\\/\\\/www.eldiario.net\\\/portal\\\/2021\\\/05\\\/12\\\/designacion-de-coca-como-presidente-del-tam-es-otra-afrenta-a-ffaa\\\/\"},\"wordCount\":844,\"publisher\":{\"@id\":\"https:\\\/\\\/www.eldiario.net\\\/portal\\\/#organization\"},\"image\":{\"@id\":\"https:\\\/\\\/www.eldiario.net\\\/portal\\\/2021\\\/05\\\/12\\\/designacion-de-coca-como-presidente-del-tam-es-otra-afrenta-a-ffaa\\\/#primaryimage\"},\"thumbnailUrl\":\"https:\\\/\\\/www.eldiario.net\\\/portal\\\/wp-content\\\/uploads\\\/2021\\\/05\\\/TAM.jpg\",\"articleSection\":[\"Sociedad - Seguridad\"],\"inLanguage\":\"es\"},{\"@type\":\"WebPage\",\"@id\":\"https:\\\/\\\/www.eldiario.net\\\/portal\\\/2021\\\/05\\\/12\\\/designacion-de-coca-como-presidente-del-tam-es-otra-afrenta-a-ffaa\\\/\",\"url\":\"https:\\\/\\\/www.eldiario.net\\\/portal\\\/2021\\\/05\\\/12\\\/designacion-de-coca-como-presidente-del-tam-es-otra-afrenta-a-ffaa\\\/\",\"name\":\"Designaci\u00f3n de Coca como presidente del TAM es otra afrenta a FFAA - El Diario - Bolivia\",\"isPartOf\":{\"@id\":\"https:\\\/\\\/www.eldiario.net\\\/portal\\\/#website\"},\"primaryImageOfPage\":{\"@id\":\"https:\\\/\\\/www.eldiario.net\\\/portal\\\/2021\\\/05\\\/12\\\/designacion-de-coca-como-presidente-del-tam-es-otra-afrenta-a-ffaa\\\/#primaryimage\"},\"image\":{\"@id\":\"https:\\\/\\\/www.eldiario.net\\\/portal\\\/2021\\\/05\\\/12\\\/designacion-de-coca-como-presidente-del-tam-es-otra-afrenta-a-ffaa\\\/#primaryimage\"},\"thumbnailUrl\":\"https:\\\/\\\/www.eldiario.net\\\/portal\\\/wp-content\\\/uploads\\\/2021\\\/05\\\/TAM.jpg\",\"datePublished\":\"2021-05-12T10:20:58+00:00\",\"breadcrumb\":{\"@id\":\"https:\\\/\\\/www.eldiario.net\\\/portal\\\/2021\\\/05\\\/12\\\/designacion-de-coca-como-presidente-del-tam-es-otra-afrenta-a-ffaa\\\/#breadcrumb\"},\"inLanguage\":\"es\",\"potentialAction\":[{\"@type\":\"ReadAction\",\"target\":[\"https:\\\/\\\/www.eldiario.net\\\/portal\\\/2021\\\/05\\\/12\\\/designacion-de-coca-como-presidente-del-tam-es-otra-afrenta-a-ffaa\\\/\"]}]},{\"@type\":\"ImageObject\",\"inLanguage\":\"es\",\"@id\":\"https:\\\/\\\/www.eldiario.net\\\/portal\\\/2021\\\/05\\\/12\\\/designacion-de-coca-como-presidente-del-tam-es-otra-afrenta-a-ffaa\\\/#primaryimage\",\"url\":\"https:\\\/\\\/www.eldiario.net\\\/portal\\\/wp-content\\\/uploads\\\/2021\\\/05\\\/TAM.jpg\",\"contentUrl\":\"https:\\\/\\\/www.eldiario.net\\\/portal\\\/wp-content\\\/uploads\\\/2021\\\/05\\\/TAM.jpg\",\"width\":800,\"height\":450},{\"@type\":\"BreadcrumbList\",\"@id\":\"https:\\\/\\\/www.eldiario.net\\\/portal\\\/2021\\\/05\\\/12\\\/designacion-de-coca-como-presidente-del-tam-es-otra-afrenta-a-ffaa\\\/#breadcrumb\",\"itemListElement\":[{\"@type\":\"ListItem\",\"position\":1,\"name\":\"Portada\",\"item\":\"https:\\\/\\\/www.eldiario.net\\\/portal\\\/\"},{\"@type\":\"ListItem\",\"position\":2,\"name\":\"Designaci\u00f3n de Coca como presidente del TAM es otra afrenta a FFAA\"}]},{\"@type\":\"WebSite\",\"@id\":\"https:\\\/\\\/www.eldiario.net\\\/portal\\\/#website\",\"url\":\"https:\\\/\\\/www.eldiario.net\\\/portal\\\/\",\"name\":\"El Diario - Decano de la prensa nacional\",\"description\":\"El Diario - Decano de la prensa nacional\",\"publisher\":{\"@id\":\"https:\\\/\\\/www.eldiario.net\\\/portal\\\/#organization\"},\"potentialAction\":[{\"@type\":\"SearchAction\",\"target\":{\"@type\":\"EntryPoint\",\"urlTemplate\":\"https:\\\/\\\/www.eldiario.net\\\/portal\\\/?s={search_term_string}\"},\"query-input\":{\"@type\":\"PropertyValueSpecification\",\"valueRequired\":true,\"valueName\":\"search_term_string\"}}],\"inLanguage\":\"es\"},{\"@type\":\"Organization\",\"@id\":\"https:\\\/\\\/www.eldiario.net\\\/portal\\\/#organization\",\"name\":\"El Diario - Decano de la prensa nacional\",\"url\":\"https:\\\/\\\/www.eldiario.net\\\/portal\\\/\",\"logo\":{\"@type\":\"ImageObject\",\"inLanguage\":\"es\",\"@id\":\"https:\\\/\\\/www.eldiario.net\\\/portal\\\/#\\\/schema\\\/logo\\\/image\\\/\",\"url\":\"https:\\\/\\\/www.eldiario.net\\\/portal\\\/wp-content\\\/uploads\\\/2023\\\/07\\\/logo_ED.jpg\",\"contentUrl\":\"https:\\\/\\\/www.eldiario.net\\\/portal\\\/wp-content\\\/uploads\\\/2023\\\/07\\\/logo_ED.jpg\",\"width\":272,\"height\":52,\"caption\":\"El Diario - Decano de la prensa nacional\"},\"image\":{\"@id\":\"https:\\\/\\\/www.eldiario.net\\\/portal\\\/#\\\/schema\\\/logo\\\/image\\\/\"},\"sameAs\":[\"https:\\\/\\\/www.facebook.com\\\/eldiario.bolivia\\\/\",\"https:\\\/\\\/x.com\\\/eldiario_net\"]},{\"@type\":\"Person\",\"@id\":\"https:\\\/\\\/www.eldiario.net\\\/portal\\\/#\\\/schema\\\/person\\\/f46445640444750d7d753ccd04ae01b7\",\"name\":\"Jeanette\",\"image\":{\"@type\":\"ImageObject\",\"inLanguage\":\"es\",\"@id\":\"https:\\\/\\\/secure.gravatar.com\\\/avatar\\\/3ea2118a5f7dad2b7138b1187a6b7ee55f160b9968b66013c3a3ef39dd7e5798?s=96&d=mm&r=g\",\"url\":\"https:\\\/\\\/secure.gravatar.com\\\/avatar\\\/3ea2118a5f7dad2b7138b1187a6b7ee55f160b9968b66013c3a3ef39dd7e5798?s=96&d=mm&r=g\",\"contentUrl\":\"https:\\\/\\\/secure.gravatar.com\\\/avatar\\\/3ea2118a5f7dad2b7138b1187a6b7ee55f160b9968b66013c3a3ef39dd7e5798?s=96&d=mm&r=g\",\"caption\":\"Jeanette\"},\"sameAs\":[\"https:\\\/\\\/www.eldiario.net\\\/portal\"],\"url\":\"https:\\\/\\\/www.eldiario.net\\\/portal\\\/author\\\/jeanette\\\/\"}]}<\/script>\n<!-- \/ Yoast SEO plugin. -->","yoast_head_json":{"title":"Designaci\u00f3n de Coca como presidente del TAM es otra afrenta a FFAA - El Diario - Bolivia","robots":{"index":"index","follow":"follow","max-snippet":"max-snippet:-1","max-image-preview":"max-image-preview:large","max-video-preview":"max-video-preview:-1"},"canonical":"https:\/\/www.eldiario.net\/portal\/2021\/05\/12\/designacion-de-coca-como-presidente-del-tam-es-otra-afrenta-a-ffaa\/","og_locale":"es_ES","og_type":"article","og_title":"Designaci\u00f3n de Coca como presidente del TAM es otra afrenta a FFAA - El Diario - Bolivia","og_description":"La designaci\u00f3n del exgerente de la Empresa Nacional de Telecomunicaciones \u00d3scar Coca, como presidente del directorio de la Empresa P\u00fablica de Transporte A\u00e9reo Militar (TAM), fue calificada como una \u201cnueva afrenta contra las Fuerzas Armadas (FFAA)\u201d por el general en servicio pasivo del Ej\u00e9rcito, Tom\u00e1s Pe\u00f1a y Lillo. Mediante Resoluci\u00f3n Ministerial 0205\/21 del 22 de [&hellip;]","og_url":"https:\/\/www.eldiario.net\/portal\/2021\/05\/12\/designacion-de-coca-como-presidente-del-tam-es-otra-afrenta-a-ffaa\/","og_site_name":"El Diario - Bolivia","article_publisher":"https:\/\/www.facebook.com\/eldiario.bolivia\/","article_published_time":"2021-05-12T10:20:58+00:00","og_image":[{"width":800,"height":450,"url":"https:\/\/www.eldiario.net\/portal\/wp-content\/uploads\/2021\/05\/TAM.jpg","type":"image\/jpeg"}],"author":"Jeanette","twitter_card":"summary_large_image","twitter_creator":"@eldiario_net","twitter_site":"@eldiario_net","twitter_misc":{"Escrito por":"Jeanette","Tiempo de lectura":"4 minutos"},"schema":{"@context":"https:\/\/schema.org","@graph":[{"@type":"Article","@id":"https:\/\/www.eldiario.net\/portal\/2021\/05\/12\/designacion-de-coca-como-presidente-del-tam-es-otra-afrenta-a-ffaa\/#article","isPartOf":{"@id":"https:\/\/www.eldiario.net\/portal\/2021\/05\/12\/designacion-de-coca-como-presidente-del-tam-es-otra-afrenta-a-ffaa\/"},"author":{"name":"Jeanette","@id":"https:\/\/www.eldiario.net\/portal\/#\/schema\/person\/f46445640444750d7d753ccd04ae01b7"},"headline":"Designaci\u00f3n de Coca como presidente del TAM es otra afrenta a FFAA","datePublished":"2021-05-12T10:20:58+00:00","mainEntityOfPage":{"@id":"https:\/\/www.eldiario.net\/portal\/2021\/05\/12\/designacion-de-coca-como-presidente-del-tam-es-otra-afrenta-a-ffaa\/"},"wordCount":844,"publisher":{"@id":"https:\/\/www.eldiario.net\/portal\/#organization"},"image":{"@id":"https:\/\/www.eldiario.net\/portal\/2021\/05\/12\/designacion-de-coca-como-presidente-del-tam-es-otra-afrenta-a-ffaa\/#primaryimage"},"thumbnailUrl":"https:\/\/www.eldiario.net\/portal\/wp-content\/uploads\/2021\/05\/TAM.jpg","articleSection":["Sociedad - Seguridad"],"inLanguage":"es"},{"@type":"WebPage","@id":"https:\/\/www.eldiario.net\/portal\/2021\/05\/12\/designacion-de-coca-como-presidente-del-tam-es-otra-afrenta-a-ffaa\/","url":"https:\/\/www.eldiario.net\/portal\/2021\/05\/12\/designacion-de-coca-como-presidente-del-tam-es-otra-afrenta-a-ffaa\/","name":"Designaci\u00f3n de Coca como presidente del TAM es otra afrenta a FFAA - El Diario - Bolivia","isPartOf":{"@id":"https:\/\/www.eldiario.net\/portal\/#website"},"primaryImageOfPage":{"@id":"https:\/\/www.eldiario.net\/portal\/2021\/05\/12\/designacion-de-coca-como-presidente-del-tam-es-otra-afrenta-a-ffaa\/#primaryimage"},"image":{"@id":"https:\/\/www.eldiario.net\/portal\/2021\/05\/12\/designacion-de-coca-como-presidente-del-tam-es-otra-afrenta-a-ffaa\/#primaryimage"},"thumbnailUrl":"https:\/\/www.eldiario.net\/portal\/wp-content\/uploads\/2021\/05\/TAM.jpg","datePublished":"2021-05-12T10:20:58+00:00","breadcrumb":{"@id":"https:\/\/www.eldiario.net\/portal\/2021\/05\/12\/designacion-de-coca-como-presidente-del-tam-es-otra-afrenta-a-ffaa\/#breadcrumb"},"inLanguage":"es","potentialAction":[{"@type":"ReadAction","target":["https:\/\/www.eldiario.net\/portal\/2021\/05\/12\/designacion-de-coca-como-presidente-del-tam-es-otra-afrenta-a-ffaa\/"]}]},{"@type":"ImageObject","inLanguage":"es","@id":"https:\/\/www.eldiario.net\/portal\/2021\/05\/12\/designacion-de-coca-como-presidente-del-tam-es-otra-afrenta-a-ffaa\/#primaryimage","url":"https:\/\/www.eldiario.net\/portal\/wp-content\/uploads\/2021\/05\/TAM.jpg","contentUrl":"https:\/\/www.eldiario.net\/portal\/wp-content\/uploads\/2021\/05\/TAM.jpg","width":800,"height":450},{"@type":"BreadcrumbList","@id":"https:\/\/www.eldiario.net\/portal\/2021\/05\/12\/designacion-de-coca-como-presidente-del-tam-es-otra-afrenta-a-ffaa\/#breadcrumb","itemListElement":[{"@type":"ListItem","position":1,"name":"Portada","item":"https:\/\/www.eldiario.net\/portal\/"},{"@type":"ListItem","position":2,"name":"Designaci\u00f3n de Coca como presidente del TAM es otra afrenta a FFAA"}]},{"@type":"WebSite","@id":"https:\/\/www.eldiario.net\/portal\/#website","url":"https:\/\/www.eldiario.net\/portal\/","name":"El Diario - Decano de la prensa nacional","description":"El Diario - Decano de la prensa nacional","publisher":{"@id":"https:\/\/www.eldiario.net\/portal\/#organization"},"potentialAction":[{"@type":"SearchAction","target":{"@type":"EntryPoint","urlTemplate":"https:\/\/www.eldiario.net\/portal\/?s={search_term_string}"},"query-input":{"@type":"PropertyValueSpecification","valueRequired":true,"valueName":"search_term_string"}}],"inLanguage":"es"},{"@type":"Organization","@id":"https:\/\/www.eldiario.net\/portal\/#organization","name":"El Diario - Decano de la prensa nacional","url":"https:\/\/www.eldiario.net\/portal\/","logo":{"@type":"ImageObject","inLanguage":"es","@id":"https:\/\/www.eldiario.net\/portal\/#\/schema\/logo\/image\/","url":"https:\/\/www.eldiario.net\/portal\/wp-content\/uploads\/2023\/07\/logo_ED.jpg","contentUrl":"https:\/\/www.eldiario.net\/portal\/wp-content\/uploads\/2023\/07\/logo_ED.jpg","width":272,"height":52,"caption":"El Diario - Decano de la prensa nacional"},"image":{"@id":"https:\/\/www.eldiario.net\/portal\/#\/schema\/logo\/image\/"},"sameAs":["https:\/\/www.facebook.com\/eldiario.bolivia\/","https:\/\/x.com\/eldiario_net"]},{"@type":"Person","@id":"https:\/\/www.eldiario.net\/portal\/#\/schema\/person\/f46445640444750d7d753ccd04ae01b7","name":"Jeanette","image":{"@type":"ImageObject","inLanguage":"es","@id":"https:\/\/secure.gravatar.com\/avatar\/3ea2118a5f7dad2b7138b1187a6b7ee55f160b9968b66013c3a3ef39dd7e5798?s=96&d=mm&r=g","url":"https:\/\/secure.gravatar.com\/avatar\/3ea2118a5f7dad2b7138b1187a6b7ee55f160b9968b66013c3a3ef39dd7e5798?s=96&d=mm&r=g","contentUrl":"https:\/\/secure.gravatar.com\/avatar\/3ea2118a5f7dad2b7138b1187a6b7ee55f160b9968b66013c3a3ef39dd7e5798?s=96&d=mm&r=g","caption":"Jeanette"},"sameAs":["https:\/\/www.eldiario.net\/portal"],"url":"https:\/\/www.eldiario.net\/portal\/author\/jeanette\/"}]}},"_links":{"self":[{"href":"https:\/\/www.eldiario.net\/portal\/wp-json\/wp\/v2\/posts\/3383","targetHints":{"allow":["GET"]}}],"collection":[{"href":"https:\/\/www.eldiario.net\/portal\/wp-json\/wp\/v2\/posts"}],"about":[{"href":"https:\/\/www.eldiario.net\/portal\/wp-json\/wp\/v2\/types\/post"}],"author":[{"embeddable":true,"href":"https:\/\/www.eldiario.net\/portal\/wp-json\/wp\/v2\/users\/1"}],"replies":[{"embeddable":true,"href":"https:\/\/www.eldiario.net\/portal\/wp-json\/wp\/v2\/comments?post=3383"}],"version-history":[{"count":0,"href":"https:\/\/www.eldiario.net\/portal\/wp-json\/wp\/v2\/posts\/3383\/revisions"}],"wp:featuredmedia":[{"embeddable":true,"href":"https:\/\/www.eldiario.net\/portal\/wp-json\/wp\/v2\/media\/3384"}],"wp:attachment":[{"href":"https:\/\/www.eldiario.net\/portal\/wp-json\/wp\/v2\/media?parent=3383"}],"wp:term":[{"taxonomy":"category","embeddable":true,"href":"https:\/\/www.eldiario.net\/portal\/wp-json\/wp\/v2\/categories?post=3383"},{"taxonomy":"post_tag","embeddable":true,"href":"https:\/\/www.eldiario.net\/portal\/wp-json\/wp\/v2\/tags?post=3383"}],"curies":[{"name":"wp","href":"https:\/\/api.w.org\/{rel}","templated":true}]}}