{"id":3380,"date":"2021-05-12T06:19:43","date_gmt":"2021-05-12T10:19:43","guid":{"rendered":"https:\/\/www.eldiario.net\/portal\/?p=3380"},"modified":"2021-05-12T06:19:43","modified_gmt":"2021-05-12T10:19:43","slug":"cuestionan-nombramiento-de-director-de-seguridad-ciudadana-en-gobernacion","status":"publish","type":"post","link":"https:\/\/www.eldiario.net\/portal\/2021\/05\/12\/cuestionan-nombramiento-de-director-de-seguridad-ciudadana-en-gobernacion\/","title":{"rendered":"Cuestionan nombramiento de director de  Seguridad Ciudadana en Gobernaci\u00f3n"},"content":{"rendered":"<p>El excomandante de la Polic\u00eda Departamental de Santa Cruz, Rub\u00e9n Su\u00e1rez, fue cuestionado tras asumir la Secretar\u00eda de Seguridad Ciudadana de la Gobernaci\u00f3n, porque durante su comando ocurrieron hechos de inseguridad que a\u00fan no se aclararon, como los casos Brinks y Eurochronos.<br \/>\nEl 13 de julio de 2017 se registr\u00f3 un atraco frustrado a la joyer\u00eda Eurochronos, en la ciudad de Santa Cruz de la Sierra. El saldo fue de cinco personas muertas, entre ellas la gerente administrativa y financiera, Ana Lorena Torrez, adem\u00e1s de siete heridos. Desde entonces los sobrevivientes y familiares de las v\u00edctimas fatales peregrinan por justicia.<br \/>\nEn lo que va del proceso, seis funcionarios policiales fueron imputados, cuatro en servicio activo y dos dados de baja.<br \/>\nEl abogado que patrocina a la familia de la v\u00edctima fatal del atraco frustrado, Jorge Santistevan, record\u00f3 que en el caso Eurochrnos, hubo balas, sangre y muertes, a plena luz del d\u00eda.<br \/>\n\u201cLa sociedad estaba en zozobra, dando lugar a una serie de pedidos de mayor seguridad al Gobierno y a la propia Polic\u00eda Boliviana, entre ellos la C\u00e1mara de Industria, Comercio, Servicios y Turismo de Santa Cruz (Cainco) que se sum\u00f3 al pedido de la sociedad solicitando mayor protecci\u00f3n, mediante comunicado, luego la Iglesia Cat\u00f3lica, el Comit\u00e9 Pro Santa Cruz y otros sectores de la sociedad, y la misma familia de las v\u00edctimas, que hasta el d\u00eda de hoy piden esclarecer el hecho\u201d, record\u00f3 Santistevan.<br \/>\nEl asalto a la joyer\u00eda se dio cuando Su\u00e1rez estuvo como Comandante Departamental de Polic\u00eda, aunque el d\u00eda del atrac\u00f3 \u00e9l se encontraba en la ciudad de La Paz. En la oportunidad asegur\u00f3 que \u201cla actuaci\u00f3n policial en el caso Eurochronos, fue un operativo exitoso y que no hab\u00eda nada que corregir y que lo volver\u00eda a repetir\u201d.<br \/>\nEn criterio de Santistevan, la seguridad ciudadana es una de las demandas m\u00e1s importantes de la sociedad, las autoridades del Estado, en todos los niveles, deben interrelacionar su trabajo en torno a esta problem\u00e1tica, para proporcionar calidad de vida, que no solo se expresa en salud, educaci\u00f3n y trabajo sino tambi\u00e9n en proteger la vida.<br \/>\n\u201cLas autoridades deben dar mensajes de confianza a la sociedad, con se\u00f1ales alentadoras de protecci\u00f3n que induzcan al optimismo y que sean con hechos, porque la gente entiende m\u00e1s con hechos que con discursos. La confianza del ciudadano es el insumo cr\u00edtico para el progreso y \u00e9xito colectivo de una naci\u00f3n\u201d, apunt\u00f3.<\/p>\n<p>BRINKS<br \/>\nEn marzo de 2017, se registr\u00f3 el asalto a un veh\u00edculo blindado de Brinks cuando circulaba por la carretera a Puerto Quijarro transportando Bs 2,6 millones y $us 350 mil.<\/p>\n","protected":false},"excerpt":{"rendered":"<p>El excomandante de la Polic\u00eda Departamental de Santa Cruz, Rub\u00e9n Su\u00e1rez, fue cuestionado tras asumir la Secretar\u00eda de Seguridad Ciudadana de la Gobernaci\u00f3n, porque durante su comando ocurrieron hechos de inseguridad que a\u00fan no se aclararon, como los casos Brinks y Eurochronos. El 13 de julio de 2017 se registr\u00f3 un atraco frustrado a la [&hellip;]<\/p>\n","protected":false},"author":1,"featured_media":3381,"comment_status":"closed","ping_status":"closed","sticky":false,"template":"","format":"standard","meta":{"_acf_changed":false,"footnotes":""},"categories":[39],"tags":[],"class_list":["post-3380","post","type-post","status-publish","format-standard","has-post-thumbnail","category-sociedad"],"acf":{"antetitulo":""},"yoast_head":"<!-- This site is optimized with the Yoast SEO plugin v28.3 - https:\/\/yoast.com\/product\/yoast-seo-wordpress\/ -->\n<title>Cuestionan nombramiento de director de Seguridad Ciudadana en Gobernaci\u00f3n - El Diario - Bolivia<\/title>\n<meta name=\"robots\" content=\"index, follow, max-snippet:-1, max-image-preview:large, max-video-preview:-1\" \/>\n<link rel=\"canonical\" href=\"https:\/\/www.eldiario.net\/portal\/2021\/05\/12\/cuestionan-nombramiento-de-director-de-seguridad-ciudadana-en-gobernacion\/\" \/>\n<meta property=\"og:locale\" content=\"es_ES\" \/>\n<meta property=\"og:type\" content=\"article\" \/>\n<meta property=\"og:title\" content=\"Cuestionan nombramiento de director de Seguridad Ciudadana en Gobernaci\u00f3n - El Diario - Bolivia\" \/>\n<meta property=\"og:description\" content=\"El excomandante de la Polic\u00eda Departamental de Santa Cruz, Rub\u00e9n Su\u00e1rez, fue cuestionado tras asumir la Secretar\u00eda de Seguridad Ciudadana de la Gobernaci\u00f3n, porque durante su comando ocurrieron hechos de inseguridad que a\u00fan no se aclararon, como los casos Brinks y Eurochronos. El 13 de julio de 2017 se registr\u00f3 un atraco frustrado a la [&hellip;]\" \/>\n<meta property=\"og:url\" content=\"https:\/\/www.eldiario.net\/portal\/2021\/05\/12\/cuestionan-nombramiento-de-director-de-seguridad-ciudadana-en-gobernacion\/\" \/>\n<meta property=\"og:site_name\" content=\"El Diario - Bolivia\" \/>\n<meta property=\"article:publisher\" content=\"https:\/\/www.facebook.com\/eldiario.bolivia\/\" \/>\n<meta property=\"article:published_time\" content=\"2021-05-12T10:19:43+00:00\" \/>\n<meta name=\"author\" content=\"Jeanette\" \/>\n<meta name=\"twitter:card\" content=\"summary_large_image\" \/>\n<meta name=\"twitter:creator\" content=\"@eldiario_net\" \/>\n<meta name=\"twitter:site\" content=\"@eldiario_net\" \/>\n<meta name=\"twitter:label1\" content=\"Escrito por\" \/>\n\t<meta name=\"twitter:data1\" content=\"Jeanette\" \/>\n\t<meta name=\"twitter:label2\" content=\"Tiempo de lectura\" \/>\n\t<meta name=\"twitter:data2\" content=\"2 minutos\" \/>\n<script type=\"application\/ld+json\" class=\"yoast-schema-graph\">{\"@context\":\"https:\\\/\\\/schema.org\",\"@graph\":[{\"@type\":\"Article\",\"@id\":\"https:\\\/\\\/www.eldiario.net\\\/portal\\\/2021\\\/05\\\/12\\\/cuestionan-nombramiento-de-director-de-seguridad-ciudadana-en-gobernacion\\\/#article\",\"isPartOf\":{\"@id\":\"https:\\\/\\\/www.eldiario.net\\\/portal\\\/2021\\\/05\\\/12\\\/cuestionan-nombramiento-de-director-de-seguridad-ciudadana-en-gobernacion\\\/\"},\"author\":{\"name\":\"Jeanette\",\"@id\":\"https:\\\/\\\/www.eldiario.net\\\/portal\\\/#\\\/schema\\\/person\\\/f46445640444750d7d753ccd04ae01b7\"},\"headline\":\"Cuestionan nombramiento de director de Seguridad Ciudadana en Gobernaci\u00f3n\",\"datePublished\":\"2021-05-12T10:19:43+00:00\",\"mainEntityOfPage\":{\"@id\":\"https:\\\/\\\/www.eldiario.net\\\/portal\\\/2021\\\/05\\\/12\\\/cuestionan-nombramiento-de-director-de-seguridad-ciudadana-en-gobernacion\\\/\"},\"wordCount\":471,\"publisher\":{\"@id\":\"https:\\\/\\\/www.eldiario.net\\\/portal\\\/#organization\"},\"image\":{\"@id\":\"https:\\\/\\\/www.eldiario.net\\\/portal\\\/2021\\\/05\\\/12\\\/cuestionan-nombramiento-de-director-de-seguridad-ciudadana-en-gobernacion\\\/#primaryimage\"},\"thumbnailUrl\":\"\",\"articleSection\":[\"Sociedad - Seguridad\"],\"inLanguage\":\"es\"},{\"@type\":\"WebPage\",\"@id\":\"https:\\\/\\\/www.eldiario.net\\\/portal\\\/2021\\\/05\\\/12\\\/cuestionan-nombramiento-de-director-de-seguridad-ciudadana-en-gobernacion\\\/\",\"url\":\"https:\\\/\\\/www.eldiario.net\\\/portal\\\/2021\\\/05\\\/12\\\/cuestionan-nombramiento-de-director-de-seguridad-ciudadana-en-gobernacion\\\/\",\"name\":\"Cuestionan nombramiento de director de Seguridad Ciudadana en Gobernaci\u00f3n - El Diario - Bolivia\",\"isPartOf\":{\"@id\":\"https:\\\/\\\/www.eldiario.net\\\/portal\\\/#website\"},\"primaryImageOfPage\":{\"@id\":\"https:\\\/\\\/www.eldiario.net\\\/portal\\\/2021\\\/05\\\/12\\\/cuestionan-nombramiento-de-director-de-seguridad-ciudadana-en-gobernacion\\\/#primaryimage\"},\"image\":{\"@id\":\"https:\\\/\\\/www.eldiario.net\\\/portal\\\/2021\\\/05\\\/12\\\/cuestionan-nombramiento-de-director-de-seguridad-ciudadana-en-gobernacion\\\/#primaryimage\"},\"thumbnailUrl\":\"\",\"datePublished\":\"2021-05-12T10:19:43+00:00\",\"breadcrumb\":{\"@id\":\"https:\\\/\\\/www.eldiario.net\\\/portal\\\/2021\\\/05\\\/12\\\/cuestionan-nombramiento-de-director-de-seguridad-ciudadana-en-gobernacion\\\/#breadcrumb\"},\"inLanguage\":\"es\",\"potentialAction\":[{\"@type\":\"ReadAction\",\"target\":[\"https:\\\/\\\/www.eldiario.net\\\/portal\\\/2021\\\/05\\\/12\\\/cuestionan-nombramiento-de-director-de-seguridad-ciudadana-en-gobernacion\\\/\"]}]},{\"@type\":\"ImageObject\",\"inLanguage\":\"es\",\"@id\":\"https:\\\/\\\/www.eldiario.net\\\/portal\\\/2021\\\/05\\\/12\\\/cuestionan-nombramiento-de-director-de-seguridad-ciudadana-en-gobernacion\\\/#primaryimage\",\"url\":\"\",\"contentUrl\":\"\"},{\"@type\":\"BreadcrumbList\",\"@id\":\"https:\\\/\\\/www.eldiario.net\\\/portal\\\/2021\\\/05\\\/12\\\/cuestionan-nombramiento-de-director-de-seguridad-ciudadana-en-gobernacion\\\/#breadcrumb\",\"itemListElement\":[{\"@type\":\"ListItem\",\"position\":1,\"name\":\"Portada\",\"item\":\"https:\\\/\\\/www.eldiario.net\\\/portal\\\/\"},{\"@type\":\"ListItem\",\"position\":2,\"name\":\"Cuestionan nombramiento de director de Seguridad Ciudadana en Gobernaci\u00f3n\"}]},{\"@type\":\"WebSite\",\"@id\":\"https:\\\/\\\/www.eldiario.net\\\/portal\\\/#website\",\"url\":\"https:\\\/\\\/www.eldiario.net\\\/portal\\\/\",\"name\":\"El Diario - Decano de la prensa nacional\",\"description\":\"El Diario - Decano de la prensa nacional\",\"publisher\":{\"@id\":\"https:\\\/\\\/www.eldiario.net\\\/portal\\\/#organization\"},\"potentialAction\":[{\"@type\":\"SearchAction\",\"target\":{\"@type\":\"EntryPoint\",\"urlTemplate\":\"https:\\\/\\\/www.eldiario.net\\\/portal\\\/?s={search_term_string}\"},\"query-input\":{\"@type\":\"PropertyValueSpecification\",\"valueRequired\":true,\"valueName\":\"search_term_string\"}}],\"inLanguage\":\"es\"},{\"@type\":\"Organization\",\"@id\":\"https:\\\/\\\/www.eldiario.net\\\/portal\\\/#organization\",\"name\":\"El Diario - Decano de la prensa nacional\",\"url\":\"https:\\\/\\\/www.eldiario.net\\\/portal\\\/\",\"logo\":{\"@type\":\"ImageObject\",\"inLanguage\":\"es\",\"@id\":\"https:\\\/\\\/www.eldiario.net\\\/portal\\\/#\\\/schema\\\/logo\\\/image\\\/\",\"url\":\"https:\\\/\\\/www.eldiario.net\\\/portal\\\/wp-content\\\/uploads\\\/2023\\\/07\\\/logo_ED.jpg\",\"contentUrl\":\"https:\\\/\\\/www.eldiario.net\\\/portal\\\/wp-content\\\/uploads\\\/2023\\\/07\\\/logo_ED.jpg\",\"width\":272,\"height\":52,\"caption\":\"El Diario - Decano de la prensa nacional\"},\"image\":{\"@id\":\"https:\\\/\\\/www.eldiario.net\\\/portal\\\/#\\\/schema\\\/logo\\\/image\\\/\"},\"sameAs\":[\"https:\\\/\\\/www.facebook.com\\\/eldiario.bolivia\\\/\",\"https:\\\/\\\/x.com\\\/eldiario_net\"]},{\"@type\":\"Person\",\"@id\":\"https:\\\/\\\/www.eldiario.net\\\/portal\\\/#\\\/schema\\\/person\\\/f46445640444750d7d753ccd04ae01b7\",\"name\":\"Jeanette\",\"image\":{\"@type\":\"ImageObject\",\"inLanguage\":\"es\",\"@id\":\"https:\\\/\\\/secure.gravatar.com\\\/avatar\\\/3ea2118a5f7dad2b7138b1187a6b7ee55f160b9968b66013c3a3ef39dd7e5798?s=96&d=mm&r=g\",\"url\":\"https:\\\/\\\/secure.gravatar.com\\\/avatar\\\/3ea2118a5f7dad2b7138b1187a6b7ee55f160b9968b66013c3a3ef39dd7e5798?s=96&d=mm&r=g\",\"contentUrl\":\"https:\\\/\\\/secure.gravatar.com\\\/avatar\\\/3ea2118a5f7dad2b7138b1187a6b7ee55f160b9968b66013c3a3ef39dd7e5798?s=96&d=mm&r=g\",\"caption\":\"Jeanette\"},\"sameAs\":[\"https:\\\/\\\/www.eldiario.net\\\/portal\"],\"url\":\"https:\\\/\\\/www.eldiario.net\\\/portal\\\/author\\\/jeanette\\\/\"}]}<\/script>\n<!-- \/ Yoast SEO plugin. -->","yoast_head_json":{"title":"Cuestionan nombramiento de director de Seguridad Ciudadana en Gobernaci\u00f3n - El Diario - Bolivia","robots":{"index":"index","follow":"follow","max-snippet":"max-snippet:-1","max-image-preview":"max-image-preview:large","max-video-preview":"max-video-preview:-1"},"canonical":"https:\/\/www.eldiario.net\/portal\/2021\/05\/12\/cuestionan-nombramiento-de-director-de-seguridad-ciudadana-en-gobernacion\/","og_locale":"es_ES","og_type":"article","og_title":"Cuestionan nombramiento de director de Seguridad Ciudadana en Gobernaci\u00f3n - El Diario - Bolivia","og_description":"El excomandante de la Polic\u00eda Departamental de Santa Cruz, Rub\u00e9n Su\u00e1rez, fue cuestionado tras asumir la Secretar\u00eda de Seguridad Ciudadana de la Gobernaci\u00f3n, porque durante su comando ocurrieron hechos de inseguridad que a\u00fan no se aclararon, como los casos Brinks y Eurochronos. El 13 de julio de 2017 se registr\u00f3 un atraco frustrado a la [&hellip;]","og_url":"https:\/\/www.eldiario.net\/portal\/2021\/05\/12\/cuestionan-nombramiento-de-director-de-seguridad-ciudadana-en-gobernacion\/","og_site_name":"El Diario - Bolivia","article_publisher":"https:\/\/www.facebook.com\/eldiario.bolivia\/","article_published_time":"2021-05-12T10:19:43+00:00","author":"Jeanette","twitter_card":"summary_large_image","twitter_creator":"@eldiario_net","twitter_site":"@eldiario_net","twitter_misc":{"Escrito por":"Jeanette","Tiempo de lectura":"2 minutos"},"schema":{"@context":"https:\/\/schema.org","@graph":[{"@type":"Article","@id":"https:\/\/www.eldiario.net\/portal\/2021\/05\/12\/cuestionan-nombramiento-de-director-de-seguridad-ciudadana-en-gobernacion\/#article","isPartOf":{"@id":"https:\/\/www.eldiario.net\/portal\/2021\/05\/12\/cuestionan-nombramiento-de-director-de-seguridad-ciudadana-en-gobernacion\/"},"author":{"name":"Jeanette","@id":"https:\/\/www.eldiario.net\/portal\/#\/schema\/person\/f46445640444750d7d753ccd04ae01b7"},"headline":"Cuestionan nombramiento de director de Seguridad Ciudadana en Gobernaci\u00f3n","datePublished":"2021-05-12T10:19:43+00:00","mainEntityOfPage":{"@id":"https:\/\/www.eldiario.net\/portal\/2021\/05\/12\/cuestionan-nombramiento-de-director-de-seguridad-ciudadana-en-gobernacion\/"},"wordCount":471,"publisher":{"@id":"https:\/\/www.eldiario.net\/portal\/#organization"},"image":{"@id":"https:\/\/www.eldiario.net\/portal\/2021\/05\/12\/cuestionan-nombramiento-de-director-de-seguridad-ciudadana-en-gobernacion\/#primaryimage"},"thumbnailUrl":"","articleSection":["Sociedad - Seguridad"],"inLanguage":"es"},{"@type":"WebPage","@id":"https:\/\/www.eldiario.net\/portal\/2021\/05\/12\/cuestionan-nombramiento-de-director-de-seguridad-ciudadana-en-gobernacion\/","url":"https:\/\/www.eldiario.net\/portal\/2021\/05\/12\/cuestionan-nombramiento-de-director-de-seguridad-ciudadana-en-gobernacion\/","name":"Cuestionan nombramiento de director de Seguridad Ciudadana en Gobernaci\u00f3n - El Diario - Bolivia","isPartOf":{"@id":"https:\/\/www.eldiario.net\/portal\/#website"},"primaryImageOfPage":{"@id":"https:\/\/www.eldiario.net\/portal\/2021\/05\/12\/cuestionan-nombramiento-de-director-de-seguridad-ciudadana-en-gobernacion\/#primaryimage"},"image":{"@id":"https:\/\/www.eldiario.net\/portal\/2021\/05\/12\/cuestionan-nombramiento-de-director-de-seguridad-ciudadana-en-gobernacion\/#primaryimage"},"thumbnailUrl":"","datePublished":"2021-05-12T10:19:43+00:00","breadcrumb":{"@id":"https:\/\/www.eldiario.net\/portal\/2021\/05\/12\/cuestionan-nombramiento-de-director-de-seguridad-ciudadana-en-gobernacion\/#breadcrumb"},"inLanguage":"es","potentialAction":[{"@type":"ReadAction","target":["https:\/\/www.eldiario.net\/portal\/2021\/05\/12\/cuestionan-nombramiento-de-director-de-seguridad-ciudadana-en-gobernacion\/"]}]},{"@type":"ImageObject","inLanguage":"es","@id":"https:\/\/www.eldiario.net\/portal\/2021\/05\/12\/cuestionan-nombramiento-de-director-de-seguridad-ciudadana-en-gobernacion\/#primaryimage","url":"","contentUrl":""},{"@type":"BreadcrumbList","@id":"https:\/\/www.eldiario.net\/portal\/2021\/05\/12\/cuestionan-nombramiento-de-director-de-seguridad-ciudadana-en-gobernacion\/#breadcrumb","itemListElement":[{"@type":"ListItem","position":1,"name":"Portada","item":"https:\/\/www.eldiario.net\/portal\/"},{"@type":"ListItem","position":2,"name":"Cuestionan nombramiento de director de Seguridad Ciudadana en Gobernaci\u00f3n"}]},{"@type":"WebSite","@id":"https:\/\/www.eldiario.net\/portal\/#website","url":"https:\/\/www.eldiario.net\/portal\/","name":"El Diario - Decano de la prensa nacional","description":"El Diario - Decano de la prensa nacional","publisher":{"@id":"https:\/\/www.eldiario.net\/portal\/#organization"},"potentialAction":[{"@type":"SearchAction","target":{"@type":"EntryPoint","urlTemplate":"https:\/\/www.eldiario.net\/portal\/?s={search_term_string}"},"query-input":{"@type":"PropertyValueSpecification","valueRequired":true,"valueName":"search_term_string"}}],"inLanguage":"es"},{"@type":"Organization","@id":"https:\/\/www.eldiario.net\/portal\/#organization","name":"El Diario - Decano de la prensa nacional","url":"https:\/\/www.eldiario.net\/portal\/","logo":{"@type":"ImageObject","inLanguage":"es","@id":"https:\/\/www.eldiario.net\/portal\/#\/schema\/logo\/image\/","url":"https:\/\/www.eldiario.net\/portal\/wp-content\/uploads\/2023\/07\/logo_ED.jpg","contentUrl":"https:\/\/www.eldiario.net\/portal\/wp-content\/uploads\/2023\/07\/logo_ED.jpg","width":272,"height":52,"caption":"El Diario - Decano de la prensa nacional"},"image":{"@id":"https:\/\/www.eldiario.net\/portal\/#\/schema\/logo\/image\/"},"sameAs":["https:\/\/www.facebook.com\/eldiario.bolivia\/","https:\/\/x.com\/eldiario_net"]},{"@type":"Person","@id":"https:\/\/www.eldiario.net\/portal\/#\/schema\/person\/f46445640444750d7d753ccd04ae01b7","name":"Jeanette","image":{"@type":"ImageObject","inLanguage":"es","@id":"https:\/\/secure.gravatar.com\/avatar\/3ea2118a5f7dad2b7138b1187a6b7ee55f160b9968b66013c3a3ef39dd7e5798?s=96&d=mm&r=g","url":"https:\/\/secure.gravatar.com\/avatar\/3ea2118a5f7dad2b7138b1187a6b7ee55f160b9968b66013c3a3ef39dd7e5798?s=96&d=mm&r=g","contentUrl":"https:\/\/secure.gravatar.com\/avatar\/3ea2118a5f7dad2b7138b1187a6b7ee55f160b9968b66013c3a3ef39dd7e5798?s=96&d=mm&r=g","caption":"Jeanette"},"sameAs":["https:\/\/www.eldiario.net\/portal"],"url":"https:\/\/www.eldiario.net\/portal\/author\/jeanette\/"}]}},"_links":{"self":[{"href":"https:\/\/www.eldiario.net\/portal\/wp-json\/wp\/v2\/posts\/3380","targetHints":{"allow":["GET"]}}],"collection":[{"href":"https:\/\/www.eldiario.net\/portal\/wp-json\/wp\/v2\/posts"}],"about":[{"href":"https:\/\/www.eldiario.net\/portal\/wp-json\/wp\/v2\/types\/post"}],"author":[{"embeddable":true,"href":"https:\/\/www.eldiario.net\/portal\/wp-json\/wp\/v2\/users\/1"}],"replies":[{"embeddable":true,"href":"https:\/\/www.eldiario.net\/portal\/wp-json\/wp\/v2\/comments?post=3380"}],"version-history":[{"count":0,"href":"https:\/\/www.eldiario.net\/portal\/wp-json\/wp\/v2\/posts\/3380\/revisions"}],"wp:attachment":[{"href":"https:\/\/www.eldiario.net\/portal\/wp-json\/wp\/v2\/media?parent=3380"}],"wp:term":[{"taxonomy":"category","embeddable":true,"href":"https:\/\/www.eldiario.net\/portal\/wp-json\/wp\/v2\/categories?post=3380"},{"taxonomy":"post_tag","embeddable":true,"href":"https:\/\/www.eldiario.net\/portal\/wp-json\/wp\/v2\/tags?post=3380"}],"curies":[{"name":"wp","href":"https:\/\/api.w.org\/{rel}","templated":true}]}}