{"id":33770,"date":"2021-10-02T06:31:01","date_gmt":"2021-10-02T10:31:01","guid":{"rendered":"https:\/\/www.eldiario.net\/portal\/?p=33770"},"modified":"2021-10-02T06:31:01","modified_gmt":"2021-10-02T10:31:01","slug":"citan-a-declarar-a-camacho-y-creemos-dice-que-no-permitira-golpe-a-gobernacion","status":"publish","type":"post","link":"https:\/\/www.eldiario.net\/portal\/2021\/10\/02\/citan-a-declarar-a-camacho-y-creemos-dice-que-no-permitira-golpe-a-gobernacion\/","title":{"rendered":"Citan a declarar a Camacho y Creemos dice  que no permitir\u00e1 \u201cgolpe\u201d a Gobernaci\u00f3n"},"content":{"rendered":"<p>Dentro del caso denominado golpe de Estado, el gobernador de Santa Cruz, Luis Fernando Camacho, fue convocado a declarar el 7 de octubre del presente a\u00f1o, en la Fiscal\u00eda Departamental de La Paz. La bancada de Creemos advirti\u00f3 que no permitir\u00e1n un \u201cgolpe\u201d a la Gobernaci\u00f3n de Santa Cruz.<br \/>\nEl fiscal general, Juan Lanchipa, inform\u00f3 que, de acuerdo al programa de recepci\u00f3n de declaraciones que fue elaborado por la comisi\u00f3n de fiscales que investiga el caso, la siguiente semana tambi\u00e9n ser\u00e1n convocados a declarar Jos\u00e9 Luis Camacho, Jorge Quiroga, Samuel Doria Medina, entre otros.<br \/>\n\u201cLa comisi\u00f3n de fiscales de la ciudad de La Paz que lleva adelante la investigaci\u00f3n del caso denominado golpe ha llevado adelante la programaci\u00f3n de las recepciones de las declaraciones de todas las personas y en este grupo se encuentra el Gobernador del departamento de Santa Cruz. El cronograma para recibir la declaraci\u00f3n est\u00e1 fijada para el 7 de octubre en la ciudad de La Paz\u201d, refiri\u00f3 Lanchipa.<br \/>\nLos denunciados en el presente caso son Luis Fernando Camacho y su padre Jos\u00e9 Luis Camacho, por los presuntos delitos de conspiraci\u00f3n y desestabilizaci\u00f3n, durante octubre y noviembre de 2019. Tambi\u00e9n fueron denunciados el excomandante de las Fuerzas Armadas de Bolivia, Williams Kaliman, y el excomandante de la Polic\u00eda Boliviana, Yuri Calder\u00f3n, por delitos de terrorismo, sedici\u00f3n y conspiraci\u00f3n.<br \/>\nAsimismo, por este mismo caso denunciado por la diputada del Movimiento al Socialismo (MAS) Lidia Patty, guardan detenci\u00f3n preventiva la expresidenta Jeanine A\u00f1ez, los exministros \u00c1lvaro Co\u00edmbra y Rodrigo Guzm\u00e1n, adem\u00e1s de ex jefes militares que acompa\u00f1aron al comandante en jefe de las Fuerzas Armadas (FFAA), Williams Kaliman, en la conferencia de prensa donde se sugiri\u00f3 la renuncia de Evo Morales. Todos imputados por los delitos de sedici\u00f3n, conspiraci\u00f3n y terrorismo.<br \/>\nAyer la expresidenta enfrent\u00f3 una audiencia donde la Fiscal\u00eda busca ampliar su detenci\u00f3n preventiva dentro del caso golpe de Estado I, empero la misma entr\u00f3 en un cuarto intermedio hasta las 9.00 horas de hoy, debido a una descomposici\u00f3n que sufri\u00f3 la exautoridad del pa\u00eds.<br \/>\nCarolina Ribera, hija de la expresidenta, manifest\u00f3 que su madre padece de una anorexia nerviosa y baj\u00f3 al menos dos kilos. \u201cSu situaci\u00f3n de salud es bastante cr\u00edtica\u201d, dijo.<\/p>\n<p>\u201cGOLPE A LA GOBERNACI\u00d3N\u201d<br \/>\nPor otro lado, la bancada de Creemos en diputados denunci\u00f3 ayer que la \u201cenardecida persecuci\u00f3n\u201d pol\u00edtica del gobierno del MAS contra la oposici\u00f3n pol\u00edtica y en particular contra el ahora gobernador Luis Fernando Camacho busca dar un \u201cgolpe a la Gobernaci\u00f3n Pol\u00edtica de Santa Cruz\u201d, con el intento de descabezar la gesti\u00f3n.<br \/>\n\u201cEl Gobernador de Santa Cruz no ha recibido formalmente ninguna citaci\u00f3n para declarar. Si esto llega a ocurrir emitiremos un comunicado formal y por su puesto emitiremos una decisi\u00f3n pol\u00edtica sobre lo que vamos a hacer\u201d, asever\u00f3 el diputado Erwin Baz\u00e1n.<br \/>\nAsimismo, la senadora Centa Rek record\u00f3 que la autoridad departamental desde hace meses atr\u00e1s adelant\u00f3 que est\u00e1 dispuesto a presentarse a cualquier citaci\u00f3n de la Fiscal\u00eda para dar su versi\u00f3n sobre lo ocurrido en los 21 d\u00edas de \u201chistoria de unidad, libertad y movimiento pac\u00edfico\u201d.<br \/>\nLa legisladora por Santa Cruz advirti\u00f3 que el supuesto caso golpe de Estado es montado por el oficialismo para perseguir pol\u00edticamente a la oposici\u00f3n.<br \/>\n\u201cTodos sabemos que no hubo un golpe de Estado, fue una manifestaci\u00f3n pac\u00edfica, llena de fervor ciudadano y patri\u00f3tico para evitar la consumaci\u00f3n de un monumental fraude electoral, que est\u00e1 comprobado\u201d, se\u00f1al\u00f3 Rek.<br \/>\nPor otro lado, la legisladora adelant\u00f3 que exigir\u00e1n la aplicaci\u00f3n del art\u00edculo 14 de la Constituci\u00f3n Pol\u00edtica.<br \/>\n\u201cEl juez natural es el de la jurisdicci\u00f3n del lugar donde pertenece la persona y donde supuestamente se cometieron los actos (investigados). Luis Fernando Camacho era presidente del Comit\u00e9 C\u00edvico de santa Cruz, por lo tanto su jurisdicci\u00f3n es Santa Cruz\u201d, indic\u00f3 Rek.<br \/>\nA trav\u00e9s de sus redes sociales, el Gobernador de Santa Cruz manifest\u00f3 que no lograr\u00e1n amedrentarlo y seguir\u00e1 trabajando por \u201csu pueblo\u201d.<\/p>\n<p>NORMA<br \/>\nArt\u00edculo 14.<br \/>\nI. Todo ser humano tiene personalidad y capacidad jur\u00eddica con arreglo a las leyes y goza de los derechos reconocidos por esta Constituci\u00f3n, sin distinci\u00f3n alguna.<\/p>\n<div id='gallery-1' class='gallery galleryid-33770 gallery-columns-3 gallery-size-medium'><figure class='gallery-item'>\n\t\t\t<div class='gallery-icon '>\n\t\t\t\t<a href='https:\/\/www.eldiario.net\/portal\/2021\/10\/02\/citan-a-declarar-a-camacho-y-creemos-dice-que-no-permitira-golpe-a-gobernacion\/anez-21\/'><img loading=\"lazy\" decoding=\"async\" width=\"1\" height=\"1\" src=\"https:\/\/www.eldiario.net\/portal\/wp-content\/uploads\/2021\/10\/ANEZ.jpg\" class=\"attachment-medium size-medium\" alt=\"\" aria-describedby=\"gallery-1-33772\" \/><\/a>\n\t\t\t<\/div>\n\t\t\t\t<figcaption class='wp-caption-text gallery-caption' id='gallery-1-33772'>\n\t\t\t\tJEANINE A\u00d1EZ, EXPRESIDENTA DE BOLIVIA.\n\t\t\t\t<\/figcaption><\/figure>\n\t\t<\/div>\n\n","protected":false},"excerpt":{"rendered":"<p>Dentro del caso denominado golpe de Estado, el gobernador de Santa Cruz, Luis Fernando Camacho, fue convocado a declarar el 7 de octubre del presente a\u00f1o, en la Fiscal\u00eda Departamental de La Paz. La bancada de Creemos advirti\u00f3 que no permitir\u00e1n un \u201cgolpe\u201d a la Gobernaci\u00f3n de Santa Cruz. El fiscal general, Juan Lanchipa, inform\u00f3 [&hellip;]<\/p>\n","protected":false},"author":1,"featured_media":33771,"comment_status":"closed","ping_status":"closed","sticky":false,"template":"","format":"standard","meta":{"_acf_changed":false,"footnotes":""},"categories":[39],"tags":[],"class_list":["post-33770","post","type-post","status-publish","format-standard","has-post-thumbnail","category-sociedad"],"acf":{"antetitulo":""},"yoast_head":"<!-- This site is optimized with the Yoast SEO plugin v28.4 - https:\/\/yoast.com\/product\/yoast-seo-wordpress\/ -->\n<title>Citan a declarar a Camacho y Creemos dice que no permitir\u00e1 \u201cgolpe\u201d a Gobernaci\u00f3n - El Diario - Bolivia<\/title>\n<meta name=\"robots\" content=\"index, follow, max-snippet:-1, max-image-preview:large, max-video-preview:-1\" \/>\n<link rel=\"canonical\" href=\"https:\/\/www.eldiario.net\/portal\/2021\/10\/02\/citan-a-declarar-a-camacho-y-creemos-dice-que-no-permitira-golpe-a-gobernacion\/\" \/>\n<meta property=\"og:locale\" content=\"es_ES\" \/>\n<meta property=\"og:type\" content=\"article\" \/>\n<meta property=\"og:title\" content=\"Citan a declarar a Camacho y Creemos dice que no permitir\u00e1 \u201cgolpe\u201d a Gobernaci\u00f3n - El Diario - Bolivia\" \/>\n<meta property=\"og:description\" content=\"Dentro del caso denominado golpe de Estado, el gobernador de Santa Cruz, Luis Fernando Camacho, fue convocado a declarar el 7 de octubre del presente a\u00f1o, en la Fiscal\u00eda Departamental de La Paz. La bancada de Creemos advirti\u00f3 que no permitir\u00e1n un \u201cgolpe\u201d a la Gobernaci\u00f3n de Santa Cruz. El fiscal general, Juan Lanchipa, inform\u00f3 [&hellip;]\" \/>\n<meta property=\"og:url\" content=\"https:\/\/www.eldiario.net\/portal\/2021\/10\/02\/citan-a-declarar-a-camacho-y-creemos-dice-que-no-permitira-golpe-a-gobernacion\/\" \/>\n<meta property=\"og:site_name\" content=\"El Diario - Bolivia\" \/>\n<meta property=\"article:publisher\" content=\"https:\/\/www.facebook.com\/eldiario.bolivia\/\" \/>\n<meta property=\"article:published_time\" content=\"2021-10-02T10:31:01+00:00\" \/>\n<meta name=\"author\" content=\"Jeanette\" \/>\n<meta name=\"twitter:card\" content=\"summary_large_image\" \/>\n<meta name=\"twitter:creator\" content=\"@eldiario_net\" \/>\n<meta name=\"twitter:site\" content=\"@eldiario_net\" \/>\n<meta name=\"twitter:label1\" content=\"Escrito por\" \/>\n\t<meta name=\"twitter:data1\" content=\"Jeanette\" \/>\n\t<meta name=\"twitter:label2\" content=\"Tiempo de lectura\" \/>\n\t<meta name=\"twitter:data2\" content=\"3 minutos\" \/>\n<script type=\"application\/ld+json\" class=\"yoast-schema-graph\">{\"@context\":\"https:\\\/\\\/schema.org\",\"@graph\":[{\"@type\":\"Article\",\"@id\":\"https:\\\/\\\/www.eldiario.net\\\/portal\\\/2021\\\/10\\\/02\\\/citan-a-declarar-a-camacho-y-creemos-dice-que-no-permitira-golpe-a-gobernacion\\\/#article\",\"isPartOf\":{\"@id\":\"https:\\\/\\\/www.eldiario.net\\\/portal\\\/2021\\\/10\\\/02\\\/citan-a-declarar-a-camacho-y-creemos-dice-que-no-permitira-golpe-a-gobernacion\\\/\"},\"author\":{\"name\":\"Jeanette\",\"@id\":\"https:\\\/\\\/www.eldiario.net\\\/portal\\\/#\\\/schema\\\/person\\\/2c57cf2b7a7ae032e449e4c9b1019eac\"},\"headline\":\"Citan a declarar a Camacho y Creemos dice que no permitir\u00e1 \u201cgolpe\u201d a Gobernaci\u00f3n\",\"datePublished\":\"2021-10-02T10:31:01+00:00\",\"mainEntityOfPage\":{\"@id\":\"https:\\\/\\\/www.eldiario.net\\\/portal\\\/2021\\\/10\\\/02\\\/citan-a-declarar-a-camacho-y-creemos-dice-que-no-permitira-golpe-a-gobernacion\\\/\"},\"wordCount\":760,\"publisher\":{\"@id\":\"https:\\\/\\\/www.eldiario.net\\\/portal\\\/#organization\"},\"image\":{\"@id\":\"https:\\\/\\\/www.eldiario.net\\\/portal\\\/2021\\\/10\\\/02\\\/citan-a-declarar-a-camacho-y-creemos-dice-que-no-permitira-golpe-a-gobernacion\\\/#primaryimage\"},\"thumbnailUrl\":\"\",\"articleSection\":[\"Sociedad - Seguridad\"],\"inLanguage\":\"es\"},{\"@type\":\"WebPage\",\"@id\":\"https:\\\/\\\/www.eldiario.net\\\/portal\\\/2021\\\/10\\\/02\\\/citan-a-declarar-a-camacho-y-creemos-dice-que-no-permitira-golpe-a-gobernacion\\\/\",\"url\":\"https:\\\/\\\/www.eldiario.net\\\/portal\\\/2021\\\/10\\\/02\\\/citan-a-declarar-a-camacho-y-creemos-dice-que-no-permitira-golpe-a-gobernacion\\\/\",\"name\":\"Citan a declarar a Camacho y Creemos dice que no permitir\u00e1 \u201cgolpe\u201d a Gobernaci\u00f3n - El Diario - Bolivia\",\"isPartOf\":{\"@id\":\"https:\\\/\\\/www.eldiario.net\\\/portal\\\/#website\"},\"primaryImageOfPage\":{\"@id\":\"https:\\\/\\\/www.eldiario.net\\\/portal\\\/2021\\\/10\\\/02\\\/citan-a-declarar-a-camacho-y-creemos-dice-que-no-permitira-golpe-a-gobernacion\\\/#primaryimage\"},\"image\":{\"@id\":\"https:\\\/\\\/www.eldiario.net\\\/portal\\\/2021\\\/10\\\/02\\\/citan-a-declarar-a-camacho-y-creemos-dice-que-no-permitira-golpe-a-gobernacion\\\/#primaryimage\"},\"thumbnailUrl\":\"\",\"datePublished\":\"2021-10-02T10:31:01+00:00\",\"breadcrumb\":{\"@id\":\"https:\\\/\\\/www.eldiario.net\\\/portal\\\/2021\\\/10\\\/02\\\/citan-a-declarar-a-camacho-y-creemos-dice-que-no-permitira-golpe-a-gobernacion\\\/#breadcrumb\"},\"inLanguage\":\"es\",\"potentialAction\":[{\"@type\":\"ReadAction\",\"target\":[\"https:\\\/\\\/www.eldiario.net\\\/portal\\\/2021\\\/10\\\/02\\\/citan-a-declarar-a-camacho-y-creemos-dice-que-no-permitira-golpe-a-gobernacion\\\/\"]}]},{\"@type\":\"ImageObject\",\"inLanguage\":\"es\",\"@id\":\"https:\\\/\\\/www.eldiario.net\\\/portal\\\/2021\\\/10\\\/02\\\/citan-a-declarar-a-camacho-y-creemos-dice-que-no-permitira-golpe-a-gobernacion\\\/#primaryimage\",\"url\":\"\",\"contentUrl\":\"\"},{\"@type\":\"BreadcrumbList\",\"@id\":\"https:\\\/\\\/www.eldiario.net\\\/portal\\\/2021\\\/10\\\/02\\\/citan-a-declarar-a-camacho-y-creemos-dice-que-no-permitira-golpe-a-gobernacion\\\/#breadcrumb\",\"itemListElement\":[{\"@type\":\"ListItem\",\"position\":1,\"name\":\"Portada\",\"item\":\"https:\\\/\\\/www.eldiario.net\\\/portal\\\/\"},{\"@type\":\"ListItem\",\"position\":2,\"name\":\"Citan a declarar a Camacho y Creemos dice que no permitir\u00e1 \u201cgolpe\u201d a Gobernaci\u00f3n\"}]},{\"@type\":\"WebSite\",\"@id\":\"https:\\\/\\\/www.eldiario.net\\\/portal\\\/#website\",\"url\":\"https:\\\/\\\/www.eldiario.net\\\/portal\\\/\",\"name\":\"El Diario - Decano de la prensa nacional\",\"description\":\"El Diario - Decano de la prensa nacional\",\"publisher\":{\"@id\":\"https:\\\/\\\/www.eldiario.net\\\/portal\\\/#organization\"},\"potentialAction\":[{\"@type\":\"SearchAction\",\"target\":{\"@type\":\"EntryPoint\",\"urlTemplate\":\"https:\\\/\\\/www.eldiario.net\\\/portal\\\/?s={search_term_string}\"},\"query-input\":{\"@type\":\"PropertyValueSpecification\",\"valueRequired\":true,\"valueName\":\"search_term_string\"}}],\"inLanguage\":\"es\"},{\"@type\":\"Organization\",\"@id\":\"https:\\\/\\\/www.eldiario.net\\\/portal\\\/#organization\",\"name\":\"El Diario - Decano de la prensa nacional\",\"url\":\"https:\\\/\\\/www.eldiario.net\\\/portal\\\/\",\"logo\":{\"@type\":\"ImageObject\",\"inLanguage\":\"es\",\"@id\":\"https:\\\/\\\/www.eldiario.net\\\/portal\\\/#\\\/schema\\\/logo\\\/image\\\/\",\"url\":\"https:\\\/\\\/www.eldiario.net\\\/portal\\\/wp-content\\\/uploads\\\/2023\\\/07\\\/logo_ED.jpg\",\"contentUrl\":\"https:\\\/\\\/www.eldiario.net\\\/portal\\\/wp-content\\\/uploads\\\/2023\\\/07\\\/logo_ED.jpg\",\"width\":272,\"height\":52,\"caption\":\"El Diario - Decano de la prensa nacional\"},\"image\":{\"@id\":\"https:\\\/\\\/www.eldiario.net\\\/portal\\\/#\\\/schema\\\/logo\\\/image\\\/\"},\"sameAs\":[\"https:\\\/\\\/www.facebook.com\\\/eldiario.bolivia\\\/\",\"https:\\\/\\\/x.com\\\/eldiario_net\"]},{\"@type\":\"Person\",\"@id\":\"https:\\\/\\\/www.eldiario.net\\\/portal\\\/#\\\/schema\\\/person\\\/2c57cf2b7a7ae032e449e4c9b1019eac\",\"name\":\"Jeanette\",\"image\":{\"@type\":\"ImageObject\",\"inLanguage\":\"es\",\"@id\":\"https:\\\/\\\/secure.gravatar.com\\\/avatar\\\/3ea2118a5f7dad2b7138b1187a6b7ee55f160b9968b66013c3a3ef39dd7e5798?s=96&d=mm&r=g\",\"url\":\"https:\\\/\\\/secure.gravatar.com\\\/avatar\\\/3ea2118a5f7dad2b7138b1187a6b7ee55f160b9968b66013c3a3ef39dd7e5798?s=96&d=mm&r=g\",\"contentUrl\":\"https:\\\/\\\/secure.gravatar.com\\\/avatar\\\/3ea2118a5f7dad2b7138b1187a6b7ee55f160b9968b66013c3a3ef39dd7e5798?s=96&d=mm&r=g\",\"caption\":\"Jeanette\"},\"sameAs\":[\"https:\\\/\\\/www.eldiario.net\\\/portal\"],\"url\":\"https:\\\/\\\/www.eldiario.net\\\/portal\\\/author\\\/jeanette\\\/\"}]}<\/script>\n<!-- \/ Yoast SEO plugin. -->","yoast_head_json":{"title":"Citan a declarar a Camacho y Creemos dice que no permitir\u00e1 \u201cgolpe\u201d a Gobernaci\u00f3n - El Diario - Bolivia","robots":{"index":"index","follow":"follow","max-snippet":"max-snippet:-1","max-image-preview":"max-image-preview:large","max-video-preview":"max-video-preview:-1"},"canonical":"https:\/\/www.eldiario.net\/portal\/2021\/10\/02\/citan-a-declarar-a-camacho-y-creemos-dice-que-no-permitira-golpe-a-gobernacion\/","og_locale":"es_ES","og_type":"article","og_title":"Citan a declarar a Camacho y Creemos dice que no permitir\u00e1 \u201cgolpe\u201d a Gobernaci\u00f3n - El Diario - Bolivia","og_description":"Dentro del caso denominado golpe de Estado, el gobernador de Santa Cruz, Luis Fernando Camacho, fue convocado a declarar el 7 de octubre del presente a\u00f1o, en la Fiscal\u00eda Departamental de La Paz. La bancada de Creemos advirti\u00f3 que no permitir\u00e1n un \u201cgolpe\u201d a la Gobernaci\u00f3n de Santa Cruz. El fiscal general, Juan Lanchipa, inform\u00f3 [&hellip;]","og_url":"https:\/\/www.eldiario.net\/portal\/2021\/10\/02\/citan-a-declarar-a-camacho-y-creemos-dice-que-no-permitira-golpe-a-gobernacion\/","og_site_name":"El Diario - Bolivia","article_publisher":"https:\/\/www.facebook.com\/eldiario.bolivia\/","article_published_time":"2021-10-02T10:31:01+00:00","author":"Jeanette","twitter_card":"summary_large_image","twitter_creator":"@eldiario_net","twitter_site":"@eldiario_net","twitter_misc":{"Escrito por":"Jeanette","Tiempo de lectura":"3 minutos"},"schema":{"@context":"https:\/\/schema.org","@graph":[{"@type":"Article","@id":"https:\/\/www.eldiario.net\/portal\/2021\/10\/02\/citan-a-declarar-a-camacho-y-creemos-dice-que-no-permitira-golpe-a-gobernacion\/#article","isPartOf":{"@id":"https:\/\/www.eldiario.net\/portal\/2021\/10\/02\/citan-a-declarar-a-camacho-y-creemos-dice-que-no-permitira-golpe-a-gobernacion\/"},"author":{"name":"Jeanette","@id":"https:\/\/www.eldiario.net\/portal\/#\/schema\/person\/2c57cf2b7a7ae032e449e4c9b1019eac"},"headline":"Citan a declarar a Camacho y Creemos dice que no permitir\u00e1 \u201cgolpe\u201d a Gobernaci\u00f3n","datePublished":"2021-10-02T10:31:01+00:00","mainEntityOfPage":{"@id":"https:\/\/www.eldiario.net\/portal\/2021\/10\/02\/citan-a-declarar-a-camacho-y-creemos-dice-que-no-permitira-golpe-a-gobernacion\/"},"wordCount":760,"publisher":{"@id":"https:\/\/www.eldiario.net\/portal\/#organization"},"image":{"@id":"https:\/\/www.eldiario.net\/portal\/2021\/10\/02\/citan-a-declarar-a-camacho-y-creemos-dice-que-no-permitira-golpe-a-gobernacion\/#primaryimage"},"thumbnailUrl":"","articleSection":["Sociedad - Seguridad"],"inLanguage":"es"},{"@type":"WebPage","@id":"https:\/\/www.eldiario.net\/portal\/2021\/10\/02\/citan-a-declarar-a-camacho-y-creemos-dice-que-no-permitira-golpe-a-gobernacion\/","url":"https:\/\/www.eldiario.net\/portal\/2021\/10\/02\/citan-a-declarar-a-camacho-y-creemos-dice-que-no-permitira-golpe-a-gobernacion\/","name":"Citan a declarar a Camacho y Creemos dice que no permitir\u00e1 \u201cgolpe\u201d a Gobernaci\u00f3n - El Diario - Bolivia","isPartOf":{"@id":"https:\/\/www.eldiario.net\/portal\/#website"},"primaryImageOfPage":{"@id":"https:\/\/www.eldiario.net\/portal\/2021\/10\/02\/citan-a-declarar-a-camacho-y-creemos-dice-que-no-permitira-golpe-a-gobernacion\/#primaryimage"},"image":{"@id":"https:\/\/www.eldiario.net\/portal\/2021\/10\/02\/citan-a-declarar-a-camacho-y-creemos-dice-que-no-permitira-golpe-a-gobernacion\/#primaryimage"},"thumbnailUrl":"","datePublished":"2021-10-02T10:31:01+00:00","breadcrumb":{"@id":"https:\/\/www.eldiario.net\/portal\/2021\/10\/02\/citan-a-declarar-a-camacho-y-creemos-dice-que-no-permitira-golpe-a-gobernacion\/#breadcrumb"},"inLanguage":"es","potentialAction":[{"@type":"ReadAction","target":["https:\/\/www.eldiario.net\/portal\/2021\/10\/02\/citan-a-declarar-a-camacho-y-creemos-dice-que-no-permitira-golpe-a-gobernacion\/"]}]},{"@type":"ImageObject","inLanguage":"es","@id":"https:\/\/www.eldiario.net\/portal\/2021\/10\/02\/citan-a-declarar-a-camacho-y-creemos-dice-que-no-permitira-golpe-a-gobernacion\/#primaryimage","url":"","contentUrl":""},{"@type":"BreadcrumbList","@id":"https:\/\/www.eldiario.net\/portal\/2021\/10\/02\/citan-a-declarar-a-camacho-y-creemos-dice-que-no-permitira-golpe-a-gobernacion\/#breadcrumb","itemListElement":[{"@type":"ListItem","position":1,"name":"Portada","item":"https:\/\/www.eldiario.net\/portal\/"},{"@type":"ListItem","position":2,"name":"Citan a declarar a Camacho y Creemos dice que no permitir\u00e1 \u201cgolpe\u201d a Gobernaci\u00f3n"}]},{"@type":"WebSite","@id":"https:\/\/www.eldiario.net\/portal\/#website","url":"https:\/\/www.eldiario.net\/portal\/","name":"El Diario - Decano de la prensa nacional","description":"El Diario - Decano de la prensa nacional","publisher":{"@id":"https:\/\/www.eldiario.net\/portal\/#organization"},"potentialAction":[{"@type":"SearchAction","target":{"@type":"EntryPoint","urlTemplate":"https:\/\/www.eldiario.net\/portal\/?s={search_term_string}"},"query-input":{"@type":"PropertyValueSpecification","valueRequired":true,"valueName":"search_term_string"}}],"inLanguage":"es"},{"@type":"Organization","@id":"https:\/\/www.eldiario.net\/portal\/#organization","name":"El Diario - Decano de la prensa nacional","url":"https:\/\/www.eldiario.net\/portal\/","logo":{"@type":"ImageObject","inLanguage":"es","@id":"https:\/\/www.eldiario.net\/portal\/#\/schema\/logo\/image\/","url":"https:\/\/www.eldiario.net\/portal\/wp-content\/uploads\/2023\/07\/logo_ED.jpg","contentUrl":"https:\/\/www.eldiario.net\/portal\/wp-content\/uploads\/2023\/07\/logo_ED.jpg","width":272,"height":52,"caption":"El Diario - Decano de la prensa nacional"},"image":{"@id":"https:\/\/www.eldiario.net\/portal\/#\/schema\/logo\/image\/"},"sameAs":["https:\/\/www.facebook.com\/eldiario.bolivia\/","https:\/\/x.com\/eldiario_net"]},{"@type":"Person","@id":"https:\/\/www.eldiario.net\/portal\/#\/schema\/person\/2c57cf2b7a7ae032e449e4c9b1019eac","name":"Jeanette","image":{"@type":"ImageObject","inLanguage":"es","@id":"https:\/\/secure.gravatar.com\/avatar\/3ea2118a5f7dad2b7138b1187a6b7ee55f160b9968b66013c3a3ef39dd7e5798?s=96&d=mm&r=g","url":"https:\/\/secure.gravatar.com\/avatar\/3ea2118a5f7dad2b7138b1187a6b7ee55f160b9968b66013c3a3ef39dd7e5798?s=96&d=mm&r=g","contentUrl":"https:\/\/secure.gravatar.com\/avatar\/3ea2118a5f7dad2b7138b1187a6b7ee55f160b9968b66013c3a3ef39dd7e5798?s=96&d=mm&r=g","caption":"Jeanette"},"sameAs":["https:\/\/www.eldiario.net\/portal"],"url":"https:\/\/www.eldiario.net\/portal\/author\/jeanette\/"}]}},"_links":{"self":[{"href":"https:\/\/www.eldiario.net\/portal\/wp-json\/wp\/v2\/posts\/33770","targetHints":{"allow":["GET"]}}],"collection":[{"href":"https:\/\/www.eldiario.net\/portal\/wp-json\/wp\/v2\/posts"}],"about":[{"href":"https:\/\/www.eldiario.net\/portal\/wp-json\/wp\/v2\/types\/post"}],"author":[{"embeddable":true,"href":"https:\/\/www.eldiario.net\/portal\/wp-json\/wp\/v2\/users\/1"}],"replies":[{"embeddable":true,"href":"https:\/\/www.eldiario.net\/portal\/wp-json\/wp\/v2\/comments?post=33770"}],"version-history":[{"count":0,"href":"https:\/\/www.eldiario.net\/portal\/wp-json\/wp\/v2\/posts\/33770\/revisions"}],"wp:attachment":[{"href":"https:\/\/www.eldiario.net\/portal\/wp-json\/wp\/v2\/media?parent=33770"}],"wp:term":[{"taxonomy":"category","embeddable":true,"href":"https:\/\/www.eldiario.net\/portal\/wp-json\/wp\/v2\/categories?post=33770"},{"taxonomy":"post_tag","embeddable":true,"href":"https:\/\/www.eldiario.net\/portal\/wp-json\/wp\/v2\/tags?post=33770"}],"curies":[{"name":"wp","href":"https:\/\/api.w.org\/{rel}","templated":true}]}}