{"id":33764,"date":"2021-10-02T06:27:55","date_gmt":"2021-10-02T10:27:55","guid":{"rendered":"https:\/\/www.eldiario.net\/portal\/?p=33764"},"modified":"2021-10-02T06:27:55","modified_gmt":"2021-10-02T10:27:55","slug":"detencion-domiciliaria-para-sujeto-aprehendido-con-explosivos","status":"publish","type":"post","link":"https:\/\/www.eldiario.net\/portal\/2021\/10\/02\/detencion-domiciliaria-para-sujeto-aprehendido-con-explosivos\/","title":{"rendered":"Detenci\u00f3n domiciliaria para sujeto   aprehendido con explosivos"},"content":{"rendered":"<p>El abogado Johan Guti\u00e9rrez inform\u00f3 ayer que una persona que fue aprehendida el pasado mi\u00e9rcoles, presuntamente portando explosivos, fue enviada con detenci\u00f3n domiciliaria. El fiscal general, Juan Lanchipa, inform\u00f3 que se realizan investigaciones respecto a los hechos delictivos que se registran en torno a los conflictos por la sede de la Asociaci\u00f3n Departamental de Productores de Coca (Adepcoca) en la zona de Villa F\u00e1tima de la ciudad de La Paz.<br \/>\nEl abogado aclar\u00f3 que su patrocinado fue confundido porque no es productor de coca sino vecino de Villa el Carmen y que fue aprehendido cuando estaba dirigi\u00e9ndose a su domicilio, empero fue vinculado con la portaci\u00f3n de explosivos.<br \/>\nPor otro lado, Lanchipa aclar\u00f3 que por la naturaleza del conflicto donde efectivos policiales y productores de coca se enfrentan desde el 21 de septiembre, la Fiscal\u00eda Departamental de La Paz conform\u00f3 un cuerpo de fiscales para llevar adelante la investigaci\u00f3n en todas las \u00e1reas que demanda este caso.<br \/>\n\u201cComo Ministerio P\u00fablico llevamos adelante el trabajo de investigaci\u00f3n imparcial de aquellos hechos que generan la comisi\u00f3n de hechos delictivos. Trabajamos dentro del marco de la imparcialidad y objetividad sin perjudicar o favorecer a ning\u00fan grupo, simplemente garantizamos los derechos y garant\u00edas de todas las personas involucradas en estos conflictos y esperemos que no avance y tengamos pronto la paz social que es importante para todo nuestro pa\u00eds\u201d, dijo Lanchipa.<br \/>\nDesde el 21 de septiembre se vienen registrando conflictos entre cocaleros que se disputan la sede de Adepcoca, ubicada en la zona de Villa F\u00e1tima de la ciudad de La Paz, donde se registran y ocasionan da\u00f1os a las viviendas y vecinos de la zona.<\/p>\n","protected":false},"excerpt":{"rendered":"<p>El abogado Johan Guti\u00e9rrez inform\u00f3 ayer que una persona que fue aprehendida el pasado mi\u00e9rcoles, presuntamente portando explosivos, fue enviada con detenci\u00f3n domiciliaria. El fiscal general, Juan Lanchipa, inform\u00f3 que se realizan investigaciones respecto a los hechos delictivos que se registran en torno a los conflictos por la sede de la Asociaci\u00f3n Departamental de Productores [&hellip;]<\/p>\n","protected":false},"author":1,"featured_media":33765,"comment_status":"closed","ping_status":"closed","sticky":false,"template":"","format":"standard","meta":{"_acf_changed":false,"footnotes":""},"categories":[39],"tags":[],"class_list":["post-33764","post","type-post","status-publish","format-standard","has-post-thumbnail","category-sociedad"],"acf":{"antetitulo":""},"yoast_head":"<!-- This site is optimized with the Yoast SEO plugin v28.4 - https:\/\/yoast.com\/product\/yoast-seo-wordpress\/ -->\n<title>Detenci\u00f3n domiciliaria para sujeto  aprehendido con explosivos - El Diario - Bolivia<\/title>\n<meta name=\"robots\" content=\"index, follow, max-snippet:-1, max-image-preview:large, max-video-preview:-1\" \/>\n<link rel=\"canonical\" href=\"https:\/\/www.eldiario.net\/portal\/2021\/10\/02\/detencion-domiciliaria-para-sujeto-aprehendido-con-explosivos\/\" \/>\n<meta property=\"og:locale\" content=\"es_ES\" \/>\n<meta property=\"og:type\" content=\"article\" \/>\n<meta property=\"og:title\" content=\"Detenci\u00f3n domiciliaria para sujeto  aprehendido con explosivos - El Diario - Bolivia\" \/>\n<meta property=\"og:description\" content=\"El abogado Johan Guti\u00e9rrez inform\u00f3 ayer que una persona que fue aprehendida el pasado mi\u00e9rcoles, presuntamente portando explosivos, fue enviada con detenci\u00f3n domiciliaria. El fiscal general, Juan Lanchipa, inform\u00f3 que se realizan investigaciones respecto a los hechos delictivos que se registran en torno a los conflictos por la sede de la Asociaci\u00f3n Departamental de Productores [&hellip;]\" \/>\n<meta property=\"og:url\" content=\"https:\/\/www.eldiario.net\/portal\/2021\/10\/02\/detencion-domiciliaria-para-sujeto-aprehendido-con-explosivos\/\" \/>\n<meta property=\"og:site_name\" content=\"El Diario - Bolivia\" \/>\n<meta property=\"article:publisher\" content=\"https:\/\/www.facebook.com\/eldiario.bolivia\/\" \/>\n<meta property=\"article:published_time\" content=\"2021-10-02T10:27:55+00:00\" \/>\n<meta name=\"author\" content=\"Jeanette\" \/>\n<meta name=\"twitter:card\" content=\"summary_large_image\" \/>\n<meta name=\"twitter:creator\" content=\"@eldiario_net\" \/>\n<meta name=\"twitter:site\" content=\"@eldiario_net\" \/>\n<meta name=\"twitter:label1\" content=\"Escrito por\" \/>\n\t<meta name=\"twitter:data1\" content=\"Jeanette\" \/>\n\t<meta name=\"twitter:label2\" content=\"Tiempo de lectura\" \/>\n\t<meta name=\"twitter:data2\" content=\"2 minutos\" \/>\n<script type=\"application\/ld+json\" class=\"yoast-schema-graph\">{\"@context\":\"https:\\\/\\\/schema.org\",\"@graph\":[{\"@type\":\"Article\",\"@id\":\"https:\\\/\\\/www.eldiario.net\\\/portal\\\/2021\\\/10\\\/02\\\/detencion-domiciliaria-para-sujeto-aprehendido-con-explosivos\\\/#article\",\"isPartOf\":{\"@id\":\"https:\\\/\\\/www.eldiario.net\\\/portal\\\/2021\\\/10\\\/02\\\/detencion-domiciliaria-para-sujeto-aprehendido-con-explosivos\\\/\"},\"author\":{\"name\":\"Jeanette\",\"@id\":\"https:\\\/\\\/www.eldiario.net\\\/portal\\\/#\\\/schema\\\/person\\\/2c57cf2b7a7ae032e449e4c9b1019eac\"},\"headline\":\"Detenci\u00f3n domiciliaria para sujeto aprehendido con explosivos\",\"datePublished\":\"2021-10-02T10:27:55+00:00\",\"mainEntityOfPage\":{\"@id\":\"https:\\\/\\\/www.eldiario.net\\\/portal\\\/2021\\\/10\\\/02\\\/detencion-domiciliaria-para-sujeto-aprehendido-con-explosivos\\\/\"},\"wordCount\":295,\"publisher\":{\"@id\":\"https:\\\/\\\/www.eldiario.net\\\/portal\\\/#organization\"},\"image\":{\"@id\":\"https:\\\/\\\/www.eldiario.net\\\/portal\\\/2021\\\/10\\\/02\\\/detencion-domiciliaria-para-sujeto-aprehendido-con-explosivos\\\/#primaryimage\"},\"thumbnailUrl\":\"\",\"articleSection\":[\"Sociedad - Seguridad\"],\"inLanguage\":\"es\"},{\"@type\":\"WebPage\",\"@id\":\"https:\\\/\\\/www.eldiario.net\\\/portal\\\/2021\\\/10\\\/02\\\/detencion-domiciliaria-para-sujeto-aprehendido-con-explosivos\\\/\",\"url\":\"https:\\\/\\\/www.eldiario.net\\\/portal\\\/2021\\\/10\\\/02\\\/detencion-domiciliaria-para-sujeto-aprehendido-con-explosivos\\\/\",\"name\":\"Detenci\u00f3n domiciliaria para sujeto aprehendido con explosivos - El Diario - Bolivia\",\"isPartOf\":{\"@id\":\"https:\\\/\\\/www.eldiario.net\\\/portal\\\/#website\"},\"primaryImageOfPage\":{\"@id\":\"https:\\\/\\\/www.eldiario.net\\\/portal\\\/2021\\\/10\\\/02\\\/detencion-domiciliaria-para-sujeto-aprehendido-con-explosivos\\\/#primaryimage\"},\"image\":{\"@id\":\"https:\\\/\\\/www.eldiario.net\\\/portal\\\/2021\\\/10\\\/02\\\/detencion-domiciliaria-para-sujeto-aprehendido-con-explosivos\\\/#primaryimage\"},\"thumbnailUrl\":\"\",\"datePublished\":\"2021-10-02T10:27:55+00:00\",\"breadcrumb\":{\"@id\":\"https:\\\/\\\/www.eldiario.net\\\/portal\\\/2021\\\/10\\\/02\\\/detencion-domiciliaria-para-sujeto-aprehendido-con-explosivos\\\/#breadcrumb\"},\"inLanguage\":\"es\",\"potentialAction\":[{\"@type\":\"ReadAction\",\"target\":[\"https:\\\/\\\/www.eldiario.net\\\/portal\\\/2021\\\/10\\\/02\\\/detencion-domiciliaria-para-sujeto-aprehendido-con-explosivos\\\/\"]}]},{\"@type\":\"ImageObject\",\"inLanguage\":\"es\",\"@id\":\"https:\\\/\\\/www.eldiario.net\\\/portal\\\/2021\\\/10\\\/02\\\/detencion-domiciliaria-para-sujeto-aprehendido-con-explosivos\\\/#primaryimage\",\"url\":\"\",\"contentUrl\":\"\"},{\"@type\":\"BreadcrumbList\",\"@id\":\"https:\\\/\\\/www.eldiario.net\\\/portal\\\/2021\\\/10\\\/02\\\/detencion-domiciliaria-para-sujeto-aprehendido-con-explosivos\\\/#breadcrumb\",\"itemListElement\":[{\"@type\":\"ListItem\",\"position\":1,\"name\":\"Portada\",\"item\":\"https:\\\/\\\/www.eldiario.net\\\/portal\\\/\"},{\"@type\":\"ListItem\",\"position\":2,\"name\":\"Detenci\u00f3n domiciliaria para sujeto aprehendido con explosivos\"}]},{\"@type\":\"WebSite\",\"@id\":\"https:\\\/\\\/www.eldiario.net\\\/portal\\\/#website\",\"url\":\"https:\\\/\\\/www.eldiario.net\\\/portal\\\/\",\"name\":\"El Diario - Decano de la prensa nacional\",\"description\":\"El Diario - Decano de la prensa nacional\",\"publisher\":{\"@id\":\"https:\\\/\\\/www.eldiario.net\\\/portal\\\/#organization\"},\"potentialAction\":[{\"@type\":\"SearchAction\",\"target\":{\"@type\":\"EntryPoint\",\"urlTemplate\":\"https:\\\/\\\/www.eldiario.net\\\/portal\\\/?s={search_term_string}\"},\"query-input\":{\"@type\":\"PropertyValueSpecification\",\"valueRequired\":true,\"valueName\":\"search_term_string\"}}],\"inLanguage\":\"es\"},{\"@type\":\"Organization\",\"@id\":\"https:\\\/\\\/www.eldiario.net\\\/portal\\\/#organization\",\"name\":\"El Diario - Decano de la prensa nacional\",\"url\":\"https:\\\/\\\/www.eldiario.net\\\/portal\\\/\",\"logo\":{\"@type\":\"ImageObject\",\"inLanguage\":\"es\",\"@id\":\"https:\\\/\\\/www.eldiario.net\\\/portal\\\/#\\\/schema\\\/logo\\\/image\\\/\",\"url\":\"https:\\\/\\\/www.eldiario.net\\\/portal\\\/wp-content\\\/uploads\\\/2023\\\/07\\\/logo_ED.jpg\",\"contentUrl\":\"https:\\\/\\\/www.eldiario.net\\\/portal\\\/wp-content\\\/uploads\\\/2023\\\/07\\\/logo_ED.jpg\",\"width\":272,\"height\":52,\"caption\":\"El Diario - Decano de la prensa nacional\"},\"image\":{\"@id\":\"https:\\\/\\\/www.eldiario.net\\\/portal\\\/#\\\/schema\\\/logo\\\/image\\\/\"},\"sameAs\":[\"https:\\\/\\\/www.facebook.com\\\/eldiario.bolivia\\\/\",\"https:\\\/\\\/x.com\\\/eldiario_net\"]},{\"@type\":\"Person\",\"@id\":\"https:\\\/\\\/www.eldiario.net\\\/portal\\\/#\\\/schema\\\/person\\\/2c57cf2b7a7ae032e449e4c9b1019eac\",\"name\":\"Jeanette\",\"image\":{\"@type\":\"ImageObject\",\"inLanguage\":\"es\",\"@id\":\"https:\\\/\\\/secure.gravatar.com\\\/avatar\\\/3ea2118a5f7dad2b7138b1187a6b7ee55f160b9968b66013c3a3ef39dd7e5798?s=96&d=mm&r=g\",\"url\":\"https:\\\/\\\/secure.gravatar.com\\\/avatar\\\/3ea2118a5f7dad2b7138b1187a6b7ee55f160b9968b66013c3a3ef39dd7e5798?s=96&d=mm&r=g\",\"contentUrl\":\"https:\\\/\\\/secure.gravatar.com\\\/avatar\\\/3ea2118a5f7dad2b7138b1187a6b7ee55f160b9968b66013c3a3ef39dd7e5798?s=96&d=mm&r=g\",\"caption\":\"Jeanette\"},\"sameAs\":[\"https:\\\/\\\/www.eldiario.net\\\/portal\"],\"url\":\"https:\\\/\\\/www.eldiario.net\\\/portal\\\/author\\\/jeanette\\\/\"}]}<\/script>\n<!-- \/ Yoast SEO plugin. -->","yoast_head_json":{"title":"Detenci\u00f3n domiciliaria para sujeto  aprehendido con explosivos - El Diario - Bolivia","robots":{"index":"index","follow":"follow","max-snippet":"max-snippet:-1","max-image-preview":"max-image-preview:large","max-video-preview":"max-video-preview:-1"},"canonical":"https:\/\/www.eldiario.net\/portal\/2021\/10\/02\/detencion-domiciliaria-para-sujeto-aprehendido-con-explosivos\/","og_locale":"es_ES","og_type":"article","og_title":"Detenci\u00f3n domiciliaria para sujeto  aprehendido con explosivos - El Diario - Bolivia","og_description":"El abogado Johan Guti\u00e9rrez inform\u00f3 ayer que una persona que fue aprehendida el pasado mi\u00e9rcoles, presuntamente portando explosivos, fue enviada con detenci\u00f3n domiciliaria. El fiscal general, Juan Lanchipa, inform\u00f3 que se realizan investigaciones respecto a los hechos delictivos que se registran en torno a los conflictos por la sede de la Asociaci\u00f3n Departamental de Productores [&hellip;]","og_url":"https:\/\/www.eldiario.net\/portal\/2021\/10\/02\/detencion-domiciliaria-para-sujeto-aprehendido-con-explosivos\/","og_site_name":"El Diario - Bolivia","article_publisher":"https:\/\/www.facebook.com\/eldiario.bolivia\/","article_published_time":"2021-10-02T10:27:55+00:00","author":"Jeanette","twitter_card":"summary_large_image","twitter_creator":"@eldiario_net","twitter_site":"@eldiario_net","twitter_misc":{"Escrito por":"Jeanette","Tiempo de lectura":"2 minutos"},"schema":{"@context":"https:\/\/schema.org","@graph":[{"@type":"Article","@id":"https:\/\/www.eldiario.net\/portal\/2021\/10\/02\/detencion-domiciliaria-para-sujeto-aprehendido-con-explosivos\/#article","isPartOf":{"@id":"https:\/\/www.eldiario.net\/portal\/2021\/10\/02\/detencion-domiciliaria-para-sujeto-aprehendido-con-explosivos\/"},"author":{"name":"Jeanette","@id":"https:\/\/www.eldiario.net\/portal\/#\/schema\/person\/2c57cf2b7a7ae032e449e4c9b1019eac"},"headline":"Detenci\u00f3n domiciliaria para sujeto aprehendido con explosivos","datePublished":"2021-10-02T10:27:55+00:00","mainEntityOfPage":{"@id":"https:\/\/www.eldiario.net\/portal\/2021\/10\/02\/detencion-domiciliaria-para-sujeto-aprehendido-con-explosivos\/"},"wordCount":295,"publisher":{"@id":"https:\/\/www.eldiario.net\/portal\/#organization"},"image":{"@id":"https:\/\/www.eldiario.net\/portal\/2021\/10\/02\/detencion-domiciliaria-para-sujeto-aprehendido-con-explosivos\/#primaryimage"},"thumbnailUrl":"","articleSection":["Sociedad - Seguridad"],"inLanguage":"es"},{"@type":"WebPage","@id":"https:\/\/www.eldiario.net\/portal\/2021\/10\/02\/detencion-domiciliaria-para-sujeto-aprehendido-con-explosivos\/","url":"https:\/\/www.eldiario.net\/portal\/2021\/10\/02\/detencion-domiciliaria-para-sujeto-aprehendido-con-explosivos\/","name":"Detenci\u00f3n domiciliaria para sujeto aprehendido con explosivos - El Diario - Bolivia","isPartOf":{"@id":"https:\/\/www.eldiario.net\/portal\/#website"},"primaryImageOfPage":{"@id":"https:\/\/www.eldiario.net\/portal\/2021\/10\/02\/detencion-domiciliaria-para-sujeto-aprehendido-con-explosivos\/#primaryimage"},"image":{"@id":"https:\/\/www.eldiario.net\/portal\/2021\/10\/02\/detencion-domiciliaria-para-sujeto-aprehendido-con-explosivos\/#primaryimage"},"thumbnailUrl":"","datePublished":"2021-10-02T10:27:55+00:00","breadcrumb":{"@id":"https:\/\/www.eldiario.net\/portal\/2021\/10\/02\/detencion-domiciliaria-para-sujeto-aprehendido-con-explosivos\/#breadcrumb"},"inLanguage":"es","potentialAction":[{"@type":"ReadAction","target":["https:\/\/www.eldiario.net\/portal\/2021\/10\/02\/detencion-domiciliaria-para-sujeto-aprehendido-con-explosivos\/"]}]},{"@type":"ImageObject","inLanguage":"es","@id":"https:\/\/www.eldiario.net\/portal\/2021\/10\/02\/detencion-domiciliaria-para-sujeto-aprehendido-con-explosivos\/#primaryimage","url":"","contentUrl":""},{"@type":"BreadcrumbList","@id":"https:\/\/www.eldiario.net\/portal\/2021\/10\/02\/detencion-domiciliaria-para-sujeto-aprehendido-con-explosivos\/#breadcrumb","itemListElement":[{"@type":"ListItem","position":1,"name":"Portada","item":"https:\/\/www.eldiario.net\/portal\/"},{"@type":"ListItem","position":2,"name":"Detenci\u00f3n domiciliaria para sujeto aprehendido con explosivos"}]},{"@type":"WebSite","@id":"https:\/\/www.eldiario.net\/portal\/#website","url":"https:\/\/www.eldiario.net\/portal\/","name":"El Diario - Decano de la prensa nacional","description":"El Diario - Decano de la prensa nacional","publisher":{"@id":"https:\/\/www.eldiario.net\/portal\/#organization"},"potentialAction":[{"@type":"SearchAction","target":{"@type":"EntryPoint","urlTemplate":"https:\/\/www.eldiario.net\/portal\/?s={search_term_string}"},"query-input":{"@type":"PropertyValueSpecification","valueRequired":true,"valueName":"search_term_string"}}],"inLanguage":"es"},{"@type":"Organization","@id":"https:\/\/www.eldiario.net\/portal\/#organization","name":"El Diario - Decano de la prensa nacional","url":"https:\/\/www.eldiario.net\/portal\/","logo":{"@type":"ImageObject","inLanguage":"es","@id":"https:\/\/www.eldiario.net\/portal\/#\/schema\/logo\/image\/","url":"https:\/\/www.eldiario.net\/portal\/wp-content\/uploads\/2023\/07\/logo_ED.jpg","contentUrl":"https:\/\/www.eldiario.net\/portal\/wp-content\/uploads\/2023\/07\/logo_ED.jpg","width":272,"height":52,"caption":"El Diario - Decano de la prensa nacional"},"image":{"@id":"https:\/\/www.eldiario.net\/portal\/#\/schema\/logo\/image\/"},"sameAs":["https:\/\/www.facebook.com\/eldiario.bolivia\/","https:\/\/x.com\/eldiario_net"]},{"@type":"Person","@id":"https:\/\/www.eldiario.net\/portal\/#\/schema\/person\/2c57cf2b7a7ae032e449e4c9b1019eac","name":"Jeanette","image":{"@type":"ImageObject","inLanguage":"es","@id":"https:\/\/secure.gravatar.com\/avatar\/3ea2118a5f7dad2b7138b1187a6b7ee55f160b9968b66013c3a3ef39dd7e5798?s=96&d=mm&r=g","url":"https:\/\/secure.gravatar.com\/avatar\/3ea2118a5f7dad2b7138b1187a6b7ee55f160b9968b66013c3a3ef39dd7e5798?s=96&d=mm&r=g","contentUrl":"https:\/\/secure.gravatar.com\/avatar\/3ea2118a5f7dad2b7138b1187a6b7ee55f160b9968b66013c3a3ef39dd7e5798?s=96&d=mm&r=g","caption":"Jeanette"},"sameAs":["https:\/\/www.eldiario.net\/portal"],"url":"https:\/\/www.eldiario.net\/portal\/author\/jeanette\/"}]}},"_links":{"self":[{"href":"https:\/\/www.eldiario.net\/portal\/wp-json\/wp\/v2\/posts\/33764","targetHints":{"allow":["GET"]}}],"collection":[{"href":"https:\/\/www.eldiario.net\/portal\/wp-json\/wp\/v2\/posts"}],"about":[{"href":"https:\/\/www.eldiario.net\/portal\/wp-json\/wp\/v2\/types\/post"}],"author":[{"embeddable":true,"href":"https:\/\/www.eldiario.net\/portal\/wp-json\/wp\/v2\/users\/1"}],"replies":[{"embeddable":true,"href":"https:\/\/www.eldiario.net\/portal\/wp-json\/wp\/v2\/comments?post=33764"}],"version-history":[{"count":0,"href":"https:\/\/www.eldiario.net\/portal\/wp-json\/wp\/v2\/posts\/33764\/revisions"}],"wp:attachment":[{"href":"https:\/\/www.eldiario.net\/portal\/wp-json\/wp\/v2\/media?parent=33764"}],"wp:term":[{"taxonomy":"category","embeddable":true,"href":"https:\/\/www.eldiario.net\/portal\/wp-json\/wp\/v2\/categories?post=33764"},{"taxonomy":"post_tag","embeddable":true,"href":"https:\/\/www.eldiario.net\/portal\/wp-json\/wp\/v2\/tags?post=33764"}],"curies":[{"name":"wp","href":"https:\/\/api.w.org\/{rel}","templated":true}]}}