{"id":33761,"date":"2021-10-02T06:26:50","date_gmt":"2021-10-02T10:26:50","guid":{"rendered":"https:\/\/www.eldiario.net\/portal\/?p=33761"},"modified":"2021-10-02T06:26:50","modified_gmt":"2021-10-02T10:26:50","slug":"exjefes-de-la-policia-y-ffaa-son-imputados-por-caso-golpe","status":"publish","type":"post","link":"https:\/\/www.eldiario.net\/portal\/2021\/10\/02\/exjefes-de-la-policia-y-ffaa-son-imputados-por-caso-golpe\/","title":{"rendered":"Exjefes de la Polic\u00eda y FFAA  son imputados por caso golpe"},"content":{"rendered":"<p>El excomandante de las Fuerzas Armadas (FFAA), Williams Kaliman, y el excomandante de la Polic\u00eda, Yuri Calder\u00f3n, fueron imputados formalmente por el Ministerio P\u00fablico por el presunto golpe de Estado de 2019, seg\u00fan un documento que fue socializado en redes sociales.<br \/>\nEl 10 de noviembre de 2019, Kalim\u00e1n y Calder\u00f3n sugirieron, por separado, la renuncia de Evo Morales, debido a la convulsi\u00f3n que se viv\u00eda en el pa\u00eds debido al fraude electoral.<br \/>\nEn marzo pasado, Calder\u00f3n debi\u00f3 declarar ante la Fiscal\u00eda por los hechos que derivaron en la renuncia de Morales, pero su defensa pidi\u00f3 aplazar la declaraci\u00f3n y fijar nueva fecha porque fue notificado a \u201cdestiempo\u201d.<br \/>\nFranklin Llanos, abogado del general, asegur\u00f3 que su cliente est\u00e1 dispuesto a declarar en una nueva citaci\u00f3n que le d\u00e9 el suficiente tiempo para constituirse en La Paz, ya que no se encuentra en la sede de Gobierno.<br \/>\nEl excomandante de las Fuerzas Armadas Williams Kaliman estaba con detenci\u00f3n domiciliaria imputado por incumplimiento de deberes, al haber actuado de manera \u201ctard\u00eda\u201d en los conflictos de 2019, seg\u00fan denuncia del abogado Omar Dur\u00e1n.<br \/>\nPese a estar con detenci\u00f3n domiciliaria, la Polic\u00eda no da con el paradero de Kaliman para responder el proceso de supuesto golpe de Estado. Los ex jefes militares que se encuentran con detenci\u00f3n preventiva por este caso, aseguraron que la sugerencia a la renuncia de Morales fue decisi\u00f3n unilateral del ex comandante en jefe.<br \/>\n\u201cDentro el caso seguido por el Ministerio P\u00fablico a instancias de Lidia Patty Mullisaca y otros, en contra de Luis Fernando Camacho Vaca y otros, por la presunta comisi\u00f3n de delitos de terrorismo, conspiraci\u00f3n y sedici\u00f3n (\u2026), nos permitimos formalizar ante su autoridad la ampliaci\u00f3n de imputaci\u00f3n formal\u201d, se lee en el documento de imputaci\u00f3n contra Kaliman y Calder\u00f3n.<\/p>\n","protected":false},"excerpt":{"rendered":"<p>El excomandante de las Fuerzas Armadas (FFAA), Williams Kaliman, y el excomandante de la Polic\u00eda, Yuri Calder\u00f3n, fueron imputados formalmente por el Ministerio P\u00fablico por el presunto golpe de Estado de 2019, seg\u00fan un documento que fue socializado en redes sociales. El 10 de noviembre de 2019, Kalim\u00e1n y Calder\u00f3n sugirieron, por separado, la renuncia [&hellip;]<\/p>\n","protected":false},"author":1,"featured_media":33762,"comment_status":"closed","ping_status":"closed","sticky":false,"template":"","format":"standard","meta":{"_acf_changed":false,"footnotes":""},"categories":[39],"tags":[],"class_list":["post-33761","post","type-post","status-publish","format-standard","has-post-thumbnail","category-sociedad"],"acf":{"antetitulo":""},"yoast_head":"<!-- This site is optimized with the Yoast SEO plugin v28.4 - https:\/\/yoast.com\/product\/yoast-seo-wordpress\/ -->\n<title>Exjefes de la Polic\u00eda y FFAA son imputados por caso golpe - El Diario - Bolivia<\/title>\n<meta name=\"robots\" content=\"index, follow, max-snippet:-1, max-image-preview:large, max-video-preview:-1\" \/>\n<link rel=\"canonical\" href=\"https:\/\/www.eldiario.net\/portal\/2021\/10\/02\/exjefes-de-la-policia-y-ffaa-son-imputados-por-caso-golpe\/\" \/>\n<meta property=\"og:locale\" content=\"es_ES\" \/>\n<meta property=\"og:type\" content=\"article\" \/>\n<meta property=\"og:title\" content=\"Exjefes de la Polic\u00eda y FFAA son imputados por caso golpe - El Diario - Bolivia\" \/>\n<meta property=\"og:description\" content=\"El excomandante de las Fuerzas Armadas (FFAA), Williams Kaliman, y el excomandante de la Polic\u00eda, Yuri Calder\u00f3n, fueron imputados formalmente por el Ministerio P\u00fablico por el presunto golpe de Estado de 2019, seg\u00fan un documento que fue socializado en redes sociales. El 10 de noviembre de 2019, Kalim\u00e1n y Calder\u00f3n sugirieron, por separado, la renuncia [&hellip;]\" \/>\n<meta property=\"og:url\" content=\"https:\/\/www.eldiario.net\/portal\/2021\/10\/02\/exjefes-de-la-policia-y-ffaa-son-imputados-por-caso-golpe\/\" \/>\n<meta property=\"og:site_name\" content=\"El Diario - Bolivia\" \/>\n<meta property=\"article:publisher\" content=\"https:\/\/www.facebook.com\/eldiario.bolivia\/\" \/>\n<meta property=\"article:published_time\" content=\"2021-10-02T10:26:50+00:00\" \/>\n<meta name=\"author\" content=\"Jeanette\" \/>\n<meta name=\"twitter:card\" content=\"summary_large_image\" \/>\n<meta name=\"twitter:creator\" content=\"@eldiario_net\" \/>\n<meta name=\"twitter:site\" content=\"@eldiario_net\" \/>\n<meta name=\"twitter:label1\" content=\"Escrito por\" \/>\n\t<meta name=\"twitter:data1\" content=\"Jeanette\" \/>\n\t<meta name=\"twitter:label2\" content=\"Tiempo de lectura\" \/>\n\t<meta name=\"twitter:data2\" content=\"2 minutos\" \/>\n<script type=\"application\/ld+json\" class=\"yoast-schema-graph\">{\"@context\":\"https:\\\/\\\/schema.org\",\"@graph\":[{\"@type\":\"Article\",\"@id\":\"https:\\\/\\\/www.eldiario.net\\\/portal\\\/2021\\\/10\\\/02\\\/exjefes-de-la-policia-y-ffaa-son-imputados-por-caso-golpe\\\/#article\",\"isPartOf\":{\"@id\":\"https:\\\/\\\/www.eldiario.net\\\/portal\\\/2021\\\/10\\\/02\\\/exjefes-de-la-policia-y-ffaa-son-imputados-por-caso-golpe\\\/\"},\"author\":{\"name\":\"Jeanette\",\"@id\":\"https:\\\/\\\/www.eldiario.net\\\/portal\\\/#\\\/schema\\\/person\\\/f46445640444750d7d753ccd04ae01b7\"},\"headline\":\"Exjefes de la Polic\u00eda y FFAA son imputados por caso golpe\",\"datePublished\":\"2021-10-02T10:26:50+00:00\",\"mainEntityOfPage\":{\"@id\":\"https:\\\/\\\/www.eldiario.net\\\/portal\\\/2021\\\/10\\\/02\\\/exjefes-de-la-policia-y-ffaa-son-imputados-por-caso-golpe\\\/\"},\"wordCount\":328,\"publisher\":{\"@id\":\"https:\\\/\\\/www.eldiario.net\\\/portal\\\/#organization\"},\"image\":{\"@id\":\"https:\\\/\\\/www.eldiario.net\\\/portal\\\/2021\\\/10\\\/02\\\/exjefes-de-la-policia-y-ffaa-son-imputados-por-caso-golpe\\\/#primaryimage\"},\"thumbnailUrl\":\"\",\"articleSection\":[\"Sociedad - Seguridad\"],\"inLanguage\":\"es\"},{\"@type\":\"WebPage\",\"@id\":\"https:\\\/\\\/www.eldiario.net\\\/portal\\\/2021\\\/10\\\/02\\\/exjefes-de-la-policia-y-ffaa-son-imputados-por-caso-golpe\\\/\",\"url\":\"https:\\\/\\\/www.eldiario.net\\\/portal\\\/2021\\\/10\\\/02\\\/exjefes-de-la-policia-y-ffaa-son-imputados-por-caso-golpe\\\/\",\"name\":\"Exjefes de la Polic\u00eda y FFAA son imputados por caso golpe - El Diario - Bolivia\",\"isPartOf\":{\"@id\":\"https:\\\/\\\/www.eldiario.net\\\/portal\\\/#website\"},\"primaryImageOfPage\":{\"@id\":\"https:\\\/\\\/www.eldiario.net\\\/portal\\\/2021\\\/10\\\/02\\\/exjefes-de-la-policia-y-ffaa-son-imputados-por-caso-golpe\\\/#primaryimage\"},\"image\":{\"@id\":\"https:\\\/\\\/www.eldiario.net\\\/portal\\\/2021\\\/10\\\/02\\\/exjefes-de-la-policia-y-ffaa-son-imputados-por-caso-golpe\\\/#primaryimage\"},\"thumbnailUrl\":\"\",\"datePublished\":\"2021-10-02T10:26:50+00:00\",\"breadcrumb\":{\"@id\":\"https:\\\/\\\/www.eldiario.net\\\/portal\\\/2021\\\/10\\\/02\\\/exjefes-de-la-policia-y-ffaa-son-imputados-por-caso-golpe\\\/#breadcrumb\"},\"inLanguage\":\"es\",\"potentialAction\":[{\"@type\":\"ReadAction\",\"target\":[\"https:\\\/\\\/www.eldiario.net\\\/portal\\\/2021\\\/10\\\/02\\\/exjefes-de-la-policia-y-ffaa-son-imputados-por-caso-golpe\\\/\"]}]},{\"@type\":\"ImageObject\",\"inLanguage\":\"es\",\"@id\":\"https:\\\/\\\/www.eldiario.net\\\/portal\\\/2021\\\/10\\\/02\\\/exjefes-de-la-policia-y-ffaa-son-imputados-por-caso-golpe\\\/#primaryimage\",\"url\":\"\",\"contentUrl\":\"\"},{\"@type\":\"BreadcrumbList\",\"@id\":\"https:\\\/\\\/www.eldiario.net\\\/portal\\\/2021\\\/10\\\/02\\\/exjefes-de-la-policia-y-ffaa-son-imputados-por-caso-golpe\\\/#breadcrumb\",\"itemListElement\":[{\"@type\":\"ListItem\",\"position\":1,\"name\":\"Portada\",\"item\":\"https:\\\/\\\/www.eldiario.net\\\/portal\\\/\"},{\"@type\":\"ListItem\",\"position\":2,\"name\":\"Exjefes de la Polic\u00eda y FFAA son imputados por caso golpe\"}]},{\"@type\":\"WebSite\",\"@id\":\"https:\\\/\\\/www.eldiario.net\\\/portal\\\/#website\",\"url\":\"https:\\\/\\\/www.eldiario.net\\\/portal\\\/\",\"name\":\"El Diario - Decano de la prensa nacional\",\"description\":\"El Diario - Decano de la prensa nacional\",\"publisher\":{\"@id\":\"https:\\\/\\\/www.eldiario.net\\\/portal\\\/#organization\"},\"potentialAction\":[{\"@type\":\"SearchAction\",\"target\":{\"@type\":\"EntryPoint\",\"urlTemplate\":\"https:\\\/\\\/www.eldiario.net\\\/portal\\\/?s={search_term_string}\"},\"query-input\":{\"@type\":\"PropertyValueSpecification\",\"valueRequired\":true,\"valueName\":\"search_term_string\"}}],\"inLanguage\":\"es\"},{\"@type\":\"Organization\",\"@id\":\"https:\\\/\\\/www.eldiario.net\\\/portal\\\/#organization\",\"name\":\"El Diario - Decano de la prensa nacional\",\"url\":\"https:\\\/\\\/www.eldiario.net\\\/portal\\\/\",\"logo\":{\"@type\":\"ImageObject\",\"inLanguage\":\"es\",\"@id\":\"https:\\\/\\\/www.eldiario.net\\\/portal\\\/#\\\/schema\\\/logo\\\/image\\\/\",\"url\":\"https:\\\/\\\/www.eldiario.net\\\/portal\\\/wp-content\\\/uploads\\\/2023\\\/07\\\/logo_ED.jpg\",\"contentUrl\":\"https:\\\/\\\/www.eldiario.net\\\/portal\\\/wp-content\\\/uploads\\\/2023\\\/07\\\/logo_ED.jpg\",\"width\":272,\"height\":52,\"caption\":\"El Diario - Decano de la prensa nacional\"},\"image\":{\"@id\":\"https:\\\/\\\/www.eldiario.net\\\/portal\\\/#\\\/schema\\\/logo\\\/image\\\/\"},\"sameAs\":[\"https:\\\/\\\/www.facebook.com\\\/eldiario.bolivia\\\/\",\"https:\\\/\\\/x.com\\\/eldiario_net\"]},{\"@type\":\"Person\",\"@id\":\"https:\\\/\\\/www.eldiario.net\\\/portal\\\/#\\\/schema\\\/person\\\/f46445640444750d7d753ccd04ae01b7\",\"name\":\"Jeanette\",\"image\":{\"@type\":\"ImageObject\",\"inLanguage\":\"es\",\"@id\":\"https:\\\/\\\/secure.gravatar.com\\\/avatar\\\/3ea2118a5f7dad2b7138b1187a6b7ee55f160b9968b66013c3a3ef39dd7e5798?s=96&d=mm&r=g\",\"url\":\"https:\\\/\\\/secure.gravatar.com\\\/avatar\\\/3ea2118a5f7dad2b7138b1187a6b7ee55f160b9968b66013c3a3ef39dd7e5798?s=96&d=mm&r=g\",\"contentUrl\":\"https:\\\/\\\/secure.gravatar.com\\\/avatar\\\/3ea2118a5f7dad2b7138b1187a6b7ee55f160b9968b66013c3a3ef39dd7e5798?s=96&d=mm&r=g\",\"caption\":\"Jeanette\"},\"sameAs\":[\"https:\\\/\\\/www.eldiario.net\\\/portal\"],\"url\":\"https:\\\/\\\/www.eldiario.net\\\/portal\\\/author\\\/jeanette\\\/\"}]}<\/script>\n<!-- \/ Yoast SEO plugin. -->","yoast_head_json":{"title":"Exjefes de la Polic\u00eda y FFAA son imputados por caso golpe - El Diario - Bolivia","robots":{"index":"index","follow":"follow","max-snippet":"max-snippet:-1","max-image-preview":"max-image-preview:large","max-video-preview":"max-video-preview:-1"},"canonical":"https:\/\/www.eldiario.net\/portal\/2021\/10\/02\/exjefes-de-la-policia-y-ffaa-son-imputados-por-caso-golpe\/","og_locale":"es_ES","og_type":"article","og_title":"Exjefes de la Polic\u00eda y FFAA son imputados por caso golpe - El Diario - Bolivia","og_description":"El excomandante de las Fuerzas Armadas (FFAA), Williams Kaliman, y el excomandante de la Polic\u00eda, Yuri Calder\u00f3n, fueron imputados formalmente por el Ministerio P\u00fablico por el presunto golpe de Estado de 2019, seg\u00fan un documento que fue socializado en redes sociales. El 10 de noviembre de 2019, Kalim\u00e1n y Calder\u00f3n sugirieron, por separado, la renuncia [&hellip;]","og_url":"https:\/\/www.eldiario.net\/portal\/2021\/10\/02\/exjefes-de-la-policia-y-ffaa-son-imputados-por-caso-golpe\/","og_site_name":"El Diario - Bolivia","article_publisher":"https:\/\/www.facebook.com\/eldiario.bolivia\/","article_published_time":"2021-10-02T10:26:50+00:00","author":"Jeanette","twitter_card":"summary_large_image","twitter_creator":"@eldiario_net","twitter_site":"@eldiario_net","twitter_misc":{"Escrito por":"Jeanette","Tiempo de lectura":"2 minutos"},"schema":{"@context":"https:\/\/schema.org","@graph":[{"@type":"Article","@id":"https:\/\/www.eldiario.net\/portal\/2021\/10\/02\/exjefes-de-la-policia-y-ffaa-son-imputados-por-caso-golpe\/#article","isPartOf":{"@id":"https:\/\/www.eldiario.net\/portal\/2021\/10\/02\/exjefes-de-la-policia-y-ffaa-son-imputados-por-caso-golpe\/"},"author":{"name":"Jeanette","@id":"https:\/\/www.eldiario.net\/portal\/#\/schema\/person\/f46445640444750d7d753ccd04ae01b7"},"headline":"Exjefes de la Polic\u00eda y FFAA son imputados por caso golpe","datePublished":"2021-10-02T10:26:50+00:00","mainEntityOfPage":{"@id":"https:\/\/www.eldiario.net\/portal\/2021\/10\/02\/exjefes-de-la-policia-y-ffaa-son-imputados-por-caso-golpe\/"},"wordCount":328,"publisher":{"@id":"https:\/\/www.eldiario.net\/portal\/#organization"},"image":{"@id":"https:\/\/www.eldiario.net\/portal\/2021\/10\/02\/exjefes-de-la-policia-y-ffaa-son-imputados-por-caso-golpe\/#primaryimage"},"thumbnailUrl":"","articleSection":["Sociedad - Seguridad"],"inLanguage":"es"},{"@type":"WebPage","@id":"https:\/\/www.eldiario.net\/portal\/2021\/10\/02\/exjefes-de-la-policia-y-ffaa-son-imputados-por-caso-golpe\/","url":"https:\/\/www.eldiario.net\/portal\/2021\/10\/02\/exjefes-de-la-policia-y-ffaa-son-imputados-por-caso-golpe\/","name":"Exjefes de la Polic\u00eda y FFAA son imputados por caso golpe - El Diario - Bolivia","isPartOf":{"@id":"https:\/\/www.eldiario.net\/portal\/#website"},"primaryImageOfPage":{"@id":"https:\/\/www.eldiario.net\/portal\/2021\/10\/02\/exjefes-de-la-policia-y-ffaa-son-imputados-por-caso-golpe\/#primaryimage"},"image":{"@id":"https:\/\/www.eldiario.net\/portal\/2021\/10\/02\/exjefes-de-la-policia-y-ffaa-son-imputados-por-caso-golpe\/#primaryimage"},"thumbnailUrl":"","datePublished":"2021-10-02T10:26:50+00:00","breadcrumb":{"@id":"https:\/\/www.eldiario.net\/portal\/2021\/10\/02\/exjefes-de-la-policia-y-ffaa-son-imputados-por-caso-golpe\/#breadcrumb"},"inLanguage":"es","potentialAction":[{"@type":"ReadAction","target":["https:\/\/www.eldiario.net\/portal\/2021\/10\/02\/exjefes-de-la-policia-y-ffaa-son-imputados-por-caso-golpe\/"]}]},{"@type":"ImageObject","inLanguage":"es","@id":"https:\/\/www.eldiario.net\/portal\/2021\/10\/02\/exjefes-de-la-policia-y-ffaa-son-imputados-por-caso-golpe\/#primaryimage","url":"","contentUrl":""},{"@type":"BreadcrumbList","@id":"https:\/\/www.eldiario.net\/portal\/2021\/10\/02\/exjefes-de-la-policia-y-ffaa-son-imputados-por-caso-golpe\/#breadcrumb","itemListElement":[{"@type":"ListItem","position":1,"name":"Portada","item":"https:\/\/www.eldiario.net\/portal\/"},{"@type":"ListItem","position":2,"name":"Exjefes de la Polic\u00eda y FFAA son imputados por caso golpe"}]},{"@type":"WebSite","@id":"https:\/\/www.eldiario.net\/portal\/#website","url":"https:\/\/www.eldiario.net\/portal\/","name":"El Diario - Decano de la prensa nacional","description":"El Diario - Decano de la prensa nacional","publisher":{"@id":"https:\/\/www.eldiario.net\/portal\/#organization"},"potentialAction":[{"@type":"SearchAction","target":{"@type":"EntryPoint","urlTemplate":"https:\/\/www.eldiario.net\/portal\/?s={search_term_string}"},"query-input":{"@type":"PropertyValueSpecification","valueRequired":true,"valueName":"search_term_string"}}],"inLanguage":"es"},{"@type":"Organization","@id":"https:\/\/www.eldiario.net\/portal\/#organization","name":"El Diario - Decano de la prensa nacional","url":"https:\/\/www.eldiario.net\/portal\/","logo":{"@type":"ImageObject","inLanguage":"es","@id":"https:\/\/www.eldiario.net\/portal\/#\/schema\/logo\/image\/","url":"https:\/\/www.eldiario.net\/portal\/wp-content\/uploads\/2023\/07\/logo_ED.jpg","contentUrl":"https:\/\/www.eldiario.net\/portal\/wp-content\/uploads\/2023\/07\/logo_ED.jpg","width":272,"height":52,"caption":"El Diario - Decano de la prensa nacional"},"image":{"@id":"https:\/\/www.eldiario.net\/portal\/#\/schema\/logo\/image\/"},"sameAs":["https:\/\/www.facebook.com\/eldiario.bolivia\/","https:\/\/x.com\/eldiario_net"]},{"@type":"Person","@id":"https:\/\/www.eldiario.net\/portal\/#\/schema\/person\/f46445640444750d7d753ccd04ae01b7","name":"Jeanette","image":{"@type":"ImageObject","inLanguage":"es","@id":"https:\/\/secure.gravatar.com\/avatar\/3ea2118a5f7dad2b7138b1187a6b7ee55f160b9968b66013c3a3ef39dd7e5798?s=96&d=mm&r=g","url":"https:\/\/secure.gravatar.com\/avatar\/3ea2118a5f7dad2b7138b1187a6b7ee55f160b9968b66013c3a3ef39dd7e5798?s=96&d=mm&r=g","contentUrl":"https:\/\/secure.gravatar.com\/avatar\/3ea2118a5f7dad2b7138b1187a6b7ee55f160b9968b66013c3a3ef39dd7e5798?s=96&d=mm&r=g","caption":"Jeanette"},"sameAs":["https:\/\/www.eldiario.net\/portal"],"url":"https:\/\/www.eldiario.net\/portal\/author\/jeanette\/"}]}},"_links":{"self":[{"href":"https:\/\/www.eldiario.net\/portal\/wp-json\/wp\/v2\/posts\/33761","targetHints":{"allow":["GET"]}}],"collection":[{"href":"https:\/\/www.eldiario.net\/portal\/wp-json\/wp\/v2\/posts"}],"about":[{"href":"https:\/\/www.eldiario.net\/portal\/wp-json\/wp\/v2\/types\/post"}],"author":[{"embeddable":true,"href":"https:\/\/www.eldiario.net\/portal\/wp-json\/wp\/v2\/users\/1"}],"replies":[{"embeddable":true,"href":"https:\/\/www.eldiario.net\/portal\/wp-json\/wp\/v2\/comments?post=33761"}],"version-history":[{"count":0,"href":"https:\/\/www.eldiario.net\/portal\/wp-json\/wp\/v2\/posts\/33761\/revisions"}],"wp:attachment":[{"href":"https:\/\/www.eldiario.net\/portal\/wp-json\/wp\/v2\/media?parent=33761"}],"wp:term":[{"taxonomy":"category","embeddable":true,"href":"https:\/\/www.eldiario.net\/portal\/wp-json\/wp\/v2\/categories?post=33761"},{"taxonomy":"post_tag","embeddable":true,"href":"https:\/\/www.eldiario.net\/portal\/wp-json\/wp\/v2\/tags?post=33761"}],"curies":[{"name":"wp","href":"https:\/\/api.w.org\/{rel}","templated":true}]}}