{"id":3376,"date":"2021-05-12T06:18:27","date_gmt":"2021-05-12T10:18:27","guid":{"rendered":"https:\/\/www.eldiario.net\/portal\/?p=3376"},"modified":"2021-05-12T06:18:27","modified_gmt":"2021-05-12T10:18:27","slug":"presumen-que-existe-un-autor-intelectual-en-asesinato-de-villa-el-carmen","status":"publish","type":"post","link":"https:\/\/www.eldiario.net\/portal\/2021\/05\/12\/presumen-que-existe-un-autor-intelectual-en-asesinato-de-villa-el-carmen\/","title":{"rendered":"Presumen que existe un autor intelectual  en asesinato de Villa El Carmen"},"content":{"rendered":"<p>La fiscal Dubravka Jord\u00e1n inform\u00f3 ayer que tras la declaraci\u00f3n informativa de los alias \u201cEl Conejo\u201d y \u201cEl Chucho\u201d, quienes presuntamente asesinaron a una joven en Villa El Carmen (La Paz), ser\u00e1n imputados por asesinato y robo agravado, empero aclar\u00f3 que la investigaci\u00f3n contin\u00faa porque presumen que alguien alert\u00f3 a los antisociales que la v\u00edctima iba a retirar dinero de una entidad financiera.<br \/>\n\u201cConforme las investigaciones se tiene ya a los dos autores materiales del hecho, podr\u00eda existir la participaci\u00f3n de otras personas m\u00e1s, para tal efecto se est\u00e1 realizando las investigaciones correspondientes a efectos de poder dar con estos, quienes aparentemente ser\u00edan los autores intelectuales\u201d, dijo Jordan.<br \/>\nLa fiscal aclar\u00f3 que ambos aprehendidos prestaron su declaraci\u00f3n informativa y uno de ellos se acogi\u00f3 a su derecho al silencio.<br \/>\nEl asesinato de la joven se produjo al mediod\u00eda del 5 de mayo. Los delincuentes intentaron arrebatarle un bolso; sin embargo, al oponer resistencia recibi\u00f3 tres disparos, uno de ellos da\u00f1o seriamente sus \u00f3rganos internos, provocando su muerte.<\/p>\n","protected":false},"excerpt":{"rendered":"<p>La fiscal Dubravka Jord\u00e1n inform\u00f3 ayer que tras la declaraci\u00f3n informativa de los alias \u201cEl Conejo\u201d y \u201cEl Chucho\u201d, quienes presuntamente asesinaron a una joven en Villa El Carmen (La Paz), ser\u00e1n imputados por asesinato y robo agravado, empero aclar\u00f3 que la investigaci\u00f3n contin\u00faa porque presumen que alguien alert\u00f3 a los antisociales que la v\u00edctima [&hellip;]<\/p>\n","protected":false},"author":1,"featured_media":3377,"comment_status":"closed","ping_status":"closed","sticky":false,"template":"","format":"standard","meta":{"_acf_changed":false,"footnotes":""},"categories":[39],"tags":[],"class_list":["post-3376","post","type-post","status-publish","format-standard","has-post-thumbnail","category-sociedad"],"acf":{"antetitulo":""},"yoast_head":"<!-- This site is optimized with the Yoast SEO plugin v28.3 - https:\/\/yoast.com\/product\/yoast-seo-wordpress\/ -->\n<title>Presumen que existe un autor intelectual en asesinato de Villa El Carmen - El Diario - Bolivia<\/title>\n<meta name=\"robots\" content=\"index, follow, max-snippet:-1, max-image-preview:large, max-video-preview:-1\" \/>\n<link rel=\"canonical\" href=\"https:\/\/www.eldiario.net\/portal\/2021\/05\/12\/presumen-que-existe-un-autor-intelectual-en-asesinato-de-villa-el-carmen\/\" \/>\n<meta property=\"og:locale\" content=\"es_ES\" \/>\n<meta property=\"og:type\" content=\"article\" \/>\n<meta property=\"og:title\" content=\"Presumen que existe un autor intelectual en asesinato de Villa El Carmen - El Diario - Bolivia\" \/>\n<meta property=\"og:description\" content=\"La fiscal Dubravka Jord\u00e1n inform\u00f3 ayer que tras la declaraci\u00f3n informativa de los alias \u201cEl Conejo\u201d y \u201cEl Chucho\u201d, quienes presuntamente asesinaron a una joven en Villa El Carmen (La Paz), ser\u00e1n imputados por asesinato y robo agravado, empero aclar\u00f3 que la investigaci\u00f3n contin\u00faa porque presumen que alguien alert\u00f3 a los antisociales que la v\u00edctima [&hellip;]\" \/>\n<meta property=\"og:url\" content=\"https:\/\/www.eldiario.net\/portal\/2021\/05\/12\/presumen-que-existe-un-autor-intelectual-en-asesinato-de-villa-el-carmen\/\" \/>\n<meta property=\"og:site_name\" content=\"El Diario - Bolivia\" \/>\n<meta property=\"article:publisher\" content=\"https:\/\/www.facebook.com\/eldiario.bolivia\/\" \/>\n<meta property=\"article:published_time\" content=\"2021-05-12T10:18:27+00:00\" \/>\n<meta name=\"author\" content=\"Jeanette\" \/>\n<meta name=\"twitter:card\" content=\"summary_large_image\" \/>\n<meta name=\"twitter:creator\" content=\"@eldiario_net\" \/>\n<meta name=\"twitter:site\" content=\"@eldiario_net\" \/>\n<meta name=\"twitter:label1\" content=\"Escrito por\" \/>\n\t<meta name=\"twitter:data1\" content=\"Jeanette\" \/>\n\t<meta name=\"twitter:label2\" content=\"Tiempo de lectura\" \/>\n\t<meta name=\"twitter:data2\" content=\"1 minuto\" \/>\n<script type=\"application\/ld+json\" class=\"yoast-schema-graph\">{\"@context\":\"https:\\\/\\\/schema.org\",\"@graph\":[{\"@type\":\"Article\",\"@id\":\"https:\\\/\\\/www.eldiario.net\\\/portal\\\/2021\\\/05\\\/12\\\/presumen-que-existe-un-autor-intelectual-en-asesinato-de-villa-el-carmen\\\/#article\",\"isPartOf\":{\"@id\":\"https:\\\/\\\/www.eldiario.net\\\/portal\\\/2021\\\/05\\\/12\\\/presumen-que-existe-un-autor-intelectual-en-asesinato-de-villa-el-carmen\\\/\"},\"author\":{\"name\":\"Jeanette\",\"@id\":\"https:\\\/\\\/www.eldiario.net\\\/portal\\\/#\\\/schema\\\/person\\\/f46445640444750d7d753ccd04ae01b7\"},\"headline\":\"Presumen que existe un autor intelectual en asesinato de Villa El Carmen\",\"datePublished\":\"2021-05-12T10:18:27+00:00\",\"mainEntityOfPage\":{\"@id\":\"https:\\\/\\\/www.eldiario.net\\\/portal\\\/2021\\\/05\\\/12\\\/presumen-que-existe-un-autor-intelectual-en-asesinato-de-villa-el-carmen\\\/\"},\"wordCount\":191,\"publisher\":{\"@id\":\"https:\\\/\\\/www.eldiario.net\\\/portal\\\/#organization\"},\"image\":{\"@id\":\"https:\\\/\\\/www.eldiario.net\\\/portal\\\/2021\\\/05\\\/12\\\/presumen-que-existe-un-autor-intelectual-en-asesinato-de-villa-el-carmen\\\/#primaryimage\"},\"thumbnailUrl\":\"\",\"articleSection\":[\"Sociedad - Seguridad\"],\"inLanguage\":\"es\"},{\"@type\":\"WebPage\",\"@id\":\"https:\\\/\\\/www.eldiario.net\\\/portal\\\/2021\\\/05\\\/12\\\/presumen-que-existe-un-autor-intelectual-en-asesinato-de-villa-el-carmen\\\/\",\"url\":\"https:\\\/\\\/www.eldiario.net\\\/portal\\\/2021\\\/05\\\/12\\\/presumen-que-existe-un-autor-intelectual-en-asesinato-de-villa-el-carmen\\\/\",\"name\":\"Presumen que existe un autor intelectual en asesinato de Villa El Carmen - El Diario - Bolivia\",\"isPartOf\":{\"@id\":\"https:\\\/\\\/www.eldiario.net\\\/portal\\\/#website\"},\"primaryImageOfPage\":{\"@id\":\"https:\\\/\\\/www.eldiario.net\\\/portal\\\/2021\\\/05\\\/12\\\/presumen-que-existe-un-autor-intelectual-en-asesinato-de-villa-el-carmen\\\/#primaryimage\"},\"image\":{\"@id\":\"https:\\\/\\\/www.eldiario.net\\\/portal\\\/2021\\\/05\\\/12\\\/presumen-que-existe-un-autor-intelectual-en-asesinato-de-villa-el-carmen\\\/#primaryimage\"},\"thumbnailUrl\":\"\",\"datePublished\":\"2021-05-12T10:18:27+00:00\",\"breadcrumb\":{\"@id\":\"https:\\\/\\\/www.eldiario.net\\\/portal\\\/2021\\\/05\\\/12\\\/presumen-que-existe-un-autor-intelectual-en-asesinato-de-villa-el-carmen\\\/#breadcrumb\"},\"inLanguage\":\"es\",\"potentialAction\":[{\"@type\":\"ReadAction\",\"target\":[\"https:\\\/\\\/www.eldiario.net\\\/portal\\\/2021\\\/05\\\/12\\\/presumen-que-existe-un-autor-intelectual-en-asesinato-de-villa-el-carmen\\\/\"]}]},{\"@type\":\"ImageObject\",\"inLanguage\":\"es\",\"@id\":\"https:\\\/\\\/www.eldiario.net\\\/portal\\\/2021\\\/05\\\/12\\\/presumen-que-existe-un-autor-intelectual-en-asesinato-de-villa-el-carmen\\\/#primaryimage\",\"url\":\"\",\"contentUrl\":\"\"},{\"@type\":\"BreadcrumbList\",\"@id\":\"https:\\\/\\\/www.eldiario.net\\\/portal\\\/2021\\\/05\\\/12\\\/presumen-que-existe-un-autor-intelectual-en-asesinato-de-villa-el-carmen\\\/#breadcrumb\",\"itemListElement\":[{\"@type\":\"ListItem\",\"position\":1,\"name\":\"Portada\",\"item\":\"https:\\\/\\\/www.eldiario.net\\\/portal\\\/\"},{\"@type\":\"ListItem\",\"position\":2,\"name\":\"Presumen que existe un autor intelectual en asesinato de Villa El Carmen\"}]},{\"@type\":\"WebSite\",\"@id\":\"https:\\\/\\\/www.eldiario.net\\\/portal\\\/#website\",\"url\":\"https:\\\/\\\/www.eldiario.net\\\/portal\\\/\",\"name\":\"El Diario - Decano de la prensa nacional\",\"description\":\"El Diario - Decano de la prensa nacional\",\"publisher\":{\"@id\":\"https:\\\/\\\/www.eldiario.net\\\/portal\\\/#organization\"},\"potentialAction\":[{\"@type\":\"SearchAction\",\"target\":{\"@type\":\"EntryPoint\",\"urlTemplate\":\"https:\\\/\\\/www.eldiario.net\\\/portal\\\/?s={search_term_string}\"},\"query-input\":{\"@type\":\"PropertyValueSpecification\",\"valueRequired\":true,\"valueName\":\"search_term_string\"}}],\"inLanguage\":\"es\"},{\"@type\":\"Organization\",\"@id\":\"https:\\\/\\\/www.eldiario.net\\\/portal\\\/#organization\",\"name\":\"El Diario - Decano de la prensa nacional\",\"url\":\"https:\\\/\\\/www.eldiario.net\\\/portal\\\/\",\"logo\":{\"@type\":\"ImageObject\",\"inLanguage\":\"es\",\"@id\":\"https:\\\/\\\/www.eldiario.net\\\/portal\\\/#\\\/schema\\\/logo\\\/image\\\/\",\"url\":\"https:\\\/\\\/www.eldiario.net\\\/portal\\\/wp-content\\\/uploads\\\/2023\\\/07\\\/logo_ED.jpg\",\"contentUrl\":\"https:\\\/\\\/www.eldiario.net\\\/portal\\\/wp-content\\\/uploads\\\/2023\\\/07\\\/logo_ED.jpg\",\"width\":272,\"height\":52,\"caption\":\"El Diario - Decano de la prensa nacional\"},\"image\":{\"@id\":\"https:\\\/\\\/www.eldiario.net\\\/portal\\\/#\\\/schema\\\/logo\\\/image\\\/\"},\"sameAs\":[\"https:\\\/\\\/www.facebook.com\\\/eldiario.bolivia\\\/\",\"https:\\\/\\\/x.com\\\/eldiario_net\"]},{\"@type\":\"Person\",\"@id\":\"https:\\\/\\\/www.eldiario.net\\\/portal\\\/#\\\/schema\\\/person\\\/f46445640444750d7d753ccd04ae01b7\",\"name\":\"Jeanette\",\"image\":{\"@type\":\"ImageObject\",\"inLanguage\":\"es\",\"@id\":\"https:\\\/\\\/secure.gravatar.com\\\/avatar\\\/3ea2118a5f7dad2b7138b1187a6b7ee55f160b9968b66013c3a3ef39dd7e5798?s=96&d=mm&r=g\",\"url\":\"https:\\\/\\\/secure.gravatar.com\\\/avatar\\\/3ea2118a5f7dad2b7138b1187a6b7ee55f160b9968b66013c3a3ef39dd7e5798?s=96&d=mm&r=g\",\"contentUrl\":\"https:\\\/\\\/secure.gravatar.com\\\/avatar\\\/3ea2118a5f7dad2b7138b1187a6b7ee55f160b9968b66013c3a3ef39dd7e5798?s=96&d=mm&r=g\",\"caption\":\"Jeanette\"},\"sameAs\":[\"https:\\\/\\\/www.eldiario.net\\\/portal\"],\"url\":\"https:\\\/\\\/www.eldiario.net\\\/portal\\\/author\\\/jeanette\\\/\"}]}<\/script>\n<!-- \/ Yoast SEO plugin. -->","yoast_head_json":{"title":"Presumen que existe un autor intelectual en asesinato de Villa El Carmen - El Diario - Bolivia","robots":{"index":"index","follow":"follow","max-snippet":"max-snippet:-1","max-image-preview":"max-image-preview:large","max-video-preview":"max-video-preview:-1"},"canonical":"https:\/\/www.eldiario.net\/portal\/2021\/05\/12\/presumen-que-existe-un-autor-intelectual-en-asesinato-de-villa-el-carmen\/","og_locale":"es_ES","og_type":"article","og_title":"Presumen que existe un autor intelectual en asesinato de Villa El Carmen - El Diario - Bolivia","og_description":"La fiscal Dubravka Jord\u00e1n inform\u00f3 ayer que tras la declaraci\u00f3n informativa de los alias \u201cEl Conejo\u201d y \u201cEl Chucho\u201d, quienes presuntamente asesinaron a una joven en Villa El Carmen (La Paz), ser\u00e1n imputados por asesinato y robo agravado, empero aclar\u00f3 que la investigaci\u00f3n contin\u00faa porque presumen que alguien alert\u00f3 a los antisociales que la v\u00edctima [&hellip;]","og_url":"https:\/\/www.eldiario.net\/portal\/2021\/05\/12\/presumen-que-existe-un-autor-intelectual-en-asesinato-de-villa-el-carmen\/","og_site_name":"El Diario - Bolivia","article_publisher":"https:\/\/www.facebook.com\/eldiario.bolivia\/","article_published_time":"2021-05-12T10:18:27+00:00","author":"Jeanette","twitter_card":"summary_large_image","twitter_creator":"@eldiario_net","twitter_site":"@eldiario_net","twitter_misc":{"Escrito por":"Jeanette","Tiempo de lectura":"1 minuto"},"schema":{"@context":"https:\/\/schema.org","@graph":[{"@type":"Article","@id":"https:\/\/www.eldiario.net\/portal\/2021\/05\/12\/presumen-que-existe-un-autor-intelectual-en-asesinato-de-villa-el-carmen\/#article","isPartOf":{"@id":"https:\/\/www.eldiario.net\/portal\/2021\/05\/12\/presumen-que-existe-un-autor-intelectual-en-asesinato-de-villa-el-carmen\/"},"author":{"name":"Jeanette","@id":"https:\/\/www.eldiario.net\/portal\/#\/schema\/person\/f46445640444750d7d753ccd04ae01b7"},"headline":"Presumen que existe un autor intelectual en asesinato de Villa El Carmen","datePublished":"2021-05-12T10:18:27+00:00","mainEntityOfPage":{"@id":"https:\/\/www.eldiario.net\/portal\/2021\/05\/12\/presumen-que-existe-un-autor-intelectual-en-asesinato-de-villa-el-carmen\/"},"wordCount":191,"publisher":{"@id":"https:\/\/www.eldiario.net\/portal\/#organization"},"image":{"@id":"https:\/\/www.eldiario.net\/portal\/2021\/05\/12\/presumen-que-existe-un-autor-intelectual-en-asesinato-de-villa-el-carmen\/#primaryimage"},"thumbnailUrl":"","articleSection":["Sociedad - Seguridad"],"inLanguage":"es"},{"@type":"WebPage","@id":"https:\/\/www.eldiario.net\/portal\/2021\/05\/12\/presumen-que-existe-un-autor-intelectual-en-asesinato-de-villa-el-carmen\/","url":"https:\/\/www.eldiario.net\/portal\/2021\/05\/12\/presumen-que-existe-un-autor-intelectual-en-asesinato-de-villa-el-carmen\/","name":"Presumen que existe un autor intelectual en asesinato de Villa El Carmen - El Diario - Bolivia","isPartOf":{"@id":"https:\/\/www.eldiario.net\/portal\/#website"},"primaryImageOfPage":{"@id":"https:\/\/www.eldiario.net\/portal\/2021\/05\/12\/presumen-que-existe-un-autor-intelectual-en-asesinato-de-villa-el-carmen\/#primaryimage"},"image":{"@id":"https:\/\/www.eldiario.net\/portal\/2021\/05\/12\/presumen-que-existe-un-autor-intelectual-en-asesinato-de-villa-el-carmen\/#primaryimage"},"thumbnailUrl":"","datePublished":"2021-05-12T10:18:27+00:00","breadcrumb":{"@id":"https:\/\/www.eldiario.net\/portal\/2021\/05\/12\/presumen-que-existe-un-autor-intelectual-en-asesinato-de-villa-el-carmen\/#breadcrumb"},"inLanguage":"es","potentialAction":[{"@type":"ReadAction","target":["https:\/\/www.eldiario.net\/portal\/2021\/05\/12\/presumen-que-existe-un-autor-intelectual-en-asesinato-de-villa-el-carmen\/"]}]},{"@type":"ImageObject","inLanguage":"es","@id":"https:\/\/www.eldiario.net\/portal\/2021\/05\/12\/presumen-que-existe-un-autor-intelectual-en-asesinato-de-villa-el-carmen\/#primaryimage","url":"","contentUrl":""},{"@type":"BreadcrumbList","@id":"https:\/\/www.eldiario.net\/portal\/2021\/05\/12\/presumen-que-existe-un-autor-intelectual-en-asesinato-de-villa-el-carmen\/#breadcrumb","itemListElement":[{"@type":"ListItem","position":1,"name":"Portada","item":"https:\/\/www.eldiario.net\/portal\/"},{"@type":"ListItem","position":2,"name":"Presumen que existe un autor intelectual en asesinato de Villa El Carmen"}]},{"@type":"WebSite","@id":"https:\/\/www.eldiario.net\/portal\/#website","url":"https:\/\/www.eldiario.net\/portal\/","name":"El Diario - Decano de la prensa nacional","description":"El Diario - Decano de la prensa nacional","publisher":{"@id":"https:\/\/www.eldiario.net\/portal\/#organization"},"potentialAction":[{"@type":"SearchAction","target":{"@type":"EntryPoint","urlTemplate":"https:\/\/www.eldiario.net\/portal\/?s={search_term_string}"},"query-input":{"@type":"PropertyValueSpecification","valueRequired":true,"valueName":"search_term_string"}}],"inLanguage":"es"},{"@type":"Organization","@id":"https:\/\/www.eldiario.net\/portal\/#organization","name":"El Diario - Decano de la prensa nacional","url":"https:\/\/www.eldiario.net\/portal\/","logo":{"@type":"ImageObject","inLanguage":"es","@id":"https:\/\/www.eldiario.net\/portal\/#\/schema\/logo\/image\/","url":"https:\/\/www.eldiario.net\/portal\/wp-content\/uploads\/2023\/07\/logo_ED.jpg","contentUrl":"https:\/\/www.eldiario.net\/portal\/wp-content\/uploads\/2023\/07\/logo_ED.jpg","width":272,"height":52,"caption":"El Diario - Decano de la prensa nacional"},"image":{"@id":"https:\/\/www.eldiario.net\/portal\/#\/schema\/logo\/image\/"},"sameAs":["https:\/\/www.facebook.com\/eldiario.bolivia\/","https:\/\/x.com\/eldiario_net"]},{"@type":"Person","@id":"https:\/\/www.eldiario.net\/portal\/#\/schema\/person\/f46445640444750d7d753ccd04ae01b7","name":"Jeanette","image":{"@type":"ImageObject","inLanguage":"es","@id":"https:\/\/secure.gravatar.com\/avatar\/3ea2118a5f7dad2b7138b1187a6b7ee55f160b9968b66013c3a3ef39dd7e5798?s=96&d=mm&r=g","url":"https:\/\/secure.gravatar.com\/avatar\/3ea2118a5f7dad2b7138b1187a6b7ee55f160b9968b66013c3a3ef39dd7e5798?s=96&d=mm&r=g","contentUrl":"https:\/\/secure.gravatar.com\/avatar\/3ea2118a5f7dad2b7138b1187a6b7ee55f160b9968b66013c3a3ef39dd7e5798?s=96&d=mm&r=g","caption":"Jeanette"},"sameAs":["https:\/\/www.eldiario.net\/portal"],"url":"https:\/\/www.eldiario.net\/portal\/author\/jeanette\/"}]}},"_links":{"self":[{"href":"https:\/\/www.eldiario.net\/portal\/wp-json\/wp\/v2\/posts\/3376","targetHints":{"allow":["GET"]}}],"collection":[{"href":"https:\/\/www.eldiario.net\/portal\/wp-json\/wp\/v2\/posts"}],"about":[{"href":"https:\/\/www.eldiario.net\/portal\/wp-json\/wp\/v2\/types\/post"}],"author":[{"embeddable":true,"href":"https:\/\/www.eldiario.net\/portal\/wp-json\/wp\/v2\/users\/1"}],"replies":[{"embeddable":true,"href":"https:\/\/www.eldiario.net\/portal\/wp-json\/wp\/v2\/comments?post=3376"}],"version-history":[{"count":0,"href":"https:\/\/www.eldiario.net\/portal\/wp-json\/wp\/v2\/posts\/3376\/revisions"}],"wp:attachment":[{"href":"https:\/\/www.eldiario.net\/portal\/wp-json\/wp\/v2\/media?parent=3376"}],"wp:term":[{"taxonomy":"category","embeddable":true,"href":"https:\/\/www.eldiario.net\/portal\/wp-json\/wp\/v2\/categories?post=3376"},{"taxonomy":"post_tag","embeddable":true,"href":"https:\/\/www.eldiario.net\/portal\/wp-json\/wp\/v2\/tags?post=3376"}],"curies":[{"name":"wp","href":"https:\/\/api.w.org\/{rel}","templated":true}]}}