{"id":33754,"date":"2021-10-02T06:24:54","date_gmt":"2021-10-02T10:24:54","guid":{"rendered":"https:\/\/www.eldiario.net\/portal\/?p=33754"},"modified":"2021-10-02T06:24:54","modified_gmt":"2021-10-02T10:24:54","slug":"inician-actos-de-homenaje-por-fundacion-de-la-paz","status":"publish","type":"post","link":"https:\/\/www.eldiario.net\/portal\/2021\/10\/02\/inician-actos-de-homenaje-por-fundacion-de-la-paz\/","title":{"rendered":"Inician actos de homenaje por fundaci\u00f3n de La Paz"},"content":{"rendered":"<p>Con la elevaci\u00f3n de la bandera pace\u00f1a en la plaza San Francisco, el alcalde Iv\u00e1n Arias comenz\u00f3 ayer el mes de homenaje a la fundaci\u00f3n de La Paz, convoc\u00f3 a la reconciliaci\u00f3n y la reactivaci\u00f3n de la econom\u00eda del municipio.<br \/>\n\u201cTodo lo que hagamos de aqu\u00ed en adelante busca reactivar nuestra econom\u00eda, los pace\u00f1os tenemos que generar movimiento econ\u00f3mico. Ustedes van a ver durante este mes una serie de actividades que van a buscar que la econom\u00eda pace\u00f1a se ponga en movimiento. Chukutas, pace\u00f1os de todo el departamento, es nuestro mes, festej\u00e9moslo con amor, con reconciliaci\u00f3n\u201d, enfatiz\u00f3 la autoridad municipal que elev\u00f3 la bandera de La Paz en el atrio de la Bas\u00edlica de San Francisco.<br \/>\nArias record\u00f3 que el 20 de octubre se conmemorar\u00e1 473 a\u00f1os de creaci\u00f3n de Nuestra Se\u00f1ora de La Paz y destac\u00f3 la riqueza tur\u00edstica y producci\u00f3n que hay en el departamento. Asegur\u00f3 que el gobernador de La Paz, Santos Quispe, se encuentra en actos similares en provincias pace\u00f1as, por un acuerdo de autoridades para visitar los municipios rurales y realzar la ocasi\u00f3n.<br \/>\n\u201cRecordamos 473 a\u00f1os de la fundaci\u00f3n de La Paz, lo que acabamos de escuchar es que esta ciudad fue creada como un acto de amor, como un acto de reconciliaci\u00f3n; tenemos que seguirlo manteniendo vivo, tenemos que seguirlo alimentando. La Paz en paz para nosotros es fundamental, queremos que La Paz sea un referente nacional\u201d, afirm\u00f3 Arias.<br \/>\nEn su discurso, el Alcalde de La Paz describi\u00f3 la riqueza natural del departamento. \u201cTenemos cabecera de Amazonia, tenemos tr\u00f3picos, valles; mucha gente de los pace\u00f1os mismos no conocemos el parque nacional Madidi, mucha gente no sabe que aqu\u00ed hay c\u00f3ndores volando, pumas andinos, que producimos uvas en los valles de Luribay, que producimos chirimoya, las m\u00e1s ricas del pa\u00eds, en los valles de Sorata, que producimos cam\u00e9lidos en las alturas\u201d, agreg\u00f3.<br \/>\nAnunci\u00f3 que durante el mes habr\u00e1 una agenda de actividades que busca reactivar la econom\u00eda del municipio pace\u00f1o y ser\u00e1 el desaf\u00edo para poner a \u201cLa Paz en movimiento\u201d, despu\u00e9s de cumplir con la meta de vacunar a casi el 100 % de la poblaci\u00f3n con la primera dosis anticovid y con similar cifra con la segunda dosis.<br \/>\nLa autoridad municipal invoc\u00f3 a la pacificaci\u00f3n del conflicto de productores de coca y la Polic\u00eda Nacional, en Villa F\u00e1tima, y que los protagonistas busquen puntos de di\u00e1logo. \u201cNo puede ser que estemos enfrentados este mes de octubre\u201d, sostuvo.<br \/>\nEl presidente del Concejo Municipal, Jorge Dul\u00f3n, destac\u00f3 la fecha hist\u00f3rica como reivindicaci\u00f3n de \u201cla ciudad que queremos\u201d y la presidenta del Centro C\u00edvico Cultural, Karina Larrea, afirm\u00f3 que el mes de celebraci\u00f3n debe ser motivo para recuperar a la ciudad del impacto que deja la pandemia sanitaria, reflej\u00f3 AMN.<br \/>\nDespu\u00e9s del acto, dos personajes de la \u00e9poca (1548), un caballero y un campesino, escenificaron la ciudad de entonces, la urbe moderna y pidieron proyectar \u201cLa Paz en paz\u201d. Tambi\u00e9n estuvieron dos damas de la \u00e9poca y las cholitas Pace\u00f1a 2021 y Kurmi.<\/p>\n","protected":false},"excerpt":{"rendered":"<p>Con la elevaci\u00f3n de la bandera pace\u00f1a en la plaza San Francisco, el alcalde Iv\u00e1n Arias comenz\u00f3 ayer el mes de homenaje a la fundaci\u00f3n de La Paz, convoc\u00f3 a la reconciliaci\u00f3n y la reactivaci\u00f3n de la econom\u00eda del municipio. \u201cTodo lo que hagamos de aqu\u00ed en adelante busca reactivar nuestra econom\u00eda, los pace\u00f1os tenemos [&hellip;]<\/p>\n","protected":false},"author":1,"featured_media":33755,"comment_status":"closed","ping_status":"closed","sticky":false,"template":"","format":"standard","meta":{"_acf_changed":false,"footnotes":""},"categories":[12],"tags":[],"class_list":["post-33754","post","type-post","status-publish","format-standard","has-post-thumbnail","category-nacional"],"acf":{"antetitulo":""},"yoast_head":"<!-- This site is optimized with the Yoast SEO plugin v28.4 - https:\/\/yoast.com\/product\/yoast-seo-wordpress\/ -->\n<title>Inician actos de homenaje por fundaci\u00f3n de La Paz - El Diario - Bolivia<\/title>\n<meta name=\"robots\" content=\"index, follow, max-snippet:-1, max-image-preview:large, max-video-preview:-1\" \/>\n<link rel=\"canonical\" href=\"https:\/\/www.eldiario.net\/portal\/2021\/10\/02\/inician-actos-de-homenaje-por-fundacion-de-la-paz\/\" \/>\n<meta property=\"og:locale\" content=\"es_ES\" \/>\n<meta property=\"og:type\" content=\"article\" \/>\n<meta property=\"og:title\" content=\"Inician actos de homenaje por fundaci\u00f3n de La Paz - El Diario - Bolivia\" \/>\n<meta property=\"og:description\" content=\"Con la elevaci\u00f3n de la bandera pace\u00f1a en la plaza San Francisco, el alcalde Iv\u00e1n Arias comenz\u00f3 ayer el mes de homenaje a la fundaci\u00f3n de La Paz, convoc\u00f3 a la reconciliaci\u00f3n y la reactivaci\u00f3n de la econom\u00eda del municipio. \u201cTodo lo que hagamos de aqu\u00ed en adelante busca reactivar nuestra econom\u00eda, los pace\u00f1os tenemos [&hellip;]\" \/>\n<meta property=\"og:url\" content=\"https:\/\/www.eldiario.net\/portal\/2021\/10\/02\/inician-actos-de-homenaje-por-fundacion-de-la-paz\/\" \/>\n<meta property=\"og:site_name\" content=\"El Diario - Bolivia\" \/>\n<meta property=\"article:publisher\" content=\"https:\/\/www.facebook.com\/eldiario.bolivia\/\" \/>\n<meta property=\"article:published_time\" content=\"2021-10-02T10:24:54+00:00\" \/>\n<meta name=\"author\" content=\"Jeanette\" \/>\n<meta name=\"twitter:card\" content=\"summary_large_image\" \/>\n<meta name=\"twitter:creator\" content=\"@eldiario_net\" \/>\n<meta name=\"twitter:site\" content=\"@eldiario_net\" \/>\n<meta name=\"twitter:label1\" content=\"Escrito por\" \/>\n\t<meta name=\"twitter:data1\" content=\"Jeanette\" \/>\n\t<meta name=\"twitter:label2\" content=\"Tiempo de lectura\" \/>\n\t<meta name=\"twitter:data2\" content=\"3 minutos\" \/>\n<script type=\"application\/ld+json\" class=\"yoast-schema-graph\">{\"@context\":\"https:\\\/\\\/schema.org\",\"@graph\":[{\"@type\":\"Article\",\"@id\":\"https:\\\/\\\/www.eldiario.net\\\/portal\\\/2021\\\/10\\\/02\\\/inician-actos-de-homenaje-por-fundacion-de-la-paz\\\/#article\",\"isPartOf\":{\"@id\":\"https:\\\/\\\/www.eldiario.net\\\/portal\\\/2021\\\/10\\\/02\\\/inician-actos-de-homenaje-por-fundacion-de-la-paz\\\/\"},\"author\":{\"name\":\"Jeanette\",\"@id\":\"https:\\\/\\\/www.eldiario.net\\\/portal\\\/#\\\/schema\\\/person\\\/2c57cf2b7a7ae032e449e4c9b1019eac\"},\"headline\":\"Inician actos de homenaje por fundaci\u00f3n de La Paz\",\"datePublished\":\"2021-10-02T10:24:54+00:00\",\"mainEntityOfPage\":{\"@id\":\"https:\\\/\\\/www.eldiario.net\\\/portal\\\/2021\\\/10\\\/02\\\/inician-actos-de-homenaje-por-fundacion-de-la-paz\\\/\"},\"wordCount\":549,\"publisher\":{\"@id\":\"https:\\\/\\\/www.eldiario.net\\\/portal\\\/#organization\"},\"image\":{\"@id\":\"https:\\\/\\\/www.eldiario.net\\\/portal\\\/2021\\\/10\\\/02\\\/inician-actos-de-homenaje-por-fundacion-de-la-paz\\\/#primaryimage\"},\"thumbnailUrl\":\"\",\"articleSection\":[\"Nacional\"],\"inLanguage\":\"es\"},{\"@type\":\"WebPage\",\"@id\":\"https:\\\/\\\/www.eldiario.net\\\/portal\\\/2021\\\/10\\\/02\\\/inician-actos-de-homenaje-por-fundacion-de-la-paz\\\/\",\"url\":\"https:\\\/\\\/www.eldiario.net\\\/portal\\\/2021\\\/10\\\/02\\\/inician-actos-de-homenaje-por-fundacion-de-la-paz\\\/\",\"name\":\"Inician actos de homenaje por fundaci\u00f3n de La Paz - El Diario - Bolivia\",\"isPartOf\":{\"@id\":\"https:\\\/\\\/www.eldiario.net\\\/portal\\\/#website\"},\"primaryImageOfPage\":{\"@id\":\"https:\\\/\\\/www.eldiario.net\\\/portal\\\/2021\\\/10\\\/02\\\/inician-actos-de-homenaje-por-fundacion-de-la-paz\\\/#primaryimage\"},\"image\":{\"@id\":\"https:\\\/\\\/www.eldiario.net\\\/portal\\\/2021\\\/10\\\/02\\\/inician-actos-de-homenaje-por-fundacion-de-la-paz\\\/#primaryimage\"},\"thumbnailUrl\":\"\",\"datePublished\":\"2021-10-02T10:24:54+00:00\",\"breadcrumb\":{\"@id\":\"https:\\\/\\\/www.eldiario.net\\\/portal\\\/2021\\\/10\\\/02\\\/inician-actos-de-homenaje-por-fundacion-de-la-paz\\\/#breadcrumb\"},\"inLanguage\":\"es\",\"potentialAction\":[{\"@type\":\"ReadAction\",\"target\":[\"https:\\\/\\\/www.eldiario.net\\\/portal\\\/2021\\\/10\\\/02\\\/inician-actos-de-homenaje-por-fundacion-de-la-paz\\\/\"]}]},{\"@type\":\"ImageObject\",\"inLanguage\":\"es\",\"@id\":\"https:\\\/\\\/www.eldiario.net\\\/portal\\\/2021\\\/10\\\/02\\\/inician-actos-de-homenaje-por-fundacion-de-la-paz\\\/#primaryimage\",\"url\":\"\",\"contentUrl\":\"\"},{\"@type\":\"BreadcrumbList\",\"@id\":\"https:\\\/\\\/www.eldiario.net\\\/portal\\\/2021\\\/10\\\/02\\\/inician-actos-de-homenaje-por-fundacion-de-la-paz\\\/#breadcrumb\",\"itemListElement\":[{\"@type\":\"ListItem\",\"position\":1,\"name\":\"Portada\",\"item\":\"https:\\\/\\\/www.eldiario.net\\\/portal\\\/\"},{\"@type\":\"ListItem\",\"position\":2,\"name\":\"Inician actos de homenaje por fundaci\u00f3n de La Paz\"}]},{\"@type\":\"WebSite\",\"@id\":\"https:\\\/\\\/www.eldiario.net\\\/portal\\\/#website\",\"url\":\"https:\\\/\\\/www.eldiario.net\\\/portal\\\/\",\"name\":\"El Diario - Decano de la prensa nacional\",\"description\":\"El Diario - Decano de la prensa nacional\",\"publisher\":{\"@id\":\"https:\\\/\\\/www.eldiario.net\\\/portal\\\/#organization\"},\"potentialAction\":[{\"@type\":\"SearchAction\",\"target\":{\"@type\":\"EntryPoint\",\"urlTemplate\":\"https:\\\/\\\/www.eldiario.net\\\/portal\\\/?s={search_term_string}\"},\"query-input\":{\"@type\":\"PropertyValueSpecification\",\"valueRequired\":true,\"valueName\":\"search_term_string\"}}],\"inLanguage\":\"es\"},{\"@type\":\"Organization\",\"@id\":\"https:\\\/\\\/www.eldiario.net\\\/portal\\\/#organization\",\"name\":\"El Diario - Decano de la prensa nacional\",\"url\":\"https:\\\/\\\/www.eldiario.net\\\/portal\\\/\",\"logo\":{\"@type\":\"ImageObject\",\"inLanguage\":\"es\",\"@id\":\"https:\\\/\\\/www.eldiario.net\\\/portal\\\/#\\\/schema\\\/logo\\\/image\\\/\",\"url\":\"https:\\\/\\\/www.eldiario.net\\\/portal\\\/wp-content\\\/uploads\\\/2023\\\/07\\\/logo_ED.jpg\",\"contentUrl\":\"https:\\\/\\\/www.eldiario.net\\\/portal\\\/wp-content\\\/uploads\\\/2023\\\/07\\\/logo_ED.jpg\",\"width\":272,\"height\":52,\"caption\":\"El Diario - Decano de la prensa nacional\"},\"image\":{\"@id\":\"https:\\\/\\\/www.eldiario.net\\\/portal\\\/#\\\/schema\\\/logo\\\/image\\\/\"},\"sameAs\":[\"https:\\\/\\\/www.facebook.com\\\/eldiario.bolivia\\\/\",\"https:\\\/\\\/x.com\\\/eldiario_net\"]},{\"@type\":\"Person\",\"@id\":\"https:\\\/\\\/www.eldiario.net\\\/portal\\\/#\\\/schema\\\/person\\\/2c57cf2b7a7ae032e449e4c9b1019eac\",\"name\":\"Jeanette\",\"image\":{\"@type\":\"ImageObject\",\"inLanguage\":\"es\",\"@id\":\"https:\\\/\\\/secure.gravatar.com\\\/avatar\\\/3ea2118a5f7dad2b7138b1187a6b7ee55f160b9968b66013c3a3ef39dd7e5798?s=96&d=mm&r=g\",\"url\":\"https:\\\/\\\/secure.gravatar.com\\\/avatar\\\/3ea2118a5f7dad2b7138b1187a6b7ee55f160b9968b66013c3a3ef39dd7e5798?s=96&d=mm&r=g\",\"contentUrl\":\"https:\\\/\\\/secure.gravatar.com\\\/avatar\\\/3ea2118a5f7dad2b7138b1187a6b7ee55f160b9968b66013c3a3ef39dd7e5798?s=96&d=mm&r=g\",\"caption\":\"Jeanette\"},\"sameAs\":[\"https:\\\/\\\/www.eldiario.net\\\/portal\"],\"url\":\"https:\\\/\\\/www.eldiario.net\\\/portal\\\/author\\\/jeanette\\\/\"}]}<\/script>\n<!-- \/ Yoast SEO plugin. -->","yoast_head_json":{"title":"Inician actos de homenaje por fundaci\u00f3n de La Paz - El Diario - Bolivia","robots":{"index":"index","follow":"follow","max-snippet":"max-snippet:-1","max-image-preview":"max-image-preview:large","max-video-preview":"max-video-preview:-1"},"canonical":"https:\/\/www.eldiario.net\/portal\/2021\/10\/02\/inician-actos-de-homenaje-por-fundacion-de-la-paz\/","og_locale":"es_ES","og_type":"article","og_title":"Inician actos de homenaje por fundaci\u00f3n de La Paz - El Diario - Bolivia","og_description":"Con la elevaci\u00f3n de la bandera pace\u00f1a en la plaza San Francisco, el alcalde Iv\u00e1n Arias comenz\u00f3 ayer el mes de homenaje a la fundaci\u00f3n de La Paz, convoc\u00f3 a la reconciliaci\u00f3n y la reactivaci\u00f3n de la econom\u00eda del municipio. \u201cTodo lo que hagamos de aqu\u00ed en adelante busca reactivar nuestra econom\u00eda, los pace\u00f1os tenemos [&hellip;]","og_url":"https:\/\/www.eldiario.net\/portal\/2021\/10\/02\/inician-actos-de-homenaje-por-fundacion-de-la-paz\/","og_site_name":"El Diario - Bolivia","article_publisher":"https:\/\/www.facebook.com\/eldiario.bolivia\/","article_published_time":"2021-10-02T10:24:54+00:00","author":"Jeanette","twitter_card":"summary_large_image","twitter_creator":"@eldiario_net","twitter_site":"@eldiario_net","twitter_misc":{"Escrito por":"Jeanette","Tiempo de lectura":"3 minutos"},"schema":{"@context":"https:\/\/schema.org","@graph":[{"@type":"Article","@id":"https:\/\/www.eldiario.net\/portal\/2021\/10\/02\/inician-actos-de-homenaje-por-fundacion-de-la-paz\/#article","isPartOf":{"@id":"https:\/\/www.eldiario.net\/portal\/2021\/10\/02\/inician-actos-de-homenaje-por-fundacion-de-la-paz\/"},"author":{"name":"Jeanette","@id":"https:\/\/www.eldiario.net\/portal\/#\/schema\/person\/2c57cf2b7a7ae032e449e4c9b1019eac"},"headline":"Inician actos de homenaje por fundaci\u00f3n de La Paz","datePublished":"2021-10-02T10:24:54+00:00","mainEntityOfPage":{"@id":"https:\/\/www.eldiario.net\/portal\/2021\/10\/02\/inician-actos-de-homenaje-por-fundacion-de-la-paz\/"},"wordCount":549,"publisher":{"@id":"https:\/\/www.eldiario.net\/portal\/#organization"},"image":{"@id":"https:\/\/www.eldiario.net\/portal\/2021\/10\/02\/inician-actos-de-homenaje-por-fundacion-de-la-paz\/#primaryimage"},"thumbnailUrl":"","articleSection":["Nacional"],"inLanguage":"es"},{"@type":"WebPage","@id":"https:\/\/www.eldiario.net\/portal\/2021\/10\/02\/inician-actos-de-homenaje-por-fundacion-de-la-paz\/","url":"https:\/\/www.eldiario.net\/portal\/2021\/10\/02\/inician-actos-de-homenaje-por-fundacion-de-la-paz\/","name":"Inician actos de homenaje por fundaci\u00f3n de La Paz - El Diario - Bolivia","isPartOf":{"@id":"https:\/\/www.eldiario.net\/portal\/#website"},"primaryImageOfPage":{"@id":"https:\/\/www.eldiario.net\/portal\/2021\/10\/02\/inician-actos-de-homenaje-por-fundacion-de-la-paz\/#primaryimage"},"image":{"@id":"https:\/\/www.eldiario.net\/portal\/2021\/10\/02\/inician-actos-de-homenaje-por-fundacion-de-la-paz\/#primaryimage"},"thumbnailUrl":"","datePublished":"2021-10-02T10:24:54+00:00","breadcrumb":{"@id":"https:\/\/www.eldiario.net\/portal\/2021\/10\/02\/inician-actos-de-homenaje-por-fundacion-de-la-paz\/#breadcrumb"},"inLanguage":"es","potentialAction":[{"@type":"ReadAction","target":["https:\/\/www.eldiario.net\/portal\/2021\/10\/02\/inician-actos-de-homenaje-por-fundacion-de-la-paz\/"]}]},{"@type":"ImageObject","inLanguage":"es","@id":"https:\/\/www.eldiario.net\/portal\/2021\/10\/02\/inician-actos-de-homenaje-por-fundacion-de-la-paz\/#primaryimage","url":"","contentUrl":""},{"@type":"BreadcrumbList","@id":"https:\/\/www.eldiario.net\/portal\/2021\/10\/02\/inician-actos-de-homenaje-por-fundacion-de-la-paz\/#breadcrumb","itemListElement":[{"@type":"ListItem","position":1,"name":"Portada","item":"https:\/\/www.eldiario.net\/portal\/"},{"@type":"ListItem","position":2,"name":"Inician actos de homenaje por fundaci\u00f3n de La Paz"}]},{"@type":"WebSite","@id":"https:\/\/www.eldiario.net\/portal\/#website","url":"https:\/\/www.eldiario.net\/portal\/","name":"El Diario - Decano de la prensa nacional","description":"El Diario - Decano de la prensa nacional","publisher":{"@id":"https:\/\/www.eldiario.net\/portal\/#organization"},"potentialAction":[{"@type":"SearchAction","target":{"@type":"EntryPoint","urlTemplate":"https:\/\/www.eldiario.net\/portal\/?s={search_term_string}"},"query-input":{"@type":"PropertyValueSpecification","valueRequired":true,"valueName":"search_term_string"}}],"inLanguage":"es"},{"@type":"Organization","@id":"https:\/\/www.eldiario.net\/portal\/#organization","name":"El Diario - Decano de la prensa nacional","url":"https:\/\/www.eldiario.net\/portal\/","logo":{"@type":"ImageObject","inLanguage":"es","@id":"https:\/\/www.eldiario.net\/portal\/#\/schema\/logo\/image\/","url":"https:\/\/www.eldiario.net\/portal\/wp-content\/uploads\/2023\/07\/logo_ED.jpg","contentUrl":"https:\/\/www.eldiario.net\/portal\/wp-content\/uploads\/2023\/07\/logo_ED.jpg","width":272,"height":52,"caption":"El Diario - Decano de la prensa nacional"},"image":{"@id":"https:\/\/www.eldiario.net\/portal\/#\/schema\/logo\/image\/"},"sameAs":["https:\/\/www.facebook.com\/eldiario.bolivia\/","https:\/\/x.com\/eldiario_net"]},{"@type":"Person","@id":"https:\/\/www.eldiario.net\/portal\/#\/schema\/person\/2c57cf2b7a7ae032e449e4c9b1019eac","name":"Jeanette","image":{"@type":"ImageObject","inLanguage":"es","@id":"https:\/\/secure.gravatar.com\/avatar\/3ea2118a5f7dad2b7138b1187a6b7ee55f160b9968b66013c3a3ef39dd7e5798?s=96&d=mm&r=g","url":"https:\/\/secure.gravatar.com\/avatar\/3ea2118a5f7dad2b7138b1187a6b7ee55f160b9968b66013c3a3ef39dd7e5798?s=96&d=mm&r=g","contentUrl":"https:\/\/secure.gravatar.com\/avatar\/3ea2118a5f7dad2b7138b1187a6b7ee55f160b9968b66013c3a3ef39dd7e5798?s=96&d=mm&r=g","caption":"Jeanette"},"sameAs":["https:\/\/www.eldiario.net\/portal"],"url":"https:\/\/www.eldiario.net\/portal\/author\/jeanette\/"}]}},"_links":{"self":[{"href":"https:\/\/www.eldiario.net\/portal\/wp-json\/wp\/v2\/posts\/33754","targetHints":{"allow":["GET"]}}],"collection":[{"href":"https:\/\/www.eldiario.net\/portal\/wp-json\/wp\/v2\/posts"}],"about":[{"href":"https:\/\/www.eldiario.net\/portal\/wp-json\/wp\/v2\/types\/post"}],"author":[{"embeddable":true,"href":"https:\/\/www.eldiario.net\/portal\/wp-json\/wp\/v2\/users\/1"}],"replies":[{"embeddable":true,"href":"https:\/\/www.eldiario.net\/portal\/wp-json\/wp\/v2\/comments?post=33754"}],"version-history":[{"count":0,"href":"https:\/\/www.eldiario.net\/portal\/wp-json\/wp\/v2\/posts\/33754\/revisions"}],"wp:attachment":[{"href":"https:\/\/www.eldiario.net\/portal\/wp-json\/wp\/v2\/media?parent=33754"}],"wp:term":[{"taxonomy":"category","embeddable":true,"href":"https:\/\/www.eldiario.net\/portal\/wp-json\/wp\/v2\/categories?post=33754"},{"taxonomy":"post_tag","embeddable":true,"href":"https:\/\/www.eldiario.net\/portal\/wp-json\/wp\/v2\/tags?post=33754"}],"curies":[{"name":"wp","href":"https:\/\/api.w.org\/{rel}","templated":true}]}}