{"id":337507,"date":"2025-10-11T07:24:45","date_gmt":"2025-10-11T11:24:45","guid":{"rendered":"https:\/\/www.eldiario.net\/portal\/?p=337507"},"modified":"2025-10-11T07:24:45","modified_gmt":"2025-10-11T11:24:45","slug":"adrian-roco-gonzales-participara-en-la-bienal-de-diseno-y-cartel-bolivia-2025","status":"publish","type":"post","link":"https:\/\/www.eldiario.net\/portal\/2025\/10\/11\/adrian-roco-gonzales-participara-en-la-bienal-de-diseno-y-cartel-bolivia-2025\/","title":{"rendered":"Adri\u00e1n \u2018Roco\u2019 Gonz\u00e1les participar\u00e1 en la Bienal de Dise\u00f1o y Cartel Bolivia 2025"},"content":{"rendered":"<p>Un salto al vac\u00edo, as\u00ed se llamar\u00e1 la charla creativa que Adri\u00e1n \u2018Roco\u2019 Gonz\u00e1les brindar\u00e1 en la Bienal de Dise\u00f1o y Cartel Bolivia 2025, donde hablar\u00e1 sobre su incursi\u00f3n en el dise\u00f1o gr\u00e1fico, que empieza cuando era un artista urbano.<\/p>\n<p>Gonz\u00e1les, nacido en Cochabamba, ser\u00e1 uno de los invitados nacionales en este encuentro bianual, que se realizar\u00e1 del 20 al 24 de octubre en sus dos sedes, la ciudad de La Paz y la capital cochabambina.<\/p>\n<p>Asimismo, Gonz\u00e1les tendr\u00e1 una actividad muy especial que cuenta con el apoyo del Museo Nacional de Arte y el Instituto Boliviano de la Ceguera, que se denomina <em>Yo participo<\/em>, en la que construir\u00e1n figuras a partir del sistema braille.<\/p>\n<p>En esta entrevista, Adri\u00e1n profundiza un poco m\u00e1s acerca de su trabajo.<\/p>\n<p><strong>P: \u00bfC\u00f3mo crees que el arte urbano y el dise\u00f1o gr\u00e1fico pueden integrarse? \u00bfCu\u00e1nto te sirvi\u00f3, por ejemplo, el grafiti en tu obra como dise\u00f1ador gr\u00e1fico?<\/strong><\/p>\n<p>A: Veo que estos dos mundos tienen una conexi\u00f3n grande y que constantemente se influyen. Podemos ver c\u00f3mo diferentes artistas urbanos componen sus obras con una precisi\u00f3n hermosa, la cual podr\u00eda ser una se\u00f1al de haber aplicado nociones del dise\u00f1o gr\u00e1fico. Tambi\u00e9n veo que el dise\u00f1o gr\u00e1fico tiende a renovarse con tendencias y en algunas vemos la influencia de la cultura del grafiti o arte urbano. Creo que en internet podemos encontrar muchos ejemplos y darnos cuenta de que est\u00e1n en una constante influencia, donde se realimentan para crear proyectos innovadores, llamativos y frescos. Supongo que me ha influido de gran forma, es innegable. Veo que mis proyectos de dise\u00f1o los pienso para que sean llamativos y, de alguna forma, estimulantes, que son caracter\u00edsticas siempre presentes en el grafiti.<\/p>\n<p><strong>P: \u00bfC\u00f3mo ves la actualidad del dise\u00f1o gr\u00e1fico en Bolivia? \u00bfCu\u00e1l crees que es su principal caracter\u00edstica?<\/strong><\/p>\n<p>A: Veo que podr\u00edamos dar mayor valor al dise\u00f1o gr\u00e1fico en nuestro pa\u00eds. Creo que el uso o institucionalizaci\u00f3n del dise\u00f1o boliviano es un tema subestimado de inicio. Podr\u00edamos crear mucho patrimonio cultural desde el dise\u00f1o gr\u00e1fico. Siento que el dise\u00f1o en Bolivia no ha podido consolidarse en una tendencia o escuela propia. Esto no es solo cuesti\u00f3n de tiempo, ser\u00eda uno de los grandes frutos que obtendr\u00edamos al cortar con malas pr\u00e1cticas cuando se emplea a un artista o dise\u00f1ador. Y crear espacios para reconocer el potencial del dise\u00f1o, donde se comunique al p\u00fablico los elementos creativos que han sido trabajados para proyectos de inter\u00e9s general. De esta forma dar\u00edamos m\u00e1s atenci\u00f3n a las convocatorias nacionales, licitaciones, concursos, etc.<\/p>\n<p>Puedo percibir que en nuestro territorio tendemos a reinterpretar elementos de nuestras culturas heredadas y una de las caracter\u00edsticas es la diversidad.<\/p>\n<p><strong>P: \u00bfCu\u00e1l crees que es la ventaja y la desventaja de ser un dise\u00f1ador gr\u00e1fico independiente?<\/strong><\/p>\n<p>A: Creo que tiene m\u00e1s desventajas, pero hay que ser sinceros, existe una gran ventaja, que se la percibe como un gran tesoro y es la de poder organizar tus tiempos con proyectos personales. Ser independiente significa un gran sacrificio y, en muchos casos, es inevitable si quieres abrirte camino en campos m\u00e1s cercanos al arte. Depende mucho de a qu\u00e9 deseas llegar o c\u00f3mo quieres formarte.<\/p>\n<p><strong>P: \u00bfC\u00f3mo nace la idea de la actividad de la BICeB\u00e9 con el Instituto Boliviano de la Ceguera?<\/strong><\/p>\n<p>A: Esta actividad fue propuesta por el Museo Nacional de Arte y mi persona con el objetivo de motivar la creatividad de los ni\u00f1os no videntes y crear un cartel sensorial, un cartel diferente, uno que podamos leer con ayuda de las manos.<\/p>\n<p><strong>P: \u00bfC\u00f3mo fue ese salto al vac\u00edo en tu vida, al decidir seguir tu propio camino profesional? \u00bfC\u00f3mo se puede aplicar ese salto al vac\u00edo en la hora de crear un dise\u00f1o?<\/strong><\/p>\n<p>A: Fue cuando acab\u00e9 mis estudios de arquitectura, con horarios definidos, un sueldo y todo lo bueno y malo de trabajar en una empresa. Sent\u00ed que quedarme en ese lugar hubiera sido bastante c\u00f3modo. Pero sent\u00eda que estaba alejad\u00edsimo de poder desarrollar habilidades que tanto hab\u00edan llamado mi atenci\u00f3n. Vi que ten\u00eda que tomar una decisi\u00f3n y atreverme a empezar de cero, dar un salto al vac\u00edo y confiar en mis habilidades.<\/p>\n<p>Creo que en cierto momento tenemos que aprender a confiar en las capacidades que tenemos, dar el salto a proponer, a encontrar la soluci\u00f3n creativa. Creo que tener un proceso creativo m\u00e1s intuitivo nos hace encontrar ideas m\u00e1s precisas y pr\u00e1cticas. Contar con la confianza para empezar a proponer o bosquejar es un recurso muy importante y vital.<\/p>\n\r\n                <style type=\"text\/css\">\r\n                    \r\n                    #tdi_1  .td-doubleSlider-2 .td-item1 {\r\n                        background: url(https:\/\/www.eldiario.net\/portal\/wp-content\/uploads\/2025\/10\/2-2-80x60.webp) 0 0 no-repeat;\r\n                    }\r\n                    #tdi_1  .td-doubleSlider-2 .td-item2 {\r\n                        background: url(https:\/\/www.eldiario.net\/portal\/wp-content\/uploads\/2025\/10\/1-PRINCIPAL-3-80x60.webp) 0 0 no-repeat;\r\n                    }\r\n                    #tdi_1  .td-doubleSlider-2 .td-item3 {\r\n                        background: url(https:\/\/www.eldiario.net\/portal\/wp-content\/uploads\/2025\/10\/5-1-80x60.webp) 0 0 no-repeat;\r\n                    }\r\n                    #tdi_1  .td-doubleSlider-2 .td-item4 {\r\n                        background: url(https:\/\/www.eldiario.net\/portal\/wp-content\/uploads\/2025\/10\/3-2-80x60.webp) 0 0 no-repeat;\r\n                    }\r\n                    #tdi_1  .td-doubleSlider-2 .td-item5 {\r\n                        background: url(https:\/\/www.eldiario.net\/portal\/wp-content\/uploads\/2025\/10\/4-1-80x60.webp) 0 0 no-repeat;\r\n                    }\r\n                <\/style>\r\n\r\n                <div id=\"tdi_1\" class=\"td-gallery td-slide-on-2-columns\">\r\n                    <div class=\"post_td_gallery\">\r\n                        <div class=\"td-gallery-slide-top\">\r\n                           <div class=\"td-gallery-title\"><\/div>\r\n\r\n                            <div class=\"td-gallery-controls-wrapper\">\r\n                                <div class=\"td-gallery-slide-count\"><span class=\"td-gallery-slide-item-focus\">1<\/span> de 5<\/div>\r\n                                <div class=\"td-gallery-slide-prev-next-but\">\r\n                                    <i class = \"td-icon-left doubleSliderPrevButton\"><\/i>\r\n                                    <i class = \"td-icon-right doubleSliderNextButton\"><\/i>\r\n                                <\/div>\r\n                            <\/div>\r\n                        <\/div>\r\n\r\n                        <div class = \"td-doubleSlider-1 \">\r\n                            <div class = \"td-slider\">\r\n                                \r\n                    <div class = \"td-slide-item td-item1\">\r\n                        <figure class=\"td-slide-galery-figure td-slide-popup-gallery\">\r\n                            <a class=\"slide-gallery-image-link\" href=\"https:\/\/www.eldiario.net\/portal\/wp-content\/uploads\/2025\/10\/2-2.webp\" title=\"2\"  data-caption=\"\"  data-description=\"\">\r\n                                <img decoding=\"async\" src=\"https:\/\/www.eldiario.net\/portal\/wp-content\/uploads\/2025\/10\/2-2-662x420.webp\" srcset=\"https:\/\/www.eldiario.net\/portal\/wp-content\/uploads\/2025\/10\/2-2-662x420.webp 662w, https:\/\/www.eldiario.net\/portal\/wp-content\/uploads\/2025\/10\/2-2-300x190.webp 300w, https:\/\/www.eldiario.net\/portal\/wp-content\/uploads\/2025\/10\/2-2-1024x649.webp 1024w, https:\/\/www.eldiario.net\/portal\/wp-content\/uploads\/2025\/10\/2-2-768x487.webp 768w, https:\/\/www.eldiario.net\/portal\/wp-content\/uploads\/2025\/10\/2-2-150x95.webp 150w, https:\/\/www.eldiario.net\/portal\/wp-content\/uploads\/2025\/10\/2-2-696x441.webp 696w, https:\/\/www.eldiario.net\/portal\/wp-content\/uploads\/2025\/10\/2-2-1068x677.webp 1068w, https:\/\/www.eldiario.net\/portal\/wp-content\/uploads\/2025\/10\/2-2.webp 1200w\" sizes=\"(max-width: 662px) 100vw, 662px\" alt=\"\">\r\n                            <\/a>\r\n                            \r\n                        <\/figure>\r\n                    <\/div>\r\n                    <div class = \"td-slide-item td-item2\">\r\n                        <figure class=\"td-slide-galery-figure td-slide-popup-gallery\">\r\n                            <a class=\"slide-gallery-image-link\" href=\"https:\/\/www.eldiario.net\/portal\/wp-content\/uploads\/2025\/10\/1-PRINCIPAL-3.webp\" title=\"1-PRINCIPAL\"  data-caption=\"\"  data-description=\"\">\r\n                                <img decoding=\"async\" src=\"https:\/\/www.eldiario.net\/portal\/wp-content\/uploads\/2025\/10\/1-PRINCIPAL-3-662x420.webp\" srcset=\"https:\/\/www.eldiario.net\/portal\/wp-content\/uploads\/2025\/10\/1-PRINCIPAL-3-662x420.webp 662w, https:\/\/www.eldiario.net\/portal\/wp-content\/uploads\/2025\/10\/1-PRINCIPAL-3-300x190.webp 300w, https:\/\/www.eldiario.net\/portal\/wp-content\/uploads\/2025\/10\/1-PRINCIPAL-3-1024x649.webp 1024w, https:\/\/www.eldiario.net\/portal\/wp-content\/uploads\/2025\/10\/1-PRINCIPAL-3-768x487.webp 768w, https:\/\/www.eldiario.net\/portal\/wp-content\/uploads\/2025\/10\/1-PRINCIPAL-3-150x95.webp 150w, https:\/\/www.eldiario.net\/portal\/wp-content\/uploads\/2025\/10\/1-PRINCIPAL-3-696x441.webp 696w, https:\/\/www.eldiario.net\/portal\/wp-content\/uploads\/2025\/10\/1-PRINCIPAL-3-1068x677.webp 1068w, https:\/\/www.eldiario.net\/portal\/wp-content\/uploads\/2025\/10\/1-PRINCIPAL-3.webp 1200w\" sizes=\"(max-width: 662px) 100vw, 662px\" alt=\"\">\r\n                            <\/a>\r\n                            \r\n                        <\/figure>\r\n                    <\/div>\r\n                    <div class = \"td-slide-item td-item3\">\r\n                        <figure class=\"td-slide-galery-figure td-slide-popup-gallery\">\r\n                            <a class=\"slide-gallery-image-link\" href=\"https:\/\/www.eldiario.net\/portal\/wp-content\/uploads\/2025\/10\/5-1.webp\" title=\"5\"  data-caption=\"\"  data-description=\"\">\r\n                                <img decoding=\"async\" src=\"https:\/\/www.eldiario.net\/portal\/wp-content\/uploads\/2025\/10\/5-1-572x420.webp\" srcset=\"https:\/\/www.eldiario.net\/portal\/wp-content\/uploads\/2025\/10\/5-1-572x420.webp 572w, https:\/\/www.eldiario.net\/portal\/wp-content\/uploads\/2025\/10\/5-1-300x220.webp 300w, https:\/\/www.eldiario.net\/portal\/wp-content\/uploads\/2025\/10\/5-1-80x60.webp 80w, https:\/\/www.eldiario.net\/portal\/wp-content\/uploads\/2025\/10\/5-1-150x110.webp 150w, https:\/\/www.eldiario.net\/portal\/wp-content\/uploads\/2025\/10\/5-1-696x511.webp 696w, https:\/\/www.eldiario.net\/portal\/wp-content\/uploads\/2025\/10\/5-1.webp 720w\" sizes=\"(max-width: 572px) 100vw, 572px\" alt=\"\">\r\n                            <\/a>\r\n                            \r\n                        <\/figure>\r\n                    <\/div>\r\n                    <div class = \"td-slide-item td-item4\">\r\n                        <figure class=\"td-slide-galery-figure td-slide-popup-gallery\">\r\n                            <a class=\"slide-gallery-image-link\" href=\"https:\/\/www.eldiario.net\/portal\/wp-content\/uploads\/2025\/10\/3-2.webp\" title=\"3\"  data-caption=\"\"  data-description=\"\">\r\n                                <img decoding=\"async\" src=\"https:\/\/www.eldiario.net\/portal\/wp-content\/uploads\/2025\/10\/3-2-316x420.webp\" srcset=\"https:\/\/www.eldiario.net\/portal\/wp-content\/uploads\/2025\/10\/3-2-316x420.webp 316w, https:\/\/www.eldiario.net\/portal\/wp-content\/uploads\/2025\/10\/3-2-226x300.webp 226w, https:\/\/www.eldiario.net\/portal\/wp-content\/uploads\/2025\/10\/3-2-150x200.webp 150w, https:\/\/www.eldiario.net\/portal\/wp-content\/uploads\/2025\/10\/3-2-300x399.webp 300w, https:\/\/www.eldiario.net\/portal\/wp-content\/uploads\/2025\/10\/3-2.webp 442w\" sizes=\"(max-width: 316px) 100vw, 316px\" alt=\"\">\r\n                            <\/a>\r\n                            \r\n                        <\/figure>\r\n                    <\/div>\r\n                    <div class = \"td-slide-item td-item5\">\r\n                        <figure class=\"td-slide-galery-figure td-slide-popup-gallery\">\r\n                            <a class=\"slide-gallery-image-link\" href=\"https:\/\/www.eldiario.net\/portal\/wp-content\/uploads\/2025\/10\/4-1.webp\" title=\"4\"  data-caption=\"\"  data-description=\"\">\r\n                                <img decoding=\"async\" src=\"https:\/\/www.eldiario.net\/portal\/wp-content\/uploads\/2025\/10\/4-1-263x420.webp\" srcset=\"https:\/\/www.eldiario.net\/portal\/wp-content\/uploads\/2025\/10\/4-1-263x420.webp 263w, https:\/\/www.eldiario.net\/portal\/wp-content\/uploads\/2025\/10\/4-1-188x300.webp 188w, https:\/\/www.eldiario.net\/portal\/wp-content\/uploads\/2025\/10\/4-1-150x240.webp 150w, https:\/\/www.eldiario.net\/portal\/wp-content\/uploads\/2025\/10\/4-1-300x480.webp 300w, https:\/\/www.eldiario.net\/portal\/wp-content\/uploads\/2025\/10\/4-1.webp 526w\" sizes=\"(max-width: 263px) 100vw, 263px\" alt=\"\">\r\n                            <\/a>\r\n                            \r\n                        <\/figure>\r\n                    <\/div>\r\n                            <\/div>\r\n                        <\/div>\r\n\r\n                        <div class = \"td-doubleSlider-2\">\r\n                            <div class = \"td-slider\">\r\n                                \r\n                    <div class = \"td-button td-item1\">\r\n                        <div class = \"td-border\"><\/div>\r\n                    <\/div>\r\n                    <div class = \"td-button td-item2\">\r\n                        <div class = \"td-border\"><\/div>\r\n                    <\/div>\r\n                    <div class = \"td-button td-item3\">\r\n                        <div class = \"td-border\"><\/div>\r\n                    <\/div>\r\n                    <div class = \"td-button td-item4\">\r\n                        <div class = \"td-border\"><\/div>\r\n                    <\/div>\r\n                    <div class = \"td-button td-item5\">\r\n                        <div class = \"td-border\"><\/div>\r\n                    <\/div>\r\n                            <\/div>\r\n                        <\/div>\r\n\r\n                    <\/div>\r\n\r\n                <\/div>\r\n                \n","protected":false},"excerpt":{"rendered":"<p>Un salto al vac\u00edo, as\u00ed se llamar\u00e1 la charla creativa que Adri\u00e1n \u2018Roco\u2019 Gonz\u00e1les brindar\u00e1 en la Bienal de Dise\u00f1o y Cartel Bolivia 2025, donde hablar\u00e1 sobre su incursi\u00f3n en el dise\u00f1o gr\u00e1fico, que empieza cuando era un artista urbano. Gonz\u00e1les, nacido en Cochabamba, ser\u00e1 uno de los invitados nacionales en este encuentro bianual, que [&hellip;]<\/p>\n","protected":false},"author":1,"featured_media":337509,"comment_status":"closed","ping_status":"open","sticky":false,"template":"","format":"standard","meta":{"_acf_changed":false,"footnotes":""},"categories":[41],"tags":[],"class_list":["post-337507","post","type-post","status-publish","format-standard","has-post-thumbnail","category-la-guia"],"acf":{"antetitulo":""},"yoast_head":"<!-- This site is optimized with the Yoast SEO plugin v28.4 - https:\/\/yoast.com\/product\/yoast-seo-wordpress\/ -->\n<title>Adri\u00e1n \u2018Roco\u2019 Gonz\u00e1les participar\u00e1 en la Bienal de Dise\u00f1o y Cartel Bolivia 2025 - El Diario - Bolivia<\/title>\n<meta name=\"robots\" content=\"index, follow, max-snippet:-1, max-image-preview:large, max-video-preview:-1\" \/>\n<link rel=\"canonical\" href=\"https:\/\/www.eldiario.net\/portal\/2025\/10\/11\/adrian-roco-gonzales-participara-en-la-bienal-de-diseno-y-cartel-bolivia-2025\/\" \/>\n<meta property=\"og:locale\" content=\"es_ES\" \/>\n<meta property=\"og:type\" content=\"article\" \/>\n<meta property=\"og:title\" content=\"Adri\u00e1n \u2018Roco\u2019 Gonz\u00e1les participar\u00e1 en la Bienal de Dise\u00f1o y Cartel Bolivia 2025 - El Diario - Bolivia\" \/>\n<meta property=\"og:description\" content=\"Un salto al vac\u00edo, as\u00ed se llamar\u00e1 la charla creativa que Adri\u00e1n \u2018Roco\u2019 Gonz\u00e1les brindar\u00e1 en la Bienal de Dise\u00f1o y Cartel Bolivia 2025, donde hablar\u00e1 sobre su incursi\u00f3n en el dise\u00f1o gr\u00e1fico, que empieza cuando era un artista urbano. Gonz\u00e1les, nacido en Cochabamba, ser\u00e1 uno de los invitados nacionales en este encuentro bianual, que [&hellip;]\" \/>\n<meta property=\"og:url\" content=\"https:\/\/www.eldiario.net\/portal\/2025\/10\/11\/adrian-roco-gonzales-participara-en-la-bienal-de-diseno-y-cartel-bolivia-2025\/\" \/>\n<meta property=\"og:site_name\" content=\"El Diario - Bolivia\" \/>\n<meta property=\"article:publisher\" content=\"https:\/\/www.facebook.com\/eldiario.bolivia\/\" \/>\n<meta property=\"article:published_time\" content=\"2025-10-11T11:24:45+00:00\" \/>\n<meta property=\"og:image\" content=\"https:\/\/www.eldiario.net\/portal\/wp-content\/uploads\/2025\/10\/1-PRINCIPAL-3.webp\" \/>\n\t<meta property=\"og:image:width\" content=\"1200\" \/>\n\t<meta property=\"og:image:height\" content=\"761\" \/>\n\t<meta property=\"og:image:type\" content=\"image\/webp\" \/>\n<meta name=\"author\" content=\"Jeanette\" \/>\n<meta name=\"twitter:card\" content=\"summary_large_image\" \/>\n<meta name=\"twitter:creator\" content=\"@eldiario_net\" \/>\n<meta name=\"twitter:site\" content=\"@eldiario_net\" \/>\n<meta name=\"twitter:label1\" content=\"Escrito por\" \/>\n\t<meta name=\"twitter:data1\" content=\"Jeanette\" \/>\n\t<meta name=\"twitter:label2\" content=\"Tiempo de lectura\" \/>\n\t<meta name=\"twitter:data2\" content=\"4 minutos\" \/>\n<script type=\"application\/ld+json\" class=\"yoast-schema-graph\">{\"@context\":\"https:\\\/\\\/schema.org\",\"@graph\":[{\"@type\":\"Article\",\"@id\":\"https:\\\/\\\/www.eldiario.net\\\/portal\\\/2025\\\/10\\\/11\\\/adrian-roco-gonzales-participara-en-la-bienal-de-diseno-y-cartel-bolivia-2025\\\/#article\",\"isPartOf\":{\"@id\":\"https:\\\/\\\/www.eldiario.net\\\/portal\\\/2025\\\/10\\\/11\\\/adrian-roco-gonzales-participara-en-la-bienal-de-diseno-y-cartel-bolivia-2025\\\/\"},\"author\":{\"name\":\"Jeanette\",\"@id\":\"https:\\\/\\\/www.eldiario.net\\\/portal\\\/#\\\/schema\\\/person\\\/2c57cf2b7a7ae032e449e4c9b1019eac\"},\"headline\":\"Adri\u00e1n \u2018Roco\u2019 Gonz\u00e1les participar\u00e1 en la Bienal de Dise\u00f1o y Cartel Bolivia 2025\",\"datePublished\":\"2025-10-11T11:24:45+00:00\",\"mainEntityOfPage\":{\"@id\":\"https:\\\/\\\/www.eldiario.net\\\/portal\\\/2025\\\/10\\\/11\\\/adrian-roco-gonzales-participara-en-la-bienal-de-diseno-y-cartel-bolivia-2025\\\/\"},\"wordCount\":851,\"publisher\":{\"@id\":\"https:\\\/\\\/www.eldiario.net\\\/portal\\\/#organization\"},\"image\":{\"@id\":\"https:\\\/\\\/www.eldiario.net\\\/portal\\\/2025\\\/10\\\/11\\\/adrian-roco-gonzales-participara-en-la-bienal-de-diseno-y-cartel-bolivia-2025\\\/#primaryimage\"},\"thumbnailUrl\":\"https:\\\/\\\/www.eldiario.net\\\/portal\\\/wp-content\\\/uploads\\\/2025\\\/10\\\/1-PRINCIPAL-3.webp\",\"articleSection\":[\"La Gu\u00eda\"],\"inLanguage\":\"es\"},{\"@type\":\"WebPage\",\"@id\":\"https:\\\/\\\/www.eldiario.net\\\/portal\\\/2025\\\/10\\\/11\\\/adrian-roco-gonzales-participara-en-la-bienal-de-diseno-y-cartel-bolivia-2025\\\/\",\"url\":\"https:\\\/\\\/www.eldiario.net\\\/portal\\\/2025\\\/10\\\/11\\\/adrian-roco-gonzales-participara-en-la-bienal-de-diseno-y-cartel-bolivia-2025\\\/\",\"name\":\"Adri\u00e1n \u2018Roco\u2019 Gonz\u00e1les participar\u00e1 en la Bienal de Dise\u00f1o y Cartel Bolivia 2025 - El Diario - Bolivia\",\"isPartOf\":{\"@id\":\"https:\\\/\\\/www.eldiario.net\\\/portal\\\/#website\"},\"primaryImageOfPage\":{\"@id\":\"https:\\\/\\\/www.eldiario.net\\\/portal\\\/2025\\\/10\\\/11\\\/adrian-roco-gonzales-participara-en-la-bienal-de-diseno-y-cartel-bolivia-2025\\\/#primaryimage\"},\"image\":{\"@id\":\"https:\\\/\\\/www.eldiario.net\\\/portal\\\/2025\\\/10\\\/11\\\/adrian-roco-gonzales-participara-en-la-bienal-de-diseno-y-cartel-bolivia-2025\\\/#primaryimage\"},\"thumbnailUrl\":\"https:\\\/\\\/www.eldiario.net\\\/portal\\\/wp-content\\\/uploads\\\/2025\\\/10\\\/1-PRINCIPAL-3.webp\",\"datePublished\":\"2025-10-11T11:24:45+00:00\",\"breadcrumb\":{\"@id\":\"https:\\\/\\\/www.eldiario.net\\\/portal\\\/2025\\\/10\\\/11\\\/adrian-roco-gonzales-participara-en-la-bienal-de-diseno-y-cartel-bolivia-2025\\\/#breadcrumb\"},\"inLanguage\":\"es\",\"potentialAction\":[{\"@type\":\"ReadAction\",\"target\":[\"https:\\\/\\\/www.eldiario.net\\\/portal\\\/2025\\\/10\\\/11\\\/adrian-roco-gonzales-participara-en-la-bienal-de-diseno-y-cartel-bolivia-2025\\\/\"]}]},{\"@type\":\"ImageObject\",\"inLanguage\":\"es\",\"@id\":\"https:\\\/\\\/www.eldiario.net\\\/portal\\\/2025\\\/10\\\/11\\\/adrian-roco-gonzales-participara-en-la-bienal-de-diseno-y-cartel-bolivia-2025\\\/#primaryimage\",\"url\":\"https:\\\/\\\/www.eldiario.net\\\/portal\\\/wp-content\\\/uploads\\\/2025\\\/10\\\/1-PRINCIPAL-3.webp\",\"contentUrl\":\"https:\\\/\\\/www.eldiario.net\\\/portal\\\/wp-content\\\/uploads\\\/2025\\\/10\\\/1-PRINCIPAL-3.webp\",\"width\":1200,\"height\":761},{\"@type\":\"BreadcrumbList\",\"@id\":\"https:\\\/\\\/www.eldiario.net\\\/portal\\\/2025\\\/10\\\/11\\\/adrian-roco-gonzales-participara-en-la-bienal-de-diseno-y-cartel-bolivia-2025\\\/#breadcrumb\",\"itemListElement\":[{\"@type\":\"ListItem\",\"position\":1,\"name\":\"Portada\",\"item\":\"https:\\\/\\\/www.eldiario.net\\\/portal\\\/\"},{\"@type\":\"ListItem\",\"position\":2,\"name\":\"Adri\u00e1n \u2018Roco\u2019 Gonz\u00e1les participar\u00e1 en la Bienal de Dise\u00f1o y Cartel Bolivia 2025\"}]},{\"@type\":\"WebSite\",\"@id\":\"https:\\\/\\\/www.eldiario.net\\\/portal\\\/#website\",\"url\":\"https:\\\/\\\/www.eldiario.net\\\/portal\\\/\",\"name\":\"El Diario - Decano de la prensa nacional\",\"description\":\"El Diario - Decano de la prensa nacional\",\"publisher\":{\"@id\":\"https:\\\/\\\/www.eldiario.net\\\/portal\\\/#organization\"},\"potentialAction\":[{\"@type\":\"SearchAction\",\"target\":{\"@type\":\"EntryPoint\",\"urlTemplate\":\"https:\\\/\\\/www.eldiario.net\\\/portal\\\/?s={search_term_string}\"},\"query-input\":{\"@type\":\"PropertyValueSpecification\",\"valueRequired\":true,\"valueName\":\"search_term_string\"}}],\"inLanguage\":\"es\"},{\"@type\":\"Organization\",\"@id\":\"https:\\\/\\\/www.eldiario.net\\\/portal\\\/#organization\",\"name\":\"El Diario - Decano de la prensa nacional\",\"url\":\"https:\\\/\\\/www.eldiario.net\\\/portal\\\/\",\"logo\":{\"@type\":\"ImageObject\",\"inLanguage\":\"es\",\"@id\":\"https:\\\/\\\/www.eldiario.net\\\/portal\\\/#\\\/schema\\\/logo\\\/image\\\/\",\"url\":\"https:\\\/\\\/www.eldiario.net\\\/portal\\\/wp-content\\\/uploads\\\/2023\\\/07\\\/logo_ED.jpg\",\"contentUrl\":\"https:\\\/\\\/www.eldiario.net\\\/portal\\\/wp-content\\\/uploads\\\/2023\\\/07\\\/logo_ED.jpg\",\"width\":272,\"height\":52,\"caption\":\"El Diario - Decano de la prensa nacional\"},\"image\":{\"@id\":\"https:\\\/\\\/www.eldiario.net\\\/portal\\\/#\\\/schema\\\/logo\\\/image\\\/\"},\"sameAs\":[\"https:\\\/\\\/www.facebook.com\\\/eldiario.bolivia\\\/\",\"https:\\\/\\\/x.com\\\/eldiario_net\"]},{\"@type\":\"Person\",\"@id\":\"https:\\\/\\\/www.eldiario.net\\\/portal\\\/#\\\/schema\\\/person\\\/2c57cf2b7a7ae032e449e4c9b1019eac\",\"name\":\"Jeanette\",\"image\":{\"@type\":\"ImageObject\",\"inLanguage\":\"es\",\"@id\":\"https:\\\/\\\/secure.gravatar.com\\\/avatar\\\/3ea2118a5f7dad2b7138b1187a6b7ee55f160b9968b66013c3a3ef39dd7e5798?s=96&d=mm&r=g\",\"url\":\"https:\\\/\\\/secure.gravatar.com\\\/avatar\\\/3ea2118a5f7dad2b7138b1187a6b7ee55f160b9968b66013c3a3ef39dd7e5798?s=96&d=mm&r=g\",\"contentUrl\":\"https:\\\/\\\/secure.gravatar.com\\\/avatar\\\/3ea2118a5f7dad2b7138b1187a6b7ee55f160b9968b66013c3a3ef39dd7e5798?s=96&d=mm&r=g\",\"caption\":\"Jeanette\"},\"sameAs\":[\"https:\\\/\\\/www.eldiario.net\\\/portal\"],\"url\":\"https:\\\/\\\/www.eldiario.net\\\/portal\\\/author\\\/jeanette\\\/\"}]}<\/script>\n<!-- \/ Yoast SEO plugin. -->","yoast_head_json":{"title":"Adri\u00e1n \u2018Roco\u2019 Gonz\u00e1les participar\u00e1 en la Bienal de Dise\u00f1o y Cartel Bolivia 2025 - El Diario - Bolivia","robots":{"index":"index","follow":"follow","max-snippet":"max-snippet:-1","max-image-preview":"max-image-preview:large","max-video-preview":"max-video-preview:-1"},"canonical":"https:\/\/www.eldiario.net\/portal\/2025\/10\/11\/adrian-roco-gonzales-participara-en-la-bienal-de-diseno-y-cartel-bolivia-2025\/","og_locale":"es_ES","og_type":"article","og_title":"Adri\u00e1n \u2018Roco\u2019 Gonz\u00e1les participar\u00e1 en la Bienal de Dise\u00f1o y Cartel Bolivia 2025 - El Diario - Bolivia","og_description":"Un salto al vac\u00edo, as\u00ed se llamar\u00e1 la charla creativa que Adri\u00e1n \u2018Roco\u2019 Gonz\u00e1les brindar\u00e1 en la Bienal de Dise\u00f1o y Cartel Bolivia 2025, donde hablar\u00e1 sobre su incursi\u00f3n en el dise\u00f1o gr\u00e1fico, que empieza cuando era un artista urbano. Gonz\u00e1les, nacido en Cochabamba, ser\u00e1 uno de los invitados nacionales en este encuentro bianual, que [&hellip;]","og_url":"https:\/\/www.eldiario.net\/portal\/2025\/10\/11\/adrian-roco-gonzales-participara-en-la-bienal-de-diseno-y-cartel-bolivia-2025\/","og_site_name":"El Diario - Bolivia","article_publisher":"https:\/\/www.facebook.com\/eldiario.bolivia\/","article_published_time":"2025-10-11T11:24:45+00:00","og_image":[{"width":1200,"height":761,"url":"https:\/\/www.eldiario.net\/portal\/wp-content\/uploads\/2025\/10\/1-PRINCIPAL-3.webp","type":"image\/webp"}],"author":"Jeanette","twitter_card":"summary_large_image","twitter_creator":"@eldiario_net","twitter_site":"@eldiario_net","twitter_misc":{"Escrito por":"Jeanette","Tiempo de lectura":"4 minutos"},"schema":{"@context":"https:\/\/schema.org","@graph":[{"@type":"Article","@id":"https:\/\/www.eldiario.net\/portal\/2025\/10\/11\/adrian-roco-gonzales-participara-en-la-bienal-de-diseno-y-cartel-bolivia-2025\/#article","isPartOf":{"@id":"https:\/\/www.eldiario.net\/portal\/2025\/10\/11\/adrian-roco-gonzales-participara-en-la-bienal-de-diseno-y-cartel-bolivia-2025\/"},"author":{"name":"Jeanette","@id":"https:\/\/www.eldiario.net\/portal\/#\/schema\/person\/2c57cf2b7a7ae032e449e4c9b1019eac"},"headline":"Adri\u00e1n \u2018Roco\u2019 Gonz\u00e1les participar\u00e1 en la Bienal de Dise\u00f1o y Cartel Bolivia 2025","datePublished":"2025-10-11T11:24:45+00:00","mainEntityOfPage":{"@id":"https:\/\/www.eldiario.net\/portal\/2025\/10\/11\/adrian-roco-gonzales-participara-en-la-bienal-de-diseno-y-cartel-bolivia-2025\/"},"wordCount":851,"publisher":{"@id":"https:\/\/www.eldiario.net\/portal\/#organization"},"image":{"@id":"https:\/\/www.eldiario.net\/portal\/2025\/10\/11\/adrian-roco-gonzales-participara-en-la-bienal-de-diseno-y-cartel-bolivia-2025\/#primaryimage"},"thumbnailUrl":"https:\/\/www.eldiario.net\/portal\/wp-content\/uploads\/2025\/10\/1-PRINCIPAL-3.webp","articleSection":["La Gu\u00eda"],"inLanguage":"es"},{"@type":"WebPage","@id":"https:\/\/www.eldiario.net\/portal\/2025\/10\/11\/adrian-roco-gonzales-participara-en-la-bienal-de-diseno-y-cartel-bolivia-2025\/","url":"https:\/\/www.eldiario.net\/portal\/2025\/10\/11\/adrian-roco-gonzales-participara-en-la-bienal-de-diseno-y-cartel-bolivia-2025\/","name":"Adri\u00e1n \u2018Roco\u2019 Gonz\u00e1les participar\u00e1 en la Bienal de Dise\u00f1o y Cartel Bolivia 2025 - El Diario - Bolivia","isPartOf":{"@id":"https:\/\/www.eldiario.net\/portal\/#website"},"primaryImageOfPage":{"@id":"https:\/\/www.eldiario.net\/portal\/2025\/10\/11\/adrian-roco-gonzales-participara-en-la-bienal-de-diseno-y-cartel-bolivia-2025\/#primaryimage"},"image":{"@id":"https:\/\/www.eldiario.net\/portal\/2025\/10\/11\/adrian-roco-gonzales-participara-en-la-bienal-de-diseno-y-cartel-bolivia-2025\/#primaryimage"},"thumbnailUrl":"https:\/\/www.eldiario.net\/portal\/wp-content\/uploads\/2025\/10\/1-PRINCIPAL-3.webp","datePublished":"2025-10-11T11:24:45+00:00","breadcrumb":{"@id":"https:\/\/www.eldiario.net\/portal\/2025\/10\/11\/adrian-roco-gonzales-participara-en-la-bienal-de-diseno-y-cartel-bolivia-2025\/#breadcrumb"},"inLanguage":"es","potentialAction":[{"@type":"ReadAction","target":["https:\/\/www.eldiario.net\/portal\/2025\/10\/11\/adrian-roco-gonzales-participara-en-la-bienal-de-diseno-y-cartel-bolivia-2025\/"]}]},{"@type":"ImageObject","inLanguage":"es","@id":"https:\/\/www.eldiario.net\/portal\/2025\/10\/11\/adrian-roco-gonzales-participara-en-la-bienal-de-diseno-y-cartel-bolivia-2025\/#primaryimage","url":"https:\/\/www.eldiario.net\/portal\/wp-content\/uploads\/2025\/10\/1-PRINCIPAL-3.webp","contentUrl":"https:\/\/www.eldiario.net\/portal\/wp-content\/uploads\/2025\/10\/1-PRINCIPAL-3.webp","width":1200,"height":761},{"@type":"BreadcrumbList","@id":"https:\/\/www.eldiario.net\/portal\/2025\/10\/11\/adrian-roco-gonzales-participara-en-la-bienal-de-diseno-y-cartel-bolivia-2025\/#breadcrumb","itemListElement":[{"@type":"ListItem","position":1,"name":"Portada","item":"https:\/\/www.eldiario.net\/portal\/"},{"@type":"ListItem","position":2,"name":"Adri\u00e1n \u2018Roco\u2019 Gonz\u00e1les participar\u00e1 en la Bienal de Dise\u00f1o y Cartel Bolivia 2025"}]},{"@type":"WebSite","@id":"https:\/\/www.eldiario.net\/portal\/#website","url":"https:\/\/www.eldiario.net\/portal\/","name":"El Diario - Decano de la prensa nacional","description":"El Diario - Decano de la prensa nacional","publisher":{"@id":"https:\/\/www.eldiario.net\/portal\/#organization"},"potentialAction":[{"@type":"SearchAction","target":{"@type":"EntryPoint","urlTemplate":"https:\/\/www.eldiario.net\/portal\/?s={search_term_string}"},"query-input":{"@type":"PropertyValueSpecification","valueRequired":true,"valueName":"search_term_string"}}],"inLanguage":"es"},{"@type":"Organization","@id":"https:\/\/www.eldiario.net\/portal\/#organization","name":"El Diario - Decano de la prensa nacional","url":"https:\/\/www.eldiario.net\/portal\/","logo":{"@type":"ImageObject","inLanguage":"es","@id":"https:\/\/www.eldiario.net\/portal\/#\/schema\/logo\/image\/","url":"https:\/\/www.eldiario.net\/portal\/wp-content\/uploads\/2023\/07\/logo_ED.jpg","contentUrl":"https:\/\/www.eldiario.net\/portal\/wp-content\/uploads\/2023\/07\/logo_ED.jpg","width":272,"height":52,"caption":"El Diario - Decano de la prensa nacional"},"image":{"@id":"https:\/\/www.eldiario.net\/portal\/#\/schema\/logo\/image\/"},"sameAs":["https:\/\/www.facebook.com\/eldiario.bolivia\/","https:\/\/x.com\/eldiario_net"]},{"@type":"Person","@id":"https:\/\/www.eldiario.net\/portal\/#\/schema\/person\/2c57cf2b7a7ae032e449e4c9b1019eac","name":"Jeanette","image":{"@type":"ImageObject","inLanguage":"es","@id":"https:\/\/secure.gravatar.com\/avatar\/3ea2118a5f7dad2b7138b1187a6b7ee55f160b9968b66013c3a3ef39dd7e5798?s=96&d=mm&r=g","url":"https:\/\/secure.gravatar.com\/avatar\/3ea2118a5f7dad2b7138b1187a6b7ee55f160b9968b66013c3a3ef39dd7e5798?s=96&d=mm&r=g","contentUrl":"https:\/\/secure.gravatar.com\/avatar\/3ea2118a5f7dad2b7138b1187a6b7ee55f160b9968b66013c3a3ef39dd7e5798?s=96&d=mm&r=g","caption":"Jeanette"},"sameAs":["https:\/\/www.eldiario.net\/portal"],"url":"https:\/\/www.eldiario.net\/portal\/author\/jeanette\/"}]}},"_links":{"self":[{"href":"https:\/\/www.eldiario.net\/portal\/wp-json\/wp\/v2\/posts\/337507","targetHints":{"allow":["GET"]}}],"collection":[{"href":"https:\/\/www.eldiario.net\/portal\/wp-json\/wp\/v2\/posts"}],"about":[{"href":"https:\/\/www.eldiario.net\/portal\/wp-json\/wp\/v2\/types\/post"}],"author":[{"embeddable":true,"href":"https:\/\/www.eldiario.net\/portal\/wp-json\/wp\/v2\/users\/1"}],"replies":[{"embeddable":true,"href":"https:\/\/www.eldiario.net\/portal\/wp-json\/wp\/v2\/comments?post=337507"}],"version-history":[{"count":1,"href":"https:\/\/www.eldiario.net\/portal\/wp-json\/wp\/v2\/posts\/337507\/revisions"}],"predecessor-version":[{"id":337513,"href":"https:\/\/www.eldiario.net\/portal\/wp-json\/wp\/v2\/posts\/337507\/revisions\/337513"}],"wp:featuredmedia":[{"embeddable":true,"href":"https:\/\/www.eldiario.net\/portal\/wp-json\/wp\/v2\/media\/337509"}],"wp:attachment":[{"href":"https:\/\/www.eldiario.net\/portal\/wp-json\/wp\/v2\/media?parent=337507"}],"wp:term":[{"taxonomy":"category","embeddable":true,"href":"https:\/\/www.eldiario.net\/portal\/wp-json\/wp\/v2\/categories?post=337507"},{"taxonomy":"post_tag","embeddable":true,"href":"https:\/\/www.eldiario.net\/portal\/wp-json\/wp\/v2\/tags?post=337507"}],"curies":[{"name":"wp","href":"https:\/\/api.w.org\/{rel}","templated":true}]}}