{"id":337505,"date":"2025-10-11T07:22:28","date_gmt":"2025-10-11T11:22:28","guid":{"rendered":"https:\/\/www.eldiario.net\/portal\/?p=337505"},"modified":"2025-10-11T07:22:28","modified_gmt":"2025-10-11T11:22:28","slug":"huerfanos-victimas-de-feminicidio-en-completa-indefension","status":"publish","type":"post","link":"https:\/\/www.eldiario.net\/portal\/2025\/10\/11\/huerfanos-victimas-de-feminicidio-en-completa-indefension\/","title":{"rendered":"Hu\u00e9rfanos v\u00edctimas de feminicidio en completa indefensi\u00f3n"},"content":{"rendered":"<p>Hoy es el D\u00eda de la Mujer Boliviana, conmemorando el nacimiento de Adela Zamudio, una poetisa, escritora, educadora y pionera en la lucha por los derechos de las mujeres en el pa\u00eds. Se rinde homenaje a la fuerza, valent\u00eda y los aportes de las mujeres bolivianas en todos los \u00e1mbitos de la sociedad, as\u00ed como a su lucha hist\u00f3rica por la igualdad, la justicia y el pleno ejercicio de sus derechos.<br \/>\nPor primera vez en la historia de Bolivia, en la Constituci\u00f3n Pol\u00edtica del Estado se visibiliza a las mujeres, despu\u00e9s la Asamblea Constituyente, de la cual fuimos parte. Con apoyo de organizaciones de mujeres, escribimos en el texto 26 art\u00edculos para beneficio de las mujeres. Especialmente con el art\u00edculo 15, el Estado garantiza una vida libre de violencia a todos, especialmente a las mujeres. Lamentablemente eso no se cumple, porque el gobierno no tiene voluntad pol\u00edtica para aplicar tales normas, por el contrario, el senador Andr\u00f3nico Rodr\u00edguez, manifest\u00f3 que la Ley 348 es \u201ccontra los hombres\u201d, demostrando su machismo y patriarcalismo retr\u00f3grado.<br \/>\nLa Ley 348 Integral para Garantizar a las Mujeres una Vida Libre de Violencia, que se desprende de la Constituci\u00f3n, es el principal instrumento jur\u00eddico para PREVENIR, atender, proteger y reparar a las mujeres en situaci\u00f3n de violencia, as\u00ed como para sancionar a los agresores. Adem\u00e1s, reivindica la igualdad de oportunidades y la equidad de g\u00e9nero, buscando la construcci\u00f3n de un pa\u00eds m\u00e1s justo e inclusivo, en defensa de la democracia y los Derechos Humanos, como ha sido establecido en tratados, convenios y otros instrumentos firmados por Bolivia.<br \/>\nA pesar de contar con un mandato constitucional, la violencia contra la mujer en Bolivia es un grave problema, porque el 70% de mujeres entre 15 y 49 a\u00f1os ha sufrido alg\u00fan tipo de violencia (psicol\u00f3gica, econ\u00f3mica, f\u00edsica, sexual o discriminatoria) a lo largo de su vida. Y m\u00e1s de 100 feminicidios es el promedio anual.<br \/>\nLamentablemente, de acuerdo con el informe de la Fiscal\u00eda, la violencia ejercida contra mujeres llega a 34.512 casos registrados a nivel nacional, Santa Cruz con 11.785; La Paz, con 8.653 y Cochabamba con 5.507. Los feminicidios en total hasta septiembre de 2025 son 60. La Paz con 23, Santa Cruz 15, Cochabamba 9, Oruro 4, Potos\u00ed 5, Tarija 3, Chuquisaca 1, Beni y Pando 0. Los hu\u00e9rfanos por feminicidio son 120.<br \/>\nLa Alianza por los Hu\u00e9rfanos de Feminicidio en Bolivia, organizaci\u00f3n que aglutina a m\u00e1s de 30 instituciones privadas y p\u00fablicas, ha propuesto un proyecto de ley para proteger a estos peque\u00f1os, llamado: \u201cProtecci\u00f3n Integral y Reparaci\u00f3n para Hijas e Hijos Hu\u00e9rfanos de V\u00edctimas de Feminicidio\u201d. Llegan a m\u00e1s 1.000 los menores en situaci\u00f3n de orfandad, luego de feminicidios. Este a\u00f1o alcanza a \u201c120 hu\u00e9rfanos v\u00edctimas de feminicidio\u201d. No hay estad\u00edsticas sobre hu\u00e9rfanos, porque para el gobierno son invisibles y no les da la atenci\u00f3n que merecen, como mujeres y hombres del futuro, que quedan con traumas como:<br \/>\nConsecuencias psicol\u00f3gicas: 1) Trastorno por estr\u00e9s postraum\u00e1tico: derivado de presenciar o enterarse de un evento impactante y atemorizante, como la muerte de su madre. 2) Angustia, depresi\u00f3n y ansiedad: dolor por la p\u00e9rdida, combinado con la inestabilidad emocional, provoca altos niveles de sufrimiento psicol\u00f3gico. 3) Miedo y sentimiento de culpa: muchos ni\u00f1os pueden desarrollar miedos profundos y, en ocasiones, sentimientos irracionales de culpa por lo sucedido. 4) Problemas de conducta: los hu\u00e9rfanos pueden presentar conductas agresivas, aislamiento social o dificultad para regular sus emociones. 5) Reproducci\u00f3n de la violencia: existe el riesgo de que los menores, al crecer reproduzcan patrones de violencia que presenciaron en su entorno familiar.<br \/>\nExigimos a la Asamblea Legislativa que asuma su responsabilidad para la aprobaci\u00f3n del Proyecto de Ley \u201cProtecci\u00f3n Integral y Reparaci\u00f3n para Hijas e Hijos Hu\u00e9rfanos de V\u00edctimas de Feminicidio\u201d a fin de evitar que ni\u00f1as y ni\u00f1os hu\u00e9rfanos sigan en la indefensi\u00f3n e invisibilizados por el Estado, exponi\u00e9ndolos a terminar en las calles o en centros de acogida.<\/p>\n<p>La autora es Abogada, Economista, ex Asamble\u00edsta Constituyente.<\/p>\n","protected":false},"excerpt":{"rendered":"<p>Hoy es el D\u00eda de la Mujer Boliviana, conmemorando el nacimiento de Adela Zamudio, una poetisa, escritora, educadora y pionera en la lucha por los derechos de las mujeres en el pa\u00eds. Se rinde homenaje a la fuerza, valent\u00eda y los aportes de las mujeres bolivianas en todos los \u00e1mbitos de la sociedad, as\u00ed como [&hellip;]<\/p>\n","protected":false},"author":1,"featured_media":159531,"comment_status":"closed","ping_status":"open","sticky":false,"template":"","format":"standard","meta":{"_acf_changed":false,"footnotes":""},"categories":[9],"tags":[],"class_list":["post-337505","post","type-post","status-publish","format-standard","has-post-thumbnail","category-opinion"],"acf":{"antetitulo":""},"yoast_head":"<!-- This site is optimized with the Yoast SEO plugin v28.4 - https:\/\/yoast.com\/product\/yoast-seo-wordpress\/ -->\n<title>Hu\u00e9rfanos v\u00edctimas de feminicidio en completa indefensi\u00f3n - El Diario - Bolivia<\/title>\n<meta name=\"robots\" content=\"index, follow, max-snippet:-1, max-image-preview:large, max-video-preview:-1\" \/>\n<link rel=\"canonical\" href=\"https:\/\/www.eldiario.net\/portal\/2025\/10\/11\/huerfanos-victimas-de-feminicidio-en-completa-indefension\/\" \/>\n<meta property=\"og:locale\" content=\"es_ES\" \/>\n<meta property=\"og:type\" content=\"article\" \/>\n<meta property=\"og:title\" content=\"Hu\u00e9rfanos v\u00edctimas de feminicidio en completa indefensi\u00f3n - El Diario - Bolivia\" \/>\n<meta property=\"og:description\" content=\"Hoy es el D\u00eda de la Mujer Boliviana, conmemorando el nacimiento de Adela Zamudio, una poetisa, escritora, educadora y pionera en la lucha por los derechos de las mujeres en el pa\u00eds. Se rinde homenaje a la fuerza, valent\u00eda y los aportes de las mujeres bolivianas en todos los \u00e1mbitos de la sociedad, as\u00ed como [&hellip;]\" \/>\n<meta property=\"og:url\" content=\"https:\/\/www.eldiario.net\/portal\/2025\/10\/11\/huerfanos-victimas-de-feminicidio-en-completa-indefension\/\" \/>\n<meta property=\"og:site_name\" content=\"El Diario - Bolivia\" \/>\n<meta property=\"article:publisher\" content=\"https:\/\/www.facebook.com\/eldiario.bolivia\/\" \/>\n<meta property=\"article:published_time\" content=\"2025-10-11T11:22:28+00:00\" \/>\n<meta property=\"og:image\" content=\"https:\/\/www.eldiario.net\/portal\/wp-content\/uploads\/2023\/06\/angelica_siles-2.jpg\" \/>\n\t<meta property=\"og:image:width\" content=\"1200\" \/>\n\t<meta property=\"og:image:height\" content=\"628\" \/>\n\t<meta property=\"og:image:type\" content=\"image\/jpeg\" \/>\n<meta name=\"author\" content=\"Jeanette\" \/>\n<meta name=\"twitter:card\" content=\"summary_large_image\" \/>\n<meta name=\"twitter:creator\" content=\"@eldiario_net\" \/>\n<meta name=\"twitter:site\" content=\"@eldiario_net\" \/>\n<meta name=\"twitter:label1\" content=\"Escrito por\" \/>\n\t<meta name=\"twitter:data1\" content=\"Jeanette\" \/>\n\t<meta name=\"twitter:label2\" content=\"Tiempo de lectura\" \/>\n\t<meta name=\"twitter:data2\" content=\"4 minutos\" \/>\n<script type=\"application\/ld+json\" class=\"yoast-schema-graph\">{\"@context\":\"https:\\\/\\\/schema.org\",\"@graph\":[{\"@type\":\"Article\",\"@id\":\"https:\\\/\\\/www.eldiario.net\\\/portal\\\/2025\\\/10\\\/11\\\/huerfanos-victimas-de-feminicidio-en-completa-indefension\\\/#article\",\"isPartOf\":{\"@id\":\"https:\\\/\\\/www.eldiario.net\\\/portal\\\/2025\\\/10\\\/11\\\/huerfanos-victimas-de-feminicidio-en-completa-indefension\\\/\"},\"author\":{\"name\":\"Jeanette\",\"@id\":\"https:\\\/\\\/www.eldiario.net\\\/portal\\\/#\\\/schema\\\/person\\\/2c57cf2b7a7ae032e449e4c9b1019eac\"},\"headline\":\"Hu\u00e9rfanos v\u00edctimas de feminicidio en completa indefensi\u00f3n\",\"datePublished\":\"2025-10-11T11:22:28+00:00\",\"mainEntityOfPage\":{\"@id\":\"https:\\\/\\\/www.eldiario.net\\\/portal\\\/2025\\\/10\\\/11\\\/huerfanos-victimas-de-feminicidio-en-completa-indefension\\\/\"},\"wordCount\":704,\"publisher\":{\"@id\":\"https:\\\/\\\/www.eldiario.net\\\/portal\\\/#organization\"},\"image\":{\"@id\":\"https:\\\/\\\/www.eldiario.net\\\/portal\\\/2025\\\/10\\\/11\\\/huerfanos-victimas-de-feminicidio-en-completa-indefension\\\/#primaryimage\"},\"thumbnailUrl\":\"https:\\\/\\\/www.eldiario.net\\\/portal\\\/wp-content\\\/uploads\\\/2023\\\/06\\\/angelica_siles-2.jpg\",\"articleSection\":[\"Opini\u00f3n\"],\"inLanguage\":\"es\"},{\"@type\":\"WebPage\",\"@id\":\"https:\\\/\\\/www.eldiario.net\\\/portal\\\/2025\\\/10\\\/11\\\/huerfanos-victimas-de-feminicidio-en-completa-indefension\\\/\",\"url\":\"https:\\\/\\\/www.eldiario.net\\\/portal\\\/2025\\\/10\\\/11\\\/huerfanos-victimas-de-feminicidio-en-completa-indefension\\\/\",\"name\":\"Hu\u00e9rfanos v\u00edctimas de feminicidio en completa indefensi\u00f3n - El Diario - Bolivia\",\"isPartOf\":{\"@id\":\"https:\\\/\\\/www.eldiario.net\\\/portal\\\/#website\"},\"primaryImageOfPage\":{\"@id\":\"https:\\\/\\\/www.eldiario.net\\\/portal\\\/2025\\\/10\\\/11\\\/huerfanos-victimas-de-feminicidio-en-completa-indefension\\\/#primaryimage\"},\"image\":{\"@id\":\"https:\\\/\\\/www.eldiario.net\\\/portal\\\/2025\\\/10\\\/11\\\/huerfanos-victimas-de-feminicidio-en-completa-indefension\\\/#primaryimage\"},\"thumbnailUrl\":\"https:\\\/\\\/www.eldiario.net\\\/portal\\\/wp-content\\\/uploads\\\/2023\\\/06\\\/angelica_siles-2.jpg\",\"datePublished\":\"2025-10-11T11:22:28+00:00\",\"breadcrumb\":{\"@id\":\"https:\\\/\\\/www.eldiario.net\\\/portal\\\/2025\\\/10\\\/11\\\/huerfanos-victimas-de-feminicidio-en-completa-indefension\\\/#breadcrumb\"},\"inLanguage\":\"es\",\"potentialAction\":[{\"@type\":\"ReadAction\",\"target\":[\"https:\\\/\\\/www.eldiario.net\\\/portal\\\/2025\\\/10\\\/11\\\/huerfanos-victimas-de-feminicidio-en-completa-indefension\\\/\"]}]},{\"@type\":\"ImageObject\",\"inLanguage\":\"es\",\"@id\":\"https:\\\/\\\/www.eldiario.net\\\/portal\\\/2025\\\/10\\\/11\\\/huerfanos-victimas-de-feminicidio-en-completa-indefension\\\/#primaryimage\",\"url\":\"https:\\\/\\\/www.eldiario.net\\\/portal\\\/wp-content\\\/uploads\\\/2023\\\/06\\\/angelica_siles-2.jpg\",\"contentUrl\":\"https:\\\/\\\/www.eldiario.net\\\/portal\\\/wp-content\\\/uploads\\\/2023\\\/06\\\/angelica_siles-2.jpg\",\"width\":1200,\"height\":628,\"caption\":\"Ang\u00e9lica Siles Parrado\"},{\"@type\":\"BreadcrumbList\",\"@id\":\"https:\\\/\\\/www.eldiario.net\\\/portal\\\/2025\\\/10\\\/11\\\/huerfanos-victimas-de-feminicidio-en-completa-indefension\\\/#breadcrumb\",\"itemListElement\":[{\"@type\":\"ListItem\",\"position\":1,\"name\":\"Portada\",\"item\":\"https:\\\/\\\/www.eldiario.net\\\/portal\\\/\"},{\"@type\":\"ListItem\",\"position\":2,\"name\":\"Hu\u00e9rfanos v\u00edctimas de feminicidio en completa indefensi\u00f3n\"}]},{\"@type\":\"WebSite\",\"@id\":\"https:\\\/\\\/www.eldiario.net\\\/portal\\\/#website\",\"url\":\"https:\\\/\\\/www.eldiario.net\\\/portal\\\/\",\"name\":\"El Diario - Decano de la prensa nacional\",\"description\":\"El Diario - Decano de la prensa nacional\",\"publisher\":{\"@id\":\"https:\\\/\\\/www.eldiario.net\\\/portal\\\/#organization\"},\"potentialAction\":[{\"@type\":\"SearchAction\",\"target\":{\"@type\":\"EntryPoint\",\"urlTemplate\":\"https:\\\/\\\/www.eldiario.net\\\/portal\\\/?s={search_term_string}\"},\"query-input\":{\"@type\":\"PropertyValueSpecification\",\"valueRequired\":true,\"valueName\":\"search_term_string\"}}],\"inLanguage\":\"es\"},{\"@type\":\"Organization\",\"@id\":\"https:\\\/\\\/www.eldiario.net\\\/portal\\\/#organization\",\"name\":\"El Diario - Decano de la prensa nacional\",\"url\":\"https:\\\/\\\/www.eldiario.net\\\/portal\\\/\",\"logo\":{\"@type\":\"ImageObject\",\"inLanguage\":\"es\",\"@id\":\"https:\\\/\\\/www.eldiario.net\\\/portal\\\/#\\\/schema\\\/logo\\\/image\\\/\",\"url\":\"https:\\\/\\\/www.eldiario.net\\\/portal\\\/wp-content\\\/uploads\\\/2023\\\/07\\\/logo_ED.jpg\",\"contentUrl\":\"https:\\\/\\\/www.eldiario.net\\\/portal\\\/wp-content\\\/uploads\\\/2023\\\/07\\\/logo_ED.jpg\",\"width\":272,\"height\":52,\"caption\":\"El Diario - Decano de la prensa nacional\"},\"image\":{\"@id\":\"https:\\\/\\\/www.eldiario.net\\\/portal\\\/#\\\/schema\\\/logo\\\/image\\\/\"},\"sameAs\":[\"https:\\\/\\\/www.facebook.com\\\/eldiario.bolivia\\\/\",\"https:\\\/\\\/x.com\\\/eldiario_net\"]},{\"@type\":\"Person\",\"@id\":\"https:\\\/\\\/www.eldiario.net\\\/portal\\\/#\\\/schema\\\/person\\\/2c57cf2b7a7ae032e449e4c9b1019eac\",\"name\":\"Jeanette\",\"image\":{\"@type\":\"ImageObject\",\"inLanguage\":\"es\",\"@id\":\"https:\\\/\\\/secure.gravatar.com\\\/avatar\\\/3ea2118a5f7dad2b7138b1187a6b7ee55f160b9968b66013c3a3ef39dd7e5798?s=96&d=mm&r=g\",\"url\":\"https:\\\/\\\/secure.gravatar.com\\\/avatar\\\/3ea2118a5f7dad2b7138b1187a6b7ee55f160b9968b66013c3a3ef39dd7e5798?s=96&d=mm&r=g\",\"contentUrl\":\"https:\\\/\\\/secure.gravatar.com\\\/avatar\\\/3ea2118a5f7dad2b7138b1187a6b7ee55f160b9968b66013c3a3ef39dd7e5798?s=96&d=mm&r=g\",\"caption\":\"Jeanette\"},\"sameAs\":[\"https:\\\/\\\/www.eldiario.net\\\/portal\"],\"url\":\"https:\\\/\\\/www.eldiario.net\\\/portal\\\/author\\\/jeanette\\\/\"}]}<\/script>\n<!-- \/ Yoast SEO plugin. -->","yoast_head_json":{"title":"Hu\u00e9rfanos v\u00edctimas de feminicidio en completa indefensi\u00f3n - El Diario - Bolivia","robots":{"index":"index","follow":"follow","max-snippet":"max-snippet:-1","max-image-preview":"max-image-preview:large","max-video-preview":"max-video-preview:-1"},"canonical":"https:\/\/www.eldiario.net\/portal\/2025\/10\/11\/huerfanos-victimas-de-feminicidio-en-completa-indefension\/","og_locale":"es_ES","og_type":"article","og_title":"Hu\u00e9rfanos v\u00edctimas de feminicidio en completa indefensi\u00f3n - El Diario - Bolivia","og_description":"Hoy es el D\u00eda de la Mujer Boliviana, conmemorando el nacimiento de Adela Zamudio, una poetisa, escritora, educadora y pionera en la lucha por los derechos de las mujeres en el pa\u00eds. Se rinde homenaje a la fuerza, valent\u00eda y los aportes de las mujeres bolivianas en todos los \u00e1mbitos de la sociedad, as\u00ed como [&hellip;]","og_url":"https:\/\/www.eldiario.net\/portal\/2025\/10\/11\/huerfanos-victimas-de-feminicidio-en-completa-indefension\/","og_site_name":"El Diario - Bolivia","article_publisher":"https:\/\/www.facebook.com\/eldiario.bolivia\/","article_published_time":"2025-10-11T11:22:28+00:00","og_image":[{"width":1200,"height":628,"url":"https:\/\/www.eldiario.net\/portal\/wp-content\/uploads\/2023\/06\/angelica_siles-2.jpg","type":"image\/jpeg"}],"author":"Jeanette","twitter_card":"summary_large_image","twitter_creator":"@eldiario_net","twitter_site":"@eldiario_net","twitter_misc":{"Escrito por":"Jeanette","Tiempo de lectura":"4 minutos"},"schema":{"@context":"https:\/\/schema.org","@graph":[{"@type":"Article","@id":"https:\/\/www.eldiario.net\/portal\/2025\/10\/11\/huerfanos-victimas-de-feminicidio-en-completa-indefension\/#article","isPartOf":{"@id":"https:\/\/www.eldiario.net\/portal\/2025\/10\/11\/huerfanos-victimas-de-feminicidio-en-completa-indefension\/"},"author":{"name":"Jeanette","@id":"https:\/\/www.eldiario.net\/portal\/#\/schema\/person\/2c57cf2b7a7ae032e449e4c9b1019eac"},"headline":"Hu\u00e9rfanos v\u00edctimas de feminicidio en completa indefensi\u00f3n","datePublished":"2025-10-11T11:22:28+00:00","mainEntityOfPage":{"@id":"https:\/\/www.eldiario.net\/portal\/2025\/10\/11\/huerfanos-victimas-de-feminicidio-en-completa-indefension\/"},"wordCount":704,"publisher":{"@id":"https:\/\/www.eldiario.net\/portal\/#organization"},"image":{"@id":"https:\/\/www.eldiario.net\/portal\/2025\/10\/11\/huerfanos-victimas-de-feminicidio-en-completa-indefension\/#primaryimage"},"thumbnailUrl":"https:\/\/www.eldiario.net\/portal\/wp-content\/uploads\/2023\/06\/angelica_siles-2.jpg","articleSection":["Opini\u00f3n"],"inLanguage":"es"},{"@type":"WebPage","@id":"https:\/\/www.eldiario.net\/portal\/2025\/10\/11\/huerfanos-victimas-de-feminicidio-en-completa-indefension\/","url":"https:\/\/www.eldiario.net\/portal\/2025\/10\/11\/huerfanos-victimas-de-feminicidio-en-completa-indefension\/","name":"Hu\u00e9rfanos v\u00edctimas de feminicidio en completa indefensi\u00f3n - El Diario - Bolivia","isPartOf":{"@id":"https:\/\/www.eldiario.net\/portal\/#website"},"primaryImageOfPage":{"@id":"https:\/\/www.eldiario.net\/portal\/2025\/10\/11\/huerfanos-victimas-de-feminicidio-en-completa-indefension\/#primaryimage"},"image":{"@id":"https:\/\/www.eldiario.net\/portal\/2025\/10\/11\/huerfanos-victimas-de-feminicidio-en-completa-indefension\/#primaryimage"},"thumbnailUrl":"https:\/\/www.eldiario.net\/portal\/wp-content\/uploads\/2023\/06\/angelica_siles-2.jpg","datePublished":"2025-10-11T11:22:28+00:00","breadcrumb":{"@id":"https:\/\/www.eldiario.net\/portal\/2025\/10\/11\/huerfanos-victimas-de-feminicidio-en-completa-indefension\/#breadcrumb"},"inLanguage":"es","potentialAction":[{"@type":"ReadAction","target":["https:\/\/www.eldiario.net\/portal\/2025\/10\/11\/huerfanos-victimas-de-feminicidio-en-completa-indefension\/"]}]},{"@type":"ImageObject","inLanguage":"es","@id":"https:\/\/www.eldiario.net\/portal\/2025\/10\/11\/huerfanos-victimas-de-feminicidio-en-completa-indefension\/#primaryimage","url":"https:\/\/www.eldiario.net\/portal\/wp-content\/uploads\/2023\/06\/angelica_siles-2.jpg","contentUrl":"https:\/\/www.eldiario.net\/portal\/wp-content\/uploads\/2023\/06\/angelica_siles-2.jpg","width":1200,"height":628,"caption":"Ang\u00e9lica Siles Parrado"},{"@type":"BreadcrumbList","@id":"https:\/\/www.eldiario.net\/portal\/2025\/10\/11\/huerfanos-victimas-de-feminicidio-en-completa-indefension\/#breadcrumb","itemListElement":[{"@type":"ListItem","position":1,"name":"Portada","item":"https:\/\/www.eldiario.net\/portal\/"},{"@type":"ListItem","position":2,"name":"Hu\u00e9rfanos v\u00edctimas de feminicidio en completa indefensi\u00f3n"}]},{"@type":"WebSite","@id":"https:\/\/www.eldiario.net\/portal\/#website","url":"https:\/\/www.eldiario.net\/portal\/","name":"El Diario - Decano de la prensa nacional","description":"El Diario - Decano de la prensa nacional","publisher":{"@id":"https:\/\/www.eldiario.net\/portal\/#organization"},"potentialAction":[{"@type":"SearchAction","target":{"@type":"EntryPoint","urlTemplate":"https:\/\/www.eldiario.net\/portal\/?s={search_term_string}"},"query-input":{"@type":"PropertyValueSpecification","valueRequired":true,"valueName":"search_term_string"}}],"inLanguage":"es"},{"@type":"Organization","@id":"https:\/\/www.eldiario.net\/portal\/#organization","name":"El Diario - Decano de la prensa nacional","url":"https:\/\/www.eldiario.net\/portal\/","logo":{"@type":"ImageObject","inLanguage":"es","@id":"https:\/\/www.eldiario.net\/portal\/#\/schema\/logo\/image\/","url":"https:\/\/www.eldiario.net\/portal\/wp-content\/uploads\/2023\/07\/logo_ED.jpg","contentUrl":"https:\/\/www.eldiario.net\/portal\/wp-content\/uploads\/2023\/07\/logo_ED.jpg","width":272,"height":52,"caption":"El Diario - Decano de la prensa nacional"},"image":{"@id":"https:\/\/www.eldiario.net\/portal\/#\/schema\/logo\/image\/"},"sameAs":["https:\/\/www.facebook.com\/eldiario.bolivia\/","https:\/\/x.com\/eldiario_net"]},{"@type":"Person","@id":"https:\/\/www.eldiario.net\/portal\/#\/schema\/person\/2c57cf2b7a7ae032e449e4c9b1019eac","name":"Jeanette","image":{"@type":"ImageObject","inLanguage":"es","@id":"https:\/\/secure.gravatar.com\/avatar\/3ea2118a5f7dad2b7138b1187a6b7ee55f160b9968b66013c3a3ef39dd7e5798?s=96&d=mm&r=g","url":"https:\/\/secure.gravatar.com\/avatar\/3ea2118a5f7dad2b7138b1187a6b7ee55f160b9968b66013c3a3ef39dd7e5798?s=96&d=mm&r=g","contentUrl":"https:\/\/secure.gravatar.com\/avatar\/3ea2118a5f7dad2b7138b1187a6b7ee55f160b9968b66013c3a3ef39dd7e5798?s=96&d=mm&r=g","caption":"Jeanette"},"sameAs":["https:\/\/www.eldiario.net\/portal"],"url":"https:\/\/www.eldiario.net\/portal\/author\/jeanette\/"}]}},"_links":{"self":[{"href":"https:\/\/www.eldiario.net\/portal\/wp-json\/wp\/v2\/posts\/337505","targetHints":{"allow":["GET"]}}],"collection":[{"href":"https:\/\/www.eldiario.net\/portal\/wp-json\/wp\/v2\/posts"}],"about":[{"href":"https:\/\/www.eldiario.net\/portal\/wp-json\/wp\/v2\/types\/post"}],"author":[{"embeddable":true,"href":"https:\/\/www.eldiario.net\/portal\/wp-json\/wp\/v2\/users\/1"}],"replies":[{"embeddable":true,"href":"https:\/\/www.eldiario.net\/portal\/wp-json\/wp\/v2\/comments?post=337505"}],"version-history":[{"count":1,"href":"https:\/\/www.eldiario.net\/portal\/wp-json\/wp\/v2\/posts\/337505\/revisions"}],"predecessor-version":[{"id":337506,"href":"https:\/\/www.eldiario.net\/portal\/wp-json\/wp\/v2\/posts\/337505\/revisions\/337506"}],"wp:featuredmedia":[{"embeddable":true,"href":"https:\/\/www.eldiario.net\/portal\/wp-json\/wp\/v2\/media\/159531"}],"wp:attachment":[{"href":"https:\/\/www.eldiario.net\/portal\/wp-json\/wp\/v2\/media?parent=337505"}],"wp:term":[{"taxonomy":"category","embeddable":true,"href":"https:\/\/www.eldiario.net\/portal\/wp-json\/wp\/v2\/categories?post=337505"},{"taxonomy":"post_tag","embeddable":true,"href":"https:\/\/www.eldiario.net\/portal\/wp-json\/wp\/v2\/tags?post=337505"}],"curies":[{"name":"wp","href":"https:\/\/api.w.org\/{rel}","templated":true}]}}