{"id":337503,"date":"2025-10-11T07:21:45","date_gmt":"2025-10-11T11:21:45","guid":{"rendered":"https:\/\/www.eldiario.net\/portal\/?p=337503"},"modified":"2025-10-11T08:36:00","modified_gmt":"2025-10-11T12:36:00","slug":"serenidad-sencillez-y-sabiduria","status":"publish","type":"post","link":"https:\/\/www.eldiario.net\/portal\/2025\/10\/11\/serenidad-sencillez-y-sabiduria\/","title":{"rendered":"Serenidad, sencillez y sabidur\u00eda"},"content":{"rendered":"<p>Aceptar\u00e1 su derrota Edmand Lara si el resultado de la segunda vuelta de las elecciones generales en Bolivia no favorece al binomio del Partido Dem\u00f3crata Cristiano? Temo que no.<br \/>\nEl candidato a vicepresidente cambia constantemente de opini\u00f3n y no muestra la madurez necesaria para controlar el significado y el alcance de las palabras, a pesar de que este 16 de octubre cumple 40 a\u00f1os. Como muchos bolivianos pas\u00f3 la mitad de su vida bajo un r\u00e9gimen autoritario.<br \/>\nEn el debate televisivo del pasado domingo gast\u00f3 gran parte del tiempo, concedido para mostrar su pensamiento y sus cualidades, en un discurso agresivo, m\u00e1s expresivo de su centro emocional que de su centro intelectual. \u00bfCon esa l\u00ednea de conducta consolid\u00f3 a su p\u00fablico o lo asust\u00f3? \u00bfLogr\u00f3 cautivar a quienes no votaron por \u00e9l en la primera vuelta? \u00bfQu\u00e9 asesores le sugirieron no respetar las reglas preestablecidas para el debate?<br \/>\nEs curioso que, en las inmediatas reacciones, lo aplaudieron personas que hasta agosto vivaban a Evo Morales o los que firmaron in extremis una proclama a favor de Andr\u00f3nico Rodr\u00edguez. \u00bfCu\u00e1les son las motivaciones de esa transferencia de preferencias? Cada uno lo sabr\u00e1. Siempre hay personalidades y masas que gustan de las conductas autoritarias, machistas. Gran cantidad de otras personas criticaron duramente a Lara.<br \/>\nMuchos l\u00edderes de opini\u00f3n expresaron su desencanto por los dos candidatos.<br \/>\nEl lado positivo de Juan Pablo Velasco fue mantener la serenidad. Ese fue uno de los grandes valores que la opini\u00f3n p\u00fablica reconoci\u00f3 en Rodrigo Paz en el primer debate presidencial hace dos meses; tranquilo y mesurado. La calma es una de las condiciones que se aconseja a toda persona que enfrenta un escenario o una audiencia, m\u00e1s a\u00fan si \u00e9sta es masiva y dispersa. Como recordaban las antiguas abuelas, el que se enoja, pierde.<br \/>\nEl vocal del Tribunal Supremo Electoral, Tahuichi Tahuichi Quispe, es otra pieza que no parece encajar en el orden que deber\u00eda cuidarse en el delicado momento que atraviesa Bolivia. Hace propuestas err\u00e1ticas y da declaraciones alejadas de la \u00a1imparcial! reflexi\u00f3n que debe cuidar un \u00e1rbitro. Emiti\u00f3 juicios de valor, casi despectivos, contra ambos candidatos.<br \/>\nSerenidad. Serenidad. Serenidad. Es urgente que los candidatos, sus equipos de campa\u00f1a, los periodistas, las autoridades nacionales y locales, los comentaristas intenten mantener el equilibrio y la confianza. Lo contrario puede ser fatal para la consolidaci\u00f3n de la democracia en Bolivia.<br \/>\nAl contrario del esfuerzo colectivo para llegar a las elecciones generales del 17 de agosto en un ambiente sosegado, en estos d\u00edas casi todos los actores involucrados &#8211;m\u00e1s otros extras que anhelan fugaces estrellatos y c\u00e1maras&#8211; parecen empe\u00f1ados en opacar la segunda vuelta electoral.<br \/>\nLa apertura descontrolada de ventiladores de uno y otro lado, sugerencias extempor\u00e1neas, denuncias absurdas, rumores, crisis econ\u00f3mica, d\u00f3lares, gasolina, precios, est\u00e1n creando una sensaci\u00f3n t\u00e9rmica de caos que a nadie favorece. Salvo a los sectores pol\u00edticos ligados a enriquecimientos il\u00edcitos.<br \/>\nLa sencillez es un elemento que acompa\u00f1a a las personas que gozan de autoconfianza. Los rasgos de soberbia suelen ser un bumer\u00e1n. El maltrato al contrincante, la sonrisa sarc\u00e1stica, la burla para no escuchar al otro no son una buena hoja de ruta para lograr una estructura s\u00f3lida de contenidos. Pueden servir para el morbo del momento, pero no para sentar bases permanentes.<br \/>\nLa historia mundial y nacional est\u00e1 repleta de ejemplos de uno y otro lado. El paso del tiempo se encarga de poner todo en su lugar. \u00bfPor qu\u00e9 se olvidan de ello?<br \/>\nLa sabidur\u00eda es un privilegio. No se compra. No se consigue con gritos. No est\u00e1 en el mercado ni en el acceso a las redes sociales. Est\u00e1 en los libros (en la academia, que tanto disgusta a Evo) o en las experiencias colectivas acumuladas en el tiempo. Nunca es tarde para optar por el conocimiento, pero siempre ser\u00e1 tarde si no existe la consciencia de la propia ignorancia.<br \/>\nLas comunidades con m\u00e1s conocimiento ocupan los primeros lugares en los indicadores mundiales. Este es el siglo del conocimiento, aunque algunos insisten en lo contrario.<br \/>\nLos sabios suelen ser serenos y sencillos. Alientan la calma, no la confrontaci\u00f3n.<br \/>\nAl menos hay que aspirar a esa sabidur\u00eda, a esa levedad interna, a esa vocaci\u00f3n de privilegiar el di\u00e1logo. Rinde m\u00e1s y mejor. Mucho m\u00e1s en la actual coyuntura boliviana, cuando se necesitan acuerdos sociales, pactos para la gobernabilidad y para encauzar la institucionalidad y la macroeconom\u00eda.<br \/>\nHay el peligro de que el perdedor no acepte la derrota. Suenan piedras en el r\u00edo con frases que preocupan. Es importante evitar ese fantasma que hundir\u00e1 a la patria.<br \/>\nLas personas serenas, sencillas, sabias no necesitan estampar su firma para respetar las reglas de cualquier juego, desde el deportivo al pol\u00edtico. Basta su palabra.<\/p>\n","protected":false},"excerpt":{"rendered":"<p>Aceptar\u00e1 su derrota Edmand Lara si el resultado de la segunda vuelta de las elecciones generales en Bolivia no favorece al binomio del Partido Dem\u00f3crata Cristiano? Temo que no. El candidato a vicepresidente cambia constantemente de opini\u00f3n y no muestra la madurez necesaria para controlar el significado y el alcance de las palabras, a pesar [&hellip;]<\/p>\n","protected":false},"author":1,"featured_media":157862,"comment_status":"closed","ping_status":"open","sticky":false,"template":"","format":"standard","meta":{"_acf_changed":false,"footnotes":""},"categories":[9],"tags":[],"class_list":["post-337503","post","type-post","status-publish","format-standard","has-post-thumbnail","category-opinion"],"acf":{"antetitulo":"Desde la tierra"},"yoast_head":"<!-- This site is optimized with the Yoast SEO plugin v28.4 - https:\/\/yoast.com\/product\/yoast-seo-wordpress\/ -->\n<title>Serenidad, sencillez y sabidur\u00eda - El Diario - Bolivia<\/title>\n<meta name=\"robots\" content=\"index, follow, max-snippet:-1, max-image-preview:large, max-video-preview:-1\" \/>\n<link rel=\"canonical\" href=\"https:\/\/www.eldiario.net\/portal\/2025\/10\/11\/serenidad-sencillez-y-sabiduria\/\" \/>\n<meta property=\"og:locale\" content=\"es_ES\" \/>\n<meta property=\"og:type\" content=\"article\" \/>\n<meta property=\"og:title\" content=\"Serenidad, sencillez y sabidur\u00eda - El Diario - Bolivia\" \/>\n<meta property=\"og:description\" content=\"Aceptar\u00e1 su derrota Edmand Lara si el resultado de la segunda vuelta de las elecciones generales en Bolivia no favorece al binomio del Partido Dem\u00f3crata Cristiano? Temo que no. El candidato a vicepresidente cambia constantemente de opini\u00f3n y no muestra la madurez necesaria para controlar el significado y el alcance de las palabras, a pesar [&hellip;]\" \/>\n<meta property=\"og:url\" content=\"https:\/\/www.eldiario.net\/portal\/2025\/10\/11\/serenidad-sencillez-y-sabiduria\/\" \/>\n<meta property=\"og:site_name\" content=\"El Diario - Bolivia\" \/>\n<meta property=\"article:publisher\" content=\"https:\/\/www.facebook.com\/eldiario.bolivia\/\" \/>\n<meta property=\"article:published_time\" content=\"2025-10-11T11:21:45+00:00\" \/>\n<meta property=\"article:modified_time\" content=\"2025-10-11T12:36:00+00:00\" \/>\n<meta property=\"og:image\" content=\"https:\/\/www.eldiario.net\/portal\/wp-content\/uploads\/2023\/06\/Lupe-Cajias.jpg\" \/>\n\t<meta property=\"og:image:width\" content=\"1200\" \/>\n\t<meta property=\"og:image:height\" content=\"628\" \/>\n\t<meta property=\"og:image:type\" content=\"image\/jpeg\" \/>\n<meta name=\"author\" content=\"Jeanette\" \/>\n<meta name=\"twitter:card\" content=\"summary_large_image\" \/>\n<meta name=\"twitter:creator\" content=\"@eldiario_net\" \/>\n<meta name=\"twitter:site\" content=\"@eldiario_net\" \/>\n<meta name=\"twitter:label1\" content=\"Escrito por\" \/>\n\t<meta name=\"twitter:data1\" content=\"Jeanette\" \/>\n\t<meta name=\"twitter:label2\" content=\"Tiempo de lectura\" \/>\n\t<meta name=\"twitter:data2\" content=\"4 minutos\" \/>\n<script type=\"application\/ld+json\" class=\"yoast-schema-graph\">{\"@context\":\"https:\\\/\\\/schema.org\",\"@graph\":[{\"@type\":\"Article\",\"@id\":\"https:\\\/\\\/www.eldiario.net\\\/portal\\\/2025\\\/10\\\/11\\\/serenidad-sencillez-y-sabiduria\\\/#article\",\"isPartOf\":{\"@id\":\"https:\\\/\\\/www.eldiario.net\\\/portal\\\/2025\\\/10\\\/11\\\/serenidad-sencillez-y-sabiduria\\\/\"},\"author\":{\"name\":\"Jeanette\",\"@id\":\"https:\\\/\\\/www.eldiario.net\\\/portal\\\/#\\\/schema\\\/person\\\/2c57cf2b7a7ae032e449e4c9b1019eac\"},\"headline\":\"Serenidad, sencillez y sabidur\u00eda\",\"datePublished\":\"2025-10-11T11:21:45+00:00\",\"dateModified\":\"2025-10-11T12:36:00+00:00\",\"mainEntityOfPage\":{\"@id\":\"https:\\\/\\\/www.eldiario.net\\\/portal\\\/2025\\\/10\\\/11\\\/serenidad-sencillez-y-sabiduria\\\/\"},\"wordCount\":830,\"publisher\":{\"@id\":\"https:\\\/\\\/www.eldiario.net\\\/portal\\\/#organization\"},\"image\":{\"@id\":\"https:\\\/\\\/www.eldiario.net\\\/portal\\\/2025\\\/10\\\/11\\\/serenidad-sencillez-y-sabiduria\\\/#primaryimage\"},\"thumbnailUrl\":\"https:\\\/\\\/www.eldiario.net\\\/portal\\\/wp-content\\\/uploads\\\/2023\\\/06\\\/Lupe-Cajias.jpg\",\"articleSection\":[\"Opini\u00f3n\"],\"inLanguage\":\"es\"},{\"@type\":\"WebPage\",\"@id\":\"https:\\\/\\\/www.eldiario.net\\\/portal\\\/2025\\\/10\\\/11\\\/serenidad-sencillez-y-sabiduria\\\/\",\"url\":\"https:\\\/\\\/www.eldiario.net\\\/portal\\\/2025\\\/10\\\/11\\\/serenidad-sencillez-y-sabiduria\\\/\",\"name\":\"Serenidad, sencillez y sabidur\u00eda - El Diario - Bolivia\",\"isPartOf\":{\"@id\":\"https:\\\/\\\/www.eldiario.net\\\/portal\\\/#website\"},\"primaryImageOfPage\":{\"@id\":\"https:\\\/\\\/www.eldiario.net\\\/portal\\\/2025\\\/10\\\/11\\\/serenidad-sencillez-y-sabiduria\\\/#primaryimage\"},\"image\":{\"@id\":\"https:\\\/\\\/www.eldiario.net\\\/portal\\\/2025\\\/10\\\/11\\\/serenidad-sencillez-y-sabiduria\\\/#primaryimage\"},\"thumbnailUrl\":\"https:\\\/\\\/www.eldiario.net\\\/portal\\\/wp-content\\\/uploads\\\/2023\\\/06\\\/Lupe-Cajias.jpg\",\"datePublished\":\"2025-10-11T11:21:45+00:00\",\"dateModified\":\"2025-10-11T12:36:00+00:00\",\"breadcrumb\":{\"@id\":\"https:\\\/\\\/www.eldiario.net\\\/portal\\\/2025\\\/10\\\/11\\\/serenidad-sencillez-y-sabiduria\\\/#breadcrumb\"},\"inLanguage\":\"es\",\"potentialAction\":[{\"@type\":\"ReadAction\",\"target\":[\"https:\\\/\\\/www.eldiario.net\\\/portal\\\/2025\\\/10\\\/11\\\/serenidad-sencillez-y-sabiduria\\\/\"]}]},{\"@type\":\"ImageObject\",\"inLanguage\":\"es\",\"@id\":\"https:\\\/\\\/www.eldiario.net\\\/portal\\\/2025\\\/10\\\/11\\\/serenidad-sencillez-y-sabiduria\\\/#primaryimage\",\"url\":\"https:\\\/\\\/www.eldiario.net\\\/portal\\\/wp-content\\\/uploads\\\/2023\\\/06\\\/Lupe-Cajias.jpg\",\"contentUrl\":\"https:\\\/\\\/www.eldiario.net\\\/portal\\\/wp-content\\\/uploads\\\/2023\\\/06\\\/Lupe-Cajias.jpg\",\"width\":1200,\"height\":628,\"caption\":\"Lupe Caj\u00edas\"},{\"@type\":\"BreadcrumbList\",\"@id\":\"https:\\\/\\\/www.eldiario.net\\\/portal\\\/2025\\\/10\\\/11\\\/serenidad-sencillez-y-sabiduria\\\/#breadcrumb\",\"itemListElement\":[{\"@type\":\"ListItem\",\"position\":1,\"name\":\"Portada\",\"item\":\"https:\\\/\\\/www.eldiario.net\\\/portal\\\/\"},{\"@type\":\"ListItem\",\"position\":2,\"name\":\"Serenidad, sencillez y sabidur\u00eda\"}]},{\"@type\":\"WebSite\",\"@id\":\"https:\\\/\\\/www.eldiario.net\\\/portal\\\/#website\",\"url\":\"https:\\\/\\\/www.eldiario.net\\\/portal\\\/\",\"name\":\"El Diario - Decano de la prensa nacional\",\"description\":\"El Diario - Decano de la prensa nacional\",\"publisher\":{\"@id\":\"https:\\\/\\\/www.eldiario.net\\\/portal\\\/#organization\"},\"potentialAction\":[{\"@type\":\"SearchAction\",\"target\":{\"@type\":\"EntryPoint\",\"urlTemplate\":\"https:\\\/\\\/www.eldiario.net\\\/portal\\\/?s={search_term_string}\"},\"query-input\":{\"@type\":\"PropertyValueSpecification\",\"valueRequired\":true,\"valueName\":\"search_term_string\"}}],\"inLanguage\":\"es\"},{\"@type\":\"Organization\",\"@id\":\"https:\\\/\\\/www.eldiario.net\\\/portal\\\/#organization\",\"name\":\"El Diario - Decano de la prensa nacional\",\"url\":\"https:\\\/\\\/www.eldiario.net\\\/portal\\\/\",\"logo\":{\"@type\":\"ImageObject\",\"inLanguage\":\"es\",\"@id\":\"https:\\\/\\\/www.eldiario.net\\\/portal\\\/#\\\/schema\\\/logo\\\/image\\\/\",\"url\":\"https:\\\/\\\/www.eldiario.net\\\/portal\\\/wp-content\\\/uploads\\\/2023\\\/07\\\/logo_ED.jpg\",\"contentUrl\":\"https:\\\/\\\/www.eldiario.net\\\/portal\\\/wp-content\\\/uploads\\\/2023\\\/07\\\/logo_ED.jpg\",\"width\":272,\"height\":52,\"caption\":\"El Diario - Decano de la prensa nacional\"},\"image\":{\"@id\":\"https:\\\/\\\/www.eldiario.net\\\/portal\\\/#\\\/schema\\\/logo\\\/image\\\/\"},\"sameAs\":[\"https:\\\/\\\/www.facebook.com\\\/eldiario.bolivia\\\/\",\"https:\\\/\\\/x.com\\\/eldiario_net\"]},{\"@type\":\"Person\",\"@id\":\"https:\\\/\\\/www.eldiario.net\\\/portal\\\/#\\\/schema\\\/person\\\/2c57cf2b7a7ae032e449e4c9b1019eac\",\"name\":\"Jeanette\",\"image\":{\"@type\":\"ImageObject\",\"inLanguage\":\"es\",\"@id\":\"https:\\\/\\\/secure.gravatar.com\\\/avatar\\\/3ea2118a5f7dad2b7138b1187a6b7ee55f160b9968b66013c3a3ef39dd7e5798?s=96&d=mm&r=g\",\"url\":\"https:\\\/\\\/secure.gravatar.com\\\/avatar\\\/3ea2118a5f7dad2b7138b1187a6b7ee55f160b9968b66013c3a3ef39dd7e5798?s=96&d=mm&r=g\",\"contentUrl\":\"https:\\\/\\\/secure.gravatar.com\\\/avatar\\\/3ea2118a5f7dad2b7138b1187a6b7ee55f160b9968b66013c3a3ef39dd7e5798?s=96&d=mm&r=g\",\"caption\":\"Jeanette\"},\"sameAs\":[\"https:\\\/\\\/www.eldiario.net\\\/portal\"],\"url\":\"https:\\\/\\\/www.eldiario.net\\\/portal\\\/author\\\/jeanette\\\/\"}]}<\/script>\n<!-- \/ Yoast SEO plugin. -->","yoast_head_json":{"title":"Serenidad, sencillez y sabidur\u00eda - El Diario - Bolivia","robots":{"index":"index","follow":"follow","max-snippet":"max-snippet:-1","max-image-preview":"max-image-preview:large","max-video-preview":"max-video-preview:-1"},"canonical":"https:\/\/www.eldiario.net\/portal\/2025\/10\/11\/serenidad-sencillez-y-sabiduria\/","og_locale":"es_ES","og_type":"article","og_title":"Serenidad, sencillez y sabidur\u00eda - El Diario - Bolivia","og_description":"Aceptar\u00e1 su derrota Edmand Lara si el resultado de la segunda vuelta de las elecciones generales en Bolivia no favorece al binomio del Partido Dem\u00f3crata Cristiano? Temo que no. El candidato a vicepresidente cambia constantemente de opini\u00f3n y no muestra la madurez necesaria para controlar el significado y el alcance de las palabras, a pesar [&hellip;]","og_url":"https:\/\/www.eldiario.net\/portal\/2025\/10\/11\/serenidad-sencillez-y-sabiduria\/","og_site_name":"El Diario - Bolivia","article_publisher":"https:\/\/www.facebook.com\/eldiario.bolivia\/","article_published_time":"2025-10-11T11:21:45+00:00","article_modified_time":"2025-10-11T12:36:00+00:00","og_image":[{"width":1200,"height":628,"url":"https:\/\/www.eldiario.net\/portal\/wp-content\/uploads\/2023\/06\/Lupe-Cajias.jpg","type":"image\/jpeg"}],"author":"Jeanette","twitter_card":"summary_large_image","twitter_creator":"@eldiario_net","twitter_site":"@eldiario_net","twitter_misc":{"Escrito por":"Jeanette","Tiempo de lectura":"4 minutos"},"schema":{"@context":"https:\/\/schema.org","@graph":[{"@type":"Article","@id":"https:\/\/www.eldiario.net\/portal\/2025\/10\/11\/serenidad-sencillez-y-sabiduria\/#article","isPartOf":{"@id":"https:\/\/www.eldiario.net\/portal\/2025\/10\/11\/serenidad-sencillez-y-sabiduria\/"},"author":{"name":"Jeanette","@id":"https:\/\/www.eldiario.net\/portal\/#\/schema\/person\/2c57cf2b7a7ae032e449e4c9b1019eac"},"headline":"Serenidad, sencillez y sabidur\u00eda","datePublished":"2025-10-11T11:21:45+00:00","dateModified":"2025-10-11T12:36:00+00:00","mainEntityOfPage":{"@id":"https:\/\/www.eldiario.net\/portal\/2025\/10\/11\/serenidad-sencillez-y-sabiduria\/"},"wordCount":830,"publisher":{"@id":"https:\/\/www.eldiario.net\/portal\/#organization"},"image":{"@id":"https:\/\/www.eldiario.net\/portal\/2025\/10\/11\/serenidad-sencillez-y-sabiduria\/#primaryimage"},"thumbnailUrl":"https:\/\/www.eldiario.net\/portal\/wp-content\/uploads\/2023\/06\/Lupe-Cajias.jpg","articleSection":["Opini\u00f3n"],"inLanguage":"es"},{"@type":"WebPage","@id":"https:\/\/www.eldiario.net\/portal\/2025\/10\/11\/serenidad-sencillez-y-sabiduria\/","url":"https:\/\/www.eldiario.net\/portal\/2025\/10\/11\/serenidad-sencillez-y-sabiduria\/","name":"Serenidad, sencillez y sabidur\u00eda - El Diario - Bolivia","isPartOf":{"@id":"https:\/\/www.eldiario.net\/portal\/#website"},"primaryImageOfPage":{"@id":"https:\/\/www.eldiario.net\/portal\/2025\/10\/11\/serenidad-sencillez-y-sabiduria\/#primaryimage"},"image":{"@id":"https:\/\/www.eldiario.net\/portal\/2025\/10\/11\/serenidad-sencillez-y-sabiduria\/#primaryimage"},"thumbnailUrl":"https:\/\/www.eldiario.net\/portal\/wp-content\/uploads\/2023\/06\/Lupe-Cajias.jpg","datePublished":"2025-10-11T11:21:45+00:00","dateModified":"2025-10-11T12:36:00+00:00","breadcrumb":{"@id":"https:\/\/www.eldiario.net\/portal\/2025\/10\/11\/serenidad-sencillez-y-sabiduria\/#breadcrumb"},"inLanguage":"es","potentialAction":[{"@type":"ReadAction","target":["https:\/\/www.eldiario.net\/portal\/2025\/10\/11\/serenidad-sencillez-y-sabiduria\/"]}]},{"@type":"ImageObject","inLanguage":"es","@id":"https:\/\/www.eldiario.net\/portal\/2025\/10\/11\/serenidad-sencillez-y-sabiduria\/#primaryimage","url":"https:\/\/www.eldiario.net\/portal\/wp-content\/uploads\/2023\/06\/Lupe-Cajias.jpg","contentUrl":"https:\/\/www.eldiario.net\/portal\/wp-content\/uploads\/2023\/06\/Lupe-Cajias.jpg","width":1200,"height":628,"caption":"Lupe Caj\u00edas"},{"@type":"BreadcrumbList","@id":"https:\/\/www.eldiario.net\/portal\/2025\/10\/11\/serenidad-sencillez-y-sabiduria\/#breadcrumb","itemListElement":[{"@type":"ListItem","position":1,"name":"Portada","item":"https:\/\/www.eldiario.net\/portal\/"},{"@type":"ListItem","position":2,"name":"Serenidad, sencillez y sabidur\u00eda"}]},{"@type":"WebSite","@id":"https:\/\/www.eldiario.net\/portal\/#website","url":"https:\/\/www.eldiario.net\/portal\/","name":"El Diario - Decano de la prensa nacional","description":"El Diario - Decano de la prensa nacional","publisher":{"@id":"https:\/\/www.eldiario.net\/portal\/#organization"},"potentialAction":[{"@type":"SearchAction","target":{"@type":"EntryPoint","urlTemplate":"https:\/\/www.eldiario.net\/portal\/?s={search_term_string}"},"query-input":{"@type":"PropertyValueSpecification","valueRequired":true,"valueName":"search_term_string"}}],"inLanguage":"es"},{"@type":"Organization","@id":"https:\/\/www.eldiario.net\/portal\/#organization","name":"El Diario - Decano de la prensa nacional","url":"https:\/\/www.eldiario.net\/portal\/","logo":{"@type":"ImageObject","inLanguage":"es","@id":"https:\/\/www.eldiario.net\/portal\/#\/schema\/logo\/image\/","url":"https:\/\/www.eldiario.net\/portal\/wp-content\/uploads\/2023\/07\/logo_ED.jpg","contentUrl":"https:\/\/www.eldiario.net\/portal\/wp-content\/uploads\/2023\/07\/logo_ED.jpg","width":272,"height":52,"caption":"El Diario - Decano de la prensa nacional"},"image":{"@id":"https:\/\/www.eldiario.net\/portal\/#\/schema\/logo\/image\/"},"sameAs":["https:\/\/www.facebook.com\/eldiario.bolivia\/","https:\/\/x.com\/eldiario_net"]},{"@type":"Person","@id":"https:\/\/www.eldiario.net\/portal\/#\/schema\/person\/2c57cf2b7a7ae032e449e4c9b1019eac","name":"Jeanette","image":{"@type":"ImageObject","inLanguage":"es","@id":"https:\/\/secure.gravatar.com\/avatar\/3ea2118a5f7dad2b7138b1187a6b7ee55f160b9968b66013c3a3ef39dd7e5798?s=96&d=mm&r=g","url":"https:\/\/secure.gravatar.com\/avatar\/3ea2118a5f7dad2b7138b1187a6b7ee55f160b9968b66013c3a3ef39dd7e5798?s=96&d=mm&r=g","contentUrl":"https:\/\/secure.gravatar.com\/avatar\/3ea2118a5f7dad2b7138b1187a6b7ee55f160b9968b66013c3a3ef39dd7e5798?s=96&d=mm&r=g","caption":"Jeanette"},"sameAs":["https:\/\/www.eldiario.net\/portal"],"url":"https:\/\/www.eldiario.net\/portal\/author\/jeanette\/"}]}},"_links":{"self":[{"href":"https:\/\/www.eldiario.net\/portal\/wp-json\/wp\/v2\/posts\/337503","targetHints":{"allow":["GET"]}}],"collection":[{"href":"https:\/\/www.eldiario.net\/portal\/wp-json\/wp\/v2\/posts"}],"about":[{"href":"https:\/\/www.eldiario.net\/portal\/wp-json\/wp\/v2\/types\/post"}],"author":[{"embeddable":true,"href":"https:\/\/www.eldiario.net\/portal\/wp-json\/wp\/v2\/users\/1"}],"replies":[{"embeddable":true,"href":"https:\/\/www.eldiario.net\/portal\/wp-json\/wp\/v2\/comments?post=337503"}],"version-history":[{"count":2,"href":"https:\/\/www.eldiario.net\/portal\/wp-json\/wp\/v2\/posts\/337503\/revisions"}],"predecessor-version":[{"id":337567,"href":"https:\/\/www.eldiario.net\/portal\/wp-json\/wp\/v2\/posts\/337503\/revisions\/337567"}],"wp:featuredmedia":[{"embeddable":true,"href":"https:\/\/www.eldiario.net\/portal\/wp-json\/wp\/v2\/media\/157862"}],"wp:attachment":[{"href":"https:\/\/www.eldiario.net\/portal\/wp-json\/wp\/v2\/media?parent=337503"}],"wp:term":[{"taxonomy":"category","embeddable":true,"href":"https:\/\/www.eldiario.net\/portal\/wp-json\/wp\/v2\/categories?post=337503"},{"taxonomy":"post_tag","embeddable":true,"href":"https:\/\/www.eldiario.net\/portal\/wp-json\/wp\/v2\/tags?post=337503"}],"curies":[{"name":"wp","href":"https:\/\/api.w.org\/{rel}","templated":true}]}}