{"id":33750,"date":"2021-10-02T06:23:55","date_gmt":"2021-10-02T10:23:55","guid":{"rendered":"https:\/\/www.eldiario.net\/portal\/?p=33750"},"modified":"2021-10-02T06:23:55","modified_gmt":"2021-10-02T10:23:55","slug":"gobernacion-busca-mejorar-produccion-agricola-pacena","status":"publish","type":"post","link":"https:\/\/www.eldiario.net\/portal\/2021\/10\/02\/gobernacion-busca-mejorar-produccion-agricola-pacena\/","title":{"rendered":"Gobernaci\u00f3n busca mejorar producci\u00f3n agr\u00edcola pace\u00f1a"},"content":{"rendered":"<p>Con el objetivo de potenciar la actividad agr\u00edcola de varias comunidades de distintos municipios del departamento de La Paz, el gobernador Santos Quispe firm\u00f3 convenios interinstitucionales para riego.<br \/>\nEl plan se realiza con transferencia y financiamiento para el programa \u201cM\u00e1s Inversi\u00f3n para Mi Riego II\u201d, entre el Gobierno Aut\u00f3nomo Departamental de La Paz, el Fondo Nacional de Inversi\u00f3n Productivo Social (FPS) y los alcaldes de nueve municipios.<br \/>\nLa mayor\u00eda de estos municipios tuvieron que esperar hasta m\u00e1s de ocho a\u00f1os para que su proyecto anhelado de sistema de riego se haga realidad, pero ahora en la gesti\u00f3n del gobernador Quispe todos estos proyectos ser\u00e1n concretados. \u201cSi m\u00e1s de ocho a\u00f1os, mediante la Gobernaci\u00f3n, estamos haciendo ese sue\u00f1o a la poblaci\u00f3n, estamos cumpliendo ese convenio junto a la FPS porque nosotros hemos venido a trabajar con el pueblo y todos los sue\u00f1os de nuestro pueblo, vamos a cumplir aunque tengamos pocos recursos\u201d, afirm\u00f3 la primera autoridad departamental.<br \/>\nLa Gobernaci\u00f3n aportar\u00e1 con el 20 % total de presupuesto de cada proyecto de riego, seg\u00fan el convenio interinstitucional. M\u00e1s de 20 comunidades de los municipios de Palca, Luribay, Ancoraimes, Charazani, Cairoma, Coro Coro, Achacachi, Tacacoma y Santiago de Callapa ser\u00e1n beneficiados para que su producci\u00f3n agr\u00edcola sea potenciada.<br \/>\n\u201cEstamos fortaleciendo con estos proyectos de riego, porque hace falta mucho en las provincias. Hay que lograr m\u00e1s pozos profundos, mas riego. Lo vamos a lograr con los diferentes alcaldes, esa es nuestra meta\u201d, afirm\u00f3 Quispe a tiempo de anunciar que a la siguiente gesti\u00f3n se firmar\u00e1n m\u00e1s convenios de este tipo con otros municipios.<br \/>\nEl alcalde de Santiago de Callapa, Fidel Ramos, agradeci\u00f3 la celeridad del gobernador Santos Quispe por aprobar la firma de estos convenios. Indic\u00f3 que en su municipio, tres comunidades tuvieron que esperar seis a\u00f1os para que esto se haga realidad.<br \/>\nPor su parte, el alcalde de Ancoraimes, Iv\u00e1n Nilo, indic\u00f3 que con este proyecto se beneficiar\u00e1n cuatro comunidades y resalt\u00f3 la diferencia que tiene la gesti\u00f3n del gobernador Santos Quispe con respecto a otras gestiones pasadas. \u201cHemos visto que dos gobernadores pasaron y no pusieron voluntad, pero con este Gobernador hemos tenido esa voluntad de trabajar sin diferencias pol\u00edticas\u201d, afirm\u00f3.<\/p>\n","protected":false},"excerpt":{"rendered":"<p>Con el objetivo de potenciar la actividad agr\u00edcola de varias comunidades de distintos municipios del departamento de La Paz, el gobernador Santos Quispe firm\u00f3 convenios interinstitucionales para riego. El plan se realiza con transferencia y financiamiento para el programa \u201cM\u00e1s Inversi\u00f3n para Mi Riego II\u201d, entre el Gobierno Aut\u00f3nomo Departamental de La Paz, el Fondo [&hellip;]<\/p>\n","protected":false},"author":1,"featured_media":33752,"comment_status":"closed","ping_status":"closed","sticky":false,"template":"","format":"standard","meta":{"_acf_changed":false,"footnotes":""},"categories":[12],"tags":[],"class_list":["post-33750","post","type-post","status-publish","format-standard","has-post-thumbnail","category-nacional"],"acf":{"antetitulo":""},"yoast_head":"<!-- This site is optimized with the Yoast SEO plugin v28.4 - https:\/\/yoast.com\/product\/yoast-seo-wordpress\/ -->\n<title>Gobernaci\u00f3n busca mejorar producci\u00f3n agr\u00edcola pace\u00f1a - El Diario - Bolivia<\/title>\n<meta name=\"robots\" content=\"index, follow, max-snippet:-1, max-image-preview:large, max-video-preview:-1\" \/>\n<link rel=\"canonical\" href=\"https:\/\/www.eldiario.net\/portal\/2021\/10\/02\/gobernacion-busca-mejorar-produccion-agricola-pacena\/\" \/>\n<meta property=\"og:locale\" content=\"es_ES\" \/>\n<meta property=\"og:type\" content=\"article\" \/>\n<meta property=\"og:title\" content=\"Gobernaci\u00f3n busca mejorar producci\u00f3n agr\u00edcola pace\u00f1a - El Diario - Bolivia\" \/>\n<meta property=\"og:description\" content=\"Con el objetivo de potenciar la actividad agr\u00edcola de varias comunidades de distintos municipios del departamento de La Paz, el gobernador Santos Quispe firm\u00f3 convenios interinstitucionales para riego. El plan se realiza con transferencia y financiamiento para el programa \u201cM\u00e1s Inversi\u00f3n para Mi Riego II\u201d, entre el Gobierno Aut\u00f3nomo Departamental de La Paz, el Fondo [&hellip;]\" \/>\n<meta property=\"og:url\" content=\"https:\/\/www.eldiario.net\/portal\/2021\/10\/02\/gobernacion-busca-mejorar-produccion-agricola-pacena\/\" \/>\n<meta property=\"og:site_name\" content=\"El Diario - Bolivia\" \/>\n<meta property=\"article:publisher\" content=\"https:\/\/www.facebook.com\/eldiario.bolivia\/\" \/>\n<meta property=\"article:published_time\" content=\"2021-10-02T10:23:55+00:00\" \/>\n<meta property=\"og:image\" content=\"https:\/\/www.eldiario.net\/portal\/wp-content\/uploads\/2021\/10\/2LP-1.jpg\" \/>\n\t<meta property=\"og:image:width\" content=\"1000\" \/>\n\t<meta property=\"og:image:height\" content=\"563\" \/>\n\t<meta property=\"og:image:type\" content=\"image\/jpeg\" \/>\n<meta name=\"author\" content=\"Jeanette\" \/>\n<meta name=\"twitter:card\" content=\"summary_large_image\" \/>\n<meta name=\"twitter:creator\" content=\"@eldiario_net\" \/>\n<meta name=\"twitter:site\" content=\"@eldiario_net\" \/>\n<meta name=\"twitter:label1\" content=\"Escrito por\" \/>\n\t<meta name=\"twitter:data1\" content=\"Jeanette\" \/>\n\t<meta name=\"twitter:label2\" content=\"Tiempo de lectura\" \/>\n\t<meta name=\"twitter:data2\" content=\"2 minutos\" \/>\n<script type=\"application\/ld+json\" class=\"yoast-schema-graph\">{\"@context\":\"https:\\\/\\\/schema.org\",\"@graph\":[{\"@type\":\"Article\",\"@id\":\"https:\\\/\\\/www.eldiario.net\\\/portal\\\/2021\\\/10\\\/02\\\/gobernacion-busca-mejorar-produccion-agricola-pacena\\\/#article\",\"isPartOf\":{\"@id\":\"https:\\\/\\\/www.eldiario.net\\\/portal\\\/2021\\\/10\\\/02\\\/gobernacion-busca-mejorar-produccion-agricola-pacena\\\/\"},\"author\":{\"name\":\"Jeanette\",\"@id\":\"https:\\\/\\\/www.eldiario.net\\\/portal\\\/#\\\/schema\\\/person\\\/2c57cf2b7a7ae032e449e4c9b1019eac\"},\"headline\":\"Gobernaci\u00f3n busca mejorar producci\u00f3n agr\u00edcola pace\u00f1a\",\"datePublished\":\"2021-10-02T10:23:55+00:00\",\"mainEntityOfPage\":{\"@id\":\"https:\\\/\\\/www.eldiario.net\\\/portal\\\/2021\\\/10\\\/02\\\/gobernacion-busca-mejorar-produccion-agricola-pacena\\\/\"},\"wordCount\":398,\"publisher\":{\"@id\":\"https:\\\/\\\/www.eldiario.net\\\/portal\\\/#organization\"},\"image\":{\"@id\":\"https:\\\/\\\/www.eldiario.net\\\/portal\\\/2021\\\/10\\\/02\\\/gobernacion-busca-mejorar-produccion-agricola-pacena\\\/#primaryimage\"},\"thumbnailUrl\":\"https:\\\/\\\/www.eldiario.net\\\/portal\\\/wp-content\\\/uploads\\\/2021\\\/10\\\/2LP-1.jpg\",\"articleSection\":[\"Nacional\"],\"inLanguage\":\"es\"},{\"@type\":\"WebPage\",\"@id\":\"https:\\\/\\\/www.eldiario.net\\\/portal\\\/2021\\\/10\\\/02\\\/gobernacion-busca-mejorar-produccion-agricola-pacena\\\/\",\"url\":\"https:\\\/\\\/www.eldiario.net\\\/portal\\\/2021\\\/10\\\/02\\\/gobernacion-busca-mejorar-produccion-agricola-pacena\\\/\",\"name\":\"Gobernaci\u00f3n busca mejorar producci\u00f3n agr\u00edcola pace\u00f1a - El Diario - Bolivia\",\"isPartOf\":{\"@id\":\"https:\\\/\\\/www.eldiario.net\\\/portal\\\/#website\"},\"primaryImageOfPage\":{\"@id\":\"https:\\\/\\\/www.eldiario.net\\\/portal\\\/2021\\\/10\\\/02\\\/gobernacion-busca-mejorar-produccion-agricola-pacena\\\/#primaryimage\"},\"image\":{\"@id\":\"https:\\\/\\\/www.eldiario.net\\\/portal\\\/2021\\\/10\\\/02\\\/gobernacion-busca-mejorar-produccion-agricola-pacena\\\/#primaryimage\"},\"thumbnailUrl\":\"https:\\\/\\\/www.eldiario.net\\\/portal\\\/wp-content\\\/uploads\\\/2021\\\/10\\\/2LP-1.jpg\",\"datePublished\":\"2021-10-02T10:23:55+00:00\",\"breadcrumb\":{\"@id\":\"https:\\\/\\\/www.eldiario.net\\\/portal\\\/2021\\\/10\\\/02\\\/gobernacion-busca-mejorar-produccion-agricola-pacena\\\/#breadcrumb\"},\"inLanguage\":\"es\",\"potentialAction\":[{\"@type\":\"ReadAction\",\"target\":[\"https:\\\/\\\/www.eldiario.net\\\/portal\\\/2021\\\/10\\\/02\\\/gobernacion-busca-mejorar-produccion-agricola-pacena\\\/\"]}]},{\"@type\":\"ImageObject\",\"inLanguage\":\"es\",\"@id\":\"https:\\\/\\\/www.eldiario.net\\\/portal\\\/2021\\\/10\\\/02\\\/gobernacion-busca-mejorar-produccion-agricola-pacena\\\/#primaryimage\",\"url\":\"https:\\\/\\\/www.eldiario.net\\\/portal\\\/wp-content\\\/uploads\\\/2021\\\/10\\\/2LP-1.jpg\",\"contentUrl\":\"https:\\\/\\\/www.eldiario.net\\\/portal\\\/wp-content\\\/uploads\\\/2021\\\/10\\\/2LP-1.jpg\",\"width\":1000,\"height\":563,\"caption\":\"El anhelo de los productores pace\u00f1os es beneficiarse con agua para sus cultivos.\"},{\"@type\":\"BreadcrumbList\",\"@id\":\"https:\\\/\\\/www.eldiario.net\\\/portal\\\/2021\\\/10\\\/02\\\/gobernacion-busca-mejorar-produccion-agricola-pacena\\\/#breadcrumb\",\"itemListElement\":[{\"@type\":\"ListItem\",\"position\":1,\"name\":\"Portada\",\"item\":\"https:\\\/\\\/www.eldiario.net\\\/portal\\\/\"},{\"@type\":\"ListItem\",\"position\":2,\"name\":\"Gobernaci\u00f3n busca mejorar producci\u00f3n agr\u00edcola pace\u00f1a\"}]},{\"@type\":\"WebSite\",\"@id\":\"https:\\\/\\\/www.eldiario.net\\\/portal\\\/#website\",\"url\":\"https:\\\/\\\/www.eldiario.net\\\/portal\\\/\",\"name\":\"El Diario - Decano de la prensa nacional\",\"description\":\"El Diario - Decano de la prensa nacional\",\"publisher\":{\"@id\":\"https:\\\/\\\/www.eldiario.net\\\/portal\\\/#organization\"},\"potentialAction\":[{\"@type\":\"SearchAction\",\"target\":{\"@type\":\"EntryPoint\",\"urlTemplate\":\"https:\\\/\\\/www.eldiario.net\\\/portal\\\/?s={search_term_string}\"},\"query-input\":{\"@type\":\"PropertyValueSpecification\",\"valueRequired\":true,\"valueName\":\"search_term_string\"}}],\"inLanguage\":\"es\"},{\"@type\":\"Organization\",\"@id\":\"https:\\\/\\\/www.eldiario.net\\\/portal\\\/#organization\",\"name\":\"El Diario - Decano de la prensa nacional\",\"url\":\"https:\\\/\\\/www.eldiario.net\\\/portal\\\/\",\"logo\":{\"@type\":\"ImageObject\",\"inLanguage\":\"es\",\"@id\":\"https:\\\/\\\/www.eldiario.net\\\/portal\\\/#\\\/schema\\\/logo\\\/image\\\/\",\"url\":\"https:\\\/\\\/www.eldiario.net\\\/portal\\\/wp-content\\\/uploads\\\/2023\\\/07\\\/logo_ED.jpg\",\"contentUrl\":\"https:\\\/\\\/www.eldiario.net\\\/portal\\\/wp-content\\\/uploads\\\/2023\\\/07\\\/logo_ED.jpg\",\"width\":272,\"height\":52,\"caption\":\"El Diario - Decano de la prensa nacional\"},\"image\":{\"@id\":\"https:\\\/\\\/www.eldiario.net\\\/portal\\\/#\\\/schema\\\/logo\\\/image\\\/\"},\"sameAs\":[\"https:\\\/\\\/www.facebook.com\\\/eldiario.bolivia\\\/\",\"https:\\\/\\\/x.com\\\/eldiario_net\"]},{\"@type\":\"Person\",\"@id\":\"https:\\\/\\\/www.eldiario.net\\\/portal\\\/#\\\/schema\\\/person\\\/2c57cf2b7a7ae032e449e4c9b1019eac\",\"name\":\"Jeanette\",\"image\":{\"@type\":\"ImageObject\",\"inLanguage\":\"es\",\"@id\":\"https:\\\/\\\/secure.gravatar.com\\\/avatar\\\/3ea2118a5f7dad2b7138b1187a6b7ee55f160b9968b66013c3a3ef39dd7e5798?s=96&d=mm&r=g\",\"url\":\"https:\\\/\\\/secure.gravatar.com\\\/avatar\\\/3ea2118a5f7dad2b7138b1187a6b7ee55f160b9968b66013c3a3ef39dd7e5798?s=96&d=mm&r=g\",\"contentUrl\":\"https:\\\/\\\/secure.gravatar.com\\\/avatar\\\/3ea2118a5f7dad2b7138b1187a6b7ee55f160b9968b66013c3a3ef39dd7e5798?s=96&d=mm&r=g\",\"caption\":\"Jeanette\"},\"sameAs\":[\"https:\\\/\\\/www.eldiario.net\\\/portal\"],\"url\":\"https:\\\/\\\/www.eldiario.net\\\/portal\\\/author\\\/jeanette\\\/\"}]}<\/script>\n<!-- \/ Yoast SEO plugin. -->","yoast_head_json":{"title":"Gobernaci\u00f3n busca mejorar producci\u00f3n agr\u00edcola pace\u00f1a - El Diario - Bolivia","robots":{"index":"index","follow":"follow","max-snippet":"max-snippet:-1","max-image-preview":"max-image-preview:large","max-video-preview":"max-video-preview:-1"},"canonical":"https:\/\/www.eldiario.net\/portal\/2021\/10\/02\/gobernacion-busca-mejorar-produccion-agricola-pacena\/","og_locale":"es_ES","og_type":"article","og_title":"Gobernaci\u00f3n busca mejorar producci\u00f3n agr\u00edcola pace\u00f1a - El Diario - Bolivia","og_description":"Con el objetivo de potenciar la actividad agr\u00edcola de varias comunidades de distintos municipios del departamento de La Paz, el gobernador Santos Quispe firm\u00f3 convenios interinstitucionales para riego. El plan se realiza con transferencia y financiamiento para el programa \u201cM\u00e1s Inversi\u00f3n para Mi Riego II\u201d, entre el Gobierno Aut\u00f3nomo Departamental de La Paz, el Fondo [&hellip;]","og_url":"https:\/\/www.eldiario.net\/portal\/2021\/10\/02\/gobernacion-busca-mejorar-produccion-agricola-pacena\/","og_site_name":"El Diario - Bolivia","article_publisher":"https:\/\/www.facebook.com\/eldiario.bolivia\/","article_published_time":"2021-10-02T10:23:55+00:00","og_image":[{"width":1000,"height":563,"url":"https:\/\/www.eldiario.net\/portal\/wp-content\/uploads\/2021\/10\/2LP-1.jpg","type":"image\/jpeg"}],"author":"Jeanette","twitter_card":"summary_large_image","twitter_creator":"@eldiario_net","twitter_site":"@eldiario_net","twitter_misc":{"Escrito por":"Jeanette","Tiempo de lectura":"2 minutos"},"schema":{"@context":"https:\/\/schema.org","@graph":[{"@type":"Article","@id":"https:\/\/www.eldiario.net\/portal\/2021\/10\/02\/gobernacion-busca-mejorar-produccion-agricola-pacena\/#article","isPartOf":{"@id":"https:\/\/www.eldiario.net\/portal\/2021\/10\/02\/gobernacion-busca-mejorar-produccion-agricola-pacena\/"},"author":{"name":"Jeanette","@id":"https:\/\/www.eldiario.net\/portal\/#\/schema\/person\/2c57cf2b7a7ae032e449e4c9b1019eac"},"headline":"Gobernaci\u00f3n busca mejorar producci\u00f3n agr\u00edcola pace\u00f1a","datePublished":"2021-10-02T10:23:55+00:00","mainEntityOfPage":{"@id":"https:\/\/www.eldiario.net\/portal\/2021\/10\/02\/gobernacion-busca-mejorar-produccion-agricola-pacena\/"},"wordCount":398,"publisher":{"@id":"https:\/\/www.eldiario.net\/portal\/#organization"},"image":{"@id":"https:\/\/www.eldiario.net\/portal\/2021\/10\/02\/gobernacion-busca-mejorar-produccion-agricola-pacena\/#primaryimage"},"thumbnailUrl":"https:\/\/www.eldiario.net\/portal\/wp-content\/uploads\/2021\/10\/2LP-1.jpg","articleSection":["Nacional"],"inLanguage":"es"},{"@type":"WebPage","@id":"https:\/\/www.eldiario.net\/portal\/2021\/10\/02\/gobernacion-busca-mejorar-produccion-agricola-pacena\/","url":"https:\/\/www.eldiario.net\/portal\/2021\/10\/02\/gobernacion-busca-mejorar-produccion-agricola-pacena\/","name":"Gobernaci\u00f3n busca mejorar producci\u00f3n agr\u00edcola pace\u00f1a - El Diario - Bolivia","isPartOf":{"@id":"https:\/\/www.eldiario.net\/portal\/#website"},"primaryImageOfPage":{"@id":"https:\/\/www.eldiario.net\/portal\/2021\/10\/02\/gobernacion-busca-mejorar-produccion-agricola-pacena\/#primaryimage"},"image":{"@id":"https:\/\/www.eldiario.net\/portal\/2021\/10\/02\/gobernacion-busca-mejorar-produccion-agricola-pacena\/#primaryimage"},"thumbnailUrl":"https:\/\/www.eldiario.net\/portal\/wp-content\/uploads\/2021\/10\/2LP-1.jpg","datePublished":"2021-10-02T10:23:55+00:00","breadcrumb":{"@id":"https:\/\/www.eldiario.net\/portal\/2021\/10\/02\/gobernacion-busca-mejorar-produccion-agricola-pacena\/#breadcrumb"},"inLanguage":"es","potentialAction":[{"@type":"ReadAction","target":["https:\/\/www.eldiario.net\/portal\/2021\/10\/02\/gobernacion-busca-mejorar-produccion-agricola-pacena\/"]}]},{"@type":"ImageObject","inLanguage":"es","@id":"https:\/\/www.eldiario.net\/portal\/2021\/10\/02\/gobernacion-busca-mejorar-produccion-agricola-pacena\/#primaryimage","url":"https:\/\/www.eldiario.net\/portal\/wp-content\/uploads\/2021\/10\/2LP-1.jpg","contentUrl":"https:\/\/www.eldiario.net\/portal\/wp-content\/uploads\/2021\/10\/2LP-1.jpg","width":1000,"height":563,"caption":"El anhelo de los productores pace\u00f1os es beneficiarse con agua para sus cultivos."},{"@type":"BreadcrumbList","@id":"https:\/\/www.eldiario.net\/portal\/2021\/10\/02\/gobernacion-busca-mejorar-produccion-agricola-pacena\/#breadcrumb","itemListElement":[{"@type":"ListItem","position":1,"name":"Portada","item":"https:\/\/www.eldiario.net\/portal\/"},{"@type":"ListItem","position":2,"name":"Gobernaci\u00f3n busca mejorar producci\u00f3n agr\u00edcola pace\u00f1a"}]},{"@type":"WebSite","@id":"https:\/\/www.eldiario.net\/portal\/#website","url":"https:\/\/www.eldiario.net\/portal\/","name":"El Diario - Decano de la prensa nacional","description":"El Diario - Decano de la prensa nacional","publisher":{"@id":"https:\/\/www.eldiario.net\/portal\/#organization"},"potentialAction":[{"@type":"SearchAction","target":{"@type":"EntryPoint","urlTemplate":"https:\/\/www.eldiario.net\/portal\/?s={search_term_string}"},"query-input":{"@type":"PropertyValueSpecification","valueRequired":true,"valueName":"search_term_string"}}],"inLanguage":"es"},{"@type":"Organization","@id":"https:\/\/www.eldiario.net\/portal\/#organization","name":"El Diario - Decano de la prensa nacional","url":"https:\/\/www.eldiario.net\/portal\/","logo":{"@type":"ImageObject","inLanguage":"es","@id":"https:\/\/www.eldiario.net\/portal\/#\/schema\/logo\/image\/","url":"https:\/\/www.eldiario.net\/portal\/wp-content\/uploads\/2023\/07\/logo_ED.jpg","contentUrl":"https:\/\/www.eldiario.net\/portal\/wp-content\/uploads\/2023\/07\/logo_ED.jpg","width":272,"height":52,"caption":"El Diario - Decano de la prensa nacional"},"image":{"@id":"https:\/\/www.eldiario.net\/portal\/#\/schema\/logo\/image\/"},"sameAs":["https:\/\/www.facebook.com\/eldiario.bolivia\/","https:\/\/x.com\/eldiario_net"]},{"@type":"Person","@id":"https:\/\/www.eldiario.net\/portal\/#\/schema\/person\/2c57cf2b7a7ae032e449e4c9b1019eac","name":"Jeanette","image":{"@type":"ImageObject","inLanguage":"es","@id":"https:\/\/secure.gravatar.com\/avatar\/3ea2118a5f7dad2b7138b1187a6b7ee55f160b9968b66013c3a3ef39dd7e5798?s=96&d=mm&r=g","url":"https:\/\/secure.gravatar.com\/avatar\/3ea2118a5f7dad2b7138b1187a6b7ee55f160b9968b66013c3a3ef39dd7e5798?s=96&d=mm&r=g","contentUrl":"https:\/\/secure.gravatar.com\/avatar\/3ea2118a5f7dad2b7138b1187a6b7ee55f160b9968b66013c3a3ef39dd7e5798?s=96&d=mm&r=g","caption":"Jeanette"},"sameAs":["https:\/\/www.eldiario.net\/portal"],"url":"https:\/\/www.eldiario.net\/portal\/author\/jeanette\/"}]}},"_links":{"self":[{"href":"https:\/\/www.eldiario.net\/portal\/wp-json\/wp\/v2\/posts\/33750","targetHints":{"allow":["GET"]}}],"collection":[{"href":"https:\/\/www.eldiario.net\/portal\/wp-json\/wp\/v2\/posts"}],"about":[{"href":"https:\/\/www.eldiario.net\/portal\/wp-json\/wp\/v2\/types\/post"}],"author":[{"embeddable":true,"href":"https:\/\/www.eldiario.net\/portal\/wp-json\/wp\/v2\/users\/1"}],"replies":[{"embeddable":true,"href":"https:\/\/www.eldiario.net\/portal\/wp-json\/wp\/v2\/comments?post=33750"}],"version-history":[{"count":0,"href":"https:\/\/www.eldiario.net\/portal\/wp-json\/wp\/v2\/posts\/33750\/revisions"}],"wp:featuredmedia":[{"embeddable":true,"href":"https:\/\/www.eldiario.net\/portal\/wp-json\/wp\/v2\/media\/33752"}],"wp:attachment":[{"href":"https:\/\/www.eldiario.net\/portal\/wp-json\/wp\/v2\/media?parent=33750"}],"wp:term":[{"taxonomy":"category","embeddable":true,"href":"https:\/\/www.eldiario.net\/portal\/wp-json\/wp\/v2\/categories?post=33750"},{"taxonomy":"post_tag","embeddable":true,"href":"https:\/\/www.eldiario.net\/portal\/wp-json\/wp\/v2\/tags?post=33750"}],"curies":[{"name":"wp","href":"https:\/\/api.w.org\/{rel}","templated":true}]}}