{"id":337499,"date":"2025-10-11T07:20:51","date_gmt":"2025-10-11T11:20:51","guid":{"rendered":"https:\/\/www.eldiario.net\/portal\/?p=337499"},"modified":"2025-10-11T07:20:51","modified_gmt":"2025-10-11T11:20:51","slug":"bien-por-el-debate-institucional","status":"publish","type":"post","link":"https:\/\/www.eldiario.net\/portal\/2025\/10\/11\/bien-por-el-debate-institucional\/","title":{"rendered":"Bien por el debate institucional"},"content":{"rendered":"<p>La puesta en marcha del debate institucional a cargo por el Tribunal Supremo Electoral (TSE), sin lugar a dudas que nadie lo refuta, debido a que, en casi veinte a\u00f1os gobernados por el Movimiento al Socialismo (MAS), estuvo ausente, sin que la gente pueda informarse de manera correcta sobre los candidatos en las elecciones electorales nacionales o subnacionales que hubo durante ese tiempo.<br \/>\nCuando cumplimos 43 a\u00f1os de vida democr\u00e1tica en el pa\u00eds, que se celebra cada 10 de octubre, sin duda que eso fortalece a la destruida democracia que tenemos hoy y que requiere, sin dudas, darle un espaldarazo para restituir la institucionalidad democr\u00e1tica en el pa\u00eds.<br \/>\n\u00bfVali\u00f3 la pena hacer el debate vicepresidencial? Por supuesto que no. Porque los actores pol\u00edticos que intervinieron, como fueron Edmand Lara por el Partido Dem\u00f3crata Cristiano (PDC) y Juan Pablo Velasco por Alianza Libre, no estuvieron a la altura de dicho debate que, se sobre entiende, es para personas sumamente preparadas en lo acad\u00e9mico y pol\u00edtico. Fue como pedir que un gato siam\u00e9s ruja como un leopardo.<br \/>\nNada importante se sac\u00f3 de ese debate. Porque los candidatos vicepresidenciales no tuvieron las respuestas adecuadas para los problemas actuales que vive el pa\u00eds, en lo econ\u00f3mico y pol\u00edtico principalmente. Demostraron que no est\u00e1n a la altura para ocupar el cargo de vicepresidente, algo que debe llamar profundamente a la reflexi\u00f3n. La vicepresidencia est\u00e1 yendo de Guatemala a Guatepeor; de un inoperante David Choquehuanca a un mediocre Edmand Lara o Juan Pablo Velasco.<br \/>\nSin quitarle m\u00e9rito al TSE por organizar estos debates democr\u00e1ticos y por el trabajo realizado en la primera vuelta, que no da lugar a la discusi\u00f3n, en la metodolog\u00eda se equivoc\u00f3, porque un debate ideal es que los moderadores pregunten y contra pregunten a los candidatos. Que entre ellos se hagan interrogantes le quit\u00f3 el brillo que deb\u00eda tener el mismo. Todo el debate vicepresidencial se convirti\u00f3 en una discusi\u00f3n sin calidad y sin aporte para que la ciudadan\u00eda tome decisiones en el momento de emitir su voto.<br \/>\nIndudablemente, el TSE para el venidero debate presidencial, debe cambiar el modo de hacerlo. Lo correcto es que no haya preguntas entre candidatos, porque el sentido del mismo se desviar\u00e1 y lo m\u00e1s seguro es que llegar\u00e1n a las acusaciones y contra acusaciones sobre el pasado. Lo que la poblaci\u00f3n quiere es escuchar propuestas de soluci\u00f3n a corto plazo sobre la crisis econ\u00f3mica principalmente, como tambi\u00e9n en el aspecto pol\u00edtico. \u00a1Basta a los insultos!<br \/>\nPara eso est\u00e1n los moderadores-periodistas, justamente para que hagan preguntas punzantes e incisivas a los candidatos. Esa ser\u00e1 la mejor forma para que el electorado se informe y de esa manera vaya a emitir su voto este cercano 19 de octubre. El TSE tiene la gran oportunidad de reivindicarse en el debate presidencial, porque el primero fue improductivo para las expectativas ciudadanas.<br \/>\nCabe recordar que, el debate es una confrontaci\u00f3n de ideas entre candidatos, quienes adem\u00e1s plantean sus propuestas acerca de uno o varios temas\u00b8 en la que cada uno expone sus ideas y defiende sus opiniones e intereses.<br \/>\nEl debate competitivo puede adoptar la forma de una competici\u00f3n formal, disciplinada y regida por reglas, que se desarrolla dentro de un marco establecido. Un debate puede estar compuesto por participantes individuales o equipos de varios participantes.<br \/>\nAs\u00ed que, vocales del TSE, a tomar en cuenta todas las observaciones hechas por la sociedad civil, para que el debate presidencial realmente sea de lujo e importante para un voto informado. No hacerlo, ser\u00eda enviar al tacho de basura todo lo que hasta aqu\u00ed hicieron de manera loable.<\/p>\n<p>El autor es Comunicador social.<\/p>\n","protected":false},"excerpt":{"rendered":"<p>La puesta en marcha del debate institucional a cargo por el Tribunal Supremo Electoral (TSE), sin lugar a dudas que nadie lo refuta, debido a que, en casi veinte a\u00f1os gobernados por el Movimiento al Socialismo (MAS), estuvo ausente, sin que la gente pueda informarse de manera correcta sobre los candidatos en las elecciones electorales [&hellip;]<\/p>\n","protected":false},"author":1,"featured_media":161157,"comment_status":"closed","ping_status":"open","sticky":false,"template":"","format":"standard","meta":{"_acf_changed":false,"footnotes":""},"categories":[9],"tags":[],"class_list":["post-337499","post","type-post","status-publish","format-standard","has-post-thumbnail","category-opinion"],"acf":{"antetitulo":""},"yoast_head":"<!-- This site is optimized with the Yoast SEO plugin v28.4 - https:\/\/yoast.com\/product\/yoast-seo-wordpress\/ -->\n<title>Bien por el debate institucional - El Diario - Bolivia<\/title>\n<meta name=\"robots\" content=\"index, follow, max-snippet:-1, max-image-preview:large, max-video-preview:-1\" \/>\n<link rel=\"canonical\" href=\"https:\/\/www.eldiario.net\/portal\/2025\/10\/11\/bien-por-el-debate-institucional\/\" \/>\n<meta property=\"og:locale\" content=\"es_ES\" \/>\n<meta property=\"og:type\" content=\"article\" \/>\n<meta property=\"og:title\" content=\"Bien por el debate institucional - El Diario - Bolivia\" \/>\n<meta property=\"og:description\" content=\"La puesta en marcha del debate institucional a cargo por el Tribunal Supremo Electoral (TSE), sin lugar a dudas que nadie lo refuta, debido a que, en casi veinte a\u00f1os gobernados por el Movimiento al Socialismo (MAS), estuvo ausente, sin que la gente pueda informarse de manera correcta sobre los candidatos en las elecciones electorales [&hellip;]\" \/>\n<meta property=\"og:url\" content=\"https:\/\/www.eldiario.net\/portal\/2025\/10\/11\/bien-por-el-debate-institucional\/\" \/>\n<meta property=\"og:site_name\" content=\"El Diario - Bolivia\" \/>\n<meta property=\"article:publisher\" content=\"https:\/\/www.facebook.com\/eldiario.bolivia\/\" \/>\n<meta property=\"article:published_time\" content=\"2025-10-11T11:20:51+00:00\" \/>\n<meta property=\"og:image\" content=\"https:\/\/www.eldiario.net\/portal\/wp-content\/uploads\/2023\/06\/Juan-Carlos-Ferreyra-Penarrieta.jpg\" \/>\n\t<meta property=\"og:image:width\" content=\"1200\" \/>\n\t<meta property=\"og:image:height\" content=\"628\" \/>\n\t<meta property=\"og:image:type\" content=\"image\/jpeg\" \/>\n<meta name=\"author\" content=\"Jeanette\" \/>\n<meta name=\"twitter:card\" content=\"summary_large_image\" \/>\n<meta name=\"twitter:creator\" content=\"@eldiario_net\" \/>\n<meta name=\"twitter:site\" content=\"@eldiario_net\" \/>\n<meta name=\"twitter:label1\" content=\"Escrito por\" \/>\n\t<meta name=\"twitter:data1\" content=\"Jeanette\" \/>\n\t<meta name=\"twitter:label2\" content=\"Tiempo de lectura\" \/>\n\t<meta name=\"twitter:data2\" content=\"3 minutos\" \/>\n<script type=\"application\/ld+json\" class=\"yoast-schema-graph\">{\"@context\":\"https:\\\/\\\/schema.org\",\"@graph\":[{\"@type\":\"Article\",\"@id\":\"https:\\\/\\\/www.eldiario.net\\\/portal\\\/2025\\\/10\\\/11\\\/bien-por-el-debate-institucional\\\/#article\",\"isPartOf\":{\"@id\":\"https:\\\/\\\/www.eldiario.net\\\/portal\\\/2025\\\/10\\\/11\\\/bien-por-el-debate-institucional\\\/\"},\"author\":{\"name\":\"Jeanette\",\"@id\":\"https:\\\/\\\/www.eldiario.net\\\/portal\\\/#\\\/schema\\\/person\\\/2c57cf2b7a7ae032e449e4c9b1019eac\"},\"headline\":\"Bien por el debate institucional\",\"datePublished\":\"2025-10-11T11:20:51+00:00\",\"mainEntityOfPage\":{\"@id\":\"https:\\\/\\\/www.eldiario.net\\\/portal\\\/2025\\\/10\\\/11\\\/bien-por-el-debate-institucional\\\/\"},\"wordCount\":637,\"publisher\":{\"@id\":\"https:\\\/\\\/www.eldiario.net\\\/portal\\\/#organization\"},\"image\":{\"@id\":\"https:\\\/\\\/www.eldiario.net\\\/portal\\\/2025\\\/10\\\/11\\\/bien-por-el-debate-institucional\\\/#primaryimage\"},\"thumbnailUrl\":\"https:\\\/\\\/www.eldiario.net\\\/portal\\\/wp-content\\\/uploads\\\/2023\\\/06\\\/Juan-Carlos-Ferreyra-Penarrieta.jpg\",\"articleSection\":[\"Opini\u00f3n\"],\"inLanguage\":\"es\"},{\"@type\":\"WebPage\",\"@id\":\"https:\\\/\\\/www.eldiario.net\\\/portal\\\/2025\\\/10\\\/11\\\/bien-por-el-debate-institucional\\\/\",\"url\":\"https:\\\/\\\/www.eldiario.net\\\/portal\\\/2025\\\/10\\\/11\\\/bien-por-el-debate-institucional\\\/\",\"name\":\"Bien por el debate institucional - El Diario - Bolivia\",\"isPartOf\":{\"@id\":\"https:\\\/\\\/www.eldiario.net\\\/portal\\\/#website\"},\"primaryImageOfPage\":{\"@id\":\"https:\\\/\\\/www.eldiario.net\\\/portal\\\/2025\\\/10\\\/11\\\/bien-por-el-debate-institucional\\\/#primaryimage\"},\"image\":{\"@id\":\"https:\\\/\\\/www.eldiario.net\\\/portal\\\/2025\\\/10\\\/11\\\/bien-por-el-debate-institucional\\\/#primaryimage\"},\"thumbnailUrl\":\"https:\\\/\\\/www.eldiario.net\\\/portal\\\/wp-content\\\/uploads\\\/2023\\\/06\\\/Juan-Carlos-Ferreyra-Penarrieta.jpg\",\"datePublished\":\"2025-10-11T11:20:51+00:00\",\"breadcrumb\":{\"@id\":\"https:\\\/\\\/www.eldiario.net\\\/portal\\\/2025\\\/10\\\/11\\\/bien-por-el-debate-institucional\\\/#breadcrumb\"},\"inLanguage\":\"es\",\"potentialAction\":[{\"@type\":\"ReadAction\",\"target\":[\"https:\\\/\\\/www.eldiario.net\\\/portal\\\/2025\\\/10\\\/11\\\/bien-por-el-debate-institucional\\\/\"]}]},{\"@type\":\"ImageObject\",\"inLanguage\":\"es\",\"@id\":\"https:\\\/\\\/www.eldiario.net\\\/portal\\\/2025\\\/10\\\/11\\\/bien-por-el-debate-institucional\\\/#primaryimage\",\"url\":\"https:\\\/\\\/www.eldiario.net\\\/portal\\\/wp-content\\\/uploads\\\/2023\\\/06\\\/Juan-Carlos-Ferreyra-Penarrieta.jpg\",\"contentUrl\":\"https:\\\/\\\/www.eldiario.net\\\/portal\\\/wp-content\\\/uploads\\\/2023\\\/06\\\/Juan-Carlos-Ferreyra-Penarrieta.jpg\",\"width\":1200,\"height\":628,\"caption\":\"Juan Carlos Ferreyra Pe\u00f1arrieta\"},{\"@type\":\"BreadcrumbList\",\"@id\":\"https:\\\/\\\/www.eldiario.net\\\/portal\\\/2025\\\/10\\\/11\\\/bien-por-el-debate-institucional\\\/#breadcrumb\",\"itemListElement\":[{\"@type\":\"ListItem\",\"position\":1,\"name\":\"Portada\",\"item\":\"https:\\\/\\\/www.eldiario.net\\\/portal\\\/\"},{\"@type\":\"ListItem\",\"position\":2,\"name\":\"Bien por el debate institucional\"}]},{\"@type\":\"WebSite\",\"@id\":\"https:\\\/\\\/www.eldiario.net\\\/portal\\\/#website\",\"url\":\"https:\\\/\\\/www.eldiario.net\\\/portal\\\/\",\"name\":\"El Diario - Decano de la prensa nacional\",\"description\":\"El Diario - Decano de la prensa nacional\",\"publisher\":{\"@id\":\"https:\\\/\\\/www.eldiario.net\\\/portal\\\/#organization\"},\"potentialAction\":[{\"@type\":\"SearchAction\",\"target\":{\"@type\":\"EntryPoint\",\"urlTemplate\":\"https:\\\/\\\/www.eldiario.net\\\/portal\\\/?s={search_term_string}\"},\"query-input\":{\"@type\":\"PropertyValueSpecification\",\"valueRequired\":true,\"valueName\":\"search_term_string\"}}],\"inLanguage\":\"es\"},{\"@type\":\"Organization\",\"@id\":\"https:\\\/\\\/www.eldiario.net\\\/portal\\\/#organization\",\"name\":\"El Diario - Decano de la prensa nacional\",\"url\":\"https:\\\/\\\/www.eldiario.net\\\/portal\\\/\",\"logo\":{\"@type\":\"ImageObject\",\"inLanguage\":\"es\",\"@id\":\"https:\\\/\\\/www.eldiario.net\\\/portal\\\/#\\\/schema\\\/logo\\\/image\\\/\",\"url\":\"https:\\\/\\\/www.eldiario.net\\\/portal\\\/wp-content\\\/uploads\\\/2023\\\/07\\\/logo_ED.jpg\",\"contentUrl\":\"https:\\\/\\\/www.eldiario.net\\\/portal\\\/wp-content\\\/uploads\\\/2023\\\/07\\\/logo_ED.jpg\",\"width\":272,\"height\":52,\"caption\":\"El Diario - Decano de la prensa nacional\"},\"image\":{\"@id\":\"https:\\\/\\\/www.eldiario.net\\\/portal\\\/#\\\/schema\\\/logo\\\/image\\\/\"},\"sameAs\":[\"https:\\\/\\\/www.facebook.com\\\/eldiario.bolivia\\\/\",\"https:\\\/\\\/x.com\\\/eldiario_net\"]},{\"@type\":\"Person\",\"@id\":\"https:\\\/\\\/www.eldiario.net\\\/portal\\\/#\\\/schema\\\/person\\\/2c57cf2b7a7ae032e449e4c9b1019eac\",\"name\":\"Jeanette\",\"image\":{\"@type\":\"ImageObject\",\"inLanguage\":\"es\",\"@id\":\"https:\\\/\\\/secure.gravatar.com\\\/avatar\\\/3ea2118a5f7dad2b7138b1187a6b7ee55f160b9968b66013c3a3ef39dd7e5798?s=96&d=mm&r=g\",\"url\":\"https:\\\/\\\/secure.gravatar.com\\\/avatar\\\/3ea2118a5f7dad2b7138b1187a6b7ee55f160b9968b66013c3a3ef39dd7e5798?s=96&d=mm&r=g\",\"contentUrl\":\"https:\\\/\\\/secure.gravatar.com\\\/avatar\\\/3ea2118a5f7dad2b7138b1187a6b7ee55f160b9968b66013c3a3ef39dd7e5798?s=96&d=mm&r=g\",\"caption\":\"Jeanette\"},\"sameAs\":[\"https:\\\/\\\/www.eldiario.net\\\/portal\"],\"url\":\"https:\\\/\\\/www.eldiario.net\\\/portal\\\/author\\\/jeanette\\\/\"}]}<\/script>\n<!-- \/ Yoast SEO plugin. -->","yoast_head_json":{"title":"Bien por el debate institucional - El Diario - Bolivia","robots":{"index":"index","follow":"follow","max-snippet":"max-snippet:-1","max-image-preview":"max-image-preview:large","max-video-preview":"max-video-preview:-1"},"canonical":"https:\/\/www.eldiario.net\/portal\/2025\/10\/11\/bien-por-el-debate-institucional\/","og_locale":"es_ES","og_type":"article","og_title":"Bien por el debate institucional - El Diario - Bolivia","og_description":"La puesta en marcha del debate institucional a cargo por el Tribunal Supremo Electoral (TSE), sin lugar a dudas que nadie lo refuta, debido a que, en casi veinte a\u00f1os gobernados por el Movimiento al Socialismo (MAS), estuvo ausente, sin que la gente pueda informarse de manera correcta sobre los candidatos en las elecciones electorales [&hellip;]","og_url":"https:\/\/www.eldiario.net\/portal\/2025\/10\/11\/bien-por-el-debate-institucional\/","og_site_name":"El Diario - Bolivia","article_publisher":"https:\/\/www.facebook.com\/eldiario.bolivia\/","article_published_time":"2025-10-11T11:20:51+00:00","og_image":[{"width":1200,"height":628,"url":"https:\/\/www.eldiario.net\/portal\/wp-content\/uploads\/2023\/06\/Juan-Carlos-Ferreyra-Penarrieta.jpg","type":"image\/jpeg"}],"author":"Jeanette","twitter_card":"summary_large_image","twitter_creator":"@eldiario_net","twitter_site":"@eldiario_net","twitter_misc":{"Escrito por":"Jeanette","Tiempo de lectura":"3 minutos"},"schema":{"@context":"https:\/\/schema.org","@graph":[{"@type":"Article","@id":"https:\/\/www.eldiario.net\/portal\/2025\/10\/11\/bien-por-el-debate-institucional\/#article","isPartOf":{"@id":"https:\/\/www.eldiario.net\/portal\/2025\/10\/11\/bien-por-el-debate-institucional\/"},"author":{"name":"Jeanette","@id":"https:\/\/www.eldiario.net\/portal\/#\/schema\/person\/2c57cf2b7a7ae032e449e4c9b1019eac"},"headline":"Bien por el debate institucional","datePublished":"2025-10-11T11:20:51+00:00","mainEntityOfPage":{"@id":"https:\/\/www.eldiario.net\/portal\/2025\/10\/11\/bien-por-el-debate-institucional\/"},"wordCount":637,"publisher":{"@id":"https:\/\/www.eldiario.net\/portal\/#organization"},"image":{"@id":"https:\/\/www.eldiario.net\/portal\/2025\/10\/11\/bien-por-el-debate-institucional\/#primaryimage"},"thumbnailUrl":"https:\/\/www.eldiario.net\/portal\/wp-content\/uploads\/2023\/06\/Juan-Carlos-Ferreyra-Penarrieta.jpg","articleSection":["Opini\u00f3n"],"inLanguage":"es"},{"@type":"WebPage","@id":"https:\/\/www.eldiario.net\/portal\/2025\/10\/11\/bien-por-el-debate-institucional\/","url":"https:\/\/www.eldiario.net\/portal\/2025\/10\/11\/bien-por-el-debate-institucional\/","name":"Bien por el debate institucional - El Diario - Bolivia","isPartOf":{"@id":"https:\/\/www.eldiario.net\/portal\/#website"},"primaryImageOfPage":{"@id":"https:\/\/www.eldiario.net\/portal\/2025\/10\/11\/bien-por-el-debate-institucional\/#primaryimage"},"image":{"@id":"https:\/\/www.eldiario.net\/portal\/2025\/10\/11\/bien-por-el-debate-institucional\/#primaryimage"},"thumbnailUrl":"https:\/\/www.eldiario.net\/portal\/wp-content\/uploads\/2023\/06\/Juan-Carlos-Ferreyra-Penarrieta.jpg","datePublished":"2025-10-11T11:20:51+00:00","breadcrumb":{"@id":"https:\/\/www.eldiario.net\/portal\/2025\/10\/11\/bien-por-el-debate-institucional\/#breadcrumb"},"inLanguage":"es","potentialAction":[{"@type":"ReadAction","target":["https:\/\/www.eldiario.net\/portal\/2025\/10\/11\/bien-por-el-debate-institucional\/"]}]},{"@type":"ImageObject","inLanguage":"es","@id":"https:\/\/www.eldiario.net\/portal\/2025\/10\/11\/bien-por-el-debate-institucional\/#primaryimage","url":"https:\/\/www.eldiario.net\/portal\/wp-content\/uploads\/2023\/06\/Juan-Carlos-Ferreyra-Penarrieta.jpg","contentUrl":"https:\/\/www.eldiario.net\/portal\/wp-content\/uploads\/2023\/06\/Juan-Carlos-Ferreyra-Penarrieta.jpg","width":1200,"height":628,"caption":"Juan Carlos Ferreyra Pe\u00f1arrieta"},{"@type":"BreadcrumbList","@id":"https:\/\/www.eldiario.net\/portal\/2025\/10\/11\/bien-por-el-debate-institucional\/#breadcrumb","itemListElement":[{"@type":"ListItem","position":1,"name":"Portada","item":"https:\/\/www.eldiario.net\/portal\/"},{"@type":"ListItem","position":2,"name":"Bien por el debate institucional"}]},{"@type":"WebSite","@id":"https:\/\/www.eldiario.net\/portal\/#website","url":"https:\/\/www.eldiario.net\/portal\/","name":"El Diario - Decano de la prensa nacional","description":"El Diario - Decano de la prensa nacional","publisher":{"@id":"https:\/\/www.eldiario.net\/portal\/#organization"},"potentialAction":[{"@type":"SearchAction","target":{"@type":"EntryPoint","urlTemplate":"https:\/\/www.eldiario.net\/portal\/?s={search_term_string}"},"query-input":{"@type":"PropertyValueSpecification","valueRequired":true,"valueName":"search_term_string"}}],"inLanguage":"es"},{"@type":"Organization","@id":"https:\/\/www.eldiario.net\/portal\/#organization","name":"El Diario - Decano de la prensa nacional","url":"https:\/\/www.eldiario.net\/portal\/","logo":{"@type":"ImageObject","inLanguage":"es","@id":"https:\/\/www.eldiario.net\/portal\/#\/schema\/logo\/image\/","url":"https:\/\/www.eldiario.net\/portal\/wp-content\/uploads\/2023\/07\/logo_ED.jpg","contentUrl":"https:\/\/www.eldiario.net\/portal\/wp-content\/uploads\/2023\/07\/logo_ED.jpg","width":272,"height":52,"caption":"El Diario - Decano de la prensa nacional"},"image":{"@id":"https:\/\/www.eldiario.net\/portal\/#\/schema\/logo\/image\/"},"sameAs":["https:\/\/www.facebook.com\/eldiario.bolivia\/","https:\/\/x.com\/eldiario_net"]},{"@type":"Person","@id":"https:\/\/www.eldiario.net\/portal\/#\/schema\/person\/2c57cf2b7a7ae032e449e4c9b1019eac","name":"Jeanette","image":{"@type":"ImageObject","inLanguage":"es","@id":"https:\/\/secure.gravatar.com\/avatar\/3ea2118a5f7dad2b7138b1187a6b7ee55f160b9968b66013c3a3ef39dd7e5798?s=96&d=mm&r=g","url":"https:\/\/secure.gravatar.com\/avatar\/3ea2118a5f7dad2b7138b1187a6b7ee55f160b9968b66013c3a3ef39dd7e5798?s=96&d=mm&r=g","contentUrl":"https:\/\/secure.gravatar.com\/avatar\/3ea2118a5f7dad2b7138b1187a6b7ee55f160b9968b66013c3a3ef39dd7e5798?s=96&d=mm&r=g","caption":"Jeanette"},"sameAs":["https:\/\/www.eldiario.net\/portal"],"url":"https:\/\/www.eldiario.net\/portal\/author\/jeanette\/"}]}},"_links":{"self":[{"href":"https:\/\/www.eldiario.net\/portal\/wp-json\/wp\/v2\/posts\/337499","targetHints":{"allow":["GET"]}}],"collection":[{"href":"https:\/\/www.eldiario.net\/portal\/wp-json\/wp\/v2\/posts"}],"about":[{"href":"https:\/\/www.eldiario.net\/portal\/wp-json\/wp\/v2\/types\/post"}],"author":[{"embeddable":true,"href":"https:\/\/www.eldiario.net\/portal\/wp-json\/wp\/v2\/users\/1"}],"replies":[{"embeddable":true,"href":"https:\/\/www.eldiario.net\/portal\/wp-json\/wp\/v2\/comments?post=337499"}],"version-history":[{"count":1,"href":"https:\/\/www.eldiario.net\/portal\/wp-json\/wp\/v2\/posts\/337499\/revisions"}],"predecessor-version":[{"id":337500,"href":"https:\/\/www.eldiario.net\/portal\/wp-json\/wp\/v2\/posts\/337499\/revisions\/337500"}],"wp:featuredmedia":[{"embeddable":true,"href":"https:\/\/www.eldiario.net\/portal\/wp-json\/wp\/v2\/media\/161157"}],"wp:attachment":[{"href":"https:\/\/www.eldiario.net\/portal\/wp-json\/wp\/v2\/media?parent=337499"}],"wp:term":[{"taxonomy":"category","embeddable":true,"href":"https:\/\/www.eldiario.net\/portal\/wp-json\/wp\/v2\/categories?post=337499"},{"taxonomy":"post_tag","embeddable":true,"href":"https:\/\/www.eldiario.net\/portal\/wp-json\/wp\/v2\/tags?post=337499"}],"curies":[{"name":"wp","href":"https:\/\/api.w.org\/{rel}","templated":true}]}}