{"id":337497,"date":"2025-10-11T07:20:22","date_gmt":"2025-10-11T11:20:22","guid":{"rendered":"https:\/\/www.eldiario.net\/portal\/?p=337497"},"modified":"2025-10-11T07:20:22","modified_gmt":"2025-10-11T11:20:22","slug":"respecto-a-la-guerra-sucia","status":"publish","type":"post","link":"https:\/\/www.eldiario.net\/portal\/2025\/10\/11\/respecto-a-la-guerra-sucia\/","title":{"rendered":"Respecto a la guerra sucia"},"content":{"rendered":"<p>A diferencia de muchos otros, no me opongo a la guerra sucia; creo que es algo com\u00fan en la pol\u00edtica. Tambi\u00e9n muestra qu\u00e9 tan preparado est\u00e1 el candidato para recibir ataques y cu\u00e1l es su capacidad de respuesta. En lo personal, soy admirador de Trump, por lo que discursos duros y crudos en contra del rival son algo que apruebo y que no pienso juzgar o criticar como lo hace cierta clase intelectual. Cada candidato debe saber defenderse de los ataques; lo que s\u00ed es inadmisible es dejarse \u201cmasacrar\u201d por el oponente.<br \/>\nEn Bolivia, hay un equipo de campa\u00f1a que ha sabido llevar la guerra sucia a otro nivel y ya ha dado de baja a varios candidatos. El equipo de LIBRE se ha encargado de satanizar a todos sus opositores, tach\u00e1ndolos de zurdos o masistas. Por ejemplo, a Samuel le recordaban todo este tiempo sus lazos con la Internacional Socialista, mientras que a Manfred lo llamaban Masfred. Estos dos candidatos no supieron defenderse en su momento y por eso no han llegado a la segunda vuelta; a la mayor\u00eda del pueblo le gustan los l\u00edderes fuertes y seguros.<br \/>\nYa en la segunda vuelta, el equipo de LIBRE se est\u00e1 encargando de atacar a Rodrigo Paz y a Edmand Lara de manera letal; quieren hacerlos quedar por todos lados como masistas. La idea pasa por radicalizar al electorado y volver a utilizar el voto \u00fatil, mostrando que el MAS no fue derrotado sino traspasado a otro partido.<br \/>\nTal como estimaba en notas anteriores, el equipo del PDC no iba a ser como el de UNIDAD; una respuesta era de esperarse. En los \u00faltimos d\u00edas salieron a la luz tweets de car\u00e1cter racista emitidos por parte del candidato a vicepresidente Juan Velasco. En los mismos se dec\u00eda que los collas deb\u00edan ser \u201casesinados\u201d. Algo muy grave, pero que adem\u00e1s m\u00faltiples verificadoras confirmaron. Es evidente que los tweets son reales y esto realmente ha puesto un freno a los avances de la guerra sucia de LIBRE.<br \/>\nJorge Quiroga no es un candidato carism\u00e1tico, tiene un techo de crecimiento muy limitado y no tiene en su binomio a alguien que lo complemente, sino m\u00e1s bien que funge como carga. Cada avance que lograba la guerra sucia era fundamental para tener chances de ganar la segunda vuelta, pero esta metida de pata de Velasco, sin dudas, lo deja en una posici\u00f3n muy delicada. Si bien Paz cuenta con una ventaja considerable, la guerra sucia logr\u00f3 quitarle una parte de los votos, pero todo esto ahora est\u00e1 en vilo.<br \/>\nLIBRE las hizo, y ahora las est\u00e1 pagando, y de qu\u00e9 forma. Parece que el impacto fue muy fuerte, pues Jorge y JP salieron a pedir que les dejen de \u201ctirar barro\u201d y que son v\u00edctimas de una guerra sucia desmedida. De igual forma, han cambiado sus spots publicitarios y los est\u00e1n enfocando en nichos m\u00e1s espec\u00edficos de votantes. Lo que me parece cobarde y c\u00ednico es iniciar con la guerra sucia, pero ahora, cuando te contestan, hacerse la v\u00edctima. En la vida hay que ser lo suficientemente valiente y consecuente, no buscar excusas. Por eso me gusta Trump y otros l\u00edderes de este tipo; son capaces de seguir firmes pese a todos los ataques.<br \/>\nPara rematar, en el debate vicepresidencial, Edmand Lara adopt\u00f3 una postura agresiva en contra de JP. Fue un escenario triste, en donde JP mostr\u00f3 ser para algunos un \u201ccaballero\u201d, para otros un pusil\u00e1nime.<br \/>\nAl terminar dicho debate, de nuevo LIBRE se quej\u00f3 y afirm\u00f3 que solo fueron a ser insultados. \u00bfLara actu\u00f3 con prepotencia y agresividad? Efectivamente. Pero tambi\u00e9n porque \u00e9l fue v\u00edctima de la guerra sucia y sus ganas de \u201cdesquitarse\u201d creo que no pueden ser juzgadas duramente. Despu\u00e9s de todo, LIBRE quiso entrar a un terreno de esta naturaleza; ahora debe estar preparado para aguantar lo que se venga. En la guerra sucia, o te levantas y combates hasta el final, o te desplomas dando una imagen de debilidad. Queda claro que hay muy pocos l\u00edderes con el temple y seguridad de Trump.<\/p>\n","protected":false},"excerpt":{"rendered":"<p>A diferencia de muchos otros, no me opongo a la guerra sucia; creo que es algo com\u00fan en la pol\u00edtica. Tambi\u00e9n muestra qu\u00e9 tan preparado est\u00e1 el candidato para recibir ataques y cu\u00e1l es su capacidad de respuesta. En lo personal, soy admirador de Trump, por lo que discursos duros y crudos en contra del [&hellip;]<\/p>\n","protected":false},"author":1,"featured_media":161834,"comment_status":"closed","ping_status":"open","sticky":false,"template":"","format":"standard","meta":{"_acf_changed":false,"footnotes":""},"categories":[9],"tags":[],"class_list":["post-337497","post","type-post","status-publish","format-standard","has-post-thumbnail","category-opinion"],"acf":{"antetitulo":""},"yoast_head":"<!-- This site is optimized with the Yoast SEO plugin v28.4 - https:\/\/yoast.com\/product\/yoast-seo-wordpress\/ -->\n<title>Respecto a la guerra sucia - El Diario - Bolivia<\/title>\n<meta name=\"robots\" content=\"index, follow, max-snippet:-1, max-image-preview:large, max-video-preview:-1\" \/>\n<link rel=\"canonical\" href=\"https:\/\/www.eldiario.net\/portal\/2025\/10\/11\/respecto-a-la-guerra-sucia\/\" \/>\n<meta property=\"og:locale\" content=\"es_ES\" \/>\n<meta property=\"og:type\" content=\"article\" \/>\n<meta property=\"og:title\" content=\"Respecto a la guerra sucia - El Diario - Bolivia\" \/>\n<meta property=\"og:description\" content=\"A diferencia de muchos otros, no me opongo a la guerra sucia; creo que es algo com\u00fan en la pol\u00edtica. Tambi\u00e9n muestra qu\u00e9 tan preparado est\u00e1 el candidato para recibir ataques y cu\u00e1l es su capacidad de respuesta. En lo personal, soy admirador de Trump, por lo que discursos duros y crudos en contra del [&hellip;]\" \/>\n<meta property=\"og:url\" content=\"https:\/\/www.eldiario.net\/portal\/2025\/10\/11\/respecto-a-la-guerra-sucia\/\" \/>\n<meta property=\"og:site_name\" content=\"El Diario - Bolivia\" \/>\n<meta property=\"article:publisher\" content=\"https:\/\/www.facebook.com\/eldiario.bolivia\/\" \/>\n<meta property=\"article:published_time\" content=\"2025-10-11T11:20:22+00:00\" \/>\n<meta property=\"og:image\" content=\"https:\/\/www.eldiario.net\/portal\/wp-content\/uploads\/2023\/06\/Fabian-Freire.jpg\" \/>\n\t<meta property=\"og:image:width\" content=\"1200\" \/>\n\t<meta property=\"og:image:height\" content=\"628\" \/>\n\t<meta property=\"og:image:type\" content=\"image\/jpeg\" \/>\n<meta name=\"author\" content=\"Jeanette\" \/>\n<meta name=\"twitter:card\" content=\"summary_large_image\" \/>\n<meta name=\"twitter:creator\" content=\"@eldiario_net\" \/>\n<meta name=\"twitter:site\" content=\"@eldiario_net\" \/>\n<meta name=\"twitter:label1\" content=\"Escrito por\" \/>\n\t<meta name=\"twitter:data1\" content=\"Jeanette\" \/>\n\t<meta name=\"twitter:label2\" content=\"Tiempo de lectura\" \/>\n\t<meta name=\"twitter:data2\" content=\"4 minutos\" \/>\n<script type=\"application\/ld+json\" class=\"yoast-schema-graph\">{\"@context\":\"https:\\\/\\\/schema.org\",\"@graph\":[{\"@type\":\"Article\",\"@id\":\"https:\\\/\\\/www.eldiario.net\\\/portal\\\/2025\\\/10\\\/11\\\/respecto-a-la-guerra-sucia\\\/#article\",\"isPartOf\":{\"@id\":\"https:\\\/\\\/www.eldiario.net\\\/portal\\\/2025\\\/10\\\/11\\\/respecto-a-la-guerra-sucia\\\/\"},\"author\":{\"name\":\"Jeanette\",\"@id\":\"https:\\\/\\\/www.eldiario.net\\\/portal\\\/#\\\/schema\\\/person\\\/2c57cf2b7a7ae032e449e4c9b1019eac\"},\"headline\":\"Respecto a la guerra sucia\",\"datePublished\":\"2025-10-11T11:20:22+00:00\",\"mainEntityOfPage\":{\"@id\":\"https:\\\/\\\/www.eldiario.net\\\/portal\\\/2025\\\/10\\\/11\\\/respecto-a-la-guerra-sucia\\\/\"},\"wordCount\":708,\"publisher\":{\"@id\":\"https:\\\/\\\/www.eldiario.net\\\/portal\\\/#organization\"},\"image\":{\"@id\":\"https:\\\/\\\/www.eldiario.net\\\/portal\\\/2025\\\/10\\\/11\\\/respecto-a-la-guerra-sucia\\\/#primaryimage\"},\"thumbnailUrl\":\"https:\\\/\\\/www.eldiario.net\\\/portal\\\/wp-content\\\/uploads\\\/2023\\\/06\\\/Fabian-Freire.jpg\",\"articleSection\":[\"Opini\u00f3n\"],\"inLanguage\":\"es\"},{\"@type\":\"WebPage\",\"@id\":\"https:\\\/\\\/www.eldiario.net\\\/portal\\\/2025\\\/10\\\/11\\\/respecto-a-la-guerra-sucia\\\/\",\"url\":\"https:\\\/\\\/www.eldiario.net\\\/portal\\\/2025\\\/10\\\/11\\\/respecto-a-la-guerra-sucia\\\/\",\"name\":\"Respecto a la guerra sucia - El Diario - Bolivia\",\"isPartOf\":{\"@id\":\"https:\\\/\\\/www.eldiario.net\\\/portal\\\/#website\"},\"primaryImageOfPage\":{\"@id\":\"https:\\\/\\\/www.eldiario.net\\\/portal\\\/2025\\\/10\\\/11\\\/respecto-a-la-guerra-sucia\\\/#primaryimage\"},\"image\":{\"@id\":\"https:\\\/\\\/www.eldiario.net\\\/portal\\\/2025\\\/10\\\/11\\\/respecto-a-la-guerra-sucia\\\/#primaryimage\"},\"thumbnailUrl\":\"https:\\\/\\\/www.eldiario.net\\\/portal\\\/wp-content\\\/uploads\\\/2023\\\/06\\\/Fabian-Freire.jpg\",\"datePublished\":\"2025-10-11T11:20:22+00:00\",\"breadcrumb\":{\"@id\":\"https:\\\/\\\/www.eldiario.net\\\/portal\\\/2025\\\/10\\\/11\\\/respecto-a-la-guerra-sucia\\\/#breadcrumb\"},\"inLanguage\":\"es\",\"potentialAction\":[{\"@type\":\"ReadAction\",\"target\":[\"https:\\\/\\\/www.eldiario.net\\\/portal\\\/2025\\\/10\\\/11\\\/respecto-a-la-guerra-sucia\\\/\"]}]},{\"@type\":\"ImageObject\",\"inLanguage\":\"es\",\"@id\":\"https:\\\/\\\/www.eldiario.net\\\/portal\\\/2025\\\/10\\\/11\\\/respecto-a-la-guerra-sucia\\\/#primaryimage\",\"url\":\"https:\\\/\\\/www.eldiario.net\\\/portal\\\/wp-content\\\/uploads\\\/2023\\\/06\\\/Fabian-Freire.jpg\",\"contentUrl\":\"https:\\\/\\\/www.eldiario.net\\\/portal\\\/wp-content\\\/uploads\\\/2023\\\/06\\\/Fabian-Freire.jpg\",\"width\":1200,\"height\":628,\"caption\":\"Fabian Freire\"},{\"@type\":\"BreadcrumbList\",\"@id\":\"https:\\\/\\\/www.eldiario.net\\\/portal\\\/2025\\\/10\\\/11\\\/respecto-a-la-guerra-sucia\\\/#breadcrumb\",\"itemListElement\":[{\"@type\":\"ListItem\",\"position\":1,\"name\":\"Portada\",\"item\":\"https:\\\/\\\/www.eldiario.net\\\/portal\\\/\"},{\"@type\":\"ListItem\",\"position\":2,\"name\":\"Respecto a la guerra sucia\"}]},{\"@type\":\"WebSite\",\"@id\":\"https:\\\/\\\/www.eldiario.net\\\/portal\\\/#website\",\"url\":\"https:\\\/\\\/www.eldiario.net\\\/portal\\\/\",\"name\":\"El Diario - Decano de la prensa nacional\",\"description\":\"El Diario - Decano de la prensa nacional\",\"publisher\":{\"@id\":\"https:\\\/\\\/www.eldiario.net\\\/portal\\\/#organization\"},\"potentialAction\":[{\"@type\":\"SearchAction\",\"target\":{\"@type\":\"EntryPoint\",\"urlTemplate\":\"https:\\\/\\\/www.eldiario.net\\\/portal\\\/?s={search_term_string}\"},\"query-input\":{\"@type\":\"PropertyValueSpecification\",\"valueRequired\":true,\"valueName\":\"search_term_string\"}}],\"inLanguage\":\"es\"},{\"@type\":\"Organization\",\"@id\":\"https:\\\/\\\/www.eldiario.net\\\/portal\\\/#organization\",\"name\":\"El Diario - Decano de la prensa nacional\",\"url\":\"https:\\\/\\\/www.eldiario.net\\\/portal\\\/\",\"logo\":{\"@type\":\"ImageObject\",\"inLanguage\":\"es\",\"@id\":\"https:\\\/\\\/www.eldiario.net\\\/portal\\\/#\\\/schema\\\/logo\\\/image\\\/\",\"url\":\"https:\\\/\\\/www.eldiario.net\\\/portal\\\/wp-content\\\/uploads\\\/2023\\\/07\\\/logo_ED.jpg\",\"contentUrl\":\"https:\\\/\\\/www.eldiario.net\\\/portal\\\/wp-content\\\/uploads\\\/2023\\\/07\\\/logo_ED.jpg\",\"width\":272,\"height\":52,\"caption\":\"El Diario - Decano de la prensa nacional\"},\"image\":{\"@id\":\"https:\\\/\\\/www.eldiario.net\\\/portal\\\/#\\\/schema\\\/logo\\\/image\\\/\"},\"sameAs\":[\"https:\\\/\\\/www.facebook.com\\\/eldiario.bolivia\\\/\",\"https:\\\/\\\/x.com\\\/eldiario_net\"]},{\"@type\":\"Person\",\"@id\":\"https:\\\/\\\/www.eldiario.net\\\/portal\\\/#\\\/schema\\\/person\\\/2c57cf2b7a7ae032e449e4c9b1019eac\",\"name\":\"Jeanette\",\"image\":{\"@type\":\"ImageObject\",\"inLanguage\":\"es\",\"@id\":\"https:\\\/\\\/secure.gravatar.com\\\/avatar\\\/3ea2118a5f7dad2b7138b1187a6b7ee55f160b9968b66013c3a3ef39dd7e5798?s=96&d=mm&r=g\",\"url\":\"https:\\\/\\\/secure.gravatar.com\\\/avatar\\\/3ea2118a5f7dad2b7138b1187a6b7ee55f160b9968b66013c3a3ef39dd7e5798?s=96&d=mm&r=g\",\"contentUrl\":\"https:\\\/\\\/secure.gravatar.com\\\/avatar\\\/3ea2118a5f7dad2b7138b1187a6b7ee55f160b9968b66013c3a3ef39dd7e5798?s=96&d=mm&r=g\",\"caption\":\"Jeanette\"},\"sameAs\":[\"https:\\\/\\\/www.eldiario.net\\\/portal\"],\"url\":\"https:\\\/\\\/www.eldiario.net\\\/portal\\\/author\\\/jeanette\\\/\"}]}<\/script>\n<!-- \/ Yoast SEO plugin. -->","yoast_head_json":{"title":"Respecto a la guerra sucia - El Diario - Bolivia","robots":{"index":"index","follow":"follow","max-snippet":"max-snippet:-1","max-image-preview":"max-image-preview:large","max-video-preview":"max-video-preview:-1"},"canonical":"https:\/\/www.eldiario.net\/portal\/2025\/10\/11\/respecto-a-la-guerra-sucia\/","og_locale":"es_ES","og_type":"article","og_title":"Respecto a la guerra sucia - El Diario - Bolivia","og_description":"A diferencia de muchos otros, no me opongo a la guerra sucia; creo que es algo com\u00fan en la pol\u00edtica. Tambi\u00e9n muestra qu\u00e9 tan preparado est\u00e1 el candidato para recibir ataques y cu\u00e1l es su capacidad de respuesta. En lo personal, soy admirador de Trump, por lo que discursos duros y crudos en contra del [&hellip;]","og_url":"https:\/\/www.eldiario.net\/portal\/2025\/10\/11\/respecto-a-la-guerra-sucia\/","og_site_name":"El Diario - Bolivia","article_publisher":"https:\/\/www.facebook.com\/eldiario.bolivia\/","article_published_time":"2025-10-11T11:20:22+00:00","og_image":[{"width":1200,"height":628,"url":"https:\/\/www.eldiario.net\/portal\/wp-content\/uploads\/2023\/06\/Fabian-Freire.jpg","type":"image\/jpeg"}],"author":"Jeanette","twitter_card":"summary_large_image","twitter_creator":"@eldiario_net","twitter_site":"@eldiario_net","twitter_misc":{"Escrito por":"Jeanette","Tiempo de lectura":"4 minutos"},"schema":{"@context":"https:\/\/schema.org","@graph":[{"@type":"Article","@id":"https:\/\/www.eldiario.net\/portal\/2025\/10\/11\/respecto-a-la-guerra-sucia\/#article","isPartOf":{"@id":"https:\/\/www.eldiario.net\/portal\/2025\/10\/11\/respecto-a-la-guerra-sucia\/"},"author":{"name":"Jeanette","@id":"https:\/\/www.eldiario.net\/portal\/#\/schema\/person\/2c57cf2b7a7ae032e449e4c9b1019eac"},"headline":"Respecto a la guerra sucia","datePublished":"2025-10-11T11:20:22+00:00","mainEntityOfPage":{"@id":"https:\/\/www.eldiario.net\/portal\/2025\/10\/11\/respecto-a-la-guerra-sucia\/"},"wordCount":708,"publisher":{"@id":"https:\/\/www.eldiario.net\/portal\/#organization"},"image":{"@id":"https:\/\/www.eldiario.net\/portal\/2025\/10\/11\/respecto-a-la-guerra-sucia\/#primaryimage"},"thumbnailUrl":"https:\/\/www.eldiario.net\/portal\/wp-content\/uploads\/2023\/06\/Fabian-Freire.jpg","articleSection":["Opini\u00f3n"],"inLanguage":"es"},{"@type":"WebPage","@id":"https:\/\/www.eldiario.net\/portal\/2025\/10\/11\/respecto-a-la-guerra-sucia\/","url":"https:\/\/www.eldiario.net\/portal\/2025\/10\/11\/respecto-a-la-guerra-sucia\/","name":"Respecto a la guerra sucia - El Diario - Bolivia","isPartOf":{"@id":"https:\/\/www.eldiario.net\/portal\/#website"},"primaryImageOfPage":{"@id":"https:\/\/www.eldiario.net\/portal\/2025\/10\/11\/respecto-a-la-guerra-sucia\/#primaryimage"},"image":{"@id":"https:\/\/www.eldiario.net\/portal\/2025\/10\/11\/respecto-a-la-guerra-sucia\/#primaryimage"},"thumbnailUrl":"https:\/\/www.eldiario.net\/portal\/wp-content\/uploads\/2023\/06\/Fabian-Freire.jpg","datePublished":"2025-10-11T11:20:22+00:00","breadcrumb":{"@id":"https:\/\/www.eldiario.net\/portal\/2025\/10\/11\/respecto-a-la-guerra-sucia\/#breadcrumb"},"inLanguage":"es","potentialAction":[{"@type":"ReadAction","target":["https:\/\/www.eldiario.net\/portal\/2025\/10\/11\/respecto-a-la-guerra-sucia\/"]}]},{"@type":"ImageObject","inLanguage":"es","@id":"https:\/\/www.eldiario.net\/portal\/2025\/10\/11\/respecto-a-la-guerra-sucia\/#primaryimage","url":"https:\/\/www.eldiario.net\/portal\/wp-content\/uploads\/2023\/06\/Fabian-Freire.jpg","contentUrl":"https:\/\/www.eldiario.net\/portal\/wp-content\/uploads\/2023\/06\/Fabian-Freire.jpg","width":1200,"height":628,"caption":"Fabian Freire"},{"@type":"BreadcrumbList","@id":"https:\/\/www.eldiario.net\/portal\/2025\/10\/11\/respecto-a-la-guerra-sucia\/#breadcrumb","itemListElement":[{"@type":"ListItem","position":1,"name":"Portada","item":"https:\/\/www.eldiario.net\/portal\/"},{"@type":"ListItem","position":2,"name":"Respecto a la guerra sucia"}]},{"@type":"WebSite","@id":"https:\/\/www.eldiario.net\/portal\/#website","url":"https:\/\/www.eldiario.net\/portal\/","name":"El Diario - Decano de la prensa nacional","description":"El Diario - Decano de la prensa nacional","publisher":{"@id":"https:\/\/www.eldiario.net\/portal\/#organization"},"potentialAction":[{"@type":"SearchAction","target":{"@type":"EntryPoint","urlTemplate":"https:\/\/www.eldiario.net\/portal\/?s={search_term_string}"},"query-input":{"@type":"PropertyValueSpecification","valueRequired":true,"valueName":"search_term_string"}}],"inLanguage":"es"},{"@type":"Organization","@id":"https:\/\/www.eldiario.net\/portal\/#organization","name":"El Diario - Decano de la prensa nacional","url":"https:\/\/www.eldiario.net\/portal\/","logo":{"@type":"ImageObject","inLanguage":"es","@id":"https:\/\/www.eldiario.net\/portal\/#\/schema\/logo\/image\/","url":"https:\/\/www.eldiario.net\/portal\/wp-content\/uploads\/2023\/07\/logo_ED.jpg","contentUrl":"https:\/\/www.eldiario.net\/portal\/wp-content\/uploads\/2023\/07\/logo_ED.jpg","width":272,"height":52,"caption":"El Diario - Decano de la prensa nacional"},"image":{"@id":"https:\/\/www.eldiario.net\/portal\/#\/schema\/logo\/image\/"},"sameAs":["https:\/\/www.facebook.com\/eldiario.bolivia\/","https:\/\/x.com\/eldiario_net"]},{"@type":"Person","@id":"https:\/\/www.eldiario.net\/portal\/#\/schema\/person\/2c57cf2b7a7ae032e449e4c9b1019eac","name":"Jeanette","image":{"@type":"ImageObject","inLanguage":"es","@id":"https:\/\/secure.gravatar.com\/avatar\/3ea2118a5f7dad2b7138b1187a6b7ee55f160b9968b66013c3a3ef39dd7e5798?s=96&d=mm&r=g","url":"https:\/\/secure.gravatar.com\/avatar\/3ea2118a5f7dad2b7138b1187a6b7ee55f160b9968b66013c3a3ef39dd7e5798?s=96&d=mm&r=g","contentUrl":"https:\/\/secure.gravatar.com\/avatar\/3ea2118a5f7dad2b7138b1187a6b7ee55f160b9968b66013c3a3ef39dd7e5798?s=96&d=mm&r=g","caption":"Jeanette"},"sameAs":["https:\/\/www.eldiario.net\/portal"],"url":"https:\/\/www.eldiario.net\/portal\/author\/jeanette\/"}]}},"_links":{"self":[{"href":"https:\/\/www.eldiario.net\/portal\/wp-json\/wp\/v2\/posts\/337497","targetHints":{"allow":["GET"]}}],"collection":[{"href":"https:\/\/www.eldiario.net\/portal\/wp-json\/wp\/v2\/posts"}],"about":[{"href":"https:\/\/www.eldiario.net\/portal\/wp-json\/wp\/v2\/types\/post"}],"author":[{"embeddable":true,"href":"https:\/\/www.eldiario.net\/portal\/wp-json\/wp\/v2\/users\/1"}],"replies":[{"embeddable":true,"href":"https:\/\/www.eldiario.net\/portal\/wp-json\/wp\/v2\/comments?post=337497"}],"version-history":[{"count":1,"href":"https:\/\/www.eldiario.net\/portal\/wp-json\/wp\/v2\/posts\/337497\/revisions"}],"predecessor-version":[{"id":337498,"href":"https:\/\/www.eldiario.net\/portal\/wp-json\/wp\/v2\/posts\/337497\/revisions\/337498"}],"wp:featuredmedia":[{"embeddable":true,"href":"https:\/\/www.eldiario.net\/portal\/wp-json\/wp\/v2\/media\/161834"}],"wp:attachment":[{"href":"https:\/\/www.eldiario.net\/portal\/wp-json\/wp\/v2\/media?parent=337497"}],"wp:term":[{"taxonomy":"category","embeddable":true,"href":"https:\/\/www.eldiario.net\/portal\/wp-json\/wp\/v2\/categories?post=337497"},{"taxonomy":"post_tag","embeddable":true,"href":"https:\/\/www.eldiario.net\/portal\/wp-json\/wp\/v2\/tags?post=337497"}],"curies":[{"name":"wp","href":"https:\/\/api.w.org\/{rel}","templated":true}]}}