{"id":3373,"date":"2021-05-12T06:17:11","date_gmt":"2021-05-12T10:17:11","guid":{"rendered":"https:\/\/www.eldiario.net\/portal\/?p=3373"},"modified":"2021-05-12T06:17:11","modified_gmt":"2021-05-12T10:17:11","slug":"nueva-investigacion-contra-anez-por-los-mismos-delitos","status":"publish","type":"post","link":"https:\/\/www.eldiario.net\/portal\/2021\/05\/12\/nueva-investigacion-contra-anez-por-los-mismos-delitos\/","title":{"rendered":"Nueva investigaci\u00f3n contra  A\u00f1ez por los mismos delitos"},"content":{"rendered":"<p>Luis Guill\u00e9n, el abogado que patrocina a la expresidenta Jeanine A\u00f1ez confirm\u00f3 ayer que la Fiscal\u00eda admiti\u00f3 un nuevo proceso presentado por el presidente del Senado, Andr\u00f3nico Rodr\u00edguez, por los mismos delitos en el proceso de presunto \u201cgolpe de Estado\u201d.<br \/>\n\u201cUna persona no puede ser juzgada dentro de este pa\u00eds por un mismo hecho, la demanda presentada por Andr\u00f3nico Rodr\u00edguez se\u00f1ala los mismos hechos que ya se est\u00e1n dilucidando en la investigaci\u00f3n sobre supuestos terrorismo, sedici\u00f3n y conspiraci\u00f3n, e incluso il\u00edcitos penales que se repiten dentro de esta demanda\u201d, puntualiz\u00f3 Guill\u00e9n.<br \/>\nGuill\u00e9n afirm\u00f3 que esperar\u00e1n que el Ministerio P\u00fablico defina la calificaci\u00f3n de delitos para asumir las acciones que la ley le franquea. No obstante, A\u00f1ez podr\u00eda ser convocada a prestar su declaraci\u00f3n informativa.<br \/>\nLa denuncia formulada por Rodr\u00edguez plantea los presuntos delitos de resoluciones contra\u00edas a la Constituci\u00f3n Pol\u00edtica del Estado (CPE) y a las leyes, prolongaci\u00f3n de funciones, incumplimiento de deberes y asociaci\u00f3n delictuosa.<br \/>\nActualmente, la expresidenta del Estado guarda detenci\u00f3n preventiva en el Centro de Orientaci\u00f3n Femenina de Miraflores por el caso denominado golpe de Estado, emergente del fraude electoral de 2019 atribuido al Movimiento al Socialismo (MAS).<br \/>\nEl coordinador de la Fiscal\u00eda de La Paz, Sergio Bustillos, confirm\u00f3 el inicio de las investigaciones sobre esta nueva demanda, as\u00ed como la evaluaci\u00f3n que realiza la comisi\u00f3n de fiscales en la perspectiva de arrimar a un solo proceso penal.<br \/>\n\u201cEl Ministerio P\u00fablico ha aperturado (abierto) esta investigaci\u00f3n por el tipo penal de prolongaci\u00f3n de funciones. La se\u00f1ora A\u00f1ez hubiera prolongado sus funciones tanto como presidenta del Senado como tambi\u00e9n as\u00ed asumiendo la presidencia del Estado Plurinacional de Bolivia\u201d, afirm\u00f3 Bustillos.<br \/>\nSeg\u00fan adelant\u00f3 la autoridad del Ministerio P\u00fablico, las determinaciones de la comisi\u00f3n de fiscales sobre si es arrimado, o no, a la investigaci\u00f3n en curso, se conocer\u00e1n en los siguientes d\u00edas dentro los plazos procesales establecidos.<br \/>\nExplic\u00f3 que los indicios de responsabilidad planteados en esta denuncia, presentada por Andr\u00f3nico Rodr\u00edguez, se\u00f1ala informaci\u00f3n recolectada en instancias del Senado Nacional.<\/p>\n","protected":false},"excerpt":{"rendered":"<p>Luis Guill\u00e9n, el abogado que patrocina a la expresidenta Jeanine A\u00f1ez confirm\u00f3 ayer que la Fiscal\u00eda admiti\u00f3 un nuevo proceso presentado por el presidente del Senado, Andr\u00f3nico Rodr\u00edguez, por los mismos delitos en el proceso de presunto \u201cgolpe de Estado\u201d. \u201cUna persona no puede ser juzgada dentro de este pa\u00eds por un mismo hecho, la [&hellip;]<\/p>\n","protected":false},"author":1,"featured_media":3374,"comment_status":"closed","ping_status":"closed","sticky":false,"template":"","format":"standard","meta":{"_acf_changed":false,"footnotes":""},"categories":[39],"tags":[],"class_list":["post-3373","post","type-post","status-publish","format-standard","has-post-thumbnail","category-sociedad"],"acf":{"antetitulo":""},"yoast_head":"<!-- This site is optimized with the Yoast SEO plugin v28.3 - https:\/\/yoast.com\/product\/yoast-seo-wordpress\/ -->\n<title>Nueva investigaci\u00f3n contra A\u00f1ez por los mismos delitos - El Diario - Bolivia<\/title>\n<meta name=\"robots\" content=\"index, follow, max-snippet:-1, max-image-preview:large, max-video-preview:-1\" \/>\n<link rel=\"canonical\" href=\"https:\/\/www.eldiario.net\/portal\/2021\/05\/12\/nueva-investigacion-contra-anez-por-los-mismos-delitos\/\" \/>\n<meta property=\"og:locale\" content=\"es_ES\" \/>\n<meta property=\"og:type\" content=\"article\" \/>\n<meta property=\"og:title\" content=\"Nueva investigaci\u00f3n contra A\u00f1ez por los mismos delitos - El Diario - Bolivia\" \/>\n<meta property=\"og:description\" content=\"Luis Guill\u00e9n, el abogado que patrocina a la expresidenta Jeanine A\u00f1ez confirm\u00f3 ayer que la Fiscal\u00eda admiti\u00f3 un nuevo proceso presentado por el presidente del Senado, Andr\u00f3nico Rodr\u00edguez, por los mismos delitos en el proceso de presunto \u201cgolpe de Estado\u201d. \u201cUna persona no puede ser juzgada dentro de este pa\u00eds por un mismo hecho, la [&hellip;]\" \/>\n<meta property=\"og:url\" content=\"https:\/\/www.eldiario.net\/portal\/2021\/05\/12\/nueva-investigacion-contra-anez-por-los-mismos-delitos\/\" \/>\n<meta property=\"og:site_name\" content=\"El Diario - Bolivia\" \/>\n<meta property=\"article:publisher\" content=\"https:\/\/www.facebook.com\/eldiario.bolivia\/\" \/>\n<meta property=\"article:published_time\" content=\"2021-05-12T10:17:11+00:00\" \/>\n<meta property=\"og:image\" content=\"https:\/\/www.eldiario.net\/portal\/wp-content\/uploads\/2021\/05\/Anez.png\" \/>\n\t<meta property=\"og:image:width\" content=\"750\" \/>\n\t<meta property=\"og:image:height\" content=\"420\" \/>\n\t<meta property=\"og:image:type\" content=\"image\/png\" \/>\n<meta name=\"author\" content=\"Jeanette\" \/>\n<meta name=\"twitter:card\" content=\"summary_large_image\" \/>\n<meta name=\"twitter:creator\" content=\"@eldiario_net\" \/>\n<meta name=\"twitter:site\" content=\"@eldiario_net\" \/>\n<meta name=\"twitter:label1\" content=\"Escrito por\" \/>\n\t<meta name=\"twitter:data1\" content=\"Jeanette\" \/>\n\t<meta name=\"twitter:label2\" content=\"Tiempo de lectura\" \/>\n\t<meta name=\"twitter:data2\" content=\"2 minutos\" \/>\n<script type=\"application\/ld+json\" class=\"yoast-schema-graph\">{\"@context\":\"https:\\\/\\\/schema.org\",\"@graph\":[{\"@type\":\"Article\",\"@id\":\"https:\\\/\\\/www.eldiario.net\\\/portal\\\/2021\\\/05\\\/12\\\/nueva-investigacion-contra-anez-por-los-mismos-delitos\\\/#article\",\"isPartOf\":{\"@id\":\"https:\\\/\\\/www.eldiario.net\\\/portal\\\/2021\\\/05\\\/12\\\/nueva-investigacion-contra-anez-por-los-mismos-delitos\\\/\"},\"author\":{\"name\":\"Jeanette\",\"@id\":\"https:\\\/\\\/www.eldiario.net\\\/portal\\\/#\\\/schema\\\/person\\\/f46445640444750d7d753ccd04ae01b7\"},\"headline\":\"Nueva investigaci\u00f3n contra A\u00f1ez por los mismos delitos\",\"datePublished\":\"2021-05-12T10:17:11+00:00\",\"mainEntityOfPage\":{\"@id\":\"https:\\\/\\\/www.eldiario.net\\\/portal\\\/2021\\\/05\\\/12\\\/nueva-investigacion-contra-anez-por-los-mismos-delitos\\\/\"},\"wordCount\":388,\"publisher\":{\"@id\":\"https:\\\/\\\/www.eldiario.net\\\/portal\\\/#organization\"},\"image\":{\"@id\":\"https:\\\/\\\/www.eldiario.net\\\/portal\\\/2021\\\/05\\\/12\\\/nueva-investigacion-contra-anez-por-los-mismos-delitos\\\/#primaryimage\"},\"thumbnailUrl\":\"https:\\\/\\\/www.eldiario.net\\\/portal\\\/wp-content\\\/uploads\\\/2021\\\/05\\\/Anez.png\",\"articleSection\":[\"Sociedad - Seguridad\"],\"inLanguage\":\"es\"},{\"@type\":\"WebPage\",\"@id\":\"https:\\\/\\\/www.eldiario.net\\\/portal\\\/2021\\\/05\\\/12\\\/nueva-investigacion-contra-anez-por-los-mismos-delitos\\\/\",\"url\":\"https:\\\/\\\/www.eldiario.net\\\/portal\\\/2021\\\/05\\\/12\\\/nueva-investigacion-contra-anez-por-los-mismos-delitos\\\/\",\"name\":\"Nueva investigaci\u00f3n contra A\u00f1ez por los mismos delitos - El Diario - Bolivia\",\"isPartOf\":{\"@id\":\"https:\\\/\\\/www.eldiario.net\\\/portal\\\/#website\"},\"primaryImageOfPage\":{\"@id\":\"https:\\\/\\\/www.eldiario.net\\\/portal\\\/2021\\\/05\\\/12\\\/nueva-investigacion-contra-anez-por-los-mismos-delitos\\\/#primaryimage\"},\"image\":{\"@id\":\"https:\\\/\\\/www.eldiario.net\\\/portal\\\/2021\\\/05\\\/12\\\/nueva-investigacion-contra-anez-por-los-mismos-delitos\\\/#primaryimage\"},\"thumbnailUrl\":\"https:\\\/\\\/www.eldiario.net\\\/portal\\\/wp-content\\\/uploads\\\/2021\\\/05\\\/Anez.png\",\"datePublished\":\"2021-05-12T10:17:11+00:00\",\"breadcrumb\":{\"@id\":\"https:\\\/\\\/www.eldiario.net\\\/portal\\\/2021\\\/05\\\/12\\\/nueva-investigacion-contra-anez-por-los-mismos-delitos\\\/#breadcrumb\"},\"inLanguage\":\"es\",\"potentialAction\":[{\"@type\":\"ReadAction\",\"target\":[\"https:\\\/\\\/www.eldiario.net\\\/portal\\\/2021\\\/05\\\/12\\\/nueva-investigacion-contra-anez-por-los-mismos-delitos\\\/\"]}]},{\"@type\":\"ImageObject\",\"inLanguage\":\"es\",\"@id\":\"https:\\\/\\\/www.eldiario.net\\\/portal\\\/2021\\\/05\\\/12\\\/nueva-investigacion-contra-anez-por-los-mismos-delitos\\\/#primaryimage\",\"url\":\"https:\\\/\\\/www.eldiario.net\\\/portal\\\/wp-content\\\/uploads\\\/2021\\\/05\\\/Anez.png\",\"contentUrl\":\"https:\\\/\\\/www.eldiario.net\\\/portal\\\/wp-content\\\/uploads\\\/2021\\\/05\\\/Anez.png\",\"width\":750,\"height\":420},{\"@type\":\"BreadcrumbList\",\"@id\":\"https:\\\/\\\/www.eldiario.net\\\/portal\\\/2021\\\/05\\\/12\\\/nueva-investigacion-contra-anez-por-los-mismos-delitos\\\/#breadcrumb\",\"itemListElement\":[{\"@type\":\"ListItem\",\"position\":1,\"name\":\"Portada\",\"item\":\"https:\\\/\\\/www.eldiario.net\\\/portal\\\/\"},{\"@type\":\"ListItem\",\"position\":2,\"name\":\"Nueva investigaci\u00f3n contra A\u00f1ez por los mismos delitos\"}]},{\"@type\":\"WebSite\",\"@id\":\"https:\\\/\\\/www.eldiario.net\\\/portal\\\/#website\",\"url\":\"https:\\\/\\\/www.eldiario.net\\\/portal\\\/\",\"name\":\"El Diario - Decano de la prensa nacional\",\"description\":\"El Diario - Decano de la prensa nacional\",\"publisher\":{\"@id\":\"https:\\\/\\\/www.eldiario.net\\\/portal\\\/#organization\"},\"potentialAction\":[{\"@type\":\"SearchAction\",\"target\":{\"@type\":\"EntryPoint\",\"urlTemplate\":\"https:\\\/\\\/www.eldiario.net\\\/portal\\\/?s={search_term_string}\"},\"query-input\":{\"@type\":\"PropertyValueSpecification\",\"valueRequired\":true,\"valueName\":\"search_term_string\"}}],\"inLanguage\":\"es\"},{\"@type\":\"Organization\",\"@id\":\"https:\\\/\\\/www.eldiario.net\\\/portal\\\/#organization\",\"name\":\"El Diario - Decano de la prensa nacional\",\"url\":\"https:\\\/\\\/www.eldiario.net\\\/portal\\\/\",\"logo\":{\"@type\":\"ImageObject\",\"inLanguage\":\"es\",\"@id\":\"https:\\\/\\\/www.eldiario.net\\\/portal\\\/#\\\/schema\\\/logo\\\/image\\\/\",\"url\":\"https:\\\/\\\/www.eldiario.net\\\/portal\\\/wp-content\\\/uploads\\\/2023\\\/07\\\/logo_ED.jpg\",\"contentUrl\":\"https:\\\/\\\/www.eldiario.net\\\/portal\\\/wp-content\\\/uploads\\\/2023\\\/07\\\/logo_ED.jpg\",\"width\":272,\"height\":52,\"caption\":\"El Diario - Decano de la prensa nacional\"},\"image\":{\"@id\":\"https:\\\/\\\/www.eldiario.net\\\/portal\\\/#\\\/schema\\\/logo\\\/image\\\/\"},\"sameAs\":[\"https:\\\/\\\/www.facebook.com\\\/eldiario.bolivia\\\/\",\"https:\\\/\\\/x.com\\\/eldiario_net\"]},{\"@type\":\"Person\",\"@id\":\"https:\\\/\\\/www.eldiario.net\\\/portal\\\/#\\\/schema\\\/person\\\/f46445640444750d7d753ccd04ae01b7\",\"name\":\"Jeanette\",\"image\":{\"@type\":\"ImageObject\",\"inLanguage\":\"es\",\"@id\":\"https:\\\/\\\/secure.gravatar.com\\\/avatar\\\/3ea2118a5f7dad2b7138b1187a6b7ee55f160b9968b66013c3a3ef39dd7e5798?s=96&d=mm&r=g\",\"url\":\"https:\\\/\\\/secure.gravatar.com\\\/avatar\\\/3ea2118a5f7dad2b7138b1187a6b7ee55f160b9968b66013c3a3ef39dd7e5798?s=96&d=mm&r=g\",\"contentUrl\":\"https:\\\/\\\/secure.gravatar.com\\\/avatar\\\/3ea2118a5f7dad2b7138b1187a6b7ee55f160b9968b66013c3a3ef39dd7e5798?s=96&d=mm&r=g\",\"caption\":\"Jeanette\"},\"sameAs\":[\"https:\\\/\\\/www.eldiario.net\\\/portal\"],\"url\":\"https:\\\/\\\/www.eldiario.net\\\/portal\\\/author\\\/jeanette\\\/\"}]}<\/script>\n<!-- \/ Yoast SEO plugin. -->","yoast_head_json":{"title":"Nueva investigaci\u00f3n contra A\u00f1ez por los mismos delitos - El Diario - Bolivia","robots":{"index":"index","follow":"follow","max-snippet":"max-snippet:-1","max-image-preview":"max-image-preview:large","max-video-preview":"max-video-preview:-1"},"canonical":"https:\/\/www.eldiario.net\/portal\/2021\/05\/12\/nueva-investigacion-contra-anez-por-los-mismos-delitos\/","og_locale":"es_ES","og_type":"article","og_title":"Nueva investigaci\u00f3n contra A\u00f1ez por los mismos delitos - El Diario - Bolivia","og_description":"Luis Guill\u00e9n, el abogado que patrocina a la expresidenta Jeanine A\u00f1ez confirm\u00f3 ayer que la Fiscal\u00eda admiti\u00f3 un nuevo proceso presentado por el presidente del Senado, Andr\u00f3nico Rodr\u00edguez, por los mismos delitos en el proceso de presunto \u201cgolpe de Estado\u201d. \u201cUna persona no puede ser juzgada dentro de este pa\u00eds por un mismo hecho, la [&hellip;]","og_url":"https:\/\/www.eldiario.net\/portal\/2021\/05\/12\/nueva-investigacion-contra-anez-por-los-mismos-delitos\/","og_site_name":"El Diario - Bolivia","article_publisher":"https:\/\/www.facebook.com\/eldiario.bolivia\/","article_published_time":"2021-05-12T10:17:11+00:00","og_image":[{"width":750,"height":420,"url":"https:\/\/www.eldiario.net\/portal\/wp-content\/uploads\/2021\/05\/Anez.png","type":"image\/png"}],"author":"Jeanette","twitter_card":"summary_large_image","twitter_creator":"@eldiario_net","twitter_site":"@eldiario_net","twitter_misc":{"Escrito por":"Jeanette","Tiempo de lectura":"2 minutos"},"schema":{"@context":"https:\/\/schema.org","@graph":[{"@type":"Article","@id":"https:\/\/www.eldiario.net\/portal\/2021\/05\/12\/nueva-investigacion-contra-anez-por-los-mismos-delitos\/#article","isPartOf":{"@id":"https:\/\/www.eldiario.net\/portal\/2021\/05\/12\/nueva-investigacion-contra-anez-por-los-mismos-delitos\/"},"author":{"name":"Jeanette","@id":"https:\/\/www.eldiario.net\/portal\/#\/schema\/person\/f46445640444750d7d753ccd04ae01b7"},"headline":"Nueva investigaci\u00f3n contra A\u00f1ez por los mismos delitos","datePublished":"2021-05-12T10:17:11+00:00","mainEntityOfPage":{"@id":"https:\/\/www.eldiario.net\/portal\/2021\/05\/12\/nueva-investigacion-contra-anez-por-los-mismos-delitos\/"},"wordCount":388,"publisher":{"@id":"https:\/\/www.eldiario.net\/portal\/#organization"},"image":{"@id":"https:\/\/www.eldiario.net\/portal\/2021\/05\/12\/nueva-investigacion-contra-anez-por-los-mismos-delitos\/#primaryimage"},"thumbnailUrl":"https:\/\/www.eldiario.net\/portal\/wp-content\/uploads\/2021\/05\/Anez.png","articleSection":["Sociedad - Seguridad"],"inLanguage":"es"},{"@type":"WebPage","@id":"https:\/\/www.eldiario.net\/portal\/2021\/05\/12\/nueva-investigacion-contra-anez-por-los-mismos-delitos\/","url":"https:\/\/www.eldiario.net\/portal\/2021\/05\/12\/nueva-investigacion-contra-anez-por-los-mismos-delitos\/","name":"Nueva investigaci\u00f3n contra A\u00f1ez por los mismos delitos - El Diario - Bolivia","isPartOf":{"@id":"https:\/\/www.eldiario.net\/portal\/#website"},"primaryImageOfPage":{"@id":"https:\/\/www.eldiario.net\/portal\/2021\/05\/12\/nueva-investigacion-contra-anez-por-los-mismos-delitos\/#primaryimage"},"image":{"@id":"https:\/\/www.eldiario.net\/portal\/2021\/05\/12\/nueva-investigacion-contra-anez-por-los-mismos-delitos\/#primaryimage"},"thumbnailUrl":"https:\/\/www.eldiario.net\/portal\/wp-content\/uploads\/2021\/05\/Anez.png","datePublished":"2021-05-12T10:17:11+00:00","breadcrumb":{"@id":"https:\/\/www.eldiario.net\/portal\/2021\/05\/12\/nueva-investigacion-contra-anez-por-los-mismos-delitos\/#breadcrumb"},"inLanguage":"es","potentialAction":[{"@type":"ReadAction","target":["https:\/\/www.eldiario.net\/portal\/2021\/05\/12\/nueva-investigacion-contra-anez-por-los-mismos-delitos\/"]}]},{"@type":"ImageObject","inLanguage":"es","@id":"https:\/\/www.eldiario.net\/portal\/2021\/05\/12\/nueva-investigacion-contra-anez-por-los-mismos-delitos\/#primaryimage","url":"https:\/\/www.eldiario.net\/portal\/wp-content\/uploads\/2021\/05\/Anez.png","contentUrl":"https:\/\/www.eldiario.net\/portal\/wp-content\/uploads\/2021\/05\/Anez.png","width":750,"height":420},{"@type":"BreadcrumbList","@id":"https:\/\/www.eldiario.net\/portal\/2021\/05\/12\/nueva-investigacion-contra-anez-por-los-mismos-delitos\/#breadcrumb","itemListElement":[{"@type":"ListItem","position":1,"name":"Portada","item":"https:\/\/www.eldiario.net\/portal\/"},{"@type":"ListItem","position":2,"name":"Nueva investigaci\u00f3n contra A\u00f1ez por los mismos delitos"}]},{"@type":"WebSite","@id":"https:\/\/www.eldiario.net\/portal\/#website","url":"https:\/\/www.eldiario.net\/portal\/","name":"El Diario - Decano de la prensa nacional","description":"El Diario - Decano de la prensa nacional","publisher":{"@id":"https:\/\/www.eldiario.net\/portal\/#organization"},"potentialAction":[{"@type":"SearchAction","target":{"@type":"EntryPoint","urlTemplate":"https:\/\/www.eldiario.net\/portal\/?s={search_term_string}"},"query-input":{"@type":"PropertyValueSpecification","valueRequired":true,"valueName":"search_term_string"}}],"inLanguage":"es"},{"@type":"Organization","@id":"https:\/\/www.eldiario.net\/portal\/#organization","name":"El Diario - Decano de la prensa nacional","url":"https:\/\/www.eldiario.net\/portal\/","logo":{"@type":"ImageObject","inLanguage":"es","@id":"https:\/\/www.eldiario.net\/portal\/#\/schema\/logo\/image\/","url":"https:\/\/www.eldiario.net\/portal\/wp-content\/uploads\/2023\/07\/logo_ED.jpg","contentUrl":"https:\/\/www.eldiario.net\/portal\/wp-content\/uploads\/2023\/07\/logo_ED.jpg","width":272,"height":52,"caption":"El Diario - Decano de la prensa nacional"},"image":{"@id":"https:\/\/www.eldiario.net\/portal\/#\/schema\/logo\/image\/"},"sameAs":["https:\/\/www.facebook.com\/eldiario.bolivia\/","https:\/\/x.com\/eldiario_net"]},{"@type":"Person","@id":"https:\/\/www.eldiario.net\/portal\/#\/schema\/person\/f46445640444750d7d753ccd04ae01b7","name":"Jeanette","image":{"@type":"ImageObject","inLanguage":"es","@id":"https:\/\/secure.gravatar.com\/avatar\/3ea2118a5f7dad2b7138b1187a6b7ee55f160b9968b66013c3a3ef39dd7e5798?s=96&d=mm&r=g","url":"https:\/\/secure.gravatar.com\/avatar\/3ea2118a5f7dad2b7138b1187a6b7ee55f160b9968b66013c3a3ef39dd7e5798?s=96&d=mm&r=g","contentUrl":"https:\/\/secure.gravatar.com\/avatar\/3ea2118a5f7dad2b7138b1187a6b7ee55f160b9968b66013c3a3ef39dd7e5798?s=96&d=mm&r=g","caption":"Jeanette"},"sameAs":["https:\/\/www.eldiario.net\/portal"],"url":"https:\/\/www.eldiario.net\/portal\/author\/jeanette\/"}]}},"_links":{"self":[{"href":"https:\/\/www.eldiario.net\/portal\/wp-json\/wp\/v2\/posts\/3373","targetHints":{"allow":["GET"]}}],"collection":[{"href":"https:\/\/www.eldiario.net\/portal\/wp-json\/wp\/v2\/posts"}],"about":[{"href":"https:\/\/www.eldiario.net\/portal\/wp-json\/wp\/v2\/types\/post"}],"author":[{"embeddable":true,"href":"https:\/\/www.eldiario.net\/portal\/wp-json\/wp\/v2\/users\/1"}],"replies":[{"embeddable":true,"href":"https:\/\/www.eldiario.net\/portal\/wp-json\/wp\/v2\/comments?post=3373"}],"version-history":[{"count":0,"href":"https:\/\/www.eldiario.net\/portal\/wp-json\/wp\/v2\/posts\/3373\/revisions"}],"wp:featuredmedia":[{"embeddable":true,"href":"https:\/\/www.eldiario.net\/portal\/wp-json\/wp\/v2\/media\/3374"}],"wp:attachment":[{"href":"https:\/\/www.eldiario.net\/portal\/wp-json\/wp\/v2\/media?parent=3373"}],"wp:term":[{"taxonomy":"category","embeddable":true,"href":"https:\/\/www.eldiario.net\/portal\/wp-json\/wp\/v2\/categories?post=3373"},{"taxonomy":"post_tag","embeddable":true,"href":"https:\/\/www.eldiario.net\/portal\/wp-json\/wp\/v2\/tags?post=3373"}],"curies":[{"name":"wp","href":"https:\/\/api.w.org\/{rel}","templated":true}]}}