{"id":337180,"date":"2025-10-10T00:57:18","date_gmt":"2025-10-10T04:57:18","guid":{"rendered":"https:\/\/www.eldiario.net\/portal\/?p=337180"},"modified":"2025-10-09T22:58:27","modified_gmt":"2025-10-10T02:58:27","slug":"el-desarrollo-de-la-atencion-y-su-relacion-con-la-tecnologia-2","status":"publish","type":"post","link":"https:\/\/www.eldiario.net\/portal\/2025\/10\/10\/el-desarrollo-de-la-atencion-y-su-relacion-con-la-tecnologia-2\/","title":{"rendered":"El desarrollo de la atenci\u00f3n Y su relaci\u00f3n con la tecnolog\u00eda"},"content":{"rendered":"<p><strong>Por. Equipo editor<\/strong><\/p>\n<p>&nbsp;<\/p>\n<p><strong>Recordemos que\u2026<\/strong><\/p>\n<p>&nbsp;<\/p>\n<p>La atenci\u00f3n es un proceso cognitivo complejo y fundamental que act\u00faa como un mecanismo de selecci\u00f3n y focalizaci\u00f3n de nuestra consciencia. Nos permite filtrar la enorme cantidad de est\u00edmulos que recibimos del entorno (sonidos, im\u00e1genes, olores) y de nuestro propio mundo interno (pensamientos, emociones, recuerdos), para concentrarnos en la informaci\u00f3n que es relevante en un momento dado. Es la puerta de entrada al aprendizaje y a la memoria; sin atenci\u00f3n, la informaci\u00f3n simplemente no se procesa de manera efectiva.<\/p>\n<p>&nbsp;<\/p>\n<p>Por otra parte, si consideramos la perspectiva de la neurociencia, la atenci\u00f3n no es una funci\u00f3n \u00fanica y monol\u00edtica, sino un conjunto de procesos neuronales interconectados. Se define como la capacidad del cerebro para seleccionar y modular la informaci\u00f3n sensorial y cognitiva, amplificando las se\u00f1ales relevantes y suprimiendo las distracciones. Este proceso no ocurre en un solo lugar del cerebro, sino que es el resultado de la comunicaci\u00f3n sincronizada entre diversas redes neuronales.<\/p>\n<p>&nbsp;<\/p>\n<p><strong>Factores negativos de la tecnolog\u00eda en la atenci\u00f3n<\/strong><\/p>\n<p>&nbsp;<\/p>\n<p>Los factores negativos de la tecnolog\u00eda en la atenci\u00f3n son claros y se basan en la neuroplasticidad negativa del cerebro, es decir, c\u00f3mo los h\u00e1bitos digitales reconfiguran las redes neuronales responsables de la concentraci\u00f3n profunda y el control ejecutivo.<\/p>\n<p>&nbsp;<\/p>\n<p>Desde la neurociencia, la preocupaci\u00f3n no es la herramienta tecnol\u00f3gica en s\u00ed, sino el uso y el dise\u00f1o de las plataformas que promueven la fragmentaci\u00f3n de la atenci\u00f3n (atenci\u00f3n alternada) en detrimento de la atenci\u00f3n sostenida (concentraci\u00f3n profunda).<\/p>\n<p>&nbsp;<\/p>\n<ol>\n<li><strong> El costo cognitivo del multitasking digital (Switching)<\/strong><\/li>\n<\/ol>\n<p>&nbsp;<\/p>\n<p>El factor m\u00e1s perjudicial es la multitarea digital (digital multitasking), que consiste en alternar r\u00e1pidamente entre diferentes dispositivos o tareas (por ejemplo, estudiar mientras se responde un chat y se revisa una red social).<\/p>\n<p>&nbsp;<\/p>\n<table>\n<tbody>\n<tr>\n<td width=\"189\"><strong>Concepto clave<\/strong><\/td>\n<td width=\"189\"><strong>Explicaci\u00f3n neurocient\u00edfica<\/strong><\/td>\n<td width=\"189\"><strong>Consecuencias en la atenci\u00f3n<\/strong><\/td>\n<\/tr>\n<tr>\n<td width=\"189\"><strong>El cerebro no es multitarea<\/strong><\/td>\n<td width=\"189\">El cerebro humano no realiza dos tareas cognitivas complejas al mismo tiempo; en su lugar, realiza un \u00abcambio de tarea\u00bb (task switching).<\/td>\n<td width=\"189\">El constante costo de cambio de tarea consume grandes cantidades de glucosa (energ\u00eda cerebral) y genera fatiga mental y estr\u00e9s atencional.<\/td>\n<\/tr>\n<tr>\n<td width=\"189\"><strong>Interferencia y olvido<\/strong><\/td>\n<td width=\"189\">La transici\u00f3n r\u00e1pida deja fragmentos de informaci\u00f3n de la tarea anterior en la memoria de trabajo, lo que interfiere con el procesamiento de la nueva tarea.<\/td>\n<td width=\"189\">Menor calidad y velocidad de ejecuci\u00f3n, aumento de errores y, lo m\u00e1s grave, dificultad para codificar informaci\u00f3n en la memoria a largo plazo (afectando directamente el aprendizaje).<\/td>\n<\/tr>\n<tr>\n<td width=\"189\"><strong>Drenaje cognitivo<\/strong><\/td>\n<td width=\"189\">La mera presencia del dispositivo, incluso sin usarlo, drena recursos cognitivos, ya que el cerebro tiene que inhibir constantemente el impulso de revisarlo.<\/td>\n<td width=\"189\">Disminuci\u00f3n medible de la capacidad de atenci\u00f3n sostenida y la memoria de trabajo (working memory).<\/td>\n<\/tr>\n<\/tbody>\n<\/table>\n<p>&nbsp;<\/p>\n<ol start=\"2\">\n<li><strong> El refuerzo intermitente y el sistema de recompensa<\/strong><\/li>\n<\/ol>\n<p>&nbsp;<\/p>\n<p>Las aplicaciones y redes sociales est\u00e1n dise\u00f1adas para generar un bucle de retroalimentaci\u00f3n constante basado en la dopamina, una neurohormona clave en el sistema de recompensa y motivaci\u00f3n.<\/p>\n<p>&nbsp;<\/p>\n<ul>\n<li><strong>Notificaciones Constantes.<\/strong> Cada notificaci\u00f3n (sonido, vibraci\u00f3n, pop-up) act\u00faa como un est\u00edmulo de recompensa impredecible (refuerzo intermitente), similar a una m\u00e1quina tragaperras. Este dise\u00f1o obliga al cerebro a priorizar el est\u00edmulo inmediato (la notificaci\u00f3n) sobre la tarea que requiere esfuerzo prolongado (el estudio o trabajo).<\/li>\n<\/ul>\n<p>&nbsp;<\/p>\n<ul>\n<li><strong>Adicci\u00f3n Conductual.<\/strong> La b\u00fasqueda de esta recompensa dopamin\u00e9rgica inmediata reconfigura los circuitos cerebrales. La persona se vuelve menos tolerante al aburrimiento o a las tareas que requieren esfuerzo sostenido sin retroalimentaci\u00f3n instant\u00e1nea, entrenando al cerebro a ser un buscador de novedades en lugar de un concentrador.<\/li>\n<\/ul>\n<p>&nbsp;<\/p>\n<ul>\n<li><strong>Atenci\u00f3n Fragmentada.<\/strong> Se favorece un tipo de pensamiento \u00abzapping\u00bb o superficial, en el que la profundidad de an\u00e1lisis se sacrifica por la velocidad y la cantidad de est\u00edmulos procesados. Esto empobrece la capacidad de s\u00edntesis y el razonamiento complejo.<\/li>\n<\/ul>\n<p>&nbsp;<\/p>\n<ol start=\"3\">\n<li><strong> Deterioro de las funciones ejecutivas<\/strong><\/li>\n<\/ol>\n<p>&nbsp;<\/p>\n<p>El uso excesivo y no regulado de tecnolog\u00eda a edades tempranas puede impactar directamente el desarrollo de las Funciones Ejecutivas (FE), que son habilidades cognitivas superiores controladas principalmente por la corteza prefrontal.<\/p>\n<p>&nbsp;<\/p>\n<ul>\n<li><strong>Menor autocontrol e impulsividad.<\/strong> Las FE incluyen la inhibici\u00f3n de respuestas (autocontrol). La constante estimulaci\u00f3n digital refuerza la necesidad de la gratificaci\u00f3n inmediata, debilitando el \u00abfreno\u00bb cerebral necesario para inhibir la distracci\u00f3n y mantener el enfoque en objetivos a largo plazo.<\/li>\n<\/ul>\n<p>&nbsp;<\/p>\n<ul>\n<li><strong>Problemas de planificaci\u00f3n y organizaci\u00f3n.<\/strong> La tendencia a \u00absaltar\u00bb entre tareas dificulta el desarrollo de la habilidad para planificar, secuenciar y jerarquizar las tareas de manera efectiva, lo cual es esencial para el rendimiento acad\u00e9mico y profesional.<\/li>\n<\/ul>\n<p>&nbsp;<\/p>\n<ul>\n<li><strong>Impacto en el sue\u00f1o.<\/strong> La luz azul de las pantallas, especialmente antes de acostarse, inhibe la producci\u00f3n de melatonina, la hormona reguladora del sue\u00f1o (ritmo circadiano). Un sue\u00f1o de mala calidad es el enemigo n\u00famero uno de la atenci\u00f3n, la memoria y el rendimiento cognitivo al d\u00eda siguiente.<\/li>\n<\/ul>\n<p>&nbsp;<\/p>\n<p>La neuroeducaci\u00f3n nos ense\u00f1a que la calidad de la atenci\u00f3n est\u00e1 en juego. Estamos entrenando a un cerebro para la rapidez superficial y el salto constante, lo cual es excelente para un entorno digital, pero perjudicial para el pensamiento profundo, la memoria de trabajo y el aprendizaje significativo.<\/p>\n\r\n                <style type=\"text\/css\">\r\n                    \r\n                    #tdi_1  .td-doubleSlider-2 .td-item1 {\r\n                        background: url(https:\/\/www.eldiario.net\/portal\/wp-content\/uploads\/2025\/10\/Bio-Sistema-de-recompensa-80x60.webp) 0 0 no-repeat;\r\n                    }\r\n                    #tdi_1  .td-doubleSlider-2 .td-item2 {\r\n                        background: url(https:\/\/www.eldiario.net\/portal\/wp-content\/uploads\/2025\/10\/Bio-Costo-cognitivo-del-multitasking-digital-80x60.webp) 0 0 no-repeat;\r\n                    }\r\n                    #tdi_1  .td-doubleSlider-2 .td-item3 {\r\n                        background: url(https:\/\/www.eldiario.net\/portal\/wp-content\/uploads\/2025\/10\/Bio-Funciones-ejecutivas-80x60.webp) 0 0 no-repeat;\r\n                    }\r\n                <\/style>\r\n\r\n                <div id=\"tdi_1\" class=\"td-gallery td-slide-on-2-columns\">\r\n                    <div class=\"post_td_gallery\">\r\n                        <div class=\"td-gallery-slide-top\">\r\n                           <div class=\"td-gallery-title\"><\/div>\r\n\r\n                            <div class=\"td-gallery-controls-wrapper\">\r\n                                <div class=\"td-gallery-slide-count\"><span class=\"td-gallery-slide-item-focus\">1<\/span> de 3<\/div>\r\n                                <div class=\"td-gallery-slide-prev-next-but\">\r\n                                    <i class = \"td-icon-left doubleSliderPrevButton\"><\/i>\r\n                                    <i class = \"td-icon-right doubleSliderNextButton\"><\/i>\r\n                                <\/div>\r\n                            <\/div>\r\n                        <\/div>\r\n\r\n                        <div class = \"td-doubleSlider-1 \">\r\n                            <div class = \"td-slider\">\r\n                                \r\n                    <div class = \"td-slide-item td-item1\">\r\n                        <figure class=\"td-slide-galery-figure td-slide-popup-gallery\">\r\n                            <a class=\"slide-gallery-image-link\" href=\"https:\/\/www.eldiario.net\/portal\/wp-content\/uploads\/2025\/10\/Bio-Sistema-de-recompensa.webp\" title=\"Bio---Sistema-de-recompensa\"  data-caption=\"\"  data-description=\"\">\r\n                                <img decoding=\"async\" src=\"https:\/\/www.eldiario.net\/portal\/wp-content\/uploads\/2025\/10\/Bio-Sistema-de-recompensa-630x420.webp\" srcset=\"https:\/\/www.eldiario.net\/portal\/wp-content\/uploads\/2025\/10\/Bio-Sistema-de-recompensa-630x420.webp 630w, https:\/\/www.eldiario.net\/portal\/wp-content\/uploads\/2025\/10\/Bio-Sistema-de-recompensa-300x200.webp 300w, https:\/\/www.eldiario.net\/portal\/wp-content\/uploads\/2025\/10\/Bio-Sistema-de-recompensa-1024x683.webp 1024w, https:\/\/www.eldiario.net\/portal\/wp-content\/uploads\/2025\/10\/Bio-Sistema-de-recompensa-768x512.webp 768w, https:\/\/www.eldiario.net\/portal\/wp-content\/uploads\/2025\/10\/Bio-Sistema-de-recompensa-150x100.webp 150w, https:\/\/www.eldiario.net\/portal\/wp-content\/uploads\/2025\/10\/Bio-Sistema-de-recompensa-696x464.webp 696w, https:\/\/www.eldiario.net\/portal\/wp-content\/uploads\/2025\/10\/Bio-Sistema-de-recompensa-1068x712.webp 1068w, https:\/\/www.eldiario.net\/portal\/wp-content\/uploads\/2025\/10\/Bio-Sistema-de-recompensa.webp 1440w\" sizes=\"(max-width: 630px) 100vw, 630px\" alt=\"\">\r\n                            <\/a>\r\n                            \r\n                        <\/figure>\r\n                    <\/div>\r\n                    <div class = \"td-slide-item td-item2\">\r\n                        <figure class=\"td-slide-galery-figure td-slide-popup-gallery\">\r\n                            <a class=\"slide-gallery-image-link\" href=\"https:\/\/www.eldiario.net\/portal\/wp-content\/uploads\/2025\/10\/Bio-Costo-cognitivo-del-multitasking-digital.webp\" title=\"Bio - Costo cognitivo del multitasking digital\"  data-caption=\"\"  data-description=\"\">\r\n                                <img decoding=\"async\" src=\"https:\/\/www.eldiario.net\/portal\/wp-content\/uploads\/2025\/10\/Bio-Costo-cognitivo-del-multitasking-digital-672x420.webp\" srcset=\"https:\/\/www.eldiario.net\/portal\/wp-content\/uploads\/2025\/10\/Bio-Costo-cognitivo-del-multitasking-digital-672x420.webp 672w, https:\/\/www.eldiario.net\/portal\/wp-content\/uploads\/2025\/10\/Bio-Costo-cognitivo-del-multitasking-digital-300x188.webp 300w, https:\/\/www.eldiario.net\/portal\/wp-content\/uploads\/2025\/10\/Bio-Costo-cognitivo-del-multitasking-digital-1024x640.webp 1024w, https:\/\/www.eldiario.net\/portal\/wp-content\/uploads\/2025\/10\/Bio-Costo-cognitivo-del-multitasking-digital-768x480.webp 768w, https:\/\/www.eldiario.net\/portal\/wp-content\/uploads\/2025\/10\/Bio-Costo-cognitivo-del-multitasking-digital-150x94.webp 150w, https:\/\/www.eldiario.net\/portal\/wp-content\/uploads\/2025\/10\/Bio-Costo-cognitivo-del-multitasking-digital-696x435.webp 696w, https:\/\/www.eldiario.net\/portal\/wp-content\/uploads\/2025\/10\/Bio-Costo-cognitivo-del-multitasking-digital-1068x668.webp 1068w, https:\/\/www.eldiario.net\/portal\/wp-content\/uploads\/2025\/10\/Bio-Costo-cognitivo-del-multitasking-digital.webp 1280w\" sizes=\"(max-width: 672px) 100vw, 672px\" alt=\"\">\r\n                            <\/a>\r\n                            \r\n                        <\/figure>\r\n                    <\/div>\r\n                    <div class = \"td-slide-item td-item3\">\r\n                        <figure class=\"td-slide-galery-figure td-slide-popup-gallery\">\r\n                            <a class=\"slide-gallery-image-link\" href=\"https:\/\/www.eldiario.net\/portal\/wp-content\/uploads\/2025\/10\/Bio-Funciones-ejecutivas.webp\" title=\"Bio - Funciones ejecutivas\"  data-caption=\"\"  data-description=\"\">\r\n                                <img decoding=\"async\" src=\"https:\/\/www.eldiario.net\/portal\/wp-content\/uploads\/2025\/10\/Bio-Funciones-ejecutivas.webp\" srcset=\"https:\/\/www.eldiario.net\/portal\/wp-content\/uploads\/2025\/10\/Bio-Funciones-ejecutivas.webp 275w, https:\/\/www.eldiario.net\/portal\/wp-content\/uploads\/2025\/10\/Bio-Funciones-ejecutivas-150x100.webp 150w\" sizes=\"(max-width: 275px) 100vw, 275px\" alt=\"\">\r\n                            <\/a>\r\n                            \r\n                        <\/figure>\r\n                    <\/div>\r\n                            <\/div>\r\n                        <\/div>\r\n\r\n                        <div class = \"td-doubleSlider-2\">\r\n                            <div class = \"td-slider\">\r\n                                \r\n                    <div class = \"td-button td-item1\">\r\n                        <div class = \"td-border\"><\/div>\r\n                    <\/div>\r\n                    <div class = \"td-button td-item2\">\r\n                        <div class = \"td-border\"><\/div>\r\n                    <\/div>\r\n                    <div class = \"td-button td-item3\">\r\n                        <div class = \"td-border\"><\/div>\r\n                    <\/div>\r\n                            <\/div>\r\n                        <\/div>\r\n\r\n                    <\/div>\r\n\r\n                <\/div>\r\n                \n","protected":false},"excerpt":{"rendered":"<p>Por. Equipo editor &nbsp; Recordemos que\u2026 &nbsp; La atenci\u00f3n es un proceso cognitivo complejo y fundamental que act\u00faa como un mecanismo de selecci\u00f3n y focalizaci\u00f3n de nuestra consciencia. Nos permite filtrar la enorme cantidad de est\u00edmulos que recibimos del entorno (sonidos, im\u00e1genes, olores) y de nuestro propio mundo interno (pensamientos, emociones, recuerdos), para concentrarnos en [&hellip;]<\/p>\n","protected":false},"author":1,"featured_media":337182,"comment_status":"closed","ping_status":"open","sticky":false,"template":"","format":"standard","meta":{"_acf_changed":false,"footnotes":""},"categories":[43],"tags":[],"class_list":["post-337180","post","type-post","status-publish","format-standard","has-post-thumbnail","category-nuevos-horizontes"],"acf":{"antetitulo":"Segunda Parte"},"yoast_head":"<!-- This site is optimized with the Yoast SEO plugin v28.4 - https:\/\/yoast.com\/product\/yoast-seo-wordpress\/ -->\n<title>El desarrollo de la atenci\u00f3n Y su relaci\u00f3n con la tecnolog\u00eda - El Diario - Bolivia<\/title>\n<meta name=\"robots\" content=\"index, follow, max-snippet:-1, max-image-preview:large, max-video-preview:-1\" \/>\n<link rel=\"canonical\" href=\"https:\/\/www.eldiario.net\/portal\/2025\/10\/10\/el-desarrollo-de-la-atencion-y-su-relacion-con-la-tecnologia-2\/\" \/>\n<meta property=\"og:locale\" content=\"es_ES\" \/>\n<meta property=\"og:type\" content=\"article\" \/>\n<meta property=\"og:title\" content=\"El desarrollo de la atenci\u00f3n Y su relaci\u00f3n con la tecnolog\u00eda - El Diario - Bolivia\" \/>\n<meta property=\"og:description\" content=\"Por. Equipo editor &nbsp; Recordemos que\u2026 &nbsp; La atenci\u00f3n es un proceso cognitivo complejo y fundamental que act\u00faa como un mecanismo de selecci\u00f3n y focalizaci\u00f3n de nuestra consciencia. Nos permite filtrar la enorme cantidad de est\u00edmulos que recibimos del entorno (sonidos, im\u00e1genes, olores) y de nuestro propio mundo interno (pensamientos, emociones, recuerdos), para concentrarnos en [&hellip;]\" \/>\n<meta property=\"og:url\" content=\"https:\/\/www.eldiario.net\/portal\/2025\/10\/10\/el-desarrollo-de-la-atencion-y-su-relacion-con-la-tecnologia-2\/\" \/>\n<meta property=\"og:site_name\" content=\"El Diario - Bolivia\" \/>\n<meta property=\"article:publisher\" content=\"https:\/\/www.facebook.com\/eldiario.bolivia\/\" \/>\n<meta property=\"article:published_time\" content=\"2025-10-10T04:57:18+00:00\" \/>\n<meta property=\"og:image\" content=\"https:\/\/www.eldiario.net\/portal\/wp-content\/uploads\/2025\/10\/Bio-Costo-cognitivo-del-multitasking-digital.webp\" \/>\n\t<meta property=\"og:image:width\" content=\"1280\" \/>\n\t<meta property=\"og:image:height\" content=\"800\" \/>\n\t<meta property=\"og:image:type\" content=\"image\/webp\" \/>\n<meta name=\"author\" content=\"Jeanette\" \/>\n<meta name=\"twitter:card\" content=\"summary_large_image\" \/>\n<meta name=\"twitter:creator\" content=\"@eldiario_net\" \/>\n<meta name=\"twitter:site\" content=\"@eldiario_net\" \/>\n<meta name=\"twitter:label1\" content=\"Escrito por\" \/>\n\t<meta name=\"twitter:data1\" content=\"Jeanette\" \/>\n\t<meta name=\"twitter:label2\" content=\"Tiempo de lectura\" \/>\n\t<meta name=\"twitter:data2\" content=\"4 minutos\" \/>\n<script type=\"application\/ld+json\" class=\"yoast-schema-graph\">{\"@context\":\"https:\\\/\\\/schema.org\",\"@graph\":[{\"@type\":\"Article\",\"@id\":\"https:\\\/\\\/www.eldiario.net\\\/portal\\\/2025\\\/10\\\/10\\\/el-desarrollo-de-la-atencion-y-su-relacion-con-la-tecnologia-2\\\/#article\",\"isPartOf\":{\"@id\":\"https:\\\/\\\/www.eldiario.net\\\/portal\\\/2025\\\/10\\\/10\\\/el-desarrollo-de-la-atencion-y-su-relacion-con-la-tecnologia-2\\\/\"},\"author\":{\"name\":\"Jeanette\",\"@id\":\"https:\\\/\\\/www.eldiario.net\\\/portal\\\/#\\\/schema\\\/person\\\/2c57cf2b7a7ae032e449e4c9b1019eac\"},\"headline\":\"El desarrollo de la atenci\u00f3n Y su relaci\u00f3n con la tecnolog\u00eda\",\"datePublished\":\"2025-10-10T04:57:18+00:00\",\"mainEntityOfPage\":{\"@id\":\"https:\\\/\\\/www.eldiario.net\\\/portal\\\/2025\\\/10\\\/10\\\/el-desarrollo-de-la-atencion-y-su-relacion-con-la-tecnologia-2\\\/\"},\"wordCount\":938,\"publisher\":{\"@id\":\"https:\\\/\\\/www.eldiario.net\\\/portal\\\/#organization\"},\"image\":{\"@id\":\"https:\\\/\\\/www.eldiario.net\\\/portal\\\/2025\\\/10\\\/10\\\/el-desarrollo-de-la-atencion-y-su-relacion-con-la-tecnologia-2\\\/#primaryimage\"},\"thumbnailUrl\":\"https:\\\/\\\/www.eldiario.net\\\/portal\\\/wp-content\\\/uploads\\\/2025\\\/10\\\/Bio-Costo-cognitivo-del-multitasking-digital.webp\",\"articleSection\":[\"Nuevos Horizontes\"],\"inLanguage\":\"es\"},{\"@type\":\"WebPage\",\"@id\":\"https:\\\/\\\/www.eldiario.net\\\/portal\\\/2025\\\/10\\\/10\\\/el-desarrollo-de-la-atencion-y-su-relacion-con-la-tecnologia-2\\\/\",\"url\":\"https:\\\/\\\/www.eldiario.net\\\/portal\\\/2025\\\/10\\\/10\\\/el-desarrollo-de-la-atencion-y-su-relacion-con-la-tecnologia-2\\\/\",\"name\":\"El desarrollo de la atenci\u00f3n Y su relaci\u00f3n con la tecnolog\u00eda - El Diario - Bolivia\",\"isPartOf\":{\"@id\":\"https:\\\/\\\/www.eldiario.net\\\/portal\\\/#website\"},\"primaryImageOfPage\":{\"@id\":\"https:\\\/\\\/www.eldiario.net\\\/portal\\\/2025\\\/10\\\/10\\\/el-desarrollo-de-la-atencion-y-su-relacion-con-la-tecnologia-2\\\/#primaryimage\"},\"image\":{\"@id\":\"https:\\\/\\\/www.eldiario.net\\\/portal\\\/2025\\\/10\\\/10\\\/el-desarrollo-de-la-atencion-y-su-relacion-con-la-tecnologia-2\\\/#primaryimage\"},\"thumbnailUrl\":\"https:\\\/\\\/www.eldiario.net\\\/portal\\\/wp-content\\\/uploads\\\/2025\\\/10\\\/Bio-Costo-cognitivo-del-multitasking-digital.webp\",\"datePublished\":\"2025-10-10T04:57:18+00:00\",\"breadcrumb\":{\"@id\":\"https:\\\/\\\/www.eldiario.net\\\/portal\\\/2025\\\/10\\\/10\\\/el-desarrollo-de-la-atencion-y-su-relacion-con-la-tecnologia-2\\\/#breadcrumb\"},\"inLanguage\":\"es\",\"potentialAction\":[{\"@type\":\"ReadAction\",\"target\":[\"https:\\\/\\\/www.eldiario.net\\\/portal\\\/2025\\\/10\\\/10\\\/el-desarrollo-de-la-atencion-y-su-relacion-con-la-tecnologia-2\\\/\"]}]},{\"@type\":\"ImageObject\",\"inLanguage\":\"es\",\"@id\":\"https:\\\/\\\/www.eldiario.net\\\/portal\\\/2025\\\/10\\\/10\\\/el-desarrollo-de-la-atencion-y-su-relacion-con-la-tecnologia-2\\\/#primaryimage\",\"url\":\"https:\\\/\\\/www.eldiario.net\\\/portal\\\/wp-content\\\/uploads\\\/2025\\\/10\\\/Bio-Costo-cognitivo-del-multitasking-digital.webp\",\"contentUrl\":\"https:\\\/\\\/www.eldiario.net\\\/portal\\\/wp-content\\\/uploads\\\/2025\\\/10\\\/Bio-Costo-cognitivo-del-multitasking-digital.webp\",\"width\":1280,\"height\":800},{\"@type\":\"BreadcrumbList\",\"@id\":\"https:\\\/\\\/www.eldiario.net\\\/portal\\\/2025\\\/10\\\/10\\\/el-desarrollo-de-la-atencion-y-su-relacion-con-la-tecnologia-2\\\/#breadcrumb\",\"itemListElement\":[{\"@type\":\"ListItem\",\"position\":1,\"name\":\"Portada\",\"item\":\"https:\\\/\\\/www.eldiario.net\\\/portal\\\/\"},{\"@type\":\"ListItem\",\"position\":2,\"name\":\"El desarrollo de la atenci\u00f3n Y su relaci\u00f3n con la tecnolog\u00eda\"}]},{\"@type\":\"WebSite\",\"@id\":\"https:\\\/\\\/www.eldiario.net\\\/portal\\\/#website\",\"url\":\"https:\\\/\\\/www.eldiario.net\\\/portal\\\/\",\"name\":\"El Diario - Decano de la prensa nacional\",\"description\":\"El Diario - Decano de la prensa nacional\",\"publisher\":{\"@id\":\"https:\\\/\\\/www.eldiario.net\\\/portal\\\/#organization\"},\"potentialAction\":[{\"@type\":\"SearchAction\",\"target\":{\"@type\":\"EntryPoint\",\"urlTemplate\":\"https:\\\/\\\/www.eldiario.net\\\/portal\\\/?s={search_term_string}\"},\"query-input\":{\"@type\":\"PropertyValueSpecification\",\"valueRequired\":true,\"valueName\":\"search_term_string\"}}],\"inLanguage\":\"es\"},{\"@type\":\"Organization\",\"@id\":\"https:\\\/\\\/www.eldiario.net\\\/portal\\\/#organization\",\"name\":\"El Diario - Decano de la prensa nacional\",\"url\":\"https:\\\/\\\/www.eldiario.net\\\/portal\\\/\",\"logo\":{\"@type\":\"ImageObject\",\"inLanguage\":\"es\",\"@id\":\"https:\\\/\\\/www.eldiario.net\\\/portal\\\/#\\\/schema\\\/logo\\\/image\\\/\",\"url\":\"https:\\\/\\\/www.eldiario.net\\\/portal\\\/wp-content\\\/uploads\\\/2023\\\/07\\\/logo_ED.jpg\",\"contentUrl\":\"https:\\\/\\\/www.eldiario.net\\\/portal\\\/wp-content\\\/uploads\\\/2023\\\/07\\\/logo_ED.jpg\",\"width\":272,\"height\":52,\"caption\":\"El Diario - Decano de la prensa nacional\"},\"image\":{\"@id\":\"https:\\\/\\\/www.eldiario.net\\\/portal\\\/#\\\/schema\\\/logo\\\/image\\\/\"},\"sameAs\":[\"https:\\\/\\\/www.facebook.com\\\/eldiario.bolivia\\\/\",\"https:\\\/\\\/x.com\\\/eldiario_net\"]},{\"@type\":\"Person\",\"@id\":\"https:\\\/\\\/www.eldiario.net\\\/portal\\\/#\\\/schema\\\/person\\\/2c57cf2b7a7ae032e449e4c9b1019eac\",\"name\":\"Jeanette\",\"image\":{\"@type\":\"ImageObject\",\"inLanguage\":\"es\",\"@id\":\"https:\\\/\\\/secure.gravatar.com\\\/avatar\\\/3ea2118a5f7dad2b7138b1187a6b7ee55f160b9968b66013c3a3ef39dd7e5798?s=96&d=mm&r=g\",\"url\":\"https:\\\/\\\/secure.gravatar.com\\\/avatar\\\/3ea2118a5f7dad2b7138b1187a6b7ee55f160b9968b66013c3a3ef39dd7e5798?s=96&d=mm&r=g\",\"contentUrl\":\"https:\\\/\\\/secure.gravatar.com\\\/avatar\\\/3ea2118a5f7dad2b7138b1187a6b7ee55f160b9968b66013c3a3ef39dd7e5798?s=96&d=mm&r=g\",\"caption\":\"Jeanette\"},\"sameAs\":[\"https:\\\/\\\/www.eldiario.net\\\/portal\"],\"url\":\"https:\\\/\\\/www.eldiario.net\\\/portal\\\/author\\\/jeanette\\\/\"}]}<\/script>\n<!-- \/ Yoast SEO plugin. -->","yoast_head_json":{"title":"El desarrollo de la atenci\u00f3n Y su relaci\u00f3n con la tecnolog\u00eda - El Diario - Bolivia","robots":{"index":"index","follow":"follow","max-snippet":"max-snippet:-1","max-image-preview":"max-image-preview:large","max-video-preview":"max-video-preview:-1"},"canonical":"https:\/\/www.eldiario.net\/portal\/2025\/10\/10\/el-desarrollo-de-la-atencion-y-su-relacion-con-la-tecnologia-2\/","og_locale":"es_ES","og_type":"article","og_title":"El desarrollo de la atenci\u00f3n Y su relaci\u00f3n con la tecnolog\u00eda - El Diario - Bolivia","og_description":"Por. Equipo editor &nbsp; Recordemos que\u2026 &nbsp; La atenci\u00f3n es un proceso cognitivo complejo y fundamental que act\u00faa como un mecanismo de selecci\u00f3n y focalizaci\u00f3n de nuestra consciencia. Nos permite filtrar la enorme cantidad de est\u00edmulos que recibimos del entorno (sonidos, im\u00e1genes, olores) y de nuestro propio mundo interno (pensamientos, emociones, recuerdos), para concentrarnos en [&hellip;]","og_url":"https:\/\/www.eldiario.net\/portal\/2025\/10\/10\/el-desarrollo-de-la-atencion-y-su-relacion-con-la-tecnologia-2\/","og_site_name":"El Diario - Bolivia","article_publisher":"https:\/\/www.facebook.com\/eldiario.bolivia\/","article_published_time":"2025-10-10T04:57:18+00:00","og_image":[{"width":1280,"height":800,"url":"https:\/\/www.eldiario.net\/portal\/wp-content\/uploads\/2025\/10\/Bio-Costo-cognitivo-del-multitasking-digital.webp","type":"image\/webp"}],"author":"Jeanette","twitter_card":"summary_large_image","twitter_creator":"@eldiario_net","twitter_site":"@eldiario_net","twitter_misc":{"Escrito por":"Jeanette","Tiempo de lectura":"4 minutos"},"schema":{"@context":"https:\/\/schema.org","@graph":[{"@type":"Article","@id":"https:\/\/www.eldiario.net\/portal\/2025\/10\/10\/el-desarrollo-de-la-atencion-y-su-relacion-con-la-tecnologia-2\/#article","isPartOf":{"@id":"https:\/\/www.eldiario.net\/portal\/2025\/10\/10\/el-desarrollo-de-la-atencion-y-su-relacion-con-la-tecnologia-2\/"},"author":{"name":"Jeanette","@id":"https:\/\/www.eldiario.net\/portal\/#\/schema\/person\/2c57cf2b7a7ae032e449e4c9b1019eac"},"headline":"El desarrollo de la atenci\u00f3n Y su relaci\u00f3n con la tecnolog\u00eda","datePublished":"2025-10-10T04:57:18+00:00","mainEntityOfPage":{"@id":"https:\/\/www.eldiario.net\/portal\/2025\/10\/10\/el-desarrollo-de-la-atencion-y-su-relacion-con-la-tecnologia-2\/"},"wordCount":938,"publisher":{"@id":"https:\/\/www.eldiario.net\/portal\/#organization"},"image":{"@id":"https:\/\/www.eldiario.net\/portal\/2025\/10\/10\/el-desarrollo-de-la-atencion-y-su-relacion-con-la-tecnologia-2\/#primaryimage"},"thumbnailUrl":"https:\/\/www.eldiario.net\/portal\/wp-content\/uploads\/2025\/10\/Bio-Costo-cognitivo-del-multitasking-digital.webp","articleSection":["Nuevos Horizontes"],"inLanguage":"es"},{"@type":"WebPage","@id":"https:\/\/www.eldiario.net\/portal\/2025\/10\/10\/el-desarrollo-de-la-atencion-y-su-relacion-con-la-tecnologia-2\/","url":"https:\/\/www.eldiario.net\/portal\/2025\/10\/10\/el-desarrollo-de-la-atencion-y-su-relacion-con-la-tecnologia-2\/","name":"El desarrollo de la atenci\u00f3n Y su relaci\u00f3n con la tecnolog\u00eda - El Diario - Bolivia","isPartOf":{"@id":"https:\/\/www.eldiario.net\/portal\/#website"},"primaryImageOfPage":{"@id":"https:\/\/www.eldiario.net\/portal\/2025\/10\/10\/el-desarrollo-de-la-atencion-y-su-relacion-con-la-tecnologia-2\/#primaryimage"},"image":{"@id":"https:\/\/www.eldiario.net\/portal\/2025\/10\/10\/el-desarrollo-de-la-atencion-y-su-relacion-con-la-tecnologia-2\/#primaryimage"},"thumbnailUrl":"https:\/\/www.eldiario.net\/portal\/wp-content\/uploads\/2025\/10\/Bio-Costo-cognitivo-del-multitasking-digital.webp","datePublished":"2025-10-10T04:57:18+00:00","breadcrumb":{"@id":"https:\/\/www.eldiario.net\/portal\/2025\/10\/10\/el-desarrollo-de-la-atencion-y-su-relacion-con-la-tecnologia-2\/#breadcrumb"},"inLanguage":"es","potentialAction":[{"@type":"ReadAction","target":["https:\/\/www.eldiario.net\/portal\/2025\/10\/10\/el-desarrollo-de-la-atencion-y-su-relacion-con-la-tecnologia-2\/"]}]},{"@type":"ImageObject","inLanguage":"es","@id":"https:\/\/www.eldiario.net\/portal\/2025\/10\/10\/el-desarrollo-de-la-atencion-y-su-relacion-con-la-tecnologia-2\/#primaryimage","url":"https:\/\/www.eldiario.net\/portal\/wp-content\/uploads\/2025\/10\/Bio-Costo-cognitivo-del-multitasking-digital.webp","contentUrl":"https:\/\/www.eldiario.net\/portal\/wp-content\/uploads\/2025\/10\/Bio-Costo-cognitivo-del-multitasking-digital.webp","width":1280,"height":800},{"@type":"BreadcrumbList","@id":"https:\/\/www.eldiario.net\/portal\/2025\/10\/10\/el-desarrollo-de-la-atencion-y-su-relacion-con-la-tecnologia-2\/#breadcrumb","itemListElement":[{"@type":"ListItem","position":1,"name":"Portada","item":"https:\/\/www.eldiario.net\/portal\/"},{"@type":"ListItem","position":2,"name":"El desarrollo de la atenci\u00f3n Y su relaci\u00f3n con la tecnolog\u00eda"}]},{"@type":"WebSite","@id":"https:\/\/www.eldiario.net\/portal\/#website","url":"https:\/\/www.eldiario.net\/portal\/","name":"El Diario - Decano de la prensa nacional","description":"El Diario - Decano de la prensa nacional","publisher":{"@id":"https:\/\/www.eldiario.net\/portal\/#organization"},"potentialAction":[{"@type":"SearchAction","target":{"@type":"EntryPoint","urlTemplate":"https:\/\/www.eldiario.net\/portal\/?s={search_term_string}"},"query-input":{"@type":"PropertyValueSpecification","valueRequired":true,"valueName":"search_term_string"}}],"inLanguage":"es"},{"@type":"Organization","@id":"https:\/\/www.eldiario.net\/portal\/#organization","name":"El Diario - Decano de la prensa nacional","url":"https:\/\/www.eldiario.net\/portal\/","logo":{"@type":"ImageObject","inLanguage":"es","@id":"https:\/\/www.eldiario.net\/portal\/#\/schema\/logo\/image\/","url":"https:\/\/www.eldiario.net\/portal\/wp-content\/uploads\/2023\/07\/logo_ED.jpg","contentUrl":"https:\/\/www.eldiario.net\/portal\/wp-content\/uploads\/2023\/07\/logo_ED.jpg","width":272,"height":52,"caption":"El Diario - Decano de la prensa nacional"},"image":{"@id":"https:\/\/www.eldiario.net\/portal\/#\/schema\/logo\/image\/"},"sameAs":["https:\/\/www.facebook.com\/eldiario.bolivia\/","https:\/\/x.com\/eldiario_net"]},{"@type":"Person","@id":"https:\/\/www.eldiario.net\/portal\/#\/schema\/person\/2c57cf2b7a7ae032e449e4c9b1019eac","name":"Jeanette","image":{"@type":"ImageObject","inLanguage":"es","@id":"https:\/\/secure.gravatar.com\/avatar\/3ea2118a5f7dad2b7138b1187a6b7ee55f160b9968b66013c3a3ef39dd7e5798?s=96&d=mm&r=g","url":"https:\/\/secure.gravatar.com\/avatar\/3ea2118a5f7dad2b7138b1187a6b7ee55f160b9968b66013c3a3ef39dd7e5798?s=96&d=mm&r=g","contentUrl":"https:\/\/secure.gravatar.com\/avatar\/3ea2118a5f7dad2b7138b1187a6b7ee55f160b9968b66013c3a3ef39dd7e5798?s=96&d=mm&r=g","caption":"Jeanette"},"sameAs":["https:\/\/www.eldiario.net\/portal"],"url":"https:\/\/www.eldiario.net\/portal\/author\/jeanette\/"}]}},"_links":{"self":[{"href":"https:\/\/www.eldiario.net\/portal\/wp-json\/wp\/v2\/posts\/337180","targetHints":{"allow":["GET"]}}],"collection":[{"href":"https:\/\/www.eldiario.net\/portal\/wp-json\/wp\/v2\/posts"}],"about":[{"href":"https:\/\/www.eldiario.net\/portal\/wp-json\/wp\/v2\/types\/post"}],"author":[{"embeddable":true,"href":"https:\/\/www.eldiario.net\/portal\/wp-json\/wp\/v2\/users\/1"}],"replies":[{"embeddable":true,"href":"https:\/\/www.eldiario.net\/portal\/wp-json\/wp\/v2\/comments?post=337180"}],"version-history":[{"count":1,"href":"https:\/\/www.eldiario.net\/portal\/wp-json\/wp\/v2\/posts\/337180\/revisions"}],"predecessor-version":[{"id":337184,"href":"https:\/\/www.eldiario.net\/portal\/wp-json\/wp\/v2\/posts\/337180\/revisions\/337184"}],"wp:featuredmedia":[{"embeddable":true,"href":"https:\/\/www.eldiario.net\/portal\/wp-json\/wp\/v2\/media\/337182"}],"wp:attachment":[{"href":"https:\/\/www.eldiario.net\/portal\/wp-json\/wp\/v2\/media?parent=337180"}],"wp:term":[{"taxonomy":"category","embeddable":true,"href":"https:\/\/www.eldiario.net\/portal\/wp-json\/wp\/v2\/categories?post=337180"},{"taxonomy":"post_tag","embeddable":true,"href":"https:\/\/www.eldiario.net\/portal\/wp-json\/wp\/v2\/tags?post=337180"}],"curies":[{"name":"wp","href":"https:\/\/api.w.org\/{rel}","templated":true}]}}