{"id":337167,"date":"2025-10-10T00:49:30","date_gmt":"2025-10-10T04:49:30","guid":{"rendered":"https:\/\/www.eldiario.net\/portal\/?p=337167"},"modified":"2025-10-09T22:50:13","modified_gmt":"2025-10-10T02:50:13","slug":"disponen-captura-de-dorgathen-por-contrabando-de-exportacion","status":"publish","type":"post","link":"https:\/\/www.eldiario.net\/portal\/2025\/10\/10\/disponen-captura-de-dorgathen-por-contrabando-de-exportacion\/","title":{"rendered":"Disponen captura de Dorgathen por contrabando de exportaci\u00f3n"},"content":{"rendered":"<p>La Fiscal\u00eda emiti\u00f3 ayer una orden de aprehensi\u00f3n en contra del presidente de Yacimientos Petrol\u00edferos Fiscales Bolivianos (YPFB), Armin Dorgathen Tapia, por el presunto delito de contrabando agravado con la exportaci\u00f3n de combustibles en la empresa estatal.<\/p>\n<p>La querella fue presentada formalmente ante la Fiscal\u00eda Departamental de Tarija el lunes 6 de octubre por el administrador de la oficina regional en Yacuiba de la Aduana Nacional, Rodrigo Acu\u00f1a, y fue admitida por la Fiscal\u00eda Especializada en Delitos de Corrupci\u00f3n, Legitimaci\u00f3n de Ganancias Il\u00edcitas, Tributarios y Aduaneros.<\/p>\n<p>El t\u00e9cnico en gesti\u00f3n aduanera y operativa de YPFB, Jes\u00fas Vargas Cruz, figura tambi\u00e9n como parte denunciante.<\/p>\n<p>La orden fue dispuesta por el fiscal de Materia de Tarija, Yeison Plata Maldonado, e instruye a la Polic\u00eda ejecutar de manera inmediata la aprehensi\u00f3n del presidente de YPFB bajo el art\u00edculo 226 del C\u00f3digo de Procedimiento Penal.<\/p>\n<p>La denuncia sostiene que Dorgathen ser\u00eda responsable de la presunta salida irregular de combustibles hacia territorio extranjero con agravante, lo que habr\u00eda provocado un da\u00f1o econ\u00f3mico al Estado de alrededor de 14 millones de d\u00f3lares y habr\u00eda vulnerado la normativa aduanera.<\/p>\n<p>Tras conocerse la expedici\u00f3n del mandamiento de aprehensi\u00f3n, la Polic\u00eda inici\u00f3 operativos de b\u00fasqueda en la zona Achumani, en la sede de Gobierno, para poder dar con su paradero, seg\u00fan report\u00f3 la red televisiva DTV. Tambi\u00e9n se report\u00f3 actividad policial en oficinas de YPFB en Santa Cruz, en busca del sindicado, cuyo paradero se desconoc\u00eda hasta el cierre de la presente edici\u00f3n.<\/p>\n<p>&nbsp;<\/p>\n<p>REACCIONES<\/p>\n<p>El candidato a la presidencia, Jorge Tuto Quiroga, atribuy\u00f3 este hecho a la \u201cfase terminal\u201d del actual Gobierno, donde \u201cse culpan y se encarcelan unos a otros\u201d. Manifest\u00f3 que el ciclo del poder socialismo ya termin\u00f3 y \u201cesta es la degradaci\u00f3n y la descomposici\u00f3n final\u201d de sus componentes.<\/p>\n<p>Por su parte, el ministro de Obras P\u00fablicas, Edgar Monta\u00f1o, calific\u00f3 esta determinaci\u00f3n como una \u201ccacer\u00eda de brujas\u201d y un exceso de la justicia, arguyendo que Dorgathen deber\u00eda ser citado a declarar antes de ser \u201ccorreteado\u201d sin que se respete el debido proceso.<\/p>\n<p>&nbsp;<\/p>\n<p>BOTRADING<\/p>\n<p>Dorgathen tambi\u00e9n enfrenta un nuevo proceso vinculado al caso Botrading, investigaci\u00f3n por presuntos sobreprecios en la compra de combustibles mediante una empresa intermediaria en Paraguay. La denuncia, impulsada por el diputado Carlos Alarc\u00f3n (CC), se\u00f1ala un posible da\u00f1o econ\u00f3mico al Estado de hasta 355 millones de d\u00f3lares.<\/p>\n<p>Hace un par de semanas, Dorgathen declar\u00f3 ante la Fiscal\u00eda de La Paz y evit\u00f3 declarar ante la prensa tras su audiencia, siendo grabado corriendo al salir de la Fiscal\u00eda de La Paz. En el mismo caso, el exgerente de YPFB Log\u00edstica, F\u00e9lix Cruz, fue enviado con detenci\u00f3n preventiva al penal de San Pedro por cuatro meses.<\/p>\n<p>&nbsp;<\/p>\n","protected":false},"excerpt":{"rendered":"<p>La Fiscal\u00eda emiti\u00f3 ayer una orden de aprehensi\u00f3n en contra del presidente de Yacimientos Petrol\u00edferos Fiscales Bolivianos (YPFB), Armin Dorgathen Tapia, por el presunto delito de contrabando agravado con la exportaci\u00f3n de combustibles en la empresa estatal. La querella fue presentada formalmente ante la Fiscal\u00eda Departamental de Tarija el lunes 6 de octubre por el [&hellip;]<\/p>\n","protected":false},"author":1,"featured_media":337168,"comment_status":"closed","ping_status":"open","sticky":false,"template":"","format":"standard","meta":{"_acf_changed":false,"footnotes":""},"categories":[39],"tags":[],"class_list":["post-337167","post","type-post","status-publish","format-standard","has-post-thumbnail","category-sociedad"],"acf":{"antetitulo":"Polic\u00eda en su b\u00fasqueda"},"yoast_head":"<!-- This site is optimized with the Yoast SEO plugin v28.4 - https:\/\/yoast.com\/product\/yoast-seo-wordpress\/ -->\n<title>Disponen captura de Dorgathen por contrabando de exportaci\u00f3n - El Diario - Bolivia<\/title>\n<meta name=\"robots\" content=\"index, follow, max-snippet:-1, max-image-preview:large, max-video-preview:-1\" \/>\n<link rel=\"canonical\" href=\"https:\/\/www.eldiario.net\/portal\/2025\/10\/10\/disponen-captura-de-dorgathen-por-contrabando-de-exportacion\/\" \/>\n<meta property=\"og:locale\" content=\"es_ES\" \/>\n<meta property=\"og:type\" content=\"article\" \/>\n<meta property=\"og:title\" content=\"Disponen captura de Dorgathen por contrabando de exportaci\u00f3n - El Diario - Bolivia\" \/>\n<meta property=\"og:description\" content=\"La Fiscal\u00eda emiti\u00f3 ayer una orden de aprehensi\u00f3n en contra del presidente de Yacimientos Petrol\u00edferos Fiscales Bolivianos (YPFB), Armin Dorgathen Tapia, por el presunto delito de contrabando agravado con la exportaci\u00f3n de combustibles en la empresa estatal. La querella fue presentada formalmente ante la Fiscal\u00eda Departamental de Tarija el lunes 6 de octubre por el [&hellip;]\" \/>\n<meta property=\"og:url\" content=\"https:\/\/www.eldiario.net\/portal\/2025\/10\/10\/disponen-captura-de-dorgathen-por-contrabando-de-exportacion\/\" \/>\n<meta property=\"og:site_name\" content=\"El Diario - Bolivia\" \/>\n<meta property=\"article:publisher\" content=\"https:\/\/www.facebook.com\/eldiario.bolivia\/\" \/>\n<meta property=\"article:published_time\" content=\"2025-10-10T04:49:30+00:00\" \/>\n<meta property=\"og:image\" content=\"https:\/\/www.eldiario.net\/portal\/wp-content\/uploads\/2025\/10\/10-ARMIN.webp\" \/>\n\t<meta property=\"og:image:width\" content=\"720\" \/>\n\t<meta property=\"og:image:height\" content=\"400\" \/>\n\t<meta property=\"og:image:type\" content=\"image\/webp\" \/>\n<meta name=\"author\" content=\"Jeanette\" \/>\n<meta name=\"twitter:card\" content=\"summary_large_image\" \/>\n<meta name=\"twitter:creator\" content=\"@eldiario_net\" \/>\n<meta name=\"twitter:site\" content=\"@eldiario_net\" \/>\n<meta name=\"twitter:label1\" content=\"Escrito por\" \/>\n\t<meta name=\"twitter:data1\" content=\"Jeanette\" \/>\n\t<meta name=\"twitter:label2\" content=\"Tiempo de lectura\" \/>\n\t<meta name=\"twitter:data2\" content=\"3 minutos\" \/>\n<script type=\"application\/ld+json\" class=\"yoast-schema-graph\">{\"@context\":\"https:\\\/\\\/schema.org\",\"@graph\":[{\"@type\":\"Article\",\"@id\":\"https:\\\/\\\/www.eldiario.net\\\/portal\\\/2025\\\/10\\\/10\\\/disponen-captura-de-dorgathen-por-contrabando-de-exportacion\\\/#article\",\"isPartOf\":{\"@id\":\"https:\\\/\\\/www.eldiario.net\\\/portal\\\/2025\\\/10\\\/10\\\/disponen-captura-de-dorgathen-por-contrabando-de-exportacion\\\/\"},\"author\":{\"name\":\"Jeanette\",\"@id\":\"https:\\\/\\\/www.eldiario.net\\\/portal\\\/#\\\/schema\\\/person\\\/2c57cf2b7a7ae032e449e4c9b1019eac\"},\"headline\":\"Disponen captura de Dorgathen por contrabando de exportaci\u00f3n\",\"datePublished\":\"2025-10-10T04:49:30+00:00\",\"mainEntityOfPage\":{\"@id\":\"https:\\\/\\\/www.eldiario.net\\\/portal\\\/2025\\\/10\\\/10\\\/disponen-captura-de-dorgathen-por-contrabando-de-exportacion\\\/\"},\"wordCount\":500,\"publisher\":{\"@id\":\"https:\\\/\\\/www.eldiario.net\\\/portal\\\/#organization\"},\"image\":{\"@id\":\"https:\\\/\\\/www.eldiario.net\\\/portal\\\/2025\\\/10\\\/10\\\/disponen-captura-de-dorgathen-por-contrabando-de-exportacion\\\/#primaryimage\"},\"thumbnailUrl\":\"https:\\\/\\\/www.eldiario.net\\\/portal\\\/wp-content\\\/uploads\\\/2025\\\/10\\\/10-ARMIN.webp\",\"articleSection\":[\"Sociedad - Seguridad\"],\"inLanguage\":\"es\"},{\"@type\":\"WebPage\",\"@id\":\"https:\\\/\\\/www.eldiario.net\\\/portal\\\/2025\\\/10\\\/10\\\/disponen-captura-de-dorgathen-por-contrabando-de-exportacion\\\/\",\"url\":\"https:\\\/\\\/www.eldiario.net\\\/portal\\\/2025\\\/10\\\/10\\\/disponen-captura-de-dorgathen-por-contrabando-de-exportacion\\\/\",\"name\":\"Disponen captura de Dorgathen por contrabando de exportaci\u00f3n - El Diario - Bolivia\",\"isPartOf\":{\"@id\":\"https:\\\/\\\/www.eldiario.net\\\/portal\\\/#website\"},\"primaryImageOfPage\":{\"@id\":\"https:\\\/\\\/www.eldiario.net\\\/portal\\\/2025\\\/10\\\/10\\\/disponen-captura-de-dorgathen-por-contrabando-de-exportacion\\\/#primaryimage\"},\"image\":{\"@id\":\"https:\\\/\\\/www.eldiario.net\\\/portal\\\/2025\\\/10\\\/10\\\/disponen-captura-de-dorgathen-por-contrabando-de-exportacion\\\/#primaryimage\"},\"thumbnailUrl\":\"https:\\\/\\\/www.eldiario.net\\\/portal\\\/wp-content\\\/uploads\\\/2025\\\/10\\\/10-ARMIN.webp\",\"datePublished\":\"2025-10-10T04:49:30+00:00\",\"breadcrumb\":{\"@id\":\"https:\\\/\\\/www.eldiario.net\\\/portal\\\/2025\\\/10\\\/10\\\/disponen-captura-de-dorgathen-por-contrabando-de-exportacion\\\/#breadcrumb\"},\"inLanguage\":\"es\",\"potentialAction\":[{\"@type\":\"ReadAction\",\"target\":[\"https:\\\/\\\/www.eldiario.net\\\/portal\\\/2025\\\/10\\\/10\\\/disponen-captura-de-dorgathen-por-contrabando-de-exportacion\\\/\"]}]},{\"@type\":\"ImageObject\",\"inLanguage\":\"es\",\"@id\":\"https:\\\/\\\/www.eldiario.net\\\/portal\\\/2025\\\/10\\\/10\\\/disponen-captura-de-dorgathen-por-contrabando-de-exportacion\\\/#primaryimage\",\"url\":\"https:\\\/\\\/www.eldiario.net\\\/portal\\\/wp-content\\\/uploads\\\/2025\\\/10\\\/10-ARMIN.webp\",\"contentUrl\":\"https:\\\/\\\/www.eldiario.net\\\/portal\\\/wp-content\\\/uploads\\\/2025\\\/10\\\/10-ARMIN.webp\",\"width\":720,\"height\":400,\"caption\":\"Presidente de YPFB, Armin Dorgathen. Foto: APG\"},{\"@type\":\"BreadcrumbList\",\"@id\":\"https:\\\/\\\/www.eldiario.net\\\/portal\\\/2025\\\/10\\\/10\\\/disponen-captura-de-dorgathen-por-contrabando-de-exportacion\\\/#breadcrumb\",\"itemListElement\":[{\"@type\":\"ListItem\",\"position\":1,\"name\":\"Portada\",\"item\":\"https:\\\/\\\/www.eldiario.net\\\/portal\\\/\"},{\"@type\":\"ListItem\",\"position\":2,\"name\":\"Disponen captura de Dorgathen por contrabando de exportaci\u00f3n\"}]},{\"@type\":\"WebSite\",\"@id\":\"https:\\\/\\\/www.eldiario.net\\\/portal\\\/#website\",\"url\":\"https:\\\/\\\/www.eldiario.net\\\/portal\\\/\",\"name\":\"El Diario - Decano de la prensa nacional\",\"description\":\"El Diario - Decano de la prensa nacional\",\"publisher\":{\"@id\":\"https:\\\/\\\/www.eldiario.net\\\/portal\\\/#organization\"},\"potentialAction\":[{\"@type\":\"SearchAction\",\"target\":{\"@type\":\"EntryPoint\",\"urlTemplate\":\"https:\\\/\\\/www.eldiario.net\\\/portal\\\/?s={search_term_string}\"},\"query-input\":{\"@type\":\"PropertyValueSpecification\",\"valueRequired\":true,\"valueName\":\"search_term_string\"}}],\"inLanguage\":\"es\"},{\"@type\":\"Organization\",\"@id\":\"https:\\\/\\\/www.eldiario.net\\\/portal\\\/#organization\",\"name\":\"El Diario - Decano de la prensa nacional\",\"url\":\"https:\\\/\\\/www.eldiario.net\\\/portal\\\/\",\"logo\":{\"@type\":\"ImageObject\",\"inLanguage\":\"es\",\"@id\":\"https:\\\/\\\/www.eldiario.net\\\/portal\\\/#\\\/schema\\\/logo\\\/image\\\/\",\"url\":\"https:\\\/\\\/www.eldiario.net\\\/portal\\\/wp-content\\\/uploads\\\/2023\\\/07\\\/logo_ED.jpg\",\"contentUrl\":\"https:\\\/\\\/www.eldiario.net\\\/portal\\\/wp-content\\\/uploads\\\/2023\\\/07\\\/logo_ED.jpg\",\"width\":272,\"height\":52,\"caption\":\"El Diario - Decano de la prensa nacional\"},\"image\":{\"@id\":\"https:\\\/\\\/www.eldiario.net\\\/portal\\\/#\\\/schema\\\/logo\\\/image\\\/\"},\"sameAs\":[\"https:\\\/\\\/www.facebook.com\\\/eldiario.bolivia\\\/\",\"https:\\\/\\\/x.com\\\/eldiario_net\"]},{\"@type\":\"Person\",\"@id\":\"https:\\\/\\\/www.eldiario.net\\\/portal\\\/#\\\/schema\\\/person\\\/2c57cf2b7a7ae032e449e4c9b1019eac\",\"name\":\"Jeanette\",\"image\":{\"@type\":\"ImageObject\",\"inLanguage\":\"es\",\"@id\":\"https:\\\/\\\/secure.gravatar.com\\\/avatar\\\/3ea2118a5f7dad2b7138b1187a6b7ee55f160b9968b66013c3a3ef39dd7e5798?s=96&d=mm&r=g\",\"url\":\"https:\\\/\\\/secure.gravatar.com\\\/avatar\\\/3ea2118a5f7dad2b7138b1187a6b7ee55f160b9968b66013c3a3ef39dd7e5798?s=96&d=mm&r=g\",\"contentUrl\":\"https:\\\/\\\/secure.gravatar.com\\\/avatar\\\/3ea2118a5f7dad2b7138b1187a6b7ee55f160b9968b66013c3a3ef39dd7e5798?s=96&d=mm&r=g\",\"caption\":\"Jeanette\"},\"sameAs\":[\"https:\\\/\\\/www.eldiario.net\\\/portal\"],\"url\":\"https:\\\/\\\/www.eldiario.net\\\/portal\\\/author\\\/jeanette\\\/\"}]}<\/script>\n<!-- \/ Yoast SEO plugin. -->","yoast_head_json":{"title":"Disponen captura de Dorgathen por contrabando de exportaci\u00f3n - El Diario - Bolivia","robots":{"index":"index","follow":"follow","max-snippet":"max-snippet:-1","max-image-preview":"max-image-preview:large","max-video-preview":"max-video-preview:-1"},"canonical":"https:\/\/www.eldiario.net\/portal\/2025\/10\/10\/disponen-captura-de-dorgathen-por-contrabando-de-exportacion\/","og_locale":"es_ES","og_type":"article","og_title":"Disponen captura de Dorgathen por contrabando de exportaci\u00f3n - El Diario - Bolivia","og_description":"La Fiscal\u00eda emiti\u00f3 ayer una orden de aprehensi\u00f3n en contra del presidente de Yacimientos Petrol\u00edferos Fiscales Bolivianos (YPFB), Armin Dorgathen Tapia, por el presunto delito de contrabando agravado con la exportaci\u00f3n de combustibles en la empresa estatal. La querella fue presentada formalmente ante la Fiscal\u00eda Departamental de Tarija el lunes 6 de octubre por el [&hellip;]","og_url":"https:\/\/www.eldiario.net\/portal\/2025\/10\/10\/disponen-captura-de-dorgathen-por-contrabando-de-exportacion\/","og_site_name":"El Diario - Bolivia","article_publisher":"https:\/\/www.facebook.com\/eldiario.bolivia\/","article_published_time":"2025-10-10T04:49:30+00:00","og_image":[{"width":720,"height":400,"url":"https:\/\/www.eldiario.net\/portal\/wp-content\/uploads\/2025\/10\/10-ARMIN.webp","type":"image\/webp"}],"author":"Jeanette","twitter_card":"summary_large_image","twitter_creator":"@eldiario_net","twitter_site":"@eldiario_net","twitter_misc":{"Escrito por":"Jeanette","Tiempo de lectura":"3 minutos"},"schema":{"@context":"https:\/\/schema.org","@graph":[{"@type":"Article","@id":"https:\/\/www.eldiario.net\/portal\/2025\/10\/10\/disponen-captura-de-dorgathen-por-contrabando-de-exportacion\/#article","isPartOf":{"@id":"https:\/\/www.eldiario.net\/portal\/2025\/10\/10\/disponen-captura-de-dorgathen-por-contrabando-de-exportacion\/"},"author":{"name":"Jeanette","@id":"https:\/\/www.eldiario.net\/portal\/#\/schema\/person\/2c57cf2b7a7ae032e449e4c9b1019eac"},"headline":"Disponen captura de Dorgathen por contrabando de exportaci\u00f3n","datePublished":"2025-10-10T04:49:30+00:00","mainEntityOfPage":{"@id":"https:\/\/www.eldiario.net\/portal\/2025\/10\/10\/disponen-captura-de-dorgathen-por-contrabando-de-exportacion\/"},"wordCount":500,"publisher":{"@id":"https:\/\/www.eldiario.net\/portal\/#organization"},"image":{"@id":"https:\/\/www.eldiario.net\/portal\/2025\/10\/10\/disponen-captura-de-dorgathen-por-contrabando-de-exportacion\/#primaryimage"},"thumbnailUrl":"https:\/\/www.eldiario.net\/portal\/wp-content\/uploads\/2025\/10\/10-ARMIN.webp","articleSection":["Sociedad - Seguridad"],"inLanguage":"es"},{"@type":"WebPage","@id":"https:\/\/www.eldiario.net\/portal\/2025\/10\/10\/disponen-captura-de-dorgathen-por-contrabando-de-exportacion\/","url":"https:\/\/www.eldiario.net\/portal\/2025\/10\/10\/disponen-captura-de-dorgathen-por-contrabando-de-exportacion\/","name":"Disponen captura de Dorgathen por contrabando de exportaci\u00f3n - El Diario - Bolivia","isPartOf":{"@id":"https:\/\/www.eldiario.net\/portal\/#website"},"primaryImageOfPage":{"@id":"https:\/\/www.eldiario.net\/portal\/2025\/10\/10\/disponen-captura-de-dorgathen-por-contrabando-de-exportacion\/#primaryimage"},"image":{"@id":"https:\/\/www.eldiario.net\/portal\/2025\/10\/10\/disponen-captura-de-dorgathen-por-contrabando-de-exportacion\/#primaryimage"},"thumbnailUrl":"https:\/\/www.eldiario.net\/portal\/wp-content\/uploads\/2025\/10\/10-ARMIN.webp","datePublished":"2025-10-10T04:49:30+00:00","breadcrumb":{"@id":"https:\/\/www.eldiario.net\/portal\/2025\/10\/10\/disponen-captura-de-dorgathen-por-contrabando-de-exportacion\/#breadcrumb"},"inLanguage":"es","potentialAction":[{"@type":"ReadAction","target":["https:\/\/www.eldiario.net\/portal\/2025\/10\/10\/disponen-captura-de-dorgathen-por-contrabando-de-exportacion\/"]}]},{"@type":"ImageObject","inLanguage":"es","@id":"https:\/\/www.eldiario.net\/portal\/2025\/10\/10\/disponen-captura-de-dorgathen-por-contrabando-de-exportacion\/#primaryimage","url":"https:\/\/www.eldiario.net\/portal\/wp-content\/uploads\/2025\/10\/10-ARMIN.webp","contentUrl":"https:\/\/www.eldiario.net\/portal\/wp-content\/uploads\/2025\/10\/10-ARMIN.webp","width":720,"height":400,"caption":"Presidente de YPFB, Armin Dorgathen. Foto: APG"},{"@type":"BreadcrumbList","@id":"https:\/\/www.eldiario.net\/portal\/2025\/10\/10\/disponen-captura-de-dorgathen-por-contrabando-de-exportacion\/#breadcrumb","itemListElement":[{"@type":"ListItem","position":1,"name":"Portada","item":"https:\/\/www.eldiario.net\/portal\/"},{"@type":"ListItem","position":2,"name":"Disponen captura de Dorgathen por contrabando de exportaci\u00f3n"}]},{"@type":"WebSite","@id":"https:\/\/www.eldiario.net\/portal\/#website","url":"https:\/\/www.eldiario.net\/portal\/","name":"El Diario - Decano de la prensa nacional","description":"El Diario - Decano de la prensa nacional","publisher":{"@id":"https:\/\/www.eldiario.net\/portal\/#organization"},"potentialAction":[{"@type":"SearchAction","target":{"@type":"EntryPoint","urlTemplate":"https:\/\/www.eldiario.net\/portal\/?s={search_term_string}"},"query-input":{"@type":"PropertyValueSpecification","valueRequired":true,"valueName":"search_term_string"}}],"inLanguage":"es"},{"@type":"Organization","@id":"https:\/\/www.eldiario.net\/portal\/#organization","name":"El Diario - Decano de la prensa nacional","url":"https:\/\/www.eldiario.net\/portal\/","logo":{"@type":"ImageObject","inLanguage":"es","@id":"https:\/\/www.eldiario.net\/portal\/#\/schema\/logo\/image\/","url":"https:\/\/www.eldiario.net\/portal\/wp-content\/uploads\/2023\/07\/logo_ED.jpg","contentUrl":"https:\/\/www.eldiario.net\/portal\/wp-content\/uploads\/2023\/07\/logo_ED.jpg","width":272,"height":52,"caption":"El Diario - Decano de la prensa nacional"},"image":{"@id":"https:\/\/www.eldiario.net\/portal\/#\/schema\/logo\/image\/"},"sameAs":["https:\/\/www.facebook.com\/eldiario.bolivia\/","https:\/\/x.com\/eldiario_net"]},{"@type":"Person","@id":"https:\/\/www.eldiario.net\/portal\/#\/schema\/person\/2c57cf2b7a7ae032e449e4c9b1019eac","name":"Jeanette","image":{"@type":"ImageObject","inLanguage":"es","@id":"https:\/\/secure.gravatar.com\/avatar\/3ea2118a5f7dad2b7138b1187a6b7ee55f160b9968b66013c3a3ef39dd7e5798?s=96&d=mm&r=g","url":"https:\/\/secure.gravatar.com\/avatar\/3ea2118a5f7dad2b7138b1187a6b7ee55f160b9968b66013c3a3ef39dd7e5798?s=96&d=mm&r=g","contentUrl":"https:\/\/secure.gravatar.com\/avatar\/3ea2118a5f7dad2b7138b1187a6b7ee55f160b9968b66013c3a3ef39dd7e5798?s=96&d=mm&r=g","caption":"Jeanette"},"sameAs":["https:\/\/www.eldiario.net\/portal"],"url":"https:\/\/www.eldiario.net\/portal\/author\/jeanette\/"}]}},"_links":{"self":[{"href":"https:\/\/www.eldiario.net\/portal\/wp-json\/wp\/v2\/posts\/337167","targetHints":{"allow":["GET"]}}],"collection":[{"href":"https:\/\/www.eldiario.net\/portal\/wp-json\/wp\/v2\/posts"}],"about":[{"href":"https:\/\/www.eldiario.net\/portal\/wp-json\/wp\/v2\/types\/post"}],"author":[{"embeddable":true,"href":"https:\/\/www.eldiario.net\/portal\/wp-json\/wp\/v2\/users\/1"}],"replies":[{"embeddable":true,"href":"https:\/\/www.eldiario.net\/portal\/wp-json\/wp\/v2\/comments?post=337167"}],"version-history":[{"count":1,"href":"https:\/\/www.eldiario.net\/portal\/wp-json\/wp\/v2\/posts\/337167\/revisions"}],"predecessor-version":[{"id":337169,"href":"https:\/\/www.eldiario.net\/portal\/wp-json\/wp\/v2\/posts\/337167\/revisions\/337169"}],"wp:featuredmedia":[{"embeddable":true,"href":"https:\/\/www.eldiario.net\/portal\/wp-json\/wp\/v2\/media\/337168"}],"wp:attachment":[{"href":"https:\/\/www.eldiario.net\/portal\/wp-json\/wp\/v2\/media?parent=337167"}],"wp:term":[{"taxonomy":"category","embeddable":true,"href":"https:\/\/www.eldiario.net\/portal\/wp-json\/wp\/v2\/categories?post=337167"},{"taxonomy":"post_tag","embeddable":true,"href":"https:\/\/www.eldiario.net\/portal\/wp-json\/wp\/v2\/tags?post=337167"}],"curies":[{"name":"wp","href":"https:\/\/api.w.org\/{rel}","templated":true}]}}