{"id":337164,"date":"2025-10-10T00:48:43","date_gmt":"2025-10-10T04:48:43","guid":{"rendered":"https:\/\/www.eldiario.net\/portal\/?p=337164"},"modified":"2025-10-09T22:49:23","modified_gmt":"2025-10-10T02:49:23","slug":"nuevo-caso-de-hombre-preso-por-violacion-siendo-inocente","status":"publish","type":"post","link":"https:\/\/www.eldiario.net\/portal\/2025\/10\/10\/nuevo-caso-de-hombre-preso-por-violacion-siendo-inocente\/","title":{"rendered":"Nuevo caso de hombre preso por violaci\u00f3n siendo inocente"},"content":{"rendered":"<p>Un tribunal de La Paz absolvi\u00f3 a Agust\u00edn Choque (73 a\u00f1os), quien permaneci\u00f3 casi dos a\u00f1os en el penal de San Pedro acusado de violaci\u00f3n, tras confirmarse \u2013mediante prueba de ADN\u2013 que no era el padre del ni\u00f1o que la denunciante hab\u00eda tenido y que \u00e9ste falleci\u00f3 seis meses despu\u00e9s de nacer.<\/p>\n<p>El caso se remonta a 2022 en Achacachi. Seg\u00fan la defensa, Choque no contaba con traductor ni asesor\u00eda adecuada, por lo que firm\u00f3 documentos sin comprender su contenido y fue abandonado por su familia y la defensa p\u00fablica.<\/p>\n<p>El jurista defensor denunci\u00f3 que la Fiscal\u00eda, el SLIM y la Defensor\u00eda omitieron realizar la prueba gen\u00e9tica de forma oportuna, pese a conocer d\u00f3nde hab\u00eda sido enterrado el ni\u00f1o. La negligencia retras\u00f3 la verificaci\u00f3n cient\u00edfica que finalmente demostr\u00f3 la inocencia del acusado.<\/p>\n<p>Choque ser\u00e1 liberado en los pr\u00f3ximos d\u00edas y se gestiona un lugar temporal donde pueda permanecer, dado que carece de apoyo familiar. La sentencia tambi\u00e9n dispone resarcimiento por da\u00f1os y perjuicios a su favor, por la denuncia infundada y el accionar irregular de las instituciones involucradas. (Agencias)<\/p>\n","protected":false},"excerpt":{"rendered":"<p>Un tribunal de La Paz absolvi\u00f3 a Agust\u00edn Choque (73 a\u00f1os), quien permaneci\u00f3 casi dos a\u00f1os en el penal de San Pedro acusado de violaci\u00f3n, tras confirmarse \u2013mediante prueba de ADN\u2013 que no era el padre del ni\u00f1o que la denunciante hab\u00eda tenido y que \u00e9ste falleci\u00f3 seis meses despu\u00e9s de nacer. El caso se [&hellip;]<\/p>\n","protected":false},"author":1,"featured_media":337165,"comment_status":"closed","ping_status":"open","sticky":false,"template":"","format":"standard","meta":{"_acf_changed":false,"footnotes":""},"categories":[39],"tags":[],"class_list":["post-337164","post","type-post","status-publish","format-standard","has-post-thumbnail","category-sociedad"],"acf":{"antetitulo":""},"yoast_head":"<!-- This site is optimized with the Yoast SEO plugin v28.4 - https:\/\/yoast.com\/product\/yoast-seo-wordpress\/ -->\n<title>Nuevo caso de hombre preso por violaci\u00f3n siendo inocente - El Diario - Bolivia<\/title>\n<meta name=\"robots\" content=\"index, follow, max-snippet:-1, max-image-preview:large, max-video-preview:-1\" \/>\n<link rel=\"canonical\" href=\"https:\/\/www.eldiario.net\/portal\/2025\/10\/10\/nuevo-caso-de-hombre-preso-por-violacion-siendo-inocente\/\" \/>\n<meta property=\"og:locale\" content=\"es_ES\" \/>\n<meta property=\"og:type\" content=\"article\" \/>\n<meta property=\"og:title\" content=\"Nuevo caso de hombre preso por violaci\u00f3n siendo inocente - El Diario - Bolivia\" \/>\n<meta property=\"og:description\" content=\"Un tribunal de La Paz absolvi\u00f3 a Agust\u00edn Choque (73 a\u00f1os), quien permaneci\u00f3 casi dos a\u00f1os en el penal de San Pedro acusado de violaci\u00f3n, tras confirmarse \u2013mediante prueba de ADN\u2013 que no era el padre del ni\u00f1o que la denunciante hab\u00eda tenido y que \u00e9ste falleci\u00f3 seis meses despu\u00e9s de nacer. El caso se [&hellip;]\" \/>\n<meta property=\"og:url\" content=\"https:\/\/www.eldiario.net\/portal\/2025\/10\/10\/nuevo-caso-de-hombre-preso-por-violacion-siendo-inocente\/\" \/>\n<meta property=\"og:site_name\" content=\"El Diario - Bolivia\" \/>\n<meta property=\"article:publisher\" content=\"https:\/\/www.facebook.com\/eldiario.bolivia\/\" \/>\n<meta property=\"article:published_time\" content=\"2025-10-10T04:48:43+00:00\" \/>\n<meta property=\"og:image\" content=\"https:\/\/www.eldiario.net\/portal\/wp-content\/uploads\/2025\/10\/10-INOCENTE.webp\" \/>\n\t<meta property=\"og:image:width\" content=\"720\" \/>\n\t<meta property=\"og:image:height\" content=\"399\" \/>\n\t<meta property=\"og:image:type\" content=\"image\/webp\" \/>\n<meta name=\"author\" content=\"Jeanette\" \/>\n<meta name=\"twitter:card\" content=\"summary_large_image\" \/>\n<meta name=\"twitter:creator\" content=\"@eldiario_net\" \/>\n<meta name=\"twitter:site\" content=\"@eldiario_net\" \/>\n<meta name=\"twitter:label1\" content=\"Escrito por\" \/>\n\t<meta name=\"twitter:data1\" content=\"Jeanette\" \/>\n\t<meta name=\"twitter:label2\" content=\"Tiempo de lectura\" \/>\n\t<meta name=\"twitter:data2\" content=\"2 minutos\" \/>\n<script type=\"application\/ld+json\" class=\"yoast-schema-graph\">{\"@context\":\"https:\\\/\\\/schema.org\",\"@graph\":[{\"@type\":\"Article\",\"@id\":\"https:\\\/\\\/www.eldiario.net\\\/portal\\\/2025\\\/10\\\/10\\\/nuevo-caso-de-hombre-preso-por-violacion-siendo-inocente\\\/#article\",\"isPartOf\":{\"@id\":\"https:\\\/\\\/www.eldiario.net\\\/portal\\\/2025\\\/10\\\/10\\\/nuevo-caso-de-hombre-preso-por-violacion-siendo-inocente\\\/\"},\"author\":{\"name\":\"Jeanette\",\"@id\":\"https:\\\/\\\/www.eldiario.net\\\/portal\\\/#\\\/schema\\\/person\\\/2c57cf2b7a7ae032e449e4c9b1019eac\"},\"headline\":\"Nuevo caso de hombre preso por violaci\u00f3n siendo inocente\",\"datePublished\":\"2025-10-10T04:48:43+00:00\",\"mainEntityOfPage\":{\"@id\":\"https:\\\/\\\/www.eldiario.net\\\/portal\\\/2025\\\/10\\\/10\\\/nuevo-caso-de-hombre-preso-por-violacion-siendo-inocente\\\/\"},\"wordCount\":209,\"publisher\":{\"@id\":\"https:\\\/\\\/www.eldiario.net\\\/portal\\\/#organization\"},\"image\":{\"@id\":\"https:\\\/\\\/www.eldiario.net\\\/portal\\\/2025\\\/10\\\/10\\\/nuevo-caso-de-hombre-preso-por-violacion-siendo-inocente\\\/#primaryimage\"},\"thumbnailUrl\":\"https:\\\/\\\/www.eldiario.net\\\/portal\\\/wp-content\\\/uploads\\\/2025\\\/10\\\/10-INOCENTE.webp\",\"articleSection\":[\"Sociedad - Seguridad\"],\"inLanguage\":\"es\"},{\"@type\":\"WebPage\",\"@id\":\"https:\\\/\\\/www.eldiario.net\\\/portal\\\/2025\\\/10\\\/10\\\/nuevo-caso-de-hombre-preso-por-violacion-siendo-inocente\\\/\",\"url\":\"https:\\\/\\\/www.eldiario.net\\\/portal\\\/2025\\\/10\\\/10\\\/nuevo-caso-de-hombre-preso-por-violacion-siendo-inocente\\\/\",\"name\":\"Nuevo caso de hombre preso por violaci\u00f3n siendo inocente - El Diario - Bolivia\",\"isPartOf\":{\"@id\":\"https:\\\/\\\/www.eldiario.net\\\/portal\\\/#website\"},\"primaryImageOfPage\":{\"@id\":\"https:\\\/\\\/www.eldiario.net\\\/portal\\\/2025\\\/10\\\/10\\\/nuevo-caso-de-hombre-preso-por-violacion-siendo-inocente\\\/#primaryimage\"},\"image\":{\"@id\":\"https:\\\/\\\/www.eldiario.net\\\/portal\\\/2025\\\/10\\\/10\\\/nuevo-caso-de-hombre-preso-por-violacion-siendo-inocente\\\/#primaryimage\"},\"thumbnailUrl\":\"https:\\\/\\\/www.eldiario.net\\\/portal\\\/wp-content\\\/uploads\\\/2025\\\/10\\\/10-INOCENTE.webp\",\"datePublished\":\"2025-10-10T04:48:43+00:00\",\"breadcrumb\":{\"@id\":\"https:\\\/\\\/www.eldiario.net\\\/portal\\\/2025\\\/10\\\/10\\\/nuevo-caso-de-hombre-preso-por-violacion-siendo-inocente\\\/#breadcrumb\"},\"inLanguage\":\"es\",\"potentialAction\":[{\"@type\":\"ReadAction\",\"target\":[\"https:\\\/\\\/www.eldiario.net\\\/portal\\\/2025\\\/10\\\/10\\\/nuevo-caso-de-hombre-preso-por-violacion-siendo-inocente\\\/\"]}]},{\"@type\":\"ImageObject\",\"inLanguage\":\"es\",\"@id\":\"https:\\\/\\\/www.eldiario.net\\\/portal\\\/2025\\\/10\\\/10\\\/nuevo-caso-de-hombre-preso-por-violacion-siendo-inocente\\\/#primaryimage\",\"url\":\"https:\\\/\\\/www.eldiario.net\\\/portal\\\/wp-content\\\/uploads\\\/2025\\\/10\\\/10-INOCENTE.webp\",\"contentUrl\":\"https:\\\/\\\/www.eldiario.net\\\/portal\\\/wp-content\\\/uploads\\\/2025\\\/10\\\/10-INOCENTE.webp\",\"width\":720,\"height\":399,\"caption\":\"Imagen referencial. Cr\u00e9ditos: ABI\"},{\"@type\":\"BreadcrumbList\",\"@id\":\"https:\\\/\\\/www.eldiario.net\\\/portal\\\/2025\\\/10\\\/10\\\/nuevo-caso-de-hombre-preso-por-violacion-siendo-inocente\\\/#breadcrumb\",\"itemListElement\":[{\"@type\":\"ListItem\",\"position\":1,\"name\":\"Portada\",\"item\":\"https:\\\/\\\/www.eldiario.net\\\/portal\\\/\"},{\"@type\":\"ListItem\",\"position\":2,\"name\":\"Nuevo caso de hombre preso por violaci\u00f3n siendo inocente\"}]},{\"@type\":\"WebSite\",\"@id\":\"https:\\\/\\\/www.eldiario.net\\\/portal\\\/#website\",\"url\":\"https:\\\/\\\/www.eldiario.net\\\/portal\\\/\",\"name\":\"El Diario - Decano de la prensa nacional\",\"description\":\"El Diario - Decano de la prensa nacional\",\"publisher\":{\"@id\":\"https:\\\/\\\/www.eldiario.net\\\/portal\\\/#organization\"},\"potentialAction\":[{\"@type\":\"SearchAction\",\"target\":{\"@type\":\"EntryPoint\",\"urlTemplate\":\"https:\\\/\\\/www.eldiario.net\\\/portal\\\/?s={search_term_string}\"},\"query-input\":{\"@type\":\"PropertyValueSpecification\",\"valueRequired\":true,\"valueName\":\"search_term_string\"}}],\"inLanguage\":\"es\"},{\"@type\":\"Organization\",\"@id\":\"https:\\\/\\\/www.eldiario.net\\\/portal\\\/#organization\",\"name\":\"El Diario - Decano de la prensa nacional\",\"url\":\"https:\\\/\\\/www.eldiario.net\\\/portal\\\/\",\"logo\":{\"@type\":\"ImageObject\",\"inLanguage\":\"es\",\"@id\":\"https:\\\/\\\/www.eldiario.net\\\/portal\\\/#\\\/schema\\\/logo\\\/image\\\/\",\"url\":\"https:\\\/\\\/www.eldiario.net\\\/portal\\\/wp-content\\\/uploads\\\/2023\\\/07\\\/logo_ED.jpg\",\"contentUrl\":\"https:\\\/\\\/www.eldiario.net\\\/portal\\\/wp-content\\\/uploads\\\/2023\\\/07\\\/logo_ED.jpg\",\"width\":272,\"height\":52,\"caption\":\"El Diario - Decano de la prensa nacional\"},\"image\":{\"@id\":\"https:\\\/\\\/www.eldiario.net\\\/portal\\\/#\\\/schema\\\/logo\\\/image\\\/\"},\"sameAs\":[\"https:\\\/\\\/www.facebook.com\\\/eldiario.bolivia\\\/\",\"https:\\\/\\\/x.com\\\/eldiario_net\"]},{\"@type\":\"Person\",\"@id\":\"https:\\\/\\\/www.eldiario.net\\\/portal\\\/#\\\/schema\\\/person\\\/2c57cf2b7a7ae032e449e4c9b1019eac\",\"name\":\"Jeanette\",\"image\":{\"@type\":\"ImageObject\",\"inLanguage\":\"es\",\"@id\":\"https:\\\/\\\/secure.gravatar.com\\\/avatar\\\/3ea2118a5f7dad2b7138b1187a6b7ee55f160b9968b66013c3a3ef39dd7e5798?s=96&d=mm&r=g\",\"url\":\"https:\\\/\\\/secure.gravatar.com\\\/avatar\\\/3ea2118a5f7dad2b7138b1187a6b7ee55f160b9968b66013c3a3ef39dd7e5798?s=96&d=mm&r=g\",\"contentUrl\":\"https:\\\/\\\/secure.gravatar.com\\\/avatar\\\/3ea2118a5f7dad2b7138b1187a6b7ee55f160b9968b66013c3a3ef39dd7e5798?s=96&d=mm&r=g\",\"caption\":\"Jeanette\"},\"sameAs\":[\"https:\\\/\\\/www.eldiario.net\\\/portal\"],\"url\":\"https:\\\/\\\/www.eldiario.net\\\/portal\\\/author\\\/jeanette\\\/\"}]}<\/script>\n<!-- \/ Yoast SEO plugin. -->","yoast_head_json":{"title":"Nuevo caso de hombre preso por violaci\u00f3n siendo inocente - El Diario - Bolivia","robots":{"index":"index","follow":"follow","max-snippet":"max-snippet:-1","max-image-preview":"max-image-preview:large","max-video-preview":"max-video-preview:-1"},"canonical":"https:\/\/www.eldiario.net\/portal\/2025\/10\/10\/nuevo-caso-de-hombre-preso-por-violacion-siendo-inocente\/","og_locale":"es_ES","og_type":"article","og_title":"Nuevo caso de hombre preso por violaci\u00f3n siendo inocente - El Diario - Bolivia","og_description":"Un tribunal de La Paz absolvi\u00f3 a Agust\u00edn Choque (73 a\u00f1os), quien permaneci\u00f3 casi dos a\u00f1os en el penal de San Pedro acusado de violaci\u00f3n, tras confirmarse \u2013mediante prueba de ADN\u2013 que no era el padre del ni\u00f1o que la denunciante hab\u00eda tenido y que \u00e9ste falleci\u00f3 seis meses despu\u00e9s de nacer. El caso se [&hellip;]","og_url":"https:\/\/www.eldiario.net\/portal\/2025\/10\/10\/nuevo-caso-de-hombre-preso-por-violacion-siendo-inocente\/","og_site_name":"El Diario - Bolivia","article_publisher":"https:\/\/www.facebook.com\/eldiario.bolivia\/","article_published_time":"2025-10-10T04:48:43+00:00","og_image":[{"width":720,"height":399,"url":"https:\/\/www.eldiario.net\/portal\/wp-content\/uploads\/2025\/10\/10-INOCENTE.webp","type":"image\/webp"}],"author":"Jeanette","twitter_card":"summary_large_image","twitter_creator":"@eldiario_net","twitter_site":"@eldiario_net","twitter_misc":{"Escrito por":"Jeanette","Tiempo de lectura":"2 minutos"},"schema":{"@context":"https:\/\/schema.org","@graph":[{"@type":"Article","@id":"https:\/\/www.eldiario.net\/portal\/2025\/10\/10\/nuevo-caso-de-hombre-preso-por-violacion-siendo-inocente\/#article","isPartOf":{"@id":"https:\/\/www.eldiario.net\/portal\/2025\/10\/10\/nuevo-caso-de-hombre-preso-por-violacion-siendo-inocente\/"},"author":{"name":"Jeanette","@id":"https:\/\/www.eldiario.net\/portal\/#\/schema\/person\/2c57cf2b7a7ae032e449e4c9b1019eac"},"headline":"Nuevo caso de hombre preso por violaci\u00f3n siendo inocente","datePublished":"2025-10-10T04:48:43+00:00","mainEntityOfPage":{"@id":"https:\/\/www.eldiario.net\/portal\/2025\/10\/10\/nuevo-caso-de-hombre-preso-por-violacion-siendo-inocente\/"},"wordCount":209,"publisher":{"@id":"https:\/\/www.eldiario.net\/portal\/#organization"},"image":{"@id":"https:\/\/www.eldiario.net\/portal\/2025\/10\/10\/nuevo-caso-de-hombre-preso-por-violacion-siendo-inocente\/#primaryimage"},"thumbnailUrl":"https:\/\/www.eldiario.net\/portal\/wp-content\/uploads\/2025\/10\/10-INOCENTE.webp","articleSection":["Sociedad - Seguridad"],"inLanguage":"es"},{"@type":"WebPage","@id":"https:\/\/www.eldiario.net\/portal\/2025\/10\/10\/nuevo-caso-de-hombre-preso-por-violacion-siendo-inocente\/","url":"https:\/\/www.eldiario.net\/portal\/2025\/10\/10\/nuevo-caso-de-hombre-preso-por-violacion-siendo-inocente\/","name":"Nuevo caso de hombre preso por violaci\u00f3n siendo inocente - El Diario - Bolivia","isPartOf":{"@id":"https:\/\/www.eldiario.net\/portal\/#website"},"primaryImageOfPage":{"@id":"https:\/\/www.eldiario.net\/portal\/2025\/10\/10\/nuevo-caso-de-hombre-preso-por-violacion-siendo-inocente\/#primaryimage"},"image":{"@id":"https:\/\/www.eldiario.net\/portal\/2025\/10\/10\/nuevo-caso-de-hombre-preso-por-violacion-siendo-inocente\/#primaryimage"},"thumbnailUrl":"https:\/\/www.eldiario.net\/portal\/wp-content\/uploads\/2025\/10\/10-INOCENTE.webp","datePublished":"2025-10-10T04:48:43+00:00","breadcrumb":{"@id":"https:\/\/www.eldiario.net\/portal\/2025\/10\/10\/nuevo-caso-de-hombre-preso-por-violacion-siendo-inocente\/#breadcrumb"},"inLanguage":"es","potentialAction":[{"@type":"ReadAction","target":["https:\/\/www.eldiario.net\/portal\/2025\/10\/10\/nuevo-caso-de-hombre-preso-por-violacion-siendo-inocente\/"]}]},{"@type":"ImageObject","inLanguage":"es","@id":"https:\/\/www.eldiario.net\/portal\/2025\/10\/10\/nuevo-caso-de-hombre-preso-por-violacion-siendo-inocente\/#primaryimage","url":"https:\/\/www.eldiario.net\/portal\/wp-content\/uploads\/2025\/10\/10-INOCENTE.webp","contentUrl":"https:\/\/www.eldiario.net\/portal\/wp-content\/uploads\/2025\/10\/10-INOCENTE.webp","width":720,"height":399,"caption":"Imagen referencial. Cr\u00e9ditos: ABI"},{"@type":"BreadcrumbList","@id":"https:\/\/www.eldiario.net\/portal\/2025\/10\/10\/nuevo-caso-de-hombre-preso-por-violacion-siendo-inocente\/#breadcrumb","itemListElement":[{"@type":"ListItem","position":1,"name":"Portada","item":"https:\/\/www.eldiario.net\/portal\/"},{"@type":"ListItem","position":2,"name":"Nuevo caso de hombre preso por violaci\u00f3n siendo inocente"}]},{"@type":"WebSite","@id":"https:\/\/www.eldiario.net\/portal\/#website","url":"https:\/\/www.eldiario.net\/portal\/","name":"El Diario - Decano de la prensa nacional","description":"El Diario - Decano de la prensa nacional","publisher":{"@id":"https:\/\/www.eldiario.net\/portal\/#organization"},"potentialAction":[{"@type":"SearchAction","target":{"@type":"EntryPoint","urlTemplate":"https:\/\/www.eldiario.net\/portal\/?s={search_term_string}"},"query-input":{"@type":"PropertyValueSpecification","valueRequired":true,"valueName":"search_term_string"}}],"inLanguage":"es"},{"@type":"Organization","@id":"https:\/\/www.eldiario.net\/portal\/#organization","name":"El Diario - Decano de la prensa nacional","url":"https:\/\/www.eldiario.net\/portal\/","logo":{"@type":"ImageObject","inLanguage":"es","@id":"https:\/\/www.eldiario.net\/portal\/#\/schema\/logo\/image\/","url":"https:\/\/www.eldiario.net\/portal\/wp-content\/uploads\/2023\/07\/logo_ED.jpg","contentUrl":"https:\/\/www.eldiario.net\/portal\/wp-content\/uploads\/2023\/07\/logo_ED.jpg","width":272,"height":52,"caption":"El Diario - Decano de la prensa nacional"},"image":{"@id":"https:\/\/www.eldiario.net\/portal\/#\/schema\/logo\/image\/"},"sameAs":["https:\/\/www.facebook.com\/eldiario.bolivia\/","https:\/\/x.com\/eldiario_net"]},{"@type":"Person","@id":"https:\/\/www.eldiario.net\/portal\/#\/schema\/person\/2c57cf2b7a7ae032e449e4c9b1019eac","name":"Jeanette","image":{"@type":"ImageObject","inLanguage":"es","@id":"https:\/\/secure.gravatar.com\/avatar\/3ea2118a5f7dad2b7138b1187a6b7ee55f160b9968b66013c3a3ef39dd7e5798?s=96&d=mm&r=g","url":"https:\/\/secure.gravatar.com\/avatar\/3ea2118a5f7dad2b7138b1187a6b7ee55f160b9968b66013c3a3ef39dd7e5798?s=96&d=mm&r=g","contentUrl":"https:\/\/secure.gravatar.com\/avatar\/3ea2118a5f7dad2b7138b1187a6b7ee55f160b9968b66013c3a3ef39dd7e5798?s=96&d=mm&r=g","caption":"Jeanette"},"sameAs":["https:\/\/www.eldiario.net\/portal"],"url":"https:\/\/www.eldiario.net\/portal\/author\/jeanette\/"}]}},"_links":{"self":[{"href":"https:\/\/www.eldiario.net\/portal\/wp-json\/wp\/v2\/posts\/337164","targetHints":{"allow":["GET"]}}],"collection":[{"href":"https:\/\/www.eldiario.net\/portal\/wp-json\/wp\/v2\/posts"}],"about":[{"href":"https:\/\/www.eldiario.net\/portal\/wp-json\/wp\/v2\/types\/post"}],"author":[{"embeddable":true,"href":"https:\/\/www.eldiario.net\/portal\/wp-json\/wp\/v2\/users\/1"}],"replies":[{"embeddable":true,"href":"https:\/\/www.eldiario.net\/portal\/wp-json\/wp\/v2\/comments?post=337164"}],"version-history":[{"count":1,"href":"https:\/\/www.eldiario.net\/portal\/wp-json\/wp\/v2\/posts\/337164\/revisions"}],"predecessor-version":[{"id":337166,"href":"https:\/\/www.eldiario.net\/portal\/wp-json\/wp\/v2\/posts\/337164\/revisions\/337166"}],"wp:featuredmedia":[{"embeddable":true,"href":"https:\/\/www.eldiario.net\/portal\/wp-json\/wp\/v2\/media\/337165"}],"wp:attachment":[{"href":"https:\/\/www.eldiario.net\/portal\/wp-json\/wp\/v2\/media?parent=337164"}],"wp:term":[{"taxonomy":"category","embeddable":true,"href":"https:\/\/www.eldiario.net\/portal\/wp-json\/wp\/v2\/categories?post=337164"},{"taxonomy":"post_tag","embeddable":true,"href":"https:\/\/www.eldiario.net\/portal\/wp-json\/wp\/v2\/tags?post=337164"}],"curies":[{"name":"wp","href":"https:\/\/api.w.org\/{rel}","templated":true}]}}