{"id":337161,"date":"2025-10-10T00:48:02","date_gmt":"2025-10-10T04:48:02","guid":{"rendered":"https:\/\/www.eldiario.net\/portal\/?p=337161"},"modified":"2025-10-09T22:48:35","modified_gmt":"2025-10-10T02:48:35","slug":"fallece-menor-de-tipuani-que-tenia-muerte-cerebral","status":"publish","type":"post","link":"https:\/\/www.eldiario.net\/portal\/2025\/10\/10\/fallece-menor-de-tipuani-que-tenia-muerte-cerebral\/","title":{"rendered":"Fallece menor de Tipuani que ten\u00eda muerte cerebral"},"content":{"rendered":"<p>El ni\u00f1o de dos a\u00f1os, que hab\u00eda llegado a\u00a0La Paz desde Tipuani en estado grave, falleci\u00f3 ayer en horas de la madrugada tras\u00a0convalecer en terapia intensiva. El padre recibi\u00f3 cuatro meses de detenci\u00f3n preventiva en Chonchocoro y se investiga a la ni\u00f1era.<\/p>\n<p>El director del Hospital del Ni\u00f1o, Alfredo Mendoza, se\u00f1al\u00f3 que el menor perdi\u00f3 la vida en la unidad de terapia intensiva ayer entre las 02:00 y las 04:00. Hab\u00eda llegado el fin de semana al centro m\u00e9dico con un diagn\u00f3stico de muerte cerebral por un golpe en la cabeza, con baj\u00edsimas posibilidades de recuperaci\u00f3n.<\/p>\n<p>El caso caus\u00f3 conmoci\u00f3n en la comunidad debido a que el peque\u00f1o Eidan tambi\u00e9n presentaba un cuadro severo de desnutrici\u00f3n y deshidrataci\u00f3n, adem\u00e1s de complicaciones respiratorias y signos visibles de violencia f\u00edsica, \u00e9stas tambi\u00e9n presentes en otros ni\u00f1os de su entorno familiar, por lo que se presume que era v\u00edctima de maltrato en Tipuani.<\/p>\n<p>El progenitor, dedicado a la miner\u00eda, fue aprehendido el mi\u00e9rcoles y, tras su audiencia cautelar, fue enviado a prisi\u00f3n preventiva por cuatro meses. El sujeto es investigado por tentativa de infanticidio y el caso contin\u00faa en investigaci\u00f3n.<\/p>\n<p>En tanto, la ni\u00f1era y principal sospechosa, de 19 a\u00f1os de edad, tiene detenci\u00f3n domiciliaria por disposici\u00f3n judicial y contin\u00faa siendo investigada, por lo que su situaci\u00f3n jur\u00eddica puede modificarse.<\/p>\n","protected":false},"excerpt":{"rendered":"<p>El ni\u00f1o de dos a\u00f1os, que hab\u00eda llegado a\u00a0La Paz desde Tipuani en estado grave, falleci\u00f3 ayer en horas de la madrugada tras\u00a0convalecer en terapia intensiva. El padre recibi\u00f3 cuatro meses de detenci\u00f3n preventiva en Chonchocoro y se investiga a la ni\u00f1era. El director del Hospital del Ni\u00f1o, Alfredo Mendoza, se\u00f1al\u00f3 que el menor perdi\u00f3 [&hellip;]<\/p>\n","protected":false},"author":1,"featured_media":337162,"comment_status":"closed","ping_status":"open","sticky":false,"template":"","format":"standard","meta":{"_acf_changed":false,"footnotes":""},"categories":[39],"tags":[],"class_list":["post-337161","post","type-post","status-publish","format-standard","has-post-thumbnail","category-sociedad"],"acf":{"antetitulo":"Cr\u00edtico"},"yoast_head":"<!-- This site is optimized with the Yoast SEO plugin v28.4 - https:\/\/yoast.com\/product\/yoast-seo-wordpress\/ -->\n<title>Fallece menor de Tipuani que ten\u00eda muerte cerebral - El Diario - Bolivia<\/title>\n<meta name=\"robots\" content=\"index, follow, max-snippet:-1, max-image-preview:large, max-video-preview:-1\" \/>\n<link rel=\"canonical\" href=\"https:\/\/www.eldiario.net\/portal\/2025\/10\/10\/fallece-menor-de-tipuani-que-tenia-muerte-cerebral\/\" \/>\n<meta property=\"og:locale\" content=\"es_ES\" \/>\n<meta property=\"og:type\" content=\"article\" \/>\n<meta property=\"og:title\" content=\"Fallece menor de Tipuani que ten\u00eda muerte cerebral - El Diario - Bolivia\" \/>\n<meta property=\"og:description\" content=\"El ni\u00f1o de dos a\u00f1os, que hab\u00eda llegado a\u00a0La Paz desde Tipuani en estado grave, falleci\u00f3 ayer en horas de la madrugada tras\u00a0convalecer en terapia intensiva. El padre recibi\u00f3 cuatro meses de detenci\u00f3n preventiva en Chonchocoro y se investiga a la ni\u00f1era. El director del Hospital del Ni\u00f1o, Alfredo Mendoza, se\u00f1al\u00f3 que el menor perdi\u00f3 [&hellip;]\" \/>\n<meta property=\"og:url\" content=\"https:\/\/www.eldiario.net\/portal\/2025\/10\/10\/fallece-menor-de-tipuani-que-tenia-muerte-cerebral\/\" \/>\n<meta property=\"og:site_name\" content=\"El Diario - Bolivia\" \/>\n<meta property=\"article:publisher\" content=\"https:\/\/www.facebook.com\/eldiario.bolivia\/\" \/>\n<meta property=\"article:published_time\" content=\"2025-10-10T04:48:02+00:00\" \/>\n<meta property=\"og:image\" content=\"https:\/\/www.eldiario.net\/portal\/wp-content\/uploads\/2025\/10\/10-TIPUANI.webp\" \/>\n\t<meta property=\"og:image:width\" content=\"900\" \/>\n\t<meta property=\"og:image:height\" content=\"567\" \/>\n\t<meta property=\"og:image:type\" content=\"image\/webp\" \/>\n<meta name=\"author\" content=\"Jeanette\" \/>\n<meta name=\"twitter:card\" content=\"summary_large_image\" \/>\n<meta name=\"twitter:creator\" content=\"@eldiario_net\" \/>\n<meta name=\"twitter:site\" content=\"@eldiario_net\" \/>\n<meta name=\"twitter:label1\" content=\"Escrito por\" \/>\n\t<meta name=\"twitter:data1\" content=\"Jeanette\" \/>\n\t<meta name=\"twitter:label2\" content=\"Tiempo de lectura\" \/>\n\t<meta name=\"twitter:data2\" content=\"2 minutos\" \/>\n<script type=\"application\/ld+json\" class=\"yoast-schema-graph\">{\"@context\":\"https:\\\/\\\/schema.org\",\"@graph\":[{\"@type\":\"Article\",\"@id\":\"https:\\\/\\\/www.eldiario.net\\\/portal\\\/2025\\\/10\\\/10\\\/fallece-menor-de-tipuani-que-tenia-muerte-cerebral\\\/#article\",\"isPartOf\":{\"@id\":\"https:\\\/\\\/www.eldiario.net\\\/portal\\\/2025\\\/10\\\/10\\\/fallece-menor-de-tipuani-que-tenia-muerte-cerebral\\\/\"},\"author\":{\"name\":\"Jeanette\",\"@id\":\"https:\\\/\\\/www.eldiario.net\\\/portal\\\/#\\\/schema\\\/person\\\/2c57cf2b7a7ae032e449e4c9b1019eac\"},\"headline\":\"Fallece menor de Tipuani que ten\u00eda muerte cerebral\",\"datePublished\":\"2025-10-10T04:48:02+00:00\",\"mainEntityOfPage\":{\"@id\":\"https:\\\/\\\/www.eldiario.net\\\/portal\\\/2025\\\/10\\\/10\\\/fallece-menor-de-tipuani-que-tenia-muerte-cerebral\\\/\"},\"wordCount\":259,\"publisher\":{\"@id\":\"https:\\\/\\\/www.eldiario.net\\\/portal\\\/#organization\"},\"image\":{\"@id\":\"https:\\\/\\\/www.eldiario.net\\\/portal\\\/2025\\\/10\\\/10\\\/fallece-menor-de-tipuani-que-tenia-muerte-cerebral\\\/#primaryimage\"},\"thumbnailUrl\":\"https:\\\/\\\/www.eldiario.net\\\/portal\\\/wp-content\\\/uploads\\\/2025\\\/10\\\/10-TIPUANI.webp\",\"articleSection\":[\"Sociedad - Seguridad\"],\"inLanguage\":\"es\"},{\"@type\":\"WebPage\",\"@id\":\"https:\\\/\\\/www.eldiario.net\\\/portal\\\/2025\\\/10\\\/10\\\/fallece-menor-de-tipuani-que-tenia-muerte-cerebral\\\/\",\"url\":\"https:\\\/\\\/www.eldiario.net\\\/portal\\\/2025\\\/10\\\/10\\\/fallece-menor-de-tipuani-que-tenia-muerte-cerebral\\\/\",\"name\":\"Fallece menor de Tipuani que ten\u00eda muerte cerebral - El Diario - Bolivia\",\"isPartOf\":{\"@id\":\"https:\\\/\\\/www.eldiario.net\\\/portal\\\/#website\"},\"primaryImageOfPage\":{\"@id\":\"https:\\\/\\\/www.eldiario.net\\\/portal\\\/2025\\\/10\\\/10\\\/fallece-menor-de-tipuani-que-tenia-muerte-cerebral\\\/#primaryimage\"},\"image\":{\"@id\":\"https:\\\/\\\/www.eldiario.net\\\/portal\\\/2025\\\/10\\\/10\\\/fallece-menor-de-tipuani-que-tenia-muerte-cerebral\\\/#primaryimage\"},\"thumbnailUrl\":\"https:\\\/\\\/www.eldiario.net\\\/portal\\\/wp-content\\\/uploads\\\/2025\\\/10\\\/10-TIPUANI.webp\",\"datePublished\":\"2025-10-10T04:48:02+00:00\",\"breadcrumb\":{\"@id\":\"https:\\\/\\\/www.eldiario.net\\\/portal\\\/2025\\\/10\\\/10\\\/fallece-menor-de-tipuani-que-tenia-muerte-cerebral\\\/#breadcrumb\"},\"inLanguage\":\"es\",\"potentialAction\":[{\"@type\":\"ReadAction\",\"target\":[\"https:\\\/\\\/www.eldiario.net\\\/portal\\\/2025\\\/10\\\/10\\\/fallece-menor-de-tipuani-que-tenia-muerte-cerebral\\\/\"]}]},{\"@type\":\"ImageObject\",\"inLanguage\":\"es\",\"@id\":\"https:\\\/\\\/www.eldiario.net\\\/portal\\\/2025\\\/10\\\/10\\\/fallece-menor-de-tipuani-que-tenia-muerte-cerebral\\\/#primaryimage\",\"url\":\"https:\\\/\\\/www.eldiario.net\\\/portal\\\/wp-content\\\/uploads\\\/2025\\\/10\\\/10-TIPUANI.webp\",\"contentUrl\":\"https:\\\/\\\/www.eldiario.net\\\/portal\\\/wp-content\\\/uploads\\\/2025\\\/10\\\/10-TIPUANI.webp\",\"width\":900,\"height\":567,\"caption\":\"Hospital del Ni\u00f1o, donde el menor falleci\u00f3. Foto: Erbol\"},{\"@type\":\"BreadcrumbList\",\"@id\":\"https:\\\/\\\/www.eldiario.net\\\/portal\\\/2025\\\/10\\\/10\\\/fallece-menor-de-tipuani-que-tenia-muerte-cerebral\\\/#breadcrumb\",\"itemListElement\":[{\"@type\":\"ListItem\",\"position\":1,\"name\":\"Portada\",\"item\":\"https:\\\/\\\/www.eldiario.net\\\/portal\\\/\"},{\"@type\":\"ListItem\",\"position\":2,\"name\":\"Fallece menor de Tipuani que ten\u00eda muerte cerebral\"}]},{\"@type\":\"WebSite\",\"@id\":\"https:\\\/\\\/www.eldiario.net\\\/portal\\\/#website\",\"url\":\"https:\\\/\\\/www.eldiario.net\\\/portal\\\/\",\"name\":\"El Diario - Decano de la prensa nacional\",\"description\":\"El Diario - Decano de la prensa nacional\",\"publisher\":{\"@id\":\"https:\\\/\\\/www.eldiario.net\\\/portal\\\/#organization\"},\"potentialAction\":[{\"@type\":\"SearchAction\",\"target\":{\"@type\":\"EntryPoint\",\"urlTemplate\":\"https:\\\/\\\/www.eldiario.net\\\/portal\\\/?s={search_term_string}\"},\"query-input\":{\"@type\":\"PropertyValueSpecification\",\"valueRequired\":true,\"valueName\":\"search_term_string\"}}],\"inLanguage\":\"es\"},{\"@type\":\"Organization\",\"@id\":\"https:\\\/\\\/www.eldiario.net\\\/portal\\\/#organization\",\"name\":\"El Diario - Decano de la prensa nacional\",\"url\":\"https:\\\/\\\/www.eldiario.net\\\/portal\\\/\",\"logo\":{\"@type\":\"ImageObject\",\"inLanguage\":\"es\",\"@id\":\"https:\\\/\\\/www.eldiario.net\\\/portal\\\/#\\\/schema\\\/logo\\\/image\\\/\",\"url\":\"https:\\\/\\\/www.eldiario.net\\\/portal\\\/wp-content\\\/uploads\\\/2023\\\/07\\\/logo_ED.jpg\",\"contentUrl\":\"https:\\\/\\\/www.eldiario.net\\\/portal\\\/wp-content\\\/uploads\\\/2023\\\/07\\\/logo_ED.jpg\",\"width\":272,\"height\":52,\"caption\":\"El Diario - Decano de la prensa nacional\"},\"image\":{\"@id\":\"https:\\\/\\\/www.eldiario.net\\\/portal\\\/#\\\/schema\\\/logo\\\/image\\\/\"},\"sameAs\":[\"https:\\\/\\\/www.facebook.com\\\/eldiario.bolivia\\\/\",\"https:\\\/\\\/x.com\\\/eldiario_net\"]},{\"@type\":\"Person\",\"@id\":\"https:\\\/\\\/www.eldiario.net\\\/portal\\\/#\\\/schema\\\/person\\\/2c57cf2b7a7ae032e449e4c9b1019eac\",\"name\":\"Jeanette\",\"image\":{\"@type\":\"ImageObject\",\"inLanguage\":\"es\",\"@id\":\"https:\\\/\\\/secure.gravatar.com\\\/avatar\\\/3ea2118a5f7dad2b7138b1187a6b7ee55f160b9968b66013c3a3ef39dd7e5798?s=96&d=mm&r=g\",\"url\":\"https:\\\/\\\/secure.gravatar.com\\\/avatar\\\/3ea2118a5f7dad2b7138b1187a6b7ee55f160b9968b66013c3a3ef39dd7e5798?s=96&d=mm&r=g\",\"contentUrl\":\"https:\\\/\\\/secure.gravatar.com\\\/avatar\\\/3ea2118a5f7dad2b7138b1187a6b7ee55f160b9968b66013c3a3ef39dd7e5798?s=96&d=mm&r=g\",\"caption\":\"Jeanette\"},\"sameAs\":[\"https:\\\/\\\/www.eldiario.net\\\/portal\"],\"url\":\"https:\\\/\\\/www.eldiario.net\\\/portal\\\/author\\\/jeanette\\\/\"}]}<\/script>\n<!-- \/ Yoast SEO plugin. -->","yoast_head_json":{"title":"Fallece menor de Tipuani que ten\u00eda muerte cerebral - El Diario - Bolivia","robots":{"index":"index","follow":"follow","max-snippet":"max-snippet:-1","max-image-preview":"max-image-preview:large","max-video-preview":"max-video-preview:-1"},"canonical":"https:\/\/www.eldiario.net\/portal\/2025\/10\/10\/fallece-menor-de-tipuani-que-tenia-muerte-cerebral\/","og_locale":"es_ES","og_type":"article","og_title":"Fallece menor de Tipuani que ten\u00eda muerte cerebral - El Diario - Bolivia","og_description":"El ni\u00f1o de dos a\u00f1os, que hab\u00eda llegado a\u00a0La Paz desde Tipuani en estado grave, falleci\u00f3 ayer en horas de la madrugada tras\u00a0convalecer en terapia intensiva. El padre recibi\u00f3 cuatro meses de detenci\u00f3n preventiva en Chonchocoro y se investiga a la ni\u00f1era. El director del Hospital del Ni\u00f1o, Alfredo Mendoza, se\u00f1al\u00f3 que el menor perdi\u00f3 [&hellip;]","og_url":"https:\/\/www.eldiario.net\/portal\/2025\/10\/10\/fallece-menor-de-tipuani-que-tenia-muerte-cerebral\/","og_site_name":"El Diario - Bolivia","article_publisher":"https:\/\/www.facebook.com\/eldiario.bolivia\/","article_published_time":"2025-10-10T04:48:02+00:00","og_image":[{"width":900,"height":567,"url":"https:\/\/www.eldiario.net\/portal\/wp-content\/uploads\/2025\/10\/10-TIPUANI.webp","type":"image\/webp"}],"author":"Jeanette","twitter_card":"summary_large_image","twitter_creator":"@eldiario_net","twitter_site":"@eldiario_net","twitter_misc":{"Escrito por":"Jeanette","Tiempo de lectura":"2 minutos"},"schema":{"@context":"https:\/\/schema.org","@graph":[{"@type":"Article","@id":"https:\/\/www.eldiario.net\/portal\/2025\/10\/10\/fallece-menor-de-tipuani-que-tenia-muerte-cerebral\/#article","isPartOf":{"@id":"https:\/\/www.eldiario.net\/portal\/2025\/10\/10\/fallece-menor-de-tipuani-que-tenia-muerte-cerebral\/"},"author":{"name":"Jeanette","@id":"https:\/\/www.eldiario.net\/portal\/#\/schema\/person\/2c57cf2b7a7ae032e449e4c9b1019eac"},"headline":"Fallece menor de Tipuani que ten\u00eda muerte cerebral","datePublished":"2025-10-10T04:48:02+00:00","mainEntityOfPage":{"@id":"https:\/\/www.eldiario.net\/portal\/2025\/10\/10\/fallece-menor-de-tipuani-que-tenia-muerte-cerebral\/"},"wordCount":259,"publisher":{"@id":"https:\/\/www.eldiario.net\/portal\/#organization"},"image":{"@id":"https:\/\/www.eldiario.net\/portal\/2025\/10\/10\/fallece-menor-de-tipuani-que-tenia-muerte-cerebral\/#primaryimage"},"thumbnailUrl":"https:\/\/www.eldiario.net\/portal\/wp-content\/uploads\/2025\/10\/10-TIPUANI.webp","articleSection":["Sociedad - Seguridad"],"inLanguage":"es"},{"@type":"WebPage","@id":"https:\/\/www.eldiario.net\/portal\/2025\/10\/10\/fallece-menor-de-tipuani-que-tenia-muerte-cerebral\/","url":"https:\/\/www.eldiario.net\/portal\/2025\/10\/10\/fallece-menor-de-tipuani-que-tenia-muerte-cerebral\/","name":"Fallece menor de Tipuani que ten\u00eda muerte cerebral - El Diario - Bolivia","isPartOf":{"@id":"https:\/\/www.eldiario.net\/portal\/#website"},"primaryImageOfPage":{"@id":"https:\/\/www.eldiario.net\/portal\/2025\/10\/10\/fallece-menor-de-tipuani-que-tenia-muerte-cerebral\/#primaryimage"},"image":{"@id":"https:\/\/www.eldiario.net\/portal\/2025\/10\/10\/fallece-menor-de-tipuani-que-tenia-muerte-cerebral\/#primaryimage"},"thumbnailUrl":"https:\/\/www.eldiario.net\/portal\/wp-content\/uploads\/2025\/10\/10-TIPUANI.webp","datePublished":"2025-10-10T04:48:02+00:00","breadcrumb":{"@id":"https:\/\/www.eldiario.net\/portal\/2025\/10\/10\/fallece-menor-de-tipuani-que-tenia-muerte-cerebral\/#breadcrumb"},"inLanguage":"es","potentialAction":[{"@type":"ReadAction","target":["https:\/\/www.eldiario.net\/portal\/2025\/10\/10\/fallece-menor-de-tipuani-que-tenia-muerte-cerebral\/"]}]},{"@type":"ImageObject","inLanguage":"es","@id":"https:\/\/www.eldiario.net\/portal\/2025\/10\/10\/fallece-menor-de-tipuani-que-tenia-muerte-cerebral\/#primaryimage","url":"https:\/\/www.eldiario.net\/portal\/wp-content\/uploads\/2025\/10\/10-TIPUANI.webp","contentUrl":"https:\/\/www.eldiario.net\/portal\/wp-content\/uploads\/2025\/10\/10-TIPUANI.webp","width":900,"height":567,"caption":"Hospital del Ni\u00f1o, donde el menor falleci\u00f3. Foto: Erbol"},{"@type":"BreadcrumbList","@id":"https:\/\/www.eldiario.net\/portal\/2025\/10\/10\/fallece-menor-de-tipuani-que-tenia-muerte-cerebral\/#breadcrumb","itemListElement":[{"@type":"ListItem","position":1,"name":"Portada","item":"https:\/\/www.eldiario.net\/portal\/"},{"@type":"ListItem","position":2,"name":"Fallece menor de Tipuani que ten\u00eda muerte cerebral"}]},{"@type":"WebSite","@id":"https:\/\/www.eldiario.net\/portal\/#website","url":"https:\/\/www.eldiario.net\/portal\/","name":"El Diario - Decano de la prensa nacional","description":"El Diario - Decano de la prensa nacional","publisher":{"@id":"https:\/\/www.eldiario.net\/portal\/#organization"},"potentialAction":[{"@type":"SearchAction","target":{"@type":"EntryPoint","urlTemplate":"https:\/\/www.eldiario.net\/portal\/?s={search_term_string}"},"query-input":{"@type":"PropertyValueSpecification","valueRequired":true,"valueName":"search_term_string"}}],"inLanguage":"es"},{"@type":"Organization","@id":"https:\/\/www.eldiario.net\/portal\/#organization","name":"El Diario - Decano de la prensa nacional","url":"https:\/\/www.eldiario.net\/portal\/","logo":{"@type":"ImageObject","inLanguage":"es","@id":"https:\/\/www.eldiario.net\/portal\/#\/schema\/logo\/image\/","url":"https:\/\/www.eldiario.net\/portal\/wp-content\/uploads\/2023\/07\/logo_ED.jpg","contentUrl":"https:\/\/www.eldiario.net\/portal\/wp-content\/uploads\/2023\/07\/logo_ED.jpg","width":272,"height":52,"caption":"El Diario - Decano de la prensa nacional"},"image":{"@id":"https:\/\/www.eldiario.net\/portal\/#\/schema\/logo\/image\/"},"sameAs":["https:\/\/www.facebook.com\/eldiario.bolivia\/","https:\/\/x.com\/eldiario_net"]},{"@type":"Person","@id":"https:\/\/www.eldiario.net\/portal\/#\/schema\/person\/2c57cf2b7a7ae032e449e4c9b1019eac","name":"Jeanette","image":{"@type":"ImageObject","inLanguage":"es","@id":"https:\/\/secure.gravatar.com\/avatar\/3ea2118a5f7dad2b7138b1187a6b7ee55f160b9968b66013c3a3ef39dd7e5798?s=96&d=mm&r=g","url":"https:\/\/secure.gravatar.com\/avatar\/3ea2118a5f7dad2b7138b1187a6b7ee55f160b9968b66013c3a3ef39dd7e5798?s=96&d=mm&r=g","contentUrl":"https:\/\/secure.gravatar.com\/avatar\/3ea2118a5f7dad2b7138b1187a6b7ee55f160b9968b66013c3a3ef39dd7e5798?s=96&d=mm&r=g","caption":"Jeanette"},"sameAs":["https:\/\/www.eldiario.net\/portal"],"url":"https:\/\/www.eldiario.net\/portal\/author\/jeanette\/"}]}},"_links":{"self":[{"href":"https:\/\/www.eldiario.net\/portal\/wp-json\/wp\/v2\/posts\/337161","targetHints":{"allow":["GET"]}}],"collection":[{"href":"https:\/\/www.eldiario.net\/portal\/wp-json\/wp\/v2\/posts"}],"about":[{"href":"https:\/\/www.eldiario.net\/portal\/wp-json\/wp\/v2\/types\/post"}],"author":[{"embeddable":true,"href":"https:\/\/www.eldiario.net\/portal\/wp-json\/wp\/v2\/users\/1"}],"replies":[{"embeddable":true,"href":"https:\/\/www.eldiario.net\/portal\/wp-json\/wp\/v2\/comments?post=337161"}],"version-history":[{"count":1,"href":"https:\/\/www.eldiario.net\/portal\/wp-json\/wp\/v2\/posts\/337161\/revisions"}],"predecessor-version":[{"id":337163,"href":"https:\/\/www.eldiario.net\/portal\/wp-json\/wp\/v2\/posts\/337161\/revisions\/337163"}],"wp:featuredmedia":[{"embeddable":true,"href":"https:\/\/www.eldiario.net\/portal\/wp-json\/wp\/v2\/media\/337162"}],"wp:attachment":[{"href":"https:\/\/www.eldiario.net\/portal\/wp-json\/wp\/v2\/media?parent=337161"}],"wp:term":[{"taxonomy":"category","embeddable":true,"href":"https:\/\/www.eldiario.net\/portal\/wp-json\/wp\/v2\/categories?post=337161"},{"taxonomy":"post_tag","embeddable":true,"href":"https:\/\/www.eldiario.net\/portal\/wp-json\/wp\/v2\/tags?post=337161"}],"curies":[{"name":"wp","href":"https:\/\/api.w.org\/{rel}","templated":true}]}}