{"id":3368,"date":"2021-05-12T06:15:09","date_gmt":"2021-05-12T10:15:09","guid":{"rendered":"https:\/\/www.eldiario.net\/portal\/?p=3368"},"modified":"2021-05-12T06:15:09","modified_gmt":"2021-05-12T10:15:09","slug":"indigenas-demandan-al-estado-viabilizar-proceso-de-autonomia","status":"publish","type":"post","link":"https:\/\/www.eldiario.net\/portal\/2021\/05\/12\/indigenas-demandan-al-estado-viabilizar-proceso-de-autonomia\/","title":{"rendered":"Ind\u00edgenas demandan al Estado viabilizar proceso de autonom\u00eda"},"content":{"rendered":"<p>A trav\u00e9s de distintos votos resolutivos, las y los corregidores del Territorio Ind\u00edgena Multi\u00e9tnico (TIM I), en Beni, demandaron al Tribunal Constitucional Plurinacional (TCP), Asamblea Legislativa Plurinacional, Ministerio de Desarrollo Rural y Tierras y al Viceministerio de Autonom\u00edas dar viabilidad a los tr\u00e1mites para consolidar su gobierno ind\u00edgena.<br \/>\n\u201cEspec\u00edficamente, hemos emitidos votos resolutivos ya que el TCP no nos da la resoluci\u00f3n a lo que nosotros hemos modificado el art\u00edculo del estatuto de nuestro territorio, por eso nos vemos obligados a presionarles para que las autoridades puedan escucharnos, ya que el sue\u00f1o m\u00e1s grande que llevamos es poder consolidar nuestra autonom\u00eda\u201d, explic\u00f3 el presidente del TIM I, Rolin Salvatierra, al Observatorio de Derechos de los Pueblos Ind\u00edgenas (Odpib) del Centro de Estudios Jur\u00eddicos e Investigaci\u00f3n Social (Cejis).<br \/>\nEn diciembre de 2020, despu\u00e9s de m\u00e1s de una d\u00e9cada, el TIM I aprob\u00f3 mediante normas y procedimientos propios su estatuto auton\u00f3mico ind\u00edgena, en el marco de lo que establece la Ley N\u00b0 1198. Durante esta misma reuni\u00f3n, el \u00d3rgano Deliberante ind\u00edgena modific\u00f3 una disposici\u00f3n transitoria referida a la forma de aprobaci\u00f3n del Estatuto, que establec\u00eda que este ser\u00eda mediante referendo. La modificaci\u00f3n fue remitida al TCP para el control de constitucionalidad respectivo; sin embargo, hasta a fecha no obtuvieron respuesta.<br \/>\nEn el caso de las instancias del \u00d3rgano Ejecutivo, ambos deben emitir un informe t\u00e9cnico a la consultas que les fueron enviadas desde la Asamblea Legislativa Plurinacional sobre la viabilidad o no del proyecto de Ley de Creaci\u00f3n de la nueva unidad territorial; esta consulta fue enviada en 2020, durante la gesti\u00f3n de transici\u00f3n, y hasta la fecha tampoco recibieron una respuesta.<br \/>\n\u201cSobre la Ley de creaci\u00f3n de la unidad territorial, hab\u00eda observaciones desde el Viceministerio de Autonom\u00eda que nos oblig\u00f3 a viajar a La Paz para subsanarlas, ahora esperemos que no nos pongan m\u00e1s trabas (porque) estas ya se hab\u00edan subsanado, pero ellos estaban agarrando la ley antigua y no la nueva corregida\u201d, explic\u00f3 Salvatierra.<br \/>\nEn el voto resolutivo que emitieron las y los corregidores, demandan la \u201cinmediata elaboraci\u00f3n de los informes t\u00e9cnicos\u201d desde ambas instancias ejecutivas y enviarlos al Comit\u00e9 de Autonom\u00edas Municipales, Originario Campesinas y Regionales de la ALP, donde deber\u00e1n revisarla y enviarla al debate del pleno, en caso de que todo est\u00e9 en orden.<br \/>\n\u201cExigimos al Comit\u00e9 de Autonom\u00edas del Senado que, una vez que cuente con los respectivos informes que dan viabilidad a nuestros proyectos de ley, es vital que se d\u00e9 prioridad y celeridad (\u2026) Instamos a las C\u00e1maras de Senadores y Diputados dar celeridad y prioridad a la promulgaci\u00f3n de nuestra propuesta de Proyecto de Ley correspondiente a la consolidaci\u00f3n del proceso auton\u00f3mico del TIM, que ya viene retras\u00e1ndose por m\u00e1s de 10 a\u00f1os\u201d, indican en el voto resolutivo. (Cejis)<\/p>\n","protected":false},"excerpt":{"rendered":"<p>A trav\u00e9s de distintos votos resolutivos, las y los corregidores del Territorio Ind\u00edgena Multi\u00e9tnico (TIM I), en Beni, demandaron al Tribunal Constitucional Plurinacional (TCP), Asamblea Legislativa Plurinacional, Ministerio de Desarrollo Rural y Tierras y al Viceministerio de Autonom\u00edas dar viabilidad a los tr\u00e1mites para consolidar su gobierno ind\u00edgena. \u201cEspec\u00edficamente, hemos emitidos votos resolutivos ya que [&hellip;]<\/p>\n","protected":false},"author":1,"featured_media":3369,"comment_status":"closed","ping_status":"closed","sticky":false,"template":"","format":"standard","meta":{"_acf_changed":false,"footnotes":""},"categories":[12],"tags":[],"class_list":["post-3368","post","type-post","status-publish","format-standard","has-post-thumbnail","category-nacional"],"acf":{"antetitulo":""},"yoast_head":"<!-- This site is optimized with the Yoast SEO plugin v28.3 - https:\/\/yoast.com\/product\/yoast-seo-wordpress\/ -->\n<title>Ind\u00edgenas demandan al Estado viabilizar proceso de autonom\u00eda - El Diario - Bolivia<\/title>\n<meta name=\"robots\" content=\"index, follow, max-snippet:-1, max-image-preview:large, max-video-preview:-1\" \/>\n<link rel=\"canonical\" href=\"https:\/\/www.eldiario.net\/portal\/2021\/05\/12\/indigenas-demandan-al-estado-viabilizar-proceso-de-autonomia\/\" \/>\n<meta property=\"og:locale\" content=\"es_ES\" \/>\n<meta property=\"og:type\" content=\"article\" \/>\n<meta property=\"og:title\" content=\"Ind\u00edgenas demandan al Estado viabilizar proceso de autonom\u00eda - El Diario - Bolivia\" \/>\n<meta property=\"og:description\" content=\"A trav\u00e9s de distintos votos resolutivos, las y los corregidores del Territorio Ind\u00edgena Multi\u00e9tnico (TIM I), en Beni, demandaron al Tribunal Constitucional Plurinacional (TCP), Asamblea Legislativa Plurinacional, Ministerio de Desarrollo Rural y Tierras y al Viceministerio de Autonom\u00edas dar viabilidad a los tr\u00e1mites para consolidar su gobierno ind\u00edgena. \u201cEspec\u00edficamente, hemos emitidos votos resolutivos ya que [&hellip;]\" \/>\n<meta property=\"og:url\" content=\"https:\/\/www.eldiario.net\/portal\/2021\/05\/12\/indigenas-demandan-al-estado-viabilizar-proceso-de-autonomia\/\" \/>\n<meta property=\"og:site_name\" content=\"El Diario - Bolivia\" \/>\n<meta property=\"article:publisher\" content=\"https:\/\/www.facebook.com\/eldiario.bolivia\/\" \/>\n<meta property=\"article:published_time\" content=\"2021-05-12T10:15:09+00:00\" \/>\n<meta property=\"og:image\" content=\"https:\/\/www.eldiario.net\/portal\/wp-content\/uploads\/2021\/05\/Nal-110.jpg\" \/>\n\t<meta property=\"og:image:width\" content=\"1280\" \/>\n\t<meta property=\"og:image:height\" content=\"637\" \/>\n\t<meta property=\"og:image:type\" content=\"image\/jpeg\" \/>\n<meta name=\"author\" content=\"Jeanette\" \/>\n<meta name=\"twitter:card\" content=\"summary_large_image\" \/>\n<meta name=\"twitter:creator\" content=\"@eldiario_net\" \/>\n<meta name=\"twitter:site\" content=\"@eldiario_net\" \/>\n<meta name=\"twitter:label1\" content=\"Escrito por\" \/>\n\t<meta name=\"twitter:data1\" content=\"Jeanette\" \/>\n\t<meta name=\"twitter:label2\" content=\"Tiempo de lectura\" \/>\n\t<meta name=\"twitter:data2\" content=\"2 minutos\" \/>\n<script type=\"application\/ld+json\" class=\"yoast-schema-graph\">{\"@context\":\"https:\\\/\\\/schema.org\",\"@graph\":[{\"@type\":\"Article\",\"@id\":\"https:\\\/\\\/www.eldiario.net\\\/portal\\\/2021\\\/05\\\/12\\\/indigenas-demandan-al-estado-viabilizar-proceso-de-autonomia\\\/#article\",\"isPartOf\":{\"@id\":\"https:\\\/\\\/www.eldiario.net\\\/portal\\\/2021\\\/05\\\/12\\\/indigenas-demandan-al-estado-viabilizar-proceso-de-autonomia\\\/\"},\"author\":{\"name\":\"Jeanette\",\"@id\":\"https:\\\/\\\/www.eldiario.net\\\/portal\\\/#\\\/schema\\\/person\\\/f46445640444750d7d753ccd04ae01b7\"},\"headline\":\"Ind\u00edgenas demandan al Estado viabilizar proceso de autonom\u00eda\",\"datePublished\":\"2021-05-12T10:15:09+00:00\",\"mainEntityOfPage\":{\"@id\":\"https:\\\/\\\/www.eldiario.net\\\/portal\\\/2021\\\/05\\\/12\\\/indigenas-demandan-al-estado-viabilizar-proceso-de-autonomia\\\/\"},\"wordCount\":509,\"publisher\":{\"@id\":\"https:\\\/\\\/www.eldiario.net\\\/portal\\\/#organization\"},\"image\":{\"@id\":\"https:\\\/\\\/www.eldiario.net\\\/portal\\\/2021\\\/05\\\/12\\\/indigenas-demandan-al-estado-viabilizar-proceso-de-autonomia\\\/#primaryimage\"},\"thumbnailUrl\":\"https:\\\/\\\/www.eldiario.net\\\/portal\\\/wp-content\\\/uploads\\\/2021\\\/05\\\/Nal-110.jpg\",\"articleSection\":[\"Nacional\"],\"inLanguage\":\"es\"},{\"@type\":\"WebPage\",\"@id\":\"https:\\\/\\\/www.eldiario.net\\\/portal\\\/2021\\\/05\\\/12\\\/indigenas-demandan-al-estado-viabilizar-proceso-de-autonomia\\\/\",\"url\":\"https:\\\/\\\/www.eldiario.net\\\/portal\\\/2021\\\/05\\\/12\\\/indigenas-demandan-al-estado-viabilizar-proceso-de-autonomia\\\/\",\"name\":\"Ind\u00edgenas demandan al Estado viabilizar proceso de autonom\u00eda - El Diario - Bolivia\",\"isPartOf\":{\"@id\":\"https:\\\/\\\/www.eldiario.net\\\/portal\\\/#website\"},\"primaryImageOfPage\":{\"@id\":\"https:\\\/\\\/www.eldiario.net\\\/portal\\\/2021\\\/05\\\/12\\\/indigenas-demandan-al-estado-viabilizar-proceso-de-autonomia\\\/#primaryimage\"},\"image\":{\"@id\":\"https:\\\/\\\/www.eldiario.net\\\/portal\\\/2021\\\/05\\\/12\\\/indigenas-demandan-al-estado-viabilizar-proceso-de-autonomia\\\/#primaryimage\"},\"thumbnailUrl\":\"https:\\\/\\\/www.eldiario.net\\\/portal\\\/wp-content\\\/uploads\\\/2021\\\/05\\\/Nal-110.jpg\",\"datePublished\":\"2021-05-12T10:15:09+00:00\",\"breadcrumb\":{\"@id\":\"https:\\\/\\\/www.eldiario.net\\\/portal\\\/2021\\\/05\\\/12\\\/indigenas-demandan-al-estado-viabilizar-proceso-de-autonomia\\\/#breadcrumb\"},\"inLanguage\":\"es\",\"potentialAction\":[{\"@type\":\"ReadAction\",\"target\":[\"https:\\\/\\\/www.eldiario.net\\\/portal\\\/2021\\\/05\\\/12\\\/indigenas-demandan-al-estado-viabilizar-proceso-de-autonomia\\\/\"]}]},{\"@type\":\"ImageObject\",\"inLanguage\":\"es\",\"@id\":\"https:\\\/\\\/www.eldiario.net\\\/portal\\\/2021\\\/05\\\/12\\\/indigenas-demandan-al-estado-viabilizar-proceso-de-autonomia\\\/#primaryimage\",\"url\":\"https:\\\/\\\/www.eldiario.net\\\/portal\\\/wp-content\\\/uploads\\\/2021\\\/05\\\/Nal-110.jpg\",\"contentUrl\":\"https:\\\/\\\/www.eldiario.net\\\/portal\\\/wp-content\\\/uploads\\\/2021\\\/05\\\/Nal-110.jpg\",\"width\":1280,\"height\":637},{\"@type\":\"BreadcrumbList\",\"@id\":\"https:\\\/\\\/www.eldiario.net\\\/portal\\\/2021\\\/05\\\/12\\\/indigenas-demandan-al-estado-viabilizar-proceso-de-autonomia\\\/#breadcrumb\",\"itemListElement\":[{\"@type\":\"ListItem\",\"position\":1,\"name\":\"Portada\",\"item\":\"https:\\\/\\\/www.eldiario.net\\\/portal\\\/\"},{\"@type\":\"ListItem\",\"position\":2,\"name\":\"Ind\u00edgenas demandan al Estado viabilizar proceso de autonom\u00eda\"}]},{\"@type\":\"WebSite\",\"@id\":\"https:\\\/\\\/www.eldiario.net\\\/portal\\\/#website\",\"url\":\"https:\\\/\\\/www.eldiario.net\\\/portal\\\/\",\"name\":\"El Diario - Decano de la prensa nacional\",\"description\":\"El Diario - Decano de la prensa nacional\",\"publisher\":{\"@id\":\"https:\\\/\\\/www.eldiario.net\\\/portal\\\/#organization\"},\"potentialAction\":[{\"@type\":\"SearchAction\",\"target\":{\"@type\":\"EntryPoint\",\"urlTemplate\":\"https:\\\/\\\/www.eldiario.net\\\/portal\\\/?s={search_term_string}\"},\"query-input\":{\"@type\":\"PropertyValueSpecification\",\"valueRequired\":true,\"valueName\":\"search_term_string\"}}],\"inLanguage\":\"es\"},{\"@type\":\"Organization\",\"@id\":\"https:\\\/\\\/www.eldiario.net\\\/portal\\\/#organization\",\"name\":\"El Diario - Decano de la prensa nacional\",\"url\":\"https:\\\/\\\/www.eldiario.net\\\/portal\\\/\",\"logo\":{\"@type\":\"ImageObject\",\"inLanguage\":\"es\",\"@id\":\"https:\\\/\\\/www.eldiario.net\\\/portal\\\/#\\\/schema\\\/logo\\\/image\\\/\",\"url\":\"https:\\\/\\\/www.eldiario.net\\\/portal\\\/wp-content\\\/uploads\\\/2023\\\/07\\\/logo_ED.jpg\",\"contentUrl\":\"https:\\\/\\\/www.eldiario.net\\\/portal\\\/wp-content\\\/uploads\\\/2023\\\/07\\\/logo_ED.jpg\",\"width\":272,\"height\":52,\"caption\":\"El Diario - Decano de la prensa nacional\"},\"image\":{\"@id\":\"https:\\\/\\\/www.eldiario.net\\\/portal\\\/#\\\/schema\\\/logo\\\/image\\\/\"},\"sameAs\":[\"https:\\\/\\\/www.facebook.com\\\/eldiario.bolivia\\\/\",\"https:\\\/\\\/x.com\\\/eldiario_net\"]},{\"@type\":\"Person\",\"@id\":\"https:\\\/\\\/www.eldiario.net\\\/portal\\\/#\\\/schema\\\/person\\\/f46445640444750d7d753ccd04ae01b7\",\"name\":\"Jeanette\",\"image\":{\"@type\":\"ImageObject\",\"inLanguage\":\"es\",\"@id\":\"https:\\\/\\\/secure.gravatar.com\\\/avatar\\\/3ea2118a5f7dad2b7138b1187a6b7ee55f160b9968b66013c3a3ef39dd7e5798?s=96&d=mm&r=g\",\"url\":\"https:\\\/\\\/secure.gravatar.com\\\/avatar\\\/3ea2118a5f7dad2b7138b1187a6b7ee55f160b9968b66013c3a3ef39dd7e5798?s=96&d=mm&r=g\",\"contentUrl\":\"https:\\\/\\\/secure.gravatar.com\\\/avatar\\\/3ea2118a5f7dad2b7138b1187a6b7ee55f160b9968b66013c3a3ef39dd7e5798?s=96&d=mm&r=g\",\"caption\":\"Jeanette\"},\"sameAs\":[\"https:\\\/\\\/www.eldiario.net\\\/portal\"],\"url\":\"https:\\\/\\\/www.eldiario.net\\\/portal\\\/author\\\/jeanette\\\/\"}]}<\/script>\n<!-- \/ Yoast SEO plugin. -->","yoast_head_json":{"title":"Ind\u00edgenas demandan al Estado viabilizar proceso de autonom\u00eda - El Diario - Bolivia","robots":{"index":"index","follow":"follow","max-snippet":"max-snippet:-1","max-image-preview":"max-image-preview:large","max-video-preview":"max-video-preview:-1"},"canonical":"https:\/\/www.eldiario.net\/portal\/2021\/05\/12\/indigenas-demandan-al-estado-viabilizar-proceso-de-autonomia\/","og_locale":"es_ES","og_type":"article","og_title":"Ind\u00edgenas demandan al Estado viabilizar proceso de autonom\u00eda - El Diario - Bolivia","og_description":"A trav\u00e9s de distintos votos resolutivos, las y los corregidores del Territorio Ind\u00edgena Multi\u00e9tnico (TIM I), en Beni, demandaron al Tribunal Constitucional Plurinacional (TCP), Asamblea Legislativa Plurinacional, Ministerio de Desarrollo Rural y Tierras y al Viceministerio de Autonom\u00edas dar viabilidad a los tr\u00e1mites para consolidar su gobierno ind\u00edgena. \u201cEspec\u00edficamente, hemos emitidos votos resolutivos ya que [&hellip;]","og_url":"https:\/\/www.eldiario.net\/portal\/2021\/05\/12\/indigenas-demandan-al-estado-viabilizar-proceso-de-autonomia\/","og_site_name":"El Diario - Bolivia","article_publisher":"https:\/\/www.facebook.com\/eldiario.bolivia\/","article_published_time":"2021-05-12T10:15:09+00:00","og_image":[{"width":1280,"height":637,"url":"https:\/\/www.eldiario.net\/portal\/wp-content\/uploads\/2021\/05\/Nal-110.jpg","type":"image\/jpeg"}],"author":"Jeanette","twitter_card":"summary_large_image","twitter_creator":"@eldiario_net","twitter_site":"@eldiario_net","twitter_misc":{"Escrito por":"Jeanette","Tiempo de lectura":"2 minutos"},"schema":{"@context":"https:\/\/schema.org","@graph":[{"@type":"Article","@id":"https:\/\/www.eldiario.net\/portal\/2021\/05\/12\/indigenas-demandan-al-estado-viabilizar-proceso-de-autonomia\/#article","isPartOf":{"@id":"https:\/\/www.eldiario.net\/portal\/2021\/05\/12\/indigenas-demandan-al-estado-viabilizar-proceso-de-autonomia\/"},"author":{"name":"Jeanette","@id":"https:\/\/www.eldiario.net\/portal\/#\/schema\/person\/f46445640444750d7d753ccd04ae01b7"},"headline":"Ind\u00edgenas demandan al Estado viabilizar proceso de autonom\u00eda","datePublished":"2021-05-12T10:15:09+00:00","mainEntityOfPage":{"@id":"https:\/\/www.eldiario.net\/portal\/2021\/05\/12\/indigenas-demandan-al-estado-viabilizar-proceso-de-autonomia\/"},"wordCount":509,"publisher":{"@id":"https:\/\/www.eldiario.net\/portal\/#organization"},"image":{"@id":"https:\/\/www.eldiario.net\/portal\/2021\/05\/12\/indigenas-demandan-al-estado-viabilizar-proceso-de-autonomia\/#primaryimage"},"thumbnailUrl":"https:\/\/www.eldiario.net\/portal\/wp-content\/uploads\/2021\/05\/Nal-110.jpg","articleSection":["Nacional"],"inLanguage":"es"},{"@type":"WebPage","@id":"https:\/\/www.eldiario.net\/portal\/2021\/05\/12\/indigenas-demandan-al-estado-viabilizar-proceso-de-autonomia\/","url":"https:\/\/www.eldiario.net\/portal\/2021\/05\/12\/indigenas-demandan-al-estado-viabilizar-proceso-de-autonomia\/","name":"Ind\u00edgenas demandan al Estado viabilizar proceso de autonom\u00eda - El Diario - Bolivia","isPartOf":{"@id":"https:\/\/www.eldiario.net\/portal\/#website"},"primaryImageOfPage":{"@id":"https:\/\/www.eldiario.net\/portal\/2021\/05\/12\/indigenas-demandan-al-estado-viabilizar-proceso-de-autonomia\/#primaryimage"},"image":{"@id":"https:\/\/www.eldiario.net\/portal\/2021\/05\/12\/indigenas-demandan-al-estado-viabilizar-proceso-de-autonomia\/#primaryimage"},"thumbnailUrl":"https:\/\/www.eldiario.net\/portal\/wp-content\/uploads\/2021\/05\/Nal-110.jpg","datePublished":"2021-05-12T10:15:09+00:00","breadcrumb":{"@id":"https:\/\/www.eldiario.net\/portal\/2021\/05\/12\/indigenas-demandan-al-estado-viabilizar-proceso-de-autonomia\/#breadcrumb"},"inLanguage":"es","potentialAction":[{"@type":"ReadAction","target":["https:\/\/www.eldiario.net\/portal\/2021\/05\/12\/indigenas-demandan-al-estado-viabilizar-proceso-de-autonomia\/"]}]},{"@type":"ImageObject","inLanguage":"es","@id":"https:\/\/www.eldiario.net\/portal\/2021\/05\/12\/indigenas-demandan-al-estado-viabilizar-proceso-de-autonomia\/#primaryimage","url":"https:\/\/www.eldiario.net\/portal\/wp-content\/uploads\/2021\/05\/Nal-110.jpg","contentUrl":"https:\/\/www.eldiario.net\/portal\/wp-content\/uploads\/2021\/05\/Nal-110.jpg","width":1280,"height":637},{"@type":"BreadcrumbList","@id":"https:\/\/www.eldiario.net\/portal\/2021\/05\/12\/indigenas-demandan-al-estado-viabilizar-proceso-de-autonomia\/#breadcrumb","itemListElement":[{"@type":"ListItem","position":1,"name":"Portada","item":"https:\/\/www.eldiario.net\/portal\/"},{"@type":"ListItem","position":2,"name":"Ind\u00edgenas demandan al Estado viabilizar proceso de autonom\u00eda"}]},{"@type":"WebSite","@id":"https:\/\/www.eldiario.net\/portal\/#website","url":"https:\/\/www.eldiario.net\/portal\/","name":"El Diario - Decano de la prensa nacional","description":"El Diario - Decano de la prensa nacional","publisher":{"@id":"https:\/\/www.eldiario.net\/portal\/#organization"},"potentialAction":[{"@type":"SearchAction","target":{"@type":"EntryPoint","urlTemplate":"https:\/\/www.eldiario.net\/portal\/?s={search_term_string}"},"query-input":{"@type":"PropertyValueSpecification","valueRequired":true,"valueName":"search_term_string"}}],"inLanguage":"es"},{"@type":"Organization","@id":"https:\/\/www.eldiario.net\/portal\/#organization","name":"El Diario - Decano de la prensa nacional","url":"https:\/\/www.eldiario.net\/portal\/","logo":{"@type":"ImageObject","inLanguage":"es","@id":"https:\/\/www.eldiario.net\/portal\/#\/schema\/logo\/image\/","url":"https:\/\/www.eldiario.net\/portal\/wp-content\/uploads\/2023\/07\/logo_ED.jpg","contentUrl":"https:\/\/www.eldiario.net\/portal\/wp-content\/uploads\/2023\/07\/logo_ED.jpg","width":272,"height":52,"caption":"El Diario - Decano de la prensa nacional"},"image":{"@id":"https:\/\/www.eldiario.net\/portal\/#\/schema\/logo\/image\/"},"sameAs":["https:\/\/www.facebook.com\/eldiario.bolivia\/","https:\/\/x.com\/eldiario_net"]},{"@type":"Person","@id":"https:\/\/www.eldiario.net\/portal\/#\/schema\/person\/f46445640444750d7d753ccd04ae01b7","name":"Jeanette","image":{"@type":"ImageObject","inLanguage":"es","@id":"https:\/\/secure.gravatar.com\/avatar\/3ea2118a5f7dad2b7138b1187a6b7ee55f160b9968b66013c3a3ef39dd7e5798?s=96&d=mm&r=g","url":"https:\/\/secure.gravatar.com\/avatar\/3ea2118a5f7dad2b7138b1187a6b7ee55f160b9968b66013c3a3ef39dd7e5798?s=96&d=mm&r=g","contentUrl":"https:\/\/secure.gravatar.com\/avatar\/3ea2118a5f7dad2b7138b1187a6b7ee55f160b9968b66013c3a3ef39dd7e5798?s=96&d=mm&r=g","caption":"Jeanette"},"sameAs":["https:\/\/www.eldiario.net\/portal"],"url":"https:\/\/www.eldiario.net\/portal\/author\/jeanette\/"}]}},"_links":{"self":[{"href":"https:\/\/www.eldiario.net\/portal\/wp-json\/wp\/v2\/posts\/3368","targetHints":{"allow":["GET"]}}],"collection":[{"href":"https:\/\/www.eldiario.net\/portal\/wp-json\/wp\/v2\/posts"}],"about":[{"href":"https:\/\/www.eldiario.net\/portal\/wp-json\/wp\/v2\/types\/post"}],"author":[{"embeddable":true,"href":"https:\/\/www.eldiario.net\/portal\/wp-json\/wp\/v2\/users\/1"}],"replies":[{"embeddable":true,"href":"https:\/\/www.eldiario.net\/portal\/wp-json\/wp\/v2\/comments?post=3368"}],"version-history":[{"count":0,"href":"https:\/\/www.eldiario.net\/portal\/wp-json\/wp\/v2\/posts\/3368\/revisions"}],"wp:featuredmedia":[{"embeddable":true,"href":"https:\/\/www.eldiario.net\/portal\/wp-json\/wp\/v2\/media\/3369"}],"wp:attachment":[{"href":"https:\/\/www.eldiario.net\/portal\/wp-json\/wp\/v2\/media?parent=3368"}],"wp:term":[{"taxonomy":"category","embeddable":true,"href":"https:\/\/www.eldiario.net\/portal\/wp-json\/wp\/v2\/categories?post=3368"},{"taxonomy":"post_tag","embeddable":true,"href":"https:\/\/www.eldiario.net\/portal\/wp-json\/wp\/v2\/tags?post=3368"}],"curies":[{"name":"wp","href":"https:\/\/api.w.org\/{rel}","templated":true}]}}