{"id":336704,"date":"2025-10-08T01:07:25","date_gmt":"2025-10-08T05:07:25","guid":{"rendered":"https:\/\/www.eldiario.net\/portal\/?p=336704"},"modified":"2025-10-07T22:08:17","modified_gmt":"2025-10-08T02:08:17","slug":"no-hay-condiciones-para-frenar-los-avasallamientos-segun-viceministro","status":"publish","type":"post","link":"https:\/\/www.eldiario.net\/portal\/2025\/10\/08\/no-hay-condiciones-para-frenar-los-avasallamientos-segun-viceministro\/","title":{"rendered":"No hay condiciones para frenar los avasallamientos, seg\u00fan viceministro"},"content":{"rendered":"<p>El viceministro de Coordinaci\u00f3n con Movimientos Sociales, Juan Villca, admiti\u00f3 ayer que el Gobierno de Luis Arce no tiene condiciones para luchar contra los avasallamientos en Bolivia y que esta tarea debe hacerse en conjunto con los tribunales de Justicia y Agroambiental.<\/p>\n<p>\u201cTiene que ser un esfuerzo de todos, pero lamentablemente hay empresarios y otros sectores que est\u00e1n infiltrados. Definitivamente, los esfuerzos que est\u00e1 haciendo nuestro Gobierno a trav\u00e9s del Ministerio de Gobierno \u2013investigando, haciendo los desalojos y haciendo respetar (las tierras)\u2013 son m\u00ednimos cuando vemos que el problema se reproduce en diferentes lugares\u201d, se\u00f1al\u00f3 Villca en declaraciones a la prensa.<\/p>\n<p>Sugiri\u00f3 que ser\u00e1 necesario implementar \u201cmedidas m\u00e1s radicales y fuertes\u201d como la militarizaci\u00f3n de predios. Villca agreg\u00f3 que es necesaria la coparticipaci\u00f3n de todos los poderes del Estado, pues instituciones como la Autoridad Jurisdiccional Administrativa Minera (AJAM) y el Instituto Nacional de Reforma Agraria (INRA) tienen personal y recursos escasos para destinarlos a frenar los avasallamientos.<\/p>\n<p>\u201cLos territorios son extensos y por eso los esfuerzos que hacen las instancias (gubernamentales) no alcanzan. Por ejemplo, en miner\u00eda, la AJAM es la instancia pertinente y las condiciones que tiene para hacer respetar \u2013seg\u00fan uno puede evaluar\u2013 evidentemente no son suficientes. En el INRA, tenemos una instituci\u00f3n sin funcionarios, porque los cr\u00e9ditos del extranjero eran para cuidar, regular o proteger las tierras\u201d, agreg\u00f3.<\/p>\n<p>La semana pasada hubo dos avasallamientos violentos en predios privados de los municipios de Montero y Guarayos (Santa Cruz), donde centenares de personas \u2013presuntamente armadas con machetes, palos, hondas, cuchillos y explosivos\u2013 ingresaron ilegalmente, derribaron \u00e1rboles, retuvieron a los trabajadores por horas, hirieron a uno de los due\u00f1os y robaron 130 reses.<\/p>\n<p>En medio de esta crisis, llam\u00f3 la atenci\u00f3n la acci\u00f3n tard\u00eda e insuficiente de la Polic\u00eda frente a multitudes encapuchadas y armadas. Contingentes policiales fueron desplegados varias horas o incluso d\u00edas despu\u00e9s de que se registraron los hechos para restablecer el orden, luego de que los delincuentes consumen sus delitos.<\/p>\n","protected":false},"excerpt":{"rendered":"<p>El viceministro de Coordinaci\u00f3n con Movimientos Sociales, Juan Villca, admiti\u00f3 ayer que el Gobierno de Luis Arce no tiene condiciones para luchar contra los avasallamientos en Bolivia y que esta tarea debe hacerse en conjunto con los tribunales de Justicia y Agroambiental. \u201cTiene que ser un esfuerzo de todos, pero lamentablemente hay empresarios y otros [&hellip;]<\/p>\n","protected":false},"author":1,"featured_media":336705,"comment_status":"closed","ping_status":"open","sticky":false,"template":"","format":"standard","meta":{"_acf_changed":false,"footnotes":""},"categories":[39],"tags":[],"class_list":["post-336704","post","type-post","status-publish","format-standard","has-post-thumbnail","category-sociedad"],"acf":{"antetitulo":"Sugiere militarizaci\u00f3n"},"yoast_head":"<!-- This site is optimized with the Yoast SEO plugin v28.4 - https:\/\/yoast.com\/product\/yoast-seo-wordpress\/ -->\n<title>No hay condiciones para frenar los avasallamientos, seg\u00fan viceministro - El Diario - Bolivia<\/title>\n<meta name=\"robots\" content=\"index, follow, max-snippet:-1, max-image-preview:large, max-video-preview:-1\" \/>\n<link rel=\"canonical\" href=\"https:\/\/www.eldiario.net\/portal\/2025\/10\/08\/no-hay-condiciones-para-frenar-los-avasallamientos-segun-viceministro\/\" \/>\n<meta property=\"og:locale\" content=\"es_ES\" \/>\n<meta property=\"og:type\" content=\"article\" \/>\n<meta property=\"og:title\" content=\"No hay condiciones para frenar los avasallamientos, seg\u00fan viceministro - El Diario - Bolivia\" \/>\n<meta property=\"og:description\" content=\"El viceministro de Coordinaci\u00f3n con Movimientos Sociales, Juan Villca, admiti\u00f3 ayer que el Gobierno de Luis Arce no tiene condiciones para luchar contra los avasallamientos en Bolivia y que esta tarea debe hacerse en conjunto con los tribunales de Justicia y Agroambiental. \u201cTiene que ser un esfuerzo de todos, pero lamentablemente hay empresarios y otros [&hellip;]\" \/>\n<meta property=\"og:url\" content=\"https:\/\/www.eldiario.net\/portal\/2025\/10\/08\/no-hay-condiciones-para-frenar-los-avasallamientos-segun-viceministro\/\" \/>\n<meta property=\"og:site_name\" content=\"El Diario - Bolivia\" \/>\n<meta property=\"article:publisher\" content=\"https:\/\/www.facebook.com\/eldiario.bolivia\/\" \/>\n<meta property=\"article:published_time\" content=\"2025-10-08T05:07:25+00:00\" \/>\n<meta property=\"og:image\" content=\"https:\/\/www.eldiario.net\/portal\/wp-content\/uploads\/2025\/10\/8-AVAS.webp\" \/>\n\t<meta property=\"og:image:width\" content=\"901\" \/>\n\t<meta property=\"og:image:height\" content=\"675\" \/>\n\t<meta property=\"og:image:type\" content=\"image\/webp\" \/>\n<meta name=\"author\" content=\"Jeanette\" \/>\n<meta name=\"twitter:card\" content=\"summary_large_image\" \/>\n<meta name=\"twitter:creator\" content=\"@eldiario_net\" \/>\n<meta name=\"twitter:site\" content=\"@eldiario_net\" \/>\n<meta name=\"twitter:label1\" content=\"Escrito por\" \/>\n\t<meta name=\"twitter:data1\" content=\"Jeanette\" \/>\n\t<meta name=\"twitter:label2\" content=\"Tiempo de lectura\" \/>\n\t<meta name=\"twitter:data2\" content=\"2 minutos\" \/>\n<script type=\"application\/ld+json\" class=\"yoast-schema-graph\">{\"@context\":\"https:\\\/\\\/schema.org\",\"@graph\":[{\"@type\":\"Article\",\"@id\":\"https:\\\/\\\/www.eldiario.net\\\/portal\\\/2025\\\/10\\\/08\\\/no-hay-condiciones-para-frenar-los-avasallamientos-segun-viceministro\\\/#article\",\"isPartOf\":{\"@id\":\"https:\\\/\\\/www.eldiario.net\\\/portal\\\/2025\\\/10\\\/08\\\/no-hay-condiciones-para-frenar-los-avasallamientos-segun-viceministro\\\/\"},\"author\":{\"name\":\"Jeanette\",\"@id\":\"https:\\\/\\\/www.eldiario.net\\\/portal\\\/#\\\/schema\\\/person\\\/2c57cf2b7a7ae032e449e4c9b1019eac\"},\"headline\":\"No hay condiciones para frenar los avasallamientos, seg\u00fan viceministro\",\"datePublished\":\"2025-10-08T05:07:25+00:00\",\"mainEntityOfPage\":{\"@id\":\"https:\\\/\\\/www.eldiario.net\\\/portal\\\/2025\\\/10\\\/08\\\/no-hay-condiciones-para-frenar-los-avasallamientos-segun-viceministro\\\/\"},\"wordCount\":351,\"publisher\":{\"@id\":\"https:\\\/\\\/www.eldiario.net\\\/portal\\\/#organization\"},\"image\":{\"@id\":\"https:\\\/\\\/www.eldiario.net\\\/portal\\\/2025\\\/10\\\/08\\\/no-hay-condiciones-para-frenar-los-avasallamientos-segun-viceministro\\\/#primaryimage\"},\"thumbnailUrl\":\"https:\\\/\\\/www.eldiario.net\\\/portal\\\/wp-content\\\/uploads\\\/2025\\\/10\\\/8-AVAS.webp\",\"articleSection\":[\"Sociedad - Seguridad\"],\"inLanguage\":\"es\"},{\"@type\":\"WebPage\",\"@id\":\"https:\\\/\\\/www.eldiario.net\\\/portal\\\/2025\\\/10\\\/08\\\/no-hay-condiciones-para-frenar-los-avasallamientos-segun-viceministro\\\/\",\"url\":\"https:\\\/\\\/www.eldiario.net\\\/portal\\\/2025\\\/10\\\/08\\\/no-hay-condiciones-para-frenar-los-avasallamientos-segun-viceministro\\\/\",\"name\":\"No hay condiciones para frenar los avasallamientos, seg\u00fan viceministro - El Diario - Bolivia\",\"isPartOf\":{\"@id\":\"https:\\\/\\\/www.eldiario.net\\\/portal\\\/#website\"},\"primaryImageOfPage\":{\"@id\":\"https:\\\/\\\/www.eldiario.net\\\/portal\\\/2025\\\/10\\\/08\\\/no-hay-condiciones-para-frenar-los-avasallamientos-segun-viceministro\\\/#primaryimage\"},\"image\":{\"@id\":\"https:\\\/\\\/www.eldiario.net\\\/portal\\\/2025\\\/10\\\/08\\\/no-hay-condiciones-para-frenar-los-avasallamientos-segun-viceministro\\\/#primaryimage\"},\"thumbnailUrl\":\"https:\\\/\\\/www.eldiario.net\\\/portal\\\/wp-content\\\/uploads\\\/2025\\\/10\\\/8-AVAS.webp\",\"datePublished\":\"2025-10-08T05:07:25+00:00\",\"breadcrumb\":{\"@id\":\"https:\\\/\\\/www.eldiario.net\\\/portal\\\/2025\\\/10\\\/08\\\/no-hay-condiciones-para-frenar-los-avasallamientos-segun-viceministro\\\/#breadcrumb\"},\"inLanguage\":\"es\",\"potentialAction\":[{\"@type\":\"ReadAction\",\"target\":[\"https:\\\/\\\/www.eldiario.net\\\/portal\\\/2025\\\/10\\\/08\\\/no-hay-condiciones-para-frenar-los-avasallamientos-segun-viceministro\\\/\"]}]},{\"@type\":\"ImageObject\",\"inLanguage\":\"es\",\"@id\":\"https:\\\/\\\/www.eldiario.net\\\/portal\\\/2025\\\/10\\\/08\\\/no-hay-condiciones-para-frenar-los-avasallamientos-segun-viceministro\\\/#primaryimage\",\"url\":\"https:\\\/\\\/www.eldiario.net\\\/portal\\\/wp-content\\\/uploads\\\/2025\\\/10\\\/8-AVAS.webp\",\"contentUrl\":\"https:\\\/\\\/www.eldiario.net\\\/portal\\\/wp-content\\\/uploads\\\/2025\\\/10\\\/8-AVAS.webp\",\"width\":901,\"height\":675,\"caption\":\"Viceministro Juan Villca. Foto: ANF\"},{\"@type\":\"BreadcrumbList\",\"@id\":\"https:\\\/\\\/www.eldiario.net\\\/portal\\\/2025\\\/10\\\/08\\\/no-hay-condiciones-para-frenar-los-avasallamientos-segun-viceministro\\\/#breadcrumb\",\"itemListElement\":[{\"@type\":\"ListItem\",\"position\":1,\"name\":\"Portada\",\"item\":\"https:\\\/\\\/www.eldiario.net\\\/portal\\\/\"},{\"@type\":\"ListItem\",\"position\":2,\"name\":\"No hay condiciones para frenar los avasallamientos, seg\u00fan viceministro\"}]},{\"@type\":\"WebSite\",\"@id\":\"https:\\\/\\\/www.eldiario.net\\\/portal\\\/#website\",\"url\":\"https:\\\/\\\/www.eldiario.net\\\/portal\\\/\",\"name\":\"El Diario - Decano de la prensa nacional\",\"description\":\"El Diario - Decano de la prensa nacional\",\"publisher\":{\"@id\":\"https:\\\/\\\/www.eldiario.net\\\/portal\\\/#organization\"},\"potentialAction\":[{\"@type\":\"SearchAction\",\"target\":{\"@type\":\"EntryPoint\",\"urlTemplate\":\"https:\\\/\\\/www.eldiario.net\\\/portal\\\/?s={search_term_string}\"},\"query-input\":{\"@type\":\"PropertyValueSpecification\",\"valueRequired\":true,\"valueName\":\"search_term_string\"}}],\"inLanguage\":\"es\"},{\"@type\":\"Organization\",\"@id\":\"https:\\\/\\\/www.eldiario.net\\\/portal\\\/#organization\",\"name\":\"El Diario - Decano de la prensa nacional\",\"url\":\"https:\\\/\\\/www.eldiario.net\\\/portal\\\/\",\"logo\":{\"@type\":\"ImageObject\",\"inLanguage\":\"es\",\"@id\":\"https:\\\/\\\/www.eldiario.net\\\/portal\\\/#\\\/schema\\\/logo\\\/image\\\/\",\"url\":\"https:\\\/\\\/www.eldiario.net\\\/portal\\\/wp-content\\\/uploads\\\/2023\\\/07\\\/logo_ED.jpg\",\"contentUrl\":\"https:\\\/\\\/www.eldiario.net\\\/portal\\\/wp-content\\\/uploads\\\/2023\\\/07\\\/logo_ED.jpg\",\"width\":272,\"height\":52,\"caption\":\"El Diario - Decano de la prensa nacional\"},\"image\":{\"@id\":\"https:\\\/\\\/www.eldiario.net\\\/portal\\\/#\\\/schema\\\/logo\\\/image\\\/\"},\"sameAs\":[\"https:\\\/\\\/www.facebook.com\\\/eldiario.bolivia\\\/\",\"https:\\\/\\\/x.com\\\/eldiario_net\"]},{\"@type\":\"Person\",\"@id\":\"https:\\\/\\\/www.eldiario.net\\\/portal\\\/#\\\/schema\\\/person\\\/2c57cf2b7a7ae032e449e4c9b1019eac\",\"name\":\"Jeanette\",\"image\":{\"@type\":\"ImageObject\",\"inLanguage\":\"es\",\"@id\":\"https:\\\/\\\/secure.gravatar.com\\\/avatar\\\/3ea2118a5f7dad2b7138b1187a6b7ee55f160b9968b66013c3a3ef39dd7e5798?s=96&d=mm&r=g\",\"url\":\"https:\\\/\\\/secure.gravatar.com\\\/avatar\\\/3ea2118a5f7dad2b7138b1187a6b7ee55f160b9968b66013c3a3ef39dd7e5798?s=96&d=mm&r=g\",\"contentUrl\":\"https:\\\/\\\/secure.gravatar.com\\\/avatar\\\/3ea2118a5f7dad2b7138b1187a6b7ee55f160b9968b66013c3a3ef39dd7e5798?s=96&d=mm&r=g\",\"caption\":\"Jeanette\"},\"sameAs\":[\"https:\\\/\\\/www.eldiario.net\\\/portal\"],\"url\":\"https:\\\/\\\/www.eldiario.net\\\/portal\\\/author\\\/jeanette\\\/\"}]}<\/script>\n<!-- \/ Yoast SEO plugin. -->","yoast_head_json":{"title":"No hay condiciones para frenar los avasallamientos, seg\u00fan viceministro - El Diario - Bolivia","robots":{"index":"index","follow":"follow","max-snippet":"max-snippet:-1","max-image-preview":"max-image-preview:large","max-video-preview":"max-video-preview:-1"},"canonical":"https:\/\/www.eldiario.net\/portal\/2025\/10\/08\/no-hay-condiciones-para-frenar-los-avasallamientos-segun-viceministro\/","og_locale":"es_ES","og_type":"article","og_title":"No hay condiciones para frenar los avasallamientos, seg\u00fan viceministro - El Diario - Bolivia","og_description":"El viceministro de Coordinaci\u00f3n con Movimientos Sociales, Juan Villca, admiti\u00f3 ayer que el Gobierno de Luis Arce no tiene condiciones para luchar contra los avasallamientos en Bolivia y que esta tarea debe hacerse en conjunto con los tribunales de Justicia y Agroambiental. \u201cTiene que ser un esfuerzo de todos, pero lamentablemente hay empresarios y otros [&hellip;]","og_url":"https:\/\/www.eldiario.net\/portal\/2025\/10\/08\/no-hay-condiciones-para-frenar-los-avasallamientos-segun-viceministro\/","og_site_name":"El Diario - Bolivia","article_publisher":"https:\/\/www.facebook.com\/eldiario.bolivia\/","article_published_time":"2025-10-08T05:07:25+00:00","og_image":[{"width":901,"height":675,"url":"https:\/\/www.eldiario.net\/portal\/wp-content\/uploads\/2025\/10\/8-AVAS.webp","type":"image\/webp"}],"author":"Jeanette","twitter_card":"summary_large_image","twitter_creator":"@eldiario_net","twitter_site":"@eldiario_net","twitter_misc":{"Escrito por":"Jeanette","Tiempo de lectura":"2 minutos"},"schema":{"@context":"https:\/\/schema.org","@graph":[{"@type":"Article","@id":"https:\/\/www.eldiario.net\/portal\/2025\/10\/08\/no-hay-condiciones-para-frenar-los-avasallamientos-segun-viceministro\/#article","isPartOf":{"@id":"https:\/\/www.eldiario.net\/portal\/2025\/10\/08\/no-hay-condiciones-para-frenar-los-avasallamientos-segun-viceministro\/"},"author":{"name":"Jeanette","@id":"https:\/\/www.eldiario.net\/portal\/#\/schema\/person\/2c57cf2b7a7ae032e449e4c9b1019eac"},"headline":"No hay condiciones para frenar los avasallamientos, seg\u00fan viceministro","datePublished":"2025-10-08T05:07:25+00:00","mainEntityOfPage":{"@id":"https:\/\/www.eldiario.net\/portal\/2025\/10\/08\/no-hay-condiciones-para-frenar-los-avasallamientos-segun-viceministro\/"},"wordCount":351,"publisher":{"@id":"https:\/\/www.eldiario.net\/portal\/#organization"},"image":{"@id":"https:\/\/www.eldiario.net\/portal\/2025\/10\/08\/no-hay-condiciones-para-frenar-los-avasallamientos-segun-viceministro\/#primaryimage"},"thumbnailUrl":"https:\/\/www.eldiario.net\/portal\/wp-content\/uploads\/2025\/10\/8-AVAS.webp","articleSection":["Sociedad - Seguridad"],"inLanguage":"es"},{"@type":"WebPage","@id":"https:\/\/www.eldiario.net\/portal\/2025\/10\/08\/no-hay-condiciones-para-frenar-los-avasallamientos-segun-viceministro\/","url":"https:\/\/www.eldiario.net\/portal\/2025\/10\/08\/no-hay-condiciones-para-frenar-los-avasallamientos-segun-viceministro\/","name":"No hay condiciones para frenar los avasallamientos, seg\u00fan viceministro - El Diario - Bolivia","isPartOf":{"@id":"https:\/\/www.eldiario.net\/portal\/#website"},"primaryImageOfPage":{"@id":"https:\/\/www.eldiario.net\/portal\/2025\/10\/08\/no-hay-condiciones-para-frenar-los-avasallamientos-segun-viceministro\/#primaryimage"},"image":{"@id":"https:\/\/www.eldiario.net\/portal\/2025\/10\/08\/no-hay-condiciones-para-frenar-los-avasallamientos-segun-viceministro\/#primaryimage"},"thumbnailUrl":"https:\/\/www.eldiario.net\/portal\/wp-content\/uploads\/2025\/10\/8-AVAS.webp","datePublished":"2025-10-08T05:07:25+00:00","breadcrumb":{"@id":"https:\/\/www.eldiario.net\/portal\/2025\/10\/08\/no-hay-condiciones-para-frenar-los-avasallamientos-segun-viceministro\/#breadcrumb"},"inLanguage":"es","potentialAction":[{"@type":"ReadAction","target":["https:\/\/www.eldiario.net\/portal\/2025\/10\/08\/no-hay-condiciones-para-frenar-los-avasallamientos-segun-viceministro\/"]}]},{"@type":"ImageObject","inLanguage":"es","@id":"https:\/\/www.eldiario.net\/portal\/2025\/10\/08\/no-hay-condiciones-para-frenar-los-avasallamientos-segun-viceministro\/#primaryimage","url":"https:\/\/www.eldiario.net\/portal\/wp-content\/uploads\/2025\/10\/8-AVAS.webp","contentUrl":"https:\/\/www.eldiario.net\/portal\/wp-content\/uploads\/2025\/10\/8-AVAS.webp","width":901,"height":675,"caption":"Viceministro Juan Villca. Foto: ANF"},{"@type":"BreadcrumbList","@id":"https:\/\/www.eldiario.net\/portal\/2025\/10\/08\/no-hay-condiciones-para-frenar-los-avasallamientos-segun-viceministro\/#breadcrumb","itemListElement":[{"@type":"ListItem","position":1,"name":"Portada","item":"https:\/\/www.eldiario.net\/portal\/"},{"@type":"ListItem","position":2,"name":"No hay condiciones para frenar los avasallamientos, seg\u00fan viceministro"}]},{"@type":"WebSite","@id":"https:\/\/www.eldiario.net\/portal\/#website","url":"https:\/\/www.eldiario.net\/portal\/","name":"El Diario - Decano de la prensa nacional","description":"El Diario - Decano de la prensa nacional","publisher":{"@id":"https:\/\/www.eldiario.net\/portal\/#organization"},"potentialAction":[{"@type":"SearchAction","target":{"@type":"EntryPoint","urlTemplate":"https:\/\/www.eldiario.net\/portal\/?s={search_term_string}"},"query-input":{"@type":"PropertyValueSpecification","valueRequired":true,"valueName":"search_term_string"}}],"inLanguage":"es"},{"@type":"Organization","@id":"https:\/\/www.eldiario.net\/portal\/#organization","name":"El Diario - Decano de la prensa nacional","url":"https:\/\/www.eldiario.net\/portal\/","logo":{"@type":"ImageObject","inLanguage":"es","@id":"https:\/\/www.eldiario.net\/portal\/#\/schema\/logo\/image\/","url":"https:\/\/www.eldiario.net\/portal\/wp-content\/uploads\/2023\/07\/logo_ED.jpg","contentUrl":"https:\/\/www.eldiario.net\/portal\/wp-content\/uploads\/2023\/07\/logo_ED.jpg","width":272,"height":52,"caption":"El Diario - Decano de la prensa nacional"},"image":{"@id":"https:\/\/www.eldiario.net\/portal\/#\/schema\/logo\/image\/"},"sameAs":["https:\/\/www.facebook.com\/eldiario.bolivia\/","https:\/\/x.com\/eldiario_net"]},{"@type":"Person","@id":"https:\/\/www.eldiario.net\/portal\/#\/schema\/person\/2c57cf2b7a7ae032e449e4c9b1019eac","name":"Jeanette","image":{"@type":"ImageObject","inLanguage":"es","@id":"https:\/\/secure.gravatar.com\/avatar\/3ea2118a5f7dad2b7138b1187a6b7ee55f160b9968b66013c3a3ef39dd7e5798?s=96&d=mm&r=g","url":"https:\/\/secure.gravatar.com\/avatar\/3ea2118a5f7dad2b7138b1187a6b7ee55f160b9968b66013c3a3ef39dd7e5798?s=96&d=mm&r=g","contentUrl":"https:\/\/secure.gravatar.com\/avatar\/3ea2118a5f7dad2b7138b1187a6b7ee55f160b9968b66013c3a3ef39dd7e5798?s=96&d=mm&r=g","caption":"Jeanette"},"sameAs":["https:\/\/www.eldiario.net\/portal"],"url":"https:\/\/www.eldiario.net\/portal\/author\/jeanette\/"}]}},"_links":{"self":[{"href":"https:\/\/www.eldiario.net\/portal\/wp-json\/wp\/v2\/posts\/336704","targetHints":{"allow":["GET"]}}],"collection":[{"href":"https:\/\/www.eldiario.net\/portal\/wp-json\/wp\/v2\/posts"}],"about":[{"href":"https:\/\/www.eldiario.net\/portal\/wp-json\/wp\/v2\/types\/post"}],"author":[{"embeddable":true,"href":"https:\/\/www.eldiario.net\/portal\/wp-json\/wp\/v2\/users\/1"}],"replies":[{"embeddable":true,"href":"https:\/\/www.eldiario.net\/portal\/wp-json\/wp\/v2\/comments?post=336704"}],"version-history":[{"count":1,"href":"https:\/\/www.eldiario.net\/portal\/wp-json\/wp\/v2\/posts\/336704\/revisions"}],"predecessor-version":[{"id":336706,"href":"https:\/\/www.eldiario.net\/portal\/wp-json\/wp\/v2\/posts\/336704\/revisions\/336706"}],"wp:featuredmedia":[{"embeddable":true,"href":"https:\/\/www.eldiario.net\/portal\/wp-json\/wp\/v2\/media\/336705"}],"wp:attachment":[{"href":"https:\/\/www.eldiario.net\/portal\/wp-json\/wp\/v2\/media?parent=336704"}],"wp:term":[{"taxonomy":"category","embeddable":true,"href":"https:\/\/www.eldiario.net\/portal\/wp-json\/wp\/v2\/categories?post=336704"},{"taxonomy":"post_tag","embeddable":true,"href":"https:\/\/www.eldiario.net\/portal\/wp-json\/wp\/v2\/tags?post=336704"}],"curies":[{"name":"wp","href":"https:\/\/api.w.org\/{rel}","templated":true}]}}