{"id":336701,"date":"2025-10-08T01:05:07","date_gmt":"2025-10-08T05:05:07","guid":{"rendered":"https:\/\/www.eldiario.net\/portal\/?p=336701"},"modified":"2025-10-07T22:07:15","modified_gmt":"2025-10-08T02:07:15","slug":"marco-pumari-con-detencion-domiciliaria-y-salida-laboral","status":"publish","type":"post","link":"https:\/\/www.eldiario.net\/portal\/2025\/10\/08\/marco-pumari-con-detencion-domiciliaria-y-salida-laboral\/","title":{"rendered":"Marco Pumari con detenci\u00f3n domiciliaria y salida laboral"},"content":{"rendered":"<p>El exdirigente del Comit\u00e9 C\u00edvico Potosinista (Comcipo), Marco Antonio Pumari, logr\u00f3 beneficiarse con detenci\u00f3n domiciliaria con derecho al trabajo en el proceso que se le sigue por la quema del edificio del Tribunal Electoral Departamental (TED) de Potos\u00ed en 2019; ahora es asistente personal de dos asamble\u00edstas departamentales.<\/p>\n<p>\u201c(Ayer) se llev\u00f3 a cabo una audiencia para modificar las medidas cautelares, donde hemos solicitado el derecho al trabajo. Debo agradecer a los jueces y al Ministerio P\u00fablico que han sentido por mi persona, son casi cuatro a\u00f1os que he estado parado y ese derecho (al trabajo) se me ha otorgado\u201d, declar\u00f3 Pumari, a su salida de la audiencia en la que fue beneficiado con medidas sustitutivas.<\/p>\n<p>Pumari inform\u00f3 que ya consigui\u00f3 trabajo como asistente personal de los asamble\u00edstas departamentales de la Agrupaci\u00f3n Ciudadana Proyecto Potos\u00ed (PP), Reynaldo Romana y Mar\u00eda Quispe, por lo que luego de m\u00e1s de tres a\u00f1os de reclusi\u00f3n podr\u00e1 atender las necesidades econ\u00f3micas de su familia.<\/p>\n<p>A la cabeza de esta alianza municipal, Pumari lidera un proceso de reconversi\u00f3n a nivel departamental mientras no descarta su regreso a la pol\u00edtica, probablemente como candidato en las pr\u00f3ximas elecciones subnacionales de 2026, seg\u00fan reportaron medios locales. (Potos\u00ed, EL DIARIO y agencias)<\/p>\n","protected":false},"excerpt":{"rendered":"<p>El exdirigente del Comit\u00e9 C\u00edvico Potosinista (Comcipo), Marco Antonio Pumari, logr\u00f3 beneficiarse con detenci\u00f3n domiciliaria con derecho al trabajo en el proceso que se le sigue por la quema del edificio del Tribunal Electoral Departamental (TED) de Potos\u00ed en 2019; ahora es asistente personal de dos asamble\u00edstas departamentales. \u201c(Ayer) se llev\u00f3 a cabo una audiencia [&hellip;]<\/p>\n","protected":false},"author":1,"featured_media":336702,"comment_status":"closed","ping_status":"open","sticky":false,"template":"","format":"standard","meta":{"_acf_changed":false,"footnotes":""},"categories":[39],"tags":[],"class_list":["post-336701","post","type-post","status-publish","format-standard","has-post-thumbnail","category-sociedad"],"acf":{"antetitulo":"Caso quema TED "},"yoast_head":"<!-- This site is optimized with the Yoast SEO plugin v28.4 - https:\/\/yoast.com\/product\/yoast-seo-wordpress\/ -->\n<title>Marco Pumari con detenci\u00f3n domiciliaria y salida laboral - El Diario - Bolivia<\/title>\n<meta name=\"robots\" content=\"index, follow, max-snippet:-1, max-image-preview:large, max-video-preview:-1\" \/>\n<link rel=\"canonical\" href=\"https:\/\/www.eldiario.net\/portal\/2025\/10\/08\/marco-pumari-con-detencion-domiciliaria-y-salida-laboral\/\" \/>\n<meta property=\"og:locale\" content=\"es_ES\" \/>\n<meta property=\"og:type\" content=\"article\" \/>\n<meta property=\"og:title\" content=\"Marco Pumari con detenci\u00f3n domiciliaria y salida laboral - El Diario - Bolivia\" \/>\n<meta property=\"og:description\" content=\"El exdirigente del Comit\u00e9 C\u00edvico Potosinista (Comcipo), Marco Antonio Pumari, logr\u00f3 beneficiarse con detenci\u00f3n domiciliaria con derecho al trabajo en el proceso que se le sigue por la quema del edificio del Tribunal Electoral Departamental (TED) de Potos\u00ed en 2019; ahora es asistente personal de dos asamble\u00edstas departamentales. \u201c(Ayer) se llev\u00f3 a cabo una audiencia [&hellip;]\" \/>\n<meta property=\"og:url\" content=\"https:\/\/www.eldiario.net\/portal\/2025\/10\/08\/marco-pumari-con-detencion-domiciliaria-y-salida-laboral\/\" \/>\n<meta property=\"og:site_name\" content=\"El Diario - Bolivia\" \/>\n<meta property=\"article:publisher\" content=\"https:\/\/www.facebook.com\/eldiario.bolivia\/\" \/>\n<meta property=\"article:published_time\" content=\"2025-10-08T05:05:07+00:00\" \/>\n<meta property=\"og:image\" content=\"https:\/\/www.eldiario.net\/portal\/wp-content\/uploads\/2025\/10\/9-PUMARI.webp\" \/>\n\t<meta property=\"og:image:width\" content=\"980\" \/>\n\t<meta property=\"og:image:height\" content=\"547\" \/>\n\t<meta property=\"og:image:type\" content=\"image\/webp\" \/>\n<meta name=\"author\" content=\"Jeanette\" \/>\n<meta name=\"twitter:card\" content=\"summary_large_image\" \/>\n<meta name=\"twitter:creator\" content=\"@eldiario_net\" \/>\n<meta name=\"twitter:site\" content=\"@eldiario_net\" \/>\n<meta name=\"twitter:label1\" content=\"Escrito por\" \/>\n\t<meta name=\"twitter:data1\" content=\"Jeanette\" \/>\n\t<meta name=\"twitter:label2\" content=\"Tiempo de lectura\" \/>\n\t<meta name=\"twitter:data2\" content=\"2 minutos\" \/>\n<script type=\"application\/ld+json\" class=\"yoast-schema-graph\">{\"@context\":\"https:\\\/\\\/schema.org\",\"@graph\":[{\"@type\":\"Article\",\"@id\":\"https:\\\/\\\/www.eldiario.net\\\/portal\\\/2025\\\/10\\\/08\\\/marco-pumari-con-detencion-domiciliaria-y-salida-laboral\\\/#article\",\"isPartOf\":{\"@id\":\"https:\\\/\\\/www.eldiario.net\\\/portal\\\/2025\\\/10\\\/08\\\/marco-pumari-con-detencion-domiciliaria-y-salida-laboral\\\/\"},\"author\":{\"name\":\"Jeanette\",\"@id\":\"https:\\\/\\\/www.eldiario.net\\\/portal\\\/#\\\/schema\\\/person\\\/2c57cf2b7a7ae032e449e4c9b1019eac\"},\"headline\":\"Marco Pumari con detenci\u00f3n domiciliaria y salida laboral\",\"datePublished\":\"2025-10-08T05:05:07+00:00\",\"mainEntityOfPage\":{\"@id\":\"https:\\\/\\\/www.eldiario.net\\\/portal\\\/2025\\\/10\\\/08\\\/marco-pumari-con-detencion-domiciliaria-y-salida-laboral\\\/\"},\"wordCount\":225,\"publisher\":{\"@id\":\"https:\\\/\\\/www.eldiario.net\\\/portal\\\/#organization\"},\"image\":{\"@id\":\"https:\\\/\\\/www.eldiario.net\\\/portal\\\/2025\\\/10\\\/08\\\/marco-pumari-con-detencion-domiciliaria-y-salida-laboral\\\/#primaryimage\"},\"thumbnailUrl\":\"https:\\\/\\\/www.eldiario.net\\\/portal\\\/wp-content\\\/uploads\\\/2025\\\/10\\\/9-PUMARI.webp\",\"articleSection\":[\"Sociedad - Seguridad\"],\"inLanguage\":\"es\"},{\"@type\":\"WebPage\",\"@id\":\"https:\\\/\\\/www.eldiario.net\\\/portal\\\/2025\\\/10\\\/08\\\/marco-pumari-con-detencion-domiciliaria-y-salida-laboral\\\/\",\"url\":\"https:\\\/\\\/www.eldiario.net\\\/portal\\\/2025\\\/10\\\/08\\\/marco-pumari-con-detencion-domiciliaria-y-salida-laboral\\\/\",\"name\":\"Marco Pumari con detenci\u00f3n domiciliaria y salida laboral - El Diario - Bolivia\",\"isPartOf\":{\"@id\":\"https:\\\/\\\/www.eldiario.net\\\/portal\\\/#website\"},\"primaryImageOfPage\":{\"@id\":\"https:\\\/\\\/www.eldiario.net\\\/portal\\\/2025\\\/10\\\/08\\\/marco-pumari-con-detencion-domiciliaria-y-salida-laboral\\\/#primaryimage\"},\"image\":{\"@id\":\"https:\\\/\\\/www.eldiario.net\\\/portal\\\/2025\\\/10\\\/08\\\/marco-pumari-con-detencion-domiciliaria-y-salida-laboral\\\/#primaryimage\"},\"thumbnailUrl\":\"https:\\\/\\\/www.eldiario.net\\\/portal\\\/wp-content\\\/uploads\\\/2025\\\/10\\\/9-PUMARI.webp\",\"datePublished\":\"2025-10-08T05:05:07+00:00\",\"breadcrumb\":{\"@id\":\"https:\\\/\\\/www.eldiario.net\\\/portal\\\/2025\\\/10\\\/08\\\/marco-pumari-con-detencion-domiciliaria-y-salida-laboral\\\/#breadcrumb\"},\"inLanguage\":\"es\",\"potentialAction\":[{\"@type\":\"ReadAction\",\"target\":[\"https:\\\/\\\/www.eldiario.net\\\/portal\\\/2025\\\/10\\\/08\\\/marco-pumari-con-detencion-domiciliaria-y-salida-laboral\\\/\"]}]},{\"@type\":\"ImageObject\",\"inLanguage\":\"es\",\"@id\":\"https:\\\/\\\/www.eldiario.net\\\/portal\\\/2025\\\/10\\\/08\\\/marco-pumari-con-detencion-domiciliaria-y-salida-laboral\\\/#primaryimage\",\"url\":\"https:\\\/\\\/www.eldiario.net\\\/portal\\\/wp-content\\\/uploads\\\/2025\\\/10\\\/9-PUMARI.webp\",\"contentUrl\":\"https:\\\/\\\/www.eldiario.net\\\/portal\\\/wp-content\\\/uploads\\\/2025\\\/10\\\/9-PUMARI.webp\",\"width\":980,\"height\":547,\"caption\":\"Exc\u00edvico y actual dirigente de Proyecto Potos\u00ed, Marco Antonio Pumari. Foto: Archivo Correo del Sur\"},{\"@type\":\"BreadcrumbList\",\"@id\":\"https:\\\/\\\/www.eldiario.net\\\/portal\\\/2025\\\/10\\\/08\\\/marco-pumari-con-detencion-domiciliaria-y-salida-laboral\\\/#breadcrumb\",\"itemListElement\":[{\"@type\":\"ListItem\",\"position\":1,\"name\":\"Portada\",\"item\":\"https:\\\/\\\/www.eldiario.net\\\/portal\\\/\"},{\"@type\":\"ListItem\",\"position\":2,\"name\":\"Marco Pumari con detenci\u00f3n domiciliaria y salida laboral\"}]},{\"@type\":\"WebSite\",\"@id\":\"https:\\\/\\\/www.eldiario.net\\\/portal\\\/#website\",\"url\":\"https:\\\/\\\/www.eldiario.net\\\/portal\\\/\",\"name\":\"El Diario - Decano de la prensa nacional\",\"description\":\"El Diario - Decano de la prensa nacional\",\"publisher\":{\"@id\":\"https:\\\/\\\/www.eldiario.net\\\/portal\\\/#organization\"},\"potentialAction\":[{\"@type\":\"SearchAction\",\"target\":{\"@type\":\"EntryPoint\",\"urlTemplate\":\"https:\\\/\\\/www.eldiario.net\\\/portal\\\/?s={search_term_string}\"},\"query-input\":{\"@type\":\"PropertyValueSpecification\",\"valueRequired\":true,\"valueName\":\"search_term_string\"}}],\"inLanguage\":\"es\"},{\"@type\":\"Organization\",\"@id\":\"https:\\\/\\\/www.eldiario.net\\\/portal\\\/#organization\",\"name\":\"El Diario - Decano de la prensa nacional\",\"url\":\"https:\\\/\\\/www.eldiario.net\\\/portal\\\/\",\"logo\":{\"@type\":\"ImageObject\",\"inLanguage\":\"es\",\"@id\":\"https:\\\/\\\/www.eldiario.net\\\/portal\\\/#\\\/schema\\\/logo\\\/image\\\/\",\"url\":\"https:\\\/\\\/www.eldiario.net\\\/portal\\\/wp-content\\\/uploads\\\/2023\\\/07\\\/logo_ED.jpg\",\"contentUrl\":\"https:\\\/\\\/www.eldiario.net\\\/portal\\\/wp-content\\\/uploads\\\/2023\\\/07\\\/logo_ED.jpg\",\"width\":272,\"height\":52,\"caption\":\"El Diario - Decano de la prensa nacional\"},\"image\":{\"@id\":\"https:\\\/\\\/www.eldiario.net\\\/portal\\\/#\\\/schema\\\/logo\\\/image\\\/\"},\"sameAs\":[\"https:\\\/\\\/www.facebook.com\\\/eldiario.bolivia\\\/\",\"https:\\\/\\\/x.com\\\/eldiario_net\"]},{\"@type\":\"Person\",\"@id\":\"https:\\\/\\\/www.eldiario.net\\\/portal\\\/#\\\/schema\\\/person\\\/2c57cf2b7a7ae032e449e4c9b1019eac\",\"name\":\"Jeanette\",\"image\":{\"@type\":\"ImageObject\",\"inLanguage\":\"es\",\"@id\":\"https:\\\/\\\/secure.gravatar.com\\\/avatar\\\/3ea2118a5f7dad2b7138b1187a6b7ee55f160b9968b66013c3a3ef39dd7e5798?s=96&d=mm&r=g\",\"url\":\"https:\\\/\\\/secure.gravatar.com\\\/avatar\\\/3ea2118a5f7dad2b7138b1187a6b7ee55f160b9968b66013c3a3ef39dd7e5798?s=96&d=mm&r=g\",\"contentUrl\":\"https:\\\/\\\/secure.gravatar.com\\\/avatar\\\/3ea2118a5f7dad2b7138b1187a6b7ee55f160b9968b66013c3a3ef39dd7e5798?s=96&d=mm&r=g\",\"caption\":\"Jeanette\"},\"sameAs\":[\"https:\\\/\\\/www.eldiario.net\\\/portal\"],\"url\":\"https:\\\/\\\/www.eldiario.net\\\/portal\\\/author\\\/jeanette\\\/\"}]}<\/script>\n<!-- \/ Yoast SEO plugin. -->","yoast_head_json":{"title":"Marco Pumari con detenci\u00f3n domiciliaria y salida laboral - El Diario - Bolivia","robots":{"index":"index","follow":"follow","max-snippet":"max-snippet:-1","max-image-preview":"max-image-preview:large","max-video-preview":"max-video-preview:-1"},"canonical":"https:\/\/www.eldiario.net\/portal\/2025\/10\/08\/marco-pumari-con-detencion-domiciliaria-y-salida-laboral\/","og_locale":"es_ES","og_type":"article","og_title":"Marco Pumari con detenci\u00f3n domiciliaria y salida laboral - El Diario - Bolivia","og_description":"El exdirigente del Comit\u00e9 C\u00edvico Potosinista (Comcipo), Marco Antonio Pumari, logr\u00f3 beneficiarse con detenci\u00f3n domiciliaria con derecho al trabajo en el proceso que se le sigue por la quema del edificio del Tribunal Electoral Departamental (TED) de Potos\u00ed en 2019; ahora es asistente personal de dos asamble\u00edstas departamentales. \u201c(Ayer) se llev\u00f3 a cabo una audiencia [&hellip;]","og_url":"https:\/\/www.eldiario.net\/portal\/2025\/10\/08\/marco-pumari-con-detencion-domiciliaria-y-salida-laboral\/","og_site_name":"El Diario - Bolivia","article_publisher":"https:\/\/www.facebook.com\/eldiario.bolivia\/","article_published_time":"2025-10-08T05:05:07+00:00","og_image":[{"width":980,"height":547,"url":"https:\/\/www.eldiario.net\/portal\/wp-content\/uploads\/2025\/10\/9-PUMARI.webp","type":"image\/webp"}],"author":"Jeanette","twitter_card":"summary_large_image","twitter_creator":"@eldiario_net","twitter_site":"@eldiario_net","twitter_misc":{"Escrito por":"Jeanette","Tiempo de lectura":"2 minutos"},"schema":{"@context":"https:\/\/schema.org","@graph":[{"@type":"Article","@id":"https:\/\/www.eldiario.net\/portal\/2025\/10\/08\/marco-pumari-con-detencion-domiciliaria-y-salida-laboral\/#article","isPartOf":{"@id":"https:\/\/www.eldiario.net\/portal\/2025\/10\/08\/marco-pumari-con-detencion-domiciliaria-y-salida-laboral\/"},"author":{"name":"Jeanette","@id":"https:\/\/www.eldiario.net\/portal\/#\/schema\/person\/2c57cf2b7a7ae032e449e4c9b1019eac"},"headline":"Marco Pumari con detenci\u00f3n domiciliaria y salida laboral","datePublished":"2025-10-08T05:05:07+00:00","mainEntityOfPage":{"@id":"https:\/\/www.eldiario.net\/portal\/2025\/10\/08\/marco-pumari-con-detencion-domiciliaria-y-salida-laboral\/"},"wordCount":225,"publisher":{"@id":"https:\/\/www.eldiario.net\/portal\/#organization"},"image":{"@id":"https:\/\/www.eldiario.net\/portal\/2025\/10\/08\/marco-pumari-con-detencion-domiciliaria-y-salida-laboral\/#primaryimage"},"thumbnailUrl":"https:\/\/www.eldiario.net\/portal\/wp-content\/uploads\/2025\/10\/9-PUMARI.webp","articleSection":["Sociedad - Seguridad"],"inLanguage":"es"},{"@type":"WebPage","@id":"https:\/\/www.eldiario.net\/portal\/2025\/10\/08\/marco-pumari-con-detencion-domiciliaria-y-salida-laboral\/","url":"https:\/\/www.eldiario.net\/portal\/2025\/10\/08\/marco-pumari-con-detencion-domiciliaria-y-salida-laboral\/","name":"Marco Pumari con detenci\u00f3n domiciliaria y salida laboral - El Diario - Bolivia","isPartOf":{"@id":"https:\/\/www.eldiario.net\/portal\/#website"},"primaryImageOfPage":{"@id":"https:\/\/www.eldiario.net\/portal\/2025\/10\/08\/marco-pumari-con-detencion-domiciliaria-y-salida-laboral\/#primaryimage"},"image":{"@id":"https:\/\/www.eldiario.net\/portal\/2025\/10\/08\/marco-pumari-con-detencion-domiciliaria-y-salida-laboral\/#primaryimage"},"thumbnailUrl":"https:\/\/www.eldiario.net\/portal\/wp-content\/uploads\/2025\/10\/9-PUMARI.webp","datePublished":"2025-10-08T05:05:07+00:00","breadcrumb":{"@id":"https:\/\/www.eldiario.net\/portal\/2025\/10\/08\/marco-pumari-con-detencion-domiciliaria-y-salida-laboral\/#breadcrumb"},"inLanguage":"es","potentialAction":[{"@type":"ReadAction","target":["https:\/\/www.eldiario.net\/portal\/2025\/10\/08\/marco-pumari-con-detencion-domiciliaria-y-salida-laboral\/"]}]},{"@type":"ImageObject","inLanguage":"es","@id":"https:\/\/www.eldiario.net\/portal\/2025\/10\/08\/marco-pumari-con-detencion-domiciliaria-y-salida-laboral\/#primaryimage","url":"https:\/\/www.eldiario.net\/portal\/wp-content\/uploads\/2025\/10\/9-PUMARI.webp","contentUrl":"https:\/\/www.eldiario.net\/portal\/wp-content\/uploads\/2025\/10\/9-PUMARI.webp","width":980,"height":547,"caption":"Exc\u00edvico y actual dirigente de Proyecto Potos\u00ed, Marco Antonio Pumari. Foto: Archivo Correo del Sur"},{"@type":"BreadcrumbList","@id":"https:\/\/www.eldiario.net\/portal\/2025\/10\/08\/marco-pumari-con-detencion-domiciliaria-y-salida-laboral\/#breadcrumb","itemListElement":[{"@type":"ListItem","position":1,"name":"Portada","item":"https:\/\/www.eldiario.net\/portal\/"},{"@type":"ListItem","position":2,"name":"Marco Pumari con detenci\u00f3n domiciliaria y salida laboral"}]},{"@type":"WebSite","@id":"https:\/\/www.eldiario.net\/portal\/#website","url":"https:\/\/www.eldiario.net\/portal\/","name":"El Diario - Decano de la prensa nacional","description":"El Diario - Decano de la prensa nacional","publisher":{"@id":"https:\/\/www.eldiario.net\/portal\/#organization"},"potentialAction":[{"@type":"SearchAction","target":{"@type":"EntryPoint","urlTemplate":"https:\/\/www.eldiario.net\/portal\/?s={search_term_string}"},"query-input":{"@type":"PropertyValueSpecification","valueRequired":true,"valueName":"search_term_string"}}],"inLanguage":"es"},{"@type":"Organization","@id":"https:\/\/www.eldiario.net\/portal\/#organization","name":"El Diario - Decano de la prensa nacional","url":"https:\/\/www.eldiario.net\/portal\/","logo":{"@type":"ImageObject","inLanguage":"es","@id":"https:\/\/www.eldiario.net\/portal\/#\/schema\/logo\/image\/","url":"https:\/\/www.eldiario.net\/portal\/wp-content\/uploads\/2023\/07\/logo_ED.jpg","contentUrl":"https:\/\/www.eldiario.net\/portal\/wp-content\/uploads\/2023\/07\/logo_ED.jpg","width":272,"height":52,"caption":"El Diario - Decano de la prensa nacional"},"image":{"@id":"https:\/\/www.eldiario.net\/portal\/#\/schema\/logo\/image\/"},"sameAs":["https:\/\/www.facebook.com\/eldiario.bolivia\/","https:\/\/x.com\/eldiario_net"]},{"@type":"Person","@id":"https:\/\/www.eldiario.net\/portal\/#\/schema\/person\/2c57cf2b7a7ae032e449e4c9b1019eac","name":"Jeanette","image":{"@type":"ImageObject","inLanguage":"es","@id":"https:\/\/secure.gravatar.com\/avatar\/3ea2118a5f7dad2b7138b1187a6b7ee55f160b9968b66013c3a3ef39dd7e5798?s=96&d=mm&r=g","url":"https:\/\/secure.gravatar.com\/avatar\/3ea2118a5f7dad2b7138b1187a6b7ee55f160b9968b66013c3a3ef39dd7e5798?s=96&d=mm&r=g","contentUrl":"https:\/\/secure.gravatar.com\/avatar\/3ea2118a5f7dad2b7138b1187a6b7ee55f160b9968b66013c3a3ef39dd7e5798?s=96&d=mm&r=g","caption":"Jeanette"},"sameAs":["https:\/\/www.eldiario.net\/portal"],"url":"https:\/\/www.eldiario.net\/portal\/author\/jeanette\/"}]}},"_links":{"self":[{"href":"https:\/\/www.eldiario.net\/portal\/wp-json\/wp\/v2\/posts\/336701","targetHints":{"allow":["GET"]}}],"collection":[{"href":"https:\/\/www.eldiario.net\/portal\/wp-json\/wp\/v2\/posts"}],"about":[{"href":"https:\/\/www.eldiario.net\/portal\/wp-json\/wp\/v2\/types\/post"}],"author":[{"embeddable":true,"href":"https:\/\/www.eldiario.net\/portal\/wp-json\/wp\/v2\/users\/1"}],"replies":[{"embeddable":true,"href":"https:\/\/www.eldiario.net\/portal\/wp-json\/wp\/v2\/comments?post=336701"}],"version-history":[{"count":1,"href":"https:\/\/www.eldiario.net\/portal\/wp-json\/wp\/v2\/posts\/336701\/revisions"}],"predecessor-version":[{"id":336703,"href":"https:\/\/www.eldiario.net\/portal\/wp-json\/wp\/v2\/posts\/336701\/revisions\/336703"}],"wp:featuredmedia":[{"embeddable":true,"href":"https:\/\/www.eldiario.net\/portal\/wp-json\/wp\/v2\/media\/336702"}],"wp:attachment":[{"href":"https:\/\/www.eldiario.net\/portal\/wp-json\/wp\/v2\/media?parent=336701"}],"wp:term":[{"taxonomy":"category","embeddable":true,"href":"https:\/\/www.eldiario.net\/portal\/wp-json\/wp\/v2\/categories?post=336701"},{"taxonomy":"post_tag","embeddable":true,"href":"https:\/\/www.eldiario.net\/portal\/wp-json\/wp\/v2\/tags?post=336701"}],"curies":[{"name":"wp","href":"https:\/\/api.w.org\/{rel}","templated":true}]}}