{"id":336692,"date":"2025-10-08T01:01:50","date_gmt":"2025-10-08T05:01:50","guid":{"rendered":"https:\/\/www.eldiario.net\/portal\/?p=336692"},"modified":"2025-10-07T22:03:28","modified_gmt":"2025-10-08T02:03:28","slug":"reynaldo-pacheco-fue-nominado-en-los-premios-produ-2025","status":"publish","type":"post","link":"https:\/\/www.eldiario.net\/portal\/2025\/10\/08\/reynaldo-pacheco-fue-nominado-en-los-premios-produ-2025\/","title":{"rendered":"Reynaldo Pacheco fue nominado  en los Premios PRODU 2025"},"content":{"rendered":"<p>Reynaldo Pacheco fue nominado en la categor\u00eda Mejor Actor Protag\u00f3nico de Telenovela Familiar en los Premios PRODU 2025 gracias a su protag\u00f3nico en la exitosa teleserie <em>Eres Mi Sangre<\/em>, producida y transmitida por Am\u00e9rica Televisi\u00f3n (Per\u00fa).<\/p>\n<p>Esta nominaci\u00f3n confirma a Pacheco como una de las figuras emergentes m\u00e1s prometedoras de la actuaci\u00f3n latinoamericana y lo coloca directamente en la mira de grandes estudios y plataformas, como Caracol, Amazon, VIX y otras productoras internacionales, que buscan trabajar con nuevos talentos capaces de conectar con audiencias globales.<\/p>\n<p>Los Premios PRODU son el m\u00e1ximo reconocimiento a la industria audiovisual en espa\u00f1ol e iberoamericana. Distinguen a los mejores contenidos, actores, productores y t\u00e9cnicos del a\u00f1o.<\/p>\n<p>Con m\u00e1s de 700 jurados internacionales de la industria, se han convertido en un referente de prestigio y calidad.<\/p>\n<p>La gala 2025 se celebrar\u00e1 el 29 y 30 de octubre en Canc\u00fan, dentro del marco del MIP Canc\u00fan, un evento clave para la industria audiovisual.<\/p>\n<p><strong>PARTICIPANTES DESTACADOS<\/strong><\/p>\n<p>Entre los nominados figuran celebridades de gran impacto, como Eugenio Derbez (Acapulco 4, Y llegaron de noche), Belinda, Regina Bland\u00f3n, Luis Gerardo M\u00e9ndez, Lali Esp\u00f3sito y Ana Valeria Becerril.<\/p>\n<p>M\u00e9xico, Argentina, Espa\u00f1a, Colombia y Brasil encabezan la lista de pa\u00edses con mayor n\u00famero de nominaciones, lo que demuestra el car\u00e1cter diverso, global e inclusivo del certamen.<\/p>\n<p><strong>\u00bfQU\u00c9 SIGNIFICA ESTA NOMINACI\u00d3N PARA AM\u00c9RICA TELEVISI\u00d3N, PER\u00da Y BOLIVIA?<\/strong><\/p>\n<p>Para Am\u00e9rica Televisi\u00f3n (Per\u00fa), demuestra la calidad internacional de sus producciones y refuerza su prestigio como una de las televisoras l\u00edderes en la regi\u00f3n. <em>Eres Mi Sangre<\/em> no solo conquist\u00f3 al p\u00fablico peruano, sino que ahora recibe reconocimiento en la arena internacional.<\/p>\n<p>Para Per\u00fa marca un hito en la proyecci\u00f3n de la industria televisiva peruana, mostrando que el pa\u00eds tiene el talento y la capacidad de producci\u00f3n para competir en un escenario latinoamericano de alto nivel.<\/p>\n<p>Para Bolivia, esta nominaci\u00f3n resalta la presencia boliviana en la escena internacional a trav\u00e9s de Reynaldo Pacheco, mostrando que el talento nacido en Bolivia puede alcanzar reconocimiento en toda Iberoam\u00e9rica y abrir camino a nuevas generaciones.<\/p>\n<p><strong>\u00bfQU\u00c9 DEMUESTRA REYNALDO PACHECO CON ESTA NOMINACI\u00d3N?<\/strong><\/p>\n<p>* Versatilidad y entrega art\u00edstica: Su papel en <em>Eres Mi Sangre<\/em> muestra una profundidad emocional y una capacidad actoral que lo posiciona entre los mejores de la regi\u00f3n.<\/p>\n<p>* Proyecci\u00f3n internacional: Su nominaci\u00f3n capta la atenci\u00f3n de grandes estudios y plataformas internacionales que buscan actores con fuerza, autenticidad y alcance global.<\/p>\n<p>* Orgullo latinoamericano: Como actor boliviano trabajando en Per\u00fa, su nominaci\u00f3n refleja la uni\u00f3n de culturas y la fuerza creativa de Am\u00e9rica Latina.<\/p>\n<p>* Inspiraci\u00f3n para otros talentos: Representa un ejemplo de superaci\u00f3n y crecimiento para actores de mercados emergentes, probando que la excelencia trasciende fronteras.<\/p>\n<p>La nominaci\u00f3n de Reynaldo Pacheco en los Premios PRODU 2025 por su trabajo en <em>Eres Mi Sangre<\/em> es un motivo de orgullo para Bolivia, Per\u00fa y toda Latinoam\u00e9rica. Es la confirmaci\u00f3n de que el talento latinoamericano brilla con fuerza en la industria audiovisual y que los sue\u00f1os, cuando se acompa\u00f1an de disciplina y entrega, pueden llegar a la cima de los escenarios internacionales.<\/p>\n<p><strong>EL ACTOR<\/strong><\/p>\n<p>Reynaldo Pacheco ha trabajado en papeles protag\u00f3nicos junto a ganadores del Oscar como Sandra Bullock, George Clooney, Christopher Plummer, Ernest Borgnine, June Squibb y Billy Bob Thornton. Tambi\u00e9n con estrellas como Ewan McGregor, Eva Longoria, Kate del Castillo y Ozuna.<\/p>\n<p>Sus clientes son Netflix, Warner Brothers, Caribbean Cinemas, CBS, HBO y Participant Media.<\/p>\n<p>Fund\u00f3 la reconocida cadena internacional de escuelas de actuaci\u00f3n, \u00abHollywood Academy of Performing Arts\u00bb. Algunos de sus alumnos famosos son Kendall Jenner, Karol G, Camilla Morrone y Caro Daur.<\/p>\n<p>Sus \u00faltimas producciones fueron las novelas \u201cTu Nombre y el M\u00edo\u201d y \u201cEres Mi Sangre\u201d de Am\u00e9rica Televisi\u00f3n. Ambas fueron la n\u00famero uno en varios pa\u00edses de Latinoam\u00e9rica.<\/p>\n\r\n                <style type=\"text\/css\">\r\n                    \r\n                    #tdi_1  .td-doubleSlider-2 .td-item1 {\r\n                        background: url(https:\/\/www.eldiario.net\/portal\/wp-content\/uploads\/2025\/10\/4-reynaldo-80x60.webp) 0 0 no-repeat;\r\n                    }\r\n                    #tdi_1  .td-doubleSlider-2 .td-item2 {\r\n                        background: url(https:\/\/www.eldiario.net\/portal\/wp-content\/uploads\/2025\/10\/1-reynaldo-PRINCIPAL-80x60.webp) 0 0 no-repeat;\r\n                    }\r\n                    #tdi_1  .td-doubleSlider-2 .td-item3 {\r\n                        background: url(https:\/\/www.eldiario.net\/portal\/wp-content\/uploads\/2025\/10\/2-reynaldo-80x60.webp) 0 0 no-repeat;\r\n                    }\r\n                    #tdi_1  .td-doubleSlider-2 .td-item4 {\r\n                        background: url(https:\/\/www.eldiario.net\/portal\/wp-content\/uploads\/2025\/10\/3-reynaldo-80x60.webp) 0 0 no-repeat;\r\n                    }\r\n                    #tdi_1  .td-doubleSlider-2 .td-item5 {\r\n                        background: url(https:\/\/www.eldiario.net\/portal\/wp-content\/uploads\/2025\/10\/5-reynaldo-80x60.webp) 0 0 no-repeat;\r\n                    }\r\n                    #tdi_1  .td-doubleSlider-2 .td-item6 {\r\n                        background: url(https:\/\/www.eldiario.net\/portal\/wp-content\/uploads\/2025\/10\/6-reynaldo-80x60.webp) 0 0 no-repeat;\r\n                    }\r\n                    #tdi_1  .td-doubleSlider-2 .td-item7 {\r\n                        background: url(https:\/\/www.eldiario.net\/portal\/wp-content\/uploads\/2025\/10\/7-reynaldo-80x60.webp) 0 0 no-repeat;\r\n                    }\r\n                <\/style>\r\n\r\n                <div id=\"tdi_1\" class=\"td-gallery td-slide-on-2-columns\">\r\n                    <div class=\"post_td_gallery\">\r\n                        <div class=\"td-gallery-slide-top\">\r\n                           <div class=\"td-gallery-title\"><\/div>\r\n\r\n                            <div class=\"td-gallery-controls-wrapper\">\r\n                                <div class=\"td-gallery-slide-count\"><span class=\"td-gallery-slide-item-focus\">1<\/span> de 7<\/div>\r\n                                <div class=\"td-gallery-slide-prev-next-but\">\r\n                                    <i class = \"td-icon-left doubleSliderPrevButton\"><\/i>\r\n                                    <i class = \"td-icon-right doubleSliderNextButton\"><\/i>\r\n                                <\/div>\r\n                            <\/div>\r\n                        <\/div>\r\n\r\n                        <div class = \"td-doubleSlider-1 \">\r\n                            <div class = \"td-slider\">\r\n                                \r\n                    <div class = \"td-slide-item td-item1\">\r\n                        <figure class=\"td-slide-galery-figure td-slide-popup-gallery\">\r\n                            <a class=\"slide-gallery-image-link\" href=\"https:\/\/www.eldiario.net\/portal\/wp-content\/uploads\/2025\/10\/4-reynaldo.webp\" title=\"4-reynaldo\"  data-caption=\"\"  data-description=\"\">\r\n                                <img decoding=\"async\" src=\"https:\/\/www.eldiario.net\/portal\/wp-content\/uploads\/2025\/10\/4-reynaldo-784x420.webp\" srcset=\"https:\/\/www.eldiario.net\/portal\/wp-content\/uploads\/2025\/10\/4-reynaldo-784x420.webp 784w, https:\/\/www.eldiario.net\/portal\/wp-content\/uploads\/2025\/10\/4-reynaldo-300x161.webp 300w, https:\/\/www.eldiario.net\/portal\/wp-content\/uploads\/2025\/10\/4-reynaldo-1024x549.webp 1024w, https:\/\/www.eldiario.net\/portal\/wp-content\/uploads\/2025\/10\/4-reynaldo-768x412.webp 768w, https:\/\/www.eldiario.net\/portal\/wp-content\/uploads\/2025\/10\/4-reynaldo-1536x823.webp 1536w, https:\/\/www.eldiario.net\/portal\/wp-content\/uploads\/2025\/10\/4-reynaldo-150x80.webp 150w, https:\/\/www.eldiario.net\/portal\/wp-content\/uploads\/2025\/10\/4-reynaldo-696x373.webp 696w, https:\/\/www.eldiario.net\/portal\/wp-content\/uploads\/2025\/10\/4-reynaldo-1068x572.webp 1068w, https:\/\/www.eldiario.net\/portal\/wp-content\/uploads\/2025\/10\/4-reynaldo.webp 1638w\" sizes=\"(max-width: 784px) 100vw, 784px\" alt=\"\">\r\n                            <\/a>\r\n                            \r\n                        <\/figure>\r\n                    <\/div>\r\n                    <div class = \"td-slide-item td-item2\">\r\n                        <figure class=\"td-slide-galery-figure td-slide-popup-gallery\">\r\n                            <a class=\"slide-gallery-image-link\" href=\"https:\/\/www.eldiario.net\/portal\/wp-content\/uploads\/2025\/10\/1-reynaldo-PRINCIPAL.webp\" title=\"1-reynaldo-PRINCIPAL\"  data-caption=\"\"  data-description=\"\">\r\n                                <img decoding=\"async\" src=\"https:\/\/www.eldiario.net\/portal\/wp-content\/uploads\/2025\/10\/1-reynaldo-PRINCIPAL-798x420.webp\" srcset=\"https:\/\/www.eldiario.net\/portal\/wp-content\/uploads\/2025\/10\/1-reynaldo-PRINCIPAL-798x420.webp 798w, https:\/\/www.eldiario.net\/portal\/wp-content\/uploads\/2025\/10\/1-reynaldo-PRINCIPAL-300x158.webp 300w, https:\/\/www.eldiario.net\/portal\/wp-content\/uploads\/2025\/10\/1-reynaldo-PRINCIPAL-1024x539.webp 1024w, https:\/\/www.eldiario.net\/portal\/wp-content\/uploads\/2025\/10\/1-reynaldo-PRINCIPAL-768x404.webp 768w, https:\/\/www.eldiario.net\/portal\/wp-content\/uploads\/2025\/10\/1-reynaldo-PRINCIPAL-150x79.webp 150w, https:\/\/www.eldiario.net\/portal\/wp-content\/uploads\/2025\/10\/1-reynaldo-PRINCIPAL-696x366.webp 696w, https:\/\/www.eldiario.net\/portal\/wp-content\/uploads\/2025\/10\/1-reynaldo-PRINCIPAL.webp 1032w\" sizes=\"(max-width: 798px) 100vw, 798px\" alt=\"\">\r\n                            <\/a>\r\n                            \r\n                        <\/figure>\r\n                    <\/div>\r\n                    <div class = \"td-slide-item td-item3\">\r\n                        <figure class=\"td-slide-galery-figure td-slide-popup-gallery\">\r\n                            <a class=\"slide-gallery-image-link\" href=\"https:\/\/www.eldiario.net\/portal\/wp-content\/uploads\/2025\/10\/2-reynaldo.webp\" title=\"2-reynaldo\"  data-caption=\"\"  data-description=\"\">\r\n                                <img decoding=\"async\" src=\"https:\/\/www.eldiario.net\/portal\/wp-content\/uploads\/2025\/10\/2-reynaldo-398x420.webp\" srcset=\"https:\/\/www.eldiario.net\/portal\/wp-content\/uploads\/2025\/10\/2-reynaldo-398x420.webp 398w, https:\/\/www.eldiario.net\/portal\/wp-content\/uploads\/2025\/10\/2-reynaldo-284x300.webp 284w, https:\/\/www.eldiario.net\/portal\/wp-content\/uploads\/2025\/10\/2-reynaldo-768x811.webp 768w, https:\/\/www.eldiario.net\/portal\/wp-content\/uploads\/2025\/10\/2-reynaldo-150x158.webp 150w, https:\/\/www.eldiario.net\/portal\/wp-content\/uploads\/2025\/10\/2-reynaldo-300x317.webp 300w, https:\/\/www.eldiario.net\/portal\/wp-content\/uploads\/2025\/10\/2-reynaldo-696x735.webp 696w, https:\/\/www.eldiario.net\/portal\/wp-content\/uploads\/2025\/10\/2-reynaldo.webp 960w\" sizes=\"(max-width: 398px) 100vw, 398px\" alt=\"\">\r\n                            <\/a>\r\n                            \r\n                        <\/figure>\r\n                    <\/div>\r\n                    <div class = \"td-slide-item td-item4\">\r\n                        <figure class=\"td-slide-galery-figure td-slide-popup-gallery\">\r\n                            <a class=\"slide-gallery-image-link\" href=\"https:\/\/www.eldiario.net\/portal\/wp-content\/uploads\/2025\/10\/3-reynaldo.webp\" title=\"3 reynaldo\"  data-caption=\"\"  data-description=\"\">\r\n                                <img decoding=\"async\" src=\"https:\/\/www.eldiario.net\/portal\/wp-content\/uploads\/2025\/10\/3-reynaldo-238x420.webp\" srcset=\"https:\/\/www.eldiario.net\/portal\/wp-content\/uploads\/2025\/10\/3-reynaldo-238x420.webp 238w, https:\/\/www.eldiario.net\/portal\/wp-content\/uploads\/2025\/10\/3-reynaldo-170x300.webp 170w, https:\/\/www.eldiario.net\/portal\/wp-content\/uploads\/2025\/10\/3-reynaldo-581x1024.webp 581w, https:\/\/www.eldiario.net\/portal\/wp-content\/uploads\/2025\/10\/3-reynaldo-768x1354.webp 768w, https:\/\/www.eldiario.net\/portal\/wp-content\/uploads\/2025\/10\/3-reynaldo-872x1536.webp 872w, https:\/\/www.eldiario.net\/portal\/wp-content\/uploads\/2025\/10\/3-reynaldo-150x264.webp 150w, https:\/\/www.eldiario.net\/portal\/wp-content\/uploads\/2025\/10\/3-reynaldo-300x529.webp 300w, https:\/\/www.eldiario.net\/portal\/wp-content\/uploads\/2025\/10\/3-reynaldo-696x1227.webp 696w, https:\/\/www.eldiario.net\/portal\/wp-content\/uploads\/2025\/10\/3-reynaldo-1068x1882.webp 1068w, https:\/\/www.eldiario.net\/portal\/wp-content\/uploads\/2025\/10\/3-reynaldo.webp 1162w\" sizes=\"(max-width: 238px) 100vw, 238px\" alt=\"\">\r\n                            <\/a>\r\n                            \r\n                        <\/figure>\r\n                    <\/div>\r\n                    <div class = \"td-slide-item td-item5\">\r\n                        <figure class=\"td-slide-galery-figure td-slide-popup-gallery\">\r\n                            <a class=\"slide-gallery-image-link\" href=\"https:\/\/www.eldiario.net\/portal\/wp-content\/uploads\/2025\/10\/5-reynaldo.webp\" title=\"5 reynaldo\"  data-caption=\"\"  data-description=\"\">\r\n                                <img decoding=\"async\" src=\"https:\/\/www.eldiario.net\/portal\/wp-content\/uploads\/2025\/10\/5-reynaldo-315x420.webp\" srcset=\"https:\/\/www.eldiario.net\/portal\/wp-content\/uploads\/2025\/10\/5-reynaldo-315x420.webp 315w, https:\/\/www.eldiario.net\/portal\/wp-content\/uploads\/2025\/10\/5-reynaldo-225x300.webp 225w, https:\/\/www.eldiario.net\/portal\/wp-content\/uploads\/2025\/10\/5-reynaldo-150x200.webp 150w, https:\/\/www.eldiario.net\/portal\/wp-content\/uploads\/2025\/10\/5-reynaldo-300x400.webp 300w, https:\/\/www.eldiario.net\/portal\/wp-content\/uploads\/2025\/10\/5-reynaldo-696x928.webp 696w, https:\/\/www.eldiario.net\/portal\/wp-content\/uploads\/2025\/10\/5-reynaldo.webp 768w\" sizes=\"(max-width: 315px) 100vw, 315px\" alt=\"\">\r\n                            <\/a>\r\n                            \r\n                        <\/figure>\r\n                    <\/div>\r\n                    <div class = \"td-slide-item td-item6\">\r\n                        <figure class=\"td-slide-galery-figure td-slide-popup-gallery\">\r\n                            <a class=\"slide-gallery-image-link\" href=\"https:\/\/www.eldiario.net\/portal\/wp-content\/uploads\/2025\/10\/6-reynaldo.webp\" title=\"6 reynaldo\"  data-caption=\"\"  data-description=\"\">\r\n                                <img decoding=\"async\" src=\"https:\/\/www.eldiario.net\/portal\/wp-content\/uploads\/2025\/10\/6-reynaldo-911x420.webp\" srcset=\"https:\/\/www.eldiario.net\/portal\/wp-content\/uploads\/2025\/10\/6-reynaldo-911x420.webp 911w, https:\/\/www.eldiario.net\/portal\/wp-content\/uploads\/2025\/10\/6-reynaldo-300x138.webp 300w, https:\/\/www.eldiario.net\/portal\/wp-content\/uploads\/2025\/10\/6-reynaldo-768x354.webp 768w, https:\/\/www.eldiario.net\/portal\/wp-content\/uploads\/2025\/10\/6-reynaldo-150x69.webp 150w, https:\/\/www.eldiario.net\/portal\/wp-content\/uploads\/2025\/10\/6-reynaldo-696x321.webp 696w, https:\/\/www.eldiario.net\/portal\/wp-content\/uploads\/2025\/10\/6-reynaldo.webp 1024w\" sizes=\"(max-width: 911px) 100vw, 911px\" alt=\"\">\r\n                            <\/a>\r\n                            \r\n                        <\/figure>\r\n                    <\/div>\r\n                    <div class = \"td-slide-item td-item7\">\r\n                        <figure class=\"td-slide-galery-figure td-slide-popup-gallery\">\r\n                            <a class=\"slide-gallery-image-link\" href=\"https:\/\/www.eldiario.net\/portal\/wp-content\/uploads\/2025\/10\/7-reynaldo.webp\" title=\"7 reynaldo\"  data-caption=\"\"  data-description=\"\">\r\n                                <img decoding=\"async\" src=\"https:\/\/www.eldiario.net\/portal\/wp-content\/uploads\/2025\/10\/7-reynaldo-817x420.webp\" srcset=\"https:\/\/www.eldiario.net\/portal\/wp-content\/uploads\/2025\/10\/7-reynaldo-817x420.webp 817w, https:\/\/www.eldiario.net\/portal\/wp-content\/uploads\/2025\/10\/7-reynaldo-300x154.webp 300w, https:\/\/www.eldiario.net\/portal\/wp-content\/uploads\/2025\/10\/7-reynaldo-768x395.webp 768w, https:\/\/www.eldiario.net\/portal\/wp-content\/uploads\/2025\/10\/7-reynaldo-150x77.webp 150w, https:\/\/www.eldiario.net\/portal\/wp-content\/uploads\/2025\/10\/7-reynaldo-696x358.webp 696w, https:\/\/www.eldiario.net\/portal\/wp-content\/uploads\/2025\/10\/7-reynaldo.webp 918w\" sizes=\"(max-width: 817px) 100vw, 817px\" alt=\"\">\r\n                            <\/a>\r\n                            \r\n                        <\/figure>\r\n                    <\/div>\r\n                            <\/div>\r\n                        <\/div>\r\n\r\n                        <div class = \"td-doubleSlider-2\">\r\n                            <div class = \"td-slider\">\r\n                                \r\n                    <div class = \"td-button td-item1\">\r\n                        <div class = \"td-border\"><\/div>\r\n                    <\/div>\r\n                    <div class = \"td-button td-item2\">\r\n                        <div class = \"td-border\"><\/div>\r\n                    <\/div>\r\n                    <div class = \"td-button td-item3\">\r\n                        <div class = \"td-border\"><\/div>\r\n                    <\/div>\r\n                    <div class = \"td-button td-item4\">\r\n                        <div class = \"td-border\"><\/div>\r\n                    <\/div>\r\n                    <div class = \"td-button td-item5\">\r\n                        <div class = \"td-border\"><\/div>\r\n                    <\/div>\r\n                    <div class = \"td-button td-item6\">\r\n                        <div class = \"td-border\"><\/div>\r\n                    <\/div>\r\n                    <div class = \"td-button td-item7\">\r\n                        <div class = \"td-border\"><\/div>\r\n                    <\/div>\r\n                            <\/div>\r\n                        <\/div>\r\n\r\n                    <\/div>\r\n\r\n                <\/div>\r\n                \n","protected":false},"excerpt":{"rendered":"<p>Reynaldo Pacheco fue nominado en la categor\u00eda Mejor Actor Protag\u00f3nico de Telenovela Familiar en los Premios PRODU 2025 gracias a su protag\u00f3nico en la exitosa teleserie Eres Mi Sangre, producida y transmitida por Am\u00e9rica Televisi\u00f3n (Per\u00fa). Esta nominaci\u00f3n confirma a Pacheco como una de las figuras emergentes m\u00e1s prometedoras de la actuaci\u00f3n latinoamericana y lo [&hellip;]<\/p>\n","protected":false},"author":1,"featured_media":336694,"comment_status":"closed","ping_status":"open","sticky":false,"template":"","format":"standard","meta":{"_acf_changed":false,"footnotes":""},"categories":[41],"tags":[],"class_list":["post-336692","post","type-post","status-publish","format-standard","has-post-thumbnail","category-la-guia"],"acf":{"antetitulo":""},"yoast_head":"<!-- This site is optimized with the Yoast SEO plugin v28.4 - https:\/\/yoast.com\/product\/yoast-seo-wordpress\/ -->\n<title>Reynaldo Pacheco fue nominado en los Premios PRODU 2025 - El Diario - Bolivia<\/title>\n<meta name=\"robots\" content=\"index, follow, max-snippet:-1, max-image-preview:large, max-video-preview:-1\" \/>\n<link rel=\"canonical\" href=\"https:\/\/www.eldiario.net\/portal\/2025\/10\/08\/reynaldo-pacheco-fue-nominado-en-los-premios-produ-2025\/\" \/>\n<meta property=\"og:locale\" content=\"es_ES\" \/>\n<meta property=\"og:type\" content=\"article\" \/>\n<meta property=\"og:title\" content=\"Reynaldo Pacheco fue nominado en los Premios PRODU 2025 - El Diario - Bolivia\" \/>\n<meta property=\"og:description\" content=\"Reynaldo Pacheco fue nominado en la categor\u00eda Mejor Actor Protag\u00f3nico de Telenovela Familiar en los Premios PRODU 2025 gracias a su protag\u00f3nico en la exitosa teleserie Eres Mi Sangre, producida y transmitida por Am\u00e9rica Televisi\u00f3n (Per\u00fa). Esta nominaci\u00f3n confirma a Pacheco como una de las figuras emergentes m\u00e1s prometedoras de la actuaci\u00f3n latinoamericana y lo [&hellip;]\" \/>\n<meta property=\"og:url\" content=\"https:\/\/www.eldiario.net\/portal\/2025\/10\/08\/reynaldo-pacheco-fue-nominado-en-los-premios-produ-2025\/\" \/>\n<meta property=\"og:site_name\" content=\"El Diario - Bolivia\" \/>\n<meta property=\"article:publisher\" content=\"https:\/\/www.facebook.com\/eldiario.bolivia\/\" \/>\n<meta property=\"article:published_time\" content=\"2025-10-08T05:01:50+00:00\" \/>\n<meta property=\"og:image\" content=\"https:\/\/www.eldiario.net\/portal\/wp-content\/uploads\/2025\/10\/1-reynaldo-PRINCIPAL.webp\" \/>\n\t<meta property=\"og:image:width\" content=\"1032\" \/>\n\t<meta property=\"og:image:height\" content=\"543\" \/>\n\t<meta property=\"og:image:type\" content=\"image\/webp\" \/>\n<meta name=\"author\" content=\"Jeanette\" \/>\n<meta name=\"twitter:card\" content=\"summary_large_image\" \/>\n<meta name=\"twitter:creator\" content=\"@eldiario_net\" \/>\n<meta name=\"twitter:site\" content=\"@eldiario_net\" \/>\n<meta name=\"twitter:label1\" content=\"Escrito por\" \/>\n\t<meta name=\"twitter:data1\" content=\"Jeanette\" \/>\n\t<meta name=\"twitter:label2\" content=\"Tiempo de lectura\" \/>\n\t<meta name=\"twitter:data2\" content=\"4 minutos\" \/>\n<script type=\"application\/ld+json\" class=\"yoast-schema-graph\">{\"@context\":\"https:\\\/\\\/schema.org\",\"@graph\":[{\"@type\":\"Article\",\"@id\":\"https:\\\/\\\/www.eldiario.net\\\/portal\\\/2025\\\/10\\\/08\\\/reynaldo-pacheco-fue-nominado-en-los-premios-produ-2025\\\/#article\",\"isPartOf\":{\"@id\":\"https:\\\/\\\/www.eldiario.net\\\/portal\\\/2025\\\/10\\\/08\\\/reynaldo-pacheco-fue-nominado-en-los-premios-produ-2025\\\/\"},\"author\":{\"name\":\"Jeanette\",\"@id\":\"https:\\\/\\\/www.eldiario.net\\\/portal\\\/#\\\/schema\\\/person\\\/2c57cf2b7a7ae032e449e4c9b1019eac\"},\"headline\":\"Reynaldo Pacheco fue nominado en los Premios PRODU 2025\",\"datePublished\":\"2025-10-08T05:01:50+00:00\",\"mainEntityOfPage\":{\"@id\":\"https:\\\/\\\/www.eldiario.net\\\/portal\\\/2025\\\/10\\\/08\\\/reynaldo-pacheco-fue-nominado-en-los-premios-produ-2025\\\/\"},\"wordCount\":683,\"publisher\":{\"@id\":\"https:\\\/\\\/www.eldiario.net\\\/portal\\\/#organization\"},\"image\":{\"@id\":\"https:\\\/\\\/www.eldiario.net\\\/portal\\\/2025\\\/10\\\/08\\\/reynaldo-pacheco-fue-nominado-en-los-premios-produ-2025\\\/#primaryimage\"},\"thumbnailUrl\":\"https:\\\/\\\/www.eldiario.net\\\/portal\\\/wp-content\\\/uploads\\\/2025\\\/10\\\/1-reynaldo-PRINCIPAL.webp\",\"articleSection\":[\"La Gu\u00eda\"],\"inLanguage\":\"es\"},{\"@type\":\"WebPage\",\"@id\":\"https:\\\/\\\/www.eldiario.net\\\/portal\\\/2025\\\/10\\\/08\\\/reynaldo-pacheco-fue-nominado-en-los-premios-produ-2025\\\/\",\"url\":\"https:\\\/\\\/www.eldiario.net\\\/portal\\\/2025\\\/10\\\/08\\\/reynaldo-pacheco-fue-nominado-en-los-premios-produ-2025\\\/\",\"name\":\"Reynaldo Pacheco fue nominado en los Premios PRODU 2025 - El Diario - Bolivia\",\"isPartOf\":{\"@id\":\"https:\\\/\\\/www.eldiario.net\\\/portal\\\/#website\"},\"primaryImageOfPage\":{\"@id\":\"https:\\\/\\\/www.eldiario.net\\\/portal\\\/2025\\\/10\\\/08\\\/reynaldo-pacheco-fue-nominado-en-los-premios-produ-2025\\\/#primaryimage\"},\"image\":{\"@id\":\"https:\\\/\\\/www.eldiario.net\\\/portal\\\/2025\\\/10\\\/08\\\/reynaldo-pacheco-fue-nominado-en-los-premios-produ-2025\\\/#primaryimage\"},\"thumbnailUrl\":\"https:\\\/\\\/www.eldiario.net\\\/portal\\\/wp-content\\\/uploads\\\/2025\\\/10\\\/1-reynaldo-PRINCIPAL.webp\",\"datePublished\":\"2025-10-08T05:01:50+00:00\",\"breadcrumb\":{\"@id\":\"https:\\\/\\\/www.eldiario.net\\\/portal\\\/2025\\\/10\\\/08\\\/reynaldo-pacheco-fue-nominado-en-los-premios-produ-2025\\\/#breadcrumb\"},\"inLanguage\":\"es\",\"potentialAction\":[{\"@type\":\"ReadAction\",\"target\":[\"https:\\\/\\\/www.eldiario.net\\\/portal\\\/2025\\\/10\\\/08\\\/reynaldo-pacheco-fue-nominado-en-los-premios-produ-2025\\\/\"]}]},{\"@type\":\"ImageObject\",\"inLanguage\":\"es\",\"@id\":\"https:\\\/\\\/www.eldiario.net\\\/portal\\\/2025\\\/10\\\/08\\\/reynaldo-pacheco-fue-nominado-en-los-premios-produ-2025\\\/#primaryimage\",\"url\":\"https:\\\/\\\/www.eldiario.net\\\/portal\\\/wp-content\\\/uploads\\\/2025\\\/10\\\/1-reynaldo-PRINCIPAL.webp\",\"contentUrl\":\"https:\\\/\\\/www.eldiario.net\\\/portal\\\/wp-content\\\/uploads\\\/2025\\\/10\\\/1-reynaldo-PRINCIPAL.webp\",\"width\":1032,\"height\":543},{\"@type\":\"BreadcrumbList\",\"@id\":\"https:\\\/\\\/www.eldiario.net\\\/portal\\\/2025\\\/10\\\/08\\\/reynaldo-pacheco-fue-nominado-en-los-premios-produ-2025\\\/#breadcrumb\",\"itemListElement\":[{\"@type\":\"ListItem\",\"position\":1,\"name\":\"Portada\",\"item\":\"https:\\\/\\\/www.eldiario.net\\\/portal\\\/\"},{\"@type\":\"ListItem\",\"position\":2,\"name\":\"Reynaldo Pacheco fue nominado en los Premios PRODU 2025\"}]},{\"@type\":\"WebSite\",\"@id\":\"https:\\\/\\\/www.eldiario.net\\\/portal\\\/#website\",\"url\":\"https:\\\/\\\/www.eldiario.net\\\/portal\\\/\",\"name\":\"El Diario - Decano de la prensa nacional\",\"description\":\"El Diario - Decano de la prensa nacional\",\"publisher\":{\"@id\":\"https:\\\/\\\/www.eldiario.net\\\/portal\\\/#organization\"},\"potentialAction\":[{\"@type\":\"SearchAction\",\"target\":{\"@type\":\"EntryPoint\",\"urlTemplate\":\"https:\\\/\\\/www.eldiario.net\\\/portal\\\/?s={search_term_string}\"},\"query-input\":{\"@type\":\"PropertyValueSpecification\",\"valueRequired\":true,\"valueName\":\"search_term_string\"}}],\"inLanguage\":\"es\"},{\"@type\":\"Organization\",\"@id\":\"https:\\\/\\\/www.eldiario.net\\\/portal\\\/#organization\",\"name\":\"El Diario - Decano de la prensa nacional\",\"url\":\"https:\\\/\\\/www.eldiario.net\\\/portal\\\/\",\"logo\":{\"@type\":\"ImageObject\",\"inLanguage\":\"es\",\"@id\":\"https:\\\/\\\/www.eldiario.net\\\/portal\\\/#\\\/schema\\\/logo\\\/image\\\/\",\"url\":\"https:\\\/\\\/www.eldiario.net\\\/portal\\\/wp-content\\\/uploads\\\/2023\\\/07\\\/logo_ED.jpg\",\"contentUrl\":\"https:\\\/\\\/www.eldiario.net\\\/portal\\\/wp-content\\\/uploads\\\/2023\\\/07\\\/logo_ED.jpg\",\"width\":272,\"height\":52,\"caption\":\"El Diario - Decano de la prensa nacional\"},\"image\":{\"@id\":\"https:\\\/\\\/www.eldiario.net\\\/portal\\\/#\\\/schema\\\/logo\\\/image\\\/\"},\"sameAs\":[\"https:\\\/\\\/www.facebook.com\\\/eldiario.bolivia\\\/\",\"https:\\\/\\\/x.com\\\/eldiario_net\"]},{\"@type\":\"Person\",\"@id\":\"https:\\\/\\\/www.eldiario.net\\\/portal\\\/#\\\/schema\\\/person\\\/2c57cf2b7a7ae032e449e4c9b1019eac\",\"name\":\"Jeanette\",\"image\":{\"@type\":\"ImageObject\",\"inLanguage\":\"es\",\"@id\":\"https:\\\/\\\/secure.gravatar.com\\\/avatar\\\/3ea2118a5f7dad2b7138b1187a6b7ee55f160b9968b66013c3a3ef39dd7e5798?s=96&d=mm&r=g\",\"url\":\"https:\\\/\\\/secure.gravatar.com\\\/avatar\\\/3ea2118a5f7dad2b7138b1187a6b7ee55f160b9968b66013c3a3ef39dd7e5798?s=96&d=mm&r=g\",\"contentUrl\":\"https:\\\/\\\/secure.gravatar.com\\\/avatar\\\/3ea2118a5f7dad2b7138b1187a6b7ee55f160b9968b66013c3a3ef39dd7e5798?s=96&d=mm&r=g\",\"caption\":\"Jeanette\"},\"sameAs\":[\"https:\\\/\\\/www.eldiario.net\\\/portal\"],\"url\":\"https:\\\/\\\/www.eldiario.net\\\/portal\\\/author\\\/jeanette\\\/\"}]}<\/script>\n<!-- \/ Yoast SEO plugin. -->","yoast_head_json":{"title":"Reynaldo Pacheco fue nominado en los Premios PRODU 2025 - El Diario - Bolivia","robots":{"index":"index","follow":"follow","max-snippet":"max-snippet:-1","max-image-preview":"max-image-preview:large","max-video-preview":"max-video-preview:-1"},"canonical":"https:\/\/www.eldiario.net\/portal\/2025\/10\/08\/reynaldo-pacheco-fue-nominado-en-los-premios-produ-2025\/","og_locale":"es_ES","og_type":"article","og_title":"Reynaldo Pacheco fue nominado en los Premios PRODU 2025 - El Diario - Bolivia","og_description":"Reynaldo Pacheco fue nominado en la categor\u00eda Mejor Actor Protag\u00f3nico de Telenovela Familiar en los Premios PRODU 2025 gracias a su protag\u00f3nico en la exitosa teleserie Eres Mi Sangre, producida y transmitida por Am\u00e9rica Televisi\u00f3n (Per\u00fa). Esta nominaci\u00f3n confirma a Pacheco como una de las figuras emergentes m\u00e1s prometedoras de la actuaci\u00f3n latinoamericana y lo [&hellip;]","og_url":"https:\/\/www.eldiario.net\/portal\/2025\/10\/08\/reynaldo-pacheco-fue-nominado-en-los-premios-produ-2025\/","og_site_name":"El Diario - Bolivia","article_publisher":"https:\/\/www.facebook.com\/eldiario.bolivia\/","article_published_time":"2025-10-08T05:01:50+00:00","og_image":[{"width":1032,"height":543,"url":"https:\/\/www.eldiario.net\/portal\/wp-content\/uploads\/2025\/10\/1-reynaldo-PRINCIPAL.webp","type":"image\/webp"}],"author":"Jeanette","twitter_card":"summary_large_image","twitter_creator":"@eldiario_net","twitter_site":"@eldiario_net","twitter_misc":{"Escrito por":"Jeanette","Tiempo de lectura":"4 minutos"},"schema":{"@context":"https:\/\/schema.org","@graph":[{"@type":"Article","@id":"https:\/\/www.eldiario.net\/portal\/2025\/10\/08\/reynaldo-pacheco-fue-nominado-en-los-premios-produ-2025\/#article","isPartOf":{"@id":"https:\/\/www.eldiario.net\/portal\/2025\/10\/08\/reynaldo-pacheco-fue-nominado-en-los-premios-produ-2025\/"},"author":{"name":"Jeanette","@id":"https:\/\/www.eldiario.net\/portal\/#\/schema\/person\/2c57cf2b7a7ae032e449e4c9b1019eac"},"headline":"Reynaldo Pacheco fue nominado en los Premios PRODU 2025","datePublished":"2025-10-08T05:01:50+00:00","mainEntityOfPage":{"@id":"https:\/\/www.eldiario.net\/portal\/2025\/10\/08\/reynaldo-pacheco-fue-nominado-en-los-premios-produ-2025\/"},"wordCount":683,"publisher":{"@id":"https:\/\/www.eldiario.net\/portal\/#organization"},"image":{"@id":"https:\/\/www.eldiario.net\/portal\/2025\/10\/08\/reynaldo-pacheco-fue-nominado-en-los-premios-produ-2025\/#primaryimage"},"thumbnailUrl":"https:\/\/www.eldiario.net\/portal\/wp-content\/uploads\/2025\/10\/1-reynaldo-PRINCIPAL.webp","articleSection":["La Gu\u00eda"],"inLanguage":"es"},{"@type":"WebPage","@id":"https:\/\/www.eldiario.net\/portal\/2025\/10\/08\/reynaldo-pacheco-fue-nominado-en-los-premios-produ-2025\/","url":"https:\/\/www.eldiario.net\/portal\/2025\/10\/08\/reynaldo-pacheco-fue-nominado-en-los-premios-produ-2025\/","name":"Reynaldo Pacheco fue nominado en los Premios PRODU 2025 - El Diario - Bolivia","isPartOf":{"@id":"https:\/\/www.eldiario.net\/portal\/#website"},"primaryImageOfPage":{"@id":"https:\/\/www.eldiario.net\/portal\/2025\/10\/08\/reynaldo-pacheco-fue-nominado-en-los-premios-produ-2025\/#primaryimage"},"image":{"@id":"https:\/\/www.eldiario.net\/portal\/2025\/10\/08\/reynaldo-pacheco-fue-nominado-en-los-premios-produ-2025\/#primaryimage"},"thumbnailUrl":"https:\/\/www.eldiario.net\/portal\/wp-content\/uploads\/2025\/10\/1-reynaldo-PRINCIPAL.webp","datePublished":"2025-10-08T05:01:50+00:00","breadcrumb":{"@id":"https:\/\/www.eldiario.net\/portal\/2025\/10\/08\/reynaldo-pacheco-fue-nominado-en-los-premios-produ-2025\/#breadcrumb"},"inLanguage":"es","potentialAction":[{"@type":"ReadAction","target":["https:\/\/www.eldiario.net\/portal\/2025\/10\/08\/reynaldo-pacheco-fue-nominado-en-los-premios-produ-2025\/"]}]},{"@type":"ImageObject","inLanguage":"es","@id":"https:\/\/www.eldiario.net\/portal\/2025\/10\/08\/reynaldo-pacheco-fue-nominado-en-los-premios-produ-2025\/#primaryimage","url":"https:\/\/www.eldiario.net\/portal\/wp-content\/uploads\/2025\/10\/1-reynaldo-PRINCIPAL.webp","contentUrl":"https:\/\/www.eldiario.net\/portal\/wp-content\/uploads\/2025\/10\/1-reynaldo-PRINCIPAL.webp","width":1032,"height":543},{"@type":"BreadcrumbList","@id":"https:\/\/www.eldiario.net\/portal\/2025\/10\/08\/reynaldo-pacheco-fue-nominado-en-los-premios-produ-2025\/#breadcrumb","itemListElement":[{"@type":"ListItem","position":1,"name":"Portada","item":"https:\/\/www.eldiario.net\/portal\/"},{"@type":"ListItem","position":2,"name":"Reynaldo Pacheco fue nominado en los Premios PRODU 2025"}]},{"@type":"WebSite","@id":"https:\/\/www.eldiario.net\/portal\/#website","url":"https:\/\/www.eldiario.net\/portal\/","name":"El Diario - Decano de la prensa nacional","description":"El Diario - Decano de la prensa nacional","publisher":{"@id":"https:\/\/www.eldiario.net\/portal\/#organization"},"potentialAction":[{"@type":"SearchAction","target":{"@type":"EntryPoint","urlTemplate":"https:\/\/www.eldiario.net\/portal\/?s={search_term_string}"},"query-input":{"@type":"PropertyValueSpecification","valueRequired":true,"valueName":"search_term_string"}}],"inLanguage":"es"},{"@type":"Organization","@id":"https:\/\/www.eldiario.net\/portal\/#organization","name":"El Diario - Decano de la prensa nacional","url":"https:\/\/www.eldiario.net\/portal\/","logo":{"@type":"ImageObject","inLanguage":"es","@id":"https:\/\/www.eldiario.net\/portal\/#\/schema\/logo\/image\/","url":"https:\/\/www.eldiario.net\/portal\/wp-content\/uploads\/2023\/07\/logo_ED.jpg","contentUrl":"https:\/\/www.eldiario.net\/portal\/wp-content\/uploads\/2023\/07\/logo_ED.jpg","width":272,"height":52,"caption":"El Diario - Decano de la prensa nacional"},"image":{"@id":"https:\/\/www.eldiario.net\/portal\/#\/schema\/logo\/image\/"},"sameAs":["https:\/\/www.facebook.com\/eldiario.bolivia\/","https:\/\/x.com\/eldiario_net"]},{"@type":"Person","@id":"https:\/\/www.eldiario.net\/portal\/#\/schema\/person\/2c57cf2b7a7ae032e449e4c9b1019eac","name":"Jeanette","image":{"@type":"ImageObject","inLanguage":"es","@id":"https:\/\/secure.gravatar.com\/avatar\/3ea2118a5f7dad2b7138b1187a6b7ee55f160b9968b66013c3a3ef39dd7e5798?s=96&d=mm&r=g","url":"https:\/\/secure.gravatar.com\/avatar\/3ea2118a5f7dad2b7138b1187a6b7ee55f160b9968b66013c3a3ef39dd7e5798?s=96&d=mm&r=g","contentUrl":"https:\/\/secure.gravatar.com\/avatar\/3ea2118a5f7dad2b7138b1187a6b7ee55f160b9968b66013c3a3ef39dd7e5798?s=96&d=mm&r=g","caption":"Jeanette"},"sameAs":["https:\/\/www.eldiario.net\/portal"],"url":"https:\/\/www.eldiario.net\/portal\/author\/jeanette\/"}]}},"_links":{"self":[{"href":"https:\/\/www.eldiario.net\/portal\/wp-json\/wp\/v2\/posts\/336692","targetHints":{"allow":["GET"]}}],"collection":[{"href":"https:\/\/www.eldiario.net\/portal\/wp-json\/wp\/v2\/posts"}],"about":[{"href":"https:\/\/www.eldiario.net\/portal\/wp-json\/wp\/v2\/types\/post"}],"author":[{"embeddable":true,"href":"https:\/\/www.eldiario.net\/portal\/wp-json\/wp\/v2\/users\/1"}],"replies":[{"embeddable":true,"href":"https:\/\/www.eldiario.net\/portal\/wp-json\/wp\/v2\/comments?post=336692"}],"version-history":[{"count":1,"href":"https:\/\/www.eldiario.net\/portal\/wp-json\/wp\/v2\/posts\/336692\/revisions"}],"predecessor-version":[{"id":336700,"href":"https:\/\/www.eldiario.net\/portal\/wp-json\/wp\/v2\/posts\/336692\/revisions\/336700"}],"wp:featuredmedia":[{"embeddable":true,"href":"https:\/\/www.eldiario.net\/portal\/wp-json\/wp\/v2\/media\/336694"}],"wp:attachment":[{"href":"https:\/\/www.eldiario.net\/portal\/wp-json\/wp\/v2\/media?parent=336692"}],"wp:term":[{"taxonomy":"category","embeddable":true,"href":"https:\/\/www.eldiario.net\/portal\/wp-json\/wp\/v2\/categories?post=336692"},{"taxonomy":"post_tag","embeddable":true,"href":"https:\/\/www.eldiario.net\/portal\/wp-json\/wp\/v2\/tags?post=336692"}],"curies":[{"name":"wp","href":"https:\/\/api.w.org\/{rel}","templated":true}]}}