{"id":3366,"date":"2021-05-12T06:13:46","date_gmt":"2021-05-12T10:13:46","guid":{"rendered":"https:\/\/www.eldiario.net\/portal\/?p=3366"},"modified":"2021-05-12T06:13:46","modified_gmt":"2021-05-12T10:13:46","slug":"gestionan-construccion-de-tres-domos-y-tres-hospitales","status":"publish","type":"post","link":"https:\/\/www.eldiario.net\/portal\/2021\/05\/12\/gestionan-construccion-de-tres-domos-y-tres-hospitales\/","title":{"rendered":"Gestionan construcci\u00f3n de tres domos y tres hospitales"},"content":{"rendered":"<p>El gobernador del Beni, Alejandro Unzueta, inici\u00f3 gestiones para construir un sistema de salud y hacer frente a la pandemia de coronavirus. En ese marco, se busca consolidar la construcci\u00f3n de tres domos: en Trinidad, Riberalta y San Borja; mientras que los hospitales en Magdalena, San Borja y Trinidad.<br \/>\nInform\u00f3 tambi\u00e9n que se gestion\u00f3 ante laboratorios en Santa Cruz la consignaci\u00f3n de medicamentos, porque no se tiene dinero ni para terminar de pagar sueldos y servicios p\u00fablicos.<br \/>\nAl mismo tiempo, se reunieron con el Procurador General del Estado para denunciar los actos de corrupci\u00f3n cometidos en la regi\u00f3n, desde el robo del oro del cerro San Sim\u00f3n hasta los hechos irregulares en la gesti\u00f3n de su antecesor Fanor Amapo.<br \/>\nPor su lado, el director del Servicio Departamental de Salud (Sedes), Juan Carlos Sakamoto, dijo que cada hospital demandar\u00e1 una inversi\u00f3n aproximada de 30 millones de bolivianos.<br \/>\nLa autoridad inform\u00f3 que est\u00e1 aprobada la ejecuci\u00f3n de esas obras y que el Centro de Salud Central se convertir\u00e1 en un hospital de segundo nivel.<br \/>\nInform\u00f3 que funcionar\u00e1n centros de salud integrales en los municipios de San Ram\u00f3n y San Joaqu\u00edn, provincia Mamor\u00e9.<br \/>\nEl secretario departamental de Administraci\u00f3n y Finanzas, Jhonny Pa\u00fal Pinto, inform\u00f3 que se tiene una deuda de corto plazo que asciende a 39 millones de bolivianos.<br \/>\n\u201cSon aproximadamente 39 millones de bolivianos la deuda que se nos ha dejado y que debemos cubrir, esto incluye sueldos, pago a proveedores, contratistas y la prensa\u201d, indic\u00f3. Al personal de salud se le debe desde diciembre 2020.<br \/>\nCritic\u00f3 que la anterior gesti\u00f3n haya decidido pagar al personal de funcionamiento e inversi\u00f3n, es decir secretarios y directores, dejando a un lado al personal de salud. (La Palabra del Beni)<\/p>\n","protected":false},"excerpt":{"rendered":"<p>El gobernador del Beni, Alejandro Unzueta, inici\u00f3 gestiones para construir un sistema de salud y hacer frente a la pandemia de coronavirus. En ese marco, se busca consolidar la construcci\u00f3n de tres domos: en Trinidad, Riberalta y San Borja; mientras que los hospitales en Magdalena, San Borja y Trinidad. Inform\u00f3 tambi\u00e9n que se gestion\u00f3 ante [&hellip;]<\/p>\n","protected":false},"author":1,"featured_media":0,"comment_status":"closed","ping_status":"closed","sticky":false,"template":"","format":"standard","meta":{"_acf_changed":false,"footnotes":""},"categories":[12],"tags":[],"class_list":["post-3366","post","type-post","status-publish","format-standard","category-nacional"],"acf":{"antetitulo":""},"yoast_head":"<!-- This site is optimized with the Yoast SEO plugin v28.3 - https:\/\/yoast.com\/product\/yoast-seo-wordpress\/ -->\n<title>Gestionan construcci\u00f3n de tres domos y tres hospitales - El Diario - Bolivia<\/title>\n<meta name=\"robots\" content=\"index, follow, max-snippet:-1, max-image-preview:large, max-video-preview:-1\" \/>\n<link rel=\"canonical\" href=\"https:\/\/www.eldiario.net\/portal\/2021\/05\/12\/gestionan-construccion-de-tres-domos-y-tres-hospitales\/\" \/>\n<meta property=\"og:locale\" content=\"es_ES\" \/>\n<meta property=\"og:type\" content=\"article\" \/>\n<meta property=\"og:title\" content=\"Gestionan construcci\u00f3n de tres domos y tres hospitales - El Diario - Bolivia\" \/>\n<meta property=\"og:description\" content=\"El gobernador del Beni, Alejandro Unzueta, inici\u00f3 gestiones para construir un sistema de salud y hacer frente a la pandemia de coronavirus. En ese marco, se busca consolidar la construcci\u00f3n de tres domos: en Trinidad, Riberalta y San Borja; mientras que los hospitales en Magdalena, San Borja y Trinidad. Inform\u00f3 tambi\u00e9n que se gestion\u00f3 ante [&hellip;]\" \/>\n<meta property=\"og:url\" content=\"https:\/\/www.eldiario.net\/portal\/2021\/05\/12\/gestionan-construccion-de-tres-domos-y-tres-hospitales\/\" \/>\n<meta property=\"og:site_name\" content=\"El Diario - Bolivia\" \/>\n<meta property=\"article:publisher\" content=\"https:\/\/www.facebook.com\/eldiario.bolivia\/\" \/>\n<meta property=\"article:published_time\" content=\"2021-05-12T10:13:46+00:00\" \/>\n<meta name=\"author\" content=\"Jeanette\" \/>\n<meta name=\"twitter:card\" content=\"summary_large_image\" \/>\n<meta name=\"twitter:creator\" content=\"@eldiario_net\" \/>\n<meta name=\"twitter:site\" content=\"@eldiario_net\" \/>\n<meta name=\"twitter:label1\" content=\"Escrito por\" \/>\n\t<meta name=\"twitter:data1\" content=\"Jeanette\" \/>\n\t<meta name=\"twitter:label2\" content=\"Tiempo de lectura\" \/>\n\t<meta name=\"twitter:data2\" content=\"2 minutos\" \/>\n<script type=\"application\/ld+json\" class=\"yoast-schema-graph\">{\"@context\":\"https:\\\/\\\/schema.org\",\"@graph\":[{\"@type\":\"Article\",\"@id\":\"https:\\\/\\\/www.eldiario.net\\\/portal\\\/2021\\\/05\\\/12\\\/gestionan-construccion-de-tres-domos-y-tres-hospitales\\\/#article\",\"isPartOf\":{\"@id\":\"https:\\\/\\\/www.eldiario.net\\\/portal\\\/2021\\\/05\\\/12\\\/gestionan-construccion-de-tres-domos-y-tres-hospitales\\\/\"},\"author\":{\"name\":\"Jeanette\",\"@id\":\"https:\\\/\\\/www.eldiario.net\\\/portal\\\/#\\\/schema\\\/person\\\/f46445640444750d7d753ccd04ae01b7\"},\"headline\":\"Gestionan construcci\u00f3n de tres domos y tres hospitales\",\"datePublished\":\"2021-05-12T10:13:46+00:00\",\"mainEntityOfPage\":{\"@id\":\"https:\\\/\\\/www.eldiario.net\\\/portal\\\/2021\\\/05\\\/12\\\/gestionan-construccion-de-tres-domos-y-tres-hospitales\\\/\"},\"wordCount\":307,\"publisher\":{\"@id\":\"https:\\\/\\\/www.eldiario.net\\\/portal\\\/#organization\"},\"articleSection\":[\"Nacional\"],\"inLanguage\":\"es\"},{\"@type\":\"WebPage\",\"@id\":\"https:\\\/\\\/www.eldiario.net\\\/portal\\\/2021\\\/05\\\/12\\\/gestionan-construccion-de-tres-domos-y-tres-hospitales\\\/\",\"url\":\"https:\\\/\\\/www.eldiario.net\\\/portal\\\/2021\\\/05\\\/12\\\/gestionan-construccion-de-tres-domos-y-tres-hospitales\\\/\",\"name\":\"Gestionan construcci\u00f3n de tres domos y tres hospitales - El Diario - Bolivia\",\"isPartOf\":{\"@id\":\"https:\\\/\\\/www.eldiario.net\\\/portal\\\/#website\"},\"datePublished\":\"2021-05-12T10:13:46+00:00\",\"breadcrumb\":{\"@id\":\"https:\\\/\\\/www.eldiario.net\\\/portal\\\/2021\\\/05\\\/12\\\/gestionan-construccion-de-tres-domos-y-tres-hospitales\\\/#breadcrumb\"},\"inLanguage\":\"es\",\"potentialAction\":[{\"@type\":\"ReadAction\",\"target\":[\"https:\\\/\\\/www.eldiario.net\\\/portal\\\/2021\\\/05\\\/12\\\/gestionan-construccion-de-tres-domos-y-tres-hospitales\\\/\"]}]},{\"@type\":\"BreadcrumbList\",\"@id\":\"https:\\\/\\\/www.eldiario.net\\\/portal\\\/2021\\\/05\\\/12\\\/gestionan-construccion-de-tres-domos-y-tres-hospitales\\\/#breadcrumb\",\"itemListElement\":[{\"@type\":\"ListItem\",\"position\":1,\"name\":\"Portada\",\"item\":\"https:\\\/\\\/www.eldiario.net\\\/portal\\\/\"},{\"@type\":\"ListItem\",\"position\":2,\"name\":\"Gestionan construcci\u00f3n de tres domos y tres hospitales\"}]},{\"@type\":\"WebSite\",\"@id\":\"https:\\\/\\\/www.eldiario.net\\\/portal\\\/#website\",\"url\":\"https:\\\/\\\/www.eldiario.net\\\/portal\\\/\",\"name\":\"El Diario - Decano de la prensa nacional\",\"description\":\"El Diario - Decano de la prensa nacional\",\"publisher\":{\"@id\":\"https:\\\/\\\/www.eldiario.net\\\/portal\\\/#organization\"},\"potentialAction\":[{\"@type\":\"SearchAction\",\"target\":{\"@type\":\"EntryPoint\",\"urlTemplate\":\"https:\\\/\\\/www.eldiario.net\\\/portal\\\/?s={search_term_string}\"},\"query-input\":{\"@type\":\"PropertyValueSpecification\",\"valueRequired\":true,\"valueName\":\"search_term_string\"}}],\"inLanguage\":\"es\"},{\"@type\":\"Organization\",\"@id\":\"https:\\\/\\\/www.eldiario.net\\\/portal\\\/#organization\",\"name\":\"El Diario - Decano de la prensa nacional\",\"url\":\"https:\\\/\\\/www.eldiario.net\\\/portal\\\/\",\"logo\":{\"@type\":\"ImageObject\",\"inLanguage\":\"es\",\"@id\":\"https:\\\/\\\/www.eldiario.net\\\/portal\\\/#\\\/schema\\\/logo\\\/image\\\/\",\"url\":\"https:\\\/\\\/www.eldiario.net\\\/portal\\\/wp-content\\\/uploads\\\/2023\\\/07\\\/logo_ED.jpg\",\"contentUrl\":\"https:\\\/\\\/www.eldiario.net\\\/portal\\\/wp-content\\\/uploads\\\/2023\\\/07\\\/logo_ED.jpg\",\"width\":272,\"height\":52,\"caption\":\"El Diario - Decano de la prensa nacional\"},\"image\":{\"@id\":\"https:\\\/\\\/www.eldiario.net\\\/portal\\\/#\\\/schema\\\/logo\\\/image\\\/\"},\"sameAs\":[\"https:\\\/\\\/www.facebook.com\\\/eldiario.bolivia\\\/\",\"https:\\\/\\\/x.com\\\/eldiario_net\"]},{\"@type\":\"Person\",\"@id\":\"https:\\\/\\\/www.eldiario.net\\\/portal\\\/#\\\/schema\\\/person\\\/f46445640444750d7d753ccd04ae01b7\",\"name\":\"Jeanette\",\"image\":{\"@type\":\"ImageObject\",\"inLanguage\":\"es\",\"@id\":\"https:\\\/\\\/secure.gravatar.com\\\/avatar\\\/3ea2118a5f7dad2b7138b1187a6b7ee55f160b9968b66013c3a3ef39dd7e5798?s=96&d=mm&r=g\",\"url\":\"https:\\\/\\\/secure.gravatar.com\\\/avatar\\\/3ea2118a5f7dad2b7138b1187a6b7ee55f160b9968b66013c3a3ef39dd7e5798?s=96&d=mm&r=g\",\"contentUrl\":\"https:\\\/\\\/secure.gravatar.com\\\/avatar\\\/3ea2118a5f7dad2b7138b1187a6b7ee55f160b9968b66013c3a3ef39dd7e5798?s=96&d=mm&r=g\",\"caption\":\"Jeanette\"},\"sameAs\":[\"https:\\\/\\\/www.eldiario.net\\\/portal\"],\"url\":\"https:\\\/\\\/www.eldiario.net\\\/portal\\\/author\\\/jeanette\\\/\"}]}<\/script>\n<!-- \/ Yoast SEO plugin. -->","yoast_head_json":{"title":"Gestionan construcci\u00f3n de tres domos y tres hospitales - El Diario - Bolivia","robots":{"index":"index","follow":"follow","max-snippet":"max-snippet:-1","max-image-preview":"max-image-preview:large","max-video-preview":"max-video-preview:-1"},"canonical":"https:\/\/www.eldiario.net\/portal\/2021\/05\/12\/gestionan-construccion-de-tres-domos-y-tres-hospitales\/","og_locale":"es_ES","og_type":"article","og_title":"Gestionan construcci\u00f3n de tres domos y tres hospitales - El Diario - Bolivia","og_description":"El gobernador del Beni, Alejandro Unzueta, inici\u00f3 gestiones para construir un sistema de salud y hacer frente a la pandemia de coronavirus. En ese marco, se busca consolidar la construcci\u00f3n de tres domos: en Trinidad, Riberalta y San Borja; mientras que los hospitales en Magdalena, San Borja y Trinidad. Inform\u00f3 tambi\u00e9n que se gestion\u00f3 ante [&hellip;]","og_url":"https:\/\/www.eldiario.net\/portal\/2021\/05\/12\/gestionan-construccion-de-tres-domos-y-tres-hospitales\/","og_site_name":"El Diario - Bolivia","article_publisher":"https:\/\/www.facebook.com\/eldiario.bolivia\/","article_published_time":"2021-05-12T10:13:46+00:00","author":"Jeanette","twitter_card":"summary_large_image","twitter_creator":"@eldiario_net","twitter_site":"@eldiario_net","twitter_misc":{"Escrito por":"Jeanette","Tiempo de lectura":"2 minutos"},"schema":{"@context":"https:\/\/schema.org","@graph":[{"@type":"Article","@id":"https:\/\/www.eldiario.net\/portal\/2021\/05\/12\/gestionan-construccion-de-tres-domos-y-tres-hospitales\/#article","isPartOf":{"@id":"https:\/\/www.eldiario.net\/portal\/2021\/05\/12\/gestionan-construccion-de-tres-domos-y-tres-hospitales\/"},"author":{"name":"Jeanette","@id":"https:\/\/www.eldiario.net\/portal\/#\/schema\/person\/f46445640444750d7d753ccd04ae01b7"},"headline":"Gestionan construcci\u00f3n de tres domos y tres hospitales","datePublished":"2021-05-12T10:13:46+00:00","mainEntityOfPage":{"@id":"https:\/\/www.eldiario.net\/portal\/2021\/05\/12\/gestionan-construccion-de-tres-domos-y-tres-hospitales\/"},"wordCount":307,"publisher":{"@id":"https:\/\/www.eldiario.net\/portal\/#organization"},"articleSection":["Nacional"],"inLanguage":"es"},{"@type":"WebPage","@id":"https:\/\/www.eldiario.net\/portal\/2021\/05\/12\/gestionan-construccion-de-tres-domos-y-tres-hospitales\/","url":"https:\/\/www.eldiario.net\/portal\/2021\/05\/12\/gestionan-construccion-de-tres-domos-y-tres-hospitales\/","name":"Gestionan construcci\u00f3n de tres domos y tres hospitales - El Diario - Bolivia","isPartOf":{"@id":"https:\/\/www.eldiario.net\/portal\/#website"},"datePublished":"2021-05-12T10:13:46+00:00","breadcrumb":{"@id":"https:\/\/www.eldiario.net\/portal\/2021\/05\/12\/gestionan-construccion-de-tres-domos-y-tres-hospitales\/#breadcrumb"},"inLanguage":"es","potentialAction":[{"@type":"ReadAction","target":["https:\/\/www.eldiario.net\/portal\/2021\/05\/12\/gestionan-construccion-de-tres-domos-y-tres-hospitales\/"]}]},{"@type":"BreadcrumbList","@id":"https:\/\/www.eldiario.net\/portal\/2021\/05\/12\/gestionan-construccion-de-tres-domos-y-tres-hospitales\/#breadcrumb","itemListElement":[{"@type":"ListItem","position":1,"name":"Portada","item":"https:\/\/www.eldiario.net\/portal\/"},{"@type":"ListItem","position":2,"name":"Gestionan construcci\u00f3n de tres domos y tres hospitales"}]},{"@type":"WebSite","@id":"https:\/\/www.eldiario.net\/portal\/#website","url":"https:\/\/www.eldiario.net\/portal\/","name":"El Diario - Decano de la prensa nacional","description":"El Diario - Decano de la prensa nacional","publisher":{"@id":"https:\/\/www.eldiario.net\/portal\/#organization"},"potentialAction":[{"@type":"SearchAction","target":{"@type":"EntryPoint","urlTemplate":"https:\/\/www.eldiario.net\/portal\/?s={search_term_string}"},"query-input":{"@type":"PropertyValueSpecification","valueRequired":true,"valueName":"search_term_string"}}],"inLanguage":"es"},{"@type":"Organization","@id":"https:\/\/www.eldiario.net\/portal\/#organization","name":"El Diario - Decano de la prensa nacional","url":"https:\/\/www.eldiario.net\/portal\/","logo":{"@type":"ImageObject","inLanguage":"es","@id":"https:\/\/www.eldiario.net\/portal\/#\/schema\/logo\/image\/","url":"https:\/\/www.eldiario.net\/portal\/wp-content\/uploads\/2023\/07\/logo_ED.jpg","contentUrl":"https:\/\/www.eldiario.net\/portal\/wp-content\/uploads\/2023\/07\/logo_ED.jpg","width":272,"height":52,"caption":"El Diario - Decano de la prensa nacional"},"image":{"@id":"https:\/\/www.eldiario.net\/portal\/#\/schema\/logo\/image\/"},"sameAs":["https:\/\/www.facebook.com\/eldiario.bolivia\/","https:\/\/x.com\/eldiario_net"]},{"@type":"Person","@id":"https:\/\/www.eldiario.net\/portal\/#\/schema\/person\/f46445640444750d7d753ccd04ae01b7","name":"Jeanette","image":{"@type":"ImageObject","inLanguage":"es","@id":"https:\/\/secure.gravatar.com\/avatar\/3ea2118a5f7dad2b7138b1187a6b7ee55f160b9968b66013c3a3ef39dd7e5798?s=96&d=mm&r=g","url":"https:\/\/secure.gravatar.com\/avatar\/3ea2118a5f7dad2b7138b1187a6b7ee55f160b9968b66013c3a3ef39dd7e5798?s=96&d=mm&r=g","contentUrl":"https:\/\/secure.gravatar.com\/avatar\/3ea2118a5f7dad2b7138b1187a6b7ee55f160b9968b66013c3a3ef39dd7e5798?s=96&d=mm&r=g","caption":"Jeanette"},"sameAs":["https:\/\/www.eldiario.net\/portal"],"url":"https:\/\/www.eldiario.net\/portal\/author\/jeanette\/"}]}},"_links":{"self":[{"href":"https:\/\/www.eldiario.net\/portal\/wp-json\/wp\/v2\/posts\/3366","targetHints":{"allow":["GET"]}}],"collection":[{"href":"https:\/\/www.eldiario.net\/portal\/wp-json\/wp\/v2\/posts"}],"about":[{"href":"https:\/\/www.eldiario.net\/portal\/wp-json\/wp\/v2\/types\/post"}],"author":[{"embeddable":true,"href":"https:\/\/www.eldiario.net\/portal\/wp-json\/wp\/v2\/users\/1"}],"replies":[{"embeddable":true,"href":"https:\/\/www.eldiario.net\/portal\/wp-json\/wp\/v2\/comments?post=3366"}],"version-history":[{"count":0,"href":"https:\/\/www.eldiario.net\/portal\/wp-json\/wp\/v2\/posts\/3366\/revisions"}],"wp:attachment":[{"href":"https:\/\/www.eldiario.net\/portal\/wp-json\/wp\/v2\/media?parent=3366"}],"wp:term":[{"taxonomy":"category","embeddable":true,"href":"https:\/\/www.eldiario.net\/portal\/wp-json\/wp\/v2\/categories?post=3366"},{"taxonomy":"post_tag","embeddable":true,"href":"https:\/\/www.eldiario.net\/portal\/wp-json\/wp\/v2\/tags?post=3366"}],"curies":[{"name":"wp","href":"https:\/\/api.w.org\/{rel}","templated":true}]}}