{"id":336594,"date":"2025-10-07T12:26:42","date_gmt":"2025-10-07T16:26:42","guid":{"rendered":"https:\/\/www.eldiario.net\/portal\/?p=336594"},"modified":"2025-10-07T12:27:38","modified_gmt":"2025-10-07T16:27:38","slug":"potosi-en-emergencia-trabajadores-de-emap-en-paro-y-alcaldia-recoge-basura-1225","status":"publish","type":"post","link":"https:\/\/www.eldiario.net\/portal\/2025\/10\/07\/potosi-en-emergencia-trabajadores-de-emap-en-paro-y-alcaldia-recoge-basura-1225\/","title":{"rendered":"Potos\u00ed en emergencia: Trabajadores de EMAP en paro y Alcald\u00eda recoge basura (12:25)"},"content":{"rendered":"<p>El edificio central del Gobierno Aut\u00f3nomo Municipal de Potos\u00ed, ubicado en las calles Cobija y Quijarro, permanece cerrado y bloqueado por los trabajadores de la Empresa Municipal de Aseo Potos\u00ed (EMAP), quienes impiden el paso vehicular en la zona.<\/p>\n<p><img loading=\"lazy\" decoding=\"async\" class=\"size-medium wp-image-336595 aligncenter\" src=\"https:\/\/www.eldiario.net\/portal\/wp-content\/uploads\/2025\/10\/emap-potosi-2-07.10.25-300x135.jpg\" alt=\"\" width=\"300\" height=\"135\" \/><\/p>\n<p>La medida de presi\u00f3n, que este martes cumple su segundo d\u00eda, ha generado un grave perjuicio en la movilidad y en el recojo de basura en distintos barrios de la ciudad.<\/p>\n<p>Ante la acumulaci\u00f3n de residuos, el alcalde Waldo Porcel instruy\u00f3 a las unidades de Deportes, Medio Ambiente y Maestranza desplegar m\u00e1s de 100 funcionarios y seis volquetas para ejecutar tareas urgentes de limpieza.<\/p>\n<p><img loading=\"lazy\" decoding=\"async\" class=\"size-medium wp-image-336597 aligncenter\" src=\"https:\/\/www.eldiario.net\/portal\/wp-content\/uploads\/2025\/10\/basura-potosi-2-07.10.25-300x184.png\" alt=\"\" width=\"300\" height=\"184\" \/><\/p>\n<p>El paro de los trabajadores de EMAP busca que la Alcald\u00eda atienda sus demandas laborales. Desde el municipio, el secretario general Richard Alejo exhort\u00f3 al sindicato a retomar el di\u00e1logo, se\u00f1alando que la prioridad es restablecer el servicio de aseo.<\/p>\n","protected":false},"excerpt":{"rendered":"<p>El edificio central del Gobierno Aut\u00f3nomo Municipal de Potos\u00ed, ubicado en las calles Cobija y Quijarro, permanece cerrado y bloqueado por los trabajadores de la Empresa Municipal de Aseo Potos\u00ed (EMAP), quienes impiden el paso vehicular en la zona. La medida de presi\u00f3n, que este martes cumple su segundo d\u00eda, ha generado un grave perjuicio [&hellip;]<\/p>\n","protected":false},"author":7,"featured_media":336598,"comment_status":"closed","ping_status":"open","sticky":false,"template":"","format":"standard","meta":{"_acf_changed":false,"footnotes":""},"categories":[51],"tags":[],"class_list":["post-336594","post","type-post","status-publish","format-standard","has-post-thumbnail","category-ultima-hora"],"acf":{"antetitulo":""},"yoast_head":"<!-- This site is optimized with the Yoast SEO plugin v28.4 - https:\/\/yoast.com\/product\/yoast-seo-wordpress\/ -->\n<title>Potos\u00ed en emergencia: Trabajadores de EMAP en paro y Alcald\u00eda recoge basura (12:25) - El Diario - Bolivia<\/title>\n<meta name=\"robots\" content=\"index, follow, max-snippet:-1, max-image-preview:large, max-video-preview:-1\" \/>\n<link rel=\"canonical\" href=\"https:\/\/www.eldiario.net\/portal\/2025\/10\/07\/potosi-en-emergencia-trabajadores-de-emap-en-paro-y-alcaldia-recoge-basura-1225\/\" \/>\n<meta property=\"og:locale\" content=\"es_ES\" \/>\n<meta property=\"og:type\" content=\"article\" \/>\n<meta property=\"og:title\" content=\"Potos\u00ed en emergencia: Trabajadores de EMAP en paro y Alcald\u00eda recoge basura (12:25) - El Diario - Bolivia\" \/>\n<meta property=\"og:description\" content=\"El edificio central del Gobierno Aut\u00f3nomo Municipal de Potos\u00ed, ubicado en las calles Cobija y Quijarro, permanece cerrado y bloqueado por los trabajadores de la Empresa Municipal de Aseo Potos\u00ed (EMAP), quienes impiden el paso vehicular en la zona. La medida de presi\u00f3n, que este martes cumple su segundo d\u00eda, ha generado un grave perjuicio [&hellip;]\" \/>\n<meta property=\"og:url\" content=\"https:\/\/www.eldiario.net\/portal\/2025\/10\/07\/potosi-en-emergencia-trabajadores-de-emap-en-paro-y-alcaldia-recoge-basura-1225\/\" \/>\n<meta property=\"og:site_name\" content=\"El Diario - Bolivia\" \/>\n<meta property=\"article:publisher\" content=\"https:\/\/www.facebook.com\/eldiario.bolivia\/\" \/>\n<meta property=\"article:published_time\" content=\"2025-10-07T16:26:42+00:00\" \/>\n<meta property=\"article:modified_time\" content=\"2025-10-07T16:27:38+00:00\" \/>\n<meta property=\"og:image\" content=\"https:\/\/www.eldiario.net\/portal\/wp-content\/uploads\/2025\/10\/emap-potosi-07.10.25-e1759854302773.jpg\" \/>\n\t<meta property=\"og:image:width\" content=\"450\" \/>\n\t<meta property=\"og:image:height\" content=\"203\" \/>\n\t<meta property=\"og:image:type\" content=\"image\/jpeg\" \/>\n<meta name=\"author\" content=\"Viviana Monrroy\" \/>\n<meta name=\"twitter:card\" content=\"summary_large_image\" \/>\n<meta name=\"twitter:creator\" content=\"@eldiario_net\" \/>\n<meta name=\"twitter:site\" content=\"@eldiario_net\" \/>\n<meta name=\"twitter:label1\" content=\"Escrito por\" \/>\n\t<meta name=\"twitter:data1\" content=\"Viviana Monrroy\" \/>\n\t<meta name=\"twitter:label2\" content=\"Tiempo de lectura\" \/>\n\t<meta name=\"twitter:data2\" content=\"2 minutos\" \/>\n<script type=\"application\/ld+json\" class=\"yoast-schema-graph\">{\"@context\":\"https:\\\/\\\/schema.org\",\"@graph\":[{\"@type\":\"Article\",\"@id\":\"https:\\\/\\\/www.eldiario.net\\\/portal\\\/2025\\\/10\\\/07\\\/potosi-en-emergencia-trabajadores-de-emap-en-paro-y-alcaldia-recoge-basura-1225\\\/#article\",\"isPartOf\":{\"@id\":\"https:\\\/\\\/www.eldiario.net\\\/portal\\\/2025\\\/10\\\/07\\\/potosi-en-emergencia-trabajadores-de-emap-en-paro-y-alcaldia-recoge-basura-1225\\\/\"},\"author\":{\"name\":\"Viviana Monrroy\",\"@id\":\"https:\\\/\\\/www.eldiario.net\\\/portal\\\/#\\\/schema\\\/person\\\/32cc89e801dfcbad3a54f91da7f2ea06\"},\"headline\":\"Potos\u00ed en emergencia: Trabajadores de EMAP en paro y Alcald\u00eda recoge basura (12:25)\",\"datePublished\":\"2025-10-07T16:26:42+00:00\",\"dateModified\":\"2025-10-07T16:27:38+00:00\",\"mainEntityOfPage\":{\"@id\":\"https:\\\/\\\/www.eldiario.net\\\/portal\\\/2025\\\/10\\\/07\\\/potosi-en-emergencia-trabajadores-de-emap-en-paro-y-alcaldia-recoge-basura-1225\\\/\"},\"wordCount\":163,\"publisher\":{\"@id\":\"https:\\\/\\\/www.eldiario.net\\\/portal\\\/#organization\"},\"image\":{\"@id\":\"https:\\\/\\\/www.eldiario.net\\\/portal\\\/2025\\\/10\\\/07\\\/potosi-en-emergencia-trabajadores-de-emap-en-paro-y-alcaldia-recoge-basura-1225\\\/#primaryimage\"},\"thumbnailUrl\":\"https:\\\/\\\/www.eldiario.net\\\/portal\\\/wp-content\\\/uploads\\\/2025\\\/10\\\/emap-potosi-07.10.25-e1759854302773.jpg\",\"articleSection\":[\"\u00daltima Hora\"],\"inLanguage\":\"es\"},{\"@type\":\"WebPage\",\"@id\":\"https:\\\/\\\/www.eldiario.net\\\/portal\\\/2025\\\/10\\\/07\\\/potosi-en-emergencia-trabajadores-de-emap-en-paro-y-alcaldia-recoge-basura-1225\\\/\",\"url\":\"https:\\\/\\\/www.eldiario.net\\\/portal\\\/2025\\\/10\\\/07\\\/potosi-en-emergencia-trabajadores-de-emap-en-paro-y-alcaldia-recoge-basura-1225\\\/\",\"name\":\"Potos\u00ed en emergencia: Trabajadores de EMAP en paro y Alcald\u00eda recoge basura (12:25) - El Diario - Bolivia\",\"isPartOf\":{\"@id\":\"https:\\\/\\\/www.eldiario.net\\\/portal\\\/#website\"},\"primaryImageOfPage\":{\"@id\":\"https:\\\/\\\/www.eldiario.net\\\/portal\\\/2025\\\/10\\\/07\\\/potosi-en-emergencia-trabajadores-de-emap-en-paro-y-alcaldia-recoge-basura-1225\\\/#primaryimage\"},\"image\":{\"@id\":\"https:\\\/\\\/www.eldiario.net\\\/portal\\\/2025\\\/10\\\/07\\\/potosi-en-emergencia-trabajadores-de-emap-en-paro-y-alcaldia-recoge-basura-1225\\\/#primaryimage\"},\"thumbnailUrl\":\"https:\\\/\\\/www.eldiario.net\\\/portal\\\/wp-content\\\/uploads\\\/2025\\\/10\\\/emap-potosi-07.10.25-e1759854302773.jpg\",\"datePublished\":\"2025-10-07T16:26:42+00:00\",\"dateModified\":\"2025-10-07T16:27:38+00:00\",\"breadcrumb\":{\"@id\":\"https:\\\/\\\/www.eldiario.net\\\/portal\\\/2025\\\/10\\\/07\\\/potosi-en-emergencia-trabajadores-de-emap-en-paro-y-alcaldia-recoge-basura-1225\\\/#breadcrumb\"},\"inLanguage\":\"es\",\"potentialAction\":[{\"@type\":\"ReadAction\",\"target\":[\"https:\\\/\\\/www.eldiario.net\\\/portal\\\/2025\\\/10\\\/07\\\/potosi-en-emergencia-trabajadores-de-emap-en-paro-y-alcaldia-recoge-basura-1225\\\/\"]}]},{\"@type\":\"ImageObject\",\"inLanguage\":\"es\",\"@id\":\"https:\\\/\\\/www.eldiario.net\\\/portal\\\/2025\\\/10\\\/07\\\/potosi-en-emergencia-trabajadores-de-emap-en-paro-y-alcaldia-recoge-basura-1225\\\/#primaryimage\",\"url\":\"https:\\\/\\\/www.eldiario.net\\\/portal\\\/wp-content\\\/uploads\\\/2025\\\/10\\\/emap-potosi-07.10.25-e1759854302773.jpg\",\"contentUrl\":\"https:\\\/\\\/www.eldiario.net\\\/portal\\\/wp-content\\\/uploads\\\/2025\\\/10\\\/emap-potosi-07.10.25-e1759854302773.jpg\",\"width\":450,\"height\":203,\"caption\":\"Foto: Federaci\u00f3n Nacional de trabajadores de Aseo de Bolivia\"},{\"@type\":\"BreadcrumbList\",\"@id\":\"https:\\\/\\\/www.eldiario.net\\\/portal\\\/2025\\\/10\\\/07\\\/potosi-en-emergencia-trabajadores-de-emap-en-paro-y-alcaldia-recoge-basura-1225\\\/#breadcrumb\",\"itemListElement\":[{\"@type\":\"ListItem\",\"position\":1,\"name\":\"Portada\",\"item\":\"https:\\\/\\\/www.eldiario.net\\\/portal\\\/\"},{\"@type\":\"ListItem\",\"position\":2,\"name\":\"Potos\u00ed en emergencia: Trabajadores de EMAP en paro y Alcald\u00eda recoge basura (12:25)\"}]},{\"@type\":\"WebSite\",\"@id\":\"https:\\\/\\\/www.eldiario.net\\\/portal\\\/#website\",\"url\":\"https:\\\/\\\/www.eldiario.net\\\/portal\\\/\",\"name\":\"El Diario - Decano de la prensa nacional\",\"description\":\"El Diario - Decano de la prensa nacional\",\"publisher\":{\"@id\":\"https:\\\/\\\/www.eldiario.net\\\/portal\\\/#organization\"},\"potentialAction\":[{\"@type\":\"SearchAction\",\"target\":{\"@type\":\"EntryPoint\",\"urlTemplate\":\"https:\\\/\\\/www.eldiario.net\\\/portal\\\/?s={search_term_string}\"},\"query-input\":{\"@type\":\"PropertyValueSpecification\",\"valueRequired\":true,\"valueName\":\"search_term_string\"}}],\"inLanguage\":\"es\"},{\"@type\":\"Organization\",\"@id\":\"https:\\\/\\\/www.eldiario.net\\\/portal\\\/#organization\",\"name\":\"El Diario - Decano de la prensa nacional\",\"url\":\"https:\\\/\\\/www.eldiario.net\\\/portal\\\/\",\"logo\":{\"@type\":\"ImageObject\",\"inLanguage\":\"es\",\"@id\":\"https:\\\/\\\/www.eldiario.net\\\/portal\\\/#\\\/schema\\\/logo\\\/image\\\/\",\"url\":\"https:\\\/\\\/www.eldiario.net\\\/portal\\\/wp-content\\\/uploads\\\/2023\\\/07\\\/logo_ED.jpg\",\"contentUrl\":\"https:\\\/\\\/www.eldiario.net\\\/portal\\\/wp-content\\\/uploads\\\/2023\\\/07\\\/logo_ED.jpg\",\"width\":272,\"height\":52,\"caption\":\"El Diario - Decano de la prensa nacional\"},\"image\":{\"@id\":\"https:\\\/\\\/www.eldiario.net\\\/portal\\\/#\\\/schema\\\/logo\\\/image\\\/\"},\"sameAs\":[\"https:\\\/\\\/www.facebook.com\\\/eldiario.bolivia\\\/\",\"https:\\\/\\\/x.com\\\/eldiario_net\"]},{\"@type\":\"Person\",\"@id\":\"https:\\\/\\\/www.eldiario.net\\\/portal\\\/#\\\/schema\\\/person\\\/32cc89e801dfcbad3a54f91da7f2ea06\",\"name\":\"Viviana Monrroy\",\"image\":{\"@type\":\"ImageObject\",\"inLanguage\":\"es\",\"@id\":\"https:\\\/\\\/secure.gravatar.com\\\/avatar\\\/dfd1611ed5600959a0e5a9754503b6c05d1dcf190010998e0363aee2ad98afca?s=96&d=mm&r=g\",\"url\":\"https:\\\/\\\/secure.gravatar.com\\\/avatar\\\/dfd1611ed5600959a0e5a9754503b6c05d1dcf190010998e0363aee2ad98afca?s=96&d=mm&r=g\",\"contentUrl\":\"https:\\\/\\\/secure.gravatar.com\\\/avatar\\\/dfd1611ed5600959a0e5a9754503b6c05d1dcf190010998e0363aee2ad98afca?s=96&d=mm&r=g\",\"caption\":\"Viviana Monrroy\"},\"sameAs\":[\"http:\\\/\\\/www.eldiario.net\"],\"url\":\"https:\\\/\\\/www.eldiario.net\\\/portal\\\/author\\\/vivianamonrroy\\\/\"}]}<\/script>\n<!-- \/ Yoast SEO plugin. -->","yoast_head_json":{"title":"Potos\u00ed en emergencia: Trabajadores de EMAP en paro y Alcald\u00eda recoge basura (12:25) - El Diario - Bolivia","robots":{"index":"index","follow":"follow","max-snippet":"max-snippet:-1","max-image-preview":"max-image-preview:large","max-video-preview":"max-video-preview:-1"},"canonical":"https:\/\/www.eldiario.net\/portal\/2025\/10\/07\/potosi-en-emergencia-trabajadores-de-emap-en-paro-y-alcaldia-recoge-basura-1225\/","og_locale":"es_ES","og_type":"article","og_title":"Potos\u00ed en emergencia: Trabajadores de EMAP en paro y Alcald\u00eda recoge basura (12:25) - El Diario - Bolivia","og_description":"El edificio central del Gobierno Aut\u00f3nomo Municipal de Potos\u00ed, ubicado en las calles Cobija y Quijarro, permanece cerrado y bloqueado por los trabajadores de la Empresa Municipal de Aseo Potos\u00ed (EMAP), quienes impiden el paso vehicular en la zona. La medida de presi\u00f3n, que este martes cumple su segundo d\u00eda, ha generado un grave perjuicio [&hellip;]","og_url":"https:\/\/www.eldiario.net\/portal\/2025\/10\/07\/potosi-en-emergencia-trabajadores-de-emap-en-paro-y-alcaldia-recoge-basura-1225\/","og_site_name":"El Diario - Bolivia","article_publisher":"https:\/\/www.facebook.com\/eldiario.bolivia\/","article_published_time":"2025-10-07T16:26:42+00:00","article_modified_time":"2025-10-07T16:27:38+00:00","og_image":[{"width":450,"height":203,"url":"https:\/\/www.eldiario.net\/portal\/wp-content\/uploads\/2025\/10\/emap-potosi-07.10.25-e1759854302773.jpg","type":"image\/jpeg"}],"author":"Viviana Monrroy","twitter_card":"summary_large_image","twitter_creator":"@eldiario_net","twitter_site":"@eldiario_net","twitter_misc":{"Escrito por":"Viviana Monrroy","Tiempo de lectura":"2 minutos"},"schema":{"@context":"https:\/\/schema.org","@graph":[{"@type":"Article","@id":"https:\/\/www.eldiario.net\/portal\/2025\/10\/07\/potosi-en-emergencia-trabajadores-de-emap-en-paro-y-alcaldia-recoge-basura-1225\/#article","isPartOf":{"@id":"https:\/\/www.eldiario.net\/portal\/2025\/10\/07\/potosi-en-emergencia-trabajadores-de-emap-en-paro-y-alcaldia-recoge-basura-1225\/"},"author":{"name":"Viviana Monrroy","@id":"https:\/\/www.eldiario.net\/portal\/#\/schema\/person\/32cc89e801dfcbad3a54f91da7f2ea06"},"headline":"Potos\u00ed en emergencia: Trabajadores de EMAP en paro y Alcald\u00eda recoge basura (12:25)","datePublished":"2025-10-07T16:26:42+00:00","dateModified":"2025-10-07T16:27:38+00:00","mainEntityOfPage":{"@id":"https:\/\/www.eldiario.net\/portal\/2025\/10\/07\/potosi-en-emergencia-trabajadores-de-emap-en-paro-y-alcaldia-recoge-basura-1225\/"},"wordCount":163,"publisher":{"@id":"https:\/\/www.eldiario.net\/portal\/#organization"},"image":{"@id":"https:\/\/www.eldiario.net\/portal\/2025\/10\/07\/potosi-en-emergencia-trabajadores-de-emap-en-paro-y-alcaldia-recoge-basura-1225\/#primaryimage"},"thumbnailUrl":"https:\/\/www.eldiario.net\/portal\/wp-content\/uploads\/2025\/10\/emap-potosi-07.10.25-e1759854302773.jpg","articleSection":["\u00daltima Hora"],"inLanguage":"es"},{"@type":"WebPage","@id":"https:\/\/www.eldiario.net\/portal\/2025\/10\/07\/potosi-en-emergencia-trabajadores-de-emap-en-paro-y-alcaldia-recoge-basura-1225\/","url":"https:\/\/www.eldiario.net\/portal\/2025\/10\/07\/potosi-en-emergencia-trabajadores-de-emap-en-paro-y-alcaldia-recoge-basura-1225\/","name":"Potos\u00ed en emergencia: Trabajadores de EMAP en paro y Alcald\u00eda recoge basura (12:25) - El Diario - Bolivia","isPartOf":{"@id":"https:\/\/www.eldiario.net\/portal\/#website"},"primaryImageOfPage":{"@id":"https:\/\/www.eldiario.net\/portal\/2025\/10\/07\/potosi-en-emergencia-trabajadores-de-emap-en-paro-y-alcaldia-recoge-basura-1225\/#primaryimage"},"image":{"@id":"https:\/\/www.eldiario.net\/portal\/2025\/10\/07\/potosi-en-emergencia-trabajadores-de-emap-en-paro-y-alcaldia-recoge-basura-1225\/#primaryimage"},"thumbnailUrl":"https:\/\/www.eldiario.net\/portal\/wp-content\/uploads\/2025\/10\/emap-potosi-07.10.25-e1759854302773.jpg","datePublished":"2025-10-07T16:26:42+00:00","dateModified":"2025-10-07T16:27:38+00:00","breadcrumb":{"@id":"https:\/\/www.eldiario.net\/portal\/2025\/10\/07\/potosi-en-emergencia-trabajadores-de-emap-en-paro-y-alcaldia-recoge-basura-1225\/#breadcrumb"},"inLanguage":"es","potentialAction":[{"@type":"ReadAction","target":["https:\/\/www.eldiario.net\/portal\/2025\/10\/07\/potosi-en-emergencia-trabajadores-de-emap-en-paro-y-alcaldia-recoge-basura-1225\/"]}]},{"@type":"ImageObject","inLanguage":"es","@id":"https:\/\/www.eldiario.net\/portal\/2025\/10\/07\/potosi-en-emergencia-trabajadores-de-emap-en-paro-y-alcaldia-recoge-basura-1225\/#primaryimage","url":"https:\/\/www.eldiario.net\/portal\/wp-content\/uploads\/2025\/10\/emap-potosi-07.10.25-e1759854302773.jpg","contentUrl":"https:\/\/www.eldiario.net\/portal\/wp-content\/uploads\/2025\/10\/emap-potosi-07.10.25-e1759854302773.jpg","width":450,"height":203,"caption":"Foto: Federaci\u00f3n Nacional de trabajadores de Aseo de Bolivia"},{"@type":"BreadcrumbList","@id":"https:\/\/www.eldiario.net\/portal\/2025\/10\/07\/potosi-en-emergencia-trabajadores-de-emap-en-paro-y-alcaldia-recoge-basura-1225\/#breadcrumb","itemListElement":[{"@type":"ListItem","position":1,"name":"Portada","item":"https:\/\/www.eldiario.net\/portal\/"},{"@type":"ListItem","position":2,"name":"Potos\u00ed en emergencia: Trabajadores de EMAP en paro y Alcald\u00eda recoge basura (12:25)"}]},{"@type":"WebSite","@id":"https:\/\/www.eldiario.net\/portal\/#website","url":"https:\/\/www.eldiario.net\/portal\/","name":"El Diario - Decano de la prensa nacional","description":"El Diario - Decano de la prensa nacional","publisher":{"@id":"https:\/\/www.eldiario.net\/portal\/#organization"},"potentialAction":[{"@type":"SearchAction","target":{"@type":"EntryPoint","urlTemplate":"https:\/\/www.eldiario.net\/portal\/?s={search_term_string}"},"query-input":{"@type":"PropertyValueSpecification","valueRequired":true,"valueName":"search_term_string"}}],"inLanguage":"es"},{"@type":"Organization","@id":"https:\/\/www.eldiario.net\/portal\/#organization","name":"El Diario - Decano de la prensa nacional","url":"https:\/\/www.eldiario.net\/portal\/","logo":{"@type":"ImageObject","inLanguage":"es","@id":"https:\/\/www.eldiario.net\/portal\/#\/schema\/logo\/image\/","url":"https:\/\/www.eldiario.net\/portal\/wp-content\/uploads\/2023\/07\/logo_ED.jpg","contentUrl":"https:\/\/www.eldiario.net\/portal\/wp-content\/uploads\/2023\/07\/logo_ED.jpg","width":272,"height":52,"caption":"El Diario - Decano de la prensa nacional"},"image":{"@id":"https:\/\/www.eldiario.net\/portal\/#\/schema\/logo\/image\/"},"sameAs":["https:\/\/www.facebook.com\/eldiario.bolivia\/","https:\/\/x.com\/eldiario_net"]},{"@type":"Person","@id":"https:\/\/www.eldiario.net\/portal\/#\/schema\/person\/32cc89e801dfcbad3a54f91da7f2ea06","name":"Viviana Monrroy","image":{"@type":"ImageObject","inLanguage":"es","@id":"https:\/\/secure.gravatar.com\/avatar\/dfd1611ed5600959a0e5a9754503b6c05d1dcf190010998e0363aee2ad98afca?s=96&d=mm&r=g","url":"https:\/\/secure.gravatar.com\/avatar\/dfd1611ed5600959a0e5a9754503b6c05d1dcf190010998e0363aee2ad98afca?s=96&d=mm&r=g","contentUrl":"https:\/\/secure.gravatar.com\/avatar\/dfd1611ed5600959a0e5a9754503b6c05d1dcf190010998e0363aee2ad98afca?s=96&d=mm&r=g","caption":"Viviana Monrroy"},"sameAs":["http:\/\/www.eldiario.net"],"url":"https:\/\/www.eldiario.net\/portal\/author\/vivianamonrroy\/"}]}},"_links":{"self":[{"href":"https:\/\/www.eldiario.net\/portal\/wp-json\/wp\/v2\/posts\/336594","targetHints":{"allow":["GET"]}}],"collection":[{"href":"https:\/\/www.eldiario.net\/portal\/wp-json\/wp\/v2\/posts"}],"about":[{"href":"https:\/\/www.eldiario.net\/portal\/wp-json\/wp\/v2\/types\/post"}],"author":[{"embeddable":true,"href":"https:\/\/www.eldiario.net\/portal\/wp-json\/wp\/v2\/users\/7"}],"replies":[{"embeddable":true,"href":"https:\/\/www.eldiario.net\/portal\/wp-json\/wp\/v2\/comments?post=336594"}],"version-history":[{"count":2,"href":"https:\/\/www.eldiario.net\/portal\/wp-json\/wp\/v2\/posts\/336594\/revisions"}],"predecessor-version":[{"id":336600,"href":"https:\/\/www.eldiario.net\/portal\/wp-json\/wp\/v2\/posts\/336594\/revisions\/336600"}],"wp:featuredmedia":[{"embeddable":true,"href":"https:\/\/www.eldiario.net\/portal\/wp-json\/wp\/v2\/media\/336598"}],"wp:attachment":[{"href":"https:\/\/www.eldiario.net\/portal\/wp-json\/wp\/v2\/media?parent=336594"}],"wp:term":[{"taxonomy":"category","embeddable":true,"href":"https:\/\/www.eldiario.net\/portal\/wp-json\/wp\/v2\/categories?post=336594"},{"taxonomy":"post_tag","embeddable":true,"href":"https:\/\/www.eldiario.net\/portal\/wp-json\/wp\/v2\/tags?post=336594"}],"curies":[{"name":"wp","href":"https:\/\/api.w.org\/{rel}","templated":true}]}}