{"id":336590,"date":"2025-10-07T11:27:09","date_gmt":"2025-10-07T15:27:09","guid":{"rendered":"https:\/\/www.eldiario.net\/portal\/?p=336590"},"modified":"2025-10-07T11:27:09","modified_gmt":"2025-10-07T15:27:09","slug":"gobierno-y-padres-de-familia-en-disputa-por-requisito-de-carnet-de-vacunacion-para-bono-1125","status":"publish","type":"post","link":"https:\/\/www.eldiario.net\/portal\/2025\/10\/07\/gobierno-y-padres-de-familia-en-disputa-por-requisito-de-carnet-de-vacunacion-para-bono-1125\/","title":{"rendered":"Gobierno y padres de familia en disputa por requisito de carnet de vacunaci\u00f3n para bono (11:25)"},"content":{"rendered":"<p>El dirigente de Federaci\u00f3n de Padres de Familia (FEDEPAF) El Alto, Carlos Laura, dio 48 horas al ministro de Educaci\u00f3n, Omar Veliz, para retirar el requisito del carnet de vacunaci\u00f3n contra el sarampi\u00f3n para el cobro del Bono Juancito Pinto.<\/p>\n<p>Asegur\u00f3 que solo el 20% de los estudiantes cuenta con el documento y advirti\u00f3 movilizaciones si no se revierte la medida, calificando la exigencia como un intento de desviar recursos.<\/p>\n<p>Por su parte, el ministro Veliz justific\u00f3 la disposici\u00f3n se\u00f1alando que responde a recomendaciones del Consejo Nacional de Emergencia y busca proteger la salud estudiantil.<\/p>\n<p>Explic\u00f3 que el bono de Bs 200 se pagar\u00e1 del 13 de octubre al 29 de noviembre a m\u00e1s de 2,3 millones de estudiantes.<\/p>\n<p>Para facilitar el proceso, se habilit\u00f3 la descarga del carnet de vacunaci\u00f3n en la p\u00e1gina web del Ministerio de Salud y se desplegar\u00e1n brigadas m\u00f3viles en las unidades educativas para el pago del beneficio.<\/p>\n","protected":false},"excerpt":{"rendered":"<p>El dirigente de Federaci\u00f3n de Padres de Familia (FEDEPAF) El Alto, Carlos Laura, dio 48 horas al ministro de Educaci\u00f3n, Omar Veliz, para retirar el requisito del carnet de vacunaci\u00f3n contra el sarampi\u00f3n para el cobro del Bono Juancito Pinto. Asegur\u00f3 que solo el 20% de los estudiantes cuenta con el documento y advirti\u00f3 movilizaciones [&hellip;]<\/p>\n","protected":false},"author":7,"featured_media":336591,"comment_status":"closed","ping_status":"open","sticky":false,"template":"","format":"standard","meta":{"_acf_changed":false,"footnotes":""},"categories":[51],"tags":[],"class_list":["post-336590","post","type-post","status-publish","format-standard","has-post-thumbnail","category-ultima-hora"],"acf":{"antetitulo":""},"yoast_head":"<!-- This site is optimized with the Yoast SEO plugin v28.4 - https:\/\/yoast.com\/product\/yoast-seo-wordpress\/ -->\n<title>Gobierno y padres de familia en disputa por requisito de carnet de vacunaci\u00f3n para bono (11:25) - El Diario - Bolivia<\/title>\n<meta name=\"robots\" content=\"index, follow, max-snippet:-1, max-image-preview:large, max-video-preview:-1\" \/>\n<link rel=\"canonical\" href=\"https:\/\/www.eldiario.net\/portal\/2025\/10\/07\/gobierno-y-padres-de-familia-en-disputa-por-requisito-de-carnet-de-vacunacion-para-bono-1125\/\" \/>\n<meta property=\"og:locale\" content=\"es_ES\" \/>\n<meta property=\"og:type\" content=\"article\" \/>\n<meta property=\"og:title\" content=\"Gobierno y padres de familia en disputa por requisito de carnet de vacunaci\u00f3n para bono (11:25) - El Diario - Bolivia\" \/>\n<meta property=\"og:description\" content=\"El dirigente de Federaci\u00f3n de Padres de Familia (FEDEPAF) El Alto, Carlos Laura, dio 48 horas al ministro de Educaci\u00f3n, Omar Veliz, para retirar el requisito del carnet de vacunaci\u00f3n contra el sarampi\u00f3n para el cobro del Bono Juancito Pinto. Asegur\u00f3 que solo el 20% de los estudiantes cuenta con el documento y advirti\u00f3 movilizaciones [&hellip;]\" \/>\n<meta property=\"og:url\" content=\"https:\/\/www.eldiario.net\/portal\/2025\/10\/07\/gobierno-y-padres-de-familia-en-disputa-por-requisito-de-carnet-de-vacunacion-para-bono-1125\/\" \/>\n<meta property=\"og:site_name\" content=\"El Diario - Bolivia\" \/>\n<meta property=\"article:publisher\" content=\"https:\/\/www.facebook.com\/eldiario.bolivia\/\" \/>\n<meta property=\"article:published_time\" content=\"2025-10-07T15:27:09+00:00\" \/>\n<meta property=\"og:image\" content=\"https:\/\/www.eldiario.net\/portal\/wp-content\/uploads\/2025\/10\/FEDEPAF-El-Alto-07.10.25-e1759850803209.png\" \/>\n\t<meta property=\"og:image:width\" content=\"250\" \/>\n\t<meta property=\"og:image:height\" content=\"236\" \/>\n\t<meta property=\"og:image:type\" content=\"image\/png\" \/>\n<meta name=\"author\" content=\"Viviana Monrroy\" \/>\n<meta name=\"twitter:card\" content=\"summary_large_image\" \/>\n<meta name=\"twitter:creator\" content=\"@eldiario_net\" \/>\n<meta name=\"twitter:site\" content=\"@eldiario_net\" \/>\n<meta name=\"twitter:label1\" content=\"Escrito por\" \/>\n\t<meta name=\"twitter:data1\" content=\"Viviana Monrroy\" \/>\n\t<meta name=\"twitter:label2\" content=\"Tiempo de lectura\" \/>\n\t<meta name=\"twitter:data2\" content=\"1 minuto\" \/>\n<script type=\"application\/ld+json\" class=\"yoast-schema-graph\">{\"@context\":\"https:\\\/\\\/schema.org\",\"@graph\":[{\"@type\":\"Article\",\"@id\":\"https:\\\/\\\/www.eldiario.net\\\/portal\\\/2025\\\/10\\\/07\\\/gobierno-y-padres-de-familia-en-disputa-por-requisito-de-carnet-de-vacunacion-para-bono-1125\\\/#article\",\"isPartOf\":{\"@id\":\"https:\\\/\\\/www.eldiario.net\\\/portal\\\/2025\\\/10\\\/07\\\/gobierno-y-padres-de-familia-en-disputa-por-requisito-de-carnet-de-vacunacion-para-bono-1125\\\/\"},\"author\":{\"name\":\"Viviana Monrroy\",\"@id\":\"https:\\\/\\\/www.eldiario.net\\\/portal\\\/#\\\/schema\\\/person\\\/32cc89e801dfcbad3a54f91da7f2ea06\"},\"headline\":\"Gobierno y padres de familia en disputa por requisito de carnet de vacunaci\u00f3n para bono (11:25)\",\"datePublished\":\"2025-10-07T15:27:09+00:00\",\"mainEntityOfPage\":{\"@id\":\"https:\\\/\\\/www.eldiario.net\\\/portal\\\/2025\\\/10\\\/07\\\/gobierno-y-padres-de-familia-en-disputa-por-requisito-de-carnet-de-vacunacion-para-bono-1125\\\/\"},\"wordCount\":174,\"publisher\":{\"@id\":\"https:\\\/\\\/www.eldiario.net\\\/portal\\\/#organization\"},\"image\":{\"@id\":\"https:\\\/\\\/www.eldiario.net\\\/portal\\\/2025\\\/10\\\/07\\\/gobierno-y-padres-de-familia-en-disputa-por-requisito-de-carnet-de-vacunacion-para-bono-1125\\\/#primaryimage\"},\"thumbnailUrl\":\"https:\\\/\\\/www.eldiario.net\\\/portal\\\/wp-content\\\/uploads\\\/2025\\\/10\\\/FEDEPAF-El-Alto-07.10.25-e1759850803209.png\",\"articleSection\":[\"\u00daltima Hora\"],\"inLanguage\":\"es\"},{\"@type\":\"WebPage\",\"@id\":\"https:\\\/\\\/www.eldiario.net\\\/portal\\\/2025\\\/10\\\/07\\\/gobierno-y-padres-de-familia-en-disputa-por-requisito-de-carnet-de-vacunacion-para-bono-1125\\\/\",\"url\":\"https:\\\/\\\/www.eldiario.net\\\/portal\\\/2025\\\/10\\\/07\\\/gobierno-y-padres-de-familia-en-disputa-por-requisito-de-carnet-de-vacunacion-para-bono-1125\\\/\",\"name\":\"Gobierno y padres de familia en disputa por requisito de carnet de vacunaci\u00f3n para bono (11:25) - El Diario - Bolivia\",\"isPartOf\":{\"@id\":\"https:\\\/\\\/www.eldiario.net\\\/portal\\\/#website\"},\"primaryImageOfPage\":{\"@id\":\"https:\\\/\\\/www.eldiario.net\\\/portal\\\/2025\\\/10\\\/07\\\/gobierno-y-padres-de-familia-en-disputa-por-requisito-de-carnet-de-vacunacion-para-bono-1125\\\/#primaryimage\"},\"image\":{\"@id\":\"https:\\\/\\\/www.eldiario.net\\\/portal\\\/2025\\\/10\\\/07\\\/gobierno-y-padres-de-familia-en-disputa-por-requisito-de-carnet-de-vacunacion-para-bono-1125\\\/#primaryimage\"},\"thumbnailUrl\":\"https:\\\/\\\/www.eldiario.net\\\/portal\\\/wp-content\\\/uploads\\\/2025\\\/10\\\/FEDEPAF-El-Alto-07.10.25-e1759850803209.png\",\"datePublished\":\"2025-10-07T15:27:09+00:00\",\"breadcrumb\":{\"@id\":\"https:\\\/\\\/www.eldiario.net\\\/portal\\\/2025\\\/10\\\/07\\\/gobierno-y-padres-de-familia-en-disputa-por-requisito-de-carnet-de-vacunacion-para-bono-1125\\\/#breadcrumb\"},\"inLanguage\":\"es\",\"potentialAction\":[{\"@type\":\"ReadAction\",\"target\":[\"https:\\\/\\\/www.eldiario.net\\\/portal\\\/2025\\\/10\\\/07\\\/gobierno-y-padres-de-familia-en-disputa-por-requisito-de-carnet-de-vacunacion-para-bono-1125\\\/\"]}]},{\"@type\":\"ImageObject\",\"inLanguage\":\"es\",\"@id\":\"https:\\\/\\\/www.eldiario.net\\\/portal\\\/2025\\\/10\\\/07\\\/gobierno-y-padres-de-familia-en-disputa-por-requisito-de-carnet-de-vacunacion-para-bono-1125\\\/#primaryimage\",\"url\":\"https:\\\/\\\/www.eldiario.net\\\/portal\\\/wp-content\\\/uploads\\\/2025\\\/10\\\/FEDEPAF-El-Alto-07.10.25-e1759850803209.png\",\"contentUrl\":\"https:\\\/\\\/www.eldiario.net\\\/portal\\\/wp-content\\\/uploads\\\/2025\\\/10\\\/FEDEPAF-El-Alto-07.10.25-e1759850803209.png\",\"width\":250,\"height\":236,\"caption\":\"Foto: RR.SS.\"},{\"@type\":\"BreadcrumbList\",\"@id\":\"https:\\\/\\\/www.eldiario.net\\\/portal\\\/2025\\\/10\\\/07\\\/gobierno-y-padres-de-familia-en-disputa-por-requisito-de-carnet-de-vacunacion-para-bono-1125\\\/#breadcrumb\",\"itemListElement\":[{\"@type\":\"ListItem\",\"position\":1,\"name\":\"Portada\",\"item\":\"https:\\\/\\\/www.eldiario.net\\\/portal\\\/\"},{\"@type\":\"ListItem\",\"position\":2,\"name\":\"Gobierno y padres de familia en disputa por requisito de carnet de vacunaci\u00f3n para bono (11:25)\"}]},{\"@type\":\"WebSite\",\"@id\":\"https:\\\/\\\/www.eldiario.net\\\/portal\\\/#website\",\"url\":\"https:\\\/\\\/www.eldiario.net\\\/portal\\\/\",\"name\":\"El Diario - Decano de la prensa nacional\",\"description\":\"El Diario - Decano de la prensa nacional\",\"publisher\":{\"@id\":\"https:\\\/\\\/www.eldiario.net\\\/portal\\\/#organization\"},\"potentialAction\":[{\"@type\":\"SearchAction\",\"target\":{\"@type\":\"EntryPoint\",\"urlTemplate\":\"https:\\\/\\\/www.eldiario.net\\\/portal\\\/?s={search_term_string}\"},\"query-input\":{\"@type\":\"PropertyValueSpecification\",\"valueRequired\":true,\"valueName\":\"search_term_string\"}}],\"inLanguage\":\"es\"},{\"@type\":\"Organization\",\"@id\":\"https:\\\/\\\/www.eldiario.net\\\/portal\\\/#organization\",\"name\":\"El Diario - Decano de la prensa nacional\",\"url\":\"https:\\\/\\\/www.eldiario.net\\\/portal\\\/\",\"logo\":{\"@type\":\"ImageObject\",\"inLanguage\":\"es\",\"@id\":\"https:\\\/\\\/www.eldiario.net\\\/portal\\\/#\\\/schema\\\/logo\\\/image\\\/\",\"url\":\"https:\\\/\\\/www.eldiario.net\\\/portal\\\/wp-content\\\/uploads\\\/2023\\\/07\\\/logo_ED.jpg\",\"contentUrl\":\"https:\\\/\\\/www.eldiario.net\\\/portal\\\/wp-content\\\/uploads\\\/2023\\\/07\\\/logo_ED.jpg\",\"width\":272,\"height\":52,\"caption\":\"El Diario - Decano de la prensa nacional\"},\"image\":{\"@id\":\"https:\\\/\\\/www.eldiario.net\\\/portal\\\/#\\\/schema\\\/logo\\\/image\\\/\"},\"sameAs\":[\"https:\\\/\\\/www.facebook.com\\\/eldiario.bolivia\\\/\",\"https:\\\/\\\/x.com\\\/eldiario_net\"]},{\"@type\":\"Person\",\"@id\":\"https:\\\/\\\/www.eldiario.net\\\/portal\\\/#\\\/schema\\\/person\\\/32cc89e801dfcbad3a54f91da7f2ea06\",\"name\":\"Viviana Monrroy\",\"image\":{\"@type\":\"ImageObject\",\"inLanguage\":\"es\",\"@id\":\"https:\\\/\\\/secure.gravatar.com\\\/avatar\\\/dfd1611ed5600959a0e5a9754503b6c05d1dcf190010998e0363aee2ad98afca?s=96&d=mm&r=g\",\"url\":\"https:\\\/\\\/secure.gravatar.com\\\/avatar\\\/dfd1611ed5600959a0e5a9754503b6c05d1dcf190010998e0363aee2ad98afca?s=96&d=mm&r=g\",\"contentUrl\":\"https:\\\/\\\/secure.gravatar.com\\\/avatar\\\/dfd1611ed5600959a0e5a9754503b6c05d1dcf190010998e0363aee2ad98afca?s=96&d=mm&r=g\",\"caption\":\"Viviana Monrroy\"},\"sameAs\":[\"http:\\\/\\\/www.eldiario.net\"],\"url\":\"https:\\\/\\\/www.eldiario.net\\\/portal\\\/author\\\/vivianamonrroy\\\/\"}]}<\/script>\n<!-- \/ Yoast SEO plugin. -->","yoast_head_json":{"title":"Gobierno y padres de familia en disputa por requisito de carnet de vacunaci\u00f3n para bono (11:25) - El Diario - Bolivia","robots":{"index":"index","follow":"follow","max-snippet":"max-snippet:-1","max-image-preview":"max-image-preview:large","max-video-preview":"max-video-preview:-1"},"canonical":"https:\/\/www.eldiario.net\/portal\/2025\/10\/07\/gobierno-y-padres-de-familia-en-disputa-por-requisito-de-carnet-de-vacunacion-para-bono-1125\/","og_locale":"es_ES","og_type":"article","og_title":"Gobierno y padres de familia en disputa por requisito de carnet de vacunaci\u00f3n para bono (11:25) - El Diario - Bolivia","og_description":"El dirigente de Federaci\u00f3n de Padres de Familia (FEDEPAF) El Alto, Carlos Laura, dio 48 horas al ministro de Educaci\u00f3n, Omar Veliz, para retirar el requisito del carnet de vacunaci\u00f3n contra el sarampi\u00f3n para el cobro del Bono Juancito Pinto. Asegur\u00f3 que solo el 20% de los estudiantes cuenta con el documento y advirti\u00f3 movilizaciones [&hellip;]","og_url":"https:\/\/www.eldiario.net\/portal\/2025\/10\/07\/gobierno-y-padres-de-familia-en-disputa-por-requisito-de-carnet-de-vacunacion-para-bono-1125\/","og_site_name":"El Diario - Bolivia","article_publisher":"https:\/\/www.facebook.com\/eldiario.bolivia\/","article_published_time":"2025-10-07T15:27:09+00:00","og_image":[{"width":250,"height":236,"url":"https:\/\/www.eldiario.net\/portal\/wp-content\/uploads\/2025\/10\/FEDEPAF-El-Alto-07.10.25-e1759850803209.png","type":"image\/png"}],"author":"Viviana Monrroy","twitter_card":"summary_large_image","twitter_creator":"@eldiario_net","twitter_site":"@eldiario_net","twitter_misc":{"Escrito por":"Viviana Monrroy","Tiempo de lectura":"1 minuto"},"schema":{"@context":"https:\/\/schema.org","@graph":[{"@type":"Article","@id":"https:\/\/www.eldiario.net\/portal\/2025\/10\/07\/gobierno-y-padres-de-familia-en-disputa-por-requisito-de-carnet-de-vacunacion-para-bono-1125\/#article","isPartOf":{"@id":"https:\/\/www.eldiario.net\/portal\/2025\/10\/07\/gobierno-y-padres-de-familia-en-disputa-por-requisito-de-carnet-de-vacunacion-para-bono-1125\/"},"author":{"name":"Viviana Monrroy","@id":"https:\/\/www.eldiario.net\/portal\/#\/schema\/person\/32cc89e801dfcbad3a54f91da7f2ea06"},"headline":"Gobierno y padres de familia en disputa por requisito de carnet de vacunaci\u00f3n para bono (11:25)","datePublished":"2025-10-07T15:27:09+00:00","mainEntityOfPage":{"@id":"https:\/\/www.eldiario.net\/portal\/2025\/10\/07\/gobierno-y-padres-de-familia-en-disputa-por-requisito-de-carnet-de-vacunacion-para-bono-1125\/"},"wordCount":174,"publisher":{"@id":"https:\/\/www.eldiario.net\/portal\/#organization"},"image":{"@id":"https:\/\/www.eldiario.net\/portal\/2025\/10\/07\/gobierno-y-padres-de-familia-en-disputa-por-requisito-de-carnet-de-vacunacion-para-bono-1125\/#primaryimage"},"thumbnailUrl":"https:\/\/www.eldiario.net\/portal\/wp-content\/uploads\/2025\/10\/FEDEPAF-El-Alto-07.10.25-e1759850803209.png","articleSection":["\u00daltima Hora"],"inLanguage":"es"},{"@type":"WebPage","@id":"https:\/\/www.eldiario.net\/portal\/2025\/10\/07\/gobierno-y-padres-de-familia-en-disputa-por-requisito-de-carnet-de-vacunacion-para-bono-1125\/","url":"https:\/\/www.eldiario.net\/portal\/2025\/10\/07\/gobierno-y-padres-de-familia-en-disputa-por-requisito-de-carnet-de-vacunacion-para-bono-1125\/","name":"Gobierno y padres de familia en disputa por requisito de carnet de vacunaci\u00f3n para bono (11:25) - El Diario - Bolivia","isPartOf":{"@id":"https:\/\/www.eldiario.net\/portal\/#website"},"primaryImageOfPage":{"@id":"https:\/\/www.eldiario.net\/portal\/2025\/10\/07\/gobierno-y-padres-de-familia-en-disputa-por-requisito-de-carnet-de-vacunacion-para-bono-1125\/#primaryimage"},"image":{"@id":"https:\/\/www.eldiario.net\/portal\/2025\/10\/07\/gobierno-y-padres-de-familia-en-disputa-por-requisito-de-carnet-de-vacunacion-para-bono-1125\/#primaryimage"},"thumbnailUrl":"https:\/\/www.eldiario.net\/portal\/wp-content\/uploads\/2025\/10\/FEDEPAF-El-Alto-07.10.25-e1759850803209.png","datePublished":"2025-10-07T15:27:09+00:00","breadcrumb":{"@id":"https:\/\/www.eldiario.net\/portal\/2025\/10\/07\/gobierno-y-padres-de-familia-en-disputa-por-requisito-de-carnet-de-vacunacion-para-bono-1125\/#breadcrumb"},"inLanguage":"es","potentialAction":[{"@type":"ReadAction","target":["https:\/\/www.eldiario.net\/portal\/2025\/10\/07\/gobierno-y-padres-de-familia-en-disputa-por-requisito-de-carnet-de-vacunacion-para-bono-1125\/"]}]},{"@type":"ImageObject","inLanguage":"es","@id":"https:\/\/www.eldiario.net\/portal\/2025\/10\/07\/gobierno-y-padres-de-familia-en-disputa-por-requisito-de-carnet-de-vacunacion-para-bono-1125\/#primaryimage","url":"https:\/\/www.eldiario.net\/portal\/wp-content\/uploads\/2025\/10\/FEDEPAF-El-Alto-07.10.25-e1759850803209.png","contentUrl":"https:\/\/www.eldiario.net\/portal\/wp-content\/uploads\/2025\/10\/FEDEPAF-El-Alto-07.10.25-e1759850803209.png","width":250,"height":236,"caption":"Foto: RR.SS."},{"@type":"BreadcrumbList","@id":"https:\/\/www.eldiario.net\/portal\/2025\/10\/07\/gobierno-y-padres-de-familia-en-disputa-por-requisito-de-carnet-de-vacunacion-para-bono-1125\/#breadcrumb","itemListElement":[{"@type":"ListItem","position":1,"name":"Portada","item":"https:\/\/www.eldiario.net\/portal\/"},{"@type":"ListItem","position":2,"name":"Gobierno y padres de familia en disputa por requisito de carnet de vacunaci\u00f3n para bono (11:25)"}]},{"@type":"WebSite","@id":"https:\/\/www.eldiario.net\/portal\/#website","url":"https:\/\/www.eldiario.net\/portal\/","name":"El Diario - Decano de la prensa nacional","description":"El Diario - Decano de la prensa nacional","publisher":{"@id":"https:\/\/www.eldiario.net\/portal\/#organization"},"potentialAction":[{"@type":"SearchAction","target":{"@type":"EntryPoint","urlTemplate":"https:\/\/www.eldiario.net\/portal\/?s={search_term_string}"},"query-input":{"@type":"PropertyValueSpecification","valueRequired":true,"valueName":"search_term_string"}}],"inLanguage":"es"},{"@type":"Organization","@id":"https:\/\/www.eldiario.net\/portal\/#organization","name":"El Diario - Decano de la prensa nacional","url":"https:\/\/www.eldiario.net\/portal\/","logo":{"@type":"ImageObject","inLanguage":"es","@id":"https:\/\/www.eldiario.net\/portal\/#\/schema\/logo\/image\/","url":"https:\/\/www.eldiario.net\/portal\/wp-content\/uploads\/2023\/07\/logo_ED.jpg","contentUrl":"https:\/\/www.eldiario.net\/portal\/wp-content\/uploads\/2023\/07\/logo_ED.jpg","width":272,"height":52,"caption":"El Diario - Decano de la prensa nacional"},"image":{"@id":"https:\/\/www.eldiario.net\/portal\/#\/schema\/logo\/image\/"},"sameAs":["https:\/\/www.facebook.com\/eldiario.bolivia\/","https:\/\/x.com\/eldiario_net"]},{"@type":"Person","@id":"https:\/\/www.eldiario.net\/portal\/#\/schema\/person\/32cc89e801dfcbad3a54f91da7f2ea06","name":"Viviana Monrroy","image":{"@type":"ImageObject","inLanguage":"es","@id":"https:\/\/secure.gravatar.com\/avatar\/dfd1611ed5600959a0e5a9754503b6c05d1dcf190010998e0363aee2ad98afca?s=96&d=mm&r=g","url":"https:\/\/secure.gravatar.com\/avatar\/dfd1611ed5600959a0e5a9754503b6c05d1dcf190010998e0363aee2ad98afca?s=96&d=mm&r=g","contentUrl":"https:\/\/secure.gravatar.com\/avatar\/dfd1611ed5600959a0e5a9754503b6c05d1dcf190010998e0363aee2ad98afca?s=96&d=mm&r=g","caption":"Viviana Monrroy"},"sameAs":["http:\/\/www.eldiario.net"],"url":"https:\/\/www.eldiario.net\/portal\/author\/vivianamonrroy\/"}]}},"_links":{"self":[{"href":"https:\/\/www.eldiario.net\/portal\/wp-json\/wp\/v2\/posts\/336590","targetHints":{"allow":["GET"]}}],"collection":[{"href":"https:\/\/www.eldiario.net\/portal\/wp-json\/wp\/v2\/posts"}],"about":[{"href":"https:\/\/www.eldiario.net\/portal\/wp-json\/wp\/v2\/types\/post"}],"author":[{"embeddable":true,"href":"https:\/\/www.eldiario.net\/portal\/wp-json\/wp\/v2\/users\/7"}],"replies":[{"embeddable":true,"href":"https:\/\/www.eldiario.net\/portal\/wp-json\/wp\/v2\/comments?post=336590"}],"version-history":[{"count":1,"href":"https:\/\/www.eldiario.net\/portal\/wp-json\/wp\/v2\/posts\/336590\/revisions"}],"predecessor-version":[{"id":336592,"href":"https:\/\/www.eldiario.net\/portal\/wp-json\/wp\/v2\/posts\/336590\/revisions\/336592"}],"wp:featuredmedia":[{"embeddable":true,"href":"https:\/\/www.eldiario.net\/portal\/wp-json\/wp\/v2\/media\/336591"}],"wp:attachment":[{"href":"https:\/\/www.eldiario.net\/portal\/wp-json\/wp\/v2\/media?parent=336590"}],"wp:term":[{"taxonomy":"category","embeddable":true,"href":"https:\/\/www.eldiario.net\/portal\/wp-json\/wp\/v2\/categories?post=336590"},{"taxonomy":"post_tag","embeddable":true,"href":"https:\/\/www.eldiario.net\/portal\/wp-json\/wp\/v2\/tags?post=336590"}],"curies":[{"name":"wp","href":"https:\/\/api.w.org\/{rel}","templated":true}]}}