{"id":336369,"date":"2025-10-06T08:58:46","date_gmt":"2025-10-06T12:58:46","guid":{"rendered":"https:\/\/www.eldiario.net\/portal\/?p=336369"},"modified":"2025-10-06T08:58:46","modified_gmt":"2025-10-06T12:58:46","slug":"un-epico-viaje-a-traves-de-la-opera-en-el-teatro-municipal","status":"publish","type":"post","link":"https:\/\/www.eldiario.net\/portal\/2025\/10\/06\/un-epico-viaje-a-traves-de-la-opera-en-el-teatro-municipal\/","title":{"rendered":"Un \u00c9pico Viaje a trav\u00e9s de la \u00d3pera en el Teatro Municipal"},"content":{"rendered":"<p>\u00c9pica Producci\u00f3n Art\u00edstica y Jos\u00e9 Luis Duarte Producciones se unen para presentar un evento musical sin precedentes: \u00abGrandes Coros y Arias: Un \u00c9pico Viaje a trav\u00e9s de la \u00d3pera\u00bb.<\/p>\n<p>Celebrando el Bicentenario de Bolivia, el Teatro Municipal \u201cAlberto Saavedra P\u00e9rez\u201d, despu\u00e9s de m\u00e1s de dos d\u00e9cadas, vuelve a extender la alfombra roja, en una gran gala.<\/p>\n<p>El espect\u00e1culo reunir\u00e1 a tres generaciones de talentosos solistas.<\/p>\n<p>Entre los solistas estar\u00e1n como invitados especiales Mar\u00eda Ren\u00e9e Ayaviri y Ricardo Estrada, figuras Ic\u00f3nicas de la \u00f3pera en Bolivia.<\/p>\n<p>Tambi\u00e9n se tendr\u00e1 la presencia de destacados solistas, como Giovanna Monta\u00f1o, Lucia Chumacero, Micaela Valdivia, Sof\u00eda Ayala, Vivian Lineo, Carlos Apaza, Carlos Valdivia, Diego Ayala, Eduardo El Hage, Fernando V\u00e9liz, Flavio Mamani, Jorge N\u00fa\u00f1ez, Jos\u00e9 Luis Duarte, Pablo Estrada y Tamiel Hidalgo.<\/p>\n<p>\u201cEste monumental viaje sonoro y visual sumergir\u00e1 al p\u00fablico en la magia de la \u00f3pera a trav\u00e9s de una selecci\u00f3n exquisita de fragmentos corales y arias de las obras m\u00e1s legendarias de la historia\u201d, resalta la nota de prensa del evento.<\/p>\n<p>El show contar\u00e1 con una imponente orquesta sinf\u00f3nica, dos coros y un despliegue t\u00e9cnico de luces, efectos especiales y pantallas gigantes, prometiendo una inolvidable experiencia.<\/p>\n<p>\u201cDemostramos una vez m\u00e1s que en Bolivia tenemos grandes talentos de nivel internacional. Esta propuesta innovadora busca reunir a personas de todas las edades en una experiencia \u00fanica, demostrando que la \u00f3pera es un lenguaje universal que trasciende generaciones. (Con) una puesta en escena m\u00e1gica y \u00e9pica, llevamos la \u00f3pera a un nivel superior, creando un espect\u00e1culo inolvidable para todos\u201d, subraya la nota.<\/p>\n<p>El maestro Pedro Carrillo dirige Cl\u00e1sicaMente Orchestra, el maestro Andr\u00e9s Estrada el elenco coral y el maestro Ren\u00e1n Callecusi el Coro Infantil del Colegio Santa Teresa. El maestro Ricardo Estrada est\u00e1 como couch vocal de todos los solistas.<\/p>\n<p>El repertorio ha sido cuidadosamente seleccionado para recorrer las grandes emociones de la \u00f3pera, con fragmentos de obras maestras como Carmen, Turandot, La Traviata, El Barbero de Sevilla, Nabucco, Tosca, Il Trovatore, Rigoletto, Don Giovanni, Cavalleria Rusticana, La Flauta M\u00e1gica, L\u2019elisir d\u2019amore, Las Bodas de F\u00edgaro y Lakm\u00e9.<\/p>\n<p><strong>PRODUCCI\u00d3N <\/strong><\/p>\n<p>Mal\u00fa Salas Koch &#8211; Productora (\u00c9pica)<\/p>\n<p>Jos\u00e9 Luis Duarte Vila &#8211; Productor (Jos\u00e9 Luis Duarte Producciones)<\/p>\n<p>\u00c1ngela Vattuone &#8211; Coordinaci\u00f3n general t\u00e9cnica<\/p>\n<p>Bernarda Claure &#8211; Coordinaci\u00f3n general administrativa<\/p>\n<p><strong>INFORMACI\u00d3N ADICIONAL <\/strong><\/p>\n<p>Evento: Grandes Coros y Arias: Un \u00c9pico Viaje a trav\u00e9s de la \u00d3pera<\/p>\n<p>Fechas: 11 y 12 de octubre de 2025<\/p>\n<p>Hora: 19:00 horas.<\/p>\n<p>Lugar: Teatro Municipal \u201cAlberto Saavedra P\u00e9rez\u201d.<\/p>\n<p>Costo de entradas:<\/p>\n<p>PLATEA<\/p>\n<ul>\n<li>Armon\u00edas de Mozart Bs 140<\/li>\n<li>Sinfon\u00edas de verdi Bs 120<\/li>\n<\/ul>\n<p>PALCO<\/p>\n<ul>\n<li>Ecos de Puccini (6 sillas) Bs 750<\/li>\n<li>Pasiones de Bizet (5 sillas) Bs 625<\/li>\n<\/ul>\n<p>ANFITEATRO<\/p>\n<ul>\n<li>Realismo de Mascagni Bs 80<\/li>\n<\/ul>\n<p>GALER\u00cdA<\/p>\n<ul>\n<li>Fantas\u00eda de Donizetti Bs 50<\/li>\n<\/ul>\n<p>PUNTOS DE VENTA:<\/p>\n<p>Online: superticket.bo<\/p>\n<p>Informes: 64238922<\/p>\n<div id='gallery-1' class='gallery galleryid-336369 gallery-columns-3 gallery-size-thumbnail'><figure class='gallery-item'>\n\t\t\t<div class='gallery-icon portrait'>\n\t\t\t\t<a href='https:\/\/www.eldiario.net\/portal\/2025\/10\/06\/un-epico-viaje-a-traves-de-la-opera-en-el-teatro-municipal\/5-viaje-copia\/'><img loading=\"lazy\" decoding=\"async\" width=\"150\" height=\"150\" src=\"https:\/\/www.eldiario.net\/portal\/wp-content\/uploads\/2025\/10\/5-viaje-copia-150x150.webp\" class=\"attachment-thumbnail size-thumbnail\" alt=\"\" \/><\/a>\n\t\t\t<\/div><\/figure><figure class='gallery-item'>\n\t\t\t<div class='gallery-icon portrait'>\n\t\t\t\t<a href='https:\/\/www.eldiario.net\/portal\/2025\/10\/06\/un-epico-viaje-a-traves-de-la-opera-en-el-teatro-municipal\/6-viaje-copia\/'><img loading=\"lazy\" decoding=\"async\" width=\"150\" height=\"150\" src=\"https:\/\/www.eldiario.net\/portal\/wp-content\/uploads\/2025\/10\/6-viaje-copia-150x150.webp\" class=\"attachment-thumbnail size-thumbnail\" alt=\"\" \/><\/a>\n\t\t\t<\/div><\/figure><figure class='gallery-item'>\n\t\t\t<div class='gallery-icon landscape'>\n\t\t\t\t<a href='https:\/\/www.eldiario.net\/portal\/2025\/10\/06\/un-epico-viaje-a-traves-de-la-opera-en-el-teatro-municipal\/1-viaje-principal-copia\/'><img loading=\"lazy\" decoding=\"async\" width=\"150\" height=\"150\" src=\"https:\/\/www.eldiario.net\/portal\/wp-content\/uploads\/2025\/10\/1-viaje-PRINCIPAL-copia-150x150.webp\" class=\"attachment-thumbnail size-thumbnail\" alt=\"\" \/><\/a>\n\t\t\t<\/div><\/figure><figure class='gallery-item'>\n\t\t\t<div class='gallery-icon landscape'>\n\t\t\t\t<a href='https:\/\/www.eldiario.net\/portal\/2025\/10\/06\/un-epico-viaje-a-traves-de-la-opera-en-el-teatro-municipal\/2-viaje-copia\/'><img loading=\"lazy\" decoding=\"async\" width=\"150\" height=\"150\" src=\"https:\/\/www.eldiario.net\/portal\/wp-content\/uploads\/2025\/10\/2-viaje-copia-150x150.webp\" class=\"attachment-thumbnail size-thumbnail\" alt=\"\" \/><\/a>\n\t\t\t<\/div><\/figure><figure class='gallery-item'>\n\t\t\t<div class='gallery-icon portrait'>\n\t\t\t\t<a href='https:\/\/www.eldiario.net\/portal\/2025\/10\/06\/un-epico-viaje-a-traves-de-la-opera-en-el-teatro-municipal\/3-viaje-copia\/'><img loading=\"lazy\" decoding=\"async\" width=\"150\" height=\"150\" src=\"https:\/\/www.eldiario.net\/portal\/wp-content\/uploads\/2025\/10\/3-viaje-copia-150x150.webp\" class=\"attachment-thumbnail size-thumbnail\" alt=\"\" \/><\/a>\n\t\t\t<\/div><\/figure><figure class='gallery-item'>\n\t\t\t<div class='gallery-icon landscape'>\n\t\t\t\t<a href='https:\/\/www.eldiario.net\/portal\/2025\/10\/06\/un-epico-viaje-a-traves-de-la-opera-en-el-teatro-municipal\/4-viaje-copia\/'><img loading=\"lazy\" decoding=\"async\" width=\"150\" height=\"150\" src=\"https:\/\/www.eldiario.net\/portal\/wp-content\/uploads\/2025\/10\/4-viaje-copia-150x150.webp\" class=\"attachment-thumbnail size-thumbnail\" alt=\"\" \/><\/a>\n\t\t\t<\/div><\/figure>\n\t\t<\/div>\n\n","protected":false},"excerpt":{"rendered":"<p>\u00c9pica Producci\u00f3n Art\u00edstica y Jos\u00e9 Luis Duarte Producciones se unen para presentar un evento musical sin precedentes: \u00abGrandes Coros y Arias: Un \u00c9pico Viaje a trav\u00e9s de la \u00d3pera\u00bb. Celebrando el Bicentenario de Bolivia, el Teatro Municipal \u201cAlberto Saavedra P\u00e9rez\u201d, despu\u00e9s de m\u00e1s de dos d\u00e9cadas, vuelve a extender la alfombra roja, en una gran [&hellip;]<\/p>\n","protected":false},"author":2,"featured_media":336373,"comment_status":"closed","ping_status":"open","sticky":false,"template":"","format":"standard","meta":{"_acf_changed":false,"footnotes":""},"categories":[41],"tags":[],"class_list":["post-336369","post","type-post","status-publish","format-standard","has-post-thumbnail","category-la-guia"],"acf":{"antetitulo":""},"yoast_head":"<!-- This site is optimized with the Yoast SEO plugin v28.4 - https:\/\/yoast.com\/product\/yoast-seo-wordpress\/ -->\n<title>Un \u00c9pico Viaje a trav\u00e9s de la \u00d3pera en el Teatro Municipal - El Diario - Bolivia<\/title>\n<meta name=\"robots\" content=\"index, follow, max-snippet:-1, max-image-preview:large, max-video-preview:-1\" \/>\n<link rel=\"canonical\" href=\"https:\/\/www.eldiario.net\/portal\/2025\/10\/06\/un-epico-viaje-a-traves-de-la-opera-en-el-teatro-municipal\/\" \/>\n<meta property=\"og:locale\" content=\"es_ES\" \/>\n<meta property=\"og:type\" content=\"article\" \/>\n<meta property=\"og:title\" content=\"Un \u00c9pico Viaje a trav\u00e9s de la \u00d3pera en el Teatro Municipal - El Diario - Bolivia\" \/>\n<meta property=\"og:description\" content=\"\u00c9pica Producci\u00f3n Art\u00edstica y Jos\u00e9 Luis Duarte Producciones se unen para presentar un evento musical sin precedentes: \u00abGrandes Coros y Arias: Un \u00c9pico Viaje a trav\u00e9s de la \u00d3pera\u00bb. Celebrando el Bicentenario de Bolivia, el Teatro Municipal \u201cAlberto Saavedra P\u00e9rez\u201d, despu\u00e9s de m\u00e1s de dos d\u00e9cadas, vuelve a extender la alfombra roja, en una gran [&hellip;]\" \/>\n<meta property=\"og:url\" content=\"https:\/\/www.eldiario.net\/portal\/2025\/10\/06\/un-epico-viaje-a-traves-de-la-opera-en-el-teatro-municipal\/\" \/>\n<meta property=\"og:site_name\" content=\"El Diario - Bolivia\" \/>\n<meta property=\"article:publisher\" content=\"https:\/\/www.facebook.com\/eldiario.bolivia\/\" \/>\n<meta property=\"article:published_time\" content=\"2025-10-06T12:58:46+00:00\" \/>\n<meta property=\"og:image\" content=\"https:\/\/www.eldiario.net\/portal\/wp-content\/uploads\/2025\/10\/1-viaje-PRINCIPAL-copia.webp\" \/>\n\t<meta property=\"og:image:width\" content=\"1000\" \/>\n\t<meta property=\"og:image:height\" content=\"667\" \/>\n\t<meta property=\"og:image:type\" content=\"image\/webp\" \/>\n<meta name=\"author\" content=\"luis Camacho\" \/>\n<meta name=\"twitter:card\" content=\"summary_large_image\" \/>\n<meta name=\"twitter:creator\" content=\"@eldiario_net\" \/>\n<meta name=\"twitter:site\" content=\"@eldiario_net\" \/>\n<meta name=\"twitter:label1\" content=\"Escrito por\" \/>\n\t<meta name=\"twitter:data1\" content=\"luis Camacho\" \/>\n\t<meta name=\"twitter:label2\" content=\"Tiempo de lectura\" \/>\n\t<meta name=\"twitter:data2\" content=\"3 minutos\" \/>\n<script type=\"application\/ld+json\" class=\"yoast-schema-graph\">{\"@context\":\"https:\\\/\\\/schema.org\",\"@graph\":[{\"@type\":\"Article\",\"@id\":\"https:\\\/\\\/www.eldiario.net\\\/portal\\\/2025\\\/10\\\/06\\\/un-epico-viaje-a-traves-de-la-opera-en-el-teatro-municipal\\\/#article\",\"isPartOf\":{\"@id\":\"https:\\\/\\\/www.eldiario.net\\\/portal\\\/2025\\\/10\\\/06\\\/un-epico-viaje-a-traves-de-la-opera-en-el-teatro-municipal\\\/\"},\"author\":{\"name\":\"luis Camacho\",\"@id\":\"https:\\\/\\\/www.eldiario.net\\\/portal\\\/#\\\/schema\\\/person\\\/c1a5d38e458b10c8ebd62f4189b82bbc\"},\"headline\":\"Un \u00c9pico Viaje a trav\u00e9s de la \u00d3pera en el Teatro Municipal\",\"datePublished\":\"2025-10-06T12:58:46+00:00\",\"mainEntityOfPage\":{\"@id\":\"https:\\\/\\\/www.eldiario.net\\\/portal\\\/2025\\\/10\\\/06\\\/un-epico-viaje-a-traves-de-la-opera-en-el-teatro-municipal\\\/\"},\"wordCount\":498,\"publisher\":{\"@id\":\"https:\\\/\\\/www.eldiario.net\\\/portal\\\/#organization\"},\"image\":{\"@id\":\"https:\\\/\\\/www.eldiario.net\\\/portal\\\/2025\\\/10\\\/06\\\/un-epico-viaje-a-traves-de-la-opera-en-el-teatro-municipal\\\/#primaryimage\"},\"thumbnailUrl\":\"https:\\\/\\\/www.eldiario.net\\\/portal\\\/wp-content\\\/uploads\\\/2025\\\/10\\\/1-viaje-PRINCIPAL-copia.webp\",\"articleSection\":[\"La Gu\u00eda\"],\"inLanguage\":\"es\"},{\"@type\":\"WebPage\",\"@id\":\"https:\\\/\\\/www.eldiario.net\\\/portal\\\/2025\\\/10\\\/06\\\/un-epico-viaje-a-traves-de-la-opera-en-el-teatro-municipal\\\/\",\"url\":\"https:\\\/\\\/www.eldiario.net\\\/portal\\\/2025\\\/10\\\/06\\\/un-epico-viaje-a-traves-de-la-opera-en-el-teatro-municipal\\\/\",\"name\":\"Un \u00c9pico Viaje a trav\u00e9s de la \u00d3pera en el Teatro Municipal - El Diario - Bolivia\",\"isPartOf\":{\"@id\":\"https:\\\/\\\/www.eldiario.net\\\/portal\\\/#website\"},\"primaryImageOfPage\":{\"@id\":\"https:\\\/\\\/www.eldiario.net\\\/portal\\\/2025\\\/10\\\/06\\\/un-epico-viaje-a-traves-de-la-opera-en-el-teatro-municipal\\\/#primaryimage\"},\"image\":{\"@id\":\"https:\\\/\\\/www.eldiario.net\\\/portal\\\/2025\\\/10\\\/06\\\/un-epico-viaje-a-traves-de-la-opera-en-el-teatro-municipal\\\/#primaryimage\"},\"thumbnailUrl\":\"https:\\\/\\\/www.eldiario.net\\\/portal\\\/wp-content\\\/uploads\\\/2025\\\/10\\\/1-viaje-PRINCIPAL-copia.webp\",\"datePublished\":\"2025-10-06T12:58:46+00:00\",\"breadcrumb\":{\"@id\":\"https:\\\/\\\/www.eldiario.net\\\/portal\\\/2025\\\/10\\\/06\\\/un-epico-viaje-a-traves-de-la-opera-en-el-teatro-municipal\\\/#breadcrumb\"},\"inLanguage\":\"es\",\"potentialAction\":[{\"@type\":\"ReadAction\",\"target\":[\"https:\\\/\\\/www.eldiario.net\\\/portal\\\/2025\\\/10\\\/06\\\/un-epico-viaje-a-traves-de-la-opera-en-el-teatro-municipal\\\/\"]}]},{\"@type\":\"ImageObject\",\"inLanguage\":\"es\",\"@id\":\"https:\\\/\\\/www.eldiario.net\\\/portal\\\/2025\\\/10\\\/06\\\/un-epico-viaje-a-traves-de-la-opera-en-el-teatro-municipal\\\/#primaryimage\",\"url\":\"https:\\\/\\\/www.eldiario.net\\\/portal\\\/wp-content\\\/uploads\\\/2025\\\/10\\\/1-viaje-PRINCIPAL-copia.webp\",\"contentUrl\":\"https:\\\/\\\/www.eldiario.net\\\/portal\\\/wp-content\\\/uploads\\\/2025\\\/10\\\/1-viaje-PRINCIPAL-copia.webp\",\"width\":1000,\"height\":667},{\"@type\":\"BreadcrumbList\",\"@id\":\"https:\\\/\\\/www.eldiario.net\\\/portal\\\/2025\\\/10\\\/06\\\/un-epico-viaje-a-traves-de-la-opera-en-el-teatro-municipal\\\/#breadcrumb\",\"itemListElement\":[{\"@type\":\"ListItem\",\"position\":1,\"name\":\"Portada\",\"item\":\"https:\\\/\\\/www.eldiario.net\\\/portal\\\/\"},{\"@type\":\"ListItem\",\"position\":2,\"name\":\"Un \u00c9pico Viaje a trav\u00e9s de la \u00d3pera en el Teatro Municipal\"}]},{\"@type\":\"WebSite\",\"@id\":\"https:\\\/\\\/www.eldiario.net\\\/portal\\\/#website\",\"url\":\"https:\\\/\\\/www.eldiario.net\\\/portal\\\/\",\"name\":\"El Diario - Decano de la prensa nacional\",\"description\":\"El Diario - Decano de la prensa nacional\",\"publisher\":{\"@id\":\"https:\\\/\\\/www.eldiario.net\\\/portal\\\/#organization\"},\"potentialAction\":[{\"@type\":\"SearchAction\",\"target\":{\"@type\":\"EntryPoint\",\"urlTemplate\":\"https:\\\/\\\/www.eldiario.net\\\/portal\\\/?s={search_term_string}\"},\"query-input\":{\"@type\":\"PropertyValueSpecification\",\"valueRequired\":true,\"valueName\":\"search_term_string\"}}],\"inLanguage\":\"es\"},{\"@type\":\"Organization\",\"@id\":\"https:\\\/\\\/www.eldiario.net\\\/portal\\\/#organization\",\"name\":\"El Diario - Decano de la prensa nacional\",\"url\":\"https:\\\/\\\/www.eldiario.net\\\/portal\\\/\",\"logo\":{\"@type\":\"ImageObject\",\"inLanguage\":\"es\",\"@id\":\"https:\\\/\\\/www.eldiario.net\\\/portal\\\/#\\\/schema\\\/logo\\\/image\\\/\",\"url\":\"https:\\\/\\\/www.eldiario.net\\\/portal\\\/wp-content\\\/uploads\\\/2023\\\/07\\\/logo_ED.jpg\",\"contentUrl\":\"https:\\\/\\\/www.eldiario.net\\\/portal\\\/wp-content\\\/uploads\\\/2023\\\/07\\\/logo_ED.jpg\",\"width\":272,\"height\":52,\"caption\":\"El Diario - Decano de la prensa nacional\"},\"image\":{\"@id\":\"https:\\\/\\\/www.eldiario.net\\\/portal\\\/#\\\/schema\\\/logo\\\/image\\\/\"},\"sameAs\":[\"https:\\\/\\\/www.facebook.com\\\/eldiario.bolivia\\\/\",\"https:\\\/\\\/x.com\\\/eldiario_net\"]},{\"@type\":\"Person\",\"@id\":\"https:\\\/\\\/www.eldiario.net\\\/portal\\\/#\\\/schema\\\/person\\\/c1a5d38e458b10c8ebd62f4189b82bbc\",\"name\":\"luis Camacho\",\"image\":{\"@type\":\"ImageObject\",\"inLanguage\":\"es\",\"@id\":\"https:\\\/\\\/secure.gravatar.com\\\/avatar\\\/69ecb836b3826d5a2501bf06ab2a2f2c8ab211cc846758f395df21684cb38313?s=96&d=mm&r=g\",\"url\":\"https:\\\/\\\/secure.gravatar.com\\\/avatar\\\/69ecb836b3826d5a2501bf06ab2a2f2c8ab211cc846758f395df21684cb38313?s=96&d=mm&r=g\",\"contentUrl\":\"https:\\\/\\\/secure.gravatar.com\\\/avatar\\\/69ecb836b3826d5a2501bf06ab2a2f2c8ab211cc846758f395df21684cb38313?s=96&d=mm&r=g\",\"caption\":\"luis Camacho\"},\"url\":\"https:\\\/\\\/www.eldiario.net\\\/portal\\\/author\\\/luis\\\/\"}]}<\/script>\n<!-- \/ Yoast SEO plugin. -->","yoast_head_json":{"title":"Un \u00c9pico Viaje a trav\u00e9s de la \u00d3pera en el Teatro Municipal - El Diario - Bolivia","robots":{"index":"index","follow":"follow","max-snippet":"max-snippet:-1","max-image-preview":"max-image-preview:large","max-video-preview":"max-video-preview:-1"},"canonical":"https:\/\/www.eldiario.net\/portal\/2025\/10\/06\/un-epico-viaje-a-traves-de-la-opera-en-el-teatro-municipal\/","og_locale":"es_ES","og_type":"article","og_title":"Un \u00c9pico Viaje a trav\u00e9s de la \u00d3pera en el Teatro Municipal - El Diario - Bolivia","og_description":"\u00c9pica Producci\u00f3n Art\u00edstica y Jos\u00e9 Luis Duarte Producciones se unen para presentar un evento musical sin precedentes: \u00abGrandes Coros y Arias: Un \u00c9pico Viaje a trav\u00e9s de la \u00d3pera\u00bb. Celebrando el Bicentenario de Bolivia, el Teatro Municipal \u201cAlberto Saavedra P\u00e9rez\u201d, despu\u00e9s de m\u00e1s de dos d\u00e9cadas, vuelve a extender la alfombra roja, en una gran [&hellip;]","og_url":"https:\/\/www.eldiario.net\/portal\/2025\/10\/06\/un-epico-viaje-a-traves-de-la-opera-en-el-teatro-municipal\/","og_site_name":"El Diario - Bolivia","article_publisher":"https:\/\/www.facebook.com\/eldiario.bolivia\/","article_published_time":"2025-10-06T12:58:46+00:00","og_image":[{"width":1000,"height":667,"url":"https:\/\/www.eldiario.net\/portal\/wp-content\/uploads\/2025\/10\/1-viaje-PRINCIPAL-copia.webp","type":"image\/webp"}],"author":"luis Camacho","twitter_card":"summary_large_image","twitter_creator":"@eldiario_net","twitter_site":"@eldiario_net","twitter_misc":{"Escrito por":"luis Camacho","Tiempo de lectura":"3 minutos"},"schema":{"@context":"https:\/\/schema.org","@graph":[{"@type":"Article","@id":"https:\/\/www.eldiario.net\/portal\/2025\/10\/06\/un-epico-viaje-a-traves-de-la-opera-en-el-teatro-municipal\/#article","isPartOf":{"@id":"https:\/\/www.eldiario.net\/portal\/2025\/10\/06\/un-epico-viaje-a-traves-de-la-opera-en-el-teatro-municipal\/"},"author":{"name":"luis Camacho","@id":"https:\/\/www.eldiario.net\/portal\/#\/schema\/person\/c1a5d38e458b10c8ebd62f4189b82bbc"},"headline":"Un \u00c9pico Viaje a trav\u00e9s de la \u00d3pera en el Teatro Municipal","datePublished":"2025-10-06T12:58:46+00:00","mainEntityOfPage":{"@id":"https:\/\/www.eldiario.net\/portal\/2025\/10\/06\/un-epico-viaje-a-traves-de-la-opera-en-el-teatro-municipal\/"},"wordCount":498,"publisher":{"@id":"https:\/\/www.eldiario.net\/portal\/#organization"},"image":{"@id":"https:\/\/www.eldiario.net\/portal\/2025\/10\/06\/un-epico-viaje-a-traves-de-la-opera-en-el-teatro-municipal\/#primaryimage"},"thumbnailUrl":"https:\/\/www.eldiario.net\/portal\/wp-content\/uploads\/2025\/10\/1-viaje-PRINCIPAL-copia.webp","articleSection":["La Gu\u00eda"],"inLanguage":"es"},{"@type":"WebPage","@id":"https:\/\/www.eldiario.net\/portal\/2025\/10\/06\/un-epico-viaje-a-traves-de-la-opera-en-el-teatro-municipal\/","url":"https:\/\/www.eldiario.net\/portal\/2025\/10\/06\/un-epico-viaje-a-traves-de-la-opera-en-el-teatro-municipal\/","name":"Un \u00c9pico Viaje a trav\u00e9s de la \u00d3pera en el Teatro Municipal - El Diario - Bolivia","isPartOf":{"@id":"https:\/\/www.eldiario.net\/portal\/#website"},"primaryImageOfPage":{"@id":"https:\/\/www.eldiario.net\/portal\/2025\/10\/06\/un-epico-viaje-a-traves-de-la-opera-en-el-teatro-municipal\/#primaryimage"},"image":{"@id":"https:\/\/www.eldiario.net\/portal\/2025\/10\/06\/un-epico-viaje-a-traves-de-la-opera-en-el-teatro-municipal\/#primaryimage"},"thumbnailUrl":"https:\/\/www.eldiario.net\/portal\/wp-content\/uploads\/2025\/10\/1-viaje-PRINCIPAL-copia.webp","datePublished":"2025-10-06T12:58:46+00:00","breadcrumb":{"@id":"https:\/\/www.eldiario.net\/portal\/2025\/10\/06\/un-epico-viaje-a-traves-de-la-opera-en-el-teatro-municipal\/#breadcrumb"},"inLanguage":"es","potentialAction":[{"@type":"ReadAction","target":["https:\/\/www.eldiario.net\/portal\/2025\/10\/06\/un-epico-viaje-a-traves-de-la-opera-en-el-teatro-municipal\/"]}]},{"@type":"ImageObject","inLanguage":"es","@id":"https:\/\/www.eldiario.net\/portal\/2025\/10\/06\/un-epico-viaje-a-traves-de-la-opera-en-el-teatro-municipal\/#primaryimage","url":"https:\/\/www.eldiario.net\/portal\/wp-content\/uploads\/2025\/10\/1-viaje-PRINCIPAL-copia.webp","contentUrl":"https:\/\/www.eldiario.net\/portal\/wp-content\/uploads\/2025\/10\/1-viaje-PRINCIPAL-copia.webp","width":1000,"height":667},{"@type":"BreadcrumbList","@id":"https:\/\/www.eldiario.net\/portal\/2025\/10\/06\/un-epico-viaje-a-traves-de-la-opera-en-el-teatro-municipal\/#breadcrumb","itemListElement":[{"@type":"ListItem","position":1,"name":"Portada","item":"https:\/\/www.eldiario.net\/portal\/"},{"@type":"ListItem","position":2,"name":"Un \u00c9pico Viaje a trav\u00e9s de la \u00d3pera en el Teatro Municipal"}]},{"@type":"WebSite","@id":"https:\/\/www.eldiario.net\/portal\/#website","url":"https:\/\/www.eldiario.net\/portal\/","name":"El Diario - Decano de la prensa nacional","description":"El Diario - Decano de la prensa nacional","publisher":{"@id":"https:\/\/www.eldiario.net\/portal\/#organization"},"potentialAction":[{"@type":"SearchAction","target":{"@type":"EntryPoint","urlTemplate":"https:\/\/www.eldiario.net\/portal\/?s={search_term_string}"},"query-input":{"@type":"PropertyValueSpecification","valueRequired":true,"valueName":"search_term_string"}}],"inLanguage":"es"},{"@type":"Organization","@id":"https:\/\/www.eldiario.net\/portal\/#organization","name":"El Diario - Decano de la prensa nacional","url":"https:\/\/www.eldiario.net\/portal\/","logo":{"@type":"ImageObject","inLanguage":"es","@id":"https:\/\/www.eldiario.net\/portal\/#\/schema\/logo\/image\/","url":"https:\/\/www.eldiario.net\/portal\/wp-content\/uploads\/2023\/07\/logo_ED.jpg","contentUrl":"https:\/\/www.eldiario.net\/portal\/wp-content\/uploads\/2023\/07\/logo_ED.jpg","width":272,"height":52,"caption":"El Diario - Decano de la prensa nacional"},"image":{"@id":"https:\/\/www.eldiario.net\/portal\/#\/schema\/logo\/image\/"},"sameAs":["https:\/\/www.facebook.com\/eldiario.bolivia\/","https:\/\/x.com\/eldiario_net"]},{"@type":"Person","@id":"https:\/\/www.eldiario.net\/portal\/#\/schema\/person\/c1a5d38e458b10c8ebd62f4189b82bbc","name":"luis Camacho","image":{"@type":"ImageObject","inLanguage":"es","@id":"https:\/\/secure.gravatar.com\/avatar\/69ecb836b3826d5a2501bf06ab2a2f2c8ab211cc846758f395df21684cb38313?s=96&d=mm&r=g","url":"https:\/\/secure.gravatar.com\/avatar\/69ecb836b3826d5a2501bf06ab2a2f2c8ab211cc846758f395df21684cb38313?s=96&d=mm&r=g","contentUrl":"https:\/\/secure.gravatar.com\/avatar\/69ecb836b3826d5a2501bf06ab2a2f2c8ab211cc846758f395df21684cb38313?s=96&d=mm&r=g","caption":"luis Camacho"},"url":"https:\/\/www.eldiario.net\/portal\/author\/luis\/"}]}},"_links":{"self":[{"href":"https:\/\/www.eldiario.net\/portal\/wp-json\/wp\/v2\/posts\/336369","targetHints":{"allow":["GET"]}}],"collection":[{"href":"https:\/\/www.eldiario.net\/portal\/wp-json\/wp\/v2\/posts"}],"about":[{"href":"https:\/\/www.eldiario.net\/portal\/wp-json\/wp\/v2\/types\/post"}],"author":[{"embeddable":true,"href":"https:\/\/www.eldiario.net\/portal\/wp-json\/wp\/v2\/users\/2"}],"replies":[{"embeddable":true,"href":"https:\/\/www.eldiario.net\/portal\/wp-json\/wp\/v2\/comments?post=336369"}],"version-history":[{"count":1,"href":"https:\/\/www.eldiario.net\/portal\/wp-json\/wp\/v2\/posts\/336369\/revisions"}],"predecessor-version":[{"id":336377,"href":"https:\/\/www.eldiario.net\/portal\/wp-json\/wp\/v2\/posts\/336369\/revisions\/336377"}],"wp:featuredmedia":[{"embeddable":true,"href":"https:\/\/www.eldiario.net\/portal\/wp-json\/wp\/v2\/media\/336373"}],"wp:attachment":[{"href":"https:\/\/www.eldiario.net\/portal\/wp-json\/wp\/v2\/media?parent=336369"}],"wp:term":[{"taxonomy":"category","embeddable":true,"href":"https:\/\/www.eldiario.net\/portal\/wp-json\/wp\/v2\/categories?post=336369"},{"taxonomy":"post_tag","embeddable":true,"href":"https:\/\/www.eldiario.net\/portal\/wp-json\/wp\/v2\/tags?post=336369"}],"curies":[{"name":"wp","href":"https:\/\/api.w.org\/{rel}","templated":true}]}}