{"id":336363,"date":"2025-10-06T08:54:45","date_gmt":"2025-10-06T12:54:45","guid":{"rendered":"https:\/\/www.eldiario.net\/portal\/?p=336363"},"modified":"2025-10-06T08:54:45","modified_gmt":"2025-10-06T12:54:45","slug":"wajtacha-estara-en-el-festival-internacional-de-teatro-de-cordoba","status":"publish","type":"post","link":"https:\/\/www.eldiario.net\/portal\/2025\/10\/06\/wajtacha-estara-en-el-festival-internacional-de-teatro-de-cordoba\/","title":{"rendered":"\u201cWajtacha\u201d estar\u00e1 en el Festival  Internacional de Teatro de C\u00f3rdoba"},"content":{"rendered":"<p>El Teatro del Astillero, en coproducci\u00f3n con El Bunker Casa de Creaci\u00f3n, presentar\u00e1 la obra teatral \u201cWajtacha\u201d en el 15\u00b0 Festival Internacional de Teatro C\u00f3rdoba Mercosur 2025.<\/p>\n<p>La puesta en escena ser\u00e1 este 6 y 7 de octubre, a horas 18:30, en el Teatro Cubo Azul Av. Filloy s\/n (detr\u00e1s del Comedor Universitario) de la ciudad de C\u00f3rdoba, Argentina.<\/p>\n<p>\u201cWajtacha\u201d es una obra escrita y dirigida por Luis Miguel Gonz\u00e1lez, director espa\u00f1ol de la Compa\u00f1\u00eda Teatral El Astillero, quien en 2018 estren\u00f3 \u201cEl Himnovador\u201d, obra acerca de Benedetto Vincenti, el compositor italiano de la m\u00fasica del Himno Nacional de Bolivia. Esta fue la primera obra que Gonz\u00e1lez llev\u00f3 a escena en colaboraci\u00f3n con actores en La Paz, con quienes tambi\u00e9n en 2021 estren\u00f3 \u201cWajtacha\u201d, una tragedia que se ambienta en una mina boliviana, pero que la trasciende para explorar en el esp\u00edritu humano.<\/p>\n<p>Ambientada en un pueblo del altiplano andino, la obra cuenta la muerte del hijo de Sonia, de quien, seg\u00fan ella, su cad\u00e1ver habr\u00eda sido ofrecido para el rito de Wajtacha, un sacrificio para el T\u00edo de la Mina, deidad venerada por los mineros.<\/p>\n<p>Posteriormente, Franklin, responsable sindical de la mina, pide a Sonia que deje de buscar a su hijo hasta que decide desenterrar el cad\u00e1ver y darle sepultura en un terreno sagrado. No obstante, a partir de ese hecho, se presentar\u00e1 una serie de hechos inh\u00f3spitos como accidentes y el encuentro de una veta mineral que enriquecer\u00e1 a todos los gestores mineros presentes, excepto a Franklin, seg\u00fan menciona la sinopsis de la obra.<\/p>\n<p>El elenco de \u201cWajtacha\u201d est\u00e1 conformado por los actores: Antonio Peredo, Ra\u00fal \u201cPit\u00edn\u201d G\u00f3mez, Fernando Romero, Marcelo Sosa y Claudia Ossio. Es una coproducci\u00f3n de El Bunker Casa de Creaci\u00f3n y Teatro del Astillero.<\/p>\n<p>Para aquellos interesados en obtener m\u00e1s informaci\u00f3n acerca de la obra, pueden visitar la p\u00e1gina web oficial en https:\/\/elbunkercasadecreacion.com o seguir las<\/p>\n<p>redes sociales de El Bunker Espacio Alternativo en Facebook (@El Bunker Espacio<\/p>\n<p>Alternativo) e Instagram (@elbunker_casadecreacion).<\/p>\n<p>Consultas: llamar al 64070878.<\/p>\n<p>Espacio Cubo Azul Tel: (+54) 0351 5945895 \u2013 5353630<\/p>\n<div id='gallery-1' class='gallery galleryid-336363 gallery-columns-3 gallery-size-thumbnail'><figure class='gallery-item'>\n\t\t\t<div class='gallery-icon landscape'>\n\t\t\t\t<a href='https:\/\/www.eldiario.net\/portal\/2025\/10\/06\/wajtacha-estara-en-el-festival-internacional-de-teatro-de-cordoba\/9-wajtacha-copia\/'><img loading=\"lazy\" decoding=\"async\" width=\"150\" height=\"150\" src=\"https:\/\/www.eldiario.net\/portal\/wp-content\/uploads\/2025\/10\/9-Wajtacha-copia-150x150.webp\" class=\"attachment-thumbnail size-thumbnail\" alt=\"\" \/><\/a>\n\t\t\t<\/div><\/figure><figure class='gallery-item'>\n\t\t\t<div class='gallery-icon landscape'>\n\t\t\t\t<a href='https:\/\/www.eldiario.net\/portal\/2025\/10\/06\/wajtacha-estara-en-el-festival-internacional-de-teatro-de-cordoba\/10-wajtacha-copia\/'><img loading=\"lazy\" decoding=\"async\" width=\"150\" height=\"150\" src=\"https:\/\/www.eldiario.net\/portal\/wp-content\/uploads\/2025\/10\/10-Wajtacha-copia-150x150.webp\" class=\"attachment-thumbnail size-thumbnail\" alt=\"\" \/><\/a>\n\t\t\t<\/div><\/figure><figure class='gallery-item'>\n\t\t\t<div class='gallery-icon landscape'>\n\t\t\t\t<a href='https:\/\/www.eldiario.net\/portal\/2025\/10\/06\/wajtacha-estara-en-el-festival-internacional-de-teatro-de-cordoba\/7-wajtacha-copia\/'><img loading=\"lazy\" decoding=\"async\" width=\"150\" height=\"150\" src=\"https:\/\/www.eldiario.net\/portal\/wp-content\/uploads\/2025\/10\/7.-Wajtacha-copia-150x150.webp\" class=\"attachment-thumbnail size-thumbnail\" alt=\"\" \/><\/a>\n\t\t\t<\/div><\/figure><figure class='gallery-item'>\n\t\t\t<div class='gallery-icon landscape'>\n\t\t\t\t<a href='https:\/\/www.eldiario.net\/portal\/2025\/10\/06\/wajtacha-estara-en-el-festival-internacional-de-teatro-de-cordoba\/8-wajtacha-copia\/'><img loading=\"lazy\" decoding=\"async\" width=\"150\" height=\"150\" src=\"https:\/\/www.eldiario.net\/portal\/wp-content\/uploads\/2025\/10\/8-Wajtacha-copia-150x150.webp\" class=\"attachment-thumbnail size-thumbnail\" alt=\"\" \/><\/a>\n\t\t\t<\/div><\/figure>\n\t\t<\/div>\n\n","protected":false},"excerpt":{"rendered":"<p>El Teatro del Astillero, en coproducci\u00f3n con El Bunker Casa de Creaci\u00f3n, presentar\u00e1 la obra teatral \u201cWajtacha\u201d en el 15\u00b0 Festival Internacional de Teatro C\u00f3rdoba Mercosur 2025. La puesta en escena ser\u00e1 este 6 y 7 de octubre, a horas 18:30, en el Teatro Cubo Azul Av. Filloy s\/n (detr\u00e1s del Comedor Universitario) de la [&hellip;]<\/p>\n","protected":false},"author":2,"featured_media":336366,"comment_status":"closed","ping_status":"open","sticky":false,"template":"","format":"standard","meta":{"_acf_changed":false,"footnotes":""},"categories":[41],"tags":[],"class_list":["post-336363","post","type-post","status-publish","format-standard","has-post-thumbnail","category-la-guia"],"acf":{"antetitulo":""},"yoast_head":"<!-- This site is optimized with the Yoast SEO plugin v28.4 - https:\/\/yoast.com\/product\/yoast-seo-wordpress\/ -->\n<title>\u201cWajtacha\u201d estar\u00e1 en el Festival Internacional de Teatro de C\u00f3rdoba - El Diario - Bolivia<\/title>\n<meta name=\"robots\" content=\"index, follow, max-snippet:-1, max-image-preview:large, max-video-preview:-1\" \/>\n<link rel=\"canonical\" href=\"https:\/\/www.eldiario.net\/portal\/2025\/10\/06\/wajtacha-estara-en-el-festival-internacional-de-teatro-de-cordoba\/\" \/>\n<meta property=\"og:locale\" content=\"es_ES\" \/>\n<meta property=\"og:type\" content=\"article\" \/>\n<meta property=\"og:title\" content=\"\u201cWajtacha\u201d estar\u00e1 en el Festival Internacional de Teatro de C\u00f3rdoba - El Diario - Bolivia\" \/>\n<meta property=\"og:description\" content=\"El Teatro del Astillero, en coproducci\u00f3n con El Bunker Casa de Creaci\u00f3n, presentar\u00e1 la obra teatral \u201cWajtacha\u201d en el 15\u00b0 Festival Internacional de Teatro C\u00f3rdoba Mercosur 2025. La puesta en escena ser\u00e1 este 6 y 7 de octubre, a horas 18:30, en el Teatro Cubo Azul Av. Filloy s\/n (detr\u00e1s del Comedor Universitario) de la [&hellip;]\" \/>\n<meta property=\"og:url\" content=\"https:\/\/www.eldiario.net\/portal\/2025\/10\/06\/wajtacha-estara-en-el-festival-internacional-de-teatro-de-cordoba\/\" \/>\n<meta property=\"og:site_name\" content=\"El Diario - Bolivia\" \/>\n<meta property=\"article:publisher\" content=\"https:\/\/www.facebook.com\/eldiario.bolivia\/\" \/>\n<meta property=\"article:published_time\" content=\"2025-10-06T12:54:45+00:00\" \/>\n<meta property=\"og:image\" content=\"https:\/\/www.eldiario.net\/portal\/wp-content\/uploads\/2025\/10\/7.-Wajtacha-copia.webp\" \/>\n\t<meta property=\"og:image:width\" content=\"1000\" \/>\n\t<meta property=\"og:image:height\" content=\"667\" \/>\n\t<meta property=\"og:image:type\" content=\"image\/webp\" \/>\n<meta name=\"author\" content=\"luis Camacho\" \/>\n<meta name=\"twitter:card\" content=\"summary_large_image\" \/>\n<meta name=\"twitter:creator\" content=\"@eldiario_net\" \/>\n<meta name=\"twitter:site\" content=\"@eldiario_net\" \/>\n<meta name=\"twitter:label1\" content=\"Escrito por\" \/>\n\t<meta name=\"twitter:data1\" content=\"luis Camacho\" \/>\n\t<meta name=\"twitter:label2\" content=\"Tiempo de lectura\" \/>\n\t<meta name=\"twitter:data2\" content=\"2 minutos\" \/>\n<script type=\"application\/ld+json\" class=\"yoast-schema-graph\">{\"@context\":\"https:\\\/\\\/schema.org\",\"@graph\":[{\"@type\":\"Article\",\"@id\":\"https:\\\/\\\/www.eldiario.net\\\/portal\\\/2025\\\/10\\\/06\\\/wajtacha-estara-en-el-festival-internacional-de-teatro-de-cordoba\\\/#article\",\"isPartOf\":{\"@id\":\"https:\\\/\\\/www.eldiario.net\\\/portal\\\/2025\\\/10\\\/06\\\/wajtacha-estara-en-el-festival-internacional-de-teatro-de-cordoba\\\/\"},\"author\":{\"name\":\"luis Camacho\",\"@id\":\"https:\\\/\\\/www.eldiario.net\\\/portal\\\/#\\\/schema\\\/person\\\/c1a5d38e458b10c8ebd62f4189b82bbc\"},\"headline\":\"\u201cWajtacha\u201d estar\u00e1 en el Festival Internacional de Teatro de C\u00f3rdoba\",\"datePublished\":\"2025-10-06T12:54:45+00:00\",\"mainEntityOfPage\":{\"@id\":\"https:\\\/\\\/www.eldiario.net\\\/portal\\\/2025\\\/10\\\/06\\\/wajtacha-estara-en-el-festival-internacional-de-teatro-de-cordoba\\\/\"},\"wordCount\":374,\"publisher\":{\"@id\":\"https:\\\/\\\/www.eldiario.net\\\/portal\\\/#organization\"},\"image\":{\"@id\":\"https:\\\/\\\/www.eldiario.net\\\/portal\\\/2025\\\/10\\\/06\\\/wajtacha-estara-en-el-festival-internacional-de-teatro-de-cordoba\\\/#primaryimage\"},\"thumbnailUrl\":\"https:\\\/\\\/www.eldiario.net\\\/portal\\\/wp-content\\\/uploads\\\/2025\\\/10\\\/7.-Wajtacha-copia.webp\",\"articleSection\":[\"La Gu\u00eda\"],\"inLanguage\":\"es\"},{\"@type\":\"WebPage\",\"@id\":\"https:\\\/\\\/www.eldiario.net\\\/portal\\\/2025\\\/10\\\/06\\\/wajtacha-estara-en-el-festival-internacional-de-teatro-de-cordoba\\\/\",\"url\":\"https:\\\/\\\/www.eldiario.net\\\/portal\\\/2025\\\/10\\\/06\\\/wajtacha-estara-en-el-festival-internacional-de-teatro-de-cordoba\\\/\",\"name\":\"\u201cWajtacha\u201d estar\u00e1 en el Festival Internacional de Teatro de C\u00f3rdoba - El Diario - Bolivia\",\"isPartOf\":{\"@id\":\"https:\\\/\\\/www.eldiario.net\\\/portal\\\/#website\"},\"primaryImageOfPage\":{\"@id\":\"https:\\\/\\\/www.eldiario.net\\\/portal\\\/2025\\\/10\\\/06\\\/wajtacha-estara-en-el-festival-internacional-de-teatro-de-cordoba\\\/#primaryimage\"},\"image\":{\"@id\":\"https:\\\/\\\/www.eldiario.net\\\/portal\\\/2025\\\/10\\\/06\\\/wajtacha-estara-en-el-festival-internacional-de-teatro-de-cordoba\\\/#primaryimage\"},\"thumbnailUrl\":\"https:\\\/\\\/www.eldiario.net\\\/portal\\\/wp-content\\\/uploads\\\/2025\\\/10\\\/7.-Wajtacha-copia.webp\",\"datePublished\":\"2025-10-06T12:54:45+00:00\",\"breadcrumb\":{\"@id\":\"https:\\\/\\\/www.eldiario.net\\\/portal\\\/2025\\\/10\\\/06\\\/wajtacha-estara-en-el-festival-internacional-de-teatro-de-cordoba\\\/#breadcrumb\"},\"inLanguage\":\"es\",\"potentialAction\":[{\"@type\":\"ReadAction\",\"target\":[\"https:\\\/\\\/www.eldiario.net\\\/portal\\\/2025\\\/10\\\/06\\\/wajtacha-estara-en-el-festival-internacional-de-teatro-de-cordoba\\\/\"]}]},{\"@type\":\"ImageObject\",\"inLanguage\":\"es\",\"@id\":\"https:\\\/\\\/www.eldiario.net\\\/portal\\\/2025\\\/10\\\/06\\\/wajtacha-estara-en-el-festival-internacional-de-teatro-de-cordoba\\\/#primaryimage\",\"url\":\"https:\\\/\\\/www.eldiario.net\\\/portal\\\/wp-content\\\/uploads\\\/2025\\\/10\\\/7.-Wajtacha-copia.webp\",\"contentUrl\":\"https:\\\/\\\/www.eldiario.net\\\/portal\\\/wp-content\\\/uploads\\\/2025\\\/10\\\/7.-Wajtacha-copia.webp\",\"width\":1000,\"height\":667},{\"@type\":\"BreadcrumbList\",\"@id\":\"https:\\\/\\\/www.eldiario.net\\\/portal\\\/2025\\\/10\\\/06\\\/wajtacha-estara-en-el-festival-internacional-de-teatro-de-cordoba\\\/#breadcrumb\",\"itemListElement\":[{\"@type\":\"ListItem\",\"position\":1,\"name\":\"Portada\",\"item\":\"https:\\\/\\\/www.eldiario.net\\\/portal\\\/\"},{\"@type\":\"ListItem\",\"position\":2,\"name\":\"\u201cWajtacha\u201d estar\u00e1 en el Festival Internacional de Teatro de C\u00f3rdoba\"}]},{\"@type\":\"WebSite\",\"@id\":\"https:\\\/\\\/www.eldiario.net\\\/portal\\\/#website\",\"url\":\"https:\\\/\\\/www.eldiario.net\\\/portal\\\/\",\"name\":\"El Diario - Decano de la prensa nacional\",\"description\":\"El Diario - Decano de la prensa nacional\",\"publisher\":{\"@id\":\"https:\\\/\\\/www.eldiario.net\\\/portal\\\/#organization\"},\"potentialAction\":[{\"@type\":\"SearchAction\",\"target\":{\"@type\":\"EntryPoint\",\"urlTemplate\":\"https:\\\/\\\/www.eldiario.net\\\/portal\\\/?s={search_term_string}\"},\"query-input\":{\"@type\":\"PropertyValueSpecification\",\"valueRequired\":true,\"valueName\":\"search_term_string\"}}],\"inLanguage\":\"es\"},{\"@type\":\"Organization\",\"@id\":\"https:\\\/\\\/www.eldiario.net\\\/portal\\\/#organization\",\"name\":\"El Diario - Decano de la prensa nacional\",\"url\":\"https:\\\/\\\/www.eldiario.net\\\/portal\\\/\",\"logo\":{\"@type\":\"ImageObject\",\"inLanguage\":\"es\",\"@id\":\"https:\\\/\\\/www.eldiario.net\\\/portal\\\/#\\\/schema\\\/logo\\\/image\\\/\",\"url\":\"https:\\\/\\\/www.eldiario.net\\\/portal\\\/wp-content\\\/uploads\\\/2023\\\/07\\\/logo_ED.jpg\",\"contentUrl\":\"https:\\\/\\\/www.eldiario.net\\\/portal\\\/wp-content\\\/uploads\\\/2023\\\/07\\\/logo_ED.jpg\",\"width\":272,\"height\":52,\"caption\":\"El Diario - Decano de la prensa nacional\"},\"image\":{\"@id\":\"https:\\\/\\\/www.eldiario.net\\\/portal\\\/#\\\/schema\\\/logo\\\/image\\\/\"},\"sameAs\":[\"https:\\\/\\\/www.facebook.com\\\/eldiario.bolivia\\\/\",\"https:\\\/\\\/x.com\\\/eldiario_net\"]},{\"@type\":\"Person\",\"@id\":\"https:\\\/\\\/www.eldiario.net\\\/portal\\\/#\\\/schema\\\/person\\\/c1a5d38e458b10c8ebd62f4189b82bbc\",\"name\":\"luis Camacho\",\"image\":{\"@type\":\"ImageObject\",\"inLanguage\":\"es\",\"@id\":\"https:\\\/\\\/secure.gravatar.com\\\/avatar\\\/69ecb836b3826d5a2501bf06ab2a2f2c8ab211cc846758f395df21684cb38313?s=96&d=mm&r=g\",\"url\":\"https:\\\/\\\/secure.gravatar.com\\\/avatar\\\/69ecb836b3826d5a2501bf06ab2a2f2c8ab211cc846758f395df21684cb38313?s=96&d=mm&r=g\",\"contentUrl\":\"https:\\\/\\\/secure.gravatar.com\\\/avatar\\\/69ecb836b3826d5a2501bf06ab2a2f2c8ab211cc846758f395df21684cb38313?s=96&d=mm&r=g\",\"caption\":\"luis Camacho\"},\"url\":\"https:\\\/\\\/www.eldiario.net\\\/portal\\\/author\\\/luis\\\/\"}]}<\/script>\n<!-- \/ Yoast SEO plugin. -->","yoast_head_json":{"title":"\u201cWajtacha\u201d estar\u00e1 en el Festival Internacional de Teatro de C\u00f3rdoba - El Diario - Bolivia","robots":{"index":"index","follow":"follow","max-snippet":"max-snippet:-1","max-image-preview":"max-image-preview:large","max-video-preview":"max-video-preview:-1"},"canonical":"https:\/\/www.eldiario.net\/portal\/2025\/10\/06\/wajtacha-estara-en-el-festival-internacional-de-teatro-de-cordoba\/","og_locale":"es_ES","og_type":"article","og_title":"\u201cWajtacha\u201d estar\u00e1 en el Festival Internacional de Teatro de C\u00f3rdoba - El Diario - Bolivia","og_description":"El Teatro del Astillero, en coproducci\u00f3n con El Bunker Casa de Creaci\u00f3n, presentar\u00e1 la obra teatral \u201cWajtacha\u201d en el 15\u00b0 Festival Internacional de Teatro C\u00f3rdoba Mercosur 2025. La puesta en escena ser\u00e1 este 6 y 7 de octubre, a horas 18:30, en el Teatro Cubo Azul Av. Filloy s\/n (detr\u00e1s del Comedor Universitario) de la [&hellip;]","og_url":"https:\/\/www.eldiario.net\/portal\/2025\/10\/06\/wajtacha-estara-en-el-festival-internacional-de-teatro-de-cordoba\/","og_site_name":"El Diario - Bolivia","article_publisher":"https:\/\/www.facebook.com\/eldiario.bolivia\/","article_published_time":"2025-10-06T12:54:45+00:00","og_image":[{"width":1000,"height":667,"url":"https:\/\/www.eldiario.net\/portal\/wp-content\/uploads\/2025\/10\/7.-Wajtacha-copia.webp","type":"image\/webp"}],"author":"luis Camacho","twitter_card":"summary_large_image","twitter_creator":"@eldiario_net","twitter_site":"@eldiario_net","twitter_misc":{"Escrito por":"luis Camacho","Tiempo de lectura":"2 minutos"},"schema":{"@context":"https:\/\/schema.org","@graph":[{"@type":"Article","@id":"https:\/\/www.eldiario.net\/portal\/2025\/10\/06\/wajtacha-estara-en-el-festival-internacional-de-teatro-de-cordoba\/#article","isPartOf":{"@id":"https:\/\/www.eldiario.net\/portal\/2025\/10\/06\/wajtacha-estara-en-el-festival-internacional-de-teatro-de-cordoba\/"},"author":{"name":"luis Camacho","@id":"https:\/\/www.eldiario.net\/portal\/#\/schema\/person\/c1a5d38e458b10c8ebd62f4189b82bbc"},"headline":"\u201cWajtacha\u201d estar\u00e1 en el Festival Internacional de Teatro de C\u00f3rdoba","datePublished":"2025-10-06T12:54:45+00:00","mainEntityOfPage":{"@id":"https:\/\/www.eldiario.net\/portal\/2025\/10\/06\/wajtacha-estara-en-el-festival-internacional-de-teatro-de-cordoba\/"},"wordCount":374,"publisher":{"@id":"https:\/\/www.eldiario.net\/portal\/#organization"},"image":{"@id":"https:\/\/www.eldiario.net\/portal\/2025\/10\/06\/wajtacha-estara-en-el-festival-internacional-de-teatro-de-cordoba\/#primaryimage"},"thumbnailUrl":"https:\/\/www.eldiario.net\/portal\/wp-content\/uploads\/2025\/10\/7.-Wajtacha-copia.webp","articleSection":["La Gu\u00eda"],"inLanguage":"es"},{"@type":"WebPage","@id":"https:\/\/www.eldiario.net\/portal\/2025\/10\/06\/wajtacha-estara-en-el-festival-internacional-de-teatro-de-cordoba\/","url":"https:\/\/www.eldiario.net\/portal\/2025\/10\/06\/wajtacha-estara-en-el-festival-internacional-de-teatro-de-cordoba\/","name":"\u201cWajtacha\u201d estar\u00e1 en el Festival Internacional de Teatro de C\u00f3rdoba - El Diario - Bolivia","isPartOf":{"@id":"https:\/\/www.eldiario.net\/portal\/#website"},"primaryImageOfPage":{"@id":"https:\/\/www.eldiario.net\/portal\/2025\/10\/06\/wajtacha-estara-en-el-festival-internacional-de-teatro-de-cordoba\/#primaryimage"},"image":{"@id":"https:\/\/www.eldiario.net\/portal\/2025\/10\/06\/wajtacha-estara-en-el-festival-internacional-de-teatro-de-cordoba\/#primaryimage"},"thumbnailUrl":"https:\/\/www.eldiario.net\/portal\/wp-content\/uploads\/2025\/10\/7.-Wajtacha-copia.webp","datePublished":"2025-10-06T12:54:45+00:00","breadcrumb":{"@id":"https:\/\/www.eldiario.net\/portal\/2025\/10\/06\/wajtacha-estara-en-el-festival-internacional-de-teatro-de-cordoba\/#breadcrumb"},"inLanguage":"es","potentialAction":[{"@type":"ReadAction","target":["https:\/\/www.eldiario.net\/portal\/2025\/10\/06\/wajtacha-estara-en-el-festival-internacional-de-teatro-de-cordoba\/"]}]},{"@type":"ImageObject","inLanguage":"es","@id":"https:\/\/www.eldiario.net\/portal\/2025\/10\/06\/wajtacha-estara-en-el-festival-internacional-de-teatro-de-cordoba\/#primaryimage","url":"https:\/\/www.eldiario.net\/portal\/wp-content\/uploads\/2025\/10\/7.-Wajtacha-copia.webp","contentUrl":"https:\/\/www.eldiario.net\/portal\/wp-content\/uploads\/2025\/10\/7.-Wajtacha-copia.webp","width":1000,"height":667},{"@type":"BreadcrumbList","@id":"https:\/\/www.eldiario.net\/portal\/2025\/10\/06\/wajtacha-estara-en-el-festival-internacional-de-teatro-de-cordoba\/#breadcrumb","itemListElement":[{"@type":"ListItem","position":1,"name":"Portada","item":"https:\/\/www.eldiario.net\/portal\/"},{"@type":"ListItem","position":2,"name":"\u201cWajtacha\u201d estar\u00e1 en el Festival Internacional de Teatro de C\u00f3rdoba"}]},{"@type":"WebSite","@id":"https:\/\/www.eldiario.net\/portal\/#website","url":"https:\/\/www.eldiario.net\/portal\/","name":"El Diario - Decano de la prensa nacional","description":"El Diario - Decano de la prensa nacional","publisher":{"@id":"https:\/\/www.eldiario.net\/portal\/#organization"},"potentialAction":[{"@type":"SearchAction","target":{"@type":"EntryPoint","urlTemplate":"https:\/\/www.eldiario.net\/portal\/?s={search_term_string}"},"query-input":{"@type":"PropertyValueSpecification","valueRequired":true,"valueName":"search_term_string"}}],"inLanguage":"es"},{"@type":"Organization","@id":"https:\/\/www.eldiario.net\/portal\/#organization","name":"El Diario - Decano de la prensa nacional","url":"https:\/\/www.eldiario.net\/portal\/","logo":{"@type":"ImageObject","inLanguage":"es","@id":"https:\/\/www.eldiario.net\/portal\/#\/schema\/logo\/image\/","url":"https:\/\/www.eldiario.net\/portal\/wp-content\/uploads\/2023\/07\/logo_ED.jpg","contentUrl":"https:\/\/www.eldiario.net\/portal\/wp-content\/uploads\/2023\/07\/logo_ED.jpg","width":272,"height":52,"caption":"El Diario - Decano de la prensa nacional"},"image":{"@id":"https:\/\/www.eldiario.net\/portal\/#\/schema\/logo\/image\/"},"sameAs":["https:\/\/www.facebook.com\/eldiario.bolivia\/","https:\/\/x.com\/eldiario_net"]},{"@type":"Person","@id":"https:\/\/www.eldiario.net\/portal\/#\/schema\/person\/c1a5d38e458b10c8ebd62f4189b82bbc","name":"luis Camacho","image":{"@type":"ImageObject","inLanguage":"es","@id":"https:\/\/secure.gravatar.com\/avatar\/69ecb836b3826d5a2501bf06ab2a2f2c8ab211cc846758f395df21684cb38313?s=96&d=mm&r=g","url":"https:\/\/secure.gravatar.com\/avatar\/69ecb836b3826d5a2501bf06ab2a2f2c8ab211cc846758f395df21684cb38313?s=96&d=mm&r=g","contentUrl":"https:\/\/secure.gravatar.com\/avatar\/69ecb836b3826d5a2501bf06ab2a2f2c8ab211cc846758f395df21684cb38313?s=96&d=mm&r=g","caption":"luis Camacho"},"url":"https:\/\/www.eldiario.net\/portal\/author\/luis\/"}]}},"_links":{"self":[{"href":"https:\/\/www.eldiario.net\/portal\/wp-json\/wp\/v2\/posts\/336363","targetHints":{"allow":["GET"]}}],"collection":[{"href":"https:\/\/www.eldiario.net\/portal\/wp-json\/wp\/v2\/posts"}],"about":[{"href":"https:\/\/www.eldiario.net\/portal\/wp-json\/wp\/v2\/types\/post"}],"author":[{"embeddable":true,"href":"https:\/\/www.eldiario.net\/portal\/wp-json\/wp\/v2\/users\/2"}],"replies":[{"embeddable":true,"href":"https:\/\/www.eldiario.net\/portal\/wp-json\/wp\/v2\/comments?post=336363"}],"version-history":[{"count":1,"href":"https:\/\/www.eldiario.net\/portal\/wp-json\/wp\/v2\/posts\/336363\/revisions"}],"predecessor-version":[{"id":336368,"href":"https:\/\/www.eldiario.net\/portal\/wp-json\/wp\/v2\/posts\/336363\/revisions\/336368"}],"wp:featuredmedia":[{"embeddable":true,"href":"https:\/\/www.eldiario.net\/portal\/wp-json\/wp\/v2\/media\/336366"}],"wp:attachment":[{"href":"https:\/\/www.eldiario.net\/portal\/wp-json\/wp\/v2\/media?parent=336363"}],"wp:term":[{"taxonomy":"category","embeddable":true,"href":"https:\/\/www.eldiario.net\/portal\/wp-json\/wp\/v2\/categories?post=336363"},{"taxonomy":"post_tag","embeddable":true,"href":"https:\/\/www.eldiario.net\/portal\/wp-json\/wp\/v2\/tags?post=336363"}],"curies":[{"name":"wp","href":"https:\/\/api.w.org\/{rel}","templated":true}]}}