{"id":336355,"date":"2025-10-06T07:34:05","date_gmt":"2025-10-06T11:34:05","guid":{"rendered":"https:\/\/www.eldiario.net\/portal\/?p=336355"},"modified":"2025-10-06T07:34:05","modified_gmt":"2025-10-06T11:34:05","slug":"samsung-galaxy-a07-y-a17-llegan-a-bolivia-con-rendimiento-optimizado-camara-avanzada-y-hasta-6-anos-de-actualizaciones","status":"publish","type":"post","link":"https:\/\/www.eldiario.net\/portal\/2025\/10\/06\/samsung-galaxy-a07-y-a17-llegan-a-bolivia-con-rendimiento-optimizado-camara-avanzada-y-hasta-6-anos-de-actualizaciones\/","title":{"rendered":"Samsung Galaxy A07 y A17 llegan a Bolivia con rendimiento optimizado, c\u00e1mara avanzada y hasta 6 a\u00f1os de actualizaciones"},"content":{"rendered":"<p><strong>Septiembre 2025.- <\/strong>Samsung anuncia la llegada de los nuevos Galaxy A07 y Galaxy A17 a Bolivia y Am\u00e9rica Latina. Estos dispositivos refuerzan el prop\u00f3sito de la l\u00ednea Galaxy A: ofrecer tecnolog\u00eda confiable, rendimiento duradero y funciones pensadas para la rutina diaria de los consumidores.<\/p>\n<p>Con una c\u00e1mara mejorada, rendimiento optimizado y bater\u00eda de larga duraci\u00f3n, los Galaxy A07 y A17 est\u00e1n dise\u00f1ados para quienes buscan capturar recuerdos y jugar sin interrupciones. Ambos modelos comparten la promesa de estar \u201chechos para durar\u201d.<\/p>\n<p>\u201cEstos dos modelos que se unen a la Serie Galaxy A en Bolivia, por sus caracter\u00edsticas, est\u00e1n hechos para durar. Como todo lanzamiento, llegan junto a un combo AAAAAAsombroso: el mejor precio, calidad y tecnolog\u00eda, ahora con el doble de memoria, porque los pueden encontrar en su comercio favorito junto a una SD Card de 128 GB\u201d, se\u00f1ala la gerente de Marketing en Samsung Bolivia, Stephani Berzain.<\/p>\n<p><strong>Funciones que importan en el d\u00eda a d\u00eda<\/strong><\/p>\n<p>Ambos equipos cuentan con certificaci\u00f3n IP54 contra agua y polvo, bater\u00eda de 5.000 mAh que dura hasta dos d\u00edas, y hasta 6 a\u00f1os de actualizaciones de sistema y seguridad. Adem\u00e1s, integran herramientas avanzadas de seguridad como Knox Vault, Auto Blocker y la protecci\u00f3n contra robo (Theft Protection), que refuerzan la privacidad y el resguardo de datos personales.<\/p>\n<p>El Galaxy A07 ofrece un balance equilibrado entre dise\u00f1o moderno y rendimiento. Su principal atractivo es la c\u00e1mara de 50MP, mientras que la pantalla con tasa de refresco de 90Hz proporciona una experiencia fluida al mirar videos, navegar por redes sociales o jugar. El modelo tambi\u00e9n incluye un procesador de 6nm, m\u00e1s eficiente que su generaci\u00f3n anterior.<\/p>\n<p>Adem\u00e1s, gracias a la carga r\u00e1pida de 25W, el dispositivo alcanza un 53% de bater\u00eda en solo 30 minutos. Con apenas 7.6 mm de grosor, su dise\u00f1o es elegante y ergon\u00f3mico. El A07 conserva la entrada P2 para auriculares y una ranura para tarjeta microSD, permitiendo ampliar la memoria f\u00e1cilmente.<\/p>\n<p>El Galaxy A17, por su parte, se presenta como la opci\u00f3n m\u00e1s completa de la serie, con funciones cercanas a los modelos premium. Destaca por incorporar Circle to Search, que permite buscar cualquier elemento en pantalla con un simple gesto, y Gemini Live, el nuevo asistente inteligente de Google, que conecta aplicaciones y agiliza tareas con soporte en tiempo real para estudio, trabajo o entretenimiento.<\/p>\n<p>Con 7.5 mm de grosor, el A17 es m\u00e1s delgado, y su c\u00e1mara de 50MP con estabilizaci\u00f3n \u00f3ptica de imagen (OIS) permite obtener fotos y videos n\u00edtidos y sin desenfoques. Tambi\u00e9n incorpora pantalla Gorilla Glass Victus, que ofrece mayor resistencia frente a rayaduras o impactos, ideal para quienes buscan un equipo duradero. Con se\u00f1al LTE, el Galaxy A17 responde a las necesidades de quienes quieren un smartphone potente, seguro y preparado para el futuro.<\/p>\n<p><strong>Disponibilidad local<\/strong><\/p>\n<p>Los nuevos Galaxy A07 y A17 ya est\u00e1n disponibles en los principales comercios a nivel nacional, con combos especiales que incluyen una SD Card de 128 GB<\/p>\n","protected":false},"excerpt":{"rendered":"<p>Septiembre 2025.- Samsung anuncia la llegada de los nuevos Galaxy A07 y Galaxy A17 a Bolivia y Am\u00e9rica Latina. Estos dispositivos refuerzan el prop\u00f3sito de la l\u00ednea Galaxy A: ofrecer tecnolog\u00eda confiable, rendimiento duradero y funciones pensadas para la rutina diaria de los consumidores. Con una c\u00e1mara mejorada, rendimiento optimizado y bater\u00eda de larga duraci\u00f3n, [&hellip;]<\/p>\n","protected":false},"author":1,"featured_media":336356,"comment_status":"closed","ping_status":"open","sticky":false,"template":"","format":"standard","meta":{"_acf_changed":false,"footnotes":""},"categories":[46],"tags":[],"class_list":["post-336355","post","type-post","status-publish","format-standard","has-post-thumbnail","category-ciencia-computacion"],"acf":{"antetitulo":""},"yoast_head":"<!-- This site is optimized with the Yoast SEO plugin v28.4 - https:\/\/yoast.com\/product\/yoast-seo-wordpress\/ -->\n<title>Samsung Galaxy A07 y A17 llegan a Bolivia con rendimiento optimizado, c\u00e1mara avanzada y hasta 6 a\u00f1os de actualizaciones - El Diario - Bolivia<\/title>\n<meta name=\"robots\" content=\"index, follow, max-snippet:-1, max-image-preview:large, max-video-preview:-1\" \/>\n<link rel=\"canonical\" href=\"https:\/\/www.eldiario.net\/portal\/2025\/10\/06\/samsung-galaxy-a07-y-a17-llegan-a-bolivia-con-rendimiento-optimizado-camara-avanzada-y-hasta-6-anos-de-actualizaciones\/\" \/>\n<meta property=\"og:locale\" content=\"es_ES\" \/>\n<meta property=\"og:type\" content=\"article\" \/>\n<meta property=\"og:title\" content=\"Samsung Galaxy A07 y A17 llegan a Bolivia con rendimiento optimizado, c\u00e1mara avanzada y hasta 6 a\u00f1os de actualizaciones - El Diario - Bolivia\" \/>\n<meta property=\"og:description\" content=\"Septiembre 2025.- Samsung anuncia la llegada de los nuevos Galaxy A07 y Galaxy A17 a Bolivia y Am\u00e9rica Latina. Estos dispositivos refuerzan el prop\u00f3sito de la l\u00ednea Galaxy A: ofrecer tecnolog\u00eda confiable, rendimiento duradero y funciones pensadas para la rutina diaria de los consumidores. Con una c\u00e1mara mejorada, rendimiento optimizado y bater\u00eda de larga duraci\u00f3n, [&hellip;]\" \/>\n<meta property=\"og:url\" content=\"https:\/\/www.eldiario.net\/portal\/2025\/10\/06\/samsung-galaxy-a07-y-a17-llegan-a-bolivia-con-rendimiento-optimizado-camara-avanzada-y-hasta-6-anos-de-actualizaciones\/\" \/>\n<meta property=\"og:site_name\" content=\"El Diario - Bolivia\" \/>\n<meta property=\"article:publisher\" content=\"https:\/\/www.facebook.com\/eldiario.bolivia\/\" \/>\n<meta property=\"article:published_time\" content=\"2025-10-06T11:34:05+00:00\" \/>\n<meta property=\"og:image\" content=\"https:\/\/www.eldiario.net\/portal\/wp-content\/uploads\/2025\/10\/2-A-.webp\" \/>\n\t<meta property=\"og:image:width\" content=\"1200\" \/>\n\t<meta property=\"og:image:height\" content=\"523\" \/>\n\t<meta property=\"og:image:type\" content=\"image\/webp\" \/>\n<meta name=\"author\" content=\"Jeanette\" \/>\n<meta name=\"twitter:card\" content=\"summary_large_image\" \/>\n<meta name=\"twitter:creator\" content=\"@eldiario_net\" \/>\n<meta name=\"twitter:site\" content=\"@eldiario_net\" \/>\n<meta name=\"twitter:label1\" content=\"Escrito por\" \/>\n\t<meta name=\"twitter:data1\" content=\"Jeanette\" \/>\n\t<meta name=\"twitter:label2\" content=\"Tiempo de lectura\" \/>\n\t<meta name=\"twitter:data2\" content=\"3 minutos\" \/>\n<script type=\"application\/ld+json\" class=\"yoast-schema-graph\">{\"@context\":\"https:\\\/\\\/schema.org\",\"@graph\":[{\"@type\":\"Article\",\"@id\":\"https:\\\/\\\/www.eldiario.net\\\/portal\\\/2025\\\/10\\\/06\\\/samsung-galaxy-a07-y-a17-llegan-a-bolivia-con-rendimiento-optimizado-camara-avanzada-y-hasta-6-anos-de-actualizaciones\\\/#article\",\"isPartOf\":{\"@id\":\"https:\\\/\\\/www.eldiario.net\\\/portal\\\/2025\\\/10\\\/06\\\/samsung-galaxy-a07-y-a17-llegan-a-bolivia-con-rendimiento-optimizado-camara-avanzada-y-hasta-6-anos-de-actualizaciones\\\/\"},\"author\":{\"name\":\"Jeanette\",\"@id\":\"https:\\\/\\\/www.eldiario.net\\\/portal\\\/#\\\/schema\\\/person\\\/2c57cf2b7a7ae032e449e4c9b1019eac\"},\"headline\":\"Samsung Galaxy A07 y A17 llegan a Bolivia con rendimiento optimizado, c\u00e1mara avanzada y hasta 6 a\u00f1os de actualizaciones\",\"datePublished\":\"2025-10-06T11:34:05+00:00\",\"mainEntityOfPage\":{\"@id\":\"https:\\\/\\\/www.eldiario.net\\\/portal\\\/2025\\\/10\\\/06\\\/samsung-galaxy-a07-y-a17-llegan-a-bolivia-con-rendimiento-optimizado-camara-avanzada-y-hasta-6-anos-de-actualizaciones\\\/\"},\"wordCount\":541,\"publisher\":{\"@id\":\"https:\\\/\\\/www.eldiario.net\\\/portal\\\/#organization\"},\"image\":{\"@id\":\"https:\\\/\\\/www.eldiario.net\\\/portal\\\/2025\\\/10\\\/06\\\/samsung-galaxy-a07-y-a17-llegan-a-bolivia-con-rendimiento-optimizado-camara-avanzada-y-hasta-6-anos-de-actualizaciones\\\/#primaryimage\"},\"thumbnailUrl\":\"https:\\\/\\\/www.eldiario.net\\\/portal\\\/wp-content\\\/uploads\\\/2025\\\/10\\\/2-A-.webp\",\"articleSection\":[\"Ciencia y Computaci\u00f3n\"],\"inLanguage\":\"es\"},{\"@type\":\"WebPage\",\"@id\":\"https:\\\/\\\/www.eldiario.net\\\/portal\\\/2025\\\/10\\\/06\\\/samsung-galaxy-a07-y-a17-llegan-a-bolivia-con-rendimiento-optimizado-camara-avanzada-y-hasta-6-anos-de-actualizaciones\\\/\",\"url\":\"https:\\\/\\\/www.eldiario.net\\\/portal\\\/2025\\\/10\\\/06\\\/samsung-galaxy-a07-y-a17-llegan-a-bolivia-con-rendimiento-optimizado-camara-avanzada-y-hasta-6-anos-de-actualizaciones\\\/\",\"name\":\"Samsung Galaxy A07 y A17 llegan a Bolivia con rendimiento optimizado, c\u00e1mara avanzada y hasta 6 a\u00f1os de actualizaciones - El Diario - Bolivia\",\"isPartOf\":{\"@id\":\"https:\\\/\\\/www.eldiario.net\\\/portal\\\/#website\"},\"primaryImageOfPage\":{\"@id\":\"https:\\\/\\\/www.eldiario.net\\\/portal\\\/2025\\\/10\\\/06\\\/samsung-galaxy-a07-y-a17-llegan-a-bolivia-con-rendimiento-optimizado-camara-avanzada-y-hasta-6-anos-de-actualizaciones\\\/#primaryimage\"},\"image\":{\"@id\":\"https:\\\/\\\/www.eldiario.net\\\/portal\\\/2025\\\/10\\\/06\\\/samsung-galaxy-a07-y-a17-llegan-a-bolivia-con-rendimiento-optimizado-camara-avanzada-y-hasta-6-anos-de-actualizaciones\\\/#primaryimage\"},\"thumbnailUrl\":\"https:\\\/\\\/www.eldiario.net\\\/portal\\\/wp-content\\\/uploads\\\/2025\\\/10\\\/2-A-.webp\",\"datePublished\":\"2025-10-06T11:34:05+00:00\",\"breadcrumb\":{\"@id\":\"https:\\\/\\\/www.eldiario.net\\\/portal\\\/2025\\\/10\\\/06\\\/samsung-galaxy-a07-y-a17-llegan-a-bolivia-con-rendimiento-optimizado-camara-avanzada-y-hasta-6-anos-de-actualizaciones\\\/#breadcrumb\"},\"inLanguage\":\"es\",\"potentialAction\":[{\"@type\":\"ReadAction\",\"target\":[\"https:\\\/\\\/www.eldiario.net\\\/portal\\\/2025\\\/10\\\/06\\\/samsung-galaxy-a07-y-a17-llegan-a-bolivia-con-rendimiento-optimizado-camara-avanzada-y-hasta-6-anos-de-actualizaciones\\\/\"]}]},{\"@type\":\"ImageObject\",\"inLanguage\":\"es\",\"@id\":\"https:\\\/\\\/www.eldiario.net\\\/portal\\\/2025\\\/10\\\/06\\\/samsung-galaxy-a07-y-a17-llegan-a-bolivia-con-rendimiento-optimizado-camara-avanzada-y-hasta-6-anos-de-actualizaciones\\\/#primaryimage\",\"url\":\"https:\\\/\\\/www.eldiario.net\\\/portal\\\/wp-content\\\/uploads\\\/2025\\\/10\\\/2-A-.webp\",\"contentUrl\":\"https:\\\/\\\/www.eldiario.net\\\/portal\\\/wp-content\\\/uploads\\\/2025\\\/10\\\/2-A-.webp\",\"width\":1200,\"height\":523},{\"@type\":\"BreadcrumbList\",\"@id\":\"https:\\\/\\\/www.eldiario.net\\\/portal\\\/2025\\\/10\\\/06\\\/samsung-galaxy-a07-y-a17-llegan-a-bolivia-con-rendimiento-optimizado-camara-avanzada-y-hasta-6-anos-de-actualizaciones\\\/#breadcrumb\",\"itemListElement\":[{\"@type\":\"ListItem\",\"position\":1,\"name\":\"Portada\",\"item\":\"https:\\\/\\\/www.eldiario.net\\\/portal\\\/\"},{\"@type\":\"ListItem\",\"position\":2,\"name\":\"Samsung Galaxy A07 y A17 llegan a Bolivia con rendimiento optimizado, c\u00e1mara avanzada y hasta 6 a\u00f1os de actualizaciones\"}]},{\"@type\":\"WebSite\",\"@id\":\"https:\\\/\\\/www.eldiario.net\\\/portal\\\/#website\",\"url\":\"https:\\\/\\\/www.eldiario.net\\\/portal\\\/\",\"name\":\"El Diario - Decano de la prensa nacional\",\"description\":\"El Diario - Decano de la prensa nacional\",\"publisher\":{\"@id\":\"https:\\\/\\\/www.eldiario.net\\\/portal\\\/#organization\"},\"potentialAction\":[{\"@type\":\"SearchAction\",\"target\":{\"@type\":\"EntryPoint\",\"urlTemplate\":\"https:\\\/\\\/www.eldiario.net\\\/portal\\\/?s={search_term_string}\"},\"query-input\":{\"@type\":\"PropertyValueSpecification\",\"valueRequired\":true,\"valueName\":\"search_term_string\"}}],\"inLanguage\":\"es\"},{\"@type\":\"Organization\",\"@id\":\"https:\\\/\\\/www.eldiario.net\\\/portal\\\/#organization\",\"name\":\"El Diario - Decano de la prensa nacional\",\"url\":\"https:\\\/\\\/www.eldiario.net\\\/portal\\\/\",\"logo\":{\"@type\":\"ImageObject\",\"inLanguage\":\"es\",\"@id\":\"https:\\\/\\\/www.eldiario.net\\\/portal\\\/#\\\/schema\\\/logo\\\/image\\\/\",\"url\":\"https:\\\/\\\/www.eldiario.net\\\/portal\\\/wp-content\\\/uploads\\\/2023\\\/07\\\/logo_ED.jpg\",\"contentUrl\":\"https:\\\/\\\/www.eldiario.net\\\/portal\\\/wp-content\\\/uploads\\\/2023\\\/07\\\/logo_ED.jpg\",\"width\":272,\"height\":52,\"caption\":\"El Diario - Decano de la prensa nacional\"},\"image\":{\"@id\":\"https:\\\/\\\/www.eldiario.net\\\/portal\\\/#\\\/schema\\\/logo\\\/image\\\/\"},\"sameAs\":[\"https:\\\/\\\/www.facebook.com\\\/eldiario.bolivia\\\/\",\"https:\\\/\\\/x.com\\\/eldiario_net\"]},{\"@type\":\"Person\",\"@id\":\"https:\\\/\\\/www.eldiario.net\\\/portal\\\/#\\\/schema\\\/person\\\/2c57cf2b7a7ae032e449e4c9b1019eac\",\"name\":\"Jeanette\",\"image\":{\"@type\":\"ImageObject\",\"inLanguage\":\"es\",\"@id\":\"https:\\\/\\\/secure.gravatar.com\\\/avatar\\\/3ea2118a5f7dad2b7138b1187a6b7ee55f160b9968b66013c3a3ef39dd7e5798?s=96&d=mm&r=g\",\"url\":\"https:\\\/\\\/secure.gravatar.com\\\/avatar\\\/3ea2118a5f7dad2b7138b1187a6b7ee55f160b9968b66013c3a3ef39dd7e5798?s=96&d=mm&r=g\",\"contentUrl\":\"https:\\\/\\\/secure.gravatar.com\\\/avatar\\\/3ea2118a5f7dad2b7138b1187a6b7ee55f160b9968b66013c3a3ef39dd7e5798?s=96&d=mm&r=g\",\"caption\":\"Jeanette\"},\"sameAs\":[\"https:\\\/\\\/www.eldiario.net\\\/portal\"],\"url\":\"https:\\\/\\\/www.eldiario.net\\\/portal\\\/author\\\/jeanette\\\/\"}]}<\/script>\n<!-- \/ Yoast SEO plugin. -->","yoast_head_json":{"title":"Samsung Galaxy A07 y A17 llegan a Bolivia con rendimiento optimizado, c\u00e1mara avanzada y hasta 6 a\u00f1os de actualizaciones - El Diario - Bolivia","robots":{"index":"index","follow":"follow","max-snippet":"max-snippet:-1","max-image-preview":"max-image-preview:large","max-video-preview":"max-video-preview:-1"},"canonical":"https:\/\/www.eldiario.net\/portal\/2025\/10\/06\/samsung-galaxy-a07-y-a17-llegan-a-bolivia-con-rendimiento-optimizado-camara-avanzada-y-hasta-6-anos-de-actualizaciones\/","og_locale":"es_ES","og_type":"article","og_title":"Samsung Galaxy A07 y A17 llegan a Bolivia con rendimiento optimizado, c\u00e1mara avanzada y hasta 6 a\u00f1os de actualizaciones - El Diario - Bolivia","og_description":"Septiembre 2025.- Samsung anuncia la llegada de los nuevos Galaxy A07 y Galaxy A17 a Bolivia y Am\u00e9rica Latina. Estos dispositivos refuerzan el prop\u00f3sito de la l\u00ednea Galaxy A: ofrecer tecnolog\u00eda confiable, rendimiento duradero y funciones pensadas para la rutina diaria de los consumidores. Con una c\u00e1mara mejorada, rendimiento optimizado y bater\u00eda de larga duraci\u00f3n, [&hellip;]","og_url":"https:\/\/www.eldiario.net\/portal\/2025\/10\/06\/samsung-galaxy-a07-y-a17-llegan-a-bolivia-con-rendimiento-optimizado-camara-avanzada-y-hasta-6-anos-de-actualizaciones\/","og_site_name":"El Diario - Bolivia","article_publisher":"https:\/\/www.facebook.com\/eldiario.bolivia\/","article_published_time":"2025-10-06T11:34:05+00:00","og_image":[{"width":1200,"height":523,"url":"https:\/\/www.eldiario.net\/portal\/wp-content\/uploads\/2025\/10\/2-A-.webp","type":"image\/webp"}],"author":"Jeanette","twitter_card":"summary_large_image","twitter_creator":"@eldiario_net","twitter_site":"@eldiario_net","twitter_misc":{"Escrito por":"Jeanette","Tiempo de lectura":"3 minutos"},"schema":{"@context":"https:\/\/schema.org","@graph":[{"@type":"Article","@id":"https:\/\/www.eldiario.net\/portal\/2025\/10\/06\/samsung-galaxy-a07-y-a17-llegan-a-bolivia-con-rendimiento-optimizado-camara-avanzada-y-hasta-6-anos-de-actualizaciones\/#article","isPartOf":{"@id":"https:\/\/www.eldiario.net\/portal\/2025\/10\/06\/samsung-galaxy-a07-y-a17-llegan-a-bolivia-con-rendimiento-optimizado-camara-avanzada-y-hasta-6-anos-de-actualizaciones\/"},"author":{"name":"Jeanette","@id":"https:\/\/www.eldiario.net\/portal\/#\/schema\/person\/2c57cf2b7a7ae032e449e4c9b1019eac"},"headline":"Samsung Galaxy A07 y A17 llegan a Bolivia con rendimiento optimizado, c\u00e1mara avanzada y hasta 6 a\u00f1os de actualizaciones","datePublished":"2025-10-06T11:34:05+00:00","mainEntityOfPage":{"@id":"https:\/\/www.eldiario.net\/portal\/2025\/10\/06\/samsung-galaxy-a07-y-a17-llegan-a-bolivia-con-rendimiento-optimizado-camara-avanzada-y-hasta-6-anos-de-actualizaciones\/"},"wordCount":541,"publisher":{"@id":"https:\/\/www.eldiario.net\/portal\/#organization"},"image":{"@id":"https:\/\/www.eldiario.net\/portal\/2025\/10\/06\/samsung-galaxy-a07-y-a17-llegan-a-bolivia-con-rendimiento-optimizado-camara-avanzada-y-hasta-6-anos-de-actualizaciones\/#primaryimage"},"thumbnailUrl":"https:\/\/www.eldiario.net\/portal\/wp-content\/uploads\/2025\/10\/2-A-.webp","articleSection":["Ciencia y Computaci\u00f3n"],"inLanguage":"es"},{"@type":"WebPage","@id":"https:\/\/www.eldiario.net\/portal\/2025\/10\/06\/samsung-galaxy-a07-y-a17-llegan-a-bolivia-con-rendimiento-optimizado-camara-avanzada-y-hasta-6-anos-de-actualizaciones\/","url":"https:\/\/www.eldiario.net\/portal\/2025\/10\/06\/samsung-galaxy-a07-y-a17-llegan-a-bolivia-con-rendimiento-optimizado-camara-avanzada-y-hasta-6-anos-de-actualizaciones\/","name":"Samsung Galaxy A07 y A17 llegan a Bolivia con rendimiento optimizado, c\u00e1mara avanzada y hasta 6 a\u00f1os de actualizaciones - El Diario - Bolivia","isPartOf":{"@id":"https:\/\/www.eldiario.net\/portal\/#website"},"primaryImageOfPage":{"@id":"https:\/\/www.eldiario.net\/portal\/2025\/10\/06\/samsung-galaxy-a07-y-a17-llegan-a-bolivia-con-rendimiento-optimizado-camara-avanzada-y-hasta-6-anos-de-actualizaciones\/#primaryimage"},"image":{"@id":"https:\/\/www.eldiario.net\/portal\/2025\/10\/06\/samsung-galaxy-a07-y-a17-llegan-a-bolivia-con-rendimiento-optimizado-camara-avanzada-y-hasta-6-anos-de-actualizaciones\/#primaryimage"},"thumbnailUrl":"https:\/\/www.eldiario.net\/portal\/wp-content\/uploads\/2025\/10\/2-A-.webp","datePublished":"2025-10-06T11:34:05+00:00","breadcrumb":{"@id":"https:\/\/www.eldiario.net\/portal\/2025\/10\/06\/samsung-galaxy-a07-y-a17-llegan-a-bolivia-con-rendimiento-optimizado-camara-avanzada-y-hasta-6-anos-de-actualizaciones\/#breadcrumb"},"inLanguage":"es","potentialAction":[{"@type":"ReadAction","target":["https:\/\/www.eldiario.net\/portal\/2025\/10\/06\/samsung-galaxy-a07-y-a17-llegan-a-bolivia-con-rendimiento-optimizado-camara-avanzada-y-hasta-6-anos-de-actualizaciones\/"]}]},{"@type":"ImageObject","inLanguage":"es","@id":"https:\/\/www.eldiario.net\/portal\/2025\/10\/06\/samsung-galaxy-a07-y-a17-llegan-a-bolivia-con-rendimiento-optimizado-camara-avanzada-y-hasta-6-anos-de-actualizaciones\/#primaryimage","url":"https:\/\/www.eldiario.net\/portal\/wp-content\/uploads\/2025\/10\/2-A-.webp","contentUrl":"https:\/\/www.eldiario.net\/portal\/wp-content\/uploads\/2025\/10\/2-A-.webp","width":1200,"height":523},{"@type":"BreadcrumbList","@id":"https:\/\/www.eldiario.net\/portal\/2025\/10\/06\/samsung-galaxy-a07-y-a17-llegan-a-bolivia-con-rendimiento-optimizado-camara-avanzada-y-hasta-6-anos-de-actualizaciones\/#breadcrumb","itemListElement":[{"@type":"ListItem","position":1,"name":"Portada","item":"https:\/\/www.eldiario.net\/portal\/"},{"@type":"ListItem","position":2,"name":"Samsung Galaxy A07 y A17 llegan a Bolivia con rendimiento optimizado, c\u00e1mara avanzada y hasta 6 a\u00f1os de actualizaciones"}]},{"@type":"WebSite","@id":"https:\/\/www.eldiario.net\/portal\/#website","url":"https:\/\/www.eldiario.net\/portal\/","name":"El Diario - Decano de la prensa nacional","description":"El Diario - Decano de la prensa nacional","publisher":{"@id":"https:\/\/www.eldiario.net\/portal\/#organization"},"potentialAction":[{"@type":"SearchAction","target":{"@type":"EntryPoint","urlTemplate":"https:\/\/www.eldiario.net\/portal\/?s={search_term_string}"},"query-input":{"@type":"PropertyValueSpecification","valueRequired":true,"valueName":"search_term_string"}}],"inLanguage":"es"},{"@type":"Organization","@id":"https:\/\/www.eldiario.net\/portal\/#organization","name":"El Diario - Decano de la prensa nacional","url":"https:\/\/www.eldiario.net\/portal\/","logo":{"@type":"ImageObject","inLanguage":"es","@id":"https:\/\/www.eldiario.net\/portal\/#\/schema\/logo\/image\/","url":"https:\/\/www.eldiario.net\/portal\/wp-content\/uploads\/2023\/07\/logo_ED.jpg","contentUrl":"https:\/\/www.eldiario.net\/portal\/wp-content\/uploads\/2023\/07\/logo_ED.jpg","width":272,"height":52,"caption":"El Diario - Decano de la prensa nacional"},"image":{"@id":"https:\/\/www.eldiario.net\/portal\/#\/schema\/logo\/image\/"},"sameAs":["https:\/\/www.facebook.com\/eldiario.bolivia\/","https:\/\/x.com\/eldiario_net"]},{"@type":"Person","@id":"https:\/\/www.eldiario.net\/portal\/#\/schema\/person\/2c57cf2b7a7ae032e449e4c9b1019eac","name":"Jeanette","image":{"@type":"ImageObject","inLanguage":"es","@id":"https:\/\/secure.gravatar.com\/avatar\/3ea2118a5f7dad2b7138b1187a6b7ee55f160b9968b66013c3a3ef39dd7e5798?s=96&d=mm&r=g","url":"https:\/\/secure.gravatar.com\/avatar\/3ea2118a5f7dad2b7138b1187a6b7ee55f160b9968b66013c3a3ef39dd7e5798?s=96&d=mm&r=g","contentUrl":"https:\/\/secure.gravatar.com\/avatar\/3ea2118a5f7dad2b7138b1187a6b7ee55f160b9968b66013c3a3ef39dd7e5798?s=96&d=mm&r=g","caption":"Jeanette"},"sameAs":["https:\/\/www.eldiario.net\/portal"],"url":"https:\/\/www.eldiario.net\/portal\/author\/jeanette\/"}]}},"_links":{"self":[{"href":"https:\/\/www.eldiario.net\/portal\/wp-json\/wp\/v2\/posts\/336355","targetHints":{"allow":["GET"]}}],"collection":[{"href":"https:\/\/www.eldiario.net\/portal\/wp-json\/wp\/v2\/posts"}],"about":[{"href":"https:\/\/www.eldiario.net\/portal\/wp-json\/wp\/v2\/types\/post"}],"author":[{"embeddable":true,"href":"https:\/\/www.eldiario.net\/portal\/wp-json\/wp\/v2\/users\/1"}],"replies":[{"embeddable":true,"href":"https:\/\/www.eldiario.net\/portal\/wp-json\/wp\/v2\/comments?post=336355"}],"version-history":[{"count":1,"href":"https:\/\/www.eldiario.net\/portal\/wp-json\/wp\/v2\/posts\/336355\/revisions"}],"predecessor-version":[{"id":336357,"href":"https:\/\/www.eldiario.net\/portal\/wp-json\/wp\/v2\/posts\/336355\/revisions\/336357"}],"wp:featuredmedia":[{"embeddable":true,"href":"https:\/\/www.eldiario.net\/portal\/wp-json\/wp\/v2\/media\/336356"}],"wp:attachment":[{"href":"https:\/\/www.eldiario.net\/portal\/wp-json\/wp\/v2\/media?parent=336355"}],"wp:term":[{"taxonomy":"category","embeddable":true,"href":"https:\/\/www.eldiario.net\/portal\/wp-json\/wp\/v2\/categories?post=336355"},{"taxonomy":"post_tag","embeddable":true,"href":"https:\/\/www.eldiario.net\/portal\/wp-json\/wp\/v2\/tags?post=336355"}],"curies":[{"name":"wp","href":"https:\/\/api.w.org\/{rel}","templated":true}]}}