{"id":335917,"date":"2025-10-05T00:26:31","date_gmt":"2025-10-05T04:26:31","guid":{"rendered":"https:\/\/www.eldiario.net\/portal\/?p=335917"},"modified":"2025-10-04T23:28:15","modified_gmt":"2025-10-05T03:28:15","slug":"ictus","status":"publish","type":"post","link":"https:\/\/www.eldiario.net\/portal\/2025\/10\/05\/ictus\/","title":{"rendered":"ICTUS"},"content":{"rendered":"<p>Lic. Jaime J. Ticona Pardo \u2013 Fisioterapeuta, Kinesi\u00f3logo \u2013 U.M.S.A.<\/p>\n<p>El ictus es una afecci\u00f3n grave que es causada por la alteraci\u00f3n brusca en la llegada de sangre al cerebro a trav\u00e9s de los vasos sangu\u00edneos, provocando la muerte de las c\u00e9lulas cerebrales por falta de ox\u00edgeno y nutrientes. Tiene diferentes nombres como: apoplej\u00eda, derrame cerebral y trombosis cerebral. Algunos m\u00e9dicos utilizan tambi\u00e9n el t\u00e9rmino de accidente cerebro-vascular (ACV), aunque se prefiere hacer uso del t\u00e9rmino gen\u00e9rico de \u201cICTUS\u201d para evitar malentendidos.<\/p>\n<p>&nbsp;<\/p>\n<p>Aunque es mucho m\u00e1s frecuente en personas de edad avanzada, tambi\u00e9n puede ocurrir en j\u00f3venes y el riesgo de padecerlo es mayor cuando confluyen en el mismo individuo los factores de riesgo, cardio-vascular: diabetes, hipertensi\u00f3n arterial, colesterol elevado en sangre, obesidad, tabaquismo, sedentarismo, etc.<\/p>\n<p>&nbsp;<\/p>\n<p>SINTOMAS<\/p>\n<p>Los s\u00edntomas clave, que se pueden recordar con el acr\u00f3nimo\u00a0<a href=\"https:\/\/www.google.com\/search?sca_esv=ad0273e9029daca4&amp;sxsrf=AE3TifPbjFQag-oMODafFAOgfgZb8mo77w%3A1759418325042&amp;q=FAST&amp;sa=X&amp;ved=2ahUKEwjD5ZmC6IWQAxU1O7kGHUJkKMQQxccNegQIFhAB&amp;mstk=AUtExfBf1_ilbkQJuj3dyXB3b9avHsX9lwdM5OiFTw_fXHnZ_cEre57XZn3s572RgWUHGx-x1kYVX1wgpoQcNiNJadCP1Jsh5YzMlMZyvgyXo_rzN2LOyPSyAT5f44g3KpSJB7jejiOCXVj0534pmqWWIPNm6nJJZysUYamJfNX-_Pj1svs&amp;csui=3\">FAST<\/a>\u00a0(o R\u00e1pido en espa\u00f1ol)<\/p>\n<ul>\n<li><strong>F<\/strong>ace (Cara) &#8211; ca\u00edda de la cara.<\/li>\n<li><strong>A<\/strong>rms (Brazos) &#8211; debilidad en un brazo.<\/li>\n<li><strong>S<\/strong>peech (Habla) &#8211; dificultad para hablar.<\/li>\n<li><strong>T<\/strong>ime (Tiempo) &#8211; el tiempo es cr\u00edtico, por lo que se debe llamar a emergencias de inmediato.<\/li>\n<\/ul>\n<p>Los factores de riesgo incluyen: presi\u00f3n arterial elevada, tabaquismo, diabetes, colesterol alto y enfermedad card\u00edaca, pero muchos casos se pueden prevenir con un estilo de vida saludable.<\/p>\n<p><strong>\u00bfQU\u00c9 SUCEDE DURANTE UN ICTUS?<\/strong><\/p>\n<p>Cuando un vaso sangu\u00edneo en el cerebro se rompe o es bloqueado por un co\u00e1gulo, el \u00e1rea del cerebro afectada no recibe el ox\u00edgeno y los nutrientes que necesita.\u00a0Las c\u00e9lulas nerviosas mueren r\u00e1pidamente, lo que puede causar da\u00f1o permanente o la muerte.<\/p>\n<p><strong>Manejo de la evaluaci\u00f3n de los s\u00edntomas de alerta<\/strong> \u00a0(R\u00e1pido\/FAST)<\/p>\n<p>\u00bfC\u00f3mo detectar un ICTUS que pueda requerir atenci\u00f3n m\u00e9dica inmediata?, haz esto:<\/p>\n<p><strong>F &#8211; Cara (Face):<\/strong>\u00a0P\u00eddele a la persona que sonr\u00eda.\u00a0\u00bfUn lado de la cara se ve ca\u00eddo?<\/p>\n<p><strong>A &#8211; Brazos (Arms):<\/strong>\u00a0P\u00eddele que levante ambos brazos.\u00a0\u00bfUno de los brazos se cae o se hunde?<\/p>\n<p><strong>S &#8211; Habla (Speech):<\/strong>\u00a0Esc\u00fachala hablar.\u00a0\u00bfSu voz es confusa o extra\u00f1a?<\/p>\n<p><strong>T &#8211; Tiempo (Time):<\/strong>\u00a0Si observas alguno de estos s\u00edntomas, llama a emergencias inmediatamente.<\/p>\n<p>&nbsp;<\/p>\n<p>Otros s\u00edntomas pueden incluir:<\/p>\n<ul>\n<li>Debilidad o adormecimiento repentino en un lado del cuerpo (cara, brazo o pierna).<\/li>\n<li>Confusi\u00f3n repentina.<\/li>\n<li>P\u00e9rdida de visi\u00f3n brusca en uno o ambos ojos.<\/li>\n<li>Cefalea intensa y repentina, sin causa aparente.<\/li>\n<li>Dificultad para caminar, p\u00e9rdida de equilibrio o coordinaci\u00f3n.<\/li>\n<\/ul>\n<p><strong>TIPOS DE ICTUS<\/strong><\/p>\n<p>Existen dos tipos principales de ictus:<\/p>\n<p><a href=\"https:\/\/www.google.com\/search?sca_esv=ad0273e9029daca4&amp;sxsrf=AE3TifPbjFQag-oMODafFAOgfgZb8mo77w%3A1759418325042&amp;q=Ictus+Isqu%C3%A9mico&amp;sa=X&amp;ved=2ahUKEwjD5ZmC6IWQAxU1O7kGHUJkKMQQxccNegQIERAB&amp;mstk=AUtExfBf1_ilbkQJuj3dyXB3b9avHsX9lwdM5OiFTw_fXHnZ_cEre57XZn3s572RgWUHGx-x1kYVX1wgpoQcNiNJadCP1Jsh5YzMlMZyvgyXo_rzN2LOyPSyAT5f44g3KpSJB7jejiOCXVj0534pmqWWIPNm6nJJZysUYamJfNX-_Pj1svs&amp;csui=3\"><strong>Ictus Isqu\u00e9mico<\/strong><\/a><strong>:<\/strong><\/p>\n<p>Es el m\u00e1s com\u00fan y ocurre cuando un co\u00e1gulo de sangre bloquea una arteria en el cerebro.<\/p>\n<p><a href=\"https:\/\/www.google.com\/search?sca_esv=ad0273e9029daca4&amp;sxsrf=AE3TifPbjFQag-oMODafFAOgfgZb8mo77w%3A1759418325042&amp;q=Ictus+Hemorr%C3%A1gico&amp;sa=X&amp;ved=2ahUKEwjD5ZmC6IWQAxU1O7kGHUJkKMQQxccNegUInQEQAQ&amp;mstk=AUtExfBf1_ilbkQJuj3dyXB3b9avHsX9lwdM5OiFTw_fXHnZ_cEre57XZn3s572RgWUHGx-x1kYVX1wgpoQcNiNJadCP1Jsh5YzMlMZyvgyXo_rzN2LOyPSyAT5f44g3KpSJB7jejiOCXVj0534pmqWWIPNm6nJJZysUYamJfNX-_Pj1svs&amp;csui=3\"><strong>Ictus Hemorr\u00e1gico<\/strong><\/a><strong>:<\/strong><\/p>\n<p>Ocurre cuando un vaso sangu\u00edneo se rompe y hay sangrado dentro del cerebro.<\/p>\n<p><strong>\u00a0<\/strong><\/p>\n<p><strong>TIPOS DE LESIONES<\/strong><\/p>\n<p>El ictus puede producirse porque una arteria del cerebro se ha obstruido por un rombo o co\u00e1gulo de sangre que se forma en su interior.<\/p>\n<p>Es lo que se denomina <strong>trombosis cerebral<\/strong>. Suele afectar a una arteria ya estrechada por arterioesclerosis.<\/p>\n<p>Otras veces el co\u00e1gulo se ha formado lejos del cerebro (por ejemplo en el coraz\u00f3n), y la sangre lo transporta hasta el cerebro donde llega a ocluir una arteria. Este tipo de co\u00e1gulo se llama \u00e9mbolo y la enfermedad que ocasiona <strong>embolia cerebral<\/strong>.<\/p>\n<p>En estos dos casos (Trombosis y embolia cerebral) hablamos de <strong>\u201cICTUS ISQU\u00c9MICO\u201d<\/strong>, ya que se producen por falta de sangre o \u201cisquemia\u201d. Esa zona del cerebro con isquemia deja de funcionar adecuadamente y puede sufrir una lesi\u00f3n irreversible o infarto cerebral. Los ictus isqu\u00e9micos son los m\u00e1s frecuentes.<\/p>\n<p>El tercer tipo de lesi\u00f3n se produce porque se ha roto un vaso sangu\u00edneo en el interior del cerebro, ocasionando una hemorragia o derrame cerebral. Esto puede producirse cuando la tensi\u00f3n arterial es muy alta. Entonces hablamos de \u201c<strong>ICTUS HEMORR\u00c1GICO\u201d.<\/strong><\/p>\n<p>\u201cEL MOVIMIENTO ES PARTE ESENCIAL PARA MANTENER UNA VIDA ACTIVA\u201d<\/p>\n\r\n                <style type=\"text\/css\">\r\n                    \r\n                    #tdi_1  .td-doubleSlider-2 .td-item1 {\r\n                        background: url(https:\/\/www.eldiario.net\/portal\/wp-content\/uploads\/2025\/10\/ICTUS-\u2013-Parte-I-3-80x60.webp) 0 0 no-repeat;\r\n                    }\r\n                    #tdi_1  .td-doubleSlider-2 .td-item2 {\r\n                        background: url(https:\/\/www.eldiario.net\/portal\/wp-content\/uploads\/2025\/10\/ICTUS-\u2013-Parte-I-2-80x60.webp) 0 0 no-repeat;\r\n                    }\r\n                <\/style>\r\n\r\n                <div id=\"tdi_1\" class=\"td-gallery td-slide-on-2-columns\">\r\n                    <div class=\"post_td_gallery\">\r\n                        <div class=\"td-gallery-slide-top\">\r\n                           <div class=\"td-gallery-title\"><\/div>\r\n\r\n                            <div class=\"td-gallery-controls-wrapper\">\r\n                                <div class=\"td-gallery-slide-count\"><span class=\"td-gallery-slide-item-focus\">1<\/span> de 2<\/div>\r\n                                <div class=\"td-gallery-slide-prev-next-but\">\r\n                                    <i class = \"td-icon-left doubleSliderPrevButton\"><\/i>\r\n                                    <i class = \"td-icon-right doubleSliderNextButton\"><\/i>\r\n                                <\/div>\r\n                            <\/div>\r\n                        <\/div>\r\n\r\n                        <div class = \"td-doubleSlider-1 \">\r\n                            <div class = \"td-slider\">\r\n                                \r\n                    <div class = \"td-slide-item td-item1\">\r\n                        <figure class=\"td-slide-galery-figure td-slide-popup-gallery\">\r\n                            <a class=\"slide-gallery-image-link\" href=\"https:\/\/www.eldiario.net\/portal\/wp-content\/uploads\/2025\/10\/ICTUS-\u2013-Parte-I-3.webp\" title=\"ICTUS \u2013 Parte I (3)\"  data-caption=\"\"  data-description=\"\">\r\n                                <img decoding=\"async\" src=\"https:\/\/www.eldiario.net\/portal\/wp-content\/uploads\/2025\/10\/ICTUS-\u2013-Parte-I-3-342x420.webp\" srcset=\"https:\/\/www.eldiario.net\/portal\/wp-content\/uploads\/2025\/10\/ICTUS-\u2013-Parte-I-3-342x420.webp 342w, https:\/\/www.eldiario.net\/portal\/wp-content\/uploads\/2025\/10\/ICTUS-\u2013-Parte-I-3-244x300.webp 244w, https:\/\/www.eldiario.net\/portal\/wp-content\/uploads\/2025\/10\/ICTUS-\u2013-Parte-I-3-150x184.webp 150w, https:\/\/www.eldiario.net\/portal\/wp-content\/uploads\/2025\/10\/ICTUS-\u2013-Parte-I-3-300x369.webp 300w, https:\/\/www.eldiario.net\/portal\/wp-content\/uploads\/2025\/10\/ICTUS-\u2013-Parte-I-3.webp 450w\" sizes=\"(max-width: 342px) 100vw, 342px\" alt=\"\">\r\n                            <\/a>\r\n                            \r\n                        <\/figure>\r\n                    <\/div>\r\n                    <div class = \"td-slide-item td-item2\">\r\n                        <figure class=\"td-slide-galery-figure td-slide-popup-gallery\">\r\n                            <a class=\"slide-gallery-image-link\" href=\"https:\/\/www.eldiario.net\/portal\/wp-content\/uploads\/2025\/10\/ICTUS-\u2013-Parte-I-2.webp\" title=\"ICTUS \u2013 Parte I (2)\"  data-caption=\"\"  data-description=\"\">\r\n                                <img decoding=\"async\" src=\"https:\/\/www.eldiario.net\/portal\/wp-content\/uploads\/2025\/10\/ICTUS-\u2013-Parte-I-2.webp\" srcset=\"https:\/\/www.eldiario.net\/portal\/wp-content\/uploads\/2025\/10\/ICTUS-\u2013-Parte-I-2.webp 311w, https:\/\/www.eldiario.net\/portal\/wp-content\/uploads\/2025\/10\/ICTUS-\u2013-Parte-I-2-300x156.webp 300w, https:\/\/www.eldiario.net\/portal\/wp-content\/uploads\/2025\/10\/ICTUS-\u2013-Parte-I-2-150x78.webp 150w\" sizes=\"(max-width: 311px) 100vw, 311px\" alt=\"\">\r\n                            <\/a>\r\n                            \r\n                        <\/figure>\r\n                    <\/div>\r\n                            <\/div>\r\n                        <\/div>\r\n\r\n                        <div class = \"td-doubleSlider-2\">\r\n                            <div class = \"td-slider\">\r\n                                \r\n                    <div class = \"td-button td-item1\">\r\n                        <div class = \"td-border\"><\/div>\r\n                    <\/div>\r\n                    <div class = \"td-button td-item2\">\r\n                        <div class = \"td-border\"><\/div>\r\n                    <\/div>\r\n                            <\/div>\r\n                        <\/div>\r\n\r\n                    <\/div>\r\n\r\n                <\/div>\r\n                \n","protected":false},"excerpt":{"rendered":"<p>Lic. Jaime J. Ticona Pardo \u2013 Fisioterapeuta, Kinesi\u00f3logo \u2013 U.M.S.A. El ictus es una afecci\u00f3n grave que es causada por la alteraci\u00f3n brusca en la llegada de sangre al cerebro a trav\u00e9s de los vasos sangu\u00edneos, provocando la muerte de las c\u00e9lulas cerebrales por falta de ox\u00edgeno y nutrientes. Tiene diferentes nombres como: apoplej\u00eda, derrame [&hellip;]<\/p>\n","protected":false},"author":1,"featured_media":335918,"comment_status":"closed","ping_status":"open","sticky":false,"template":"","format":"standard","meta":{"_acf_changed":false,"footnotes":""},"categories":[52],"tags":[],"class_list":["post-335917","post","type-post","status-publish","format-standard","has-post-thumbnail","category-de-salud-mas-vida"],"acf":{"antetitulo":""},"yoast_head":"<!-- This site is optimized with the Yoast SEO plugin v28.3 - https:\/\/yoast.com\/product\/yoast-seo-wordpress\/ -->\n<title>ICTUS - El Diario - Bolivia<\/title>\n<meta name=\"robots\" content=\"index, follow, max-snippet:-1, max-image-preview:large, max-video-preview:-1\" \/>\n<link rel=\"canonical\" href=\"https:\/\/www.eldiario.net\/portal\/2025\/10\/05\/ictus\/\" \/>\n<meta property=\"og:locale\" content=\"es_ES\" \/>\n<meta property=\"og:type\" content=\"article\" \/>\n<meta property=\"og:title\" content=\"ICTUS - El Diario - Bolivia\" \/>\n<meta property=\"og:description\" content=\"Lic. Jaime J. Ticona Pardo \u2013 Fisioterapeuta, Kinesi\u00f3logo \u2013 U.M.S.A. El ictus es una afecci\u00f3n grave que es causada por la alteraci\u00f3n brusca en la llegada de sangre al cerebro a trav\u00e9s de los vasos sangu\u00edneos, provocando la muerte de las c\u00e9lulas cerebrales por falta de ox\u00edgeno y nutrientes. Tiene diferentes nombres como: apoplej\u00eda, derrame [&hellip;]\" \/>\n<meta property=\"og:url\" content=\"https:\/\/www.eldiario.net\/portal\/2025\/10\/05\/ictus\/\" \/>\n<meta property=\"og:site_name\" content=\"El Diario - Bolivia\" \/>\n<meta property=\"article:publisher\" content=\"https:\/\/www.facebook.com\/eldiario.bolivia\/\" \/>\n<meta property=\"article:published_time\" content=\"2025-10-05T04:26:31+00:00\" \/>\n<meta property=\"og:image\" content=\"https:\/\/www.eldiario.net\/portal\/wp-content\/uploads\/2025\/10\/ICTUS-\u2013-Parte-I.webp\" \/>\n\t<meta property=\"og:image:width\" content=\"880\" \/>\n\t<meta property=\"og:image:height\" content=\"350\" \/>\n\t<meta property=\"og:image:type\" content=\"image\/webp\" \/>\n<meta name=\"author\" content=\"Jeanette\" \/>\n<meta name=\"twitter:card\" content=\"summary_large_image\" \/>\n<meta name=\"twitter:creator\" content=\"@eldiario_net\" \/>\n<meta name=\"twitter:site\" content=\"@eldiario_net\" \/>\n<meta name=\"twitter:label1\" content=\"Escrito por\" \/>\n\t<meta name=\"twitter:data1\" content=\"Jeanette\" \/>\n\t<meta name=\"twitter:label2\" content=\"Tiempo de lectura\" \/>\n\t<meta name=\"twitter:data2\" content=\"3 minutos\" \/>\n<script type=\"application\/ld+json\" class=\"yoast-schema-graph\">{\"@context\":\"https:\\\/\\\/schema.org\",\"@graph\":[{\"@type\":\"Article\",\"@id\":\"https:\\\/\\\/www.eldiario.net\\\/portal\\\/2025\\\/10\\\/05\\\/ictus\\\/#article\",\"isPartOf\":{\"@id\":\"https:\\\/\\\/www.eldiario.net\\\/portal\\\/2025\\\/10\\\/05\\\/ictus\\\/\"},\"author\":{\"name\":\"Jeanette\",\"@id\":\"https:\\\/\\\/www.eldiario.net\\\/portal\\\/#\\\/schema\\\/person\\\/f46445640444750d7d753ccd04ae01b7\"},\"headline\":\"ICTUS\",\"datePublished\":\"2025-10-05T04:26:31+00:00\",\"mainEntityOfPage\":{\"@id\":\"https:\\\/\\\/www.eldiario.net\\\/portal\\\/2025\\\/10\\\/05\\\/ictus\\\/\"},\"wordCount\":692,\"publisher\":{\"@id\":\"https:\\\/\\\/www.eldiario.net\\\/portal\\\/#organization\"},\"image\":{\"@id\":\"https:\\\/\\\/www.eldiario.net\\\/portal\\\/2025\\\/10\\\/05\\\/ictus\\\/#primaryimage\"},\"thumbnailUrl\":\"https:\\\/\\\/www.eldiario.net\\\/portal\\\/wp-content\\\/uploads\\\/2025\\\/10\\\/ICTUS-\u2013-Parte-I.webp\",\"articleSection\":[\"De Salud + vida\"],\"inLanguage\":\"es\"},{\"@type\":\"WebPage\",\"@id\":\"https:\\\/\\\/www.eldiario.net\\\/portal\\\/2025\\\/10\\\/05\\\/ictus\\\/\",\"url\":\"https:\\\/\\\/www.eldiario.net\\\/portal\\\/2025\\\/10\\\/05\\\/ictus\\\/\",\"name\":\"ICTUS - El Diario - Bolivia\",\"isPartOf\":{\"@id\":\"https:\\\/\\\/www.eldiario.net\\\/portal\\\/#website\"},\"primaryImageOfPage\":{\"@id\":\"https:\\\/\\\/www.eldiario.net\\\/portal\\\/2025\\\/10\\\/05\\\/ictus\\\/#primaryimage\"},\"image\":{\"@id\":\"https:\\\/\\\/www.eldiario.net\\\/portal\\\/2025\\\/10\\\/05\\\/ictus\\\/#primaryimage\"},\"thumbnailUrl\":\"https:\\\/\\\/www.eldiario.net\\\/portal\\\/wp-content\\\/uploads\\\/2025\\\/10\\\/ICTUS-\u2013-Parte-I.webp\",\"datePublished\":\"2025-10-05T04:26:31+00:00\",\"breadcrumb\":{\"@id\":\"https:\\\/\\\/www.eldiario.net\\\/portal\\\/2025\\\/10\\\/05\\\/ictus\\\/#breadcrumb\"},\"inLanguage\":\"es\",\"potentialAction\":[{\"@type\":\"ReadAction\",\"target\":[\"https:\\\/\\\/www.eldiario.net\\\/portal\\\/2025\\\/10\\\/05\\\/ictus\\\/\"]}]},{\"@type\":\"ImageObject\",\"inLanguage\":\"es\",\"@id\":\"https:\\\/\\\/www.eldiario.net\\\/portal\\\/2025\\\/10\\\/05\\\/ictus\\\/#primaryimage\",\"url\":\"https:\\\/\\\/www.eldiario.net\\\/portal\\\/wp-content\\\/uploads\\\/2025\\\/10\\\/ICTUS-\u2013-Parte-I.webp\",\"contentUrl\":\"https:\\\/\\\/www.eldiario.net\\\/portal\\\/wp-content\\\/uploads\\\/2025\\\/10\\\/ICTUS-\u2013-Parte-I.webp\",\"width\":880,\"height\":350},{\"@type\":\"BreadcrumbList\",\"@id\":\"https:\\\/\\\/www.eldiario.net\\\/portal\\\/2025\\\/10\\\/05\\\/ictus\\\/#breadcrumb\",\"itemListElement\":[{\"@type\":\"ListItem\",\"position\":1,\"name\":\"Portada\",\"item\":\"https:\\\/\\\/www.eldiario.net\\\/portal\\\/\"},{\"@type\":\"ListItem\",\"position\":2,\"name\":\"ICTUS\"}]},{\"@type\":\"WebSite\",\"@id\":\"https:\\\/\\\/www.eldiario.net\\\/portal\\\/#website\",\"url\":\"https:\\\/\\\/www.eldiario.net\\\/portal\\\/\",\"name\":\"El Diario - Decano de la prensa nacional\",\"description\":\"El Diario - Decano de la prensa nacional\",\"publisher\":{\"@id\":\"https:\\\/\\\/www.eldiario.net\\\/portal\\\/#organization\"},\"potentialAction\":[{\"@type\":\"SearchAction\",\"target\":{\"@type\":\"EntryPoint\",\"urlTemplate\":\"https:\\\/\\\/www.eldiario.net\\\/portal\\\/?s={search_term_string}\"},\"query-input\":{\"@type\":\"PropertyValueSpecification\",\"valueRequired\":true,\"valueName\":\"search_term_string\"}}],\"inLanguage\":\"es\"},{\"@type\":\"Organization\",\"@id\":\"https:\\\/\\\/www.eldiario.net\\\/portal\\\/#organization\",\"name\":\"El Diario - Decano de la prensa nacional\",\"url\":\"https:\\\/\\\/www.eldiario.net\\\/portal\\\/\",\"logo\":{\"@type\":\"ImageObject\",\"inLanguage\":\"es\",\"@id\":\"https:\\\/\\\/www.eldiario.net\\\/portal\\\/#\\\/schema\\\/logo\\\/image\\\/\",\"url\":\"https:\\\/\\\/www.eldiario.net\\\/portal\\\/wp-content\\\/uploads\\\/2023\\\/07\\\/logo_ED.jpg\",\"contentUrl\":\"https:\\\/\\\/www.eldiario.net\\\/portal\\\/wp-content\\\/uploads\\\/2023\\\/07\\\/logo_ED.jpg\",\"width\":272,\"height\":52,\"caption\":\"El Diario - Decano de la prensa nacional\"},\"image\":{\"@id\":\"https:\\\/\\\/www.eldiario.net\\\/portal\\\/#\\\/schema\\\/logo\\\/image\\\/\"},\"sameAs\":[\"https:\\\/\\\/www.facebook.com\\\/eldiario.bolivia\\\/\",\"https:\\\/\\\/x.com\\\/eldiario_net\"]},{\"@type\":\"Person\",\"@id\":\"https:\\\/\\\/www.eldiario.net\\\/portal\\\/#\\\/schema\\\/person\\\/f46445640444750d7d753ccd04ae01b7\",\"name\":\"Jeanette\",\"image\":{\"@type\":\"ImageObject\",\"inLanguage\":\"es\",\"@id\":\"https:\\\/\\\/secure.gravatar.com\\\/avatar\\\/3ea2118a5f7dad2b7138b1187a6b7ee55f160b9968b66013c3a3ef39dd7e5798?s=96&d=mm&r=g\",\"url\":\"https:\\\/\\\/secure.gravatar.com\\\/avatar\\\/3ea2118a5f7dad2b7138b1187a6b7ee55f160b9968b66013c3a3ef39dd7e5798?s=96&d=mm&r=g\",\"contentUrl\":\"https:\\\/\\\/secure.gravatar.com\\\/avatar\\\/3ea2118a5f7dad2b7138b1187a6b7ee55f160b9968b66013c3a3ef39dd7e5798?s=96&d=mm&r=g\",\"caption\":\"Jeanette\"},\"sameAs\":[\"https:\\\/\\\/www.eldiario.net\\\/portal\"],\"url\":\"https:\\\/\\\/www.eldiario.net\\\/portal\\\/author\\\/jeanette\\\/\"}]}<\/script>\n<!-- \/ Yoast SEO plugin. -->","yoast_head_json":{"title":"ICTUS - El Diario - Bolivia","robots":{"index":"index","follow":"follow","max-snippet":"max-snippet:-1","max-image-preview":"max-image-preview:large","max-video-preview":"max-video-preview:-1"},"canonical":"https:\/\/www.eldiario.net\/portal\/2025\/10\/05\/ictus\/","og_locale":"es_ES","og_type":"article","og_title":"ICTUS - El Diario - Bolivia","og_description":"Lic. Jaime J. Ticona Pardo \u2013 Fisioterapeuta, Kinesi\u00f3logo \u2013 U.M.S.A. El ictus es una afecci\u00f3n grave que es causada por la alteraci\u00f3n brusca en la llegada de sangre al cerebro a trav\u00e9s de los vasos sangu\u00edneos, provocando la muerte de las c\u00e9lulas cerebrales por falta de ox\u00edgeno y nutrientes. Tiene diferentes nombres como: apoplej\u00eda, derrame [&hellip;]","og_url":"https:\/\/www.eldiario.net\/portal\/2025\/10\/05\/ictus\/","og_site_name":"El Diario - Bolivia","article_publisher":"https:\/\/www.facebook.com\/eldiario.bolivia\/","article_published_time":"2025-10-05T04:26:31+00:00","og_image":[{"width":880,"height":350,"url":"https:\/\/www.eldiario.net\/portal\/wp-content\/uploads\/2025\/10\/ICTUS-\u2013-Parte-I.webp","type":"image\/webp"}],"author":"Jeanette","twitter_card":"summary_large_image","twitter_creator":"@eldiario_net","twitter_site":"@eldiario_net","twitter_misc":{"Escrito por":"Jeanette","Tiempo de lectura":"3 minutos"},"schema":{"@context":"https:\/\/schema.org","@graph":[{"@type":"Article","@id":"https:\/\/www.eldiario.net\/portal\/2025\/10\/05\/ictus\/#article","isPartOf":{"@id":"https:\/\/www.eldiario.net\/portal\/2025\/10\/05\/ictus\/"},"author":{"name":"Jeanette","@id":"https:\/\/www.eldiario.net\/portal\/#\/schema\/person\/f46445640444750d7d753ccd04ae01b7"},"headline":"ICTUS","datePublished":"2025-10-05T04:26:31+00:00","mainEntityOfPage":{"@id":"https:\/\/www.eldiario.net\/portal\/2025\/10\/05\/ictus\/"},"wordCount":692,"publisher":{"@id":"https:\/\/www.eldiario.net\/portal\/#organization"},"image":{"@id":"https:\/\/www.eldiario.net\/portal\/2025\/10\/05\/ictus\/#primaryimage"},"thumbnailUrl":"https:\/\/www.eldiario.net\/portal\/wp-content\/uploads\/2025\/10\/ICTUS-\u2013-Parte-I.webp","articleSection":["De Salud + vida"],"inLanguage":"es"},{"@type":"WebPage","@id":"https:\/\/www.eldiario.net\/portal\/2025\/10\/05\/ictus\/","url":"https:\/\/www.eldiario.net\/portal\/2025\/10\/05\/ictus\/","name":"ICTUS - El Diario - Bolivia","isPartOf":{"@id":"https:\/\/www.eldiario.net\/portal\/#website"},"primaryImageOfPage":{"@id":"https:\/\/www.eldiario.net\/portal\/2025\/10\/05\/ictus\/#primaryimage"},"image":{"@id":"https:\/\/www.eldiario.net\/portal\/2025\/10\/05\/ictus\/#primaryimage"},"thumbnailUrl":"https:\/\/www.eldiario.net\/portal\/wp-content\/uploads\/2025\/10\/ICTUS-\u2013-Parte-I.webp","datePublished":"2025-10-05T04:26:31+00:00","breadcrumb":{"@id":"https:\/\/www.eldiario.net\/portal\/2025\/10\/05\/ictus\/#breadcrumb"},"inLanguage":"es","potentialAction":[{"@type":"ReadAction","target":["https:\/\/www.eldiario.net\/portal\/2025\/10\/05\/ictus\/"]}]},{"@type":"ImageObject","inLanguage":"es","@id":"https:\/\/www.eldiario.net\/portal\/2025\/10\/05\/ictus\/#primaryimage","url":"https:\/\/www.eldiario.net\/portal\/wp-content\/uploads\/2025\/10\/ICTUS-\u2013-Parte-I.webp","contentUrl":"https:\/\/www.eldiario.net\/portal\/wp-content\/uploads\/2025\/10\/ICTUS-\u2013-Parte-I.webp","width":880,"height":350},{"@type":"BreadcrumbList","@id":"https:\/\/www.eldiario.net\/portal\/2025\/10\/05\/ictus\/#breadcrumb","itemListElement":[{"@type":"ListItem","position":1,"name":"Portada","item":"https:\/\/www.eldiario.net\/portal\/"},{"@type":"ListItem","position":2,"name":"ICTUS"}]},{"@type":"WebSite","@id":"https:\/\/www.eldiario.net\/portal\/#website","url":"https:\/\/www.eldiario.net\/portal\/","name":"El Diario - Decano de la prensa nacional","description":"El Diario - Decano de la prensa nacional","publisher":{"@id":"https:\/\/www.eldiario.net\/portal\/#organization"},"potentialAction":[{"@type":"SearchAction","target":{"@type":"EntryPoint","urlTemplate":"https:\/\/www.eldiario.net\/portal\/?s={search_term_string}"},"query-input":{"@type":"PropertyValueSpecification","valueRequired":true,"valueName":"search_term_string"}}],"inLanguage":"es"},{"@type":"Organization","@id":"https:\/\/www.eldiario.net\/portal\/#organization","name":"El Diario - Decano de la prensa nacional","url":"https:\/\/www.eldiario.net\/portal\/","logo":{"@type":"ImageObject","inLanguage":"es","@id":"https:\/\/www.eldiario.net\/portal\/#\/schema\/logo\/image\/","url":"https:\/\/www.eldiario.net\/portal\/wp-content\/uploads\/2023\/07\/logo_ED.jpg","contentUrl":"https:\/\/www.eldiario.net\/portal\/wp-content\/uploads\/2023\/07\/logo_ED.jpg","width":272,"height":52,"caption":"El Diario - Decano de la prensa nacional"},"image":{"@id":"https:\/\/www.eldiario.net\/portal\/#\/schema\/logo\/image\/"},"sameAs":["https:\/\/www.facebook.com\/eldiario.bolivia\/","https:\/\/x.com\/eldiario_net"]},{"@type":"Person","@id":"https:\/\/www.eldiario.net\/portal\/#\/schema\/person\/f46445640444750d7d753ccd04ae01b7","name":"Jeanette","image":{"@type":"ImageObject","inLanguage":"es","@id":"https:\/\/secure.gravatar.com\/avatar\/3ea2118a5f7dad2b7138b1187a6b7ee55f160b9968b66013c3a3ef39dd7e5798?s=96&d=mm&r=g","url":"https:\/\/secure.gravatar.com\/avatar\/3ea2118a5f7dad2b7138b1187a6b7ee55f160b9968b66013c3a3ef39dd7e5798?s=96&d=mm&r=g","contentUrl":"https:\/\/secure.gravatar.com\/avatar\/3ea2118a5f7dad2b7138b1187a6b7ee55f160b9968b66013c3a3ef39dd7e5798?s=96&d=mm&r=g","caption":"Jeanette"},"sameAs":["https:\/\/www.eldiario.net\/portal"],"url":"https:\/\/www.eldiario.net\/portal\/author\/jeanette\/"}]}},"_links":{"self":[{"href":"https:\/\/www.eldiario.net\/portal\/wp-json\/wp\/v2\/posts\/335917","targetHints":{"allow":["GET"]}}],"collection":[{"href":"https:\/\/www.eldiario.net\/portal\/wp-json\/wp\/v2\/posts"}],"about":[{"href":"https:\/\/www.eldiario.net\/portal\/wp-json\/wp\/v2\/types\/post"}],"author":[{"embeddable":true,"href":"https:\/\/www.eldiario.net\/portal\/wp-json\/wp\/v2\/users\/1"}],"replies":[{"embeddable":true,"href":"https:\/\/www.eldiario.net\/portal\/wp-json\/wp\/v2\/comments?post=335917"}],"version-history":[{"count":2,"href":"https:\/\/www.eldiario.net\/portal\/wp-json\/wp\/v2\/posts\/335917\/revisions"}],"predecessor-version":[{"id":335922,"href":"https:\/\/www.eldiario.net\/portal\/wp-json\/wp\/v2\/posts\/335917\/revisions\/335922"}],"wp:featuredmedia":[{"embeddable":true,"href":"https:\/\/www.eldiario.net\/portal\/wp-json\/wp\/v2\/media\/335918"}],"wp:attachment":[{"href":"https:\/\/www.eldiario.net\/portal\/wp-json\/wp\/v2\/media?parent=335917"}],"wp:term":[{"taxonomy":"category","embeddable":true,"href":"https:\/\/www.eldiario.net\/portal\/wp-json\/wp\/v2\/categories?post=335917"},{"taxonomy":"post_tag","embeddable":true,"href":"https:\/\/www.eldiario.net\/portal\/wp-json\/wp\/v2\/tags?post=335917"}],"curies":[{"name":"wp","href":"https:\/\/api.w.org\/{rel}","templated":true}]}}