{"id":335895,"date":"2025-10-04T07:12:27","date_gmt":"2025-10-04T11:12:27","guid":{"rendered":"https:\/\/www.eldiario.net\/portal\/?p=335895"},"modified":"2025-10-04T07:12:27","modified_gmt":"2025-10-04T11:12:27","slug":"ax-revaloriza-la-cultura-boliviana-con-la-razza","status":"publish","type":"post","link":"https:\/\/www.eldiario.net\/portal\/2025\/10\/04\/ax-revaloriza-la-cultura-boliviana-con-la-razza\/","title":{"rendered":"AX revaloriza la cultura boliviana con \u201cLa Razza\u201d"},"content":{"rendered":"<p>El joven m\u00fasico boliviano AX acaba de lanzar al mercado su nueva composici\u00f3n, titulada \u201cLa Razza\u201d, una propuesta innovadora de \u201cTobas Espacial\u201d que fusiona el folclore boliviano con el pop rock.<\/p>\n<p>El lanzamiento se efectu\u00f3 el reciente mi\u00e9rcoles 1 de octubre en el auditorio de Universidad San Francisco de As\u00eds de la ciudad de La Paz, ante una nutrida concurrencia.<\/p>\n<p>\u201cLa Razza\u201d es un proyecto musical que se caracteriza por su g\u00e9nero \u00fanico, denominado \u201cTobas Espacial \u00ab, una fusi\u00f3n cultural entre el tradicional tobas boliviano y el moderno pop rock espacial de alcance global.<\/p>\n<p>\u201cEl g\u00e9nero Tobas Espacial surge como un veh\u00edculo simb\u00f3lico para difundir y revalorizar la cultura boliviana a trav\u00e9s de un prisma contempor\u00e1neo y accesible como el pop rock espacial\u201d, coment\u00f3 el joven artista nacional.<\/p>\n<p>AX se inspira principalmente en la banda Angels and Airwaves, cuya capacidad para evocar un mensaje espacial a trav\u00e9s de sus composiciones musicales y el uso de s\u00edmbolos relacionados con la exploraci\u00f3n espacial, ha sido fundamental para el desarrollo estil\u00edstico de \u201cLa Razza\u201d. Esta influencia se manifiesta en las progresiones mel\u00f3dicas, los arreglos sonoros y la tem\u00e1tica c\u00f3smica que AX busca integrar y adaptar a su contexto cultural local.<\/p>\n<p>Por otro lado, el enfoque en el g\u00e9nero tobas se nutre de la rica tradici\u00f3n musical de Bolivia, con el grupo Kalamarka como principal influencia.<\/p>\n<p>A fin de fusionar elementos de la naturaleza y utilizar instrumentos aut\u00f3ctonos para enriquecer la identidad folcl\u00f3rica del pa\u00eds, AX se propone integrar estos elementos en \u00abLa Razza\u00bb, no solo como una forma de preservar y celebrar la herencia cultural boliviana, sino tambi\u00e9n como un medio para ampliar su alcance y resonancia internacional.<\/p>\n<p>\u201cLa Razza\u201d se distingue por su tem\u00e1tica l\u00edrica que aborda temas universales de superaci\u00f3n personal y la exploraci\u00f3n del cosmos, reflejando la esencia espiritual y narrativa del g\u00e9nero tobas. Musicalmente, la canci\u00f3n es una fusi\u00f3n din\u00e1mica entre los ritmos tradicionales tobas y la energ\u00eda expansiva del pop rock espacial, incorporando instrumentos como el charango, las quenas, las zampo\u00f1as y la bater\u00eda, junto con guitarras el\u00e9ctricas y sintetizadores que aportan texturas atmosf\u00e9ricas y contempor\u00e1neas.<\/p>\n<p>En t\u00e9rminos de producci\u00f3n, AX asumi\u00f3 un rol integral, encarg\u00e1ndose de grabar las voces principales, las guitarras el\u00e9ctricas y las bater\u00edas con solos, mientras que colabora con m\u00fasicos profesionales especializados en instrumentos andinos y de rock para asegurar una ejecuci\u00f3n t\u00e9cnica y emotiva con la participaci\u00f3n de Alejandro Alarc\u00f3n Garc\u00eda (zampo\u00f1as), Avidia (guitarra el\u00e9ctrica), Tupacc Mallcu \u2013 Prisma (teclados), Mauricio Copa (guitarra ac\u00fastica y charangos) y Brisel Terrazas (segunda voz).<\/p>\n<p><strong>FICHA T\u00c9CNICA<\/strong><\/p>\n<p>Composici\u00f3n: Ax Terrazas<\/p>\n<p>Producci\u00f3n: Milko Terrazas Intermusic<\/p>\n<p>Mastering: J. P. Ibarra Carvallo (Chile)<\/p>\n<p>Actualmente \u201cLa Razza\u201d ya est\u00e1 disponible en todas las plataformas digitales, celebrando nuestras ra\u00edces con un sonido \u00fanico boliviano futurista.<\/p>\n<p><strong>EL M\u00daSICO<\/strong><\/p>\n<p>AX, tambi\u00e9n conocido como Ariel Terrazas, es un destacado m\u00fasico boliviano originario de La Paz. Su trayectoria musical se inici\u00f3 a los 11 a\u00f1os con la bater\u00eda, destac\u00e1ndose r\u00e1pidamente en el \u00e1mbito musical. Durante la pandemia de COVID-19, gan\u00f3 notoriedad al compartir versiones de reguet\u00f3n en YouTube, captando la atenci\u00f3n de reconocidos m\u00fasicos, como el baterista de Ozuna y Matt McGuire de The Chainsmokers, quienes elogiaron su trabajo.<\/p>\n<p>A los 17 a\u00f1os realiz\u00f3 su primera composici\u00f3n musical titulada \u00abIndestructible\u00bb del g\u00e9nero pop rock espacial, la cual fue nominada al Premio Nacional Eduardo Abaroa. En el a\u00f1o 2020, lanz\u00f3 DrumRemix, una innovadora fusi\u00f3n de metal con reguet\u00f3n y dubstep,\u00a0 obteniendo reconocimiento en redes sociales y el respaldo de artistas como Cali y El Dandee. Ese mismo a\u00f1o, se uni\u00f3 como baterista a la prestigiosa banda boliviana Los Jimmy James, ampliando su experiencia musical y participando en giras nacionales.<\/p>\n<p>Con una formaci\u00f3n acad\u00e9mica en comunicaci\u00f3n social,\u00a0 en 2022 lanz\u00f3 su tercera composici\u00f3n titulada \u00abMi Universo\u00bb, perteneciente al g\u00e9nero Astronomic Rock, que ha alcanzado m\u00e1s de sesenta mil reproducciones en YouTube.<\/p>\n<p>En 2023, AX continu\u00f3 su ascenso con m\u00e1s giras nacionales junto a Los Jimmy James, compartiendo escenario con artistas internacionales, como Carlos Baute y Los Aut\u00e9nticos Decadentes. En 2024 y 2025 toc\u00f3 tambi\u00e9n en importantes eventos de Bolivia, en los que comparti\u00f3 con grandes artistas nacionales. AX recibi\u00f3 reconocimientos por su trayectoria art\u00edstica de la C\u00e1mara de Diputados y el DrumLab fest de bateristas de Bolivia y est\u00e1 muy feliz por recibir elogios de Alex Gonz\u00e1lez (baterista de Man\u00e1).<\/p>\n<p>Actualmente, contin\u00faa como baterista en Los Jimmy James y sigue explorando nuevos\u00a0 horizontes en el \u00e1mbito musical alternativo, consolidando su marca personal como AX, adem\u00e1s de haber sido nombrado como primer endorser oficial de la marca Korg Audiomusica en Bolivia.<\/p>\n<p>A d\u00edas del lanzamiento de \u201cLa Razza\u201d, La Gu\u00eda convers\u00f3 brevemente con AX y esto fue lo que nos cont\u00f3.<\/p>\n<p><strong>LG: \u00bfQu\u00e9 significa para ti el lanzamiento de \u00abLa Razza\u00bb?<\/strong><\/p>\n<p>AX: Significa el lanzamiento de un nuevo g\u00e9nero musical para m\u00ed al hacer la h\u00edbridaci\u00f3n cultural entre tobas, nuestro folclore boliviano, y el pop rock espacial, para dar a conocer m\u00e1s de nuestra cultura al mundo.<\/p>\n<p><strong>LG: \u00bfC\u00f3mo definir\u00edas a esta canci\u00f3n en pocas palabras?<\/strong><\/p>\n<p>AX: Amor, uni\u00f3n, locura y ra\u00edces.<\/p>\n<p><strong>LG: \u00bfQu\u00e9 esperas lograr con esta composici\u00f3n?<\/strong><\/p>\n<p>AX: Representar a Bolivia internacionalmente en festivales como Vi\u00f1a del Mar y poner a mi pa\u00eds en alto con el tobas espacial.<\/p>\n<p><strong>LG: \u00bfQu\u00e9 diferencias encuentras entre el AX que cre\u00f3 \u201cIndestructible\u201d y el AX de \u201cLa Razza?<\/strong><\/p>\n<p>AX: (Hay) la misma energ\u00eda y locura con sue\u00f1os grandes, pero con una madurez musical.<\/p>\n<p><strong>LG: \u00bfDeseas agregar algo?<\/strong><\/p>\n<p>AX: Apoyemos lo nuestro y nuestras ra\u00edces.<\/p>\n\r\n                <style type=\"text\/css\">\r\n                    \r\n                    #tdi_1  .td-doubleSlider-2 .td-item1 {\r\n                        background: url(https:\/\/www.eldiario.net\/portal\/wp-content\/uploads\/2025\/10\/1-PRINCIPAL-1-80x60.webp) 0 0 no-repeat;\r\n                    }\r\n                    #tdi_1  .td-doubleSlider-2 .td-item2 {\r\n                        background: url(https:\/\/www.eldiario.net\/portal\/wp-content\/uploads\/2025\/10\/2-1-80x60.webp) 0 0 no-repeat;\r\n                    }\r\n                    #tdi_1  .td-doubleSlider-2 .td-item3 {\r\n                        background: url(https:\/\/www.eldiario.net\/portal\/wp-content\/uploads\/2025\/10\/3-1-80x60.webp) 0 0 no-repeat;\r\n                    }\r\n                    #tdi_1  .td-doubleSlider-2 .td-item4 {\r\n                        background: url(https:\/\/www.eldiario.net\/portal\/wp-content\/uploads\/2025\/10\/4-80x60.webp) 0 0 no-repeat;\r\n                    }\r\n                <\/style>\r\n\r\n                <div id=\"tdi_1\" class=\"td-gallery td-slide-on-2-columns\">\r\n                    <div class=\"post_td_gallery\">\r\n                        <div class=\"td-gallery-slide-top\">\r\n                           <div class=\"td-gallery-title\"><\/div>\r\n\r\n                            <div class=\"td-gallery-controls-wrapper\">\r\n                                <div class=\"td-gallery-slide-count\"><span class=\"td-gallery-slide-item-focus\">1<\/span> de 4<\/div>\r\n                                <div class=\"td-gallery-slide-prev-next-but\">\r\n                                    <i class = \"td-icon-left doubleSliderPrevButton\"><\/i>\r\n                                    <i class = \"td-icon-right doubleSliderNextButton\"><\/i>\r\n                                <\/div>\r\n                            <\/div>\r\n                        <\/div>\r\n\r\n                        <div class = \"td-doubleSlider-1 \">\r\n                            <div class = \"td-slider\">\r\n                                \r\n                    <div class = \"td-slide-item td-item1\">\r\n                        <figure class=\"td-slide-galery-figure td-slide-popup-gallery\">\r\n                            <a class=\"slide-gallery-image-link\" href=\"https:\/\/www.eldiario.net\/portal\/wp-content\/uploads\/2025\/10\/1-PRINCIPAL-1.webp\" title=\"1-PRINCIPAL\"  data-caption=\"\"  data-description=\"\">\r\n                                <img decoding=\"async\" src=\"https:\/\/www.eldiario.net\/portal\/wp-content\/uploads\/2025\/10\/1-PRINCIPAL-1-748x420.webp\" srcset=\"https:\/\/www.eldiario.net\/portal\/wp-content\/uploads\/2025\/10\/1-PRINCIPAL-1-748x420.webp 748w, https:\/\/www.eldiario.net\/portal\/wp-content\/uploads\/2025\/10\/1-PRINCIPAL-1-300x169.webp 300w, https:\/\/www.eldiario.net\/portal\/wp-content\/uploads\/2025\/10\/1-PRINCIPAL-1-1024x575.webp 1024w, https:\/\/www.eldiario.net\/portal\/wp-content\/uploads\/2025\/10\/1-PRINCIPAL-1-768x431.webp 768w, https:\/\/www.eldiario.net\/portal\/wp-content\/uploads\/2025\/10\/1-PRINCIPAL-1-150x84.webp 150w, https:\/\/www.eldiario.net\/portal\/wp-content\/uploads\/2025\/10\/1-PRINCIPAL-1-696x391.webp 696w, https:\/\/www.eldiario.net\/portal\/wp-content\/uploads\/2025\/10\/1-PRINCIPAL-1-1068x600.webp 1068w, https:\/\/www.eldiario.net\/portal\/wp-content\/uploads\/2025\/10\/1-PRINCIPAL-1.webp 1200w\" sizes=\"(max-width: 748px) 100vw, 748px\" alt=\"\">\r\n                            <\/a>\r\n                            \r\n                        <\/figure>\r\n                    <\/div>\r\n                    <div class = \"td-slide-item td-item2\">\r\n                        <figure class=\"td-slide-galery-figure td-slide-popup-gallery\">\r\n                            <a class=\"slide-gallery-image-link\" href=\"https:\/\/www.eldiario.net\/portal\/wp-content\/uploads\/2025\/10\/2-1.webp\" title=\"2\"  data-caption=\"\"  data-description=\"\">\r\n                                <img decoding=\"async\" src=\"https:\/\/www.eldiario.net\/portal\/wp-content\/uploads\/2025\/10\/2-1-630x420.webp\" srcset=\"https:\/\/www.eldiario.net\/portal\/wp-content\/uploads\/2025\/10\/2-1-630x420.webp 630w, https:\/\/www.eldiario.net\/portal\/wp-content\/uploads\/2025\/10\/2-1-300x200.webp 300w, https:\/\/www.eldiario.net\/portal\/wp-content\/uploads\/2025\/10\/2-1-1024x683.webp 1024w, https:\/\/www.eldiario.net\/portal\/wp-content\/uploads\/2025\/10\/2-1-768x512.webp 768w, https:\/\/www.eldiario.net\/portal\/wp-content\/uploads\/2025\/10\/2-1-150x100.webp 150w, https:\/\/www.eldiario.net\/portal\/wp-content\/uploads\/2025\/10\/2-1-696x464.webp 696w, https:\/\/www.eldiario.net\/portal\/wp-content\/uploads\/2025\/10\/2-1-1068x712.webp 1068w, https:\/\/www.eldiario.net\/portal\/wp-content\/uploads\/2025\/10\/2-1.webp 1200w\" sizes=\"(max-width: 630px) 100vw, 630px\" alt=\"\">\r\n                            <\/a>\r\n                            \r\n                        <\/figure>\r\n                    <\/div>\r\n                    <div class = \"td-slide-item td-item3\">\r\n                        <figure class=\"td-slide-galery-figure td-slide-popup-gallery\">\r\n                            <a class=\"slide-gallery-image-link\" href=\"https:\/\/www.eldiario.net\/portal\/wp-content\/uploads\/2025\/10\/3-1.webp\" title=\"3\"  data-caption=\"\"  data-description=\"\">\r\n                                <img decoding=\"async\" src=\"https:\/\/www.eldiario.net\/portal\/wp-content\/uploads\/2025\/10\/3-1-280x420.webp\" srcset=\"https:\/\/www.eldiario.net\/portal\/wp-content\/uploads\/2025\/10\/3-1-280x420.webp 280w, https:\/\/www.eldiario.net\/portal\/wp-content\/uploads\/2025\/10\/3-1-200x300.webp 200w, https:\/\/www.eldiario.net\/portal\/wp-content\/uploads\/2025\/10\/3-1-683x1024.webp 683w, https:\/\/www.eldiario.net\/portal\/wp-content\/uploads\/2025\/10\/3-1-768x1152.webp 768w, https:\/\/www.eldiario.net\/portal\/wp-content\/uploads\/2025\/10\/3-1-1024x1536.webp 1024w, https:\/\/www.eldiario.net\/portal\/wp-content\/uploads\/2025\/10\/3-1-150x225.webp 150w, https:\/\/www.eldiario.net\/portal\/wp-content\/uploads\/2025\/10\/3-1-300x450.webp 300w, https:\/\/www.eldiario.net\/portal\/wp-content\/uploads\/2025\/10\/3-1-696x1044.webp 696w, https:\/\/www.eldiario.net\/portal\/wp-content\/uploads\/2025\/10\/3-1-1068x1602.webp 1068w, https:\/\/www.eldiario.net\/portal\/wp-content\/uploads\/2025\/10\/3-1.webp 1200w\" sizes=\"(max-width: 280px) 100vw, 280px\" alt=\"\">\r\n                            <\/a>\r\n                            \r\n                        <\/figure>\r\n                    <\/div>\r\n                    <div class = \"td-slide-item td-item4\">\r\n                        <figure class=\"td-slide-galery-figure td-slide-popup-gallery\">\r\n                            <a class=\"slide-gallery-image-link\" href=\"https:\/\/www.eldiario.net\/portal\/wp-content\/uploads\/2025\/10\/4.webp\" title=\"4\"  data-caption=\"\"  data-description=\"\">\r\n                                <img decoding=\"async\" src=\"https:\/\/www.eldiario.net\/portal\/wp-content\/uploads\/2025\/10\/4-339x420.webp\" srcset=\"https:\/\/www.eldiario.net\/portal\/wp-content\/uploads\/2025\/10\/4-339x420.webp 339w, https:\/\/www.eldiario.net\/portal\/wp-content\/uploads\/2025\/10\/4-242x300.webp 242w, https:\/\/www.eldiario.net\/portal\/wp-content\/uploads\/2025\/10\/4-827x1024.webp 827w, https:\/\/www.eldiario.net\/portal\/wp-content\/uploads\/2025\/10\/4-768x951.webp 768w, https:\/\/www.eldiario.net\/portal\/wp-content\/uploads\/2025\/10\/4-150x186.webp 150w, https:\/\/www.eldiario.net\/portal\/wp-content\/uploads\/2025\/10\/4-300x371.webp 300w, https:\/\/www.eldiario.net\/portal\/wp-content\/uploads\/2025\/10\/4-324x400.webp 324w, https:\/\/www.eldiario.net\/portal\/wp-content\/uploads\/2025\/10\/4-696x862.webp 696w, https:\/\/www.eldiario.net\/portal\/wp-content\/uploads\/2025\/10\/4-1068x1322.webp 1068w, https:\/\/www.eldiario.net\/portal\/wp-content\/uploads\/2025\/10\/4.webp 1080w\" sizes=\"(max-width: 339px) 100vw, 339px\" alt=\"\">\r\n                            <\/a>\r\n                            \r\n                        <\/figure>\r\n                    <\/div>\r\n                            <\/div>\r\n                        <\/div>\r\n\r\n                        <div class = \"td-doubleSlider-2\">\r\n                            <div class = \"td-slider\">\r\n                                \r\n                    <div class = \"td-button td-item1\">\r\n                        <div class = \"td-border\"><\/div>\r\n                    <\/div>\r\n                    <div class = \"td-button td-item2\">\r\n                        <div class = \"td-border\"><\/div>\r\n                    <\/div>\r\n                    <div class = \"td-button td-item3\">\r\n                        <div class = \"td-border\"><\/div>\r\n                    <\/div>\r\n                    <div class = \"td-button td-item4\">\r\n                        <div class = \"td-border\"><\/div>\r\n                    <\/div>\r\n                            <\/div>\r\n                        <\/div>\r\n\r\n                    <\/div>\r\n\r\n                <\/div>\r\n                \n","protected":false},"excerpt":{"rendered":"<p>El joven m\u00fasico boliviano AX acaba de lanzar al mercado su nueva composici\u00f3n, titulada \u201cLa Razza\u201d, una propuesta innovadora de \u201cTobas Espacial\u201d que fusiona el folclore boliviano con el pop rock. El lanzamiento se efectu\u00f3 el reciente mi\u00e9rcoles 1 de octubre en el auditorio de Universidad San Francisco de As\u00eds de la ciudad de La [&hellip;]<\/p>\n","protected":false},"author":1,"featured_media":335896,"comment_status":"closed","ping_status":"open","sticky":false,"template":"","format":"standard","meta":{"_acf_changed":false,"footnotes":""},"categories":[41],"tags":[],"class_list":["post-335895","post","type-post","status-publish","format-standard","has-post-thumbnail","category-la-guia"],"acf":{"antetitulo":""},"yoast_head":"<!-- This site is optimized with the Yoast SEO plugin v28.4 - https:\/\/yoast.com\/product\/yoast-seo-wordpress\/ -->\n<title>AX revaloriza la cultura boliviana con \u201cLa Razza\u201d - El Diario - Bolivia<\/title>\n<meta name=\"robots\" content=\"index, follow, max-snippet:-1, max-image-preview:large, max-video-preview:-1\" \/>\n<link rel=\"canonical\" href=\"https:\/\/www.eldiario.net\/portal\/2025\/10\/04\/ax-revaloriza-la-cultura-boliviana-con-la-razza\/\" \/>\n<meta property=\"og:locale\" content=\"es_ES\" \/>\n<meta property=\"og:type\" content=\"article\" \/>\n<meta property=\"og:title\" content=\"AX revaloriza la cultura boliviana con \u201cLa Razza\u201d - El Diario - Bolivia\" \/>\n<meta property=\"og:description\" content=\"El joven m\u00fasico boliviano AX acaba de lanzar al mercado su nueva composici\u00f3n, titulada \u201cLa Razza\u201d, una propuesta innovadora de \u201cTobas Espacial\u201d que fusiona el folclore boliviano con el pop rock. El lanzamiento se efectu\u00f3 el reciente mi\u00e9rcoles 1 de octubre en el auditorio de Universidad San Francisco de As\u00eds de la ciudad de La [&hellip;]\" \/>\n<meta property=\"og:url\" content=\"https:\/\/www.eldiario.net\/portal\/2025\/10\/04\/ax-revaloriza-la-cultura-boliviana-con-la-razza\/\" \/>\n<meta property=\"og:site_name\" content=\"El Diario - Bolivia\" \/>\n<meta property=\"article:publisher\" content=\"https:\/\/www.facebook.com\/eldiario.bolivia\/\" \/>\n<meta property=\"article:published_time\" content=\"2025-10-04T11:12:27+00:00\" \/>\n<meta property=\"og:image\" content=\"https:\/\/www.eldiario.net\/portal\/wp-content\/uploads\/2025\/10\/1-PRINCIPAL-1.webp\" \/>\n\t<meta property=\"og:image:width\" content=\"1200\" \/>\n\t<meta property=\"og:image:height\" content=\"674\" \/>\n\t<meta property=\"og:image:type\" content=\"image\/webp\" \/>\n<meta name=\"author\" content=\"Jeanette\" \/>\n<meta name=\"twitter:card\" content=\"summary_large_image\" \/>\n<meta name=\"twitter:creator\" content=\"@eldiario_net\" \/>\n<meta name=\"twitter:site\" content=\"@eldiario_net\" \/>\n<meta name=\"twitter:label1\" content=\"Escrito por\" \/>\n\t<meta name=\"twitter:data1\" content=\"Jeanette\" \/>\n\t<meta name=\"twitter:label2\" content=\"Tiempo de lectura\" \/>\n\t<meta name=\"twitter:data2\" content=\"5 minutos\" \/>\n<script type=\"application\/ld+json\" class=\"yoast-schema-graph\">{\"@context\":\"https:\\\/\\\/schema.org\",\"@graph\":[{\"@type\":\"Article\",\"@id\":\"https:\\\/\\\/www.eldiario.net\\\/portal\\\/2025\\\/10\\\/04\\\/ax-revaloriza-la-cultura-boliviana-con-la-razza\\\/#article\",\"isPartOf\":{\"@id\":\"https:\\\/\\\/www.eldiario.net\\\/portal\\\/2025\\\/10\\\/04\\\/ax-revaloriza-la-cultura-boliviana-con-la-razza\\\/\"},\"author\":{\"name\":\"Jeanette\",\"@id\":\"https:\\\/\\\/www.eldiario.net\\\/portal\\\/#\\\/schema\\\/person\\\/2c57cf2b7a7ae032e449e4c9b1019eac\"},\"headline\":\"AX revaloriza la cultura boliviana con \u201cLa Razza\u201d\",\"datePublished\":\"2025-10-04T11:12:27+00:00\",\"mainEntityOfPage\":{\"@id\":\"https:\\\/\\\/www.eldiario.net\\\/portal\\\/2025\\\/10\\\/04\\\/ax-revaloriza-la-cultura-boliviana-con-la-razza\\\/\"},\"wordCount\":1015,\"publisher\":{\"@id\":\"https:\\\/\\\/www.eldiario.net\\\/portal\\\/#organization\"},\"image\":{\"@id\":\"https:\\\/\\\/www.eldiario.net\\\/portal\\\/2025\\\/10\\\/04\\\/ax-revaloriza-la-cultura-boliviana-con-la-razza\\\/#primaryimage\"},\"thumbnailUrl\":\"https:\\\/\\\/www.eldiario.net\\\/portal\\\/wp-content\\\/uploads\\\/2025\\\/10\\\/1-PRINCIPAL-1.webp\",\"articleSection\":[\"La Gu\u00eda\"],\"inLanguage\":\"es\"},{\"@type\":\"WebPage\",\"@id\":\"https:\\\/\\\/www.eldiario.net\\\/portal\\\/2025\\\/10\\\/04\\\/ax-revaloriza-la-cultura-boliviana-con-la-razza\\\/\",\"url\":\"https:\\\/\\\/www.eldiario.net\\\/portal\\\/2025\\\/10\\\/04\\\/ax-revaloriza-la-cultura-boliviana-con-la-razza\\\/\",\"name\":\"AX revaloriza la cultura boliviana con \u201cLa Razza\u201d - El Diario - Bolivia\",\"isPartOf\":{\"@id\":\"https:\\\/\\\/www.eldiario.net\\\/portal\\\/#website\"},\"primaryImageOfPage\":{\"@id\":\"https:\\\/\\\/www.eldiario.net\\\/portal\\\/2025\\\/10\\\/04\\\/ax-revaloriza-la-cultura-boliviana-con-la-razza\\\/#primaryimage\"},\"image\":{\"@id\":\"https:\\\/\\\/www.eldiario.net\\\/portal\\\/2025\\\/10\\\/04\\\/ax-revaloriza-la-cultura-boliviana-con-la-razza\\\/#primaryimage\"},\"thumbnailUrl\":\"https:\\\/\\\/www.eldiario.net\\\/portal\\\/wp-content\\\/uploads\\\/2025\\\/10\\\/1-PRINCIPAL-1.webp\",\"datePublished\":\"2025-10-04T11:12:27+00:00\",\"breadcrumb\":{\"@id\":\"https:\\\/\\\/www.eldiario.net\\\/portal\\\/2025\\\/10\\\/04\\\/ax-revaloriza-la-cultura-boliviana-con-la-razza\\\/#breadcrumb\"},\"inLanguage\":\"es\",\"potentialAction\":[{\"@type\":\"ReadAction\",\"target\":[\"https:\\\/\\\/www.eldiario.net\\\/portal\\\/2025\\\/10\\\/04\\\/ax-revaloriza-la-cultura-boliviana-con-la-razza\\\/\"]}]},{\"@type\":\"ImageObject\",\"inLanguage\":\"es\",\"@id\":\"https:\\\/\\\/www.eldiario.net\\\/portal\\\/2025\\\/10\\\/04\\\/ax-revaloriza-la-cultura-boliviana-con-la-razza\\\/#primaryimage\",\"url\":\"https:\\\/\\\/www.eldiario.net\\\/portal\\\/wp-content\\\/uploads\\\/2025\\\/10\\\/1-PRINCIPAL-1.webp\",\"contentUrl\":\"https:\\\/\\\/www.eldiario.net\\\/portal\\\/wp-content\\\/uploads\\\/2025\\\/10\\\/1-PRINCIPAL-1.webp\",\"width\":1200,\"height\":674},{\"@type\":\"BreadcrumbList\",\"@id\":\"https:\\\/\\\/www.eldiario.net\\\/portal\\\/2025\\\/10\\\/04\\\/ax-revaloriza-la-cultura-boliviana-con-la-razza\\\/#breadcrumb\",\"itemListElement\":[{\"@type\":\"ListItem\",\"position\":1,\"name\":\"Portada\",\"item\":\"https:\\\/\\\/www.eldiario.net\\\/portal\\\/\"},{\"@type\":\"ListItem\",\"position\":2,\"name\":\"AX revaloriza la cultura boliviana con \u201cLa Razza\u201d\"}]},{\"@type\":\"WebSite\",\"@id\":\"https:\\\/\\\/www.eldiario.net\\\/portal\\\/#website\",\"url\":\"https:\\\/\\\/www.eldiario.net\\\/portal\\\/\",\"name\":\"El Diario - Decano de la prensa nacional\",\"description\":\"El Diario - Decano de la prensa nacional\",\"publisher\":{\"@id\":\"https:\\\/\\\/www.eldiario.net\\\/portal\\\/#organization\"},\"potentialAction\":[{\"@type\":\"SearchAction\",\"target\":{\"@type\":\"EntryPoint\",\"urlTemplate\":\"https:\\\/\\\/www.eldiario.net\\\/portal\\\/?s={search_term_string}\"},\"query-input\":{\"@type\":\"PropertyValueSpecification\",\"valueRequired\":true,\"valueName\":\"search_term_string\"}}],\"inLanguage\":\"es\"},{\"@type\":\"Organization\",\"@id\":\"https:\\\/\\\/www.eldiario.net\\\/portal\\\/#organization\",\"name\":\"El Diario - Decano de la prensa nacional\",\"url\":\"https:\\\/\\\/www.eldiario.net\\\/portal\\\/\",\"logo\":{\"@type\":\"ImageObject\",\"inLanguage\":\"es\",\"@id\":\"https:\\\/\\\/www.eldiario.net\\\/portal\\\/#\\\/schema\\\/logo\\\/image\\\/\",\"url\":\"https:\\\/\\\/www.eldiario.net\\\/portal\\\/wp-content\\\/uploads\\\/2023\\\/07\\\/logo_ED.jpg\",\"contentUrl\":\"https:\\\/\\\/www.eldiario.net\\\/portal\\\/wp-content\\\/uploads\\\/2023\\\/07\\\/logo_ED.jpg\",\"width\":272,\"height\":52,\"caption\":\"El Diario - Decano de la prensa nacional\"},\"image\":{\"@id\":\"https:\\\/\\\/www.eldiario.net\\\/portal\\\/#\\\/schema\\\/logo\\\/image\\\/\"},\"sameAs\":[\"https:\\\/\\\/www.facebook.com\\\/eldiario.bolivia\\\/\",\"https:\\\/\\\/x.com\\\/eldiario_net\"]},{\"@type\":\"Person\",\"@id\":\"https:\\\/\\\/www.eldiario.net\\\/portal\\\/#\\\/schema\\\/person\\\/2c57cf2b7a7ae032e449e4c9b1019eac\",\"name\":\"Jeanette\",\"image\":{\"@type\":\"ImageObject\",\"inLanguage\":\"es\",\"@id\":\"https:\\\/\\\/secure.gravatar.com\\\/avatar\\\/3ea2118a5f7dad2b7138b1187a6b7ee55f160b9968b66013c3a3ef39dd7e5798?s=96&d=mm&r=g\",\"url\":\"https:\\\/\\\/secure.gravatar.com\\\/avatar\\\/3ea2118a5f7dad2b7138b1187a6b7ee55f160b9968b66013c3a3ef39dd7e5798?s=96&d=mm&r=g\",\"contentUrl\":\"https:\\\/\\\/secure.gravatar.com\\\/avatar\\\/3ea2118a5f7dad2b7138b1187a6b7ee55f160b9968b66013c3a3ef39dd7e5798?s=96&d=mm&r=g\",\"caption\":\"Jeanette\"},\"sameAs\":[\"https:\\\/\\\/www.eldiario.net\\\/portal\"],\"url\":\"https:\\\/\\\/www.eldiario.net\\\/portal\\\/author\\\/jeanette\\\/\"}]}<\/script>\n<!-- \/ Yoast SEO plugin. -->","yoast_head_json":{"title":"AX revaloriza la cultura boliviana con \u201cLa Razza\u201d - El Diario - Bolivia","robots":{"index":"index","follow":"follow","max-snippet":"max-snippet:-1","max-image-preview":"max-image-preview:large","max-video-preview":"max-video-preview:-1"},"canonical":"https:\/\/www.eldiario.net\/portal\/2025\/10\/04\/ax-revaloriza-la-cultura-boliviana-con-la-razza\/","og_locale":"es_ES","og_type":"article","og_title":"AX revaloriza la cultura boliviana con \u201cLa Razza\u201d - El Diario - Bolivia","og_description":"El joven m\u00fasico boliviano AX acaba de lanzar al mercado su nueva composici\u00f3n, titulada \u201cLa Razza\u201d, una propuesta innovadora de \u201cTobas Espacial\u201d que fusiona el folclore boliviano con el pop rock. El lanzamiento se efectu\u00f3 el reciente mi\u00e9rcoles 1 de octubre en el auditorio de Universidad San Francisco de As\u00eds de la ciudad de La [&hellip;]","og_url":"https:\/\/www.eldiario.net\/portal\/2025\/10\/04\/ax-revaloriza-la-cultura-boliviana-con-la-razza\/","og_site_name":"El Diario - Bolivia","article_publisher":"https:\/\/www.facebook.com\/eldiario.bolivia\/","article_published_time":"2025-10-04T11:12:27+00:00","og_image":[{"width":1200,"height":674,"url":"https:\/\/www.eldiario.net\/portal\/wp-content\/uploads\/2025\/10\/1-PRINCIPAL-1.webp","type":"image\/webp"}],"author":"Jeanette","twitter_card":"summary_large_image","twitter_creator":"@eldiario_net","twitter_site":"@eldiario_net","twitter_misc":{"Escrito por":"Jeanette","Tiempo de lectura":"5 minutos"},"schema":{"@context":"https:\/\/schema.org","@graph":[{"@type":"Article","@id":"https:\/\/www.eldiario.net\/portal\/2025\/10\/04\/ax-revaloriza-la-cultura-boliviana-con-la-razza\/#article","isPartOf":{"@id":"https:\/\/www.eldiario.net\/portal\/2025\/10\/04\/ax-revaloriza-la-cultura-boliviana-con-la-razza\/"},"author":{"name":"Jeanette","@id":"https:\/\/www.eldiario.net\/portal\/#\/schema\/person\/2c57cf2b7a7ae032e449e4c9b1019eac"},"headline":"AX revaloriza la cultura boliviana con \u201cLa Razza\u201d","datePublished":"2025-10-04T11:12:27+00:00","mainEntityOfPage":{"@id":"https:\/\/www.eldiario.net\/portal\/2025\/10\/04\/ax-revaloriza-la-cultura-boliviana-con-la-razza\/"},"wordCount":1015,"publisher":{"@id":"https:\/\/www.eldiario.net\/portal\/#organization"},"image":{"@id":"https:\/\/www.eldiario.net\/portal\/2025\/10\/04\/ax-revaloriza-la-cultura-boliviana-con-la-razza\/#primaryimage"},"thumbnailUrl":"https:\/\/www.eldiario.net\/portal\/wp-content\/uploads\/2025\/10\/1-PRINCIPAL-1.webp","articleSection":["La Gu\u00eda"],"inLanguage":"es"},{"@type":"WebPage","@id":"https:\/\/www.eldiario.net\/portal\/2025\/10\/04\/ax-revaloriza-la-cultura-boliviana-con-la-razza\/","url":"https:\/\/www.eldiario.net\/portal\/2025\/10\/04\/ax-revaloriza-la-cultura-boliviana-con-la-razza\/","name":"AX revaloriza la cultura boliviana con \u201cLa Razza\u201d - El Diario - Bolivia","isPartOf":{"@id":"https:\/\/www.eldiario.net\/portal\/#website"},"primaryImageOfPage":{"@id":"https:\/\/www.eldiario.net\/portal\/2025\/10\/04\/ax-revaloriza-la-cultura-boliviana-con-la-razza\/#primaryimage"},"image":{"@id":"https:\/\/www.eldiario.net\/portal\/2025\/10\/04\/ax-revaloriza-la-cultura-boliviana-con-la-razza\/#primaryimage"},"thumbnailUrl":"https:\/\/www.eldiario.net\/portal\/wp-content\/uploads\/2025\/10\/1-PRINCIPAL-1.webp","datePublished":"2025-10-04T11:12:27+00:00","breadcrumb":{"@id":"https:\/\/www.eldiario.net\/portal\/2025\/10\/04\/ax-revaloriza-la-cultura-boliviana-con-la-razza\/#breadcrumb"},"inLanguage":"es","potentialAction":[{"@type":"ReadAction","target":["https:\/\/www.eldiario.net\/portal\/2025\/10\/04\/ax-revaloriza-la-cultura-boliviana-con-la-razza\/"]}]},{"@type":"ImageObject","inLanguage":"es","@id":"https:\/\/www.eldiario.net\/portal\/2025\/10\/04\/ax-revaloriza-la-cultura-boliviana-con-la-razza\/#primaryimage","url":"https:\/\/www.eldiario.net\/portal\/wp-content\/uploads\/2025\/10\/1-PRINCIPAL-1.webp","contentUrl":"https:\/\/www.eldiario.net\/portal\/wp-content\/uploads\/2025\/10\/1-PRINCIPAL-1.webp","width":1200,"height":674},{"@type":"BreadcrumbList","@id":"https:\/\/www.eldiario.net\/portal\/2025\/10\/04\/ax-revaloriza-la-cultura-boliviana-con-la-razza\/#breadcrumb","itemListElement":[{"@type":"ListItem","position":1,"name":"Portada","item":"https:\/\/www.eldiario.net\/portal\/"},{"@type":"ListItem","position":2,"name":"AX revaloriza la cultura boliviana con \u201cLa Razza\u201d"}]},{"@type":"WebSite","@id":"https:\/\/www.eldiario.net\/portal\/#website","url":"https:\/\/www.eldiario.net\/portal\/","name":"El Diario - Decano de la prensa nacional","description":"El Diario - Decano de la prensa nacional","publisher":{"@id":"https:\/\/www.eldiario.net\/portal\/#organization"},"potentialAction":[{"@type":"SearchAction","target":{"@type":"EntryPoint","urlTemplate":"https:\/\/www.eldiario.net\/portal\/?s={search_term_string}"},"query-input":{"@type":"PropertyValueSpecification","valueRequired":true,"valueName":"search_term_string"}}],"inLanguage":"es"},{"@type":"Organization","@id":"https:\/\/www.eldiario.net\/portal\/#organization","name":"El Diario - Decano de la prensa nacional","url":"https:\/\/www.eldiario.net\/portal\/","logo":{"@type":"ImageObject","inLanguage":"es","@id":"https:\/\/www.eldiario.net\/portal\/#\/schema\/logo\/image\/","url":"https:\/\/www.eldiario.net\/portal\/wp-content\/uploads\/2023\/07\/logo_ED.jpg","contentUrl":"https:\/\/www.eldiario.net\/portal\/wp-content\/uploads\/2023\/07\/logo_ED.jpg","width":272,"height":52,"caption":"El Diario - Decano de la prensa nacional"},"image":{"@id":"https:\/\/www.eldiario.net\/portal\/#\/schema\/logo\/image\/"},"sameAs":["https:\/\/www.facebook.com\/eldiario.bolivia\/","https:\/\/x.com\/eldiario_net"]},{"@type":"Person","@id":"https:\/\/www.eldiario.net\/portal\/#\/schema\/person\/2c57cf2b7a7ae032e449e4c9b1019eac","name":"Jeanette","image":{"@type":"ImageObject","inLanguage":"es","@id":"https:\/\/secure.gravatar.com\/avatar\/3ea2118a5f7dad2b7138b1187a6b7ee55f160b9968b66013c3a3ef39dd7e5798?s=96&d=mm&r=g","url":"https:\/\/secure.gravatar.com\/avatar\/3ea2118a5f7dad2b7138b1187a6b7ee55f160b9968b66013c3a3ef39dd7e5798?s=96&d=mm&r=g","contentUrl":"https:\/\/secure.gravatar.com\/avatar\/3ea2118a5f7dad2b7138b1187a6b7ee55f160b9968b66013c3a3ef39dd7e5798?s=96&d=mm&r=g","caption":"Jeanette"},"sameAs":["https:\/\/www.eldiario.net\/portal"],"url":"https:\/\/www.eldiario.net\/portal\/author\/jeanette\/"}]}},"_links":{"self":[{"href":"https:\/\/www.eldiario.net\/portal\/wp-json\/wp\/v2\/posts\/335895","targetHints":{"allow":["GET"]}}],"collection":[{"href":"https:\/\/www.eldiario.net\/portal\/wp-json\/wp\/v2\/posts"}],"about":[{"href":"https:\/\/www.eldiario.net\/portal\/wp-json\/wp\/v2\/types\/post"}],"author":[{"embeddable":true,"href":"https:\/\/www.eldiario.net\/portal\/wp-json\/wp\/v2\/users\/1"}],"replies":[{"embeddable":true,"href":"https:\/\/www.eldiario.net\/portal\/wp-json\/wp\/v2\/comments?post=335895"}],"version-history":[{"count":1,"href":"https:\/\/www.eldiario.net\/portal\/wp-json\/wp\/v2\/posts\/335895\/revisions"}],"predecessor-version":[{"id":335900,"href":"https:\/\/www.eldiario.net\/portal\/wp-json\/wp\/v2\/posts\/335895\/revisions\/335900"}],"wp:featuredmedia":[{"embeddable":true,"href":"https:\/\/www.eldiario.net\/portal\/wp-json\/wp\/v2\/media\/335896"}],"wp:attachment":[{"href":"https:\/\/www.eldiario.net\/portal\/wp-json\/wp\/v2\/media?parent=335895"}],"wp:term":[{"taxonomy":"category","embeddable":true,"href":"https:\/\/www.eldiario.net\/portal\/wp-json\/wp\/v2\/categories?post=335895"},{"taxonomy":"post_tag","embeddable":true,"href":"https:\/\/www.eldiario.net\/portal\/wp-json\/wp\/v2\/tags?post=335895"}],"curies":[{"name":"wp","href":"https:\/\/api.w.org\/{rel}","templated":true}]}}