{"id":335518,"date":"2025-10-03T00:09:00","date_gmt":"2025-10-03T04:09:00","guid":{"rendered":"https:\/\/www.eldiario.net\/portal\/?p=335518"},"modified":"2025-10-02T22:11:32","modified_gmt":"2025-10-03T02:11:32","slug":"victimas-de-senkata-denuncian-impunidad","status":"publish","type":"post","link":"https:\/\/www.eldiario.net\/portal\/2025\/10\/03\/victimas-de-senkata-denuncian-impunidad\/","title":{"rendered":"V\u00edctimas de Senkata denuncian impunidad"},"content":{"rendered":"<p>Mediante un voto resolutivo, las v\u00edctimas de los hechos luctuosos de 2019, ocurridos en Senkata y Sacaba, exigieron que su nombre no sea utilizado en actos p\u00fablicos sin su consentimiento, cuestionaron a los medios por no otorgarles un derecho a la r\u00e9plica y advirtieron que el sistema judicial boliviano les neg\u00f3 el acceso a la justicia.<\/p>\n<p>Las v\u00edctimas denunciaron un supuesto acto de discriminaci\u00f3n e impunidad en la anulaci\u00f3n del proceso ordinario contra la expresidenta Jeanine \u00c1\u00f1ez. Advirtieron que los \u00aboperadores de justicia republicanos\u00bb tampoco les otorgar\u00e1n justicia con un juicio de responsabilidades.<\/p>\n<p>\u201cNuestra dignidad fue mellada, agredida y utilizada. Los operadores de justicia republicanos nos negar\u00e1n el acceso a la justicia con la farsa de juicio de privilegio o de responsabilidades\u201d, afirmaron en un pronunciamiento citado por la agencia estatal ABI.<\/p>\n<p>Las v\u00edctimas fundamentan su posici\u00f3n en las conclusiones del Grupo Interdisciplinario de Expertos Independientes (GIEI) en Bolivia, presentadas en un informe el 17 de agosto de 2021. Dicho informe establece que hubo graves violaciones a los derechos humanos mediante ejecuciones sumarias, detenciones arbitrarias y uso excesivo de la fuerza durante las protestas en contra del gobierno de A\u00f1ez, en noviembre de 2019.<\/p>\n<p>El voto resolutivo tambi\u00e9n acusa a los medios de comunicaci\u00f3n de no otorgar suficiente espacio para la versi\u00f3n de las v\u00edctimas, supuestamente vulnerando el derecho a la r\u00e9plica establecido en la Convenci\u00f3n Americana sobre Derechos Humanos (Pacto de San Jos\u00e9 de 1969) y la Ley de Imprenta boliviana de 1925.<\/p>\n<p>Los afectados advierten que, en caso de no serles garantizada igualdad de condiciones en derecho y justicia, los medios se\u00f1alados \u201cser\u00e1n considerados violadores de derechos humanos, por omisi\u00f3n o por comisi\u00f3n\u201d.<\/p>\n","protected":false},"excerpt":{"rendered":"<p>Mediante un voto resolutivo, las v\u00edctimas de los hechos luctuosos de 2019, ocurridos en Senkata y Sacaba, exigieron que su nombre no sea utilizado en actos p\u00fablicos sin su consentimiento, cuestionaron a los medios por no otorgarles un derecho a la r\u00e9plica y advirtieron que el sistema judicial boliviano les neg\u00f3 el acceso a la [&hellip;]<\/p>\n","protected":false},"author":1,"featured_media":335519,"comment_status":"closed","ping_status":"open","sticky":false,"template":"","format":"standard","meta":{"_acf_changed":false,"footnotes":""},"categories":[39],"tags":[],"class_list":["post-335518","post","type-post","status-publish","format-standard","has-post-thumbnail","category-sociedad"],"acf":{"antetitulo":"Vetan uso pol\u00edtico de su nombre"},"yoast_head":"<!-- This site is optimized with the Yoast SEO plugin v28.4 - https:\/\/yoast.com\/product\/yoast-seo-wordpress\/ -->\n<title>V\u00edctimas de Senkata denuncian impunidad - El Diario - Bolivia<\/title>\n<meta name=\"robots\" content=\"index, follow, max-snippet:-1, max-image-preview:large, max-video-preview:-1\" \/>\n<link rel=\"canonical\" href=\"https:\/\/www.eldiario.net\/portal\/2025\/10\/03\/victimas-de-senkata-denuncian-impunidad\/\" \/>\n<meta property=\"og:locale\" content=\"es_ES\" \/>\n<meta property=\"og:type\" content=\"article\" \/>\n<meta property=\"og:title\" content=\"V\u00edctimas de Senkata denuncian impunidad - El Diario - Bolivia\" \/>\n<meta property=\"og:description\" content=\"Mediante un voto resolutivo, las v\u00edctimas de los hechos luctuosos de 2019, ocurridos en Senkata y Sacaba, exigieron que su nombre no sea utilizado en actos p\u00fablicos sin su consentimiento, cuestionaron a los medios por no otorgarles un derecho a la r\u00e9plica y advirtieron que el sistema judicial boliviano les neg\u00f3 el acceso a la [&hellip;]\" \/>\n<meta property=\"og:url\" content=\"https:\/\/www.eldiario.net\/portal\/2025\/10\/03\/victimas-de-senkata-denuncian-impunidad\/\" \/>\n<meta property=\"og:site_name\" content=\"El Diario - Bolivia\" \/>\n<meta property=\"article:publisher\" content=\"https:\/\/www.facebook.com\/eldiario.bolivia\/\" \/>\n<meta property=\"article:published_time\" content=\"2025-10-03T04:09:00+00:00\" \/>\n<meta property=\"og:image\" content=\"https:\/\/www.eldiario.net\/portal\/wp-content\/uploads\/2025\/10\/3-SENKATA.webp\" \/>\n\t<meta property=\"og:image:width\" content=\"800\" \/>\n\t<meta property=\"og:image:height\" content=\"533\" \/>\n\t<meta property=\"og:image:type\" content=\"image\/webp\" \/>\n<meta name=\"author\" content=\"Jeanette\" \/>\n<meta name=\"twitter:card\" content=\"summary_large_image\" \/>\n<meta name=\"twitter:creator\" content=\"@eldiario_net\" \/>\n<meta name=\"twitter:site\" content=\"@eldiario_net\" \/>\n<meta name=\"twitter:label1\" content=\"Escrito por\" \/>\n\t<meta name=\"twitter:data1\" content=\"Jeanette\" \/>\n\t<meta name=\"twitter:label2\" content=\"Tiempo de lectura\" \/>\n\t<meta name=\"twitter:data2\" content=\"2 minutos\" \/>\n<script type=\"application\/ld+json\" class=\"yoast-schema-graph\">{\"@context\":\"https:\\\/\\\/schema.org\",\"@graph\":[{\"@type\":\"Article\",\"@id\":\"https:\\\/\\\/www.eldiario.net\\\/portal\\\/2025\\\/10\\\/03\\\/victimas-de-senkata-denuncian-impunidad\\\/#article\",\"isPartOf\":{\"@id\":\"https:\\\/\\\/www.eldiario.net\\\/portal\\\/2025\\\/10\\\/03\\\/victimas-de-senkata-denuncian-impunidad\\\/\"},\"author\":{\"name\":\"Jeanette\",\"@id\":\"https:\\\/\\\/www.eldiario.net\\\/portal\\\/#\\\/schema\\\/person\\\/2c57cf2b7a7ae032e449e4c9b1019eac\"},\"headline\":\"V\u00edctimas de Senkata denuncian impunidad\",\"datePublished\":\"2025-10-03T04:09:00+00:00\",\"mainEntityOfPage\":{\"@id\":\"https:\\\/\\\/www.eldiario.net\\\/portal\\\/2025\\\/10\\\/03\\\/victimas-de-senkata-denuncian-impunidad\\\/\"},\"wordCount\":296,\"publisher\":{\"@id\":\"https:\\\/\\\/www.eldiario.net\\\/portal\\\/#organization\"},\"image\":{\"@id\":\"https:\\\/\\\/www.eldiario.net\\\/portal\\\/2025\\\/10\\\/03\\\/victimas-de-senkata-denuncian-impunidad\\\/#primaryimage\"},\"thumbnailUrl\":\"https:\\\/\\\/www.eldiario.net\\\/portal\\\/wp-content\\\/uploads\\\/2025\\\/10\\\/3-SENKATA.webp\",\"articleSection\":[\"Sociedad - Seguridad\"],\"inLanguage\":\"es\"},{\"@type\":\"WebPage\",\"@id\":\"https:\\\/\\\/www.eldiario.net\\\/portal\\\/2025\\\/10\\\/03\\\/victimas-de-senkata-denuncian-impunidad\\\/\",\"url\":\"https:\\\/\\\/www.eldiario.net\\\/portal\\\/2025\\\/10\\\/03\\\/victimas-de-senkata-denuncian-impunidad\\\/\",\"name\":\"V\u00edctimas de Senkata denuncian impunidad - El Diario - Bolivia\",\"isPartOf\":{\"@id\":\"https:\\\/\\\/www.eldiario.net\\\/portal\\\/#website\"},\"primaryImageOfPage\":{\"@id\":\"https:\\\/\\\/www.eldiario.net\\\/portal\\\/2025\\\/10\\\/03\\\/victimas-de-senkata-denuncian-impunidad\\\/#primaryimage\"},\"image\":{\"@id\":\"https:\\\/\\\/www.eldiario.net\\\/portal\\\/2025\\\/10\\\/03\\\/victimas-de-senkata-denuncian-impunidad\\\/#primaryimage\"},\"thumbnailUrl\":\"https:\\\/\\\/www.eldiario.net\\\/portal\\\/wp-content\\\/uploads\\\/2025\\\/10\\\/3-SENKATA.webp\",\"datePublished\":\"2025-10-03T04:09:00+00:00\",\"breadcrumb\":{\"@id\":\"https:\\\/\\\/www.eldiario.net\\\/portal\\\/2025\\\/10\\\/03\\\/victimas-de-senkata-denuncian-impunidad\\\/#breadcrumb\"},\"inLanguage\":\"es\",\"potentialAction\":[{\"@type\":\"ReadAction\",\"target\":[\"https:\\\/\\\/www.eldiario.net\\\/portal\\\/2025\\\/10\\\/03\\\/victimas-de-senkata-denuncian-impunidad\\\/\"]}]},{\"@type\":\"ImageObject\",\"inLanguage\":\"es\",\"@id\":\"https:\\\/\\\/www.eldiario.net\\\/portal\\\/2025\\\/10\\\/03\\\/victimas-de-senkata-denuncian-impunidad\\\/#primaryimage\",\"url\":\"https:\\\/\\\/www.eldiario.net\\\/portal\\\/wp-content\\\/uploads\\\/2025\\\/10\\\/3-SENKATA.webp\",\"contentUrl\":\"https:\\\/\\\/www.eldiario.net\\\/portal\\\/wp-content\\\/uploads\\\/2025\\\/10\\\/3-SENKATA.webp\",\"width\":800,\"height\":533,\"caption\":\"Manifestantes en oposici\u00f3n al gobierno de Jeanine A\u00f1ez. Foto: Archivo ABI\"},{\"@type\":\"BreadcrumbList\",\"@id\":\"https:\\\/\\\/www.eldiario.net\\\/portal\\\/2025\\\/10\\\/03\\\/victimas-de-senkata-denuncian-impunidad\\\/#breadcrumb\",\"itemListElement\":[{\"@type\":\"ListItem\",\"position\":1,\"name\":\"Portada\",\"item\":\"https:\\\/\\\/www.eldiario.net\\\/portal\\\/\"},{\"@type\":\"ListItem\",\"position\":2,\"name\":\"V\u00edctimas de Senkata denuncian impunidad\"}]},{\"@type\":\"WebSite\",\"@id\":\"https:\\\/\\\/www.eldiario.net\\\/portal\\\/#website\",\"url\":\"https:\\\/\\\/www.eldiario.net\\\/portal\\\/\",\"name\":\"El Diario - Decano de la prensa nacional\",\"description\":\"El Diario - Decano de la prensa nacional\",\"publisher\":{\"@id\":\"https:\\\/\\\/www.eldiario.net\\\/portal\\\/#organization\"},\"potentialAction\":[{\"@type\":\"SearchAction\",\"target\":{\"@type\":\"EntryPoint\",\"urlTemplate\":\"https:\\\/\\\/www.eldiario.net\\\/portal\\\/?s={search_term_string}\"},\"query-input\":{\"@type\":\"PropertyValueSpecification\",\"valueRequired\":true,\"valueName\":\"search_term_string\"}}],\"inLanguage\":\"es\"},{\"@type\":\"Organization\",\"@id\":\"https:\\\/\\\/www.eldiario.net\\\/portal\\\/#organization\",\"name\":\"El Diario - Decano de la prensa nacional\",\"url\":\"https:\\\/\\\/www.eldiario.net\\\/portal\\\/\",\"logo\":{\"@type\":\"ImageObject\",\"inLanguage\":\"es\",\"@id\":\"https:\\\/\\\/www.eldiario.net\\\/portal\\\/#\\\/schema\\\/logo\\\/image\\\/\",\"url\":\"https:\\\/\\\/www.eldiario.net\\\/portal\\\/wp-content\\\/uploads\\\/2023\\\/07\\\/logo_ED.jpg\",\"contentUrl\":\"https:\\\/\\\/www.eldiario.net\\\/portal\\\/wp-content\\\/uploads\\\/2023\\\/07\\\/logo_ED.jpg\",\"width\":272,\"height\":52,\"caption\":\"El Diario - Decano de la prensa nacional\"},\"image\":{\"@id\":\"https:\\\/\\\/www.eldiario.net\\\/portal\\\/#\\\/schema\\\/logo\\\/image\\\/\"},\"sameAs\":[\"https:\\\/\\\/www.facebook.com\\\/eldiario.bolivia\\\/\",\"https:\\\/\\\/x.com\\\/eldiario_net\"]},{\"@type\":\"Person\",\"@id\":\"https:\\\/\\\/www.eldiario.net\\\/portal\\\/#\\\/schema\\\/person\\\/2c57cf2b7a7ae032e449e4c9b1019eac\",\"name\":\"Jeanette\",\"image\":{\"@type\":\"ImageObject\",\"inLanguage\":\"es\",\"@id\":\"https:\\\/\\\/secure.gravatar.com\\\/avatar\\\/3ea2118a5f7dad2b7138b1187a6b7ee55f160b9968b66013c3a3ef39dd7e5798?s=96&d=mm&r=g\",\"url\":\"https:\\\/\\\/secure.gravatar.com\\\/avatar\\\/3ea2118a5f7dad2b7138b1187a6b7ee55f160b9968b66013c3a3ef39dd7e5798?s=96&d=mm&r=g\",\"contentUrl\":\"https:\\\/\\\/secure.gravatar.com\\\/avatar\\\/3ea2118a5f7dad2b7138b1187a6b7ee55f160b9968b66013c3a3ef39dd7e5798?s=96&d=mm&r=g\",\"caption\":\"Jeanette\"},\"sameAs\":[\"https:\\\/\\\/www.eldiario.net\\\/portal\"],\"url\":\"https:\\\/\\\/www.eldiario.net\\\/portal\\\/author\\\/jeanette\\\/\"}]}<\/script>\n<!-- \/ Yoast SEO plugin. -->","yoast_head_json":{"title":"V\u00edctimas de Senkata denuncian impunidad - El Diario - Bolivia","robots":{"index":"index","follow":"follow","max-snippet":"max-snippet:-1","max-image-preview":"max-image-preview:large","max-video-preview":"max-video-preview:-1"},"canonical":"https:\/\/www.eldiario.net\/portal\/2025\/10\/03\/victimas-de-senkata-denuncian-impunidad\/","og_locale":"es_ES","og_type":"article","og_title":"V\u00edctimas de Senkata denuncian impunidad - El Diario - Bolivia","og_description":"Mediante un voto resolutivo, las v\u00edctimas de los hechos luctuosos de 2019, ocurridos en Senkata y Sacaba, exigieron que su nombre no sea utilizado en actos p\u00fablicos sin su consentimiento, cuestionaron a los medios por no otorgarles un derecho a la r\u00e9plica y advirtieron que el sistema judicial boliviano les neg\u00f3 el acceso a la [&hellip;]","og_url":"https:\/\/www.eldiario.net\/portal\/2025\/10\/03\/victimas-de-senkata-denuncian-impunidad\/","og_site_name":"El Diario - Bolivia","article_publisher":"https:\/\/www.facebook.com\/eldiario.bolivia\/","article_published_time":"2025-10-03T04:09:00+00:00","og_image":[{"width":800,"height":533,"url":"https:\/\/www.eldiario.net\/portal\/wp-content\/uploads\/2025\/10\/3-SENKATA.webp","type":"image\/webp"}],"author":"Jeanette","twitter_card":"summary_large_image","twitter_creator":"@eldiario_net","twitter_site":"@eldiario_net","twitter_misc":{"Escrito por":"Jeanette","Tiempo de lectura":"2 minutos"},"schema":{"@context":"https:\/\/schema.org","@graph":[{"@type":"Article","@id":"https:\/\/www.eldiario.net\/portal\/2025\/10\/03\/victimas-de-senkata-denuncian-impunidad\/#article","isPartOf":{"@id":"https:\/\/www.eldiario.net\/portal\/2025\/10\/03\/victimas-de-senkata-denuncian-impunidad\/"},"author":{"name":"Jeanette","@id":"https:\/\/www.eldiario.net\/portal\/#\/schema\/person\/2c57cf2b7a7ae032e449e4c9b1019eac"},"headline":"V\u00edctimas de Senkata denuncian impunidad","datePublished":"2025-10-03T04:09:00+00:00","mainEntityOfPage":{"@id":"https:\/\/www.eldiario.net\/portal\/2025\/10\/03\/victimas-de-senkata-denuncian-impunidad\/"},"wordCount":296,"publisher":{"@id":"https:\/\/www.eldiario.net\/portal\/#organization"},"image":{"@id":"https:\/\/www.eldiario.net\/portal\/2025\/10\/03\/victimas-de-senkata-denuncian-impunidad\/#primaryimage"},"thumbnailUrl":"https:\/\/www.eldiario.net\/portal\/wp-content\/uploads\/2025\/10\/3-SENKATA.webp","articleSection":["Sociedad - Seguridad"],"inLanguage":"es"},{"@type":"WebPage","@id":"https:\/\/www.eldiario.net\/portal\/2025\/10\/03\/victimas-de-senkata-denuncian-impunidad\/","url":"https:\/\/www.eldiario.net\/portal\/2025\/10\/03\/victimas-de-senkata-denuncian-impunidad\/","name":"V\u00edctimas de Senkata denuncian impunidad - El Diario - Bolivia","isPartOf":{"@id":"https:\/\/www.eldiario.net\/portal\/#website"},"primaryImageOfPage":{"@id":"https:\/\/www.eldiario.net\/portal\/2025\/10\/03\/victimas-de-senkata-denuncian-impunidad\/#primaryimage"},"image":{"@id":"https:\/\/www.eldiario.net\/portal\/2025\/10\/03\/victimas-de-senkata-denuncian-impunidad\/#primaryimage"},"thumbnailUrl":"https:\/\/www.eldiario.net\/portal\/wp-content\/uploads\/2025\/10\/3-SENKATA.webp","datePublished":"2025-10-03T04:09:00+00:00","breadcrumb":{"@id":"https:\/\/www.eldiario.net\/portal\/2025\/10\/03\/victimas-de-senkata-denuncian-impunidad\/#breadcrumb"},"inLanguage":"es","potentialAction":[{"@type":"ReadAction","target":["https:\/\/www.eldiario.net\/portal\/2025\/10\/03\/victimas-de-senkata-denuncian-impunidad\/"]}]},{"@type":"ImageObject","inLanguage":"es","@id":"https:\/\/www.eldiario.net\/portal\/2025\/10\/03\/victimas-de-senkata-denuncian-impunidad\/#primaryimage","url":"https:\/\/www.eldiario.net\/portal\/wp-content\/uploads\/2025\/10\/3-SENKATA.webp","contentUrl":"https:\/\/www.eldiario.net\/portal\/wp-content\/uploads\/2025\/10\/3-SENKATA.webp","width":800,"height":533,"caption":"Manifestantes en oposici\u00f3n al gobierno de Jeanine A\u00f1ez. Foto: Archivo ABI"},{"@type":"BreadcrumbList","@id":"https:\/\/www.eldiario.net\/portal\/2025\/10\/03\/victimas-de-senkata-denuncian-impunidad\/#breadcrumb","itemListElement":[{"@type":"ListItem","position":1,"name":"Portada","item":"https:\/\/www.eldiario.net\/portal\/"},{"@type":"ListItem","position":2,"name":"V\u00edctimas de Senkata denuncian impunidad"}]},{"@type":"WebSite","@id":"https:\/\/www.eldiario.net\/portal\/#website","url":"https:\/\/www.eldiario.net\/portal\/","name":"El Diario - Decano de la prensa nacional","description":"El Diario - Decano de la prensa nacional","publisher":{"@id":"https:\/\/www.eldiario.net\/portal\/#organization"},"potentialAction":[{"@type":"SearchAction","target":{"@type":"EntryPoint","urlTemplate":"https:\/\/www.eldiario.net\/portal\/?s={search_term_string}"},"query-input":{"@type":"PropertyValueSpecification","valueRequired":true,"valueName":"search_term_string"}}],"inLanguage":"es"},{"@type":"Organization","@id":"https:\/\/www.eldiario.net\/portal\/#organization","name":"El Diario - Decano de la prensa nacional","url":"https:\/\/www.eldiario.net\/portal\/","logo":{"@type":"ImageObject","inLanguage":"es","@id":"https:\/\/www.eldiario.net\/portal\/#\/schema\/logo\/image\/","url":"https:\/\/www.eldiario.net\/portal\/wp-content\/uploads\/2023\/07\/logo_ED.jpg","contentUrl":"https:\/\/www.eldiario.net\/portal\/wp-content\/uploads\/2023\/07\/logo_ED.jpg","width":272,"height":52,"caption":"El Diario - Decano de la prensa nacional"},"image":{"@id":"https:\/\/www.eldiario.net\/portal\/#\/schema\/logo\/image\/"},"sameAs":["https:\/\/www.facebook.com\/eldiario.bolivia\/","https:\/\/x.com\/eldiario_net"]},{"@type":"Person","@id":"https:\/\/www.eldiario.net\/portal\/#\/schema\/person\/2c57cf2b7a7ae032e449e4c9b1019eac","name":"Jeanette","image":{"@type":"ImageObject","inLanguage":"es","@id":"https:\/\/secure.gravatar.com\/avatar\/3ea2118a5f7dad2b7138b1187a6b7ee55f160b9968b66013c3a3ef39dd7e5798?s=96&d=mm&r=g","url":"https:\/\/secure.gravatar.com\/avatar\/3ea2118a5f7dad2b7138b1187a6b7ee55f160b9968b66013c3a3ef39dd7e5798?s=96&d=mm&r=g","contentUrl":"https:\/\/secure.gravatar.com\/avatar\/3ea2118a5f7dad2b7138b1187a6b7ee55f160b9968b66013c3a3ef39dd7e5798?s=96&d=mm&r=g","caption":"Jeanette"},"sameAs":["https:\/\/www.eldiario.net\/portal"],"url":"https:\/\/www.eldiario.net\/portal\/author\/jeanette\/"}]}},"_links":{"self":[{"href":"https:\/\/www.eldiario.net\/portal\/wp-json\/wp\/v2\/posts\/335518","targetHints":{"allow":["GET"]}}],"collection":[{"href":"https:\/\/www.eldiario.net\/portal\/wp-json\/wp\/v2\/posts"}],"about":[{"href":"https:\/\/www.eldiario.net\/portal\/wp-json\/wp\/v2\/types\/post"}],"author":[{"embeddable":true,"href":"https:\/\/www.eldiario.net\/portal\/wp-json\/wp\/v2\/users\/1"}],"replies":[{"embeddable":true,"href":"https:\/\/www.eldiario.net\/portal\/wp-json\/wp\/v2\/comments?post=335518"}],"version-history":[{"count":1,"href":"https:\/\/www.eldiario.net\/portal\/wp-json\/wp\/v2\/posts\/335518\/revisions"}],"predecessor-version":[{"id":335520,"href":"https:\/\/www.eldiario.net\/portal\/wp-json\/wp\/v2\/posts\/335518\/revisions\/335520"}],"wp:featuredmedia":[{"embeddable":true,"href":"https:\/\/www.eldiario.net\/portal\/wp-json\/wp\/v2\/media\/335519"}],"wp:attachment":[{"href":"https:\/\/www.eldiario.net\/portal\/wp-json\/wp\/v2\/media?parent=335518"}],"wp:term":[{"taxonomy":"category","embeddable":true,"href":"https:\/\/www.eldiario.net\/portal\/wp-json\/wp\/v2\/categories?post=335518"},{"taxonomy":"post_tag","embeddable":true,"href":"https:\/\/www.eldiario.net\/portal\/wp-json\/wp\/v2\/tags?post=335518"}],"curies":[{"name":"wp","href":"https:\/\/api.w.org\/{rel}","templated":true}]}}