{"id":335509,"date":"2025-10-03T00:06:39","date_gmt":"2025-10-03T04:06:39","guid":{"rendered":"https:\/\/www.eldiario.net\/portal\/?p=335509"},"modified":"2025-10-02T22:08:02","modified_gmt":"2025-10-03T02:08:02","slug":"flamenco-pa-todos-es-lo-nuevo-de-manfariel-gitano","status":"publish","type":"post","link":"https:\/\/www.eldiario.net\/portal\/2025\/10\/03\/flamenco-pa-todos-es-lo-nuevo-de-manfariel-gitano\/","title":{"rendered":"\u201cFlamenco Pa Todos\u201d es lo nuevo de Manfariel Gitano"},"content":{"rendered":"<p>\u201cFlamenco Pa Todos\u201d es el reciente material discogr\u00e1fico de la agrupaci\u00f3n Manfariel Gitano, liderada por Cristian Del R\u00edo.<\/p>\n<p>\u201cCon motivo de celebrar 17 a\u00f1os de trayectoria art\u00edstica de la agrupaci\u00f3n, decidimos sacar nuestro sexto disco con un contenido muy llamativo, pero a la vez controversial, para los que forman parte del mundo del flamenco puro, ya que en esta ocasi\u00f3n no estamos interpretando flamenco tradicional, como hicimos en otros discos. No se va a encontrar alg\u00fan cante por Sole\u00e1, Seguiriyas o alegr\u00edas. La intenci\u00f3n de este nuevo lanzamiento es captar la atenci\u00f3n de todo el mundo, de ah\u00ed el nombre del disco. Para lograr este cometido, recogimos minuciosamente temas del mundo que son \u00e9xitos en varios g\u00e9neros y hechos populares por varios artistas y una vez realizada la selecci\u00f3n, se hizo el arreglo de estos temas que van desde lo m\u00e1s cl\u00e1sico a lo moderno, pero transformados al flamenco\u201d, explic\u00f3 Cristian Del R\u00edo.<\/p>\n<p>El disco presenta temas como <em>El triste<\/em> de Jos\u00e9 Jos\u00e9, llevado a un cante y toque por buler\u00edas tradicional, o el tema <em>Entre la tierra y el cielo<\/em> de Los Nocheros, interpretado en tangos flamencos, y as\u00ed una selecci\u00f3n de canciones de grandes artistas, como Juan Gabriel, Luis Miguel, Marc Anthony, Michael Jackson, Maluma. Dentro de los artistas nacionales est\u00e1 Yuri Ortu\u00f1o y otros con sus canciones m\u00e1s representativas transformadas al flamenco por rumbas, tangos y buler\u00edas principalmente.<\/p>\n<p>\u201cEl objetivo principal de este material es poder llegar a todos. Muchas veces la gente que no conoce el flamenco por diversos factores, cuando escucha y ve de qu\u00e9 se trata, a veces no lo entiende porque el flamenco es muy salvaje y honesto. Muestra de manera directa el sentir del cuerpo y alma en una expresi\u00f3n. Este g\u00e9nero al tener esas caracter\u00edsticas o te gusta o no te gusta la primera vez que lo escuchas. Es por esta raz\u00f3n que decid\u00ed mostrar la esencia de este g\u00e9nero, pero filtrada con canciones y melod\u00edas que todo el mundo va a aceptar y reconocer y es ah\u00ed donde van a comprender de una manera m\u00e1s sencilla las palmas, el cante y el toque que lleva el flamenco y que \u00e9ste pueda ser digerido por todos. Con este material queremos que la afici\u00f3n flamenca crezca a\u00fan m\u00e1s de lo que ya va creciendo todos estos a\u00f1os y por lo cual me siento muy agradecido\u201d, resalt\u00f3.<\/p>\n<p>Del R\u00edo coment\u00f3 tambi\u00e9n que en este disco decidi\u00f3 incluir la balada <em>Hoy tengo ganas de ti<\/em> a modo de recordar y reivindicar esta canci\u00f3n que marc\u00f3 un hito importante en su carrera en la \u00e9poca en la que particip\u00f3 en el programa <em>Cantando por un sue\u00f1o<\/em>, donde la interpret\u00f3 a d\u00fao con su entonces so\u00f1adora Adriana Ya\u00f1\u00edquez. \u201cJuntos hicimos que esa canci\u00f3n nos catapultara y nos d\u00e9 mayor difusi\u00f3n a todo nivel. Hasta hoy la gente recuerda esa participaci\u00f3n y es por eso que inclu\u00ed esa canci\u00f3n con arreglos con nuestro estilo obviamente e invit\u00e9 a Adriana Ya\u00f1\u00edquez para ponerle la voz. As\u00ed que los seguidores que tenemos desde esa \u00e9poca van a poder apreciar nuevamente con un arreglo fresco esa bonita interpretaci\u00f3n\u201d, precis\u00f3 el l\u00edder de Manfariel Gitano.<\/p>\n<p>Pero en este material no solamente hay reediciones. \u201cTambi\u00e9n estamos aportando con composiciones propias, que salen a la luz para destacarse y seguir enriqueciendo el mundo del arte. Temas como Recuerdos, Llamo a tu puerta y Alendoy son canciones que estoy seguro van a trascender en el tiempo\u201d, dijo.<\/p>\n<p>Con este nuevo disco, Manfariel Gitano est\u00e1 viajando dentro y fuera de Bolivia, difundiendo los temas que incluye el \u00e1lbum en grandes conciertos y presentaciones regulares.<\/p>\n<p>\u201cQuiero invitar a la gente a que pueda seguirnos y escucharnos en todas las plataformas digitales del mundo, ya que el apoyo del p\u00fablico es fundamental para el crecimiento de un artista. Mencionar tambi\u00e9n que tenemos discos f\u00edsicos con distribuci\u00f3n mundial para aquellos que quieran tener algo material y tangible, porque sabemos que ahora los CDs son m\u00e1s como un objeto de colecci\u00f3n que producci\u00f3n, pero hay una gran porci\u00f3n de personas que a\u00fan siguen manteniendo ese gusto por tener un disco f\u00edsico. Pueden encontrarnos en todas las redes sociales y plataformas como Cristian Del R\u00edo o Manfariel Gitano con el disco <em>Flamenco Pa Todos<\/em>\u201d, concluy\u00f3.<\/p>\n<p><strong>LAS CANCIONES<\/strong><\/p>\n<p>El \u00e1lbum contiene las siguientes canciones: <em>Ven dev\u00f3rame otra vez <\/em>(rumba), Palmer Hern\u00e1ndez; <em>Recuerdos <\/em>(rumba), Cristian del R\u00edo; <em>El triste<\/em> (buler\u00edas), Roberto Cantoral; <em>Entre la tierra y el cielo<\/em> (tangos), Paz Mart\u00ednez; <em>Alendoy <\/em>(rumba), Cristian del R\u00edo; <em>Hoy tengo ganas de ti<\/em> (balada), Miguel Gallardo; <em>Llamo a tu puerta<\/em> (rumba), Cristian del R\u00edo; <em>Secreto amor<\/em> (buler\u00edas), Yuri Ortu\u00f1o; <em>Haw\u00e1i<\/em> (rumba), Derechos reservados; <em>De m\u00ed enam\u00f3rate <\/em>(rumba, Juan Gabriel; <em>Billie Jean (<\/em>fusi\u00f3n pop y rumba), Michael Jackson; Mix Luis Miguel y Marc Anthony (rumba), Derechos reservados.<\/p>\n<p><strong>LOS M\u00daSICOS<\/strong><\/p>\n<p>La agrupaci\u00f3n Manfariel Gitano est\u00e1 conformada por Cristian Del R\u00edo (director, voz, coros, primera guitarra, bajo, nudillos, palmas y jaleos), Carlos R\u00edos (segunda guitarra), Luis Garz\u00f3n \u201cEl Moro\u201d (caj\u00f3n flamenco, percusi\u00f3n menor y arm\u00f3nica), Amelie Viscarra (viol\u00edn), Andrea Barrientos (1era. Y 2da. Flauta traversa), Kantuta Cavour (palmas) y Carla Ojopi (palmas).<\/p>\n<p>Artistas invitados: Ana Zumel (coros), Abel Zenteno (teclados), Jos\u00e9 Abreu (congas, bong\u00f3es y percusi\u00f3n menor), Omar Guti\u00e9rrez (1era y 2da trompeta), Luis Alarc\u00f3n (saxof\u00f3n tenor y bar\u00edtono), Romel Quelali (tromb\u00f3n), Adriana Ya\u00f1\u00edquez (voz) y Joaqu\u00edn del R\u00edo (jaleos).<\/p>\n<p><strong>MANFARIEL GITANO<\/strong><\/p>\n<p>Manfariel Gitano naci\u00f3 en el a\u00f1o 2008 con la intenci\u00f3n de aportar con un g\u00e9nero diferente y nuevo a la movida cultural de La Paz. Su debut fue con muy buena aceptaci\u00f3n y de ah\u00ed en adelante su trabajo fue constante, ganando terreno y adquiriendo el respeto y la admiraci\u00f3n del p\u00fablico. Manfariel Gitano fue el primer grupo flamenco en asistir a un festival internacional del g\u00e9nero en representaci\u00f3n de Bolivia. Adem\u00e1s de traer al pa\u00eds a grandes artistas del mundo del flamenco, como la maestra Farruca Montoya, tambi\u00e9n cre\u00f3 el concurso festival La Paz del Flamenco y gan\u00f3 varios galardones. Visit\u00f3 toda Bolivia, con excepci\u00f3n de Beni, y luego se consolid\u00f3 como un grupo internacional, present\u00e1ndose en Per\u00fa, Chile, Argentina y Brasil.<\/p>\n<p>En estos 17 a\u00f1os de carrera, la agrupaci\u00f3n sac\u00f3 seis discos: Manfariel Gitano, Balgis\u00ed, Edici\u00f3n especial, Sentir Flamenco, Eternidad y Flamenco pa todos, su m\u00e1s reciente entrega. \u201cLlevamos una vida haciendo y aportando al flamenco, difundiendo este arte, formando artistas y cultivando este g\u00e9nero con la intenci\u00f3n de que la afici\u00f3n flamenca pueda crecer m\u00e1s y m\u00e1s\u201d, expres\u00f3 Cristian del R\u00edo.<\/p>\n\r\n                <style type=\"text\/css\">\r\n                    \r\n                    #tdi_1  .td-doubleSlider-2 .td-item1 {\r\n                        background: url(https:\/\/www.eldiario.net\/portal\/wp-content\/uploads\/2025\/10\/6-80x60.webp) 0 0 no-repeat;\r\n                    }\r\n                    #tdi_1  .td-doubleSlider-2 .td-item2 {\r\n                        background: url(https:\/\/www.eldiario.net\/portal\/wp-content\/uploads\/2025\/10\/1-PRINCIPAL-80x60.webp) 0 0 no-repeat;\r\n                    }\r\n                    #tdi_1  .td-doubleSlider-2 .td-item3 {\r\n                        background: url(https:\/\/www.eldiario.net\/portal\/wp-content\/uploads\/2025\/10\/2-80x60.webp) 0 0 no-repeat;\r\n                    }\r\n                    #tdi_1  .td-doubleSlider-2 .td-item4 {\r\n                        background: url(https:\/\/www.eldiario.net\/portal\/wp-content\/uploads\/2025\/10\/3-80x60.webp) 0 0 no-repeat;\r\n                    }\r\n                    #tdi_1  .td-doubleSlider-2 .td-item5 {\r\n                        background: url(https:\/\/www.eldiario.net\/portal\/wp-content\/uploads\/2025\/10\/4-Cristian-Del-Rio-80x60.webp) 0 0 no-repeat;\r\n                    }\r\n                    #tdi_1  .td-doubleSlider-2 .td-item6 {\r\n                        background: url(https:\/\/www.eldiario.net\/portal\/wp-content\/uploads\/2025\/10\/5-80x60.webp) 0 0 no-repeat;\r\n                    }\r\n                    #tdi_1  .td-doubleSlider-2 .td-item7 {\r\n                        background: url(https:\/\/www.eldiario.net\/portal\/wp-content\/uploads\/2025\/10\/7-80x60.webp) 0 0 no-repeat;\r\n                    }\r\n                <\/style>\r\n\r\n                <div id=\"tdi_1\" class=\"td-gallery td-slide-on-2-columns\">\r\n                    <div class=\"post_td_gallery\">\r\n                        <div class=\"td-gallery-slide-top\">\r\n                           <div class=\"td-gallery-title\"><\/div>\r\n\r\n                            <div class=\"td-gallery-controls-wrapper\">\r\n                                <div class=\"td-gallery-slide-count\"><span class=\"td-gallery-slide-item-focus\">1<\/span> de 7<\/div>\r\n                                <div class=\"td-gallery-slide-prev-next-but\">\r\n                                    <i class = \"td-icon-left doubleSliderPrevButton\"><\/i>\r\n                                    <i class = \"td-icon-right doubleSliderNextButton\"><\/i>\r\n                                <\/div>\r\n                            <\/div>\r\n                        <\/div>\r\n\r\n                        <div class = \"td-doubleSlider-1 \">\r\n                            <div class = \"td-slider\">\r\n                                \r\n                    <div class = \"td-slide-item td-item1\">\r\n                        <figure class=\"td-slide-galery-figure td-slide-popup-gallery\">\r\n                            <a class=\"slide-gallery-image-link\" href=\"https:\/\/www.eldiario.net\/portal\/wp-content\/uploads\/2025\/10\/6.webp\" title=\"6\"  data-caption=\"\"  data-description=\"\">\r\n                                <img decoding=\"async\" src=\"https:\/\/www.eldiario.net\/portal\/wp-content\/uploads\/2025\/10\/6-560x420.webp\" srcset=\"https:\/\/www.eldiario.net\/portal\/wp-content\/uploads\/2025\/10\/6-560x420.webp 560w, https:\/\/www.eldiario.net\/portal\/wp-content\/uploads\/2025\/10\/6-300x225.webp 300w, https:\/\/www.eldiario.net\/portal\/wp-content\/uploads\/2025\/10\/6-1024x768.webp 1024w, https:\/\/www.eldiario.net\/portal\/wp-content\/uploads\/2025\/10\/6-768x576.webp 768w, https:\/\/www.eldiario.net\/portal\/wp-content\/uploads\/2025\/10\/6-80x60.webp 80w, https:\/\/www.eldiario.net\/portal\/wp-content\/uploads\/2025\/10\/6-150x113.webp 150w, https:\/\/www.eldiario.net\/portal\/wp-content\/uploads\/2025\/10\/6-696x522.webp 696w, https:\/\/www.eldiario.net\/portal\/wp-content\/uploads\/2025\/10\/6-1068x801.webp 1068w, https:\/\/www.eldiario.net\/portal\/wp-content\/uploads\/2025\/10\/6.webp 1200w\" sizes=\"(max-width: 560px) 100vw, 560px\" alt=\"\">\r\n                            <\/a>\r\n                            \r\n                        <\/figure>\r\n                    <\/div>\r\n                    <div class = \"td-slide-item td-item2\">\r\n                        <figure class=\"td-slide-galery-figure td-slide-popup-gallery\">\r\n                            <a class=\"slide-gallery-image-link\" href=\"https:\/\/www.eldiario.net\/portal\/wp-content\/uploads\/2025\/10\/1-PRINCIPAL.webp\" title=\"1-PRINCIPAL\"  data-caption=\"\"  data-description=\"\">\r\n                                <img decoding=\"async\" src=\"https:\/\/www.eldiario.net\/portal\/wp-content\/uploads\/2025\/10\/1-PRINCIPAL-560x420.webp\" srcset=\"https:\/\/www.eldiario.net\/portal\/wp-content\/uploads\/2025\/10\/1-PRINCIPAL-560x420.webp 560w, https:\/\/www.eldiario.net\/portal\/wp-content\/uploads\/2025\/10\/1-PRINCIPAL-300x225.webp 300w, https:\/\/www.eldiario.net\/portal\/wp-content\/uploads\/2025\/10\/1-PRINCIPAL-1024x768.webp 1024w, https:\/\/www.eldiario.net\/portal\/wp-content\/uploads\/2025\/10\/1-PRINCIPAL-768x576.webp 768w, https:\/\/www.eldiario.net\/portal\/wp-content\/uploads\/2025\/10\/1-PRINCIPAL-80x60.webp 80w, https:\/\/www.eldiario.net\/portal\/wp-content\/uploads\/2025\/10\/1-PRINCIPAL-150x113.webp 150w, https:\/\/www.eldiario.net\/portal\/wp-content\/uploads\/2025\/10\/1-PRINCIPAL-696x522.webp 696w, https:\/\/www.eldiario.net\/portal\/wp-content\/uploads\/2025\/10\/1-PRINCIPAL-1068x801.webp 1068w, https:\/\/www.eldiario.net\/portal\/wp-content\/uploads\/2025\/10\/1-PRINCIPAL.webp 1200w\" sizes=\"(max-width: 560px) 100vw, 560px\" alt=\"\">\r\n                            <\/a>\r\n                            \r\n                        <\/figure>\r\n                    <\/div>\r\n                    <div class = \"td-slide-item td-item3\">\r\n                        <figure class=\"td-slide-galery-figure td-slide-popup-gallery\">\r\n                            <a class=\"slide-gallery-image-link\" href=\"https:\/\/www.eldiario.net\/portal\/wp-content\/uploads\/2025\/10\/2.webp\" title=\"2\"  data-caption=\"\"  data-description=\"\">\r\n                                <img decoding=\"async\" src=\"https:\/\/www.eldiario.net\/portal\/wp-content\/uploads\/2025\/10\/2-560x420.webp\" srcset=\"https:\/\/www.eldiario.net\/portal\/wp-content\/uploads\/2025\/10\/2-560x420.webp 560w, https:\/\/www.eldiario.net\/portal\/wp-content\/uploads\/2025\/10\/2-300x225.webp 300w, https:\/\/www.eldiario.net\/portal\/wp-content\/uploads\/2025\/10\/2-1024x768.webp 1024w, https:\/\/www.eldiario.net\/portal\/wp-content\/uploads\/2025\/10\/2-768x576.webp 768w, https:\/\/www.eldiario.net\/portal\/wp-content\/uploads\/2025\/10\/2-80x60.webp 80w, https:\/\/www.eldiario.net\/portal\/wp-content\/uploads\/2025\/10\/2-150x113.webp 150w, https:\/\/www.eldiario.net\/portal\/wp-content\/uploads\/2025\/10\/2-696x522.webp 696w, https:\/\/www.eldiario.net\/portal\/wp-content\/uploads\/2025\/10\/2-1068x801.webp 1068w, https:\/\/www.eldiario.net\/portal\/wp-content\/uploads\/2025\/10\/2.webp 1200w\" sizes=\"(max-width: 560px) 100vw, 560px\" alt=\"\">\r\n                            <\/a>\r\n                            \r\n                        <\/figure>\r\n                    <\/div>\r\n                    <div class = \"td-slide-item td-item4\">\r\n                        <figure class=\"td-slide-galery-figure td-slide-popup-gallery\">\r\n                            <a class=\"slide-gallery-image-link\" href=\"https:\/\/www.eldiario.net\/portal\/wp-content\/uploads\/2025\/10\/3.webp\" title=\"3\"  data-caption=\"\"  data-description=\"\">\r\n                                <img decoding=\"async\" src=\"https:\/\/www.eldiario.net\/portal\/wp-content\/uploads\/2025\/10\/3-420x420.webp\" srcset=\"https:\/\/www.eldiario.net\/portal\/wp-content\/uploads\/2025\/10\/3-420x420.webp 420w, https:\/\/www.eldiario.net\/portal\/wp-content\/uploads\/2025\/10\/3-300x300.webp 300w, https:\/\/www.eldiario.net\/portal\/wp-content\/uploads\/2025\/10\/3-1024x1024.webp 1024w, https:\/\/www.eldiario.net\/portal\/wp-content\/uploads\/2025\/10\/3-150x150.webp 150w, https:\/\/www.eldiario.net\/portal\/wp-content\/uploads\/2025\/10\/3-768x768.webp 768w, https:\/\/www.eldiario.net\/portal\/wp-content\/uploads\/2025\/10\/3-696x696.webp 696w, https:\/\/www.eldiario.net\/portal\/wp-content\/uploads\/2025\/10\/3-1068x1068.webp 1068w, https:\/\/www.eldiario.net\/portal\/wp-content\/uploads\/2025\/10\/3.webp 1200w\" sizes=\"(max-width: 420px) 100vw, 420px\" alt=\"\">\r\n                            <\/a>\r\n                            \r\n                        <\/figure>\r\n                    <\/div>\r\n                    <div class = \"td-slide-item td-item5\">\r\n                        <figure class=\"td-slide-galery-figure td-slide-popup-gallery\">\r\n                            <a class=\"slide-gallery-image-link\" href=\"https:\/\/www.eldiario.net\/portal\/wp-content\/uploads\/2025\/10\/4-Cristian-Del-Rio.webp\" title=\"4-Cristian-Del-R\u00edo\"  data-caption=\"\"  data-description=\"\">\r\n                                <img decoding=\"async\" src=\"https:\/\/www.eldiario.net\/portal\/wp-content\/uploads\/2025\/10\/4-Cristian-Del-Rio-337x420.webp\" srcset=\"https:\/\/www.eldiario.net\/portal\/wp-content\/uploads\/2025\/10\/4-Cristian-Del-Rio-337x420.webp 337w, https:\/\/www.eldiario.net\/portal\/wp-content\/uploads\/2025\/10\/4-Cristian-Del-Rio-241x300.webp 241w, https:\/\/www.eldiario.net\/portal\/wp-content\/uploads\/2025\/10\/4-Cristian-Del-Rio-822x1024.webp 822w, https:\/\/www.eldiario.net\/portal\/wp-content\/uploads\/2025\/10\/4-Cristian-Del-Rio-768x956.webp 768w, https:\/\/www.eldiario.net\/portal\/wp-content\/uploads\/2025\/10\/4-Cristian-Del-Rio-150x187.webp 150w, https:\/\/www.eldiario.net\/portal\/wp-content\/uploads\/2025\/10\/4-Cristian-Del-Rio-300x374.webp 300w, https:\/\/www.eldiario.net\/portal\/wp-content\/uploads\/2025\/10\/4-Cristian-Del-Rio-696x867.webp 696w, https:\/\/www.eldiario.net\/portal\/wp-content\/uploads\/2025\/10\/4-Cristian-Del-Rio-1068x1330.webp 1068w, https:\/\/www.eldiario.net\/portal\/wp-content\/uploads\/2025\/10\/4-Cristian-Del-Rio.webp 1200w\" sizes=\"(max-width: 337px) 100vw, 337px\" alt=\"\">\r\n                            <\/a>\r\n                            \r\n                        <\/figure>\r\n                    <\/div>\r\n                    <div class = \"td-slide-item td-item6\">\r\n                        <figure class=\"td-slide-galery-figure td-slide-popup-gallery\">\r\n                            <a class=\"slide-gallery-image-link\" href=\"https:\/\/www.eldiario.net\/portal\/wp-content\/uploads\/2025\/10\/5.webp\" title=\"5\"  data-caption=\"\"  data-description=\"\">\r\n                                <img decoding=\"async\" src=\"https:\/\/www.eldiario.net\/portal\/wp-content\/uploads\/2025\/10\/5-560x420.webp\" srcset=\"https:\/\/www.eldiario.net\/portal\/wp-content\/uploads\/2025\/10\/5-560x420.webp 560w, https:\/\/www.eldiario.net\/portal\/wp-content\/uploads\/2025\/10\/5-300x225.webp 300w, https:\/\/www.eldiario.net\/portal\/wp-content\/uploads\/2025\/10\/5-1024x768.webp 1024w, https:\/\/www.eldiario.net\/portal\/wp-content\/uploads\/2025\/10\/5-768x576.webp 768w, https:\/\/www.eldiario.net\/portal\/wp-content\/uploads\/2025\/10\/5-80x60.webp 80w, https:\/\/www.eldiario.net\/portal\/wp-content\/uploads\/2025\/10\/5-150x113.webp 150w, https:\/\/www.eldiario.net\/portal\/wp-content\/uploads\/2025\/10\/5-696x522.webp 696w, https:\/\/www.eldiario.net\/portal\/wp-content\/uploads\/2025\/10\/5-1068x801.webp 1068w, https:\/\/www.eldiario.net\/portal\/wp-content\/uploads\/2025\/10\/5.webp 1200w\" sizes=\"(max-width: 560px) 100vw, 560px\" alt=\"\">\r\n                            <\/a>\r\n                            \r\n                        <\/figure>\r\n                    <\/div>\r\n                    <div class = \"td-slide-item td-item7\">\r\n                        <figure class=\"td-slide-galery-figure td-slide-popup-gallery\">\r\n                            <a class=\"slide-gallery-image-link\" href=\"https:\/\/www.eldiario.net\/portal\/wp-content\/uploads\/2025\/10\/7.webp\" title=\"7\"  data-caption=\"\"  data-description=\"\">\r\n                                <img decoding=\"async\" src=\"https:\/\/www.eldiario.net\/portal\/wp-content\/uploads\/2025\/10\/7-704x420.webp\" srcset=\"https:\/\/www.eldiario.net\/portal\/wp-content\/uploads\/2025\/10\/7-704x420.webp 704w, https:\/\/www.eldiario.net\/portal\/wp-content\/uploads\/2025\/10\/7-300x179.webp 300w, https:\/\/www.eldiario.net\/portal\/wp-content\/uploads\/2025\/10\/7-768x458.webp 768w, https:\/\/www.eldiario.net\/portal\/wp-content\/uploads\/2025\/10\/7-150x90.webp 150w, https:\/\/www.eldiario.net\/portal\/wp-content\/uploads\/2025\/10\/7-696x415.webp 696w, https:\/\/www.eldiario.net\/portal\/wp-content\/uploads\/2025\/10\/7.webp 962w\" sizes=\"(max-width: 704px) 100vw, 704px\" alt=\"\">\r\n                            <\/a>\r\n                            \r\n                        <\/figure>\r\n                    <\/div>\r\n                            <\/div>\r\n                        <\/div>\r\n\r\n                        <div class = \"td-doubleSlider-2\">\r\n                            <div class = \"td-slider\">\r\n                                \r\n                    <div class = \"td-button td-item1\">\r\n                        <div class = \"td-border\"><\/div>\r\n                    <\/div>\r\n                    <div class = \"td-button td-item2\">\r\n                        <div class = \"td-border\"><\/div>\r\n                    <\/div>\r\n                    <div class = \"td-button td-item3\">\r\n                        <div class = \"td-border\"><\/div>\r\n                    <\/div>\r\n                    <div class = \"td-button td-item4\">\r\n                        <div class = \"td-border\"><\/div>\r\n                    <\/div>\r\n                    <div class = \"td-button td-item5\">\r\n                        <div class = \"td-border\"><\/div>\r\n                    <\/div>\r\n                    <div class = \"td-button td-item6\">\r\n                        <div class = \"td-border\"><\/div>\r\n                    <\/div>\r\n                    <div class = \"td-button td-item7\">\r\n                        <div class = \"td-border\"><\/div>\r\n                    <\/div>\r\n                            <\/div>\r\n                        <\/div>\r\n\r\n                    <\/div>\r\n\r\n                <\/div>\r\n                \n","protected":false},"excerpt":{"rendered":"<p>\u201cFlamenco Pa Todos\u201d es el reciente material discogr\u00e1fico de la agrupaci\u00f3n Manfariel Gitano, liderada por Cristian Del R\u00edo. \u201cCon motivo de celebrar 17 a\u00f1os de trayectoria art\u00edstica de la agrupaci\u00f3n, decidimos sacar nuestro sexto disco con un contenido muy llamativo, pero a la vez controversial, para los que forman parte del mundo del flamenco puro, [&hellip;]<\/p>\n","protected":false},"author":1,"featured_media":335511,"comment_status":"closed","ping_status":"open","sticky":false,"template":"","format":"standard","meta":{"_acf_changed":false,"footnotes":""},"categories":[41],"tags":[],"class_list":["post-335509","post","type-post","status-publish","format-standard","has-post-thumbnail","category-la-guia"],"acf":{"antetitulo":""},"yoast_head":"<!-- This site is optimized with the Yoast SEO plugin v28.4 - https:\/\/yoast.com\/product\/yoast-seo-wordpress\/ -->\n<title>\u201cFlamenco Pa Todos\u201d es lo nuevo de Manfariel Gitano - El Diario - Bolivia<\/title>\n<meta name=\"robots\" content=\"index, follow, max-snippet:-1, max-image-preview:large, max-video-preview:-1\" \/>\n<link rel=\"canonical\" href=\"https:\/\/www.eldiario.net\/portal\/2025\/10\/03\/flamenco-pa-todos-es-lo-nuevo-de-manfariel-gitano\/\" \/>\n<meta property=\"og:locale\" content=\"es_ES\" \/>\n<meta property=\"og:type\" content=\"article\" \/>\n<meta property=\"og:title\" content=\"\u201cFlamenco Pa Todos\u201d es lo nuevo de Manfariel Gitano - El Diario - Bolivia\" \/>\n<meta property=\"og:description\" content=\"\u201cFlamenco Pa Todos\u201d es el reciente material discogr\u00e1fico de la agrupaci\u00f3n Manfariel Gitano, liderada por Cristian Del R\u00edo. \u201cCon motivo de celebrar 17 a\u00f1os de trayectoria art\u00edstica de la agrupaci\u00f3n, decidimos sacar nuestro sexto disco con un contenido muy llamativo, pero a la vez controversial, para los que forman parte del mundo del flamenco puro, [&hellip;]\" \/>\n<meta property=\"og:url\" content=\"https:\/\/www.eldiario.net\/portal\/2025\/10\/03\/flamenco-pa-todos-es-lo-nuevo-de-manfariel-gitano\/\" \/>\n<meta property=\"og:site_name\" content=\"El Diario - Bolivia\" \/>\n<meta property=\"article:publisher\" content=\"https:\/\/www.facebook.com\/eldiario.bolivia\/\" \/>\n<meta property=\"article:published_time\" content=\"2025-10-03T04:06:39+00:00\" \/>\n<meta property=\"og:image\" content=\"https:\/\/www.eldiario.net\/portal\/wp-content\/uploads\/2025\/10\/1-PRINCIPAL.webp\" \/>\n\t<meta property=\"og:image:width\" content=\"1200\" \/>\n\t<meta property=\"og:image:height\" content=\"900\" \/>\n\t<meta property=\"og:image:type\" content=\"image\/webp\" \/>\n<meta name=\"author\" content=\"Jeanette\" \/>\n<meta name=\"twitter:card\" content=\"summary_large_image\" \/>\n<meta name=\"twitter:creator\" content=\"@eldiario_net\" \/>\n<meta name=\"twitter:site\" content=\"@eldiario_net\" \/>\n<meta name=\"twitter:label1\" content=\"Escrito por\" \/>\n\t<meta name=\"twitter:data1\" content=\"Jeanette\" \/>\n\t<meta name=\"twitter:label2\" content=\"Tiempo de lectura\" \/>\n\t<meta name=\"twitter:data2\" content=\"6 minutos\" \/>\n<script type=\"application\/ld+json\" class=\"yoast-schema-graph\">{\"@context\":\"https:\\\/\\\/schema.org\",\"@graph\":[{\"@type\":\"Article\",\"@id\":\"https:\\\/\\\/www.eldiario.net\\\/portal\\\/2025\\\/10\\\/03\\\/flamenco-pa-todos-es-lo-nuevo-de-manfariel-gitano\\\/#article\",\"isPartOf\":{\"@id\":\"https:\\\/\\\/www.eldiario.net\\\/portal\\\/2025\\\/10\\\/03\\\/flamenco-pa-todos-es-lo-nuevo-de-manfariel-gitano\\\/\"},\"author\":{\"name\":\"Jeanette\",\"@id\":\"https:\\\/\\\/www.eldiario.net\\\/portal\\\/#\\\/schema\\\/person\\\/2c57cf2b7a7ae032e449e4c9b1019eac\"},\"headline\":\"\u201cFlamenco Pa Todos\u201d es lo nuevo de Manfariel Gitano\",\"datePublished\":\"2025-10-03T04:06:39+00:00\",\"mainEntityOfPage\":{\"@id\":\"https:\\\/\\\/www.eldiario.net\\\/portal\\\/2025\\\/10\\\/03\\\/flamenco-pa-todos-es-lo-nuevo-de-manfariel-gitano\\\/\"},\"wordCount\":1196,\"publisher\":{\"@id\":\"https:\\\/\\\/www.eldiario.net\\\/portal\\\/#organization\"},\"image\":{\"@id\":\"https:\\\/\\\/www.eldiario.net\\\/portal\\\/2025\\\/10\\\/03\\\/flamenco-pa-todos-es-lo-nuevo-de-manfariel-gitano\\\/#primaryimage\"},\"thumbnailUrl\":\"https:\\\/\\\/www.eldiario.net\\\/portal\\\/wp-content\\\/uploads\\\/2025\\\/10\\\/1-PRINCIPAL.webp\",\"articleSection\":[\"La Gu\u00eda\"],\"inLanguage\":\"es\"},{\"@type\":\"WebPage\",\"@id\":\"https:\\\/\\\/www.eldiario.net\\\/portal\\\/2025\\\/10\\\/03\\\/flamenco-pa-todos-es-lo-nuevo-de-manfariel-gitano\\\/\",\"url\":\"https:\\\/\\\/www.eldiario.net\\\/portal\\\/2025\\\/10\\\/03\\\/flamenco-pa-todos-es-lo-nuevo-de-manfariel-gitano\\\/\",\"name\":\"\u201cFlamenco Pa Todos\u201d es lo nuevo de Manfariel Gitano - El Diario - Bolivia\",\"isPartOf\":{\"@id\":\"https:\\\/\\\/www.eldiario.net\\\/portal\\\/#website\"},\"primaryImageOfPage\":{\"@id\":\"https:\\\/\\\/www.eldiario.net\\\/portal\\\/2025\\\/10\\\/03\\\/flamenco-pa-todos-es-lo-nuevo-de-manfariel-gitano\\\/#primaryimage\"},\"image\":{\"@id\":\"https:\\\/\\\/www.eldiario.net\\\/portal\\\/2025\\\/10\\\/03\\\/flamenco-pa-todos-es-lo-nuevo-de-manfariel-gitano\\\/#primaryimage\"},\"thumbnailUrl\":\"https:\\\/\\\/www.eldiario.net\\\/portal\\\/wp-content\\\/uploads\\\/2025\\\/10\\\/1-PRINCIPAL.webp\",\"datePublished\":\"2025-10-03T04:06:39+00:00\",\"breadcrumb\":{\"@id\":\"https:\\\/\\\/www.eldiario.net\\\/portal\\\/2025\\\/10\\\/03\\\/flamenco-pa-todos-es-lo-nuevo-de-manfariel-gitano\\\/#breadcrumb\"},\"inLanguage\":\"es\",\"potentialAction\":[{\"@type\":\"ReadAction\",\"target\":[\"https:\\\/\\\/www.eldiario.net\\\/portal\\\/2025\\\/10\\\/03\\\/flamenco-pa-todos-es-lo-nuevo-de-manfariel-gitano\\\/\"]}]},{\"@type\":\"ImageObject\",\"inLanguage\":\"es\",\"@id\":\"https:\\\/\\\/www.eldiario.net\\\/portal\\\/2025\\\/10\\\/03\\\/flamenco-pa-todos-es-lo-nuevo-de-manfariel-gitano\\\/#primaryimage\",\"url\":\"https:\\\/\\\/www.eldiario.net\\\/portal\\\/wp-content\\\/uploads\\\/2025\\\/10\\\/1-PRINCIPAL.webp\",\"contentUrl\":\"https:\\\/\\\/www.eldiario.net\\\/portal\\\/wp-content\\\/uploads\\\/2025\\\/10\\\/1-PRINCIPAL.webp\",\"width\":1200,\"height\":900},{\"@type\":\"BreadcrumbList\",\"@id\":\"https:\\\/\\\/www.eldiario.net\\\/portal\\\/2025\\\/10\\\/03\\\/flamenco-pa-todos-es-lo-nuevo-de-manfariel-gitano\\\/#breadcrumb\",\"itemListElement\":[{\"@type\":\"ListItem\",\"position\":1,\"name\":\"Portada\",\"item\":\"https:\\\/\\\/www.eldiario.net\\\/portal\\\/\"},{\"@type\":\"ListItem\",\"position\":2,\"name\":\"\u201cFlamenco Pa Todos\u201d es lo nuevo de Manfariel Gitano\"}]},{\"@type\":\"WebSite\",\"@id\":\"https:\\\/\\\/www.eldiario.net\\\/portal\\\/#website\",\"url\":\"https:\\\/\\\/www.eldiario.net\\\/portal\\\/\",\"name\":\"El Diario - Decano de la prensa nacional\",\"description\":\"El Diario - Decano de la prensa nacional\",\"publisher\":{\"@id\":\"https:\\\/\\\/www.eldiario.net\\\/portal\\\/#organization\"},\"potentialAction\":[{\"@type\":\"SearchAction\",\"target\":{\"@type\":\"EntryPoint\",\"urlTemplate\":\"https:\\\/\\\/www.eldiario.net\\\/portal\\\/?s={search_term_string}\"},\"query-input\":{\"@type\":\"PropertyValueSpecification\",\"valueRequired\":true,\"valueName\":\"search_term_string\"}}],\"inLanguage\":\"es\"},{\"@type\":\"Organization\",\"@id\":\"https:\\\/\\\/www.eldiario.net\\\/portal\\\/#organization\",\"name\":\"El Diario - Decano de la prensa nacional\",\"url\":\"https:\\\/\\\/www.eldiario.net\\\/portal\\\/\",\"logo\":{\"@type\":\"ImageObject\",\"inLanguage\":\"es\",\"@id\":\"https:\\\/\\\/www.eldiario.net\\\/portal\\\/#\\\/schema\\\/logo\\\/image\\\/\",\"url\":\"https:\\\/\\\/www.eldiario.net\\\/portal\\\/wp-content\\\/uploads\\\/2023\\\/07\\\/logo_ED.jpg\",\"contentUrl\":\"https:\\\/\\\/www.eldiario.net\\\/portal\\\/wp-content\\\/uploads\\\/2023\\\/07\\\/logo_ED.jpg\",\"width\":272,\"height\":52,\"caption\":\"El Diario - Decano de la prensa nacional\"},\"image\":{\"@id\":\"https:\\\/\\\/www.eldiario.net\\\/portal\\\/#\\\/schema\\\/logo\\\/image\\\/\"},\"sameAs\":[\"https:\\\/\\\/www.facebook.com\\\/eldiario.bolivia\\\/\",\"https:\\\/\\\/x.com\\\/eldiario_net\"]},{\"@type\":\"Person\",\"@id\":\"https:\\\/\\\/www.eldiario.net\\\/portal\\\/#\\\/schema\\\/person\\\/2c57cf2b7a7ae032e449e4c9b1019eac\",\"name\":\"Jeanette\",\"image\":{\"@type\":\"ImageObject\",\"inLanguage\":\"es\",\"@id\":\"https:\\\/\\\/secure.gravatar.com\\\/avatar\\\/3ea2118a5f7dad2b7138b1187a6b7ee55f160b9968b66013c3a3ef39dd7e5798?s=96&d=mm&r=g\",\"url\":\"https:\\\/\\\/secure.gravatar.com\\\/avatar\\\/3ea2118a5f7dad2b7138b1187a6b7ee55f160b9968b66013c3a3ef39dd7e5798?s=96&d=mm&r=g\",\"contentUrl\":\"https:\\\/\\\/secure.gravatar.com\\\/avatar\\\/3ea2118a5f7dad2b7138b1187a6b7ee55f160b9968b66013c3a3ef39dd7e5798?s=96&d=mm&r=g\",\"caption\":\"Jeanette\"},\"sameAs\":[\"https:\\\/\\\/www.eldiario.net\\\/portal\"],\"url\":\"https:\\\/\\\/www.eldiario.net\\\/portal\\\/author\\\/jeanette\\\/\"}]}<\/script>\n<!-- \/ Yoast SEO plugin. -->","yoast_head_json":{"title":"\u201cFlamenco Pa Todos\u201d es lo nuevo de Manfariel Gitano - El Diario - Bolivia","robots":{"index":"index","follow":"follow","max-snippet":"max-snippet:-1","max-image-preview":"max-image-preview:large","max-video-preview":"max-video-preview:-1"},"canonical":"https:\/\/www.eldiario.net\/portal\/2025\/10\/03\/flamenco-pa-todos-es-lo-nuevo-de-manfariel-gitano\/","og_locale":"es_ES","og_type":"article","og_title":"\u201cFlamenco Pa Todos\u201d es lo nuevo de Manfariel Gitano - El Diario - Bolivia","og_description":"\u201cFlamenco Pa Todos\u201d es el reciente material discogr\u00e1fico de la agrupaci\u00f3n Manfariel Gitano, liderada por Cristian Del R\u00edo. \u201cCon motivo de celebrar 17 a\u00f1os de trayectoria art\u00edstica de la agrupaci\u00f3n, decidimos sacar nuestro sexto disco con un contenido muy llamativo, pero a la vez controversial, para los que forman parte del mundo del flamenco puro, [&hellip;]","og_url":"https:\/\/www.eldiario.net\/portal\/2025\/10\/03\/flamenco-pa-todos-es-lo-nuevo-de-manfariel-gitano\/","og_site_name":"El Diario - Bolivia","article_publisher":"https:\/\/www.facebook.com\/eldiario.bolivia\/","article_published_time":"2025-10-03T04:06:39+00:00","og_image":[{"width":1200,"height":900,"url":"https:\/\/www.eldiario.net\/portal\/wp-content\/uploads\/2025\/10\/1-PRINCIPAL.webp","type":"image\/webp"}],"author":"Jeanette","twitter_card":"summary_large_image","twitter_creator":"@eldiario_net","twitter_site":"@eldiario_net","twitter_misc":{"Escrito por":"Jeanette","Tiempo de lectura":"6 minutos"},"schema":{"@context":"https:\/\/schema.org","@graph":[{"@type":"Article","@id":"https:\/\/www.eldiario.net\/portal\/2025\/10\/03\/flamenco-pa-todos-es-lo-nuevo-de-manfariel-gitano\/#article","isPartOf":{"@id":"https:\/\/www.eldiario.net\/portal\/2025\/10\/03\/flamenco-pa-todos-es-lo-nuevo-de-manfariel-gitano\/"},"author":{"name":"Jeanette","@id":"https:\/\/www.eldiario.net\/portal\/#\/schema\/person\/2c57cf2b7a7ae032e449e4c9b1019eac"},"headline":"\u201cFlamenco Pa Todos\u201d es lo nuevo de Manfariel Gitano","datePublished":"2025-10-03T04:06:39+00:00","mainEntityOfPage":{"@id":"https:\/\/www.eldiario.net\/portal\/2025\/10\/03\/flamenco-pa-todos-es-lo-nuevo-de-manfariel-gitano\/"},"wordCount":1196,"publisher":{"@id":"https:\/\/www.eldiario.net\/portal\/#organization"},"image":{"@id":"https:\/\/www.eldiario.net\/portal\/2025\/10\/03\/flamenco-pa-todos-es-lo-nuevo-de-manfariel-gitano\/#primaryimage"},"thumbnailUrl":"https:\/\/www.eldiario.net\/portal\/wp-content\/uploads\/2025\/10\/1-PRINCIPAL.webp","articleSection":["La Gu\u00eda"],"inLanguage":"es"},{"@type":"WebPage","@id":"https:\/\/www.eldiario.net\/portal\/2025\/10\/03\/flamenco-pa-todos-es-lo-nuevo-de-manfariel-gitano\/","url":"https:\/\/www.eldiario.net\/portal\/2025\/10\/03\/flamenco-pa-todos-es-lo-nuevo-de-manfariel-gitano\/","name":"\u201cFlamenco Pa Todos\u201d es lo nuevo de Manfariel Gitano - El Diario - Bolivia","isPartOf":{"@id":"https:\/\/www.eldiario.net\/portal\/#website"},"primaryImageOfPage":{"@id":"https:\/\/www.eldiario.net\/portal\/2025\/10\/03\/flamenco-pa-todos-es-lo-nuevo-de-manfariel-gitano\/#primaryimage"},"image":{"@id":"https:\/\/www.eldiario.net\/portal\/2025\/10\/03\/flamenco-pa-todos-es-lo-nuevo-de-manfariel-gitano\/#primaryimage"},"thumbnailUrl":"https:\/\/www.eldiario.net\/portal\/wp-content\/uploads\/2025\/10\/1-PRINCIPAL.webp","datePublished":"2025-10-03T04:06:39+00:00","breadcrumb":{"@id":"https:\/\/www.eldiario.net\/portal\/2025\/10\/03\/flamenco-pa-todos-es-lo-nuevo-de-manfariel-gitano\/#breadcrumb"},"inLanguage":"es","potentialAction":[{"@type":"ReadAction","target":["https:\/\/www.eldiario.net\/portal\/2025\/10\/03\/flamenco-pa-todos-es-lo-nuevo-de-manfariel-gitano\/"]}]},{"@type":"ImageObject","inLanguage":"es","@id":"https:\/\/www.eldiario.net\/portal\/2025\/10\/03\/flamenco-pa-todos-es-lo-nuevo-de-manfariel-gitano\/#primaryimage","url":"https:\/\/www.eldiario.net\/portal\/wp-content\/uploads\/2025\/10\/1-PRINCIPAL.webp","contentUrl":"https:\/\/www.eldiario.net\/portal\/wp-content\/uploads\/2025\/10\/1-PRINCIPAL.webp","width":1200,"height":900},{"@type":"BreadcrumbList","@id":"https:\/\/www.eldiario.net\/portal\/2025\/10\/03\/flamenco-pa-todos-es-lo-nuevo-de-manfariel-gitano\/#breadcrumb","itemListElement":[{"@type":"ListItem","position":1,"name":"Portada","item":"https:\/\/www.eldiario.net\/portal\/"},{"@type":"ListItem","position":2,"name":"\u201cFlamenco Pa Todos\u201d es lo nuevo de Manfariel Gitano"}]},{"@type":"WebSite","@id":"https:\/\/www.eldiario.net\/portal\/#website","url":"https:\/\/www.eldiario.net\/portal\/","name":"El Diario - Decano de la prensa nacional","description":"El Diario - Decano de la prensa nacional","publisher":{"@id":"https:\/\/www.eldiario.net\/portal\/#organization"},"potentialAction":[{"@type":"SearchAction","target":{"@type":"EntryPoint","urlTemplate":"https:\/\/www.eldiario.net\/portal\/?s={search_term_string}"},"query-input":{"@type":"PropertyValueSpecification","valueRequired":true,"valueName":"search_term_string"}}],"inLanguage":"es"},{"@type":"Organization","@id":"https:\/\/www.eldiario.net\/portal\/#organization","name":"El Diario - Decano de la prensa nacional","url":"https:\/\/www.eldiario.net\/portal\/","logo":{"@type":"ImageObject","inLanguage":"es","@id":"https:\/\/www.eldiario.net\/portal\/#\/schema\/logo\/image\/","url":"https:\/\/www.eldiario.net\/portal\/wp-content\/uploads\/2023\/07\/logo_ED.jpg","contentUrl":"https:\/\/www.eldiario.net\/portal\/wp-content\/uploads\/2023\/07\/logo_ED.jpg","width":272,"height":52,"caption":"El Diario - Decano de la prensa nacional"},"image":{"@id":"https:\/\/www.eldiario.net\/portal\/#\/schema\/logo\/image\/"},"sameAs":["https:\/\/www.facebook.com\/eldiario.bolivia\/","https:\/\/x.com\/eldiario_net"]},{"@type":"Person","@id":"https:\/\/www.eldiario.net\/portal\/#\/schema\/person\/2c57cf2b7a7ae032e449e4c9b1019eac","name":"Jeanette","image":{"@type":"ImageObject","inLanguage":"es","@id":"https:\/\/secure.gravatar.com\/avatar\/3ea2118a5f7dad2b7138b1187a6b7ee55f160b9968b66013c3a3ef39dd7e5798?s=96&d=mm&r=g","url":"https:\/\/secure.gravatar.com\/avatar\/3ea2118a5f7dad2b7138b1187a6b7ee55f160b9968b66013c3a3ef39dd7e5798?s=96&d=mm&r=g","contentUrl":"https:\/\/secure.gravatar.com\/avatar\/3ea2118a5f7dad2b7138b1187a6b7ee55f160b9968b66013c3a3ef39dd7e5798?s=96&d=mm&r=g","caption":"Jeanette"},"sameAs":["https:\/\/www.eldiario.net\/portal"],"url":"https:\/\/www.eldiario.net\/portal\/author\/jeanette\/"}]}},"_links":{"self":[{"href":"https:\/\/www.eldiario.net\/portal\/wp-json\/wp\/v2\/posts\/335509","targetHints":{"allow":["GET"]}}],"collection":[{"href":"https:\/\/www.eldiario.net\/portal\/wp-json\/wp\/v2\/posts"}],"about":[{"href":"https:\/\/www.eldiario.net\/portal\/wp-json\/wp\/v2\/types\/post"}],"author":[{"embeddable":true,"href":"https:\/\/www.eldiario.net\/portal\/wp-json\/wp\/v2\/users\/1"}],"replies":[{"embeddable":true,"href":"https:\/\/www.eldiario.net\/portal\/wp-json\/wp\/v2\/comments?post=335509"}],"version-history":[{"count":1,"href":"https:\/\/www.eldiario.net\/portal\/wp-json\/wp\/v2\/posts\/335509\/revisions"}],"predecessor-version":[{"id":335517,"href":"https:\/\/www.eldiario.net\/portal\/wp-json\/wp\/v2\/posts\/335509\/revisions\/335517"}],"wp:featuredmedia":[{"embeddable":true,"href":"https:\/\/www.eldiario.net\/portal\/wp-json\/wp\/v2\/media\/335511"}],"wp:attachment":[{"href":"https:\/\/www.eldiario.net\/portal\/wp-json\/wp\/v2\/media?parent=335509"}],"wp:term":[{"taxonomy":"category","embeddable":true,"href":"https:\/\/www.eldiario.net\/portal\/wp-json\/wp\/v2\/categories?post=335509"},{"taxonomy":"post_tag","embeddable":true,"href":"https:\/\/www.eldiario.net\/portal\/wp-json\/wp\/v2\/tags?post=335509"}],"curies":[{"name":"wp","href":"https:\/\/api.w.org\/{rel}","templated":true}]}}