{"id":335488,"date":"2025-10-02T19:02:51","date_gmt":"2025-10-02T23:02:51","guid":{"rendered":"https:\/\/www.eldiario.net\/portal\/?p=335488"},"modified":"2025-10-02T19:02:51","modified_gmt":"2025-10-02T23:02:51","slug":"colombia-expulsa-delegacion-diplomatica-israeli-1902","status":"publish","type":"post","link":"https:\/\/www.eldiario.net\/portal\/2025\/10\/02\/colombia-expulsa-delegacion-diplomatica-israeli-1902\/","title":{"rendered":"Colombia expulsa delegaci\u00f3n diplom\u00e1tica israel\u00ed (19:02)"},"content":{"rendered":"<p>El presidente Gustavo Petro orden\u00f3 la salida de todos los diplom\u00e1ticos israel\u00edes tras el abordaje por parte de Israel de una flotilla humanitaria con participaci\u00f3n de ciudadanos colombianos.<\/p>\n<p>Adem\u00e1s, anunci\u00f3 que denunciar\u00e1 el tratado de libre comercio entre ambos pa\u00edses, exigiendo la liberaci\u00f3n inmediata de los colombianos retenidos.<\/p>\n<p>La medida se suma al distanciamiento diplom\u00e1tico iniciado en 2024, cuando ya se hab\u00edan roto formalmente relaciones entre Bogot\u00e1 y Tel Aviv.<\/p>\n<p>Expertos advierten que la expulsi\u00f3n podr\u00eda complicar la cooperaci\u00f3n estrat\u00e9gica y afectar los mecanismos de seguridad e inteligencia de Colombia con Israel. (Agencias)<\/p>\n","protected":false},"excerpt":{"rendered":"<p>El presidente Gustavo Petro orden\u00f3 la salida de todos los diplom\u00e1ticos israel\u00edes tras el abordaje por parte de Israel de una flotilla humanitaria con participaci\u00f3n de ciudadanos colombianos. Adem\u00e1s, anunci\u00f3 que denunciar\u00e1 el tratado de libre comercio entre ambos pa\u00edses, exigiendo la liberaci\u00f3n inmediata de los colombianos retenidos. La medida se suma al distanciamiento diplom\u00e1tico [&hellip;]<\/p>\n","protected":false},"author":7,"featured_media":335489,"comment_status":"closed","ping_status":"open","sticky":false,"template":"","format":"standard","meta":{"_acf_changed":false,"footnotes":""},"categories":[51],"tags":[],"class_list":["post-335488","post","type-post","status-publish","format-standard","has-post-thumbnail","category-ultima-hora"],"acf":{"antetitulo":""},"yoast_head":"<!-- This site is optimized with the Yoast SEO plugin v28.4 - https:\/\/yoast.com\/product\/yoast-seo-wordpress\/ -->\n<title>Colombia expulsa delegaci\u00f3n diplom\u00e1tica israel\u00ed (19:02) - El Diario - Bolivia<\/title>\n<meta name=\"robots\" content=\"index, follow, max-snippet:-1, max-image-preview:large, max-video-preview:-1\" \/>\n<link rel=\"canonical\" href=\"https:\/\/www.eldiario.net\/portal\/2025\/10\/02\/colombia-expulsa-delegacion-diplomatica-israeli-1902\/\" \/>\n<meta property=\"og:locale\" content=\"es_ES\" \/>\n<meta property=\"og:type\" content=\"article\" \/>\n<meta property=\"og:title\" content=\"Colombia expulsa delegaci\u00f3n diplom\u00e1tica israel\u00ed (19:02) - El Diario - Bolivia\" \/>\n<meta property=\"og:description\" content=\"El presidente Gustavo Petro orden\u00f3 la salida de todos los diplom\u00e1ticos israel\u00edes tras el abordaje por parte de Israel de una flotilla humanitaria con participaci\u00f3n de ciudadanos colombianos. Adem\u00e1s, anunci\u00f3 que denunciar\u00e1 el tratado de libre comercio entre ambos pa\u00edses, exigiendo la liberaci\u00f3n inmediata de los colombianos retenidos. La medida se suma al distanciamiento diplom\u00e1tico [&hellip;]\" \/>\n<meta property=\"og:url\" content=\"https:\/\/www.eldiario.net\/portal\/2025\/10\/02\/colombia-expulsa-delegacion-diplomatica-israeli-1902\/\" \/>\n<meta property=\"og:site_name\" content=\"El Diario - Bolivia\" \/>\n<meta property=\"article:publisher\" content=\"https:\/\/www.facebook.com\/eldiario.bolivia\/\" \/>\n<meta property=\"article:published_time\" content=\"2025-10-02T23:02:51+00:00\" \/>\n<meta property=\"og:image\" content=\"https:\/\/www.eldiario.net\/portal\/wp-content\/uploads\/2025\/10\/petro-2-e1759446146324.png\" \/>\n\t<meta property=\"og:image:width\" content=\"300\" \/>\n\t<meta property=\"og:image:height\" content=\"207\" \/>\n\t<meta property=\"og:image:type\" content=\"image\/png\" \/>\n<meta name=\"author\" content=\"Viviana Monrroy\" \/>\n<meta name=\"twitter:card\" content=\"summary_large_image\" \/>\n<meta name=\"twitter:creator\" content=\"@eldiario_net\" \/>\n<meta name=\"twitter:site\" content=\"@eldiario_net\" \/>\n<meta name=\"twitter:label1\" content=\"Escrito por\" \/>\n\t<meta name=\"twitter:data1\" content=\"Viviana Monrroy\" \/>\n\t<meta name=\"twitter:label2\" content=\"Tiempo de lectura\" \/>\n\t<meta name=\"twitter:data2\" content=\"1 minuto\" \/>\n<script type=\"application\/ld+json\" class=\"yoast-schema-graph\">{\"@context\":\"https:\\\/\\\/schema.org\",\"@graph\":[{\"@type\":\"Article\",\"@id\":\"https:\\\/\\\/www.eldiario.net\\\/portal\\\/2025\\\/10\\\/02\\\/colombia-expulsa-delegacion-diplomatica-israeli-1902\\\/#article\",\"isPartOf\":{\"@id\":\"https:\\\/\\\/www.eldiario.net\\\/portal\\\/2025\\\/10\\\/02\\\/colombia-expulsa-delegacion-diplomatica-israeli-1902\\\/\"},\"author\":{\"name\":\"Viviana Monrroy\",\"@id\":\"https:\\\/\\\/www.eldiario.net\\\/portal\\\/#\\\/schema\\\/person\\\/32cc89e801dfcbad3a54f91da7f2ea06\"},\"headline\":\"Colombia expulsa delegaci\u00f3n diplom\u00e1tica israel\u00ed (19:02)\",\"datePublished\":\"2025-10-02T23:02:51+00:00\",\"mainEntityOfPage\":{\"@id\":\"https:\\\/\\\/www.eldiario.net\\\/portal\\\/2025\\\/10\\\/02\\\/colombia-expulsa-delegacion-diplomatica-israeli-1902\\\/\"},\"wordCount\":111,\"publisher\":{\"@id\":\"https:\\\/\\\/www.eldiario.net\\\/portal\\\/#organization\"},\"image\":{\"@id\":\"https:\\\/\\\/www.eldiario.net\\\/portal\\\/2025\\\/10\\\/02\\\/colombia-expulsa-delegacion-diplomatica-israeli-1902\\\/#primaryimage\"},\"thumbnailUrl\":\"https:\\\/\\\/www.eldiario.net\\\/portal\\\/wp-content\\\/uploads\\\/2025\\\/10\\\/petro-2-e1759446146324.png\",\"articleSection\":[\"\u00daltima Hora\"],\"inLanguage\":\"es\"},{\"@type\":\"WebPage\",\"@id\":\"https:\\\/\\\/www.eldiario.net\\\/portal\\\/2025\\\/10\\\/02\\\/colombia-expulsa-delegacion-diplomatica-israeli-1902\\\/\",\"url\":\"https:\\\/\\\/www.eldiario.net\\\/portal\\\/2025\\\/10\\\/02\\\/colombia-expulsa-delegacion-diplomatica-israeli-1902\\\/\",\"name\":\"Colombia expulsa delegaci\u00f3n diplom\u00e1tica israel\u00ed (19:02) - El Diario - Bolivia\",\"isPartOf\":{\"@id\":\"https:\\\/\\\/www.eldiario.net\\\/portal\\\/#website\"},\"primaryImageOfPage\":{\"@id\":\"https:\\\/\\\/www.eldiario.net\\\/portal\\\/2025\\\/10\\\/02\\\/colombia-expulsa-delegacion-diplomatica-israeli-1902\\\/#primaryimage\"},\"image\":{\"@id\":\"https:\\\/\\\/www.eldiario.net\\\/portal\\\/2025\\\/10\\\/02\\\/colombia-expulsa-delegacion-diplomatica-israeli-1902\\\/#primaryimage\"},\"thumbnailUrl\":\"https:\\\/\\\/www.eldiario.net\\\/portal\\\/wp-content\\\/uploads\\\/2025\\\/10\\\/petro-2-e1759446146324.png\",\"datePublished\":\"2025-10-02T23:02:51+00:00\",\"breadcrumb\":{\"@id\":\"https:\\\/\\\/www.eldiario.net\\\/portal\\\/2025\\\/10\\\/02\\\/colombia-expulsa-delegacion-diplomatica-israeli-1902\\\/#breadcrumb\"},\"inLanguage\":\"es\",\"potentialAction\":[{\"@type\":\"ReadAction\",\"target\":[\"https:\\\/\\\/www.eldiario.net\\\/portal\\\/2025\\\/10\\\/02\\\/colombia-expulsa-delegacion-diplomatica-israeli-1902\\\/\"]}]},{\"@type\":\"ImageObject\",\"inLanguage\":\"es\",\"@id\":\"https:\\\/\\\/www.eldiario.net\\\/portal\\\/2025\\\/10\\\/02\\\/colombia-expulsa-delegacion-diplomatica-israeli-1902\\\/#primaryimage\",\"url\":\"https:\\\/\\\/www.eldiario.net\\\/portal\\\/wp-content\\\/uploads\\\/2025\\\/10\\\/petro-2-e1759446146324.png\",\"contentUrl\":\"https:\\\/\\\/www.eldiario.net\\\/portal\\\/wp-content\\\/uploads\\\/2025\\\/10\\\/petro-2-e1759446146324.png\",\"width\":300,\"height\":207,\"caption\":\"Foto: RR.SS.\"},{\"@type\":\"BreadcrumbList\",\"@id\":\"https:\\\/\\\/www.eldiario.net\\\/portal\\\/2025\\\/10\\\/02\\\/colombia-expulsa-delegacion-diplomatica-israeli-1902\\\/#breadcrumb\",\"itemListElement\":[{\"@type\":\"ListItem\",\"position\":1,\"name\":\"Portada\",\"item\":\"https:\\\/\\\/www.eldiario.net\\\/portal\\\/\"},{\"@type\":\"ListItem\",\"position\":2,\"name\":\"Colombia expulsa delegaci\u00f3n diplom\u00e1tica israel\u00ed (19:02)\"}]},{\"@type\":\"WebSite\",\"@id\":\"https:\\\/\\\/www.eldiario.net\\\/portal\\\/#website\",\"url\":\"https:\\\/\\\/www.eldiario.net\\\/portal\\\/\",\"name\":\"El Diario - Decano de la prensa nacional\",\"description\":\"El Diario - Decano de la prensa nacional\",\"publisher\":{\"@id\":\"https:\\\/\\\/www.eldiario.net\\\/portal\\\/#organization\"},\"potentialAction\":[{\"@type\":\"SearchAction\",\"target\":{\"@type\":\"EntryPoint\",\"urlTemplate\":\"https:\\\/\\\/www.eldiario.net\\\/portal\\\/?s={search_term_string}\"},\"query-input\":{\"@type\":\"PropertyValueSpecification\",\"valueRequired\":true,\"valueName\":\"search_term_string\"}}],\"inLanguage\":\"es\"},{\"@type\":\"Organization\",\"@id\":\"https:\\\/\\\/www.eldiario.net\\\/portal\\\/#organization\",\"name\":\"El Diario - Decano de la prensa nacional\",\"url\":\"https:\\\/\\\/www.eldiario.net\\\/portal\\\/\",\"logo\":{\"@type\":\"ImageObject\",\"inLanguage\":\"es\",\"@id\":\"https:\\\/\\\/www.eldiario.net\\\/portal\\\/#\\\/schema\\\/logo\\\/image\\\/\",\"url\":\"https:\\\/\\\/www.eldiario.net\\\/portal\\\/wp-content\\\/uploads\\\/2023\\\/07\\\/logo_ED.jpg\",\"contentUrl\":\"https:\\\/\\\/www.eldiario.net\\\/portal\\\/wp-content\\\/uploads\\\/2023\\\/07\\\/logo_ED.jpg\",\"width\":272,\"height\":52,\"caption\":\"El Diario - Decano de la prensa nacional\"},\"image\":{\"@id\":\"https:\\\/\\\/www.eldiario.net\\\/portal\\\/#\\\/schema\\\/logo\\\/image\\\/\"},\"sameAs\":[\"https:\\\/\\\/www.facebook.com\\\/eldiario.bolivia\\\/\",\"https:\\\/\\\/x.com\\\/eldiario_net\"]},{\"@type\":\"Person\",\"@id\":\"https:\\\/\\\/www.eldiario.net\\\/portal\\\/#\\\/schema\\\/person\\\/32cc89e801dfcbad3a54f91da7f2ea06\",\"name\":\"Viviana Monrroy\",\"image\":{\"@type\":\"ImageObject\",\"inLanguage\":\"es\",\"@id\":\"https:\\\/\\\/secure.gravatar.com\\\/avatar\\\/dfd1611ed5600959a0e5a9754503b6c05d1dcf190010998e0363aee2ad98afca?s=96&d=mm&r=g\",\"url\":\"https:\\\/\\\/secure.gravatar.com\\\/avatar\\\/dfd1611ed5600959a0e5a9754503b6c05d1dcf190010998e0363aee2ad98afca?s=96&d=mm&r=g\",\"contentUrl\":\"https:\\\/\\\/secure.gravatar.com\\\/avatar\\\/dfd1611ed5600959a0e5a9754503b6c05d1dcf190010998e0363aee2ad98afca?s=96&d=mm&r=g\",\"caption\":\"Viviana Monrroy\"},\"sameAs\":[\"http:\\\/\\\/www.eldiario.net\"],\"url\":\"https:\\\/\\\/www.eldiario.net\\\/portal\\\/author\\\/vivianamonrroy\\\/\"}]}<\/script>\n<!-- \/ Yoast SEO plugin. -->","yoast_head_json":{"title":"Colombia expulsa delegaci\u00f3n diplom\u00e1tica israel\u00ed (19:02) - El Diario - Bolivia","robots":{"index":"index","follow":"follow","max-snippet":"max-snippet:-1","max-image-preview":"max-image-preview:large","max-video-preview":"max-video-preview:-1"},"canonical":"https:\/\/www.eldiario.net\/portal\/2025\/10\/02\/colombia-expulsa-delegacion-diplomatica-israeli-1902\/","og_locale":"es_ES","og_type":"article","og_title":"Colombia expulsa delegaci\u00f3n diplom\u00e1tica israel\u00ed (19:02) - El Diario - Bolivia","og_description":"El presidente Gustavo Petro orden\u00f3 la salida de todos los diplom\u00e1ticos israel\u00edes tras el abordaje por parte de Israel de una flotilla humanitaria con participaci\u00f3n de ciudadanos colombianos. Adem\u00e1s, anunci\u00f3 que denunciar\u00e1 el tratado de libre comercio entre ambos pa\u00edses, exigiendo la liberaci\u00f3n inmediata de los colombianos retenidos. La medida se suma al distanciamiento diplom\u00e1tico [&hellip;]","og_url":"https:\/\/www.eldiario.net\/portal\/2025\/10\/02\/colombia-expulsa-delegacion-diplomatica-israeli-1902\/","og_site_name":"El Diario - Bolivia","article_publisher":"https:\/\/www.facebook.com\/eldiario.bolivia\/","article_published_time":"2025-10-02T23:02:51+00:00","og_image":[{"width":300,"height":207,"url":"https:\/\/www.eldiario.net\/portal\/wp-content\/uploads\/2025\/10\/petro-2-e1759446146324.png","type":"image\/png"}],"author":"Viviana Monrroy","twitter_card":"summary_large_image","twitter_creator":"@eldiario_net","twitter_site":"@eldiario_net","twitter_misc":{"Escrito por":"Viviana Monrroy","Tiempo de lectura":"1 minuto"},"schema":{"@context":"https:\/\/schema.org","@graph":[{"@type":"Article","@id":"https:\/\/www.eldiario.net\/portal\/2025\/10\/02\/colombia-expulsa-delegacion-diplomatica-israeli-1902\/#article","isPartOf":{"@id":"https:\/\/www.eldiario.net\/portal\/2025\/10\/02\/colombia-expulsa-delegacion-diplomatica-israeli-1902\/"},"author":{"name":"Viviana Monrroy","@id":"https:\/\/www.eldiario.net\/portal\/#\/schema\/person\/32cc89e801dfcbad3a54f91da7f2ea06"},"headline":"Colombia expulsa delegaci\u00f3n diplom\u00e1tica israel\u00ed (19:02)","datePublished":"2025-10-02T23:02:51+00:00","mainEntityOfPage":{"@id":"https:\/\/www.eldiario.net\/portal\/2025\/10\/02\/colombia-expulsa-delegacion-diplomatica-israeli-1902\/"},"wordCount":111,"publisher":{"@id":"https:\/\/www.eldiario.net\/portal\/#organization"},"image":{"@id":"https:\/\/www.eldiario.net\/portal\/2025\/10\/02\/colombia-expulsa-delegacion-diplomatica-israeli-1902\/#primaryimage"},"thumbnailUrl":"https:\/\/www.eldiario.net\/portal\/wp-content\/uploads\/2025\/10\/petro-2-e1759446146324.png","articleSection":["\u00daltima Hora"],"inLanguage":"es"},{"@type":"WebPage","@id":"https:\/\/www.eldiario.net\/portal\/2025\/10\/02\/colombia-expulsa-delegacion-diplomatica-israeli-1902\/","url":"https:\/\/www.eldiario.net\/portal\/2025\/10\/02\/colombia-expulsa-delegacion-diplomatica-israeli-1902\/","name":"Colombia expulsa delegaci\u00f3n diplom\u00e1tica israel\u00ed (19:02) - El Diario - Bolivia","isPartOf":{"@id":"https:\/\/www.eldiario.net\/portal\/#website"},"primaryImageOfPage":{"@id":"https:\/\/www.eldiario.net\/portal\/2025\/10\/02\/colombia-expulsa-delegacion-diplomatica-israeli-1902\/#primaryimage"},"image":{"@id":"https:\/\/www.eldiario.net\/portal\/2025\/10\/02\/colombia-expulsa-delegacion-diplomatica-israeli-1902\/#primaryimage"},"thumbnailUrl":"https:\/\/www.eldiario.net\/portal\/wp-content\/uploads\/2025\/10\/petro-2-e1759446146324.png","datePublished":"2025-10-02T23:02:51+00:00","breadcrumb":{"@id":"https:\/\/www.eldiario.net\/portal\/2025\/10\/02\/colombia-expulsa-delegacion-diplomatica-israeli-1902\/#breadcrumb"},"inLanguage":"es","potentialAction":[{"@type":"ReadAction","target":["https:\/\/www.eldiario.net\/portal\/2025\/10\/02\/colombia-expulsa-delegacion-diplomatica-israeli-1902\/"]}]},{"@type":"ImageObject","inLanguage":"es","@id":"https:\/\/www.eldiario.net\/portal\/2025\/10\/02\/colombia-expulsa-delegacion-diplomatica-israeli-1902\/#primaryimage","url":"https:\/\/www.eldiario.net\/portal\/wp-content\/uploads\/2025\/10\/petro-2-e1759446146324.png","contentUrl":"https:\/\/www.eldiario.net\/portal\/wp-content\/uploads\/2025\/10\/petro-2-e1759446146324.png","width":300,"height":207,"caption":"Foto: RR.SS."},{"@type":"BreadcrumbList","@id":"https:\/\/www.eldiario.net\/portal\/2025\/10\/02\/colombia-expulsa-delegacion-diplomatica-israeli-1902\/#breadcrumb","itemListElement":[{"@type":"ListItem","position":1,"name":"Portada","item":"https:\/\/www.eldiario.net\/portal\/"},{"@type":"ListItem","position":2,"name":"Colombia expulsa delegaci\u00f3n diplom\u00e1tica israel\u00ed (19:02)"}]},{"@type":"WebSite","@id":"https:\/\/www.eldiario.net\/portal\/#website","url":"https:\/\/www.eldiario.net\/portal\/","name":"El Diario - Decano de la prensa nacional","description":"El Diario - Decano de la prensa nacional","publisher":{"@id":"https:\/\/www.eldiario.net\/portal\/#organization"},"potentialAction":[{"@type":"SearchAction","target":{"@type":"EntryPoint","urlTemplate":"https:\/\/www.eldiario.net\/portal\/?s={search_term_string}"},"query-input":{"@type":"PropertyValueSpecification","valueRequired":true,"valueName":"search_term_string"}}],"inLanguage":"es"},{"@type":"Organization","@id":"https:\/\/www.eldiario.net\/portal\/#organization","name":"El Diario - Decano de la prensa nacional","url":"https:\/\/www.eldiario.net\/portal\/","logo":{"@type":"ImageObject","inLanguage":"es","@id":"https:\/\/www.eldiario.net\/portal\/#\/schema\/logo\/image\/","url":"https:\/\/www.eldiario.net\/portal\/wp-content\/uploads\/2023\/07\/logo_ED.jpg","contentUrl":"https:\/\/www.eldiario.net\/portal\/wp-content\/uploads\/2023\/07\/logo_ED.jpg","width":272,"height":52,"caption":"El Diario - Decano de la prensa nacional"},"image":{"@id":"https:\/\/www.eldiario.net\/portal\/#\/schema\/logo\/image\/"},"sameAs":["https:\/\/www.facebook.com\/eldiario.bolivia\/","https:\/\/x.com\/eldiario_net"]},{"@type":"Person","@id":"https:\/\/www.eldiario.net\/portal\/#\/schema\/person\/32cc89e801dfcbad3a54f91da7f2ea06","name":"Viviana Monrroy","image":{"@type":"ImageObject","inLanguage":"es","@id":"https:\/\/secure.gravatar.com\/avatar\/dfd1611ed5600959a0e5a9754503b6c05d1dcf190010998e0363aee2ad98afca?s=96&d=mm&r=g","url":"https:\/\/secure.gravatar.com\/avatar\/dfd1611ed5600959a0e5a9754503b6c05d1dcf190010998e0363aee2ad98afca?s=96&d=mm&r=g","contentUrl":"https:\/\/secure.gravatar.com\/avatar\/dfd1611ed5600959a0e5a9754503b6c05d1dcf190010998e0363aee2ad98afca?s=96&d=mm&r=g","caption":"Viviana Monrroy"},"sameAs":["http:\/\/www.eldiario.net"],"url":"https:\/\/www.eldiario.net\/portal\/author\/vivianamonrroy\/"}]}},"_links":{"self":[{"href":"https:\/\/www.eldiario.net\/portal\/wp-json\/wp\/v2\/posts\/335488","targetHints":{"allow":["GET"]}}],"collection":[{"href":"https:\/\/www.eldiario.net\/portal\/wp-json\/wp\/v2\/posts"}],"about":[{"href":"https:\/\/www.eldiario.net\/portal\/wp-json\/wp\/v2\/types\/post"}],"author":[{"embeddable":true,"href":"https:\/\/www.eldiario.net\/portal\/wp-json\/wp\/v2\/users\/7"}],"replies":[{"embeddable":true,"href":"https:\/\/www.eldiario.net\/portal\/wp-json\/wp\/v2\/comments?post=335488"}],"version-history":[{"count":1,"href":"https:\/\/www.eldiario.net\/portal\/wp-json\/wp\/v2\/posts\/335488\/revisions"}],"predecessor-version":[{"id":335490,"href":"https:\/\/www.eldiario.net\/portal\/wp-json\/wp\/v2\/posts\/335488\/revisions\/335490"}],"wp:featuredmedia":[{"embeddable":true,"href":"https:\/\/www.eldiario.net\/portal\/wp-json\/wp\/v2\/media\/335489"}],"wp:attachment":[{"href":"https:\/\/www.eldiario.net\/portal\/wp-json\/wp\/v2\/media?parent=335488"}],"wp:term":[{"taxonomy":"category","embeddable":true,"href":"https:\/\/www.eldiario.net\/portal\/wp-json\/wp\/v2\/categories?post=335488"},{"taxonomy":"post_tag","embeddable":true,"href":"https:\/\/www.eldiario.net\/portal\/wp-json\/wp\/v2\/tags?post=335488"}],"curies":[{"name":"wp","href":"https:\/\/api.w.org\/{rel}","templated":true}]}}