{"id":33540,"date":"2021-10-01T06:19:46","date_gmt":"2021-10-01T10:19:46","guid":{"rendered":"https:\/\/www.eldiario.net\/portal\/?p=33540"},"modified":"2021-10-01T06:19:46","modified_gmt":"2021-10-01T10:19:46","slug":"emotivo-recibimiento-a-marcha-indigena","status":"publish","type":"post","link":"https:\/\/www.eldiario.net\/portal\/2021\/10\/01\/emotivo-recibimiento-a-marcha-indigena\/","title":{"rendered":"Emotivo recibimiento a marcha ind\u00edgena"},"content":{"rendered":"<p>La marcha ind\u00edgena se concentr\u00f3 ayer en el coraz\u00f3n de Santa Cruz, donde esperaba un grupo que arrib\u00f3 hace unos d\u00edas desde San Jos\u00e9 de Chiquitos. Tienen una agenda de 15 puntos para poner en conocimiento de las autoridades nacionales.<br \/>\nDe manera lenta, pero con un masivo apoyo de la poblaci\u00f3n, la XI Marcha Ind\u00edgena ingres\u00f3 a la plaza 24 de Septiembre. El alcalde de la ciudad de Santa Cruz, Jhonny Fern\u00e1ndez, representantes de la Iglesia Cat\u00f3lica y la poblaci\u00f3n en general, con banderas y pancartas, realizaron un emotivo recibimiento a los marchistas para darles su respaldo.<br \/>\nMarcial Fabricano, l\u00edder de la columna, se\u00f1al\u00f3 que volvi\u00f3 a marchar despu\u00e9s de 31 a\u00f1os por la justicia para nuestros pueblos y toda Bolivia. En medio de un numeroso conglomerado humano, los marchistas avanzaron al paso de las personas mayores y los ni\u00f1os.<br \/>\nLa comisi\u00f3n de la marcha ind\u00edgena del Oriente, Amazonia y Chaco boliviano trabaj\u00f3 en los ajustes de la Agenda Nacional que presentar\u00e1n los marchistas al Gobierno consta de 15 puntos y est\u00e1 centrada en el respeto a sus derechos sobre la tierra y territorio.<br \/>\nEl primer punto, que impuls\u00f3 el tenor de la marcha, pide que se respete la tierra y que el Instituto Nacional de Reforma Agraria (INRA) detenga la dotaci\u00f3n a los sectores que llegan de otros departamentos y se asientan en territorios que pertenecen a las naciones originarias.<br \/>\nTambi\u00e9n est\u00e1 el punto relacionado con los esca\u00f1os ind\u00edgenas, donde se propone que los originarios cuenten con su propia bancada sin necesidad de depender de un partido o agrupaci\u00f3n pol\u00edtica. Los otros puntos ser\u00e1n ampliados y explicados en esta jornada por la comisi\u00f3n t\u00e9cnica.<\/p>\n","protected":false},"excerpt":{"rendered":"<p>La marcha ind\u00edgena se concentr\u00f3 ayer en el coraz\u00f3n de Santa Cruz, donde esperaba un grupo que arrib\u00f3 hace unos d\u00edas desde San Jos\u00e9 de Chiquitos. Tienen una agenda de 15 puntos para poner en conocimiento de las autoridades nacionales. De manera lenta, pero con un masivo apoyo de la poblaci\u00f3n, la XI Marcha Ind\u00edgena [&hellip;]<\/p>\n","protected":false},"author":1,"featured_media":0,"comment_status":"closed","ping_status":"closed","sticky":false,"template":"","format":"standard","meta":{"_acf_changed":false,"footnotes":""},"categories":[12],"tags":[],"class_list":["post-33540","post","type-post","status-publish","format-standard","category-nacional"],"acf":{"antetitulo":""},"yoast_head":"<!-- This site is optimized with the Yoast SEO plugin v28.3 - https:\/\/yoast.com\/product\/yoast-seo-wordpress\/ -->\n<title>Emotivo recibimiento a marcha ind\u00edgena - El Diario - Bolivia<\/title>\n<meta name=\"robots\" content=\"index, follow, max-snippet:-1, max-image-preview:large, max-video-preview:-1\" \/>\n<link rel=\"canonical\" href=\"https:\/\/www.eldiario.net\/portal\/2021\/10\/01\/emotivo-recibimiento-a-marcha-indigena\/\" \/>\n<meta property=\"og:locale\" content=\"es_ES\" \/>\n<meta property=\"og:type\" content=\"article\" \/>\n<meta property=\"og:title\" content=\"Emotivo recibimiento a marcha ind\u00edgena - El Diario - Bolivia\" \/>\n<meta property=\"og:description\" content=\"La marcha ind\u00edgena se concentr\u00f3 ayer en el coraz\u00f3n de Santa Cruz, donde esperaba un grupo que arrib\u00f3 hace unos d\u00edas desde San Jos\u00e9 de Chiquitos. Tienen una agenda de 15 puntos para poner en conocimiento de las autoridades nacionales. De manera lenta, pero con un masivo apoyo de la poblaci\u00f3n, la XI Marcha Ind\u00edgena [&hellip;]\" \/>\n<meta property=\"og:url\" content=\"https:\/\/www.eldiario.net\/portal\/2021\/10\/01\/emotivo-recibimiento-a-marcha-indigena\/\" \/>\n<meta property=\"og:site_name\" content=\"El Diario - Bolivia\" \/>\n<meta property=\"article:publisher\" content=\"https:\/\/www.facebook.com\/eldiario.bolivia\/\" \/>\n<meta property=\"article:published_time\" content=\"2021-10-01T10:19:46+00:00\" \/>\n<meta name=\"author\" content=\"Jeanette\" \/>\n<meta name=\"twitter:card\" content=\"summary_large_image\" \/>\n<meta name=\"twitter:creator\" content=\"@eldiario_net\" \/>\n<meta name=\"twitter:site\" content=\"@eldiario_net\" \/>\n<meta name=\"twitter:label1\" content=\"Escrito por\" \/>\n\t<meta name=\"twitter:data1\" content=\"Jeanette\" \/>\n\t<meta name=\"twitter:label2\" content=\"Tiempo de lectura\" \/>\n\t<meta name=\"twitter:data2\" content=\"2 minutos\" \/>\n<script type=\"application\/ld+json\" class=\"yoast-schema-graph\">{\"@context\":\"https:\\\/\\\/schema.org\",\"@graph\":[{\"@type\":\"Article\",\"@id\":\"https:\\\/\\\/www.eldiario.net\\\/portal\\\/2021\\\/10\\\/01\\\/emotivo-recibimiento-a-marcha-indigena\\\/#article\",\"isPartOf\":{\"@id\":\"https:\\\/\\\/www.eldiario.net\\\/portal\\\/2021\\\/10\\\/01\\\/emotivo-recibimiento-a-marcha-indigena\\\/\"},\"author\":{\"name\":\"Jeanette\",\"@id\":\"https:\\\/\\\/www.eldiario.net\\\/portal\\\/#\\\/schema\\\/person\\\/f46445640444750d7d753ccd04ae01b7\"},\"headline\":\"Emotivo recibimiento a marcha ind\u00edgena\",\"datePublished\":\"2021-10-01T10:19:46+00:00\",\"mainEntityOfPage\":{\"@id\":\"https:\\\/\\\/www.eldiario.net\\\/portal\\\/2021\\\/10\\\/01\\\/emotivo-recibimiento-a-marcha-indigena\\\/\"},\"wordCount\":302,\"publisher\":{\"@id\":\"https:\\\/\\\/www.eldiario.net\\\/portal\\\/#organization\"},\"articleSection\":[\"Nacional\"],\"inLanguage\":\"es\"},{\"@type\":\"WebPage\",\"@id\":\"https:\\\/\\\/www.eldiario.net\\\/portal\\\/2021\\\/10\\\/01\\\/emotivo-recibimiento-a-marcha-indigena\\\/\",\"url\":\"https:\\\/\\\/www.eldiario.net\\\/portal\\\/2021\\\/10\\\/01\\\/emotivo-recibimiento-a-marcha-indigena\\\/\",\"name\":\"Emotivo recibimiento a marcha ind\u00edgena - El Diario - Bolivia\",\"isPartOf\":{\"@id\":\"https:\\\/\\\/www.eldiario.net\\\/portal\\\/#website\"},\"datePublished\":\"2021-10-01T10:19:46+00:00\",\"breadcrumb\":{\"@id\":\"https:\\\/\\\/www.eldiario.net\\\/portal\\\/2021\\\/10\\\/01\\\/emotivo-recibimiento-a-marcha-indigena\\\/#breadcrumb\"},\"inLanguage\":\"es\",\"potentialAction\":[{\"@type\":\"ReadAction\",\"target\":[\"https:\\\/\\\/www.eldiario.net\\\/portal\\\/2021\\\/10\\\/01\\\/emotivo-recibimiento-a-marcha-indigena\\\/\"]}]},{\"@type\":\"BreadcrumbList\",\"@id\":\"https:\\\/\\\/www.eldiario.net\\\/portal\\\/2021\\\/10\\\/01\\\/emotivo-recibimiento-a-marcha-indigena\\\/#breadcrumb\",\"itemListElement\":[{\"@type\":\"ListItem\",\"position\":1,\"name\":\"Portada\",\"item\":\"https:\\\/\\\/www.eldiario.net\\\/portal\\\/\"},{\"@type\":\"ListItem\",\"position\":2,\"name\":\"Emotivo recibimiento a marcha ind\u00edgena\"}]},{\"@type\":\"WebSite\",\"@id\":\"https:\\\/\\\/www.eldiario.net\\\/portal\\\/#website\",\"url\":\"https:\\\/\\\/www.eldiario.net\\\/portal\\\/\",\"name\":\"El Diario - Decano de la prensa nacional\",\"description\":\"El Diario - Decano de la prensa nacional\",\"publisher\":{\"@id\":\"https:\\\/\\\/www.eldiario.net\\\/portal\\\/#organization\"},\"potentialAction\":[{\"@type\":\"SearchAction\",\"target\":{\"@type\":\"EntryPoint\",\"urlTemplate\":\"https:\\\/\\\/www.eldiario.net\\\/portal\\\/?s={search_term_string}\"},\"query-input\":{\"@type\":\"PropertyValueSpecification\",\"valueRequired\":true,\"valueName\":\"search_term_string\"}}],\"inLanguage\":\"es\"},{\"@type\":\"Organization\",\"@id\":\"https:\\\/\\\/www.eldiario.net\\\/portal\\\/#organization\",\"name\":\"El Diario - Decano de la prensa nacional\",\"url\":\"https:\\\/\\\/www.eldiario.net\\\/portal\\\/\",\"logo\":{\"@type\":\"ImageObject\",\"inLanguage\":\"es\",\"@id\":\"https:\\\/\\\/www.eldiario.net\\\/portal\\\/#\\\/schema\\\/logo\\\/image\\\/\",\"url\":\"https:\\\/\\\/www.eldiario.net\\\/portal\\\/wp-content\\\/uploads\\\/2023\\\/07\\\/logo_ED.jpg\",\"contentUrl\":\"https:\\\/\\\/www.eldiario.net\\\/portal\\\/wp-content\\\/uploads\\\/2023\\\/07\\\/logo_ED.jpg\",\"width\":272,\"height\":52,\"caption\":\"El Diario - Decano de la prensa nacional\"},\"image\":{\"@id\":\"https:\\\/\\\/www.eldiario.net\\\/portal\\\/#\\\/schema\\\/logo\\\/image\\\/\"},\"sameAs\":[\"https:\\\/\\\/www.facebook.com\\\/eldiario.bolivia\\\/\",\"https:\\\/\\\/x.com\\\/eldiario_net\"]},{\"@type\":\"Person\",\"@id\":\"https:\\\/\\\/www.eldiario.net\\\/portal\\\/#\\\/schema\\\/person\\\/f46445640444750d7d753ccd04ae01b7\",\"name\":\"Jeanette\",\"image\":{\"@type\":\"ImageObject\",\"inLanguage\":\"es\",\"@id\":\"https:\\\/\\\/secure.gravatar.com\\\/avatar\\\/3ea2118a5f7dad2b7138b1187a6b7ee55f160b9968b66013c3a3ef39dd7e5798?s=96&d=mm&r=g\",\"url\":\"https:\\\/\\\/secure.gravatar.com\\\/avatar\\\/3ea2118a5f7dad2b7138b1187a6b7ee55f160b9968b66013c3a3ef39dd7e5798?s=96&d=mm&r=g\",\"contentUrl\":\"https:\\\/\\\/secure.gravatar.com\\\/avatar\\\/3ea2118a5f7dad2b7138b1187a6b7ee55f160b9968b66013c3a3ef39dd7e5798?s=96&d=mm&r=g\",\"caption\":\"Jeanette\"},\"sameAs\":[\"https:\\\/\\\/www.eldiario.net\\\/portal\"],\"url\":\"https:\\\/\\\/www.eldiario.net\\\/portal\\\/author\\\/jeanette\\\/\"}]}<\/script>\n<!-- \/ Yoast SEO plugin. -->","yoast_head_json":{"title":"Emotivo recibimiento a marcha ind\u00edgena - El Diario - Bolivia","robots":{"index":"index","follow":"follow","max-snippet":"max-snippet:-1","max-image-preview":"max-image-preview:large","max-video-preview":"max-video-preview:-1"},"canonical":"https:\/\/www.eldiario.net\/portal\/2021\/10\/01\/emotivo-recibimiento-a-marcha-indigena\/","og_locale":"es_ES","og_type":"article","og_title":"Emotivo recibimiento a marcha ind\u00edgena - El Diario - Bolivia","og_description":"La marcha ind\u00edgena se concentr\u00f3 ayer en el coraz\u00f3n de Santa Cruz, donde esperaba un grupo que arrib\u00f3 hace unos d\u00edas desde San Jos\u00e9 de Chiquitos. Tienen una agenda de 15 puntos para poner en conocimiento de las autoridades nacionales. De manera lenta, pero con un masivo apoyo de la poblaci\u00f3n, la XI Marcha Ind\u00edgena [&hellip;]","og_url":"https:\/\/www.eldiario.net\/portal\/2021\/10\/01\/emotivo-recibimiento-a-marcha-indigena\/","og_site_name":"El Diario - Bolivia","article_publisher":"https:\/\/www.facebook.com\/eldiario.bolivia\/","article_published_time":"2021-10-01T10:19:46+00:00","author":"Jeanette","twitter_card":"summary_large_image","twitter_creator":"@eldiario_net","twitter_site":"@eldiario_net","twitter_misc":{"Escrito por":"Jeanette","Tiempo de lectura":"2 minutos"},"schema":{"@context":"https:\/\/schema.org","@graph":[{"@type":"Article","@id":"https:\/\/www.eldiario.net\/portal\/2021\/10\/01\/emotivo-recibimiento-a-marcha-indigena\/#article","isPartOf":{"@id":"https:\/\/www.eldiario.net\/portal\/2021\/10\/01\/emotivo-recibimiento-a-marcha-indigena\/"},"author":{"name":"Jeanette","@id":"https:\/\/www.eldiario.net\/portal\/#\/schema\/person\/f46445640444750d7d753ccd04ae01b7"},"headline":"Emotivo recibimiento a marcha ind\u00edgena","datePublished":"2021-10-01T10:19:46+00:00","mainEntityOfPage":{"@id":"https:\/\/www.eldiario.net\/portal\/2021\/10\/01\/emotivo-recibimiento-a-marcha-indigena\/"},"wordCount":302,"publisher":{"@id":"https:\/\/www.eldiario.net\/portal\/#organization"},"articleSection":["Nacional"],"inLanguage":"es"},{"@type":"WebPage","@id":"https:\/\/www.eldiario.net\/portal\/2021\/10\/01\/emotivo-recibimiento-a-marcha-indigena\/","url":"https:\/\/www.eldiario.net\/portal\/2021\/10\/01\/emotivo-recibimiento-a-marcha-indigena\/","name":"Emotivo recibimiento a marcha ind\u00edgena - El Diario - Bolivia","isPartOf":{"@id":"https:\/\/www.eldiario.net\/portal\/#website"},"datePublished":"2021-10-01T10:19:46+00:00","breadcrumb":{"@id":"https:\/\/www.eldiario.net\/portal\/2021\/10\/01\/emotivo-recibimiento-a-marcha-indigena\/#breadcrumb"},"inLanguage":"es","potentialAction":[{"@type":"ReadAction","target":["https:\/\/www.eldiario.net\/portal\/2021\/10\/01\/emotivo-recibimiento-a-marcha-indigena\/"]}]},{"@type":"BreadcrumbList","@id":"https:\/\/www.eldiario.net\/portal\/2021\/10\/01\/emotivo-recibimiento-a-marcha-indigena\/#breadcrumb","itemListElement":[{"@type":"ListItem","position":1,"name":"Portada","item":"https:\/\/www.eldiario.net\/portal\/"},{"@type":"ListItem","position":2,"name":"Emotivo recibimiento a marcha ind\u00edgena"}]},{"@type":"WebSite","@id":"https:\/\/www.eldiario.net\/portal\/#website","url":"https:\/\/www.eldiario.net\/portal\/","name":"El Diario - Decano de la prensa nacional","description":"El Diario - Decano de la prensa nacional","publisher":{"@id":"https:\/\/www.eldiario.net\/portal\/#organization"},"potentialAction":[{"@type":"SearchAction","target":{"@type":"EntryPoint","urlTemplate":"https:\/\/www.eldiario.net\/portal\/?s={search_term_string}"},"query-input":{"@type":"PropertyValueSpecification","valueRequired":true,"valueName":"search_term_string"}}],"inLanguage":"es"},{"@type":"Organization","@id":"https:\/\/www.eldiario.net\/portal\/#organization","name":"El Diario - Decano de la prensa nacional","url":"https:\/\/www.eldiario.net\/portal\/","logo":{"@type":"ImageObject","inLanguage":"es","@id":"https:\/\/www.eldiario.net\/portal\/#\/schema\/logo\/image\/","url":"https:\/\/www.eldiario.net\/portal\/wp-content\/uploads\/2023\/07\/logo_ED.jpg","contentUrl":"https:\/\/www.eldiario.net\/portal\/wp-content\/uploads\/2023\/07\/logo_ED.jpg","width":272,"height":52,"caption":"El Diario - Decano de la prensa nacional"},"image":{"@id":"https:\/\/www.eldiario.net\/portal\/#\/schema\/logo\/image\/"},"sameAs":["https:\/\/www.facebook.com\/eldiario.bolivia\/","https:\/\/x.com\/eldiario_net"]},{"@type":"Person","@id":"https:\/\/www.eldiario.net\/portal\/#\/schema\/person\/f46445640444750d7d753ccd04ae01b7","name":"Jeanette","image":{"@type":"ImageObject","inLanguage":"es","@id":"https:\/\/secure.gravatar.com\/avatar\/3ea2118a5f7dad2b7138b1187a6b7ee55f160b9968b66013c3a3ef39dd7e5798?s=96&d=mm&r=g","url":"https:\/\/secure.gravatar.com\/avatar\/3ea2118a5f7dad2b7138b1187a6b7ee55f160b9968b66013c3a3ef39dd7e5798?s=96&d=mm&r=g","contentUrl":"https:\/\/secure.gravatar.com\/avatar\/3ea2118a5f7dad2b7138b1187a6b7ee55f160b9968b66013c3a3ef39dd7e5798?s=96&d=mm&r=g","caption":"Jeanette"},"sameAs":["https:\/\/www.eldiario.net\/portal"],"url":"https:\/\/www.eldiario.net\/portal\/author\/jeanette\/"}]}},"_links":{"self":[{"href":"https:\/\/www.eldiario.net\/portal\/wp-json\/wp\/v2\/posts\/33540","targetHints":{"allow":["GET"]}}],"collection":[{"href":"https:\/\/www.eldiario.net\/portal\/wp-json\/wp\/v2\/posts"}],"about":[{"href":"https:\/\/www.eldiario.net\/portal\/wp-json\/wp\/v2\/types\/post"}],"author":[{"embeddable":true,"href":"https:\/\/www.eldiario.net\/portal\/wp-json\/wp\/v2\/users\/1"}],"replies":[{"embeddable":true,"href":"https:\/\/www.eldiario.net\/portal\/wp-json\/wp\/v2\/comments?post=33540"}],"version-history":[{"count":0,"href":"https:\/\/www.eldiario.net\/portal\/wp-json\/wp\/v2\/posts\/33540\/revisions"}],"wp:attachment":[{"href":"https:\/\/www.eldiario.net\/portal\/wp-json\/wp\/v2\/media?parent=33540"}],"wp:term":[{"taxonomy":"category","embeddable":true,"href":"https:\/\/www.eldiario.net\/portal\/wp-json\/wp\/v2\/categories?post=33540"},{"taxonomy":"post_tag","embeddable":true,"href":"https:\/\/www.eldiario.net\/portal\/wp-json\/wp\/v2\/tags?post=33540"}],"curies":[{"name":"wp","href":"https:\/\/api.w.org\/{rel}","templated":true}]}}