{"id":33535,"date":"2021-10-01T06:18:07","date_gmt":"2021-10-01T10:18:07","guid":{"rendered":"https:\/\/www.eldiario.net\/portal\/?p=33535"},"modified":"2021-10-01T06:18:07","modified_gmt":"2021-10-01T10:18:07","slug":"confirman-presencia-de-infiltrados-en-conflictos","status":"publish","type":"post","link":"https:\/\/www.eldiario.net\/portal\/2021\/10\/01\/confirman-presencia-de-infiltrados-en-conflictos\/","title":{"rendered":"Confirman presencia de  \u201cinfiltrados\u201d en conflictos"},"content":{"rendered":"<p>Productores de coca de la facci\u00f3n de Arnold Alanes, que fue avalado por el Gobierno, llevan un sello que es reconocido por los efectivos policiales para liberarlos en caso de ser aprehendidos o arrestados, inform\u00f3 a EL DIARIO un funcionario del verde olivo que pidi\u00f3 reserva. El Ministro de Gobierno afirm\u00f3 que el conflicto cocalero, que hoy cumple 12 d\u00edas, es privado.<br \/>\n\u201cEl comandante de Chuquiaguillo fue claro (&#8230;). Nos dijo que a los cocaleros que tengan el sello de Alanes no podemos tocarlos, que si los agarramos debemos dejarlos o tendremos consecuencias\u201d, dijo.<br \/>\nLa madrugada de ayer, el periodista Nicol\u00e1s Sanabria Garr\u00f3n, en una transmisi\u00f3n del programa \u201cEn otro formato\u201d, manifest\u00f3 que en la calle 7 de Villa El Carmen atraparon a un sujeto con una mochila llena de explosivos, quien minutos antes hab\u00eda hecho detonar los mismos en el hospital de Adepcoca.<br \/>\n\u201cSoy de La Asunta, me han llamado, el dirigente le ha dicho a mi t\u00edo que tienen que ir. Me est\u00e1n pagando Bs 150 y Bs 200\u201d, respondi\u00f3 el productor al periodista.<br \/>\nDurante el enfrentamiento entre cocaleros y polic\u00edas que hoy cumple 12 d\u00edas, vecinos de la zonas aleda\u00f1as aseguraron que vieron a \u201cinfiltrados\u201d lanzando dinamita a sus domicilios.<br \/>\n\u201cHemos visto, ellos estando a lado de polic\u00edas, lanzan gases a nuestras casas, despu\u00e9s van a decir que son los cocaleros. La Polic\u00eda deber\u00eda estar resguard\u00e1ndonos, pero nos est\u00e1n atacando\u201d, dijo uno de los vecinos.<br \/>\n\u201cLos polic\u00edas tienen instrucciones de reprimir al extremo, por supuesto que hay polic\u00edas infiltrados con la intenci\u00f3n de causar da\u00f1os a los mismos polic\u00edas para echarle la culpa a los cocaleros, lo que pretenden es victimizarse como siempre lo han hecho. Est\u00e1n arrojando explosivos a los polic\u00edas, esto es con la intenci\u00f3n de que hayan bajas, heridos, para que digan que los cocaleros son los causantes\u201d, dijo un efectivo que pidi\u00f3 mantener su nombre en reserva.<br \/>\nEl funcionario policial record\u00f3 que el subcomandante departamental de La Paz H. R. S., quien fue condecorado como h\u00e9roe de la democracia en Tarija, despu\u00e9s de los hechos de 2019, fue edec\u00e1n de Evo Morales y que probablemente se deba a ello que act\u00fae con bastante \u201cirregularidad\u201d en contra de los productores de coca.<br \/>\n\u201cLa Polic\u00eda como si fuera la interesada en defender los predios de Adepcoca, cuando nada tiene que ver, el Comandante Departamental deber\u00eda dejar de prestarse al Gobierno de turno y decir que se tiene que cumplir la ley, y si los cocaleros avasallaron y entraron a la mala, ese es un problema interno, no podemos estar de lado de un solo sector, eso no es normal\u201d, precis\u00f3.<br \/>\nAclar\u00f3 que cuando un mercado es privado, la Polic\u00eda no tiene por qu\u00e9 intervenir, salvo que exista una orden judicial, de lo contrario el problema responde solo a intereses pol\u00edticos.<br \/>\n\u201cHay tanta gente que anda peleando por sus terrenos y para esa gente no hay defensa, pese a que hay orden de recuperar esos bienes, para ello no hay polic\u00edas, pero para este acto repliegan polic\u00edas de El Alto, zona Sur y otros lugares, para atender problemas de privados\u201d, advirti\u00f3.<br \/>\nLament\u00f3 que mientras funcionarios atiendan \u201capetitos\u201d pol\u00edticos, la sociedad en su conjunto est\u00e9 abandonada y en una inseguridad campante.<\/p>\n<p>GOBIERNO<br \/>\nEl ministro de Gobierno, Eduardo Del Castillo, manifest\u00f3 ayer que no respalda a ninguna de las facciones de Adepcoca, ya que se trata de un tema \u201ctotalmente privado que no tiene nada que ver con las autoridades nacionales\u201d. No obstante, el martes 21 de septiembre asegur\u00f3 que el Gobierno reconoce a Arnold Alanes como presidente de esa instituci\u00f3n e indic\u00f3 que se autoriz\u00f3 el traslado del mercado de Kalajahuira a Villa F\u00e1tima.<br \/>\n\u201cEste Gobierno no est\u00e1 apoyando a ninguna persona de Adepcoca, lo que est\u00e1 realizando es el resguardo de las inmediaciones del municipio de La Paz, estamos evitando un enfrentamiento que pudiera derivar en hechos luctuosos. (&#8230;) Este es un tema privado, no tiene nada que ver con el Gobierno Nacional\u201d, dijo ayer en contacto con los medios.<br \/>\n\u201cLo que ha existido el d\u00eda de ayer, de acuerdo a los informes que hemos recibido, es que se ha ratificado estas elecciones donde se declara ganador al se\u00f1or (Arnold) Alanes. Ha habido un congreso multitudinario, han existido miles de personas, hemos visto las im\u00e1genes y como Gobierno nacional no podemos cuestionar lo que se ha definido, por tanto reconocemos al se\u00f1or Alanes\u201d, dijo Del Castillo el martes 21 de septiembre.<br \/>\nPor otro lado, el viceministro de R\u00e9gimen Interior, Nelson Cox, asegur\u00f3 el mi\u00e9rcoles que tienen identificadas a 30 personas que estar\u00edan incitando a la violencia y el uso desproporcionado de explosivos en contra de la Polic\u00eda y la poblaci\u00f3n en los conflictos de Adepcoca.<br \/>\n\u201cHacemos saber a la poblaci\u00f3n que ya se tienen 30 personas plenamente identificadas que est\u00e1n en ese efecto de poder incitar, de poder propiciar, de poder generar que exista una conflictividad diaria (\u2026), se van a activar los mecanismos necesarios para dar tranquilidad a la poblaci\u00f3n, para evitar que se generen mayores situaciones de tensi\u00f3n, afectaci\u00f3n a terceras personas que no tienen nada que ver con el conflicto e identificar que esta movilizaci\u00f3n que es una protesta social ya tiene ribetes absolutamente vand\u00e1licos con explosi\u00f3n de dinamitas que est\u00e1n penadas por la ley\u201d, manifest\u00f3.<\/p>\n<figure id=\"attachment_33538\" aria-describedby=\"caption-attachment-33538\" style=\"width: 300px\" class=\"wp-caption aligncenter\"><a href=\"https:\/\/www.eldiario.net\/portal\/wp-content\/uploads\/2021\/10\/COCA-2.jpg\"><img loading=\"lazy\" decoding=\"async\" class=\"size-medium wp-image-33538\" src=\"https:\/\/www.eldiario.net\/portal\/wp-content\/uploads\/2021\/10\/COCA-2-300x300.jpg\" alt=\"\" width=\"300\" height=\"300\" \/><\/a><figcaption id=\"caption-attachment-33538\" class=\"wp-caption-text\">IM\u00c1GENES DE PERSONAS QUE FUERON ENCONTRADAS CON EXPLOSIVOS.<\/figcaption><\/figure>\n","protected":false},"excerpt":{"rendered":"<p>Productores de coca de la facci\u00f3n de Arnold Alanes, que fue avalado por el Gobierno, llevan un sello que es reconocido por los efectivos policiales para liberarlos en caso de ser aprehendidos o arrestados, inform\u00f3 a EL DIARIO un funcionario del verde olivo que pidi\u00f3 reserva. El Ministro de Gobierno afirm\u00f3 que el conflicto cocalero, [&hellip;]<\/p>\n","protected":false},"author":1,"featured_media":33536,"comment_status":"closed","ping_status":"closed","sticky":false,"template":"","format":"standard","meta":{"_acf_changed":false,"footnotes":""},"categories":[39],"tags":[],"class_list":["post-33535","post","type-post","status-publish","format-standard","has-post-thumbnail","category-sociedad"],"acf":{"antetitulo":""},"yoast_head":"<!-- This site is optimized with the Yoast SEO plugin v28.3 - https:\/\/yoast.com\/product\/yoast-seo-wordpress\/ -->\n<title>Confirman presencia de \u201cinfiltrados\u201d en conflictos - El Diario - Bolivia<\/title>\n<meta name=\"robots\" content=\"index, follow, max-snippet:-1, max-image-preview:large, max-video-preview:-1\" \/>\n<link rel=\"canonical\" href=\"https:\/\/www.eldiario.net\/portal\/2021\/10\/01\/confirman-presencia-de-infiltrados-en-conflictos\/\" \/>\n<meta property=\"og:locale\" content=\"es_ES\" \/>\n<meta property=\"og:type\" content=\"article\" \/>\n<meta property=\"og:title\" content=\"Confirman presencia de \u201cinfiltrados\u201d en conflictos - El Diario - Bolivia\" \/>\n<meta property=\"og:description\" content=\"Productores de coca de la facci\u00f3n de Arnold Alanes, que fue avalado por el Gobierno, llevan un sello que es reconocido por los efectivos policiales para liberarlos en caso de ser aprehendidos o arrestados, inform\u00f3 a EL DIARIO un funcionario del verde olivo que pidi\u00f3 reserva. El Ministro de Gobierno afirm\u00f3 que el conflicto cocalero, [&hellip;]\" \/>\n<meta property=\"og:url\" content=\"https:\/\/www.eldiario.net\/portal\/2021\/10\/01\/confirman-presencia-de-infiltrados-en-conflictos\/\" \/>\n<meta property=\"og:site_name\" content=\"El Diario - Bolivia\" \/>\n<meta property=\"article:publisher\" content=\"https:\/\/www.facebook.com\/eldiario.bolivia\/\" \/>\n<meta property=\"article:published_time\" content=\"2021-10-01T10:18:07+00:00\" \/>\n<meta property=\"og:image\" content=\"https:\/\/www.eldiario.net\/portal\/wp-content\/uploads\/2021\/10\/COCA.jpg\" \/>\n\t<meta property=\"og:image:width\" content=\"1\" \/>\n\t<meta property=\"og:image:height\" content=\"1\" \/>\n\t<meta property=\"og:image:type\" content=\"image\/jpeg\" \/>\n<meta name=\"author\" content=\"Jeanette\" \/>\n<meta name=\"twitter:card\" content=\"summary_large_image\" \/>\n<meta name=\"twitter:creator\" content=\"@eldiario_net\" \/>\n<meta name=\"twitter:site\" content=\"@eldiario_net\" \/>\n<meta name=\"twitter:label1\" content=\"Escrito por\" \/>\n\t<meta name=\"twitter:data1\" content=\"Jeanette\" \/>\n\t<meta name=\"twitter:label2\" content=\"Tiempo de lectura\" \/>\n\t<meta name=\"twitter:data2\" content=\"5 minutos\" \/>\n<script type=\"application\/ld+json\" class=\"yoast-schema-graph\">{\"@context\":\"https:\\\/\\\/schema.org\",\"@graph\":[{\"@type\":\"Article\",\"@id\":\"https:\\\/\\\/www.eldiario.net\\\/portal\\\/2021\\\/10\\\/01\\\/confirman-presencia-de-infiltrados-en-conflictos\\\/#article\",\"isPartOf\":{\"@id\":\"https:\\\/\\\/www.eldiario.net\\\/portal\\\/2021\\\/10\\\/01\\\/confirman-presencia-de-infiltrados-en-conflictos\\\/\"},\"author\":{\"name\":\"Jeanette\",\"@id\":\"https:\\\/\\\/www.eldiario.net\\\/portal\\\/#\\\/schema\\\/person\\\/f46445640444750d7d753ccd04ae01b7\"},\"headline\":\"Confirman presencia de \u201cinfiltrados\u201d en conflictos\",\"datePublished\":\"2021-10-01T10:18:07+00:00\",\"mainEntityOfPage\":{\"@id\":\"https:\\\/\\\/www.eldiario.net\\\/portal\\\/2021\\\/10\\\/01\\\/confirman-presencia-de-infiltrados-en-conflictos\\\/\"},\"wordCount\":938,\"publisher\":{\"@id\":\"https:\\\/\\\/www.eldiario.net\\\/portal\\\/#organization\"},\"image\":{\"@id\":\"https:\\\/\\\/www.eldiario.net\\\/portal\\\/2021\\\/10\\\/01\\\/confirman-presencia-de-infiltrados-en-conflictos\\\/#primaryimage\"},\"thumbnailUrl\":\"https:\\\/\\\/www.eldiario.net\\\/portal\\\/wp-content\\\/uploads\\\/2021\\\/10\\\/COCA.jpg\",\"articleSection\":[\"Sociedad - Seguridad\"],\"inLanguage\":\"es\"},{\"@type\":\"WebPage\",\"@id\":\"https:\\\/\\\/www.eldiario.net\\\/portal\\\/2021\\\/10\\\/01\\\/confirman-presencia-de-infiltrados-en-conflictos\\\/\",\"url\":\"https:\\\/\\\/www.eldiario.net\\\/portal\\\/2021\\\/10\\\/01\\\/confirman-presencia-de-infiltrados-en-conflictos\\\/\",\"name\":\"Confirman presencia de \u201cinfiltrados\u201d en conflictos - El Diario - Bolivia\",\"isPartOf\":{\"@id\":\"https:\\\/\\\/www.eldiario.net\\\/portal\\\/#website\"},\"primaryImageOfPage\":{\"@id\":\"https:\\\/\\\/www.eldiario.net\\\/portal\\\/2021\\\/10\\\/01\\\/confirman-presencia-de-infiltrados-en-conflictos\\\/#primaryimage\"},\"image\":{\"@id\":\"https:\\\/\\\/www.eldiario.net\\\/portal\\\/2021\\\/10\\\/01\\\/confirman-presencia-de-infiltrados-en-conflictos\\\/#primaryimage\"},\"thumbnailUrl\":\"https:\\\/\\\/www.eldiario.net\\\/portal\\\/wp-content\\\/uploads\\\/2021\\\/10\\\/COCA.jpg\",\"datePublished\":\"2021-10-01T10:18:07+00:00\",\"breadcrumb\":{\"@id\":\"https:\\\/\\\/www.eldiario.net\\\/portal\\\/2021\\\/10\\\/01\\\/confirman-presencia-de-infiltrados-en-conflictos\\\/#breadcrumb\"},\"inLanguage\":\"es\",\"potentialAction\":[{\"@type\":\"ReadAction\",\"target\":[\"https:\\\/\\\/www.eldiario.net\\\/portal\\\/2021\\\/10\\\/01\\\/confirman-presencia-de-infiltrados-en-conflictos\\\/\"]}]},{\"@type\":\"ImageObject\",\"inLanguage\":\"es\",\"@id\":\"https:\\\/\\\/www.eldiario.net\\\/portal\\\/2021\\\/10\\\/01\\\/confirman-presencia-de-infiltrados-en-conflictos\\\/#primaryimage\",\"url\":\"https:\\\/\\\/www.eldiario.net\\\/portal\\\/wp-content\\\/uploads\\\/2021\\\/10\\\/COCA.jpg\",\"contentUrl\":\"https:\\\/\\\/www.eldiario.net\\\/portal\\\/wp-content\\\/uploads\\\/2021\\\/10\\\/COCA.jpg\",\"caption\":\"CONTINGENTE POLICIAL en resguardo de LA SEDE DE ADEPCOCA.\"},{\"@type\":\"BreadcrumbList\",\"@id\":\"https:\\\/\\\/www.eldiario.net\\\/portal\\\/2021\\\/10\\\/01\\\/confirman-presencia-de-infiltrados-en-conflictos\\\/#breadcrumb\",\"itemListElement\":[{\"@type\":\"ListItem\",\"position\":1,\"name\":\"Portada\",\"item\":\"https:\\\/\\\/www.eldiario.net\\\/portal\\\/\"},{\"@type\":\"ListItem\",\"position\":2,\"name\":\"Confirman presencia de \u201cinfiltrados\u201d en conflictos\"}]},{\"@type\":\"WebSite\",\"@id\":\"https:\\\/\\\/www.eldiario.net\\\/portal\\\/#website\",\"url\":\"https:\\\/\\\/www.eldiario.net\\\/portal\\\/\",\"name\":\"El Diario - Decano de la prensa nacional\",\"description\":\"El Diario - Decano de la prensa nacional\",\"publisher\":{\"@id\":\"https:\\\/\\\/www.eldiario.net\\\/portal\\\/#organization\"},\"potentialAction\":[{\"@type\":\"SearchAction\",\"target\":{\"@type\":\"EntryPoint\",\"urlTemplate\":\"https:\\\/\\\/www.eldiario.net\\\/portal\\\/?s={search_term_string}\"},\"query-input\":{\"@type\":\"PropertyValueSpecification\",\"valueRequired\":true,\"valueName\":\"search_term_string\"}}],\"inLanguage\":\"es\"},{\"@type\":\"Organization\",\"@id\":\"https:\\\/\\\/www.eldiario.net\\\/portal\\\/#organization\",\"name\":\"El Diario - Decano de la prensa nacional\",\"url\":\"https:\\\/\\\/www.eldiario.net\\\/portal\\\/\",\"logo\":{\"@type\":\"ImageObject\",\"inLanguage\":\"es\",\"@id\":\"https:\\\/\\\/www.eldiario.net\\\/portal\\\/#\\\/schema\\\/logo\\\/image\\\/\",\"url\":\"https:\\\/\\\/www.eldiario.net\\\/portal\\\/wp-content\\\/uploads\\\/2023\\\/07\\\/logo_ED.jpg\",\"contentUrl\":\"https:\\\/\\\/www.eldiario.net\\\/portal\\\/wp-content\\\/uploads\\\/2023\\\/07\\\/logo_ED.jpg\",\"width\":272,\"height\":52,\"caption\":\"El Diario - Decano de la prensa nacional\"},\"image\":{\"@id\":\"https:\\\/\\\/www.eldiario.net\\\/portal\\\/#\\\/schema\\\/logo\\\/image\\\/\"},\"sameAs\":[\"https:\\\/\\\/www.facebook.com\\\/eldiario.bolivia\\\/\",\"https:\\\/\\\/x.com\\\/eldiario_net\"]},{\"@type\":\"Person\",\"@id\":\"https:\\\/\\\/www.eldiario.net\\\/portal\\\/#\\\/schema\\\/person\\\/f46445640444750d7d753ccd04ae01b7\",\"name\":\"Jeanette\",\"image\":{\"@type\":\"ImageObject\",\"inLanguage\":\"es\",\"@id\":\"https:\\\/\\\/secure.gravatar.com\\\/avatar\\\/3ea2118a5f7dad2b7138b1187a6b7ee55f160b9968b66013c3a3ef39dd7e5798?s=96&d=mm&r=g\",\"url\":\"https:\\\/\\\/secure.gravatar.com\\\/avatar\\\/3ea2118a5f7dad2b7138b1187a6b7ee55f160b9968b66013c3a3ef39dd7e5798?s=96&d=mm&r=g\",\"contentUrl\":\"https:\\\/\\\/secure.gravatar.com\\\/avatar\\\/3ea2118a5f7dad2b7138b1187a6b7ee55f160b9968b66013c3a3ef39dd7e5798?s=96&d=mm&r=g\",\"caption\":\"Jeanette\"},\"sameAs\":[\"https:\\\/\\\/www.eldiario.net\\\/portal\"],\"url\":\"https:\\\/\\\/www.eldiario.net\\\/portal\\\/author\\\/jeanette\\\/\"}]}<\/script>\n<!-- \/ Yoast SEO plugin. -->","yoast_head_json":{"title":"Confirman presencia de \u201cinfiltrados\u201d en conflictos - El Diario - Bolivia","robots":{"index":"index","follow":"follow","max-snippet":"max-snippet:-1","max-image-preview":"max-image-preview:large","max-video-preview":"max-video-preview:-1"},"canonical":"https:\/\/www.eldiario.net\/portal\/2021\/10\/01\/confirman-presencia-de-infiltrados-en-conflictos\/","og_locale":"es_ES","og_type":"article","og_title":"Confirman presencia de \u201cinfiltrados\u201d en conflictos - El Diario - Bolivia","og_description":"Productores de coca de la facci\u00f3n de Arnold Alanes, que fue avalado por el Gobierno, llevan un sello que es reconocido por los efectivos policiales para liberarlos en caso de ser aprehendidos o arrestados, inform\u00f3 a EL DIARIO un funcionario del verde olivo que pidi\u00f3 reserva. El Ministro de Gobierno afirm\u00f3 que el conflicto cocalero, [&hellip;]","og_url":"https:\/\/www.eldiario.net\/portal\/2021\/10\/01\/confirman-presencia-de-infiltrados-en-conflictos\/","og_site_name":"El Diario - Bolivia","article_publisher":"https:\/\/www.facebook.com\/eldiario.bolivia\/","article_published_time":"2021-10-01T10:18:07+00:00","og_image":[{"url":"https:\/\/www.eldiario.net\/portal\/wp-content\/uploads\/2021\/10\/COCA.jpg","width":1,"height":1,"type":"image\/jpeg"}],"author":"Jeanette","twitter_card":"summary_large_image","twitter_creator":"@eldiario_net","twitter_site":"@eldiario_net","twitter_misc":{"Escrito por":"Jeanette","Tiempo de lectura":"5 minutos"},"schema":{"@context":"https:\/\/schema.org","@graph":[{"@type":"Article","@id":"https:\/\/www.eldiario.net\/portal\/2021\/10\/01\/confirman-presencia-de-infiltrados-en-conflictos\/#article","isPartOf":{"@id":"https:\/\/www.eldiario.net\/portal\/2021\/10\/01\/confirman-presencia-de-infiltrados-en-conflictos\/"},"author":{"name":"Jeanette","@id":"https:\/\/www.eldiario.net\/portal\/#\/schema\/person\/f46445640444750d7d753ccd04ae01b7"},"headline":"Confirman presencia de \u201cinfiltrados\u201d en conflictos","datePublished":"2021-10-01T10:18:07+00:00","mainEntityOfPage":{"@id":"https:\/\/www.eldiario.net\/portal\/2021\/10\/01\/confirman-presencia-de-infiltrados-en-conflictos\/"},"wordCount":938,"publisher":{"@id":"https:\/\/www.eldiario.net\/portal\/#organization"},"image":{"@id":"https:\/\/www.eldiario.net\/portal\/2021\/10\/01\/confirman-presencia-de-infiltrados-en-conflictos\/#primaryimage"},"thumbnailUrl":"https:\/\/www.eldiario.net\/portal\/wp-content\/uploads\/2021\/10\/COCA.jpg","articleSection":["Sociedad - Seguridad"],"inLanguage":"es"},{"@type":"WebPage","@id":"https:\/\/www.eldiario.net\/portal\/2021\/10\/01\/confirman-presencia-de-infiltrados-en-conflictos\/","url":"https:\/\/www.eldiario.net\/portal\/2021\/10\/01\/confirman-presencia-de-infiltrados-en-conflictos\/","name":"Confirman presencia de \u201cinfiltrados\u201d en conflictos - El Diario - Bolivia","isPartOf":{"@id":"https:\/\/www.eldiario.net\/portal\/#website"},"primaryImageOfPage":{"@id":"https:\/\/www.eldiario.net\/portal\/2021\/10\/01\/confirman-presencia-de-infiltrados-en-conflictos\/#primaryimage"},"image":{"@id":"https:\/\/www.eldiario.net\/portal\/2021\/10\/01\/confirman-presencia-de-infiltrados-en-conflictos\/#primaryimage"},"thumbnailUrl":"https:\/\/www.eldiario.net\/portal\/wp-content\/uploads\/2021\/10\/COCA.jpg","datePublished":"2021-10-01T10:18:07+00:00","breadcrumb":{"@id":"https:\/\/www.eldiario.net\/portal\/2021\/10\/01\/confirman-presencia-de-infiltrados-en-conflictos\/#breadcrumb"},"inLanguage":"es","potentialAction":[{"@type":"ReadAction","target":["https:\/\/www.eldiario.net\/portal\/2021\/10\/01\/confirman-presencia-de-infiltrados-en-conflictos\/"]}]},{"@type":"ImageObject","inLanguage":"es","@id":"https:\/\/www.eldiario.net\/portal\/2021\/10\/01\/confirman-presencia-de-infiltrados-en-conflictos\/#primaryimage","url":"https:\/\/www.eldiario.net\/portal\/wp-content\/uploads\/2021\/10\/COCA.jpg","contentUrl":"https:\/\/www.eldiario.net\/portal\/wp-content\/uploads\/2021\/10\/COCA.jpg","caption":"CONTINGENTE POLICIAL en resguardo de LA SEDE DE ADEPCOCA."},{"@type":"BreadcrumbList","@id":"https:\/\/www.eldiario.net\/portal\/2021\/10\/01\/confirman-presencia-de-infiltrados-en-conflictos\/#breadcrumb","itemListElement":[{"@type":"ListItem","position":1,"name":"Portada","item":"https:\/\/www.eldiario.net\/portal\/"},{"@type":"ListItem","position":2,"name":"Confirman presencia de \u201cinfiltrados\u201d en conflictos"}]},{"@type":"WebSite","@id":"https:\/\/www.eldiario.net\/portal\/#website","url":"https:\/\/www.eldiario.net\/portal\/","name":"El Diario - Decano de la prensa nacional","description":"El Diario - Decano de la prensa nacional","publisher":{"@id":"https:\/\/www.eldiario.net\/portal\/#organization"},"potentialAction":[{"@type":"SearchAction","target":{"@type":"EntryPoint","urlTemplate":"https:\/\/www.eldiario.net\/portal\/?s={search_term_string}"},"query-input":{"@type":"PropertyValueSpecification","valueRequired":true,"valueName":"search_term_string"}}],"inLanguage":"es"},{"@type":"Organization","@id":"https:\/\/www.eldiario.net\/portal\/#organization","name":"El Diario - Decano de la prensa nacional","url":"https:\/\/www.eldiario.net\/portal\/","logo":{"@type":"ImageObject","inLanguage":"es","@id":"https:\/\/www.eldiario.net\/portal\/#\/schema\/logo\/image\/","url":"https:\/\/www.eldiario.net\/portal\/wp-content\/uploads\/2023\/07\/logo_ED.jpg","contentUrl":"https:\/\/www.eldiario.net\/portal\/wp-content\/uploads\/2023\/07\/logo_ED.jpg","width":272,"height":52,"caption":"El Diario - Decano de la prensa nacional"},"image":{"@id":"https:\/\/www.eldiario.net\/portal\/#\/schema\/logo\/image\/"},"sameAs":["https:\/\/www.facebook.com\/eldiario.bolivia\/","https:\/\/x.com\/eldiario_net"]},{"@type":"Person","@id":"https:\/\/www.eldiario.net\/portal\/#\/schema\/person\/f46445640444750d7d753ccd04ae01b7","name":"Jeanette","image":{"@type":"ImageObject","inLanguage":"es","@id":"https:\/\/secure.gravatar.com\/avatar\/3ea2118a5f7dad2b7138b1187a6b7ee55f160b9968b66013c3a3ef39dd7e5798?s=96&d=mm&r=g","url":"https:\/\/secure.gravatar.com\/avatar\/3ea2118a5f7dad2b7138b1187a6b7ee55f160b9968b66013c3a3ef39dd7e5798?s=96&d=mm&r=g","contentUrl":"https:\/\/secure.gravatar.com\/avatar\/3ea2118a5f7dad2b7138b1187a6b7ee55f160b9968b66013c3a3ef39dd7e5798?s=96&d=mm&r=g","caption":"Jeanette"},"sameAs":["https:\/\/www.eldiario.net\/portal"],"url":"https:\/\/www.eldiario.net\/portal\/author\/jeanette\/"}]}},"_links":{"self":[{"href":"https:\/\/www.eldiario.net\/portal\/wp-json\/wp\/v2\/posts\/33535","targetHints":{"allow":["GET"]}}],"collection":[{"href":"https:\/\/www.eldiario.net\/portal\/wp-json\/wp\/v2\/posts"}],"about":[{"href":"https:\/\/www.eldiario.net\/portal\/wp-json\/wp\/v2\/types\/post"}],"author":[{"embeddable":true,"href":"https:\/\/www.eldiario.net\/portal\/wp-json\/wp\/v2\/users\/1"}],"replies":[{"embeddable":true,"href":"https:\/\/www.eldiario.net\/portal\/wp-json\/wp\/v2\/comments?post=33535"}],"version-history":[{"count":0,"href":"https:\/\/www.eldiario.net\/portal\/wp-json\/wp\/v2\/posts\/33535\/revisions"}],"wp:featuredmedia":[{"embeddable":true,"href":"https:\/\/www.eldiario.net\/portal\/wp-json\/wp\/v2\/media\/33536"}],"wp:attachment":[{"href":"https:\/\/www.eldiario.net\/portal\/wp-json\/wp\/v2\/media?parent=33535"}],"wp:term":[{"taxonomy":"category","embeddable":true,"href":"https:\/\/www.eldiario.net\/portal\/wp-json\/wp\/v2\/categories?post=33535"},{"taxonomy":"post_tag","embeddable":true,"href":"https:\/\/www.eldiario.net\/portal\/wp-json\/wp\/v2\/tags?post=33535"}],"curies":[{"name":"wp","href":"https:\/\/api.w.org\/{rel}","templated":true}]}}