{"id":33533,"date":"2021-10-01T06:16:47","date_gmt":"2021-10-01T10:16:47","guid":{"rendered":"https:\/\/www.eldiario.net\/portal\/?p=33533"},"modified":"2021-10-01T06:16:47","modified_gmt":"2021-10-01T10:16:47","slug":"adepcoca-anuncia-asamblea-para-el-lunes","status":"publish","type":"post","link":"https:\/\/www.eldiario.net\/portal\/2021\/10\/01\/adepcoca-anuncia-asamblea-para-el-lunes\/","title":{"rendered":"Adepcoca anuncia  asamblea para el lunes"},"content":{"rendered":"<p>El Comit\u00e9 de Autodefensa de la Asociaci\u00f3n Departamental de Productores de Coca (Adepcoca) convoca a una asamblea general de los socios, el 4 de octubre, para que se elija al comit\u00e9 electoral y llame a una elecci\u00f3n de la directiva.<br \/>\n\u201cEl d\u00eda 4 de octubre, estamos convocando a una gran asamblea al 100 % de los socios de los Yungas de La Paz, a este mismo punto de concentraci\u00f3n que es la calle 10 (de Villa F\u00e1tima). Todos nuestros socios de los Yungas deben salir para que puedan decidir su comit\u00e9 electoral. Todos hemos decidido ello para dar viabilidad y tambi\u00e9n estabilidad a la instituci\u00f3n\u201d, se\u00f1al\u00f3 uno de los integrantes del Comit\u00e9.<br \/>\nAsimismo, afirm\u00f3 que las movilizaciones de los cocaleros continuar\u00e1n para recuperar las oficinas de Adepcoca que, hace una semana, fue tomada por otro grupo de cocaleros que proclam\u00f3 a Arnold Alanes como el nuevo m\u00e1ximo dirigente de la organizaci\u00f3n.<br \/>\n\u201cLa movilizaci\u00f3n a\u00fan contin\u00faa como el primer d\u00eda. Cada d\u00eda van llegando nuevas personas\u201d, indic\u00f3 el dirigente.<br \/>\nPor su parte, Alanes y su directiva tambi\u00e9n llamaron a una asamblea para definir la misi\u00f3n y visi\u00f3n de la instituci\u00f3n, la cual se llevar\u00e1 el 4 de septiembre en las oficinas de Adepcoca.<br \/>\nSeg\u00fan el documento redactado por el Comit\u00e9, se establecieron dos puntos que se\u00f1ala:<br \/>\n\u201cEl Comit\u00e9 Electoral deber\u00e1 llamar a la elecci\u00f3n en un lapso de 10 d\u00edas\u201d y \u201clas regionales durante los diez se har\u00e1n cargo y responsables de sus respectivas socios la administraci\u00f3n hasta la conformaci\u00f3n de un nuevo Directorio de Adepcoca\u201d.<br \/>\nEl documento fue redactado por las 17 regionales de los Yungas, la Cofecay Varones y Mujeres, con sus diez Federaciones Varones y Mujeres, en coordinaci\u00f3n con el Comit\u00e9 de Autodefensa, de las tres provincias.<br \/>\nLos conflictos por Adepcoca no cesaron en una semana y media y la jornada del mi\u00e9rcoles se extendi\u00f3 hasta altas horas de la noche. (Br\u00fajula Digital)<\/p>\n","protected":false},"excerpt":{"rendered":"<p>El Comit\u00e9 de Autodefensa de la Asociaci\u00f3n Departamental de Productores de Coca (Adepcoca) convoca a una asamblea general de los socios, el 4 de octubre, para que se elija al comit\u00e9 electoral y llame a una elecci\u00f3n de la directiva. \u201cEl d\u00eda 4 de octubre, estamos convocando a una gran asamblea al 100 % de [&hellip;]<\/p>\n","protected":false},"author":1,"featured_media":33531,"comment_status":"closed","ping_status":"closed","sticky":false,"template":"","format":"standard","meta":{"_acf_changed":false,"footnotes":""},"categories":[39],"tags":[],"class_list":["post-33533","post","type-post","status-publish","format-standard","has-post-thumbnail","category-sociedad"],"acf":{"antetitulo":""},"yoast_head":"<!-- This site is optimized with the Yoast SEO plugin v28.3 - https:\/\/yoast.com\/product\/yoast-seo-wordpress\/ -->\n<title>Adepcoca anuncia asamblea para el lunes - El Diario - Bolivia<\/title>\n<meta name=\"robots\" content=\"index, follow, max-snippet:-1, max-image-preview:large, max-video-preview:-1\" \/>\n<link rel=\"canonical\" href=\"https:\/\/www.eldiario.net\/portal\/2021\/10\/01\/adepcoca-anuncia-asamblea-para-el-lunes\/\" \/>\n<meta property=\"og:locale\" content=\"es_ES\" \/>\n<meta property=\"og:type\" content=\"article\" \/>\n<meta property=\"og:title\" content=\"Adepcoca anuncia asamblea para el lunes - El Diario - Bolivia\" \/>\n<meta property=\"og:description\" content=\"El Comit\u00e9 de Autodefensa de la Asociaci\u00f3n Departamental de Productores de Coca (Adepcoca) convoca a una asamblea general de los socios, el 4 de octubre, para que se elija al comit\u00e9 electoral y llame a una elecci\u00f3n de la directiva. \u201cEl d\u00eda 4 de octubre, estamos convocando a una gran asamblea al 100 % de [&hellip;]\" \/>\n<meta property=\"og:url\" content=\"https:\/\/www.eldiario.net\/portal\/2021\/10\/01\/adepcoca-anuncia-asamblea-para-el-lunes\/\" \/>\n<meta property=\"og:site_name\" content=\"El Diario - Bolivia\" \/>\n<meta property=\"article:publisher\" content=\"https:\/\/www.facebook.com\/eldiario.bolivia\/\" \/>\n<meta property=\"article:published_time\" content=\"2021-10-01T10:16:47+00:00\" \/>\n<meta name=\"author\" content=\"Jeanette\" \/>\n<meta name=\"twitter:card\" content=\"summary_large_image\" \/>\n<meta name=\"twitter:creator\" content=\"@eldiario_net\" \/>\n<meta name=\"twitter:site\" content=\"@eldiario_net\" \/>\n<meta name=\"twitter:label1\" content=\"Escrito por\" \/>\n\t<meta name=\"twitter:data1\" content=\"Jeanette\" \/>\n\t<meta name=\"twitter:label2\" content=\"Tiempo de lectura\" \/>\n\t<meta name=\"twitter:data2\" content=\"2 minutos\" \/>\n<script type=\"application\/ld+json\" class=\"yoast-schema-graph\">{\"@context\":\"https:\\\/\\\/schema.org\",\"@graph\":[{\"@type\":\"Article\",\"@id\":\"https:\\\/\\\/www.eldiario.net\\\/portal\\\/2021\\\/10\\\/01\\\/adepcoca-anuncia-asamblea-para-el-lunes\\\/#article\",\"isPartOf\":{\"@id\":\"https:\\\/\\\/www.eldiario.net\\\/portal\\\/2021\\\/10\\\/01\\\/adepcoca-anuncia-asamblea-para-el-lunes\\\/\"},\"author\":{\"name\":\"Jeanette\",\"@id\":\"https:\\\/\\\/www.eldiario.net\\\/portal\\\/#\\\/schema\\\/person\\\/f46445640444750d7d753ccd04ae01b7\"},\"headline\":\"Adepcoca anuncia asamblea para el lunes\",\"datePublished\":\"2021-10-01T10:16:47+00:00\",\"mainEntityOfPage\":{\"@id\":\"https:\\\/\\\/www.eldiario.net\\\/portal\\\/2021\\\/10\\\/01\\\/adepcoca-anuncia-asamblea-para-el-lunes\\\/\"},\"wordCount\":343,\"publisher\":{\"@id\":\"https:\\\/\\\/www.eldiario.net\\\/portal\\\/#organization\"},\"image\":{\"@id\":\"https:\\\/\\\/www.eldiario.net\\\/portal\\\/2021\\\/10\\\/01\\\/adepcoca-anuncia-asamblea-para-el-lunes\\\/#primaryimage\"},\"thumbnailUrl\":\"\",\"articleSection\":[\"Sociedad - Seguridad\"],\"inLanguage\":\"es\"},{\"@type\":\"WebPage\",\"@id\":\"https:\\\/\\\/www.eldiario.net\\\/portal\\\/2021\\\/10\\\/01\\\/adepcoca-anuncia-asamblea-para-el-lunes\\\/\",\"url\":\"https:\\\/\\\/www.eldiario.net\\\/portal\\\/2021\\\/10\\\/01\\\/adepcoca-anuncia-asamblea-para-el-lunes\\\/\",\"name\":\"Adepcoca anuncia asamblea para el lunes - El Diario - Bolivia\",\"isPartOf\":{\"@id\":\"https:\\\/\\\/www.eldiario.net\\\/portal\\\/#website\"},\"primaryImageOfPage\":{\"@id\":\"https:\\\/\\\/www.eldiario.net\\\/portal\\\/2021\\\/10\\\/01\\\/adepcoca-anuncia-asamblea-para-el-lunes\\\/#primaryimage\"},\"image\":{\"@id\":\"https:\\\/\\\/www.eldiario.net\\\/portal\\\/2021\\\/10\\\/01\\\/adepcoca-anuncia-asamblea-para-el-lunes\\\/#primaryimage\"},\"thumbnailUrl\":\"\",\"datePublished\":\"2021-10-01T10:16:47+00:00\",\"breadcrumb\":{\"@id\":\"https:\\\/\\\/www.eldiario.net\\\/portal\\\/2021\\\/10\\\/01\\\/adepcoca-anuncia-asamblea-para-el-lunes\\\/#breadcrumb\"},\"inLanguage\":\"es\",\"potentialAction\":[{\"@type\":\"ReadAction\",\"target\":[\"https:\\\/\\\/www.eldiario.net\\\/portal\\\/2021\\\/10\\\/01\\\/adepcoca-anuncia-asamblea-para-el-lunes\\\/\"]}]},{\"@type\":\"ImageObject\",\"inLanguage\":\"es\",\"@id\":\"https:\\\/\\\/www.eldiario.net\\\/portal\\\/2021\\\/10\\\/01\\\/adepcoca-anuncia-asamblea-para-el-lunes\\\/#primaryimage\",\"url\":\"\",\"contentUrl\":\"\"},{\"@type\":\"BreadcrumbList\",\"@id\":\"https:\\\/\\\/www.eldiario.net\\\/portal\\\/2021\\\/10\\\/01\\\/adepcoca-anuncia-asamblea-para-el-lunes\\\/#breadcrumb\",\"itemListElement\":[{\"@type\":\"ListItem\",\"position\":1,\"name\":\"Portada\",\"item\":\"https:\\\/\\\/www.eldiario.net\\\/portal\\\/\"},{\"@type\":\"ListItem\",\"position\":2,\"name\":\"Adepcoca anuncia asamblea para el lunes\"}]},{\"@type\":\"WebSite\",\"@id\":\"https:\\\/\\\/www.eldiario.net\\\/portal\\\/#website\",\"url\":\"https:\\\/\\\/www.eldiario.net\\\/portal\\\/\",\"name\":\"El Diario - Decano de la prensa nacional\",\"description\":\"El Diario - Decano de la prensa nacional\",\"publisher\":{\"@id\":\"https:\\\/\\\/www.eldiario.net\\\/portal\\\/#organization\"},\"potentialAction\":[{\"@type\":\"SearchAction\",\"target\":{\"@type\":\"EntryPoint\",\"urlTemplate\":\"https:\\\/\\\/www.eldiario.net\\\/portal\\\/?s={search_term_string}\"},\"query-input\":{\"@type\":\"PropertyValueSpecification\",\"valueRequired\":true,\"valueName\":\"search_term_string\"}}],\"inLanguage\":\"es\"},{\"@type\":\"Organization\",\"@id\":\"https:\\\/\\\/www.eldiario.net\\\/portal\\\/#organization\",\"name\":\"El Diario - Decano de la prensa nacional\",\"url\":\"https:\\\/\\\/www.eldiario.net\\\/portal\\\/\",\"logo\":{\"@type\":\"ImageObject\",\"inLanguage\":\"es\",\"@id\":\"https:\\\/\\\/www.eldiario.net\\\/portal\\\/#\\\/schema\\\/logo\\\/image\\\/\",\"url\":\"https:\\\/\\\/www.eldiario.net\\\/portal\\\/wp-content\\\/uploads\\\/2023\\\/07\\\/logo_ED.jpg\",\"contentUrl\":\"https:\\\/\\\/www.eldiario.net\\\/portal\\\/wp-content\\\/uploads\\\/2023\\\/07\\\/logo_ED.jpg\",\"width\":272,\"height\":52,\"caption\":\"El Diario - Decano de la prensa nacional\"},\"image\":{\"@id\":\"https:\\\/\\\/www.eldiario.net\\\/portal\\\/#\\\/schema\\\/logo\\\/image\\\/\"},\"sameAs\":[\"https:\\\/\\\/www.facebook.com\\\/eldiario.bolivia\\\/\",\"https:\\\/\\\/x.com\\\/eldiario_net\"]},{\"@type\":\"Person\",\"@id\":\"https:\\\/\\\/www.eldiario.net\\\/portal\\\/#\\\/schema\\\/person\\\/f46445640444750d7d753ccd04ae01b7\",\"name\":\"Jeanette\",\"image\":{\"@type\":\"ImageObject\",\"inLanguage\":\"es\",\"@id\":\"https:\\\/\\\/secure.gravatar.com\\\/avatar\\\/3ea2118a5f7dad2b7138b1187a6b7ee55f160b9968b66013c3a3ef39dd7e5798?s=96&d=mm&r=g\",\"url\":\"https:\\\/\\\/secure.gravatar.com\\\/avatar\\\/3ea2118a5f7dad2b7138b1187a6b7ee55f160b9968b66013c3a3ef39dd7e5798?s=96&d=mm&r=g\",\"contentUrl\":\"https:\\\/\\\/secure.gravatar.com\\\/avatar\\\/3ea2118a5f7dad2b7138b1187a6b7ee55f160b9968b66013c3a3ef39dd7e5798?s=96&d=mm&r=g\",\"caption\":\"Jeanette\"},\"sameAs\":[\"https:\\\/\\\/www.eldiario.net\\\/portal\"],\"url\":\"https:\\\/\\\/www.eldiario.net\\\/portal\\\/author\\\/jeanette\\\/\"}]}<\/script>\n<!-- \/ Yoast SEO plugin. -->","yoast_head_json":{"title":"Adepcoca anuncia asamblea para el lunes - El Diario - Bolivia","robots":{"index":"index","follow":"follow","max-snippet":"max-snippet:-1","max-image-preview":"max-image-preview:large","max-video-preview":"max-video-preview:-1"},"canonical":"https:\/\/www.eldiario.net\/portal\/2021\/10\/01\/adepcoca-anuncia-asamblea-para-el-lunes\/","og_locale":"es_ES","og_type":"article","og_title":"Adepcoca anuncia asamblea para el lunes - El Diario - Bolivia","og_description":"El Comit\u00e9 de Autodefensa de la Asociaci\u00f3n Departamental de Productores de Coca (Adepcoca) convoca a una asamblea general de los socios, el 4 de octubre, para que se elija al comit\u00e9 electoral y llame a una elecci\u00f3n de la directiva. \u201cEl d\u00eda 4 de octubre, estamos convocando a una gran asamblea al 100 % de [&hellip;]","og_url":"https:\/\/www.eldiario.net\/portal\/2021\/10\/01\/adepcoca-anuncia-asamblea-para-el-lunes\/","og_site_name":"El Diario - Bolivia","article_publisher":"https:\/\/www.facebook.com\/eldiario.bolivia\/","article_published_time":"2021-10-01T10:16:47+00:00","author":"Jeanette","twitter_card":"summary_large_image","twitter_creator":"@eldiario_net","twitter_site":"@eldiario_net","twitter_misc":{"Escrito por":"Jeanette","Tiempo de lectura":"2 minutos"},"schema":{"@context":"https:\/\/schema.org","@graph":[{"@type":"Article","@id":"https:\/\/www.eldiario.net\/portal\/2021\/10\/01\/adepcoca-anuncia-asamblea-para-el-lunes\/#article","isPartOf":{"@id":"https:\/\/www.eldiario.net\/portal\/2021\/10\/01\/adepcoca-anuncia-asamblea-para-el-lunes\/"},"author":{"name":"Jeanette","@id":"https:\/\/www.eldiario.net\/portal\/#\/schema\/person\/f46445640444750d7d753ccd04ae01b7"},"headline":"Adepcoca anuncia asamblea para el lunes","datePublished":"2021-10-01T10:16:47+00:00","mainEntityOfPage":{"@id":"https:\/\/www.eldiario.net\/portal\/2021\/10\/01\/adepcoca-anuncia-asamblea-para-el-lunes\/"},"wordCount":343,"publisher":{"@id":"https:\/\/www.eldiario.net\/portal\/#organization"},"image":{"@id":"https:\/\/www.eldiario.net\/portal\/2021\/10\/01\/adepcoca-anuncia-asamblea-para-el-lunes\/#primaryimage"},"thumbnailUrl":"","articleSection":["Sociedad - Seguridad"],"inLanguage":"es"},{"@type":"WebPage","@id":"https:\/\/www.eldiario.net\/portal\/2021\/10\/01\/adepcoca-anuncia-asamblea-para-el-lunes\/","url":"https:\/\/www.eldiario.net\/portal\/2021\/10\/01\/adepcoca-anuncia-asamblea-para-el-lunes\/","name":"Adepcoca anuncia asamblea para el lunes - El Diario - Bolivia","isPartOf":{"@id":"https:\/\/www.eldiario.net\/portal\/#website"},"primaryImageOfPage":{"@id":"https:\/\/www.eldiario.net\/portal\/2021\/10\/01\/adepcoca-anuncia-asamblea-para-el-lunes\/#primaryimage"},"image":{"@id":"https:\/\/www.eldiario.net\/portal\/2021\/10\/01\/adepcoca-anuncia-asamblea-para-el-lunes\/#primaryimage"},"thumbnailUrl":"","datePublished":"2021-10-01T10:16:47+00:00","breadcrumb":{"@id":"https:\/\/www.eldiario.net\/portal\/2021\/10\/01\/adepcoca-anuncia-asamblea-para-el-lunes\/#breadcrumb"},"inLanguage":"es","potentialAction":[{"@type":"ReadAction","target":["https:\/\/www.eldiario.net\/portal\/2021\/10\/01\/adepcoca-anuncia-asamblea-para-el-lunes\/"]}]},{"@type":"ImageObject","inLanguage":"es","@id":"https:\/\/www.eldiario.net\/portal\/2021\/10\/01\/adepcoca-anuncia-asamblea-para-el-lunes\/#primaryimage","url":"","contentUrl":""},{"@type":"BreadcrumbList","@id":"https:\/\/www.eldiario.net\/portal\/2021\/10\/01\/adepcoca-anuncia-asamblea-para-el-lunes\/#breadcrumb","itemListElement":[{"@type":"ListItem","position":1,"name":"Portada","item":"https:\/\/www.eldiario.net\/portal\/"},{"@type":"ListItem","position":2,"name":"Adepcoca anuncia asamblea para el lunes"}]},{"@type":"WebSite","@id":"https:\/\/www.eldiario.net\/portal\/#website","url":"https:\/\/www.eldiario.net\/portal\/","name":"El Diario - Decano de la prensa nacional","description":"El Diario - Decano de la prensa nacional","publisher":{"@id":"https:\/\/www.eldiario.net\/portal\/#organization"},"potentialAction":[{"@type":"SearchAction","target":{"@type":"EntryPoint","urlTemplate":"https:\/\/www.eldiario.net\/portal\/?s={search_term_string}"},"query-input":{"@type":"PropertyValueSpecification","valueRequired":true,"valueName":"search_term_string"}}],"inLanguage":"es"},{"@type":"Organization","@id":"https:\/\/www.eldiario.net\/portal\/#organization","name":"El Diario - Decano de la prensa nacional","url":"https:\/\/www.eldiario.net\/portal\/","logo":{"@type":"ImageObject","inLanguage":"es","@id":"https:\/\/www.eldiario.net\/portal\/#\/schema\/logo\/image\/","url":"https:\/\/www.eldiario.net\/portal\/wp-content\/uploads\/2023\/07\/logo_ED.jpg","contentUrl":"https:\/\/www.eldiario.net\/portal\/wp-content\/uploads\/2023\/07\/logo_ED.jpg","width":272,"height":52,"caption":"El Diario - Decano de la prensa nacional"},"image":{"@id":"https:\/\/www.eldiario.net\/portal\/#\/schema\/logo\/image\/"},"sameAs":["https:\/\/www.facebook.com\/eldiario.bolivia\/","https:\/\/x.com\/eldiario_net"]},{"@type":"Person","@id":"https:\/\/www.eldiario.net\/portal\/#\/schema\/person\/f46445640444750d7d753ccd04ae01b7","name":"Jeanette","image":{"@type":"ImageObject","inLanguage":"es","@id":"https:\/\/secure.gravatar.com\/avatar\/3ea2118a5f7dad2b7138b1187a6b7ee55f160b9968b66013c3a3ef39dd7e5798?s=96&d=mm&r=g","url":"https:\/\/secure.gravatar.com\/avatar\/3ea2118a5f7dad2b7138b1187a6b7ee55f160b9968b66013c3a3ef39dd7e5798?s=96&d=mm&r=g","contentUrl":"https:\/\/secure.gravatar.com\/avatar\/3ea2118a5f7dad2b7138b1187a6b7ee55f160b9968b66013c3a3ef39dd7e5798?s=96&d=mm&r=g","caption":"Jeanette"},"sameAs":["https:\/\/www.eldiario.net\/portal"],"url":"https:\/\/www.eldiario.net\/portal\/author\/jeanette\/"}]}},"_links":{"self":[{"href":"https:\/\/www.eldiario.net\/portal\/wp-json\/wp\/v2\/posts\/33533","targetHints":{"allow":["GET"]}}],"collection":[{"href":"https:\/\/www.eldiario.net\/portal\/wp-json\/wp\/v2\/posts"}],"about":[{"href":"https:\/\/www.eldiario.net\/portal\/wp-json\/wp\/v2\/types\/post"}],"author":[{"embeddable":true,"href":"https:\/\/www.eldiario.net\/portal\/wp-json\/wp\/v2\/users\/1"}],"replies":[{"embeddable":true,"href":"https:\/\/www.eldiario.net\/portal\/wp-json\/wp\/v2\/comments?post=33533"}],"version-history":[{"count":0,"href":"https:\/\/www.eldiario.net\/portal\/wp-json\/wp\/v2\/posts\/33533\/revisions"}],"wp:attachment":[{"href":"https:\/\/www.eldiario.net\/portal\/wp-json\/wp\/v2\/media?parent=33533"}],"wp:term":[{"taxonomy":"category","embeddable":true,"href":"https:\/\/www.eldiario.net\/portal\/wp-json\/wp\/v2\/categories?post=33533"},{"taxonomy":"post_tag","embeddable":true,"href":"https:\/\/www.eldiario.net\/portal\/wp-json\/wp\/v2\/tags?post=33533"}],"curies":[{"name":"wp","href":"https:\/\/api.w.org\/{rel}","templated":true}]}}